{"id":24457,"date":"2024-04-20T06:58:02","date_gmt":"2024-04-20T06:58:02","guid":{"rendered":"https:\/\/www.asesoriaorihuelacosta.com\/?p=24457"},"modified":"2024-04-24T00:23:07","modified_gmt":"2024-04-24T00:23:07","slug":"quil-ne-revoque-pas-le-nif-de-votre-entreprise","status":"publish","type":"post","link":"https:\/\/www.asesoriaorihuelacosta.com\/fr\/quil-ne-revoque-pas-le-nif-de-votre-entreprise\/","title":{"rendered":"QU&rsquo;IL NE R\u00c9VOQUE PAS LE NIF DE VOTRE ENTREPRISE !"},"content":{"rendered":"\t\t<div data-elementor-type=\"wp-post\" data-elementor-id=\"24457\" class=\"elementor elementor-24457\" data-elementor-post-type=\"post\">\n\t\t\t\t\t\t<section data-particle_enable=\"false\" data-particle-mobile-disabled=\"false\" class=\"elementor-section elementor-top-section elementor-element elementor-element-335115e elementor-section-boxed elementor-section-height-default elementor-section-height-default\" data-id=\"335115e\" data-element_type=\"section\" data-e-type=\"section\">\r\n\t\t\r\n\t\t\t\t\t\t\t<div class=\"elementor-container elementor-column-gap-default\">\r\n\t\t\t\t\t\t\t\t\t\t\t<div class=\"elementor-column elementor-col-100 elementor-top-column elementor-element elementor-element-222c855\" data-id=\"222c855\" data-element_type=\"column\" data-e-type=\"column\">\r\n\t\t\t\t\t<div class=\"elementor-widget-wrap elementor-element-populated\">\r\n\t\t\t\t\t\t\t\t<div class=\"elementor-element elementor-element-f08121a elementor-widget elementor-widget-text-editor\" data-id=\"f08121a\" data-element_type=\"widget\" data-e-type=\"widget\" data-widget_type=\"text-editor.default\">\n\t\t\t\t<div class=\"elementor-widget-container\">\n\t\t\t\t\t\t\t\t\t<p>Dans cet article r\u00e9alis\u00e9 par une personne et non par gpt chat nous verrons les cons\u00e9quences et comment r\u00e9soudre la r\u00e9vocation du NIF de votre entreprise par le bureau de taxe espagnole l&rsquo;Aeat.<\/p><p>M\u00eame si votre entreprise a peu ou pas d&rsquo;activit\u00e9, respectez vos obligations fiscales et commerciales et essayez de ne pas tomber dans l&rsquo;une des situations dans lesquelles l&rsquo;administration fiscale peut r\u00e9voquer votre num\u00e9ro d&rsquo;identit\u00e9 fiscal ou num\u00e9ro de Tva (NIF).<\/p>\t\t\t\t\t\t\t\t<\/div>\n\t\t\t\t<\/div>\n\t\t\t\t\t<\/div>\r\n\t\t\t\t<\/div>\r\n\t\t\t\t\t<\/div>\r\n\t\t\t\t<\/section>\r\n\t\t\t\t<section data-particle_enable=\"false\" data-particle-mobile-disabled=\"false\" class=\"elementor-section elementor-top-section elementor-element elementor-element-319b729 elementor-section-boxed elementor-section-height-default elementor-section-height-default\" data-id=\"319b729\" data-element_type=\"section\" data-e-type=\"section\">\r\n\t\t\r\n\t\t\t\t\t\t\t<div class=\"elementor-container elementor-column-gap-default\">\r\n\t\t\t\t\t\t\t\t\t\t\t<div class=\"elementor-column elementor-col-100 elementor-top-column elementor-element elementor-element-e875b73\" data-id=\"e875b73\" data-element_type=\"column\" data-e-type=\"column\">\r\n\t\t\t\t\t<div class=\"elementor-widget-wrap elementor-element-populated\">\r\n\t\t\t\t\t\t\t\t<div class=\"elementor-element elementor-element-22b120b elementor-widget elementor-widget-heading\" data-id=\"22b120b\" data-element_type=\"widget\" data-e-type=\"widget\" data-widget_type=\"heading.default\">\n\t\t\t\t<div class=\"elementor-widget-container\">\n\t\t\t\t\t<h2 class=\"elementor-heading-title elementor-size-default\">R\u00e9vocation du NIF<\/h2>\t\t\t\t<\/div>\n\t\t\t\t<\/div>\n\t\t\t\t\t<\/div>\r\n\t\t\t\t<\/div>\r\n\t\t\t\t\t<\/div>\r\n\t\t\t\t<\/section>\r\n\t\t\t\t<section data-particle_enable=\"false\" data-particle-mobile-disabled=\"false\" class=\"elementor-section elementor-top-section elementor-element elementor-element-92630e0 elementor-section-boxed elementor-section-height-default elementor-section-height-default\" data-id=\"92630e0\" data-element_type=\"section\" data-e-type=\"section\">\r\n\t\t\r\n\t\t\t\t\t\t\t<div class=\"elementor-container elementor-column-gap-default\">\r\n\t\t\t\t\t\t\t\t\t\t\t<div class=\"elementor-column elementor-col-100 elementor-top-column elementor-element elementor-element-9db94c6\" data-id=\"9db94c6\" data-element_type=\"column\" data-e-type=\"column\">\r\n\t\t\t\t\t<div class=\"elementor-widget-wrap elementor-element-populated\">\r\n\t\t\t\t\t\t\t\t<div class=\"elementor-element elementor-element-7c146f9 elementor-widget elementor-widget-image\" data-id=\"7c146f9\" data-element_type=\"widget\" data-e-type=\"widget\" data-widget_type=\"image.default\">\n\t\t\t\t<div class=\"elementor-widget-container\">\n\t\t\t\t\t\t\t\t\t\t\t\t\t\t\t<img loading=\"lazy\" decoding=\"async\" width=\"640\" height=\"360\" src=\"https:\/\/www.asesoriaorihuelacosta.com\/wp-content\/uploads\/2024\/04\/Revocacion-del-NIF-.jpeg\" class=\"attachment-large size-large wp-image-24166\" alt=\"Revocaci\u00f3n del NIF\" srcset=\"https:\/\/www.asesoriaorihuelacosta.com\/wp-content\/uploads\/2024\/04\/Revocacion-del-NIF-.jpeg 640w, https:\/\/www.asesoriaorihuelacosta.com\/wp-content\/uploads\/2024\/04\/Revocacion-del-NIF--400x225.jpeg 400w\" sizes=\"auto, (max-width: 640px) 100vw, 640px\" \/>\t\t\t\t\t\t\t\t\t\t\t\t\t\t\t<\/div>\n\t\t\t\t<\/div>\n\t\t\t\t\t<\/div>\r\n\t\t\t\t<\/div>\r\n\t\t\t\t\t<\/div>\r\n\t\t\t\t<\/section>\r\n\t\t\t\t<section data-particle_enable=\"false\" data-particle-mobile-disabled=\"false\" class=\"elementor-section elementor-top-section elementor-element elementor-element-e5dbc39 elementor-section-boxed elementor-section-height-default elementor-section-height-default\" data-id=\"e5dbc39\" data-element_type=\"section\" data-e-type=\"section\">\r\n\t\t\r\n\t\t\t\t\t\t\t<div class=\"elementor-container elementor-column-gap-default\">\r\n\t\t\t\t\t\t\t\t\t\t\t<div class=\"elementor-column elementor-col-100 elementor-top-column elementor-element elementor-element-1b94ebd\" data-id=\"1b94ebd\" data-element_type=\"column\" data-e-type=\"column\">\r\n\t\t\t\t\t<div class=\"elementor-widget-wrap elementor-element-populated\">\r\n\t\t\t\t\t\t\t\t<div class=\"elementor-element elementor-element-861dc53 elementor-widget elementor-widget-text-editor\" data-id=\"861dc53\" data-element_type=\"widget\" data-e-type=\"widget\" data-widget_type=\"text-editor.default\">\n\t\t\t\t<div class=\"elementor-widget-container\">\n\t\t\t\t\t\t\t\t\t<p>Les autorit\u00e9s fiscales ont identifi\u00e9 les soci\u00e9t\u00e9s dormantes ou les soci\u00e9t\u00e9s ayant peu ou pas d&rsquo;activit\u00e9 comme un groupe \u00e0 risque qu&rsquo;elles souhaitent contr\u00f4ler.<\/p><p>Toutefois, pour <a href=\"https:\/\/sede.agenciatributaria.gob.es\/Sede\/procedimientoini\/GZ76.shtml\" target=\"_blank\" rel=\"noopener\">r\u00e9voquer efficacement le NIF d&rsquo;une entrepris<\/a>e, il faut d&rsquo;abord distinguer les entreprises \u00ab\u00a0\u00e0 risque\u00a0\u00bb de celles qui sont abandonn\u00e9es et doivent \u00eatre radi\u00e9es.<\/p><h3>Entreprises abandonn\u00e9es<\/h3><p>Afin de \u00ab\u00a0s\u00e9parer le bon grain de l&rsquo;ivraie\u00a0\u00bb, l&rsquo;administration fiscale m\u00e8ne r\u00e9guli\u00e8rement des campagnes pour identifier ces entreprises \u00ab\u00a0abandonn\u00e9es\u00a0\u00bb, r\u00e9voquer leur NIF et fermer leur page au registre du commerce.<\/p><p>Ainsi, en emp\u00eachant ces soci\u00e9t\u00e9s de r\u00e9aliser des op\u00e9rations, elles cessent d&rsquo;\u00eatre un groupe \u00e0 risque et les autorit\u00e9s fiscales peuvent se concentrer sur le reste des entit\u00e9s.<\/p>\t\t\t\t\t\t\t\t<\/div>\n\t\t\t\t<\/div>\n\t\t\t\t\t<\/div>\r\n\t\t\t\t<\/div>\r\n\t\t\t\t\t<\/div>\r\n\t\t\t\t<\/section>\r\n\t\t\t\t<section data-particle_enable=\"false\" data-particle-mobile-disabled=\"false\" class=\"elementor-section elementor-top-section elementor-element elementor-element-a32bf5e elementor-section-boxed elementor-section-height-default elementor-section-height-default\" data-id=\"a32bf5e\" data-element_type=\"section\" data-e-type=\"section\">\r\n\t\t\r\n\t\t\t\t\t\t\t<div class=\"elementor-container elementor-column-gap-default\">\r\n\t\t\t\t\t\t\t\t\t\t\t<div class=\"elementor-column elementor-col-100 elementor-top-column elementor-element elementor-element-1d7c948\" data-id=\"1d7c948\" data-element_type=\"column\" data-e-type=\"column\">\r\n\t\t\t\t\t<div class=\"elementor-widget-wrap elementor-element-populated\">\r\n\t\t\t\t\t\t\t\t<div class=\"elementor-element elementor-element-ea252fd elementor-widget elementor-widget-heading\" data-id=\"ea252fd\" data-element_type=\"widget\" data-e-type=\"widget\" data-widget_type=\"heading.default\">\n\t\t\t\t<div class=\"elementor-widget-container\">\n\t\t\t\t\t<h2 class=\"elementor-heading-title elementor-size-default\">Pourquoi les autorit\u00e9s fiscales r\u00e9voquent-elles le NIF d'une entreprise ?<\/h2>\t\t\t\t<\/div>\n\t\t\t\t<\/div>\n\t\t\t\t\t<\/div>\r\n\t\t\t\t<\/div>\r\n\t\t\t\t\t<\/div>\r\n\t\t\t\t<\/section>\r\n\t\t\t\t<section data-particle_enable=\"false\" data-particle-mobile-disabled=\"false\" class=\"elementor-section elementor-top-section elementor-element elementor-element-02458af elementor-section-boxed elementor-section-height-default elementor-section-height-default\" data-id=\"02458af\" data-element_type=\"section\" data-e-type=\"section\">\r\n\t\t\r\n\t\t\t\t\t\t\t<div class=\"elementor-container elementor-column-gap-default\">\r\n\t\t\t\t\t\t\t\t\t\t\t<div class=\"elementor-column elementor-col-100 elementor-top-column elementor-element elementor-element-bfb0290\" data-id=\"bfb0290\" data-element_type=\"column\" data-e-type=\"column\">\r\n\t\t\t\t\t<div class=\"elementor-widget-wrap elementor-element-populated\">\r\n\t\t\t\t\t\t\t\t<div class=\"elementor-element elementor-element-60dc175 elementor-widget elementor-widget-text-editor\" data-id=\"60dc175\" data-element_type=\"widget\" data-e-type=\"widget\" data-widget_type=\"text-editor.default\">\n\t\t\t\t<div class=\"elementor-widget-container\">\n\t\t\t\t\t\t\t\t\t<h3>\u00c9viter la r\u00e9vocation du num\u00e9ro de TVA de votre entreprise<\/h3><p>Si votre entreprise est inactive, c&rsquo;est-\u00e0-dire qu&rsquo;elle n&rsquo;a pas d&rsquo;activit\u00e9 mais que vous souhaitez la conserver avec un potentiel op\u00e9rationnel, soyez vigilant et essayez de ne pas vous retrouver dans l&rsquo;une des situations dans lesquelles l&rsquo;administration fiscale peut r\u00e9voquer votre NIF.<\/p><p>Cela peut se produire, entre autres, dans les cas suivants<\/p><ul><li>lorsque vous n&rsquo;avez pas pay\u00e9 l&rsquo;imp\u00f4t sur les soci\u00e9t\u00e9s pendant trois ann\u00e9es cons\u00e9cutives<\/li><li>Lorsque les dettes fiscales de l&rsquo;entreprise aupr\u00e8s des autorit\u00e9s fiscales ont \u00e9t\u00e9 d\u00e9clar\u00e9es en faillite en raison de l&rsquo;insolvabilit\u00e9 totale de l&rsquo;entreprise.<\/li><li>Lorsque la soci\u00e9t\u00e9 a \u00e9t\u00e9 constitu\u00e9e sans avoir commenc\u00e9 une activit\u00e9 \u00e9conomique ou effectu\u00e9 des actes pr\u00e9paratoires dans les trois mois suivant la demande de NIF.<\/li><li>Si votre entreprise n&rsquo;a pas d\u00e9pos\u00e9 ses comptes annuels au registre du commerce pendant quatre exercices cons\u00e9cutifs.<\/li><\/ul><h3>Notifications sans r\u00e9ponse<\/h3><p>L&rsquo;administration fiscale peut \u00e9galement r\u00e9voquer le NIF de votre entreprise si, pendant une p\u00e9riode de plus d&rsquo;un an et apr\u00e8s au moins trois tentatives de notification, vous ne r\u00e9pondez pas.<\/p><p>Assurez-vous donc que votre entreprise est en mesure de recevoir les notifications \u00e9lectroniques envoy\u00e9es par l&rsquo;administration fiscale et d&rsquo;y r\u00e9pondre sans probl\u00e8me.<\/p>\t\t\t\t\t\t\t\t<\/div>\n\t\t\t\t<\/div>\n\t\t\t\t\t<\/div>\r\n\t\t\t\t<\/div>\r\n\t\t\t\t\t<\/div>\r\n\t\t\t\t<\/section>\r\n\t\t\t\t<section data-particle_enable=\"false\" data-particle-mobile-disabled=\"false\" class=\"elementor-section elementor-top-section elementor-element elementor-element-8ce79f1 elementor-section-boxed elementor-section-height-default elementor-section-height-default\" data-id=\"8ce79f1\" data-element_type=\"section\" data-e-type=\"section\">\r\n\t\t\r\n\t\t\t\t\t\t\t<div class=\"elementor-container elementor-column-gap-default\">\r\n\t\t\t\t\t\t\t\t\t\t\t<div class=\"elementor-column elementor-col-100 elementor-top-column elementor-element elementor-element-c29d821\" data-id=\"c29d821\" data-element_type=\"column\" data-e-type=\"column\">\r\n\t\t\t\t\t<div class=\"elementor-widget-wrap elementor-element-populated\">\r\n\t\t\t\t\t\t\t\t<div class=\"elementor-element elementor-element-973fa03 elementor-widget elementor-widget-heading\" data-id=\"973fa03\" data-element_type=\"widget\" data-e-type=\"widget\" data-widget_type=\"heading.default\">\n\t\t\t\t<div class=\"elementor-widget-container\">\n\t\t\t\t\t<h2 class=\"elementor-heading-title elementor-size-default\">Cons\u00e9quences de la r\u00e9vocation du NIF<\/h2>\t\t\t\t<\/div>\n\t\t\t\t<\/div>\n\t\t\t\t\t<\/div>\r\n\t\t\t\t<\/div>\r\n\t\t\t\t\t<\/div>\r\n\t\t\t\t<\/section>\r\n\t\t\t\t<section data-particle_enable=\"false\" data-particle-mobile-disabled=\"false\" class=\"elementor-section elementor-top-section elementor-element elementor-element-e49935d elementor-section-boxed elementor-section-height-default elementor-section-height-default\" data-id=\"e49935d\" data-element_type=\"section\" data-e-type=\"section\">\r\n\t\t\r\n\t\t\t\t\t\t\t<div class=\"elementor-container elementor-column-gap-default\">\r\n\t\t\t\t\t\t\t\t\t\t\t<div class=\"elementor-column elementor-col-100 elementor-top-column elementor-element elementor-element-e6ea309\" data-id=\"e6ea309\" data-element_type=\"column\" data-e-type=\"column\">\r\n\t\t\t\t\t<div class=\"elementor-widget-wrap elementor-element-populated\">\r\n\t\t\t\t\t\t\t\t<div class=\"elementor-element elementor-element-0d2a8d5 elementor-widget elementor-widget-text-editor\" data-id=\"0d2a8d5\" data-element_type=\"widget\" data-e-type=\"widget\" data-widget_type=\"text-editor.default\">\n\t\t\t\t<div class=\"elementor-widget-container\">\n\t\t\t\t\t\t\t\t\t<h3>Effets de la r\u00e9vocation<\/h3><p>Les cons\u00e9quences de la r\u00e9vocation du FNI sont n\u00e9gatives. La r\u00e9vocation entra\u00eene, entre autres, la cl\u00f4ture du registre (l&rsquo;entreprise ne pourra pas inscrire d&rsquo;op\u00e9rations au registre du commerce), la radiation du registre des op\u00e9rateurs intracommunautaires et du REDEME, ainsi que l&rsquo;impossibilit\u00e9 d&rsquo;effectuer des op\u00e9rations bancaires et d&rsquo;obtenir le certificat de mise \u00e0 jour des obligations fiscales.<\/p>\t\t\t\t\t\t\t\t<\/div>\n\t\t\t\t<\/div>\n\t\t\t\t\t<\/div>\r\n\t\t\t\t<\/div>\r\n\t\t\t\t\t<\/div>\r\n\t\t\t\t<\/section>\r\n\t\t\t\t<section data-particle_enable=\"false\" data-particle-mobile-disabled=\"false\" class=\"elementor-section elementor-top-section elementor-element elementor-element-99a0cdf elementor-section-boxed elementor-section-height-default elementor-section-height-default\" data-id=\"99a0cdf\" data-element_type=\"section\" data-e-type=\"section\">\r\n\t\t\r\n\t\t\t\t\t\t\t<div class=\"elementor-container elementor-column-gap-default\">\r\n\t\t\t\t\t\t\t\t\t\t\t<div class=\"elementor-column elementor-col-100 elementor-top-column elementor-element elementor-element-5b1a500\" data-id=\"5b1a500\" data-element_type=\"column\" data-e-type=\"column\">\r\n\t\t\t\t\t<div class=\"elementor-widget-wrap elementor-element-populated\">\r\n\t\t\t\t\t\t\t\t<div class=\"elementor-element elementor-element-b7f71a3 elementor-invisible elementor-widget elementor-widget-text-editor\" data-id=\"b7f71a3\" data-element_type=\"widget\" data-e-type=\"widget\" data-settings=\"{&quot;_animation&quot;:&quot;fadeInLeft&quot;}\" data-widget_type=\"text-editor.default\">\n\t\t\t\t<div class=\"elementor-widget-container\">\n\t\t\t\t\t\t\t\t\t<p style=\"text-align: center;\">Les cons\u00e9quences de la r\u00e9vocation du NIF sont tr\u00e8s n\u00e9gatives. Elles comprennent, entre autres, la fermeture du registre, la radiation du registre des op\u00e9rateurs intracommunautaires et du REDEME, ainsi que l&rsquo;impossibilit\u00e9 d&rsquo;effectuer des op\u00e9rations bancaires.<\/p>\t\t\t\t\t\t\t\t<\/div>\n\t\t\t\t<\/div>\n\t\t\t\t\t<\/div>\r\n\t\t\t\t<\/div>\r\n\t\t\t\t\t<\/div>\r\n\t\t\t\t<\/section>\r\n\t\t\t\t<section data-particle_enable=\"false\" data-particle-mobile-disabled=\"false\" class=\"elementor-section elementor-top-section elementor-element elementor-element-dd315a8 elementor-section-boxed elementor-section-height-default elementor-section-height-default\" data-id=\"dd315a8\" data-element_type=\"section\" data-e-type=\"section\">\r\n\t\t\r\n\t\t\t\t\t\t\t<div class=\"elementor-container elementor-column-gap-default\">\r\n\t\t\t\t\t\t\t\t\t\t\t<div class=\"elementor-column elementor-col-100 elementor-top-column elementor-element elementor-element-73b3985\" data-id=\"73b3985\" data-element_type=\"column\" data-e-type=\"column\">\r\n\t\t\t\t\t<div class=\"elementor-widget-wrap elementor-element-populated\">\r\n\t\t\t\t\t\t\t\t<div class=\"elementor-element elementor-element-37a2b53 elementor-widget elementor-widget-heading\" data-id=\"37a2b53\" data-element_type=\"widget\" data-e-type=\"widget\" data-widget_type=\"heading.default\">\n\t\t\t\t<div class=\"elementor-widget-container\">\n\t\t\t\t\t<h2 class=\"elementor-heading-title elementor-size-default\">R\u00e9habilitation du NIf de votre entreprise<\/h2>\t\t\t\t<\/div>\n\t\t\t\t<\/div>\n\t\t\t\t\t<\/div>\r\n\t\t\t\t<\/div>\r\n\t\t\t\t\t<\/div>\r\n\t\t\t\t<\/section>\r\n\t\t\t\t<section data-particle_enable=\"false\" data-particle-mobile-disabled=\"false\" class=\"elementor-section elementor-top-section elementor-element elementor-element-8d7f737 elementor-section-boxed elementor-section-height-default elementor-section-height-default\" data-id=\"8d7f737\" data-element_type=\"section\" data-e-type=\"section\">\r\n\t\t\r\n\t\t\t\t\t\t\t<div class=\"elementor-container elementor-column-gap-default\">\r\n\t\t\t\t\t\t\t\t\t\t\t<div class=\"elementor-column elementor-col-100 elementor-top-column elementor-element elementor-element-f5e75dc\" data-id=\"f5e75dc\" data-element_type=\"column\" data-e-type=\"column\">\r\n\t\t\t\t\t<div class=\"elementor-widget-wrap elementor-element-populated\">\r\n\t\t\t\t\t\t\t\t<div class=\"elementor-element elementor-element-65f81d3 elementor-widget elementor-widget-text-editor\" data-id=\"65f81d3\" data-element_type=\"widget\" data-e-type=\"widget\" data-widget_type=\"text-editor.default\">\n\t\t\t\t<div class=\"elementor-widget-container\">\n\t\t\t\t\t\t\t\t\t<p>Si, apr\u00e8s la r\u00e9vocation du NIF, vous souhaitez <a href=\"https:\/\/sede.agenciatributaria.gob.es\/Sede\/procedimientoini\/GZ77.shtml\" target=\"_blank\" rel=\"noopener\">demander sa r\u00e9habilitation<\/a> :<\/p><ul><li>Tout d&rsquo;abord, vous devez prouver que les raisons de la r\u00e9vocation ont disparu.<ul><li>Par exemple, si la r\u00e9vocation \u00e9tait due \u00e0 l&rsquo;absence de pr\u00e9sentation des comptes annuels pendant quatre ans, vous devez d&rsquo;abord pr\u00e9senter ces comptes.<\/li><\/ul><\/li><li>Vous devez \u00e9galement informer l&rsquo;administration fiscale des propri\u00e9taires du capital, avec identification compl\u00e8te des repr\u00e9sentants l\u00e9gaux et du domicile fiscal, et fournir des documents prouvant l&rsquo;activit\u00e9 \u00e9conomique que la soci\u00e9t\u00e9 va exercer.<\/li><\/ul>\t\t\t\t\t\t\t\t<\/div>\n\t\t\t\t<\/div>\n\t\t\t\t\t<\/div>\r\n\t\t\t\t<\/div>\r\n\t\t\t\t\t<\/div>\r\n\t\t\t\t<\/section>\r\n\t\t\t\t<section data-particle_enable=\"false\" data-particle-mobile-disabled=\"false\" class=\"elementor-section elementor-top-section elementor-element elementor-element-c06116f elementor-section-boxed elementor-section-height-default elementor-section-height-default\" data-id=\"c06116f\" data-element_type=\"section\" data-e-type=\"section\">\r\n\t\t\r\n\t\t\t\t\t\t\t<div class=\"elementor-container elementor-column-gap-default\">\r\n\t\t\t\t\t\t\t\t\t\t\t<div class=\"elementor-column elementor-col-100 elementor-top-column elementor-element elementor-element-4440848\" data-id=\"4440848\" data-element_type=\"column\" data-e-type=\"column\">\r\n\t\t\t\t\t<div class=\"elementor-widget-wrap elementor-element-populated\">\r\n\t\t\t\t\t\t\t\t<div class=\"elementor-element elementor-element-8feeb7b elementor-button-info elementor-align-center elementor-widget elementor-widget-button\" data-id=\"8feeb7b\" data-element_type=\"widget\" data-e-type=\"widget\" data-widget_type=\"button.default\">\n\t\t\t\t<div class=\"elementor-widget-container\">\n\t\t\t\t\t\t\t\t\t<div class=\"elementor-button-wrapper\">\n\t\t\t\t\t<a class=\"elementor-button elementor-button-link elementor-size-lg\" href=\"https:\/\/www.asesoriaorihuelacosta.com\/fr\/contacter\/\">\n\t\t\t\t\t\t<span class=\"elementor-button-content-wrapper\">\n\t\t\t\t\t\t<span class=\"elementor-button-icon\">\n\t\t\t\t<i aria-hidden=\"true\" class=\"fas fa-hands-helping\"><\/i>\t\t\t<\/span>\n\t\t\t\t\t\t\t\t\t<span class=\"elementor-button-text\">J'ai besoin d'aide pour la r\u00e9vocation du num\u00e9ro de TVA de mon entreprise.<\/span>\n\t\t\t\t\t<\/span>\n\t\t\t\t\t<\/a>\n\t\t\t\t<\/div>\n\t\t\t\t\t\t\t\t<\/div>\n\t\t\t\t<\/div>\n\t\t\t\t\t<\/div>\r\n\t\t\t\t<\/div>\r\n\t\t\t\t\t<\/div>\r\n\t\t\t\t<\/section>\r\n\t\t\t\t<section data-particle_enable=\"false\" data-particle-mobile-disabled=\"false\" class=\"elementor-section elementor-top-section elementor-element elementor-element-a05e28d elementor-section-boxed elementor-section-height-default elementor-section-height-default\" data-id=\"a05e28d\" data-element_type=\"section\" data-e-type=\"section\">\r\n\t\t\r\n\t\t\t\t\t\t\t<div class=\"elementor-container elementor-column-gap-default\">\r\n\t\t\t\t\t\t\t\t\t\t\t<div class=\"elementor-column elementor-col-100 elementor-top-column elementor-element elementor-element-db51c92\" data-id=\"db51c92\" data-element_type=\"column\" data-e-type=\"column\">\r\n\t\t\t\t\t<div class=\"elementor-widget-wrap elementor-element-populated\">\r\n\t\t\t\t\t\t\t\t<div class=\"elementor-element elementor-element-3c28028 elementor-widget elementor-widget-heading\" data-id=\"3c28028\" data-element_type=\"widget\" data-e-type=\"widget\" data-widget_type=\"heading.default\">\n\t\t\t\t<div class=\"elementor-widget-container\">\n\t\t\t\t\t<h2 class=\"elementor-heading-title elementor-size-default\">Autres sanctions<\/h2>\t\t\t\t<\/div>\n\t\t\t\t<\/div>\n\t\t\t\t\t<\/div>\r\n\t\t\t\t<\/div>\r\n\t\t\t\t\t<\/div>\r\n\t\t\t\t<\/section>\r\n\t\t\t\t<section data-particle_enable=\"false\" data-particle-mobile-disabled=\"false\" class=\"elementor-section elementor-top-section elementor-element elementor-element-36b9761 elementor-section-boxed elementor-section-height-default elementor-section-height-default\" data-id=\"36b9761\" data-element_type=\"section\" data-e-type=\"section\">\r\n\t\t\r\n\t\t\t\t\t\t\t<div class=\"elementor-container elementor-column-gap-default\">\r\n\t\t\t\t\t\t\t\t\t\t\t<div class=\"elementor-column elementor-col-100 elementor-top-column elementor-element elementor-element-5e03d1f\" data-id=\"5e03d1f\" data-element_type=\"column\" data-e-type=\"column\">\r\n\t\t\t\t\t<div class=\"elementor-widget-wrap elementor-element-populated\">\r\n\t\t\t\t\t\t\t\t<div class=\"elementor-element elementor-element-086f242 elementor-widget elementor-widget-text-editor\" data-id=\"086f242\" data-element_type=\"widget\" data-e-type=\"widget\" data-widget_type=\"text-editor.default\">\n\t\t\t\t<div class=\"elementor-widget-container\">\n\t\t\t\t\t\t\t\t\t<h3>Comptes annuels<\/h3><p>Veuillez noter que certaines des infractions entra\u00eenant la r\u00e9vocation du NIF peuvent \u00e9galement donner lieu \u00e0 d&rsquo;autres sanctions. C&rsquo;est le cas, par exemple, de l&rsquo;absence de d\u00e9p\u00f4t des comptes annuels au registre du commerce.<\/p><p>Dans ce cas, l&rsquo;Instituto de Contabilidad y Auditor\u00eda de Cuentas (ICAC) peut imposer une p\u00e9nalit\u00e9 comprise entre 1 200 et 60 000 euros, l&rsquo;amende pouvant toutefois atteindre 300 000 euros si le chiffre d&rsquo;affaires annuel de l&rsquo;entreprise est sup\u00e9rieur \u00e0 six millions d&rsquo;euros.<\/p><h4>R\u00e9gulariser avant la fin de l&rsquo;ann\u00e9e<\/h4><p>Pour ce faire, l&rsquo;ICAC re\u00e7oit chaque ann\u00e9e en f\u00e9vrier une liste des entreprises qui n&rsquo;ont pas d\u00e9pos\u00e9 leurs comptes pour l&rsquo;ann\u00e9e pr\u00e9c\u00e9dente.<\/p><p>Ainsi, si votre soci\u00e9t\u00e9 n&rsquo;a pas encore d\u00e9pos\u00e9 ses comptes pour l&rsquo;ann\u00e9e 2023, faites-le avant la fin de l&rsquo;ann\u00e9e 2024. De cette mani\u00e8re :<\/p><ul><li>M\u00eame si vous avez d\u00e9pos\u00e9 vos comptes apr\u00e8s la date limite, il vous sera plus difficile d&rsquo;\u00eatre sanctionn\u00e9.<\/li><li>Et si vous \u00eates sanctionn\u00e9, la sanction sera la plus faible et sera r\u00e9duite de 50 %.<\/li><\/ul>\t\t\t\t\t\t\t\t<\/div>\n\t\t\t\t<\/div>\n\t\t\t\t\t<\/div>\r\n\t\t\t\t<\/div>\r\n\t\t\t\t\t<\/div>\r\n\t\t\t\t<\/section>\r\n\t\t\t\t<\/div>\n\t\t","protected":false},"excerpt":{"rendered":"<p>Dans cet article r\u00e9alis\u00e9 par une personne et non par gpt chat nous verrons les cons\u00e9quences et comment r\u00e9soudre la r\u00e9vocation du NIF de votre entreprise par le bureau de taxe espagnole l&rsquo;Aeat. M\u00eame si votre entreprise a peu ou pas d&rsquo;activit\u00e9, respectez vos obligations fiscales et commerciales et essayez de ne pas tomber dans [&hellip;]<\/p>\n","protected":false},"author":2,"featured_media":24171,"comment_status":"closed","ping_status":"closed","sticky":false,"template":"","format":"standard","meta":{"_eb_attr":"","inline_featured_image":false,"footnotes":""},"categories":[1,46],"tags":[],"class_list":["post-24457","post","type-post","status-publish","format-standard","has-post-thumbnail","hentry","category-blog"],"featured_image_src":{"landsacpe":["https:\/\/www.asesoriaorihuelacosta.com\/wp-content\/uploads\/2024\/04\/Revocacion-del-NIF.jpeg",640,360,false],"list":["https:\/\/www.asesoriaorihuelacosta.com\/wp-content\/uploads\/2024\/04\/Revocacion-del-NIF-463x348.jpeg",463,348,true],"medium":["https:\/\/www.asesoriaorihuelacosta.com\/wp-content\/uploads\/2024\/04\/Revocacion-del-NIF-300x169.jpeg",300,169,true],"full":["https:\/\/www.asesoriaorihuelacosta.com\/wp-content\/uploads\/2024\/04\/Revocacion-del-NIF.jpeg",640,360,false]},"yoast_head":"<!-- This site is optimized with the Yoast SEO Premium plugin v24.7 (Yoast SEO v27.5) - https:\/\/yoast.com\/product\/yoast-seo-premium-wordpress\/ -->\n<title>QU&#039;IL NE R\u00c9VOQUE PAS LE NIF DE VOTRE ENTREPRISE ! - Asesor\u00eda Orihuela Costa<\/title>\n<meta name=\"description\" content=\"Les cons\u00e9quences de la r\u00e9vocation du NIF sont tr\u00e8s n\u00e9gatives. Entre autres, il est impossible de faire des affaires avec les banques.\" \/>\n<meta name=\"robots\" content=\"index, follow, max-snippet:-1, max-image-preview:large, max-video-preview:-1\" \/>\n<link rel=\"canonical\" href=\"https:\/\/www.asesoriaorihuelacosta.com\/fr\/quil-ne-revoque-pas-le-nif-de-votre-entreprise\/\" \/>\n<meta property=\"og:locale\" content=\"fr_FR\" \/>\n<meta property=\"og:type\" content=\"article\" \/>\n<meta property=\"og:title\" content=\"QU&#039;IL NE R\u00c9VOQUE PAS LE NIF DE VOTRE ENTREPRISE !\" \/>\n<meta property=\"og:description\" content=\"Les cons\u00e9quences de la r\u00e9vocation du NIF sont tr\u00e8s n\u00e9gatives. Entre autres, il est impossible de faire des affaires avec les banques.\" \/>\n<meta property=\"og:url\" content=\"https:\/\/www.asesoriaorihuelacosta.com\/fr\/quil-ne-revoque-pas-le-nif-de-votre-entreprise\/\" \/>\n<meta property=\"og:site_name\" content=\"Asesor\u00eda Orihuela Costa\" \/>\n<meta property=\"article:publisher\" content=\"https:\/\/www.facebook.com\/asesoriaorihuelacosta\" \/>\n<meta property=\"article:author\" content=\"https:\/\/www.facebook.com\/patrick.gordinneperez\" \/>\n<meta property=\"article:published_time\" content=\"2024-04-20T06:58:02+00:00\" \/>\n<meta property=\"article:modified_time\" content=\"2024-04-24T00:23:07+00:00\" \/>\n<meta property=\"og:image\" content=\"https:\/\/www.asesoriaorihuelacosta.com\/wp-content\/uploads\/2024\/04\/Revocacion-del-NIF.jpeg\" \/>\n\t<meta property=\"og:image:width\" content=\"640\" \/>\n\t<meta property=\"og:image:height\" content=\"360\" \/>\n\t<meta property=\"og:image:type\" content=\"image\/jpeg\" \/>\n<meta name=\"author\" content=\"Patrick Gordinne Perez\" \/>\n<meta name=\"twitter:card\" content=\"summary_large_image\" \/>\n<meta name=\"twitter:label1\" content=\"\u00c9crit par\" \/>\n\t<meta name=\"twitter:data1\" content=\"Patrick Gordinne Perez\" \/>\n\t<meta name=\"twitter:label2\" content=\"Dur\u00e9e de lecture estim\u00e9e\" \/>\n\t<meta name=\"twitter:data2\" content=\"4 minutes\" \/>\n<script type=\"application\/ld+json\" class=\"yoast-schema-graph\">{\"@context\":\"https:\\\/\\\/schema.org\",\"@graph\":[{\"@type\":\"Article\",\"@id\":\"https:\\\/\\\/www.asesoriaorihuelacosta.com\\\/fr\\\/quil-ne-revoque-pas-le-nif-de-votre-entreprise\\\/#article\",\"isPartOf\":{\"@id\":\"https:\\\/\\\/www.asesoriaorihuelacosta.com\\\/fr\\\/quil-ne-revoque-pas-le-nif-de-votre-entreprise\\\/\"},\"author\":{\"name\":\"Patrick Gordinne Perez\",\"@id\":\"https:\\\/\\\/www.asesoriaorihuelacosta.com\\\/fr\\\/#\\\/schema\\\/person\\\/6614ce8cf6d2de542aaf351629fd539e\"},\"headline\":\"QU&rsquo;IL NE R\u00c9VOQUE PAS LE NIF DE VOTRE ENTREPRISE !\",\"datePublished\":\"2024-04-20T06:58:02+00:00\",\"dateModified\":\"2024-04-24T00:23:07+00:00\",\"mainEntityOfPage\":{\"@id\":\"https:\\\/\\\/www.asesoriaorihuelacosta.com\\\/fr\\\/quil-ne-revoque-pas-le-nif-de-votre-entreprise\\\/\"},\"wordCount\":926,\"publisher\":{\"@id\":\"https:\\\/\\\/www.asesoriaorihuelacosta.com\\\/fr\\\/#organization\"},\"image\":{\"@id\":\"https:\\\/\\\/www.asesoriaorihuelacosta.com\\\/fr\\\/quil-ne-revoque-pas-le-nif-de-votre-entreprise\\\/#primaryimage\"},\"thumbnailUrl\":\"https:\\\/\\\/www.asesoriaorihuelacosta.com\\\/wp-content\\\/uploads\\\/2024\\\/04\\\/Revocacion-del-NIF.jpeg\",\"articleSection\":[\"Blog\",\"Blog\"],\"inLanguage\":\"fr-FR\"},{\"@type\":\"WebPage\",\"@id\":\"https:\\\/\\\/www.asesoriaorihuelacosta.com\\\/fr\\\/quil-ne-revoque-pas-le-nif-de-votre-entreprise\\\/\",\"url\":\"https:\\\/\\\/www.asesoriaorihuelacosta.com\\\/fr\\\/quil-ne-revoque-pas-le-nif-de-votre-entreprise\\\/\",\"name\":\"QU'IL NE R\u00c9VOQUE PAS LE NIF DE VOTRE ENTREPRISE ! - Asesor\u00eda Orihuela Costa\",\"isPartOf\":{\"@id\":\"https:\\\/\\\/www.asesoriaorihuelacosta.com\\\/fr\\\/#website\"},\"primaryImageOfPage\":{\"@id\":\"https:\\\/\\\/www.asesoriaorihuelacosta.com\\\/fr\\\/quil-ne-revoque-pas-le-nif-de-votre-entreprise\\\/#primaryimage\"},\"image\":{\"@id\":\"https:\\\/\\\/www.asesoriaorihuelacosta.com\\\/fr\\\/quil-ne-revoque-pas-le-nif-de-votre-entreprise\\\/#primaryimage\"},\"thumbnailUrl\":\"https:\\\/\\\/www.asesoriaorihuelacosta.com\\\/wp-content\\\/uploads\\\/2024\\\/04\\\/Revocacion-del-NIF.jpeg\",\"datePublished\":\"2024-04-20T06:58:02+00:00\",\"dateModified\":\"2024-04-24T00:23:07+00:00\",\"description\":\"Les cons\u00e9quences de la r\u00e9vocation du NIF sont tr\u00e8s n\u00e9gatives. Entre autres, il est impossible de faire des affaires avec les banques.\",\"breadcrumb\":{\"@id\":\"https:\\\/\\\/www.asesoriaorihuelacosta.com\\\/fr\\\/quil-ne-revoque-pas-le-nif-de-votre-entreprise\\\/#breadcrumb\"},\"inLanguage\":\"fr-FR\",\"potentialAction\":[{\"@type\":\"ReadAction\",\"target\":[\"https:\\\/\\\/www.asesoriaorihuelacosta.com\\\/fr\\\/quil-ne-revoque-pas-le-nif-de-votre-entreprise\\\/\"]}]},{\"@type\":\"ImageObject\",\"inLanguage\":\"fr-FR\",\"@id\":\"https:\\\/\\\/www.asesoriaorihuelacosta.com\\\/fr\\\/quil-ne-revoque-pas-le-nif-de-votre-entreprise\\\/#primaryimage\",\"url\":\"https:\\\/\\\/www.asesoriaorihuelacosta.com\\\/wp-content\\\/uploads\\\/2024\\\/04\\\/Revocacion-del-NIF.jpeg\",\"contentUrl\":\"https:\\\/\\\/www.asesoriaorihuelacosta.com\\\/wp-content\\\/uploads\\\/2024\\\/04\\\/Revocacion-del-NIF.jpeg\",\"width\":640,\"height\":360,\"caption\":\"Revocaci\u00f3n del NIF\"},{\"@type\":\"BreadcrumbList\",\"@id\":\"https:\\\/\\\/www.asesoriaorihuelacosta.com\\\/fr\\\/quil-ne-revoque-pas-le-nif-de-votre-entreprise\\\/#breadcrumb\",\"itemListElement\":[{\"@type\":\"ListItem\",\"position\":1,\"name\":\"Home\",\"item\":\"https:\\\/\\\/www.asesoriaorihuelacosta.com\\\/fr\\\/\"},{\"@type\":\"ListItem\",\"position\":2,\"name\":\"QU&#8217;IL NE R\u00c9VOQUE PAS LE NIF DE VOTRE ENTREPRISE !\"}]},{\"@type\":\"WebSite\",\"@id\":\"https:\\\/\\\/www.asesoriaorihuelacosta.com\\\/fr\\\/#website\",\"url\":\"https:\\\/\\\/www.asesoriaorihuelacosta.com\\\/fr\\\/\",\"name\":\"https:\\\/\\\/www.asesoriaorihuelacosta.com\\\/\",\"description\":\"Grupo de asesores profesionales\",\"publisher\":{\"@id\":\"https:\\\/\\\/www.asesoriaorihuelacosta.com\\\/fr\\\/#organization\"},\"potentialAction\":[{\"@type\":\"SearchAction\",\"target\":{\"@type\":\"EntryPoint\",\"urlTemplate\":\"https:\\\/\\\/www.asesoriaorihuelacosta.com\\\/fr\\\/?s={search_term_string}\"},\"query-input\":{\"@type\":\"PropertyValueSpecification\",\"valueRequired\":true,\"valueName\":\"search_term_string\"}}],\"inLanguage\":\"fr-FR\"},{\"@type\":\"Organization\",\"@id\":\"https:\\\/\\\/www.asesoriaorihuelacosta.com\\\/fr\\\/#organization\",\"name\":\"Asesor\u00eda Orihuela Costa\",\"url\":\"https:\\\/\\\/www.asesoriaorihuelacosta.com\\\/fr\\\/\",\"logo\":{\"@type\":\"ImageObject\",\"inLanguage\":\"fr-FR\",\"@id\":\"https:\\\/\\\/www.asesoriaorihuelacosta.com\\\/fr\\\/#\\\/schema\\\/logo\\\/image\\\/\",\"url\":\"https:\\\/\\\/www.asesoriaorihuelacosta.com\\\/wp-content\\\/uploads\\\/2022\\\/06\\\/Logo-espa\u5bf8l-asesoriaorihuela.jpg\",\"contentUrl\":\"https:\\\/\\\/www.asesoriaorihuelacosta.com\\\/wp-content\\\/uploads\\\/2022\\\/06\\\/Logo-espa\u5bf8l-asesoriaorihuela.jpg\",\"width\":588,\"height\":136,\"caption\":\"Asesor\u00eda Orihuela Costa\"},\"image\":{\"@id\":\"https:\\\/\\\/www.asesoriaorihuelacosta.com\\\/fr\\\/#\\\/schema\\\/logo\\\/image\\\/\"},\"sameAs\":[\"https:\\\/\\\/www.facebook.com\\\/asesoriaorihuelacosta\"]},{\"@type\":\"Person\",\"@id\":\"https:\\\/\\\/www.asesoriaorihuelacosta.com\\\/fr\\\/#\\\/schema\\\/person\\\/6614ce8cf6d2de542aaf351629fd539e\",\"name\":\"Patrick Gordinne Perez\",\"description\":\"Soy economista colegiado por el colegio de economistas de Alicante con el n\u00famero 2722. Llevo ejerciendo desde el a\u00f1o 2005. Soy especialista en fiscalidad de empresas y aut\u00f3nomos y tambi\u00e9n especialista en gestionar compraventas. Hablo espa\u00f1ol, ingl\u00e9s y franc\u00e9s.\",\"sameAs\":[\"https:\\\/\\\/www.asesoriaorihuelacosta.com\",\"https:\\\/\\\/www.facebook.com\\\/patrick.gordinneperez\",\"https:\\\/\\\/www.linkedin.com\\\/in\\\/patrick-gordinne-perez-1b73aab3\\\/\",\"https:\\\/\\\/www.youtube.com\\\/channel\\\/UC5e95RJEVQlxCnhwDmGNVCw\"],\"gender\":\"Hombre\",\"knowsLanguage\":[\"ingl\u00e9s\",\"franc\u00e9s\",\"espa\u00f1ol\"],\"jobTitle\":\"Gerente\",\"worksFor\":\"Asesoria Orihuela Costa SL\"}]}<\/script>\n<!-- \/ Yoast SEO Premium plugin. -->","yoast_head_json":{"title":"QU'IL NE R\u00c9VOQUE PAS LE NIF DE VOTRE ENTREPRISE ! - Asesor\u00eda Orihuela Costa","description":"Les cons\u00e9quences de la r\u00e9vocation du NIF sont tr\u00e8s n\u00e9gatives. Entre autres, il est impossible de faire des affaires avec les banques.","robots":{"index":"index","follow":"follow","max-snippet":"max-snippet:-1","max-image-preview":"max-image-preview:large","max-video-preview":"max-video-preview:-1"},"canonical":"https:\/\/www.asesoriaorihuelacosta.com\/fr\/quil-ne-revoque-pas-le-nif-de-votre-entreprise\/","og_locale":"fr_FR","og_type":"article","og_title":"QU'IL NE R\u00c9VOQUE PAS LE NIF DE VOTRE ENTREPRISE !","og_description":"Les cons\u00e9quences de la r\u00e9vocation du NIF sont tr\u00e8s n\u00e9gatives. Entre autres, il est impossible de faire des affaires avec les banques.","og_url":"https:\/\/www.asesoriaorihuelacosta.com\/fr\/quil-ne-revoque-pas-le-nif-de-votre-entreprise\/","og_site_name":"Asesor\u00eda Orihuela Costa","article_publisher":"https:\/\/www.facebook.com\/asesoriaorihuelacosta","article_author":"https:\/\/www.facebook.com\/patrick.gordinneperez","article_published_time":"2024-04-20T06:58:02+00:00","article_modified_time":"2024-04-24T00:23:07+00:00","og_image":[{"width":640,"height":360,"url":"https:\/\/www.asesoriaorihuelacosta.com\/wp-content\/uploads\/2024\/04\/Revocacion-del-NIF.jpeg","type":"image\/jpeg"}],"author":"Patrick Gordinne Perez","twitter_card":"summary_large_image","twitter_misc":{"\u00c9crit par":"Patrick Gordinne Perez","Dur\u00e9e de lecture estim\u00e9e":"4 minutes"},"schema":{"@context":"https:\/\/schema.org","@graph":[{"@type":"Article","@id":"https:\/\/www.asesoriaorihuelacosta.com\/fr\/quil-ne-revoque-pas-le-nif-de-votre-entreprise\/#article","isPartOf":{"@id":"https:\/\/www.asesoriaorihuelacosta.com\/fr\/quil-ne-revoque-pas-le-nif-de-votre-entreprise\/"},"author":{"name":"Patrick Gordinne Perez","@id":"https:\/\/www.asesoriaorihuelacosta.com\/fr\/#\/schema\/person\/6614ce8cf6d2de542aaf351629fd539e"},"headline":"QU&rsquo;IL NE R\u00c9VOQUE PAS LE NIF DE VOTRE ENTREPRISE !","datePublished":"2024-04-20T06:58:02+00:00","dateModified":"2024-04-24T00:23:07+00:00","mainEntityOfPage":{"@id":"https:\/\/www.asesoriaorihuelacosta.com\/fr\/quil-ne-revoque-pas-le-nif-de-votre-entreprise\/"},"wordCount":926,"publisher":{"@id":"https:\/\/www.asesoriaorihuelacosta.com\/fr\/#organization"},"image":{"@id":"https:\/\/www.asesoriaorihuelacosta.com\/fr\/quil-ne-revoque-pas-le-nif-de-votre-entreprise\/#primaryimage"},"thumbnailUrl":"https:\/\/www.asesoriaorihuelacosta.com\/wp-content\/uploads\/2024\/04\/Revocacion-del-NIF.jpeg","articleSection":["Blog","Blog"],"inLanguage":"fr-FR"},{"@type":"WebPage","@id":"https:\/\/www.asesoriaorihuelacosta.com\/fr\/quil-ne-revoque-pas-le-nif-de-votre-entreprise\/","url":"https:\/\/www.asesoriaorihuelacosta.com\/fr\/quil-ne-revoque-pas-le-nif-de-votre-entreprise\/","name":"QU'IL NE R\u00c9VOQUE PAS LE NIF DE VOTRE ENTREPRISE ! - Asesor\u00eda Orihuela Costa","isPartOf":{"@id":"https:\/\/www.asesoriaorihuelacosta.com\/fr\/#website"},"primaryImageOfPage":{"@id":"https:\/\/www.asesoriaorihuelacosta.com\/fr\/quil-ne-revoque-pas-le-nif-de-votre-entreprise\/#primaryimage"},"image":{"@id":"https:\/\/www.asesoriaorihuelacosta.com\/fr\/quil-ne-revoque-pas-le-nif-de-votre-entreprise\/#primaryimage"},"thumbnailUrl":"https:\/\/www.asesoriaorihuelacosta.com\/wp-content\/uploads\/2024\/04\/Revocacion-del-NIF.jpeg","datePublished":"2024-04-20T06:58:02+00:00","dateModified":"2024-04-24T00:23:07+00:00","description":"Les cons\u00e9quences de la r\u00e9vocation du NIF sont tr\u00e8s n\u00e9gatives. Entre autres, il est impossible de faire des affaires avec les banques.","breadcrumb":{"@id":"https:\/\/www.asesoriaorihuelacosta.com\/fr\/quil-ne-revoque-pas-le-nif-de-votre-entreprise\/#breadcrumb"},"inLanguage":"fr-FR","potentialAction":[{"@type":"ReadAction","target":["https:\/\/www.asesoriaorihuelacosta.com\/fr\/quil-ne-revoque-pas-le-nif-de-votre-entreprise\/"]}]},{"@type":"ImageObject","inLanguage":"fr-FR","@id":"https:\/\/www.asesoriaorihuelacosta.com\/fr\/quil-ne-revoque-pas-le-nif-de-votre-entreprise\/#primaryimage","url":"https:\/\/www.asesoriaorihuelacosta.com\/wp-content\/uploads\/2024\/04\/Revocacion-del-NIF.jpeg","contentUrl":"https:\/\/www.asesoriaorihuelacosta.com\/wp-content\/uploads\/2024\/04\/Revocacion-del-NIF.jpeg","width":640,"height":360,"caption":"Revocaci\u00f3n del NIF"},{"@type":"BreadcrumbList","@id":"https:\/\/www.asesoriaorihuelacosta.com\/fr\/quil-ne-revoque-pas-le-nif-de-votre-entreprise\/#breadcrumb","itemListElement":[{"@type":"ListItem","position":1,"name":"Home","item":"https:\/\/www.asesoriaorihuelacosta.com\/fr\/"},{"@type":"ListItem","position":2,"name":"QU&#8217;IL NE R\u00c9VOQUE PAS LE NIF DE VOTRE ENTREPRISE !"}]},{"@type":"WebSite","@id":"https:\/\/www.asesoriaorihuelacosta.com\/fr\/#website","url":"https:\/\/www.asesoriaorihuelacosta.com\/fr\/","name":"https:\/\/www.asesoriaorihuelacosta.com\/","description":"Grupo de asesores profesionales","publisher":{"@id":"https:\/\/www.asesoriaorihuelacosta.com\/fr\/#organization"},"potentialAction":[{"@type":"SearchAction","target":{"@type":"EntryPoint","urlTemplate":"https:\/\/www.asesoriaorihuelacosta.com\/fr\/?s={search_term_string}"},"query-input":{"@type":"PropertyValueSpecification","valueRequired":true,"valueName":"search_term_string"}}],"inLanguage":"fr-FR"},{"@type":"Organization","@id":"https:\/\/www.asesoriaorihuelacosta.com\/fr\/#organization","name":"Asesor\u00eda Orihuela Costa","url":"https:\/\/www.asesoriaorihuelacosta.com\/fr\/","logo":{"@type":"ImageObject","inLanguage":"fr-FR","@id":"https:\/\/www.asesoriaorihuelacosta.com\/fr\/#\/schema\/logo\/image\/","url":"https:\/\/www.asesoriaorihuelacosta.com\/wp-content\/uploads\/2022\/06\/Logo-espa\u5bf8l-asesoriaorihuela.jpg","contentUrl":"https:\/\/www.asesoriaorihuelacosta.com\/wp-content\/uploads\/2022\/06\/Logo-espa\u5bf8l-asesoriaorihuela.jpg","width":588,"height":136,"caption":"Asesor\u00eda Orihuela Costa"},"image":{"@id":"https:\/\/www.asesoriaorihuelacosta.com\/fr\/#\/schema\/logo\/image\/"},"sameAs":["https:\/\/www.facebook.com\/asesoriaorihuelacosta"]},{"@type":"Person","@id":"https:\/\/www.asesoriaorihuelacosta.com\/fr\/#\/schema\/person\/6614ce8cf6d2de542aaf351629fd539e","name":"Patrick Gordinne Perez","description":"Soy economista colegiado por el colegio de economistas de Alicante con el n\u00famero 2722. Llevo ejerciendo desde el a\u00f1o 2005. Soy especialista en fiscalidad de empresas y aut\u00f3nomos y tambi\u00e9n especialista en gestionar compraventas. Hablo espa\u00f1ol, ingl\u00e9s y franc\u00e9s.","sameAs":["https:\/\/www.asesoriaorihuelacosta.com","https:\/\/www.facebook.com\/patrick.gordinneperez","https:\/\/www.linkedin.com\/in\/patrick-gordinne-perez-1b73aab3\/","https:\/\/www.youtube.com\/channel\/UC5e95RJEVQlxCnhwDmGNVCw"],"gender":"Hombre","knowsLanguage":["ingl\u00e9s","franc\u00e9s","espa\u00f1ol"],"jobTitle":"Gerente","worksFor":"Asesoria Orihuela Costa SL"}]}},"_links":{"self":[{"href":"https:\/\/www.asesoriaorihuelacosta.com\/fr\/wp-json\/wp\/v2\/posts\/24457","targetHints":{"allow":["GET"]}}],"collection":[{"href":"https:\/\/www.asesoriaorihuelacosta.com\/fr\/wp-json\/wp\/v2\/posts"}],"about":[{"href":"https:\/\/www.asesoriaorihuelacosta.com\/fr\/wp-json\/wp\/v2\/types\/post"}],"author":[{"embeddable":true,"href":"https:\/\/www.asesoriaorihuelacosta.com\/fr\/wp-json\/wp\/v2\/users\/2"}],"replies":[{"embeddable":true,"href":"https:\/\/www.asesoriaorihuelacosta.com\/fr\/wp-json\/wp\/v2\/comments?post=24457"}],"version-history":[{"count":10,"href":"https:\/\/www.asesoriaorihuelacosta.com\/fr\/wp-json\/wp\/v2\/posts\/24457\/revisions"}],"predecessor-version":[{"id":24467,"href":"https:\/\/www.asesoriaorihuelacosta.com\/fr\/wp-json\/wp\/v2\/posts\/24457\/revisions\/24467"}],"wp:featuredmedia":[{"embeddable":true,"href":"https:\/\/www.asesoriaorihuelacosta.com\/fr\/wp-json\/wp\/v2\/media\/24171"}],"wp:attachment":[{"href":"https:\/\/www.asesoriaorihuelacosta.com\/fr\/wp-json\/wp\/v2\/media?parent=24457"}],"wp:term":[{"taxonomy":"category","embeddable":true,"href":"https:\/\/www.asesoriaorihuelacosta.com\/fr\/wp-json\/wp\/v2\/categories?post=24457"},{"taxonomy":"post_tag","embeddable":true,"href":"https:\/\/www.asesoriaorihuelacosta.com\/fr\/wp-json\/wp\/v2\/tags?post=24457"}],"curies":[{"name":"wp","href":"https:\/\/api.w.org\/{rel}","templated":true}]}}