{"id":21155,"date":"2025-11-01T06:24:51","date_gmt":"2025-11-01T06:24:51","guid":{"rendered":"https:\/\/www.asesoriaorihuelacosta.com\/?p=21155"},"modified":"2024-02-07T21:02:33","modified_gmt":"2024-02-07T21:02:33","slug":"nouveau-systeme-de-communication-immediate-dinformations-sii-en-espagne","status":"publish","type":"post","link":"https:\/\/www.asesoriaorihuelacosta.com\/fr\/nouveau-systeme-de-communication-immediate-dinformations-sii-en-espagne\/","title":{"rendered":"Nouveau syst\u00e8me de Communication imm\u00e9diate d&rsquo;informations (SII) en Espagne"},"content":{"rendered":"\t\t<div data-elementor-type=\"wp-post\" data-elementor-id=\"21155\" class=\"elementor elementor-21155\" data-elementor-post-type=\"post\">\n\t\t\t\t\t\t<section data-particle_enable=\"false\" data-particle-mobile-disabled=\"false\" class=\"elementor-section elementor-top-section elementor-element elementor-element-fc889f2 elementor-section-boxed elementor-section-height-default elementor-section-height-default\" data-id=\"fc889f2\" data-element_type=\"section\" data-e-type=\"section\">\r\n\t\t\r\n\t\t\t\t\t\t\t<div class=\"elementor-container elementor-column-gap-default\">\r\n\t\t\t\t\t\t\t\t\t\t\t<div class=\"elementor-column elementor-col-100 elementor-top-column elementor-element elementor-element-cc893d5\" data-id=\"cc893d5\" data-element_type=\"column\" data-e-type=\"column\">\r\n\t\t\t\t\t<div class=\"elementor-widget-wrap elementor-element-populated\">\r\n\t\t\t\t\t\t\t\t<div class=\"elementor-element elementor-element-3413109 elementor-widget elementor-widget-text-editor\" data-id=\"3413109\" data-element_type=\"widget\" data-e-type=\"widget\" data-widget_type=\"text-editor.default\">\n\t\t\t\t<div class=\"elementor-widget-container\">\n\t\t\t\t\t\t\t\t\t<p>Si votre entreprise d\u00e9clare la TVA sur une base mensuelle, depuis juillet 2017, le nouveau syst\u00e8me de communication imm\u00e9diate d&rsquo;informations (SII) est applicable, ce qui vous obligera \u00e0 soumettre vos livres d&rsquo;enregistrement des factures par voie \u00e9lectronique.<\/p>\t\t\t\t\t\t\t\t<\/div>\n\t\t\t\t<\/div>\n\t\t\t\t\t<\/div>\r\n\t\t\t\t<\/div>\r\n\t\t\t\t\t<\/div>\r\n\t\t\t\t<\/section>\r\n\t\t\t\t<section data-particle_enable=\"false\" data-particle-mobile-disabled=\"false\" class=\"elementor-section elementor-top-section elementor-element elementor-element-041100a elementor-section-boxed elementor-section-height-default elementor-section-height-default\" data-id=\"041100a\" data-element_type=\"section\" data-e-type=\"section\">\r\n\t\t\r\n\t\t\t\t\t\t\t<div class=\"elementor-container elementor-column-gap-default\">\r\n\t\t\t\t\t\t\t\t\t\t\t<div class=\"elementor-column elementor-col-100 elementor-top-column elementor-element elementor-element-5910961\" data-id=\"5910961\" data-element_type=\"column\" data-e-type=\"column\">\r\n\t\t\t\t\t<div class=\"elementor-widget-wrap elementor-element-populated\">\r\n\t\t\t\t\t\t\t\t<div class=\"elementor-element elementor-element-e7e00da elementor-widget elementor-widget-heading\" data-id=\"e7e00da\" data-element_type=\"widget\" data-e-type=\"widget\" data-widget_type=\"heading.default\">\n\t\t\t\t<div class=\"elementor-widget-container\">\n\t\t\t\t\t<h2 class=\"elementor-heading-title elementor-size-default\">Nouveau syst\u00e8me d'information imm\u00e9diate (SII)<\/h2>\t\t\t\t<\/div>\n\t\t\t\t<\/div>\n\t\t\t\t\t<\/div>\r\n\t\t\t\t<\/div>\r\n\t\t\t\t\t<\/div>\r\n\t\t\t\t<\/section>\r\n\t\t\t\t<section data-particle_enable=\"false\" data-particle-mobile-disabled=\"false\" class=\"elementor-section elementor-top-section elementor-element elementor-element-2c9b621 elementor-section-boxed elementor-section-height-default elementor-section-height-default\" data-id=\"2c9b621\" data-element_type=\"section\" data-e-type=\"section\">\r\n\t\t\r\n\t\t\t\t\t\t\t<div class=\"elementor-container elementor-column-gap-default\">\r\n\t\t\t\t\t\t\t\t\t\t\t<div class=\"elementor-column elementor-col-100 elementor-top-column elementor-element elementor-element-2bf9273\" data-id=\"2bf9273\" data-element_type=\"column\" data-e-type=\"column\">\r\n\t\t\t\t\t<div class=\"elementor-widget-wrap elementor-element-populated\">\r\n\t\t\t\t\t\t\t\t<div class=\"elementor-element elementor-element-fab80ef elementor-widget elementor-widget-text-editor\" data-id=\"fab80ef\" data-element_type=\"widget\" data-e-type=\"widget\" data-widget_type=\"text-editor.default\">\n\t\t\t\t<div class=\"elementor-widget-container\">\n\t\t\t\t\t\t\t\t\t<p>Si votre entreprise d\u00e9pose ses d\u00e9clarations de TVA sur une base mensuelle (ce sera le cas si vous facturez plus de 6 010 121,04 euros par an, ou si vous \u00eates inscrit au r\u00e9gime des groupes ou au REDEME), depuis juillet 2017, vous devez d\u00e9poser vos d\u00e9clarations de TVA par voie \u00e9lectronique.<\/p><p>Pour ce faire, vous devez utiliser un service web ou un formulaire \u00e9lectronique que l&rsquo;Administration fiscale a mis en place sur son E-Office.<\/p><h3>Information imm\u00e9diate<\/h3><p>Mais l&rsquo;aspect le plus innovant est l&rsquo;imm\u00e9diatet\u00e9 de ce syst\u00e8me SII. Ainsi, par exemple :<\/p><p>Les donn\u00e9es relatives aux factures \u00e9mises doivent \u00eatre fournies dans les quatre jours suivant leur \u00e9mission, et toujours avant le 16 du mois suivant celui au cours duquel la vente a \u00e9t\u00e9 effectu\u00e9e.<br \/>Les donn\u00e9es relatives aux factures re\u00e7ues doivent \u00eatre communiqu\u00e9es dans les quatre jours suivant leur enregistrement et toujours avant le 16e jour du mois suivant le mois au cours duquel se situe la p\u00e9riode de d\u00e9compte de la TVA dans laquelle elles ont \u00e9t\u00e9 incluses.<\/p><p>Tant pour les factures \u00e9mises que pour les factures re\u00e7ues, les samedis, dimanches et jours f\u00e9ri\u00e9s nationaux ne sont pas pris en compte dans le calcul des jours.<\/p><h3>Sanctions du SII<\/h3><p>Si votre entreprise ne respecte pas cette nouvelle obligation de d\u00e9claration, l&rsquo;administration fiscale peut imposer une p\u00e9nalit\u00e9 de 0,5 % du montant des factures non d\u00e9clar\u00e9es, avec un minimum trimestriel de 300 euros et un maximum de 6 000 euros.<\/p>\t\t\t\t\t\t\t\t<\/div>\n\t\t\t\t<\/div>\n\t\t\t\t\t<\/div>\r\n\t\t\t\t<\/div>\r\n\t\t\t\t\t<\/div>\r\n\t\t\t\t<\/section>\r\n\t\t\t\t<section data-particle_enable=\"false\" data-particle-mobile-disabled=\"false\" class=\"elementor-section elementor-top-section elementor-element elementor-element-286f250 elementor-section-boxed elementor-section-height-default elementor-section-height-default\" data-id=\"286f250\" data-element_type=\"section\" data-e-type=\"section\">\r\n\t\t\r\n\t\t\t\t\t\t\t<div class=\"elementor-container elementor-column-gap-default\">\r\n\t\t\t\t\t\t\t\t\t\t\t<div class=\"elementor-column elementor-col-100 elementor-top-column elementor-element elementor-element-d1c5b61\" data-id=\"d1c5b61\" data-element_type=\"column\" data-e-type=\"column\">\r\n\t\t\t\t\t<div class=\"elementor-widget-wrap elementor-element-populated\">\r\n\t\t\t\t\t\t\t\t<div class=\"elementor-element elementor-element-99dc14c elementor-widget elementor-widget-heading\" data-id=\"99dc14c\" data-element_type=\"widget\" data-e-type=\"widget\" data-widget_type=\"heading.default\">\n\t\t\t\t<div class=\"elementor-widget-container\">\n\t\t\t\t\t<h2 class=\"elementor-heading-title elementor-size-default\">Avantages du nouveau syst\u00e8me d'information imm\u00e9diate SII<\/h2>\t\t\t\t<\/div>\n\t\t\t\t<\/div>\n\t\t\t\t\t<\/div>\r\n\t\t\t\t<\/div>\r\n\t\t\t\t\t<\/div>\r\n\t\t\t\t<\/section>\r\n\t\t\t\t<section data-particle_enable=\"false\" data-particle-mobile-disabled=\"false\" class=\"elementor-section elementor-top-section elementor-element elementor-element-c22e671 elementor-section-boxed elementor-section-height-default elementor-section-height-default\" data-id=\"c22e671\" data-element_type=\"section\" data-e-type=\"section\">\r\n\t\t\r\n\t\t\t\t\t\t\t<div class=\"elementor-container elementor-column-gap-default\">\r\n\t\t\t\t\t\t\t\t\t\t\t<div class=\"elementor-column elementor-col-100 elementor-top-column elementor-element elementor-element-12a0449\" data-id=\"12a0449\" data-element_type=\"column\" data-e-type=\"column\">\r\n\t\t\t\t\t<div class=\"elementor-widget-wrap elementor-element-populated\">\r\n\t\t\t\t\t\t\t\t<div class=\"elementor-element elementor-element-a237356 elementor-widget elementor-widget-text-editor\" data-id=\"a237356\" data-element_type=\"widget\" data-e-type=\"widget\" data-widget_type=\"text-editor.default\">\n\t\t\t\t<div class=\"elementor-widget-container\">\n\t\t\t\t\t\t\t\t\t<h3>Avantages du SII<\/h3><p>En contrepartie de l&rsquo;application de ce r\u00e9gime, votre entreprise obtiendra certains avantages :<\/p><ul><li>Puisque vous d\u00e9clarerez d\u00e9j\u00e0 toutes vos op\u00e9rations, vous serez dispens\u00e9 de d\u00e9poser la d\u00e9claration annuelle des op\u00e9rations avec les tiers (formulaire 347), le r\u00e9capitulatif annuel de TVA (formulaire 390) et le formulaire 340 (si votre entreprise est inscrite au REDEME).<\/li><li>Par ailleurs, \u00e0 partir de juillet 2017, vous pourrez d\u00e9poser vos d\u00e9clarations de TVA jusqu&rsquo;au 30 de chaque mois (au lieu du 20, comme c&rsquo;est le cas actuellement). Dans le cas des d\u00e9clarations pour les mois de janvier, jusqu&rsquo;au dernier jour de f\u00e9vrier (le 28 ou le 29, selon que l&rsquo;ann\u00e9e est bissextile ou non).<\/li><\/ul>\t\t\t\t\t\t\t\t<\/div>\n\t\t\t\t<\/div>\n\t\t\t\t\t<\/div>\r\n\t\t\t\t<\/div>\r\n\t\t\t\t\t<\/div>\r\n\t\t\t\t<\/section>\r\n\t\t\t\t<section data-particle_enable=\"false\" data-particle-mobile-disabled=\"false\" class=\"elementor-section elementor-top-section elementor-element elementor-element-f4749f1 elementor-section-boxed elementor-section-height-default elementor-section-height-default\" data-id=\"f4749f1\" data-element_type=\"section\" data-e-type=\"section\">\r\n\t\t\r\n\t\t\t\t\t\t\t<div class=\"elementor-container elementor-column-gap-default\">\r\n\t\t\t\t\t\t\t\t\t\t\t<div class=\"elementor-column elementor-col-100 elementor-top-column elementor-element elementor-element-c110c61\" data-id=\"c110c61\" data-element_type=\"column\" data-e-type=\"column\">\r\n\t\t\t\t\t<div class=\"elementor-widget-wrap elementor-element-populated\">\r\n\t\t\t\t\t\t\t\t<div class=\"elementor-element elementor-element-6a0a2ed elementor-widget elementor-widget-heading\" data-id=\"6a0a2ed\" data-element_type=\"widget\" data-e-type=\"widget\" data-widget_type=\"heading.default\">\n\t\t\t\t<div class=\"elementor-widget-container\">\n\t\t\t\t\t<h2 class=\"elementor-heading-title elementor-size-default\">Recommandation concernant le SII<\/h2>\t\t\t\t<\/div>\n\t\t\t\t<\/div>\n\t\t\t\t\t<\/div>\r\n\t\t\t\t<\/div>\r\n\t\t\t\t\t<\/div>\r\n\t\t\t\t<\/section>\r\n\t\t\t\t<section data-particle_enable=\"false\" data-particle-mobile-disabled=\"false\" class=\"elementor-section elementor-top-section elementor-element elementor-element-1aea0de elementor-section-boxed elementor-section-height-default elementor-section-height-default\" data-id=\"1aea0de\" data-element_type=\"section\" data-e-type=\"section\">\r\n\t\t\r\n\t\t\t\t\t\t\t<div class=\"elementor-container elementor-column-gap-default\">\r\n\t\t\t\t\t\t\t\t\t\t\t<div class=\"elementor-column elementor-col-100 elementor-top-column elementor-element elementor-element-a16c6d9\" data-id=\"a16c6d9\" data-element_type=\"column\" data-e-type=\"column\">\r\n\t\t\t\t\t<div class=\"elementor-widget-wrap elementor-element-populated\">\r\n\t\t\t\t\t\t\t\t<div class=\"elementor-element elementor-element-1d01bbb elementor-widget elementor-widget-text-editor\" data-id=\"1d01bbb\" data-element_type=\"widget\" data-e-type=\"widget\" data-widget_type=\"text-editor.default\">\n\t\t\t\t<div class=\"elementor-widget-container\">\n\t\t\t\t\t\t\t\t\t<p>Pour vous faciliter la t\u00e2che, pensez \u00e0 \u00e9mettre toutes les factures de vente et \u00e0 comptabiliser toutes les factures d&rsquo;achat \u00e0 la date de certains jours du mois (par exemple, le 10, le 20 et le dernier jour du mois) :<\/p><ul><li>De cette mani\u00e8re, dans les quatre jours suivant ces dates, votre entreprise saura qu&rsquo;elle doit envoyer les d\u00e9tails de ses factures \u00e0 l&rsquo;administration fiscale (dans ce cas, elle devra fournir les informations trois fois par mois).<\/li><li>Si vous enregistrez les factures re\u00e7ues au fur et \u00e0 mesure que vous les recevez ou les factures \u00e9mises au fur et \u00e0 mesure que vous effectuez des op\u00e9rations, vous devrez fournir les informations plus r\u00e9guli\u00e8rement et il sera plus difficile d&rsquo;exercer un contr\u00f4le ad\u00e9quat, et vous risquez d&rsquo;encourir des sanctions.<\/li><\/ul>\t\t\t\t\t\t\t\t<\/div>\n\t\t\t\t<\/div>\n\t\t\t\t\t<\/div>\r\n\t\t\t\t<\/div>\r\n\t\t\t\t\t<\/div>\r\n\t\t\t\t<\/section>\r\n\t\t\t\t<section data-particle_enable=\"false\" data-particle-mobile-disabled=\"false\" class=\"elementor-section elementor-top-section elementor-element elementor-element-aa11f6a elementor-section-boxed elementor-section-height-default elementor-section-height-default\" data-id=\"aa11f6a\" data-element_type=\"section\" data-e-type=\"section\">\r\n\t\t\r\n\t\t\t\t\t\t\t<div class=\"elementor-container elementor-column-gap-default\">\r\n\t\t\t\t\t\t\t\t\t\t\t<div class=\"elementor-column elementor-col-100 elementor-top-column elementor-element elementor-element-bfd0574\" data-id=\"bfd0574\" data-element_type=\"column\" data-e-type=\"column\">\r\n\t\t\t\t\t<div class=\"elementor-widget-wrap elementor-element-populated\">\r\n\t\t\t\t\t\t\t\t<div class=\"elementor-element elementor-element-4ea1817 elementor-align-center elementor-widget elementor-widget-button\" data-id=\"4ea1817\" data-element_type=\"widget\" data-e-type=\"widget\" data-widget_type=\"button.default\">\n\t\t\t\t<div class=\"elementor-widget-container\">\n\t\t\t\t\t\t\t\t\t<div class=\"elementor-button-wrapper\">\n\t\t\t\t\t<a class=\"elementor-button elementor-button-link elementor-size-lg elementor-animation-pop\" href=\"https:\/\/www.asesoriaorihuelacosta.com\/fr\/contacter\/\">\n\t\t\t\t\t\t<span class=\"elementor-button-content-wrapper\">\n\t\t\t\t\t\t\t\t\t<span class=\"elementor-button-text\">Je souhaite obtenir plus d'informations sur le syst\u00e8me d'information imm\u00e9diate SII.<\/span>\n\t\t\t\t\t<\/span>\n\t\t\t\t\t<\/a>\n\t\t\t\t<\/div>\n\t\t\t\t\t\t\t\t<\/div>\n\t\t\t\t<\/div>\n\t\t\t\t\t<\/div>\r\n\t\t\t\t<\/div>\r\n\t\t\t\t\t<\/div>\r\n\t\t\t\t<\/section>\r\n\t\t\t\t<section data-particle_enable=\"false\" data-particle-mobile-disabled=\"false\" class=\"elementor-section elementor-top-section elementor-element elementor-element-635d41a elementor-section-boxed elementor-section-height-default elementor-section-height-default\" data-id=\"635d41a\" data-element_type=\"section\" data-e-type=\"section\">\r\n\t\t\r\n\t\t\t\t\t\t\t<div class=\"elementor-container elementor-column-gap-default\">\r\n\t\t\t\t\t\t\t\t\t\t\t<div class=\"elementor-column elementor-col-100 elementor-top-column elementor-element elementor-element-ac35890\" data-id=\"ac35890\" data-element_type=\"column\" data-e-type=\"column\">\r\n\t\t\t\t\t<div class=\"elementor-widget-wrap elementor-element-populated\">\r\n\t\t\t\t\t\t\t\t<div class=\"elementor-element elementor-element-a4d9cb6 elementor-widget elementor-widget-heading\" data-id=\"a4d9cb6\" data-element_type=\"widget\" data-e-type=\"widget\" data-widget_type=\"heading.default\">\n\t\t\t\t<div class=\"elementor-widget-container\">\n\t\t\t\t\t<h2 class=\"elementor-heading-title elementor-size-default\">Respecter les d\u00e9lais de soumission de l'IIS<\/h2>\t\t\t\t<\/div>\n\t\t\t\t<\/div>\n\t\t\t\t\t<\/div>\r\n\t\t\t\t<\/div>\r\n\t\t\t\t\t<\/div>\r\n\t\t\t\t<\/section>\r\n\t\t\t\t<section data-particle_enable=\"false\" data-particle-mobile-disabled=\"false\" class=\"elementor-section elementor-top-section elementor-element elementor-element-9a6864f elementor-section-boxed elementor-section-height-default elementor-section-height-default\" data-id=\"9a6864f\" data-element_type=\"section\" data-e-type=\"section\">\r\n\t\t\r\n\t\t\t\t\t\t\t<div class=\"elementor-container elementor-column-gap-default\">\r\n\t\t\t\t\t\t\t\t\t\t\t<div class=\"elementor-column elementor-col-100 elementor-top-column elementor-element elementor-element-6c5b2b3\" data-id=\"6c5b2b3\" data-element_type=\"column\" data-e-type=\"column\">\r\n\t\t\t\t\t<div class=\"elementor-widget-wrap elementor-element-populated\">\r\n\t\t\t\t\t\t\t\t<div class=\"elementor-element elementor-element-0439f57 elementor-widget elementor-widget-text-editor\" data-id=\"0439f57\" data-element_type=\"widget\" data-e-type=\"widget\" data-widget_type=\"text-editor.default\">\n\t\t\t\t<div class=\"elementor-widget-container\">\n\t\t\t\t\t\t\t\t\t<h3>les factures \u00e9mises et les factures re\u00e7ues.<\/h3><p>Si votre entreprise soumet ses registres de factures par le biais de la fourniture imm\u00e9diate d&rsquo;informations (SII), n&rsquo;oubliez pas qu&rsquo;\u00e0 partir de 2018, le d\u00e9lai d&rsquo;envoi des donn\u00e9es correspondantes n&rsquo;est plus que de quatre jours (en 2017, il \u00e9tait de huit jours), sans compter les samedis, les dimanches et les jours f\u00e9ri\u00e9s nationaux. A noter . Pr\u00e9cis\u00e9ment :<\/p><ul><li>Vous devez fournir les donn\u00e9es relatives aux factures \u00e9mises dans les quatre jours suivant leur \u00e9mission, et toujours avant le 16 du mois suivant celui au cours duquel la vente a \u00e9t\u00e9 r\u00e9alis\u00e9e.<\/li><li>En ce qui concerne les factures re\u00e7ues, vous devez fournir les donn\u00e9es dans les quatre jours suivant leur enregistrement et toujours avant le 16 du mois suivant celui de la p\u00e9riode de r\u00e8glement dans laquelle les transactions doivent \u00eatre incluses.<\/li><li>Biens d&rsquo;investissement dans l&rsquo;ISI<\/li><\/ul><h3>Si votre entreprise est assujettie au prorata,<\/h3><p>vous devez \u00e9galement fournir les donn\u00e9es du registre des biens d&rsquo;investissement (biens d&rsquo;une valeur sup\u00e9rieure \u00e0 3.005,06 euros susceptibles d&rsquo;\u00eatre utilis\u00e9s pendant plus d&rsquo;un an), en l&rsquo;occurrence jusqu&rsquo;au 30 janvier de l&rsquo;ann\u00e9e suivante.<\/p><p>Les informations contenues dans ce cahier s&rsquo;ajoutent \u00e0 celles du cahier des factures re\u00e7ues, de sorte que ces acquisitions sont enregistr\u00e9es dans les deux cahiers.<\/p><h3>Op\u00e9rations intracommunautaires dans le SII<\/h3><p>Enfin, vous devez fournir les donn\u00e9es du carnet d&rsquo;op\u00e9rations intracommunautaires dans un d\u00e9lai de quatre jours \u00e0 compter du d\u00e9but du transport ou, le cas \u00e9ch\u00e9ant, de la r\u00e9ception des marchandises.<\/p><p>Ne vous y trompez pas, les livraisons et acquisitions intracommunautaires habituelles doivent \u00eatre enregistr\u00e9es dans les livres de factures \u00e9mises et re\u00e7ues. Les op\u00e9rations du registre des op\u00e9rations intracommunautaires sont uniquement les suivantes :<\/p><p>L&rsquo;exp\u00e9dition ou la r\u00e9ception de biens pour la r\u00e9alisation d&rsquo;expertises ou de travaux effectu\u00e9s sur des biens meubles corporels.<br \/>Le transfert de biens d&rsquo;une m\u00eame entreprise d&rsquo;un pays de l&rsquo;UE \u00e0 un autre.<\/p>\t\t\t\t\t\t\t\t<\/div>\n\t\t\t\t<\/div>\n\t\t\t\t\t<\/div>\r\n\t\t\t\t<\/div>\r\n\t\t\t\t\t<\/div>\r\n\t\t\t\t<\/section>\r\n\t\t\t\t<section data-particle_enable=\"false\" data-particle-mobile-disabled=\"false\" class=\"elementor-section elementor-top-section elementor-element elementor-element-e13adf7 elementor-section-boxed elementor-section-height-default elementor-section-height-default\" data-id=\"e13adf7\" data-element_type=\"section\" data-e-type=\"section\">\r\n\t\t\r\n\t\t\t\t\t\t\t<div class=\"elementor-container elementor-column-gap-default\">\r\n\t\t\t\t\t\t\t\t\t\t\t<div class=\"elementor-column elementor-col-100 elementor-top-column elementor-element elementor-element-5e1fa41\" data-id=\"5e1fa41\" data-element_type=\"column\" data-e-type=\"column\">\r\n\t\t\t\t\t<div class=\"elementor-widget-wrap elementor-element-populated\">\r\n\t\t\t\t\t\t\t\t<div class=\"elementor-element elementor-element-1d7a6d9 elementor-widget elementor-widget-heading\" data-id=\"1d7a6d9\" data-element_type=\"widget\" data-e-type=\"widget\" data-widget_type=\"heading.default\">\n\t\t\t\t<div class=\"elementor-widget-container\">\n\t\t\t\t\t<h2 class=\"elementor-heading-title elementor-size-default\">Sanctions du SII<\/h2>\t\t\t\t<\/div>\n\t\t\t\t<\/div>\n\t\t\t\t\t<\/div>\r\n\t\t\t\t<\/div>\r\n\t\t\t\t\t<\/div>\r\n\t\t\t\t<\/section>\r\n\t\t\t\t<section data-particle_enable=\"false\" data-particle-mobile-disabled=\"false\" class=\"elementor-section elementor-top-section elementor-element elementor-element-08e8248 elementor-section-boxed elementor-section-height-default elementor-section-height-default\" data-id=\"08e8248\" data-element_type=\"section\" data-e-type=\"section\">\r\n\t\t\r\n\t\t\t\t\t\t\t<div class=\"elementor-container elementor-column-gap-default\">\r\n\t\t\t\t\t\t\t\t\t\t\t<div class=\"elementor-column elementor-col-100 elementor-top-column elementor-element elementor-element-e0780c3\" data-id=\"e0780c3\" data-element_type=\"column\" data-e-type=\"column\">\r\n\t\t\t\t\t<div class=\"elementor-widget-wrap elementor-element-populated\">\r\n\t\t\t\t\t\t\t\t<div class=\"elementor-element elementor-element-ffe4fd9 elementor-widget elementor-widget-text-editor\" data-id=\"ffe4fd9\" data-element_type=\"widget\" data-e-type=\"widget\" data-widget_type=\"text-editor.default\">\n\t\t\t\t<div class=\"elementor-widget-container\">\n\t\t\t\t\t\t\t\t\t<p>P\u00e9nalit\u00e9 pour soumission tardive au SII<\/p><p>Attention, veillez \u00e0 respecter les d\u00e9lais de remise. Dans le cas contraire, l&rsquo;administration fiscale peut vous infliger des p\u00e9nalit\u00e9s selon les modalit\u00e9s suivantes (qui ont \u00e9t\u00e9 approuv\u00e9es en 2018) :<\/p><ul><li>En g\u00e9n\u00e9ral, la p\u00e9nalit\u00e9 est de 0,5 % du montant des factures d\u00e9clar\u00e9es en retard. Ce montant comprend la TVA, ainsi que la majoration d&rsquo;\u00e9quivalence \u00e9ventuellement applicable et l&rsquo;indemnisation au titre du r\u00e9gime de l&rsquo;agriculture, de l&rsquo;\u00e9levage et de la p\u00eache (REAGP).<\/li><li>La p\u00e9nalit\u00e9 minimale est de 300 euros et la p\u00e9nalit\u00e9 maximale de 6 000 euros par trimestre. Tant le minimum que le maximum doivent \u00eatre d\u00e9termin\u00e9s en tenant compte de toutes les infractions commises au cours de chaque trimestre civil.<\/li><li>Dans le cas du registre des biens d&rsquo;investissement et des op\u00e9rations intracommunautaires, l&rsquo;amende est de 150 euros par registre.<\/li><li>D\u00e9faut de tenue des registres<\/li><\/ul><p>\u00c9tant donn\u00e9 que certains chefs d&rsquo;entreprise consid\u00e8rent l&rsquo;ISI comme une charge excessive et que ces sanctions ne semblent pas \u00e9lev\u00e9es (surtout si le volume des op\u00e9rations est important), ils pourraient envisager de ne pas d\u00e9poser leurs livres par voie \u00e9lectronique et d&rsquo;assumer ce co\u00fbt.<\/p><p>Eh bien, ne jouez pas. Ces sanctions ne sont applicables que si vous vous conformez \u00e0 l&rsquo;IIS. Dans le cas contraire, les p\u00e9nalit\u00e9s sont plus \u00e9lev\u00e9es : 1 % du chiffre d&rsquo;affaires, avec un minimum de 600 euros et sans limite sup\u00e9rieure.<\/p><p>Si votre entreprise tarde \u00e0 fournir les donn\u00e9es relatives aux factures \u00e9mises ou re\u00e7ues, l&rsquo;administration fiscale peut imposer une p\u00e9nalit\u00e9 de 0,5 % du montant de ces factures, avec un minimum de 300 euros et un maximum de 6 000 euros par trimestre.<\/p>\t\t\t\t\t\t\t\t<\/div>\n\t\t\t\t<\/div>\n\t\t\t\t\t<\/div>\r\n\t\t\t\t<\/div>\r\n\t\t\t\t\t<\/div>\r\n\t\t\t\t<\/section>\r\n\t\t\t\t<section data-particle_enable=\"false\" data-particle-mobile-disabled=\"false\" class=\"elementor-section elementor-top-section elementor-element elementor-element-6cf3667 elementor-section-boxed elementor-section-height-default elementor-section-height-default\" data-id=\"6cf3667\" data-element_type=\"section\" data-e-type=\"section\">\r\n\t\t\r\n\t\t\t\t\t\t\t<div class=\"elementor-container elementor-column-gap-default\">\r\n\t\t\t\t\t\t\t\t\t\t\t<div class=\"elementor-column elementor-col-100 elementor-top-column elementor-element elementor-element-c71b49f\" data-id=\"c71b49f\" data-element_type=\"column\" data-e-type=\"column\">\r\n\t\t\t\t\t<div class=\"elementor-widget-wrap elementor-element-populated\">\r\n\t\t\t\t\t\t\t\t<div class=\"elementor-element elementor-element-48a64a5 elementor-widget elementor-widget-heading\" data-id=\"48a64a5\" data-element_type=\"widget\" data-e-type=\"widget\" data-widget_type=\"heading.default\">\n\t\t\t\t<div class=\"elementor-widget-container\">\n\t\t\t\t\t<h2 class=\"elementor-heading-title elementor-size-default\">V\u00e9rifiez si vous devez faire une d\u00e9claration mensuelle<\/h2>\t\t\t\t<\/div>\n\t\t\t\t<\/div>\n\t\t\t\t\t<\/div>\r\n\t\t\t\t<\/div>\r\n\t\t\t\t\t<\/div>\r\n\t\t\t\t<\/section>\r\n\t\t\t\t<section data-particle_enable=\"false\" data-particle-mobile-disabled=\"false\" class=\"elementor-section elementor-top-section elementor-element elementor-element-e9b4f86 elementor-section-boxed elementor-section-height-default elementor-section-height-default\" data-id=\"e9b4f86\" data-element_type=\"section\" data-e-type=\"section\">\r\n\t\t\r\n\t\t\t\t\t\t\t<div class=\"elementor-container elementor-column-gap-default\">\r\n\t\t\t\t\t\t\t\t\t\t\t<div class=\"elementor-column elementor-col-100 elementor-top-column elementor-element elementor-element-03cc15a\" data-id=\"03cc15a\" data-element_type=\"column\" data-e-type=\"column\">\r\n\t\t\t\t\t<div class=\"elementor-widget-wrap elementor-element-populated\">\r\n\t\t\t\t\t\t\t\t<div class=\"elementor-element elementor-element-4c13ffd elementor-widget elementor-widget-text-editor\" data-id=\"4c13ffd\" data-element_type=\"widget\" data-e-type=\"widget\" data-widget_type=\"text-editor.default\">\n\t\t\t\t<div class=\"elementor-widget-container\">\n\t\t\t\t\t\t\t\t\t<h3>Vous \u00eates une grande entreprise ?<\/h3><p>Si votre entreprise remplit des d\u00e9clarations trimestrielles, v\u00e9rifiez en janvier si votre chiffre d&rsquo;affaires de l&rsquo;ann\u00e9e derni\u00e8re a d\u00e9pass\u00e9 6.010.121,04 euros.<\/p><p>Attention ! Si c&rsquo;est le cas, vous devenez une grande entreprise. Si c&rsquo;est le cas, \u00e0 partir de ce moment-l\u00e0 :<\/p><p>Vous devrez d\u00e9poser vos d\u00e9clarations r\u00e9guli\u00e8res de TVA et de pr\u00e9compte professionnel sur une base mensuelle et non plus trimestrielle.<br \/>Pour le calcul des acomptes de l&rsquo;imp\u00f4t sur les soci\u00e9t\u00e9s, vous devrez utiliser la m\u00e9thode de l&rsquo;assiette.<br \/>En outre, vous devez d\u00e9poser vos registres d&rsquo;immatriculation \u00e0 la TVA en ligne via le syst\u00e8me de fourniture imm\u00e9diate d&rsquo;informations (SII).<br \/>Si vous \u00eates une nouvelle grande entreprise, vous devez d\u00e9poser une d\u00e9claration de recensement.<\/p><p>Dans ce cas, au cours du mois de janvier, vous devez d\u00e9poser une d\u00e9claration de recensement et inscrire votre entreprise au registre des grandes entreprises.<\/p><p>De m\u00eame, si au cours des ann\u00e9es pr\u00e9c\u00e9dentes votre entreprise \u00e9tait une grande entreprise, mais que l&rsquo;ann\u00e9e derni\u00e8re votre volume d&rsquo;op\u00e9rations \u00e9tait inf\u00e9rieur \u00e0 6.010.121,04 euros, informez-les que vous avez cess\u00e9 de l&rsquo;\u00eatre et que, dor\u00e9navant, vous d\u00e9poserez vos d\u00e9clarations sur une base trimestrielle.<\/p>\t\t\t\t\t\t\t\t<\/div>\n\t\t\t\t<\/div>\n\t\t\t\t\t<\/div>\r\n\t\t\t\t<\/div>\r\n\t\t\t\t\t<\/div>\r\n\t\t\t\t<\/section>\r\n\t\t\t\t<section data-particle_enable=\"false\" data-particle-mobile-disabled=\"false\" class=\"elementor-section elementor-top-section elementor-element elementor-element-cae3e29 elementor-section-boxed elementor-section-height-default elementor-section-height-default\" data-id=\"cae3e29\" data-element_type=\"section\" data-e-type=\"section\">\r\n\t\t\r\n\t\t\t\t\t\t\t<div class=\"elementor-container elementor-column-gap-default\">\r\n\t\t\t\t\t\t\t\t\t\t\t<div class=\"elementor-column elementor-col-100 elementor-top-column elementor-element elementor-element-012d639\" data-id=\"012d639\" data-element_type=\"column\" data-e-type=\"column\">\r\n\t\t\t\t\t<div class=\"elementor-widget-wrap elementor-element-populated\">\r\n\t\t\t\t\t\t\t\t<div class=\"elementor-element elementor-element-460d830 elementor-widget elementor-widget-text-editor\" data-id=\"460d830\" data-element_type=\"widget\" data-e-type=\"widget\" data-widget_type=\"text-editor.default\">\n\t\t\t\t<div class=\"elementor-widget-container\">\n\t\t\t\t\t\t\t\t\t<div id=\"articleIntro\" class=\"articleIntro\">Si votre entreprise est tenue de pr\u00e9senter ses registres de TVA par l&rsquo;interm\u00e9diaire du SII, respectez les d\u00e9lais dont vous disposez pour envoyer les informations et \u00e9vitez les p\u00e9nalit\u00e9s applicables dans ces cas&#8230;<\/div>\t\t\t\t\t\t\t\t<\/div>\n\t\t\t\t<\/div>\n\t\t\t\t\t<\/div>\r\n\t\t\t\t<\/div>\r\n\t\t\t\t\t<\/div>\r\n\t\t\t\t<\/section>\r\n\t\t\t\t<\/div>\n\t\t","protected":false},"excerpt":{"rendered":"<p>Si votre entreprise d\u00e9clare la TVA sur une base mensuelle, depuis juillet 2017, le nouveau syst\u00e8me de communication imm\u00e9diate d&rsquo;informations (SII) est applicable, ce qui vous obligera \u00e0 soumettre vos livres d&rsquo;enregistrement des factures par voie \u00e9lectronique. Nouveau syst\u00e8me d&rsquo;information imm\u00e9diate (SII) Si votre entreprise d\u00e9pose ses d\u00e9clarations de TVA sur une base mensuelle (ce [&hellip;]<\/p>\n","protected":false},"author":2,"featured_media":20914,"comment_status":"closed","ping_status":"closed","sticky":false,"template":"","format":"standard","meta":{"_eb_attr":"","inline_featured_image":false,"footnotes":""},"categories":[45,1],"tags":[],"class_list":["post-21155","post","type-post","status-publish","format-standard","has-post-thumbnail","hentry","category-blog"],"featured_image_src":{"landsacpe":["https:\/\/www.asesoriaorihuelacosta.com\/wp-content\/uploads\/2024\/02\/sistema-de-informacion-inmediata-SII.jpg",640,427,false],"list":["https:\/\/www.asesoriaorihuelacosta.com\/wp-content\/uploads\/2024\/02\/sistema-de-informacion-inmediata-SII-463x348.jpg",463,348,true],"medium":["https:\/\/www.asesoriaorihuelacosta.com\/wp-content\/uploads\/2024\/02\/sistema-de-informacion-inmediata-SII-300x200.jpg",300,200,true],"full":["https:\/\/www.asesoriaorihuelacosta.com\/wp-content\/uploads\/2024\/02\/sistema-de-informacion-inmediata-SII.jpg",640,427,false]},"yoast_head":"<!-- This site is optimized with the Yoast SEO Premium plugin v24.7 (Yoast SEO v27.4) - https:\/\/yoast.com\/product\/yoast-seo-premium-wordpress\/ -->\n<title>Syst\u00e8me de Communication imm\u00e9diate d&#039;informations (SII)<\/title>\n<meta name=\"description\" content=\"Si vous d\u00e9clarez la TVA mensuellement, la communication imm\u00e9diate d&#039;informations (SII) vous oblige \u00e0 soumettre les factures \u00e9lectroniquement.\" \/>\n<meta name=\"robots\" content=\"index, follow, max-snippet:-1, max-image-preview:large, max-video-preview:-1\" \/>\n<link rel=\"canonical\" href=\"https:\/\/www.asesoriaorihuelacosta.com\/fr\/nouveau-systeme-de-communication-immediate-dinformations-sii-en-espagne\/\" \/>\n<meta property=\"og:locale\" content=\"fr_FR\" \/>\n<meta property=\"og:type\" content=\"article\" \/>\n<meta property=\"og:title\" content=\"Nouveau syst\u00e8me de Communication imm\u00e9diate d&#039;informations (SII) en Espagne\" \/>\n<meta property=\"og:description\" content=\"Si vous d\u00e9clarez la TVA mensuellement, la communication imm\u00e9diate d&#039;informations (SII) vous oblige \u00e0 soumettre les factures \u00e9lectroniquement.\" \/>\n<meta property=\"og:url\" content=\"https:\/\/www.asesoriaorihuelacosta.com\/fr\/nouveau-systeme-de-communication-immediate-dinformations-sii-en-espagne\/\" \/>\n<meta property=\"og:site_name\" content=\"Asesor\u00eda Orihuela Costa\" \/>\n<meta property=\"article:publisher\" content=\"https:\/\/www.facebook.com\/asesoriaorihuelacosta\" \/>\n<meta property=\"article:author\" content=\"https:\/\/www.facebook.com\/patrick.gordinneperez\" \/>\n<meta property=\"article:published_time\" content=\"2025-11-01T06:24:51+00:00\" \/>\n<meta property=\"og:image\" content=\"https:\/\/www.asesoriaorihuelacosta.com\/wp-content\/uploads\/2024\/02\/sistema-de-informacion-inmediata-SII.jpg\" \/>\n\t<meta property=\"og:image:width\" content=\"640\" \/>\n\t<meta property=\"og:image:height\" content=\"427\" \/>\n\t<meta property=\"og:image:type\" content=\"image\/jpeg\" \/>\n<meta name=\"author\" content=\"Patrick Gordinne Perez\" \/>\n<meta name=\"twitter:card\" content=\"summary_large_image\" \/>\n<meta name=\"twitter:label1\" content=\"\u00c9crit par\" \/>\n\t<meta name=\"twitter:data1\" content=\"Patrick Gordinne Perez\" \/>\n\t<meta name=\"twitter:label2\" content=\"Dur\u00e9e de lecture estim\u00e9e\" \/>\n\t<meta name=\"twitter:data2\" content=\"7 minutes\" \/>\n<script type=\"application\/ld+json\" class=\"yoast-schema-graph\">{\"@context\":\"https:\\\/\\\/schema.org\",\"@graph\":[{\"@type\":\"Article\",\"@id\":\"https:\\\/\\\/www.asesoriaorihuelacosta.com\\\/fr\\\/nouveau-systeme-de-communication-immediate-dinformations-sii-en-espagne\\\/#article\",\"isPartOf\":{\"@id\":\"https:\\\/\\\/www.asesoriaorihuelacosta.com\\\/fr\\\/nouveau-systeme-de-communication-immediate-dinformations-sii-en-espagne\\\/\"},\"author\":{\"name\":\"Patrick Gordinne Perez\",\"@id\":\"https:\\\/\\\/www.asesoriaorihuelacosta.com\\\/fr\\\/#\\\/schema\\\/person\\\/6614ce8cf6d2de542aaf351629fd539e\"},\"headline\":\"Nouveau syst\u00e8me de Communication imm\u00e9diate d&rsquo;informations (SII) en Espagne\",\"datePublished\":\"2025-11-01T06:24:51+00:00\",\"mainEntityOfPage\":{\"@id\":\"https:\\\/\\\/www.asesoriaorihuelacosta.com\\\/fr\\\/nouveau-systeme-de-communication-immediate-dinformations-sii-en-espagne\\\/\"},\"wordCount\":1531,\"publisher\":{\"@id\":\"https:\\\/\\\/www.asesoriaorihuelacosta.com\\\/fr\\\/#organization\"},\"image\":{\"@id\":\"https:\\\/\\\/www.asesoriaorihuelacosta.com\\\/fr\\\/nouveau-systeme-de-communication-immediate-dinformations-sii-en-espagne\\\/#primaryimage\"},\"thumbnailUrl\":\"https:\\\/\\\/www.asesoriaorihuelacosta.com\\\/wp-content\\\/uploads\\\/2024\\\/02\\\/sistema-de-informacion-inmediata-SII.jpg\",\"articleSection\":[\"Blog\",\"Blog\"],\"inLanguage\":\"fr-FR\"},{\"@type\":\"WebPage\",\"@id\":\"https:\\\/\\\/www.asesoriaorihuelacosta.com\\\/fr\\\/nouveau-systeme-de-communication-immediate-dinformations-sii-en-espagne\\\/\",\"url\":\"https:\\\/\\\/www.asesoriaorihuelacosta.com\\\/fr\\\/nouveau-systeme-de-communication-immediate-dinformations-sii-en-espagne\\\/\",\"name\":\"Syst\u00e8me de Communication imm\u00e9diate d'informations (SII)\",\"isPartOf\":{\"@id\":\"https:\\\/\\\/www.asesoriaorihuelacosta.com\\\/fr\\\/#website\"},\"primaryImageOfPage\":{\"@id\":\"https:\\\/\\\/www.asesoriaorihuelacosta.com\\\/fr\\\/nouveau-systeme-de-communication-immediate-dinformations-sii-en-espagne\\\/#primaryimage\"},\"image\":{\"@id\":\"https:\\\/\\\/www.asesoriaorihuelacosta.com\\\/fr\\\/nouveau-systeme-de-communication-immediate-dinformations-sii-en-espagne\\\/#primaryimage\"},\"thumbnailUrl\":\"https:\\\/\\\/www.asesoriaorihuelacosta.com\\\/wp-content\\\/uploads\\\/2024\\\/02\\\/sistema-de-informacion-inmediata-SII.jpg\",\"datePublished\":\"2025-11-01T06:24:51+00:00\",\"description\":\"Si vous d\u00e9clarez la TVA mensuellement, la communication imm\u00e9diate d'informations (SII) vous oblige \u00e0 soumettre les factures \u00e9lectroniquement.\",\"breadcrumb\":{\"@id\":\"https:\\\/\\\/www.asesoriaorihuelacosta.com\\\/fr\\\/nouveau-systeme-de-communication-immediate-dinformations-sii-en-espagne\\\/#breadcrumb\"},\"inLanguage\":\"fr-FR\",\"potentialAction\":[{\"@type\":\"ReadAction\",\"target\":[\"https:\\\/\\\/www.asesoriaorihuelacosta.com\\\/fr\\\/nouveau-systeme-de-communication-immediate-dinformations-sii-en-espagne\\\/\"]}]},{\"@type\":\"ImageObject\",\"inLanguage\":\"fr-FR\",\"@id\":\"https:\\\/\\\/www.asesoriaorihuelacosta.com\\\/fr\\\/nouveau-systeme-de-communication-immediate-dinformations-sii-en-espagne\\\/#primaryimage\",\"url\":\"https:\\\/\\\/www.asesoriaorihuelacosta.com\\\/wp-content\\\/uploads\\\/2024\\\/02\\\/sistema-de-informacion-inmediata-SII.jpg\",\"contentUrl\":\"https:\\\/\\\/www.asesoriaorihuelacosta.com\\\/wp-content\\\/uploads\\\/2024\\\/02\\\/sistema-de-informacion-inmediata-SII.jpg\",\"width\":640,\"height\":427,\"caption\":\"sistema de informaci\u00f3n inmediata SII\"},{\"@type\":\"BreadcrumbList\",\"@id\":\"https:\\\/\\\/www.asesoriaorihuelacosta.com\\\/fr\\\/nouveau-systeme-de-communication-immediate-dinformations-sii-en-espagne\\\/#breadcrumb\",\"itemListElement\":[{\"@type\":\"ListItem\",\"position\":1,\"name\":\"Home\",\"item\":\"https:\\\/\\\/www.asesoriaorihuelacosta.com\\\/fr\\\/\"},{\"@type\":\"ListItem\",\"position\":2,\"name\":\"Nouveau syst\u00e8me de Communication imm\u00e9diate d&#8217;informations (SII) en Espagne\"}]},{\"@type\":\"WebSite\",\"@id\":\"https:\\\/\\\/www.asesoriaorihuelacosta.com\\\/fr\\\/#website\",\"url\":\"https:\\\/\\\/www.asesoriaorihuelacosta.com\\\/fr\\\/\",\"name\":\"https:\\\/\\\/www.asesoriaorihuelacosta.com\\\/\",\"description\":\"Grupo de asesores profesionales\",\"publisher\":{\"@id\":\"https:\\\/\\\/www.asesoriaorihuelacosta.com\\\/fr\\\/#organization\"},\"potentialAction\":[{\"@type\":\"SearchAction\",\"target\":{\"@type\":\"EntryPoint\",\"urlTemplate\":\"https:\\\/\\\/www.asesoriaorihuelacosta.com\\\/fr\\\/?s={search_term_string}\"},\"query-input\":{\"@type\":\"PropertyValueSpecification\",\"valueRequired\":true,\"valueName\":\"search_term_string\"}}],\"inLanguage\":\"fr-FR\"},{\"@type\":\"Organization\",\"@id\":\"https:\\\/\\\/www.asesoriaorihuelacosta.com\\\/fr\\\/#organization\",\"name\":\"Asesor\u00eda Orihuela Costa\",\"url\":\"https:\\\/\\\/www.asesoriaorihuelacosta.com\\\/fr\\\/\",\"logo\":{\"@type\":\"ImageObject\",\"inLanguage\":\"fr-FR\",\"@id\":\"https:\\\/\\\/www.asesoriaorihuelacosta.com\\\/fr\\\/#\\\/schema\\\/logo\\\/image\\\/\",\"url\":\"https:\\\/\\\/www.asesoriaorihuelacosta.com\\\/wp-content\\\/uploads\\\/2022\\\/06\\\/Logo-espa\u5bf8l-asesoriaorihuela.jpg\",\"contentUrl\":\"https:\\\/\\\/www.asesoriaorihuelacosta.com\\\/wp-content\\\/uploads\\\/2022\\\/06\\\/Logo-espa\u5bf8l-asesoriaorihuela.jpg\",\"width\":588,\"height\":136,\"caption\":\"Asesor\u00eda Orihuela Costa\"},\"image\":{\"@id\":\"https:\\\/\\\/www.asesoriaorihuelacosta.com\\\/fr\\\/#\\\/schema\\\/logo\\\/image\\\/\"},\"sameAs\":[\"https:\\\/\\\/www.facebook.com\\\/asesoriaorihuelacosta\"]},{\"@type\":\"Person\",\"@id\":\"https:\\\/\\\/www.asesoriaorihuelacosta.com\\\/fr\\\/#\\\/schema\\\/person\\\/6614ce8cf6d2de542aaf351629fd539e\",\"name\":\"Patrick Gordinne Perez\",\"description\":\"Soy economista colegiado por el colegio de economistas de Alicante con el n\u00famero 2722. Llevo ejerciendo desde el a\u00f1o 2005. Soy especialista en fiscalidad de empresas y aut\u00f3nomos y tambi\u00e9n especialista en gestionar compraventas. Hablo espa\u00f1ol, ingl\u00e9s y franc\u00e9s.\",\"sameAs\":[\"https:\\\/\\\/www.asesoriaorihuelacosta.com\",\"https:\\\/\\\/www.facebook.com\\\/patrick.gordinneperez\",\"https:\\\/\\\/www.linkedin.com\\\/in\\\/patrick-gordinne-perez-1b73aab3\\\/\",\"https:\\\/\\\/www.youtube.com\\\/channel\\\/UC5e95RJEVQlxCnhwDmGNVCw\"],\"gender\":\"Hombre\",\"knowsLanguage\":[\"ingl\u00e9s\",\"franc\u00e9s\",\"espa\u00f1ol\"],\"jobTitle\":\"Gerente\",\"worksFor\":\"Asesoria Orihuela Costa SL\"}]}<\/script>\n<!-- \/ Yoast SEO Premium plugin. -->","yoast_head_json":{"title":"Syst\u00e8me de Communication imm\u00e9diate d'informations (SII)","description":"Si vous d\u00e9clarez la TVA mensuellement, la communication imm\u00e9diate d'informations (SII) vous oblige \u00e0 soumettre les factures \u00e9lectroniquement.","robots":{"index":"index","follow":"follow","max-snippet":"max-snippet:-1","max-image-preview":"max-image-preview:large","max-video-preview":"max-video-preview:-1"},"canonical":"https:\/\/www.asesoriaorihuelacosta.com\/fr\/nouveau-systeme-de-communication-immediate-dinformations-sii-en-espagne\/","og_locale":"fr_FR","og_type":"article","og_title":"Nouveau syst\u00e8me de Communication imm\u00e9diate d'informations (SII) en Espagne","og_description":"Si vous d\u00e9clarez la TVA mensuellement, la communication imm\u00e9diate d'informations (SII) vous oblige \u00e0 soumettre les factures \u00e9lectroniquement.","og_url":"https:\/\/www.asesoriaorihuelacosta.com\/fr\/nouveau-systeme-de-communication-immediate-dinformations-sii-en-espagne\/","og_site_name":"Asesor\u00eda Orihuela Costa","article_publisher":"https:\/\/www.facebook.com\/asesoriaorihuelacosta","article_author":"https:\/\/www.facebook.com\/patrick.gordinneperez","article_published_time":"2025-11-01T06:24:51+00:00","og_image":[{"width":640,"height":427,"url":"https:\/\/www.asesoriaorihuelacosta.com\/wp-content\/uploads\/2024\/02\/sistema-de-informacion-inmediata-SII.jpg","type":"image\/jpeg"}],"author":"Patrick Gordinne Perez","twitter_card":"summary_large_image","twitter_misc":{"\u00c9crit par":"Patrick Gordinne Perez","Dur\u00e9e de lecture estim\u00e9e":"7 minutes"},"schema":{"@context":"https:\/\/schema.org","@graph":[{"@type":"Article","@id":"https:\/\/www.asesoriaorihuelacosta.com\/fr\/nouveau-systeme-de-communication-immediate-dinformations-sii-en-espagne\/#article","isPartOf":{"@id":"https:\/\/www.asesoriaorihuelacosta.com\/fr\/nouveau-systeme-de-communication-immediate-dinformations-sii-en-espagne\/"},"author":{"name":"Patrick Gordinne Perez","@id":"https:\/\/www.asesoriaorihuelacosta.com\/fr\/#\/schema\/person\/6614ce8cf6d2de542aaf351629fd539e"},"headline":"Nouveau syst\u00e8me de Communication imm\u00e9diate d&rsquo;informations (SII) en Espagne","datePublished":"2025-11-01T06:24:51+00:00","mainEntityOfPage":{"@id":"https:\/\/www.asesoriaorihuelacosta.com\/fr\/nouveau-systeme-de-communication-immediate-dinformations-sii-en-espagne\/"},"wordCount":1531,"publisher":{"@id":"https:\/\/www.asesoriaorihuelacosta.com\/fr\/#organization"},"image":{"@id":"https:\/\/www.asesoriaorihuelacosta.com\/fr\/nouveau-systeme-de-communication-immediate-dinformations-sii-en-espagne\/#primaryimage"},"thumbnailUrl":"https:\/\/www.asesoriaorihuelacosta.com\/wp-content\/uploads\/2024\/02\/sistema-de-informacion-inmediata-SII.jpg","articleSection":["Blog","Blog"],"inLanguage":"fr-FR"},{"@type":"WebPage","@id":"https:\/\/www.asesoriaorihuelacosta.com\/fr\/nouveau-systeme-de-communication-immediate-dinformations-sii-en-espagne\/","url":"https:\/\/www.asesoriaorihuelacosta.com\/fr\/nouveau-systeme-de-communication-immediate-dinformations-sii-en-espagne\/","name":"Syst\u00e8me de Communication imm\u00e9diate d'informations (SII)","isPartOf":{"@id":"https:\/\/www.asesoriaorihuelacosta.com\/fr\/#website"},"primaryImageOfPage":{"@id":"https:\/\/www.asesoriaorihuelacosta.com\/fr\/nouveau-systeme-de-communication-immediate-dinformations-sii-en-espagne\/#primaryimage"},"image":{"@id":"https:\/\/www.asesoriaorihuelacosta.com\/fr\/nouveau-systeme-de-communication-immediate-dinformations-sii-en-espagne\/#primaryimage"},"thumbnailUrl":"https:\/\/www.asesoriaorihuelacosta.com\/wp-content\/uploads\/2024\/02\/sistema-de-informacion-inmediata-SII.jpg","datePublished":"2025-11-01T06:24:51+00:00","description":"Si vous d\u00e9clarez la TVA mensuellement, la communication imm\u00e9diate d'informations (SII) vous oblige \u00e0 soumettre les factures \u00e9lectroniquement.","breadcrumb":{"@id":"https:\/\/www.asesoriaorihuelacosta.com\/fr\/nouveau-systeme-de-communication-immediate-dinformations-sii-en-espagne\/#breadcrumb"},"inLanguage":"fr-FR","potentialAction":[{"@type":"ReadAction","target":["https:\/\/www.asesoriaorihuelacosta.com\/fr\/nouveau-systeme-de-communication-immediate-dinformations-sii-en-espagne\/"]}]},{"@type":"ImageObject","inLanguage":"fr-FR","@id":"https:\/\/www.asesoriaorihuelacosta.com\/fr\/nouveau-systeme-de-communication-immediate-dinformations-sii-en-espagne\/#primaryimage","url":"https:\/\/www.asesoriaorihuelacosta.com\/wp-content\/uploads\/2024\/02\/sistema-de-informacion-inmediata-SII.jpg","contentUrl":"https:\/\/www.asesoriaorihuelacosta.com\/wp-content\/uploads\/2024\/02\/sistema-de-informacion-inmediata-SII.jpg","width":640,"height":427,"caption":"sistema de informaci\u00f3n inmediata SII"},{"@type":"BreadcrumbList","@id":"https:\/\/www.asesoriaorihuelacosta.com\/fr\/nouveau-systeme-de-communication-immediate-dinformations-sii-en-espagne\/#breadcrumb","itemListElement":[{"@type":"ListItem","position":1,"name":"Home","item":"https:\/\/www.asesoriaorihuelacosta.com\/fr\/"},{"@type":"ListItem","position":2,"name":"Nouveau syst\u00e8me de Communication imm\u00e9diate d&#8217;informations (SII) en Espagne"}]},{"@type":"WebSite","@id":"https:\/\/www.asesoriaorihuelacosta.com\/fr\/#website","url":"https:\/\/www.asesoriaorihuelacosta.com\/fr\/","name":"https:\/\/www.asesoriaorihuelacosta.com\/","description":"Grupo de asesores profesionales","publisher":{"@id":"https:\/\/www.asesoriaorihuelacosta.com\/fr\/#organization"},"potentialAction":[{"@type":"SearchAction","target":{"@type":"EntryPoint","urlTemplate":"https:\/\/www.asesoriaorihuelacosta.com\/fr\/?s={search_term_string}"},"query-input":{"@type":"PropertyValueSpecification","valueRequired":true,"valueName":"search_term_string"}}],"inLanguage":"fr-FR"},{"@type":"Organization","@id":"https:\/\/www.asesoriaorihuelacosta.com\/fr\/#organization","name":"Asesor\u00eda Orihuela Costa","url":"https:\/\/www.asesoriaorihuelacosta.com\/fr\/","logo":{"@type":"ImageObject","inLanguage":"fr-FR","@id":"https:\/\/www.asesoriaorihuelacosta.com\/fr\/#\/schema\/logo\/image\/","url":"https:\/\/www.asesoriaorihuelacosta.com\/wp-content\/uploads\/2022\/06\/Logo-espa\u5bf8l-asesoriaorihuela.jpg","contentUrl":"https:\/\/www.asesoriaorihuelacosta.com\/wp-content\/uploads\/2022\/06\/Logo-espa\u5bf8l-asesoriaorihuela.jpg","width":588,"height":136,"caption":"Asesor\u00eda Orihuela Costa"},"image":{"@id":"https:\/\/www.asesoriaorihuelacosta.com\/fr\/#\/schema\/logo\/image\/"},"sameAs":["https:\/\/www.facebook.com\/asesoriaorihuelacosta"]},{"@type":"Person","@id":"https:\/\/www.asesoriaorihuelacosta.com\/fr\/#\/schema\/person\/6614ce8cf6d2de542aaf351629fd539e","name":"Patrick Gordinne Perez","description":"Soy economista colegiado por el colegio de economistas de Alicante con el n\u00famero 2722. Llevo ejerciendo desde el a\u00f1o 2005. Soy especialista en fiscalidad de empresas y aut\u00f3nomos y tambi\u00e9n especialista en gestionar compraventas. Hablo espa\u00f1ol, ingl\u00e9s y franc\u00e9s.","sameAs":["https:\/\/www.asesoriaorihuelacosta.com","https:\/\/www.facebook.com\/patrick.gordinneperez","https:\/\/www.linkedin.com\/in\/patrick-gordinne-perez-1b73aab3\/","https:\/\/www.youtube.com\/channel\/UC5e95RJEVQlxCnhwDmGNVCw"],"gender":"Hombre","knowsLanguage":["ingl\u00e9s","franc\u00e9s","espa\u00f1ol"],"jobTitle":"Gerente","worksFor":"Asesoria Orihuela Costa SL"}]}},"_links":{"self":[{"href":"https:\/\/www.asesoriaorihuelacosta.com\/fr\/wp-json\/wp\/v2\/posts\/21155","targetHints":{"allow":["GET"]}}],"collection":[{"href":"https:\/\/www.asesoriaorihuelacosta.com\/fr\/wp-json\/wp\/v2\/posts"}],"about":[{"href":"https:\/\/www.asesoriaorihuelacosta.com\/fr\/wp-json\/wp\/v2\/types\/post"}],"author":[{"embeddable":true,"href":"https:\/\/www.asesoriaorihuelacosta.com\/fr\/wp-json\/wp\/v2\/users\/2"}],"replies":[{"embeddable":true,"href":"https:\/\/www.asesoriaorihuelacosta.com\/fr\/wp-json\/wp\/v2\/comments?post=21155"}],"version-history":[{"count":17,"href":"https:\/\/www.asesoriaorihuelacosta.com\/fr\/wp-json\/wp\/v2\/posts\/21155\/revisions"}],"predecessor-version":[{"id":21215,"href":"https:\/\/www.asesoriaorihuelacosta.com\/fr\/wp-json\/wp\/v2\/posts\/21155\/revisions\/21215"}],"wp:featuredmedia":[{"embeddable":true,"href":"https:\/\/www.asesoriaorihuelacosta.com\/fr\/wp-json\/wp\/v2\/media\/20914"}],"wp:attachment":[{"href":"https:\/\/www.asesoriaorihuelacosta.com\/fr\/wp-json\/wp\/v2\/media?parent=21155"}],"wp:term":[{"taxonomy":"category","embeddable":true,"href":"https:\/\/www.asesoriaorihuelacosta.com\/fr\/wp-json\/wp\/v2\/categories?post=21155"},{"taxonomy":"post_tag","embeddable":true,"href":"https:\/\/www.asesoriaorihuelacosta.com\/fr\/wp-json\/wp\/v2\/tags?post=21155"}],"curies":[{"name":"wp","href":"https:\/\/api.w.org\/{rel}","templated":true}]}}