{"id":20979,"date":"2024-02-03T07:51:29","date_gmt":"2024-02-03T07:51:29","guid":{"rendered":"https:\/\/www.asesoriaorihuelacosta.com\/?p=20979"},"modified":"2024-02-04T22:15:16","modified_gmt":"2024-02-04T22:15:16","slug":"quel-sera-le-montant-forfaitaire-acre-en-espagne-que-je-paierai-en-2024","status":"publish","type":"post","link":"https:\/\/www.asesoriaorihuelacosta.com\/fr\/quel-sera-le-montant-forfaitaire-acre-en-espagne-que-je-paierai-en-2024\/","title":{"rendered":"Quel sera le montant forfaitaire ACRE en Espagne que je paierai en 2024 ?"},"content":{"rendered":"\t\t<div data-elementor-type=\"wp-post\" data-elementor-id=\"20979\" class=\"elementor elementor-20979\" data-elementor-post-type=\"post\">\n\t\t\t\t\t\t<section data-particle_enable=\"false\" data-particle-mobile-disabled=\"false\" class=\"elementor-section elementor-top-section elementor-element elementor-element-3baafd8 elementor-section-boxed elementor-section-height-default elementor-section-height-default\" data-id=\"3baafd8\" data-element_type=\"section\" data-e-type=\"section\">\r\n\t\t\r\n\t\t\t\t\t\t\t<div class=\"elementor-container elementor-column-gap-default\">\r\n\t\t\t\t\t\t\t\t\t\t\t<div class=\"elementor-column elementor-col-100 elementor-top-column elementor-element elementor-element-a35ad28\" data-id=\"a35ad28\" data-element_type=\"column\" data-e-type=\"column\">\r\n\t\t\t\t\t<div class=\"elementor-widget-wrap elementor-element-populated\">\r\n\t\t\t\t\t\t\t\t<div class=\"elementor-element elementor-element-00339f5 elementor-widget elementor-widget-text-editor\" data-id=\"00339f5\" data-element_type=\"widget\" data-e-type=\"widget\" data-widget_type=\"text-editor.default\">\n\t\t\t\t<div class=\"elementor-widget-container\">\n\t\t\t\t\t\t\t\t\t<p>En france vous avez l&rsquo;ACRE et vous ne payez pas de charge sociale pendant la premi\u00e8re ann\u00e9 pour les auto entrepreneur . En Espagne nous avons la \u00ab\u00a0Tarifa Plana\u00a0\u00bb un taux forfaitaire qui permet de payer des charge social r\u00e9duite pendant 1 ou 2 ans.<\/p><p>D\u00e9couvrez comment le taux forfaitaire ( ACRE ou Tarifa plana) tant attendu pour les travailleurs ind\u00e9pendants fonctionnera en 2024 et pr\u00e9parez-vous \u00e0 en tirer le meilleur parti. Comme vous le savez peut-\u00eatre, l&rsquo;entr\u00e9e en vigueur du d\u00e9cret-loi royal 13\/2022 a entra\u00een\u00e9 l&rsquo;introduction d&rsquo;un nouveau syst\u00e8me de cotisations pour les auto entrepreneurs en Espagne qui a eu des r\u00e9percussions importantes sur les travailleurs ind\u00e9pendants b\u00e9n\u00e9ficiant d&rsquo;un taux forfaitaire ou Tarifa plana.<\/p><p>Mais ne vous inqui\u00e9tez pas, nous vous expliquons ici tout ce que vous devez savoir.<\/p>\t\t\t\t\t\t\t\t<\/div>\n\t\t\t\t<\/div>\n\t\t\t\t\t<\/div>\r\n\t\t\t\t<\/div>\r\n\t\t\t\t\t<\/div>\r\n\t\t\t\t<\/section>\r\n\t\t\t\t<section data-particle_enable=\"false\" data-particle-mobile-disabled=\"false\" class=\"elementor-section elementor-top-section elementor-element elementor-element-d3e428e elementor-section-boxed elementor-section-height-default elementor-section-height-default\" data-id=\"d3e428e\" data-element_type=\"section\" data-e-type=\"section\">\r\n\t\t\r\n\t\t\t\t\t\t\t<div class=\"elementor-container elementor-column-gap-default\">\r\n\t\t\t\t\t\t\t\t\t\t\t<div class=\"elementor-column elementor-col-100 elementor-top-column elementor-element elementor-element-7c3a139\" data-id=\"7c3a139\" data-element_type=\"column\" data-e-type=\"column\">\r\n\t\t\t\t\t<div class=\"elementor-widget-wrap elementor-element-populated\">\r\n\t\t\t\t\t\t\t\t<div class=\"elementor-element elementor-element-8e320d5 elementor-widget elementor-widget-heading\" data-id=\"8e320d5\" data-element_type=\"widget\" data-e-type=\"widget\" data-widget_type=\"heading.default\">\n\t\t\t\t<div class=\"elementor-widget-container\">\n\t\t\t\t\t<h2 class=\"elementor-heading-title elementor-size-default\">Quelles sont les conditions \u00e0 remplir pour b\u00e9n\u00e9ficier du taux forfaitaire pour auto entrepreneur (Tarifa Plana) en 2024?<\/h2>\t\t\t\t<\/div>\n\t\t\t\t<\/div>\n\t\t\t\t\t<\/div>\r\n\t\t\t\t<\/div>\r\n\t\t\t\t\t<\/div>\r\n\t\t\t\t<\/section>\r\n\t\t\t\t<section data-particle_enable=\"false\" data-particle-mobile-disabled=\"false\" class=\"elementor-section elementor-top-section elementor-element elementor-element-f14a66e elementor-section-boxed elementor-section-height-default elementor-section-height-default\" data-id=\"f14a66e\" data-element_type=\"section\" data-e-type=\"section\">\r\n\t\t\r\n\t\t\t\t\t\t\t<div class=\"elementor-container elementor-column-gap-default\">\r\n\t\t\t\t\t\t\t\t\t\t\t<div class=\"elementor-column elementor-col-100 elementor-top-column elementor-element elementor-element-2419349\" data-id=\"2419349\" data-element_type=\"column\" data-e-type=\"column\">\r\n\t\t\t\t\t<div class=\"elementor-widget-wrap elementor-element-populated\">\r\n\t\t\t\t\t\t\t\t<div class=\"elementor-element elementor-element-1541c4b elementor-widget elementor-widget-text-editor\" data-id=\"1541c4b\" data-element_type=\"widget\" data-e-type=\"widget\" data-widget_type=\"text-editor.default\">\n\t\t\t\t<div class=\"elementor-widget-container\">\n\t\t\t\t\t\t\t\t\t<p>La Tarifa plana ou ACRE en Espagne est une v\u00e9ritable bou\u00e9e de sauvetage pour les entrepreneurs qui se lancent dans l&rsquo;aventure du travail ind\u00e9pendant, car pendant un ou deux ans, ils peuvent payer une cotisation sociale r\u00e9duite, et ce avant d&rsquo;entrer dans le syst\u00e8me de cotisation bas\u00e9 sur le revenu r\u00e9el.<\/p><p>Et ce, avant d&rsquo;entrer dans le syst\u00e8me de cotisation bas\u00e9 sur le revenu r\u00e9el. Une v\u00e9ritable aubaine !<\/p><p>Toutefois, pour b\u00e9n\u00e9ficier de cet avantage, vous devez remplir un certain nombre de conditions&#8230;<\/p><p>Si vous \u00eates un nouvel entrepreneur, que vous n&rsquo;avez pas \u00e9t\u00e9 inscrit comme travailleur ind\u00e9pendant au cours des 2 ou 3 derni\u00e8res ann\u00e9es (selon le cas) et que vous n&rsquo;\u00eates pas un travailleur ind\u00e9pendant collaborateur, vous avez de la chance !<\/p><p>Le forfait est fait pour vous et vous pouvez b\u00e9n\u00e9ficier d&rsquo;une r\u00e9duction de vos cotisations de s\u00e9curit\u00e9 sociale.<\/p><p>Alors maintenant vous savez, ne ratez pas cette occasion et procurez-vous le forfait pour ind\u00e9pendants pour que votre aventure entrepreneuriale soit un succ\u00e8s d\u00e8s le d\u00e9but !<\/p>\t\t\t\t\t\t\t\t<\/div>\n\t\t\t\t<\/div>\n\t\t\t\t\t<\/div>\r\n\t\t\t\t<\/div>\r\n\t\t\t\t\t<\/div>\r\n\t\t\t\t<\/section>\r\n\t\t\t\t<section data-particle_enable=\"false\" data-particle-mobile-disabled=\"false\" class=\"elementor-section elementor-top-section elementor-element elementor-element-0a860a8 elementor-section-boxed elementor-section-height-default elementor-section-height-default\" data-id=\"0a860a8\" data-element_type=\"section\" data-e-type=\"section\">\r\n\t\t\r\n\t\t\t\t\t\t\t<div class=\"elementor-container elementor-column-gap-default\">\r\n\t\t\t\t\t\t\t\t\t\t\t<div class=\"elementor-column elementor-col-100 elementor-top-column elementor-element elementor-element-c5c5c53\" data-id=\"c5c5c53\" data-element_type=\"column\" data-e-type=\"column\">\r\n\t\t\t\t\t<div class=\"elementor-widget-wrap elementor-element-populated\">\r\n\t\t\t\t\t\t\t\t<div class=\"elementor-element elementor-element-f33f8b8 elementor-widget elementor-widget-heading\" data-id=\"f33f8b8\" data-element_type=\"widget\" data-e-type=\"widget\" data-widget_type=\"heading.default\">\n\t\t\t\t<div class=\"elementor-widget-container\">\n\t\t\t\t\t<h2 class=\"elementor-heading-title elementor-size-default\">Le forfait pour les travailleurs ind\u00e9pendants en 2023 n'est plus ce qu'il \u00e9tait<\/h2>\t\t\t\t<\/div>\n\t\t\t\t<\/div>\n\t\t\t\t\t<\/div>\r\n\t\t\t\t<\/div>\r\n\t\t\t\t\t<\/div>\r\n\t\t\t\t<\/section>\r\n\t\t\t\t<section data-particle_enable=\"false\" data-particle-mobile-disabled=\"false\" class=\"elementor-section elementor-top-section elementor-element elementor-element-382e772 elementor-section-boxed elementor-section-height-default elementor-section-height-default\" data-id=\"382e772\" data-element_type=\"section\" data-e-type=\"section\">\r\n\t\t\r\n\t\t\t\t\t\t\t<div class=\"elementor-container elementor-column-gap-default\">\r\n\t\t\t\t\t\t\t\t\t\t\t<div class=\"elementor-column elementor-col-100 elementor-top-column elementor-element elementor-element-de255dc\" data-id=\"de255dc\" data-element_type=\"column\" data-e-type=\"column\">\r\n\t\t\t\t\t<div class=\"elementor-widget-wrap elementor-element-populated\">\r\n\t\t\t\t\t\t\t\t<div class=\"elementor-element elementor-element-df50f13 elementor-widget elementor-widget-text-editor\" data-id=\"df50f13\" data-element_type=\"widget\" data-e-type=\"widget\" data-widget_type=\"text-editor.default\">\n\t\t\t\t<div class=\"elementor-widget-container\">\n\t\t\t\t\t\t\t\t\t<p>Oubliez l&rsquo;\u00e2ge d&rsquo;or de l&rsquo;\u00e9pargne facile ! D\u00e9sormais, pour obtenir le bonus de 80 euros tant convoit\u00e9, vous devez respecter des conditions strictes.<\/p><p>Pas de dettes fiscales et sociales !<\/p><p>Si vous n&rsquo;\u00eates pas \u00e0 jour dans vos paiements, d\u00e9sol\u00e9, mais vous ne pourrez pas b\u00e9n\u00e9ficier de l&rsquo;offre.<\/p><p>Demandez sans tarder une attestation de bonne situation aupr\u00e8s de la S\u00e9curit\u00e9 sociale pour \u00e9viter les mauvaises surprises.<\/p><p>Et ce n&rsquo;est pas tout, pour ceux qui ont la chance de remplir toutes les conditions, vous ne b\u00e9n\u00e9ficierez du forfait que la premi\u00e8re ann\u00e9e.<\/p><p>\u00c0 partir du 12e mois, vous devrez prouver que vos revenus ne d\u00e9passent pas le salaire minimum interprofessionnel de croissance (SMI), sinon, c&rsquo;est fini.<\/p><p>Et non seulement cela, mais vous devrez \u00eatre en dessous du SMI pendant les ann\u00e9es 2024 et 2025.<\/p><p>Pr\u00e9parez-vous \u00e0 payer la cotisation correspondant \u00e0 votre tranche de cotisation en fonction de votre revenu net.<\/p><p>Il est temps de faire preuve d&rsquo;audace et de vous battre pour vos objectifs financiers !<\/p>\t\t\t\t\t\t\t\t<\/div>\n\t\t\t\t<\/div>\n\t\t\t\t\t<\/div>\r\n\t\t\t\t<\/div>\r\n\t\t\t\t\t<\/div>\r\n\t\t\t\t<\/section>\r\n\t\t\t\t<section data-particle_enable=\"false\" data-particle-mobile-disabled=\"false\" class=\"elementor-section elementor-top-section elementor-element elementor-element-87f79cb elementor-section-boxed elementor-section-height-default elementor-section-height-default\" data-id=\"87f79cb\" data-element_type=\"section\" data-e-type=\"section\">\r\n\t\t\r\n\t\t\t\t\t\t\t<div class=\"elementor-container elementor-column-gap-default\">\r\n\t\t\t\t\t\t\t\t\t\t\t<div class=\"elementor-column elementor-col-100 elementor-top-column elementor-element elementor-element-250c846\" data-id=\"250c846\" data-element_type=\"column\" data-e-type=\"column\">\r\n\t\t\t\t\t<div class=\"elementor-widget-wrap elementor-element-populated\">\r\n\t\t\t\t\t\t\t\t<div class=\"elementor-element elementor-element-6344622 elementor-align-center elementor-widget elementor-widget-button\" data-id=\"6344622\" data-element_type=\"widget\" data-e-type=\"widget\" data-widget_type=\"button.default\">\n\t\t\t\t<div class=\"elementor-widget-container\">\n\t\t\t\t\t\t\t\t\t<div class=\"elementor-button-wrapper\">\n\t\t\t\t\t<a class=\"elementor-button elementor-button-link elementor-size-lg elementor-animation-pulse\" href=\"https:\/\/www.asesoriaorihuelacosta.com\/contacto\/\">\n\t\t\t\t\t\t<span class=\"elementor-button-content-wrapper\">\n\t\t\t\t\t\t<span class=\"elementor-button-icon\">\n\t\t\t\t<i aria-hidden=\"true\" class=\"far fa-smile\"><\/i>\t\t\t<\/span>\n\t\t\t\t\t\t\t\t\t<span class=\"elementor-button-text\">Je souhaite m'inscrire au tarif forfaitaire pour auto entr<\/span>\n\t\t\t\t\t<\/span>\n\t\t\t\t\t<\/a>\n\t\t\t\t<\/div>\n\t\t\t\t\t\t\t\t<\/div>\n\t\t\t\t<\/div>\n\t\t\t\t\t<\/div>\r\n\t\t\t\t<\/div>\r\n\t\t\t\t\t<\/div>\r\n\t\t\t\t<\/section>\r\n\t\t\t\t<section data-particle_enable=\"false\" data-particle-mobile-disabled=\"false\" class=\"elementor-section elementor-top-section elementor-element elementor-element-1487537 elementor-section-boxed elementor-section-height-default elementor-section-height-default\" data-id=\"1487537\" data-element_type=\"section\" data-e-type=\"section\">\r\n\t\t\r\n\t\t\t\t\t\t\t<div class=\"elementor-container elementor-column-gap-default\">\r\n\t\t\t\t\t\t\t\t\t\t\t<div class=\"elementor-column elementor-col-100 elementor-top-column elementor-element elementor-element-33bb3c7\" data-id=\"33bb3c7\" data-element_type=\"column\" data-e-type=\"column\">\r\n\t\t\t\t\t<div class=\"elementor-widget-wrap elementor-element-populated\">\r\n\t\t\t\t\t\t\t\t<div class=\"elementor-element elementor-element-8b60094 elementor-widget elementor-widget-heading\" data-id=\"8b60094\" data-element_type=\"widget\" data-e-type=\"widget\" data-widget_type=\"heading.default\">\n\t\t\t\t<div class=\"elementor-widget-container\">\n\t\t\t\t\t<h2 class=\"elementor-heading-title elementor-size-default\">Redevance mensuelle forfaitaire en 2024<\/h2>\t\t\t\t<\/div>\n\t\t\t\t<\/div>\n\t\t\t\t\t<\/div>\r\n\t\t\t\t<\/div>\r\n\t\t\t\t\t<\/div>\r\n\t\t\t\t<\/section>\r\n\t\t\t\t<section data-particle_enable=\"false\" data-particle-mobile-disabled=\"false\" class=\"elementor-section elementor-top-section elementor-element elementor-element-10df4fb elementor-section-boxed elementor-section-height-default elementor-section-height-default\" data-id=\"10df4fb\" data-element_type=\"section\" data-e-type=\"section\">\r\n\t\t\r\n\t\t\t\t\t\t\t<div class=\"elementor-container elementor-column-gap-default\">\r\n\t\t\t\t\t\t\t\t\t\t\t<div class=\"elementor-column elementor-col-100 elementor-top-column elementor-element elementor-element-d98316a\" data-id=\"d98316a\" data-element_type=\"column\" data-e-type=\"column\">\r\n\t\t\t\t\t<div class=\"elementor-widget-wrap elementor-element-populated\">\r\n\t\t\t\t\t\t\t\t<div class=\"elementor-element elementor-element-b7d248a elementor-widget elementor-widget-text-editor\" data-id=\"b7d248a\" data-element_type=\"widget\" data-e-type=\"widget\" data-widget_type=\"text-editor.default\">\n\t\t\t\t<div class=\"elementor-widget-container\">\n\t\t\t\t\t\t\t\t\t<p>La cotisation pour un nouveau travailleur ind\u00e9pendant d\u00e9butant en 2024 s&rsquo;\u00e9l\u00e8vera \u00e0 86,65 euros,<\/p><p>Profitez du taux forfaitaire pour les ind\u00e9pendants en 2024 avant que <a href=\"https:\/\/www.asesoriaorihuelacosta.com\/fr\/liedm-les-nouvelles-mesures-gouvernementales-qui-augmenteront-la-contribution-des-travailleurs-et-des-entreprises-aux-finances-publiques\/\" target=\"_blank\" rel=\"noopener\">l&rsquo;imp\u00f4t progressif sur l&rsquo;IED<\/a> ne l&rsquo;augmente de quelques euros suppl\u00e9mentaires !<\/p><p>Mais il n&rsquo;y a pas que des mauvaises nouvelles, car plusieurs communaut\u00e9s autonomes ont mis en \u0153uvre le quota z\u00e9ro en 2023 et il a \u00e9t\u00e9 \u00e9tendu \u00e0 davantage de communaut\u00e9s autonomes en Espagne en 2024, g\u00e9n\u00e9rant des \u00e9conomies pouvant aller jusqu&rsquo;\u00e0 1 000 euros par an pour ceux qui remplissent les conditions.<\/p><p>Et si vous avez le droit de prolonger le forfait de 12 mois, informez-en la s\u00e9curit\u00e9 sociale un mois \u00e0 l&rsquo;avance par le biais d&rsquo;Importass !<\/p><p>Ne manquez pas cette opportunit\u00e9 pour les ind\u00e9pendants audacieux et d\u00e9termin\u00e9s !<\/p><p>Plusieurs communaut\u00e9s autonomes ont pris des mesures audacieuses pour soutenir les nouveaux ind\u00e9pendants,<\/p><p>en mettant en \u0153uvre le quota z\u00e9ro !<\/p><p>Parmi elles, l&rsquo;Andalousie, Murcie, les Canaries, l&rsquo;Estr\u00e9madure, la Galice et Madrid Bravo !<\/p><p>Mais ce n&rsquo;est pas tout, dans certaines r\u00e9gions d\u00e9peupl\u00e9es d&rsquo;Espagne comme Cuenca, Soria et Teruel,<\/p><p>le quota r\u00e9duit dure trois ann\u00e9es enti\u00e8res !<\/p><p>Impressionnant, non ?<\/p><p>Et si les travailleurs ind\u00e9pendants souffrant d&rsquo;un handicap de 33 % ou plus ont droit \u00e0 la r\u00e9duction normale, ils peuvent la prolonger de 36 mois, jusqu&rsquo;\u00e0 5 ans !<\/p><p>La cotisation augmentera apr\u00e8s la troisi\u00e8me ann\u00e9e, mais elle reste nettement inf\u00e9rieure \u00e0 la cotisation normale.<\/p><h3>Et qu&rsquo;en est-il des travailleurs ind\u00e9pendants en entreprise ?<\/h3><p>Ne vous inqui\u00e9tez pas, ils peuvent \u00e9galement b\u00e9n\u00e9ficier du taux forfaitaire !<\/p><h3>Et n&rsquo;oublions pas les ind\u00e9pendants en situation de pluriactivit\u00e9 !<\/h3><p>Ils peuvent \u00e9galement demander \u00e0 b\u00e9n\u00e9ficier du taux forfaitaire en 2024 avec une dur\u00e9e totale de 3 ann\u00e9es compl\u00e8tes !<\/p><p>Impressionnant !<\/p><p>Il est temps de profiter de ces opportunit\u00e9s et de vous lancer en tant que freelance !<\/p><h3>Attention, entrepreneurs !<\/h3><p>Il existe plusieurs opportunit\u00e9s dont vous pouvez profiter pour r\u00e9duire les co\u00fbts de votre entreprise.<br \/><strong>Les jeunes de moins de 30 ans<\/strong> et les femmes de moins de 35 ans peuvent demander une prolongation d&rsquo;un an du taux forfaitaire,<\/p><p>Ne manquez donc pas l&rsquo;occasion de faire votre demande !<\/p><p>De plus, si vous travaillez \u00e0 temps plein, vous pouvez b\u00e9n\u00e9ficier d&rsquo;une r\u00e9duction de 50 % de la base de cotisation pendant les 18 premiers mois !<\/p><p>Et si vous travaillez \u00e0 temps partiel plus d&rsquo;une demi-journ\u00e9e, la r\u00e9duction est de 25 % pendant les 18 premiers mois.<\/p><p>Il est important de noter qu&rsquo;\u00e0 partir de 2023, les travailleurs ind\u00e9pendants des communes de moins de 5 000 habitants ne pourront plus acc\u00e9der au forfait rural au niveau de l&rsquo;\u00c9tat.<\/p><p>Mais ne d\u00e9sesp\u00e9rez pas !<\/p><p>Certaines communaut\u00e9s autonomes offrent encore des incitations \u00e0 l&rsquo;entrepreneuriat dans les zones rurales, alors faites vos recherches et profitez de ces opportunit\u00e9s !<\/p><p>N&rsquo;oubliez pas qu&rsquo;essayer de vous inscrire dans ces zones pour acc\u00e9der \u00e0 l&rsquo;aide ne vous aidera pas !<\/p><p>Soyez prudent et profitez de ces opportunit\u00e9s !<\/p>\t\t\t\t\t\t\t\t<\/div>\n\t\t\t\t<\/div>\n\t\t\t\t\t<\/div>\r\n\t\t\t\t<\/div>\r\n\t\t\t\t\t<\/div>\r\n\t\t\t\t<\/section>\r\n\t\t\t\t<\/div>\n\t\t","protected":false},"excerpt":{"rendered":"<p>En france vous avez l&rsquo;ACRE et vous ne payez pas de charge sociale pendant la premi\u00e8re ann\u00e9 pour les auto entrepreneur . En Espagne nous avons la \u00ab\u00a0Tarifa Plana\u00a0\u00bb un taux forfaitaire qui permet de payer des charge social r\u00e9duite pendant 1 ou 2 ans. D\u00e9couvrez comment le taux forfaitaire ( ACRE ou Tarifa plana) [&hellip;]<\/p>\n","protected":false},"author":2,"featured_media":20792,"comment_status":"closed","ping_status":"closed","sticky":false,"template":"","format":"standard","meta":{"_eb_attr":"","inline_featured_image":false,"footnotes":""},"categories":[1],"tags":[],"class_list":["post-20979","post","type-post","status-publish","format-standard","has-post-thumbnail","hentry","category-blog"],"featured_image_src":{"landsacpe":["https:\/\/www.asesoriaorihuelacosta.com\/wp-content\/uploads\/2024\/02\/tarifa-plana.png",384,216,false],"list":["https:\/\/www.asesoriaorihuelacosta.com\/wp-content\/uploads\/2024\/02\/tarifa-plana.png",384,216,false],"medium":["https:\/\/www.asesoriaorihuelacosta.com\/wp-content\/uploads\/2024\/02\/tarifa-plana-300x169.png",300,169,true],"full":["https:\/\/www.asesoriaorihuelacosta.com\/wp-content\/uploads\/2024\/02\/tarifa-plana.png",384,216,false]},"yoast_head":"<!-- This site is optimized with the Yoast SEO Premium plugin v24.7 (Yoast SEO v27.5) - https:\/\/yoast.com\/product\/yoast-seo-premium-wordpress\/ -->\n<title>Quel sera le montant forfaitaire ACRE en Espagne en 2024<\/title>\n<meta name=\"description\" content=\"Le ACRE ou forfait pour les ind\u00e9pendants consiste \u00e0 payer une cotisation r\u00e9duite \u00e0 la S\u00e9curit\u00e9 sociale espagnole pendant 1 ou 2 ans.\" \/>\n<meta name=\"robots\" content=\"index, follow, max-snippet:-1, max-image-preview:large, max-video-preview:-1\" \/>\n<link rel=\"canonical\" href=\"https:\/\/www.asesoriaorihuelacosta.com\/fr\/quel-sera-le-montant-forfaitaire-acre-en-espagne-que-je-paierai-en-2024\/\" \/>\n<meta property=\"og:locale\" content=\"fr_FR\" \/>\n<meta property=\"og:type\" content=\"article\" \/>\n<meta property=\"og:title\" content=\"Quel sera le montant forfaitaire ACRE en Espagne que je paierai en 2024 ?\" \/>\n<meta property=\"og:description\" content=\"Le ACRE ou forfait pour les ind\u00e9pendants consiste \u00e0 payer une cotisation r\u00e9duite \u00e0 la S\u00e9curit\u00e9 sociale espagnole pendant 1 ou 2 ans.\" \/>\n<meta property=\"og:url\" content=\"https:\/\/www.asesoriaorihuelacosta.com\/fr\/quel-sera-le-montant-forfaitaire-acre-en-espagne-que-je-paierai-en-2024\/\" \/>\n<meta property=\"og:site_name\" content=\"Asesor\u00eda Orihuela Costa\" \/>\n<meta property=\"article:publisher\" content=\"https:\/\/www.facebook.com\/asesoriaorihuelacosta\" \/>\n<meta property=\"article:author\" content=\"https:\/\/www.facebook.com\/patrick.gordinneperez\" \/>\n<meta property=\"article:published_time\" content=\"2024-02-03T07:51:29+00:00\" \/>\n<meta property=\"article:modified_time\" content=\"2024-02-04T22:15:16+00:00\" \/>\n<meta property=\"og:image\" content=\"https:\/\/www.asesoriaorihuelacosta.com\/wp-content\/uploads\/2024\/02\/tarifa-plana.png\" \/>\n\t<meta property=\"og:image:width\" content=\"384\" \/>\n\t<meta property=\"og:image:height\" content=\"216\" \/>\n\t<meta property=\"og:image:type\" content=\"image\/png\" \/>\n<meta name=\"author\" content=\"Patrick Gordinne Perez\" \/>\n<meta name=\"twitter:card\" content=\"summary_large_image\" \/>\n<meta name=\"twitter:label1\" content=\"\u00c9crit par\" \/>\n\t<meta name=\"twitter:data1\" content=\"Patrick Gordinne Perez\" \/>\n\t<meta name=\"twitter:label2\" content=\"Dur\u00e9e de lecture estim\u00e9e\" \/>\n\t<meta name=\"twitter:data2\" content=\"5 minutes\" \/>\n<script type=\"application\/ld+json\" class=\"yoast-schema-graph\">{\"@context\":\"https:\\\/\\\/schema.org\",\"@graph\":[{\"@type\":\"Article\",\"@id\":\"https:\\\/\\\/www.asesoriaorihuelacosta.com\\\/fr\\\/quel-sera-le-montant-forfaitaire-acre-en-espagne-que-je-paierai-en-2024\\\/#article\",\"isPartOf\":{\"@id\":\"https:\\\/\\\/www.asesoriaorihuelacosta.com\\\/fr\\\/quel-sera-le-montant-forfaitaire-acre-en-espagne-que-je-paierai-en-2024\\\/\"},\"author\":{\"name\":\"Patrick Gordinne Perez\",\"@id\":\"https:\\\/\\\/www.asesoriaorihuelacosta.com\\\/fr\\\/#\\\/schema\\\/person\\\/6614ce8cf6d2de542aaf351629fd539e\"},\"headline\":\"Quel sera le montant forfaitaire ACRE en Espagne que je paierai en 2024 ?\",\"datePublished\":\"2024-02-03T07:51:29+00:00\",\"dateModified\":\"2024-02-04T22:15:16+00:00\",\"mainEntityOfPage\":{\"@id\":\"https:\\\/\\\/www.asesoriaorihuelacosta.com\\\/fr\\\/quel-sera-le-montant-forfaitaire-acre-en-espagne-que-je-paierai-en-2024\\\/\"},\"wordCount\":1085,\"publisher\":{\"@id\":\"https:\\\/\\\/www.asesoriaorihuelacosta.com\\\/fr\\\/#organization\"},\"image\":{\"@id\":\"https:\\\/\\\/www.asesoriaorihuelacosta.com\\\/fr\\\/quel-sera-le-montant-forfaitaire-acre-en-espagne-que-je-paierai-en-2024\\\/#primaryimage\"},\"thumbnailUrl\":\"https:\\\/\\\/www.asesoriaorihuelacosta.com\\\/wp-content\\\/uploads\\\/2024\\\/02\\\/tarifa-plana.png\",\"articleSection\":[\"Blog\"],\"inLanguage\":\"fr-FR\"},{\"@type\":\"WebPage\",\"@id\":\"https:\\\/\\\/www.asesoriaorihuelacosta.com\\\/fr\\\/quel-sera-le-montant-forfaitaire-acre-en-espagne-que-je-paierai-en-2024\\\/\",\"url\":\"https:\\\/\\\/www.asesoriaorihuelacosta.com\\\/fr\\\/quel-sera-le-montant-forfaitaire-acre-en-espagne-que-je-paierai-en-2024\\\/\",\"name\":\"Quel sera le montant forfaitaire ACRE en Espagne en 2024\",\"isPartOf\":{\"@id\":\"https:\\\/\\\/www.asesoriaorihuelacosta.com\\\/fr\\\/#website\"},\"primaryImageOfPage\":{\"@id\":\"https:\\\/\\\/www.asesoriaorihuelacosta.com\\\/fr\\\/quel-sera-le-montant-forfaitaire-acre-en-espagne-que-je-paierai-en-2024\\\/#primaryimage\"},\"image\":{\"@id\":\"https:\\\/\\\/www.asesoriaorihuelacosta.com\\\/fr\\\/quel-sera-le-montant-forfaitaire-acre-en-espagne-que-je-paierai-en-2024\\\/#primaryimage\"},\"thumbnailUrl\":\"https:\\\/\\\/www.asesoriaorihuelacosta.com\\\/wp-content\\\/uploads\\\/2024\\\/02\\\/tarifa-plana.png\",\"datePublished\":\"2024-02-03T07:51:29+00:00\",\"dateModified\":\"2024-02-04T22:15:16+00:00\",\"description\":\"Le ACRE ou forfait pour les ind\u00e9pendants consiste \u00e0 payer une cotisation r\u00e9duite \u00e0 la S\u00e9curit\u00e9 sociale espagnole pendant 1 ou 2 ans.\",\"breadcrumb\":{\"@id\":\"https:\\\/\\\/www.asesoriaorihuelacosta.com\\\/fr\\\/quel-sera-le-montant-forfaitaire-acre-en-espagne-que-je-paierai-en-2024\\\/#breadcrumb\"},\"inLanguage\":\"fr-FR\",\"potentialAction\":[{\"@type\":\"ReadAction\",\"target\":[\"https:\\\/\\\/www.asesoriaorihuelacosta.com\\\/fr\\\/quel-sera-le-montant-forfaitaire-acre-en-espagne-que-je-paierai-en-2024\\\/\"]}]},{\"@type\":\"ImageObject\",\"inLanguage\":\"fr-FR\",\"@id\":\"https:\\\/\\\/www.asesoriaorihuelacosta.com\\\/fr\\\/quel-sera-le-montant-forfaitaire-acre-en-espagne-que-je-paierai-en-2024\\\/#primaryimage\",\"url\":\"https:\\\/\\\/www.asesoriaorihuelacosta.com\\\/wp-content\\\/uploads\\\/2024\\\/02\\\/tarifa-plana.png\",\"contentUrl\":\"https:\\\/\\\/www.asesoriaorihuelacosta.com\\\/wp-content\\\/uploads\\\/2024\\\/02\\\/tarifa-plana.png\",\"width\":384,\"height\":216,\"caption\":\"tarifa-plana\"},{\"@type\":\"BreadcrumbList\",\"@id\":\"https:\\\/\\\/www.asesoriaorihuelacosta.com\\\/fr\\\/quel-sera-le-montant-forfaitaire-acre-en-espagne-que-je-paierai-en-2024\\\/#breadcrumb\",\"itemListElement\":[{\"@type\":\"ListItem\",\"position\":1,\"name\":\"Home\",\"item\":\"https:\\\/\\\/www.asesoriaorihuelacosta.com\\\/fr\\\/\"},{\"@type\":\"ListItem\",\"position\":2,\"name\":\"Quel sera le montant forfaitaire ACRE en Espagne que je paierai en 2024 ?\"}]},{\"@type\":\"WebSite\",\"@id\":\"https:\\\/\\\/www.asesoriaorihuelacosta.com\\\/fr\\\/#website\",\"url\":\"https:\\\/\\\/www.asesoriaorihuelacosta.com\\\/fr\\\/\",\"name\":\"https:\\\/\\\/www.asesoriaorihuelacosta.com\\\/\",\"description\":\"Grupo de asesores profesionales\",\"publisher\":{\"@id\":\"https:\\\/\\\/www.asesoriaorihuelacosta.com\\\/fr\\\/#organization\"},\"potentialAction\":[{\"@type\":\"SearchAction\",\"target\":{\"@type\":\"EntryPoint\",\"urlTemplate\":\"https:\\\/\\\/www.asesoriaorihuelacosta.com\\\/fr\\\/?s={search_term_string}\"},\"query-input\":{\"@type\":\"PropertyValueSpecification\",\"valueRequired\":true,\"valueName\":\"search_term_string\"}}],\"inLanguage\":\"fr-FR\"},{\"@type\":\"Organization\",\"@id\":\"https:\\\/\\\/www.asesoriaorihuelacosta.com\\\/fr\\\/#organization\",\"name\":\"Asesor\u00eda Orihuela Costa\",\"url\":\"https:\\\/\\\/www.asesoriaorihuelacosta.com\\\/fr\\\/\",\"logo\":{\"@type\":\"ImageObject\",\"inLanguage\":\"fr-FR\",\"@id\":\"https:\\\/\\\/www.asesoriaorihuelacosta.com\\\/fr\\\/#\\\/schema\\\/logo\\\/image\\\/\",\"url\":\"https:\\\/\\\/www.asesoriaorihuelacosta.com\\\/wp-content\\\/uploads\\\/2022\\\/06\\\/Logo-espa\u5bf8l-asesoriaorihuela.jpg\",\"contentUrl\":\"https:\\\/\\\/www.asesoriaorihuelacosta.com\\\/wp-content\\\/uploads\\\/2022\\\/06\\\/Logo-espa\u5bf8l-asesoriaorihuela.jpg\",\"width\":588,\"height\":136,\"caption\":\"Asesor\u00eda Orihuela Costa\"},\"image\":{\"@id\":\"https:\\\/\\\/www.asesoriaorihuelacosta.com\\\/fr\\\/#\\\/schema\\\/logo\\\/image\\\/\"},\"sameAs\":[\"https:\\\/\\\/www.facebook.com\\\/asesoriaorihuelacosta\"]},{\"@type\":\"Person\",\"@id\":\"https:\\\/\\\/www.asesoriaorihuelacosta.com\\\/fr\\\/#\\\/schema\\\/person\\\/6614ce8cf6d2de542aaf351629fd539e\",\"name\":\"Patrick Gordinne Perez\",\"description\":\"Soy economista colegiado por el colegio de economistas de Alicante con el n\u00famero 2722. Llevo ejerciendo desde el a\u00f1o 2005. Soy especialista en fiscalidad de empresas y aut\u00f3nomos y tambi\u00e9n especialista en gestionar compraventas. Hablo espa\u00f1ol, ingl\u00e9s y franc\u00e9s.\",\"sameAs\":[\"https:\\\/\\\/www.asesoriaorihuelacosta.com\",\"https:\\\/\\\/www.facebook.com\\\/patrick.gordinneperez\",\"https:\\\/\\\/www.linkedin.com\\\/in\\\/patrick-gordinne-perez-1b73aab3\\\/\",\"https:\\\/\\\/www.youtube.com\\\/channel\\\/UC5e95RJEVQlxCnhwDmGNVCw\"],\"gender\":\"Hombre\",\"knowsLanguage\":[\"ingl\u00e9s\",\"franc\u00e9s\",\"espa\u00f1ol\"],\"jobTitle\":\"Gerente\",\"worksFor\":\"Asesoria Orihuela Costa SL\"}]}<\/script>\n<!-- \/ Yoast SEO Premium plugin. -->","yoast_head_json":{"title":"Quel sera le montant forfaitaire ACRE en Espagne en 2024","description":"Le ACRE ou forfait pour les ind\u00e9pendants consiste \u00e0 payer une cotisation r\u00e9duite \u00e0 la S\u00e9curit\u00e9 sociale espagnole pendant 1 ou 2 ans.","robots":{"index":"index","follow":"follow","max-snippet":"max-snippet:-1","max-image-preview":"max-image-preview:large","max-video-preview":"max-video-preview:-1"},"canonical":"https:\/\/www.asesoriaorihuelacosta.com\/fr\/quel-sera-le-montant-forfaitaire-acre-en-espagne-que-je-paierai-en-2024\/","og_locale":"fr_FR","og_type":"article","og_title":"Quel sera le montant forfaitaire ACRE en Espagne que je paierai en 2024 ?","og_description":"Le ACRE ou forfait pour les ind\u00e9pendants consiste \u00e0 payer une cotisation r\u00e9duite \u00e0 la S\u00e9curit\u00e9 sociale espagnole pendant 1 ou 2 ans.","og_url":"https:\/\/www.asesoriaorihuelacosta.com\/fr\/quel-sera-le-montant-forfaitaire-acre-en-espagne-que-je-paierai-en-2024\/","og_site_name":"Asesor\u00eda Orihuela Costa","article_publisher":"https:\/\/www.facebook.com\/asesoriaorihuelacosta","article_author":"https:\/\/www.facebook.com\/patrick.gordinneperez","article_published_time":"2024-02-03T07:51:29+00:00","article_modified_time":"2024-02-04T22:15:16+00:00","og_image":[{"width":384,"height":216,"url":"https:\/\/www.asesoriaorihuelacosta.com\/wp-content\/uploads\/2024\/02\/tarifa-plana.png","type":"image\/png"}],"author":"Patrick Gordinne Perez","twitter_card":"summary_large_image","twitter_misc":{"\u00c9crit par":"Patrick Gordinne Perez","Dur\u00e9e de lecture estim\u00e9e":"5 minutes"},"schema":{"@context":"https:\/\/schema.org","@graph":[{"@type":"Article","@id":"https:\/\/www.asesoriaorihuelacosta.com\/fr\/quel-sera-le-montant-forfaitaire-acre-en-espagne-que-je-paierai-en-2024\/#article","isPartOf":{"@id":"https:\/\/www.asesoriaorihuelacosta.com\/fr\/quel-sera-le-montant-forfaitaire-acre-en-espagne-que-je-paierai-en-2024\/"},"author":{"name":"Patrick Gordinne Perez","@id":"https:\/\/www.asesoriaorihuelacosta.com\/fr\/#\/schema\/person\/6614ce8cf6d2de542aaf351629fd539e"},"headline":"Quel sera le montant forfaitaire ACRE en Espagne que je paierai en 2024 ?","datePublished":"2024-02-03T07:51:29+00:00","dateModified":"2024-02-04T22:15:16+00:00","mainEntityOfPage":{"@id":"https:\/\/www.asesoriaorihuelacosta.com\/fr\/quel-sera-le-montant-forfaitaire-acre-en-espagne-que-je-paierai-en-2024\/"},"wordCount":1085,"publisher":{"@id":"https:\/\/www.asesoriaorihuelacosta.com\/fr\/#organization"},"image":{"@id":"https:\/\/www.asesoriaorihuelacosta.com\/fr\/quel-sera-le-montant-forfaitaire-acre-en-espagne-que-je-paierai-en-2024\/#primaryimage"},"thumbnailUrl":"https:\/\/www.asesoriaorihuelacosta.com\/wp-content\/uploads\/2024\/02\/tarifa-plana.png","articleSection":["Blog"],"inLanguage":"fr-FR"},{"@type":"WebPage","@id":"https:\/\/www.asesoriaorihuelacosta.com\/fr\/quel-sera-le-montant-forfaitaire-acre-en-espagne-que-je-paierai-en-2024\/","url":"https:\/\/www.asesoriaorihuelacosta.com\/fr\/quel-sera-le-montant-forfaitaire-acre-en-espagne-que-je-paierai-en-2024\/","name":"Quel sera le montant forfaitaire ACRE en Espagne en 2024","isPartOf":{"@id":"https:\/\/www.asesoriaorihuelacosta.com\/fr\/#website"},"primaryImageOfPage":{"@id":"https:\/\/www.asesoriaorihuelacosta.com\/fr\/quel-sera-le-montant-forfaitaire-acre-en-espagne-que-je-paierai-en-2024\/#primaryimage"},"image":{"@id":"https:\/\/www.asesoriaorihuelacosta.com\/fr\/quel-sera-le-montant-forfaitaire-acre-en-espagne-que-je-paierai-en-2024\/#primaryimage"},"thumbnailUrl":"https:\/\/www.asesoriaorihuelacosta.com\/wp-content\/uploads\/2024\/02\/tarifa-plana.png","datePublished":"2024-02-03T07:51:29+00:00","dateModified":"2024-02-04T22:15:16+00:00","description":"Le ACRE ou forfait pour les ind\u00e9pendants consiste \u00e0 payer une cotisation r\u00e9duite \u00e0 la S\u00e9curit\u00e9 sociale espagnole pendant 1 ou 2 ans.","breadcrumb":{"@id":"https:\/\/www.asesoriaorihuelacosta.com\/fr\/quel-sera-le-montant-forfaitaire-acre-en-espagne-que-je-paierai-en-2024\/#breadcrumb"},"inLanguage":"fr-FR","potentialAction":[{"@type":"ReadAction","target":["https:\/\/www.asesoriaorihuelacosta.com\/fr\/quel-sera-le-montant-forfaitaire-acre-en-espagne-que-je-paierai-en-2024\/"]}]},{"@type":"ImageObject","inLanguage":"fr-FR","@id":"https:\/\/www.asesoriaorihuelacosta.com\/fr\/quel-sera-le-montant-forfaitaire-acre-en-espagne-que-je-paierai-en-2024\/#primaryimage","url":"https:\/\/www.asesoriaorihuelacosta.com\/wp-content\/uploads\/2024\/02\/tarifa-plana.png","contentUrl":"https:\/\/www.asesoriaorihuelacosta.com\/wp-content\/uploads\/2024\/02\/tarifa-plana.png","width":384,"height":216,"caption":"tarifa-plana"},{"@type":"BreadcrumbList","@id":"https:\/\/www.asesoriaorihuelacosta.com\/fr\/quel-sera-le-montant-forfaitaire-acre-en-espagne-que-je-paierai-en-2024\/#breadcrumb","itemListElement":[{"@type":"ListItem","position":1,"name":"Home","item":"https:\/\/www.asesoriaorihuelacosta.com\/fr\/"},{"@type":"ListItem","position":2,"name":"Quel sera le montant forfaitaire ACRE en Espagne que je paierai en 2024 ?"}]},{"@type":"WebSite","@id":"https:\/\/www.asesoriaorihuelacosta.com\/fr\/#website","url":"https:\/\/www.asesoriaorihuelacosta.com\/fr\/","name":"https:\/\/www.asesoriaorihuelacosta.com\/","description":"Grupo de asesores profesionales","publisher":{"@id":"https:\/\/www.asesoriaorihuelacosta.com\/fr\/#organization"},"potentialAction":[{"@type":"SearchAction","target":{"@type":"EntryPoint","urlTemplate":"https:\/\/www.asesoriaorihuelacosta.com\/fr\/?s={search_term_string}"},"query-input":{"@type":"PropertyValueSpecification","valueRequired":true,"valueName":"search_term_string"}}],"inLanguage":"fr-FR"},{"@type":"Organization","@id":"https:\/\/www.asesoriaorihuelacosta.com\/fr\/#organization","name":"Asesor\u00eda Orihuela Costa","url":"https:\/\/www.asesoriaorihuelacosta.com\/fr\/","logo":{"@type":"ImageObject","inLanguage":"fr-FR","@id":"https:\/\/www.asesoriaorihuelacosta.com\/fr\/#\/schema\/logo\/image\/","url":"https:\/\/www.asesoriaorihuelacosta.com\/wp-content\/uploads\/2022\/06\/Logo-espa\u5bf8l-asesoriaorihuela.jpg","contentUrl":"https:\/\/www.asesoriaorihuelacosta.com\/wp-content\/uploads\/2022\/06\/Logo-espa\u5bf8l-asesoriaorihuela.jpg","width":588,"height":136,"caption":"Asesor\u00eda Orihuela Costa"},"image":{"@id":"https:\/\/www.asesoriaorihuelacosta.com\/fr\/#\/schema\/logo\/image\/"},"sameAs":["https:\/\/www.facebook.com\/asesoriaorihuelacosta"]},{"@type":"Person","@id":"https:\/\/www.asesoriaorihuelacosta.com\/fr\/#\/schema\/person\/6614ce8cf6d2de542aaf351629fd539e","name":"Patrick Gordinne Perez","description":"Soy economista colegiado por el colegio de economistas de Alicante con el n\u00famero 2722. Llevo ejerciendo desde el a\u00f1o 2005. Soy especialista en fiscalidad de empresas y aut\u00f3nomos y tambi\u00e9n especialista en gestionar compraventas. Hablo espa\u00f1ol, ingl\u00e9s y franc\u00e9s.","sameAs":["https:\/\/www.asesoriaorihuelacosta.com","https:\/\/www.facebook.com\/patrick.gordinneperez","https:\/\/www.linkedin.com\/in\/patrick-gordinne-perez-1b73aab3\/","https:\/\/www.youtube.com\/channel\/UC5e95RJEVQlxCnhwDmGNVCw"],"gender":"Hombre","knowsLanguage":["ingl\u00e9s","franc\u00e9s","espa\u00f1ol"],"jobTitle":"Gerente","worksFor":"Asesoria Orihuela Costa SL"}]}},"_links":{"self":[{"href":"https:\/\/www.asesoriaorihuelacosta.com\/fr\/wp-json\/wp\/v2\/posts\/20979","targetHints":{"allow":["GET"]}}],"collection":[{"href":"https:\/\/www.asesoriaorihuelacosta.com\/fr\/wp-json\/wp\/v2\/posts"}],"about":[{"href":"https:\/\/www.asesoriaorihuelacosta.com\/fr\/wp-json\/wp\/v2\/types\/post"}],"author":[{"embeddable":true,"href":"https:\/\/www.asesoriaorihuelacosta.com\/fr\/wp-json\/wp\/v2\/users\/2"}],"replies":[{"embeddable":true,"href":"https:\/\/www.asesoriaorihuelacosta.com\/fr\/wp-json\/wp\/v2\/comments?post=20979"}],"version-history":[{"count":14,"href":"https:\/\/www.asesoriaorihuelacosta.com\/fr\/wp-json\/wp\/v2\/posts\/20979\/revisions"}],"predecessor-version":[{"id":20994,"href":"https:\/\/www.asesoriaorihuelacosta.com\/fr\/wp-json\/wp\/v2\/posts\/20979\/revisions\/20994"}],"wp:featuredmedia":[{"embeddable":true,"href":"https:\/\/www.asesoriaorihuelacosta.com\/fr\/wp-json\/wp\/v2\/media\/20792"}],"wp:attachment":[{"href":"https:\/\/www.asesoriaorihuelacosta.com\/fr\/wp-json\/wp\/v2\/media?parent=20979"}],"wp:term":[{"taxonomy":"category","embeddable":true,"href":"https:\/\/www.asesoriaorihuelacosta.com\/fr\/wp-json\/wp\/v2\/categories?post=20979"},{"taxonomy":"post_tag","embeddable":true,"href":"https:\/\/www.asesoriaorihuelacosta.com\/fr\/wp-json\/wp\/v2\/tags?post=20979"}],"curies":[{"name":"wp","href":"https:\/\/api.w.org\/{rel}","templated":true}]}}