{"id":20958,"date":"2024-02-01T21:17:28","date_gmt":"2024-02-01T21:17:28","guid":{"rendered":"https:\/\/www.asesoriaorihuelacosta.com\/?p=20958"},"modified":"2024-02-04T20:16:55","modified_gmt":"2024-02-04T20:16:55","slug":"responsabilites-du-dirigeant-dune-sprl-tout-ce-que-vous-devez-savoir","status":"publish","type":"post","link":"https:\/\/www.asesoriaorihuelacosta.com\/fr\/responsabilites-du-dirigeant-dune-sprl-tout-ce-que-vous-devez-savoir\/","title":{"rendered":"Responsabilit\u00e9s du dirigeant d&rsquo;une SPRL: tout ce que vous devez savoir"},"content":{"rendered":"\t\t<div data-elementor-type=\"wp-post\" data-elementor-id=\"20958\" class=\"elementor elementor-20958\" data-elementor-post-type=\"post\">\n\t\t\t\t\t\t<section data-particle_enable=\"false\" data-particle-mobile-disabled=\"false\" class=\"elementor-section elementor-top-section elementor-element elementor-element-5e9cc70 elementor-section-boxed elementor-section-height-default elementor-section-height-default\" data-id=\"5e9cc70\" data-element_type=\"section\" data-e-type=\"section\">\r\n\t\t\r\n\t\t\t\t\t\t\t<div class=\"elementor-container elementor-column-gap-default\">\r\n\t\t\t\t\t\t\t\t\t\t\t<div class=\"elementor-column elementor-col-100 elementor-top-column elementor-element elementor-element-87842a9\" data-id=\"87842a9\" data-element_type=\"column\" data-e-type=\"column\">\r\n\t\t\t\t\t<div class=\"elementor-widget-wrap elementor-element-populated\">\r\n\t\t\t\t\t\t\t\t<div class=\"elementor-element elementor-element-df38802 elementor-widget elementor-widget-text-editor\" data-id=\"df38802\" data-element_type=\"widget\" data-e-type=\"widget\" data-widget_type=\"text-editor.default\">\n\t\t\t\t<div class=\"elementor-widget-container\">\n\t\t\t\t\t\t\t\t\t<p>La <strong>responsabilit\u00e9 du dirigeant<\/strong> d&rsquo;une <a href=\"https:\/\/www.asesoriaorihuelacosta.com\/fr\/cabinet-de-conseil\/\" target=\"_blank\" rel=\"noopener\">soci\u00e9t\u00e9 \u00e0 responsabilit\u00e9 limit\u00e9e<\/a> est un sujet d&rsquo;une grande importance pour ceux qui occupent cette fonction dans une entreprise.<\/p><p>Il est essentiel de conna\u00eetre les obligations et les devoirs que l&rsquo;on a en tant que dirigeant, ainsi que les cons\u00e9quences du non-respect de ces responsabilit\u00e9s. En outre, il est n\u00e9cessaire de savoir comment se prot\u00e9ger juridiquement en cas de situation.<\/p><p>Cet article aborde les diff\u00e9rents aspects li\u00e9s \u00e0 la responsabilit\u00e9 du dirigeant d&rsquo;une SL en Espagne, dans le but de fournir des informations pr\u00e9cieuses \u00e0 ceux qui exercent cette fonction et \u00e0 ceux qui souhaitent en savoir plus sur le sujet. Il abordera \u00e9galement l&rsquo;importance de la transparence et de la bonne gestion dans ce r\u00f4le.<\/p>\t\t\t\t\t\t\t\t<\/div>\n\t\t\t\t<\/div>\n\t\t\t\t\t<\/div>\r\n\t\t\t\t<\/div>\r\n\t\t\t\t\t<\/div>\r\n\t\t\t\t<\/section>\r\n\t\t\t\t<section data-particle_enable=\"false\" data-particle-mobile-disabled=\"false\" class=\"elementor-section elementor-top-section elementor-element elementor-element-4955492 elementor-section-boxed elementor-section-height-default elementor-section-height-default\" data-id=\"4955492\" data-element_type=\"section\" data-e-type=\"section\">\r\n\t\t\r\n\t\t\t\t\t\t\t<div class=\"elementor-container elementor-column-gap-default\">\r\n\t\t\t\t\t\t\t\t\t\t\t<div class=\"elementor-column elementor-col-100 elementor-top-column elementor-element elementor-element-6982d96\" data-id=\"6982d96\" data-element_type=\"column\" data-e-type=\"column\">\r\n\t\t\t\t\t<div class=\"elementor-widget-wrap elementor-element-populated\">\r\n\t\t\t\t\t\t\t\t<div class=\"elementor-element elementor-element-14278bd elementor-widget elementor-widget-heading\" data-id=\"14278bd\" data-element_type=\"widget\" data-e-type=\"widget\" data-widget_type=\"heading.default\">\n\t\t\t\t<div class=\"elementor-widget-container\">\n\t\t\t\t\t<h2 class=\"elementor-heading-title elementor-size-default\">Quelle est la responsabilit\u00e9 du dirigeant d'une SL ?\n<\/h2>\t\t\t\t<\/div>\n\t\t\t\t<\/div>\n\t\t\t\t\t<\/div>\r\n\t\t\t\t<\/div>\r\n\t\t\t\t\t<\/div>\r\n\t\t\t\t<\/section>\r\n\t\t\t\t<section data-particle_enable=\"false\" data-particle-mobile-disabled=\"false\" class=\"elementor-section elementor-top-section elementor-element elementor-element-1dfed89 elementor-section-boxed elementor-section-height-default elementor-section-height-default\" data-id=\"1dfed89\" data-element_type=\"section\" data-e-type=\"section\">\r\n\t\t\r\n\t\t\t\t\t\t\t<div class=\"elementor-container elementor-column-gap-default\">\r\n\t\t\t\t\t\t\t\t\t\t\t<div class=\"elementor-column elementor-col-100 elementor-top-column elementor-element elementor-element-1e264bb\" data-id=\"1e264bb\" data-element_type=\"column\" data-e-type=\"column\">\r\n\t\t\t\t\t<div class=\"elementor-widget-wrap elementor-element-populated\">\r\n\t\t\t\t\t\t\t\t<div class=\"elementor-element elementor-element-f6b8dce elementor-widget elementor-widget-text-editor\" data-id=\"f6b8dce\" data-element_type=\"widget\" data-e-type=\"widget\" data-widget_type=\"text-editor.default\">\n\t\t\t\t<div class=\"elementor-widget-container\">\n\t\t\t\t\t\t\t\t\t<p>La responsabilit\u00e9 du dirigeant d&rsquo;une soci\u00e9t\u00e9 \u00e0 responsabilit\u00e9 limit\u00e9e (SL) est un aspect fondamental de la gestion de cette forme juridique d&rsquo;entreprise.<\/p><p>On dit souvent que le chef d&rsquo;entreprise peut faire tout ce qu&rsquo;il veut, mais il y a une limite \u00e0 tout.<\/p><p>Le directeur d&rsquo;une SL a l&rsquo;obligation de prendre des d\u00e9cisions et de mener des actions qui profitent \u00e0 la soci\u00e9t\u00e9 et \u00e0 ses actionnaires.<\/p><p>Cela implique le respect d&rsquo;une s\u00e9rie de devoirs et d&rsquo;obligations l\u00e9gales, telles que la pr\u00e9sentation des comptes annuels, la convocation des assembl\u00e9es, l&rsquo;adoption des r\u00e9solutions et la protection des int\u00e9r\u00eats des actionnaires.<\/p><p>En outre, le directeur doit agir avec diligence et transparence dans sa gestion, en \u00e9vitant tout conflit d&rsquo;int\u00e9r\u00eats. En cas de non-respect de ces responsabilit\u00e9s, l&rsquo;administrateur peut s&rsquo;exposer \u00e0 des cons\u00e9quences juridiques, telles que des sanctions financi\u00e8res ou m\u00eame la perte de sa responsabilit\u00e9 limit\u00e9e.<\/p><p>Il est donc essentiel que le dirigeant de l&rsquo;entreprise s&rsquo;informent de leurs obligations et recherchent une protection juridique pour garantir une gestion correcte et responsable.<\/p>\t\t\t\t\t\t\t\t<\/div>\n\t\t\t\t<\/div>\n\t\t\t\t\t<\/div>\r\n\t\t\t\t<\/div>\r\n\t\t\t\t\t<\/div>\r\n\t\t\t\t<\/section>\r\n\t\t\t\t<section data-particle_enable=\"false\" data-particle-mobile-disabled=\"false\" class=\"elementor-section elementor-top-section elementor-element elementor-element-f7511ad elementor-section-boxed elementor-section-height-default elementor-section-height-default\" data-id=\"f7511ad\" data-element_type=\"section\" data-e-type=\"section\">\r\n\t\t\r\n\t\t\t\t\t\t\t<div class=\"elementor-container elementor-column-gap-default\">\r\n\t\t\t\t\t\t\t\t\t\t\t<div class=\"elementor-column elementor-col-100 elementor-top-column elementor-element elementor-element-c5faaf0\" data-id=\"c5faaf0\" data-element_type=\"column\" data-e-type=\"column\">\r\n\t\t\t\t\t<div class=\"elementor-widget-wrap elementor-element-populated\">\r\n\t\t\t\t\t\t\t\t<div class=\"elementor-element elementor-element-0b2e356 elementor-widget elementor-widget-heading\" data-id=\"0b2e356\" data-element_type=\"widget\" data-e-type=\"widget\" data-widget_type=\"heading.default\">\n\t\t\t\t<div class=\"elementor-widget-container\">\n\t\t\t\t\t<h2 class=\"elementor-heading-title elementor-size-default\">Les obligations et les devoirs d'un dirigeant de soci\u00e9t\u00e9 en Espagne\n<\/h2>\t\t\t\t<\/div>\n\t\t\t\t<\/div>\n\t\t\t\t\t<\/div>\r\n\t\t\t\t<\/div>\r\n\t\t\t\t\t<\/div>\r\n\t\t\t\t<\/section>\r\n\t\t\t\t<section data-particle_enable=\"false\" data-particle-mobile-disabled=\"false\" class=\"elementor-section elementor-top-section elementor-element elementor-element-0b3f362 elementor-section-boxed elementor-section-height-default elementor-section-height-default\" data-id=\"0b3f362\" data-element_type=\"section\" data-e-type=\"section\">\r\n\t\t\r\n\t\t\t\t\t\t\t<div class=\"elementor-container elementor-column-gap-default\">\r\n\t\t\t\t\t\t\t\t\t\t\t<div class=\"elementor-column elementor-col-100 elementor-top-column elementor-element elementor-element-d6897db\" data-id=\"d6897db\" data-element_type=\"column\" data-e-type=\"column\">\r\n\t\t\t\t\t<div class=\"elementor-widget-wrap elementor-element-populated\">\r\n\t\t\t\t\t\t\t\t<div class=\"elementor-element elementor-element-a973da8 elementor-widget elementor-widget-text-editor\" data-id=\"a973da8\" data-element_type=\"widget\" data-e-type=\"widget\" data-widget_type=\"text-editor.default\">\n\t\t\t\t<div class=\"elementor-widget-container\">\n\t\t\t\t\t\t\t\t\t<p>Le directeur d&rsquo;une soci\u00e9t\u00e9 \u00e0 responsabilit\u00e9 limit\u00e9e a une s\u00e9rie d&rsquo;obligations et de devoirs qu&rsquo;il doit remplir pour assurer le bon fonctionnement de la soci\u00e9t\u00e9 :<\/p><ul><li>Tout d&rsquo;abord, il doit agir avec loyaut\u00e9 et diligence dans l&rsquo;exercice de ses fonctions, en prenant des d\u00e9cisions qui profitent \u00e0 la soci\u00e9t\u00e9 et non \u00e0 ses int\u00e9r\u00eats personnels.<\/li><li>Il doit \u00e9galement tenir \u00e0 jour les comptes de la soci\u00e9t\u00e9 et d\u00e9poser les \u00e9tats financiers annuels au registre du commerce.<\/li><li>En outre, il est charg\u00e9 de convoquer et de pr\u00e9sider les assembl\u00e9es d&rsquo;actionnaires et d&rsquo;y adopter des r\u00e9solutions, ainsi que d&rsquo;inscrire les r\u00e9solutions de la soci\u00e9t\u00e9 au registre du commerce.<\/li><li>Enfin, il doit veiller \u00e0 ce que toutes les obligations fiscales, sociales et juridiques de la soci\u00e9t\u00e9 soient respect\u00e9es.<\/li><\/ul><p>Il est important de noter que le non-respect de ces obligations peut avoir de graves cons\u00e9quences tant pour la soci\u00e9t\u00e9 que pour le directeur lui-m\u00eame.<\/p>\t\t\t\t\t\t\t\t<\/div>\n\t\t\t\t<\/div>\n\t\t\t\t\t<\/div>\r\n\t\t\t\t<\/div>\r\n\t\t\t\t\t<\/div>\r\n\t\t\t\t<\/section>\r\n\t\t\t\t<section data-particle_enable=\"false\" data-particle-mobile-disabled=\"false\" class=\"elementor-section elementor-top-section elementor-element elementor-element-43c9658 elementor-section-boxed elementor-section-height-default elementor-section-height-default\" data-id=\"43c9658\" data-element_type=\"section\" data-e-type=\"section\">\r\n\t\t\r\n\t\t\t\t\t\t\t<div class=\"elementor-container elementor-column-gap-default\">\r\n\t\t\t\t\t\t\t\t\t\t\t<div class=\"elementor-column elementor-col-100 elementor-top-column elementor-element elementor-element-0db1fb9\" data-id=\"0db1fb9\" data-element_type=\"column\" data-e-type=\"column\">\r\n\t\t\t\t\t<div class=\"elementor-widget-wrap elementor-element-populated\">\r\n\t\t\t\t\t\t\t\t<div class=\"elementor-element elementor-element-a03d8a7 elementor-widget elementor-widget-text-editor\" data-id=\"a03d8a7\" data-element_type=\"widget\" data-e-type=\"widget\" data-widget_type=\"text-editor.default\">\n\t\t\t\t<div class=\"elementor-widget-container\">\n\t\t\t\t\t\t\t\t\t<p>Si vous \u00eates administrateur d&rsquo;une soci\u00e9t\u00e9 en Espagne , vous devez agir avec diligence pour respecter les obligations fiscales de votre entreprise ; si vous ne le faites pas et que votre entreprise commet une infraction, vous pouvez engager votre responsabilit\u00e9 solidaire ou subsidiaire !<\/p>\t\t\t\t\t\t\t\t<\/div>\n\t\t\t\t<\/div>\n\t\t\t\t\t<\/div>\r\n\t\t\t\t<\/div>\r\n\t\t\t\t\t<\/div>\r\n\t\t\t\t<\/section>\r\n\t\t\t\t<section data-particle_enable=\"false\" data-particle-mobile-disabled=\"false\" class=\"elementor-section elementor-top-section elementor-element elementor-element-25b0193 elementor-section-boxed elementor-section-height-default elementor-section-height-default\" data-id=\"25b0193\" data-element_type=\"section\" data-e-type=\"section\">\r\n\t\t\r\n\t\t\t\t\t\t\t<div class=\"elementor-container elementor-column-gap-default\">\r\n\t\t\t\t\t\t\t\t\t\t\t<div class=\"elementor-column elementor-col-100 elementor-top-column elementor-element elementor-element-938ac5d\" data-id=\"938ac5d\" data-element_type=\"column\" data-e-type=\"column\">\r\n\t\t\t\t\t<div class=\"elementor-widget-wrap elementor-element-populated\">\r\n\t\t\t\t\t\t\t\t<div class=\"elementor-element elementor-element-b509ab6 elementor-widget elementor-widget-heading\" data-id=\"b509ab6\" data-element_type=\"widget\" data-e-type=\"widget\" data-widget_type=\"heading.default\">\n\t\t\t\t<div class=\"elementor-widget-container\">\n\t\t\t\t\t<h2 class=\"elementor-heading-title elementor-size-default\">Responsabilit\u00e9 fiscale du chef d'entreprise<\/h2>\t\t\t\t<\/div>\n\t\t\t\t<\/div>\n\t\t\t\t\t<\/div>\r\n\t\t\t\t<\/div>\r\n\t\t\t\t\t<\/div>\r\n\t\t\t\t<\/section>\r\n\t\t\t\t<section data-particle_enable=\"false\" data-particle-mobile-disabled=\"false\" class=\"elementor-section elementor-top-section elementor-element elementor-element-0f34ffb elementor-section-boxed elementor-section-height-default elementor-section-height-default\" data-id=\"0f34ffb\" data-element_type=\"section\" data-e-type=\"section\">\r\n\t\t\r\n\t\t\t\t\t\t\t<div class=\"elementor-container elementor-column-gap-default\">\r\n\t\t\t\t\t\t\t\t\t\t\t<div class=\"elementor-column elementor-col-100 elementor-top-column elementor-element elementor-element-16f66bb\" data-id=\"16f66bb\" data-element_type=\"column\" data-e-type=\"column\">\r\n\t\t\t\t\t<div class=\"elementor-widget-wrap elementor-element-populated\">\r\n\t\t\t\t\t\t\t\t<div class=\"elementor-element elementor-element-359e5aa elementor-widget elementor-widget-text-editor\" data-id=\"359e5aa\" data-element_type=\"widget\" data-e-type=\"widget\" data-widget_type=\"text-editor.default\">\n\t\t\t\t<div class=\"elementor-widget-container\">\n\t\t\t\t\t\t\t\t\t<p>Responsabilit\u00e9 solidaire ou subsidiaire<\/p><p>Si vous \u00eates chef d&rsquo;entreprise, vous pouvez, dans certains cas, \u00eatre responsable vis-\u00e0-vis de l&rsquo;administration fiscale des dettes fiscales de votre soci\u00e9t\u00e9 qui sont apparues \u00e0 la suite d&rsquo;infractions commises par votre soci\u00e9t\u00e9.<\/p><p>Cette responsabilit\u00e9 peut \u00eatre solidaire ou subsidiaire :<\/p><ul><li>Dans le cas d&rsquo;une responsabilit\u00e9 solidaire, l&rsquo;administration fiscale peut agir contre vous \u00e0 tout moment, sans qu&rsquo;il soit n\u00e9cessaire d&rsquo;avoir pr\u00e9alablement \u00e9puis\u00e9 toutes les voies de recouvrement contre la soci\u00e9t\u00e9 ou d&rsquo;avoir d\u00e9clar\u00e9 l&rsquo;insolvabilit\u00e9 pr\u00e9alable de la soci\u00e9t\u00e9.<\/li><li>En revanche, en cas de responsabilit\u00e9 subsidiaire, l&rsquo;administration fiscale ne peut agir contre vous qu&rsquo;apr\u00e8s avoir constat\u00e9 l&rsquo;insolvabilit\u00e9 de la soci\u00e9t\u00e9 et des autres personnes solidairement responsables.<br \/>Infractions<\/li><\/ul><p>Pour que l&rsquo;administration fiscale puisse vous tenir pour solidairement responsable, il suffit que vous ayez agi par n\u00e9gligence.<\/p><p>En revanche, dans le cas de la responsabilit\u00e9 solidaire, l&rsquo;\u00e9l\u00e9ment de culpabilit\u00e9 requis est plus \u00e9lev\u00e9 et l&rsquo;administration fiscale doit prouver que vous avez agi avec une intention comparable \u00e0 celle requise en droit p\u00e9nal.<\/p><p>Voir plus en d\u00e9tail&#8230;<\/p>\t\t\t\t\t\t\t\t<\/div>\n\t\t\t\t<\/div>\n\t\t\t\t\t<\/div>\r\n\t\t\t\t<\/div>\r\n\t\t\t\t\t<\/div>\r\n\t\t\t\t<\/section>\r\n\t\t\t\t<section data-particle_enable=\"false\" data-particle-mobile-disabled=\"false\" class=\"elementor-section elementor-top-section elementor-element elementor-element-115629c elementor-section-boxed elementor-section-height-default elementor-section-height-default\" data-id=\"115629c\" data-element_type=\"section\" data-e-type=\"section\">\r\n\t\t\r\n\t\t\t\t\t\t\t<div class=\"elementor-container elementor-column-gap-default\">\r\n\t\t\t\t\t\t\t\t\t\t\t<div class=\"elementor-column elementor-col-100 elementor-top-column elementor-element elementor-element-ae58c87\" data-id=\"ae58c87\" data-element_type=\"column\" data-e-type=\"column\">\r\n\t\t\t\t\t<div class=\"elementor-widget-wrap elementor-element-populated\">\r\n\t\t\t\t\t\t\t\t<div class=\"elementor-element elementor-element-c5fd36d elementor-widget elementor-widget-heading\" data-id=\"c5fd36d\" data-element_type=\"widget\" data-e-type=\"widget\" data-widget_type=\"heading.default\">\n\t\t\t\t<div class=\"elementor-widget-container\">\n\t\t\t\t\t<h2 class=\"elementor-heading-title elementor-size-default\">Responsabilit\u00e9 du dirigeant conjointe et solidaire<\/h2>\t\t\t\t<\/div>\n\t\t\t\t<\/div>\n\t\t\t\t\t<\/div>\r\n\t\t\t\t<\/div>\r\n\t\t\t\t\t<\/div>\r\n\t\t\t\t<\/section>\r\n\t\t\t\t<section data-particle_enable=\"false\" data-particle-mobile-disabled=\"false\" class=\"elementor-section elementor-top-section elementor-element elementor-element-ff9e5e2 elementor-section-boxed elementor-section-height-default elementor-section-height-default\" data-id=\"ff9e5e2\" data-element_type=\"section\" data-e-type=\"section\">\r\n\t\t\r\n\t\t\t\t\t\t\t<div class=\"elementor-container elementor-column-gap-default\">\r\n\t\t\t\t\t\t\t\t\t\t\t<div class=\"elementor-column elementor-col-100 elementor-top-column elementor-element elementor-element-7841ddb\" data-id=\"7841ddb\" data-element_type=\"column\" data-e-type=\"column\">\r\n\t\t\t\t\t<div class=\"elementor-widget-wrap elementor-element-populated\">\r\n\t\t\t\t\t\t\t\t<div class=\"elementor-element elementor-element-4d6ac30 elementor-widget elementor-widget-text-editor\" data-id=\"4d6ac30\" data-element_type=\"widget\" data-e-type=\"widget\" data-widget_type=\"text-editor.default\">\n\t\t\t\t<div class=\"elementor-widget-container\">\n\t\t\t\t\t\t\t\t\t<h3>Causateurs<\/h3><p>Vous pouvez \u00eatre tenu pour solidairement responsable si vous avez particip\u00e9 activement et directement \u00e0 la commission d&rsquo;une infraction fiscale imputable \u00e0 votre entreprise, c&rsquo;est-\u00e0-dire si vous avez collabor\u00e9 \u00e0 l&rsquo;infraction ou l&rsquo;avez provoqu\u00e9e. Il ne suffit pas qu&rsquo;il ait fait preuve de n\u00e9gligence ou d&rsquo;inattention (comme dans le cas de la responsabilit\u00e9 subsidiaire).<\/p><h3>Exemples de responsabilit\u00e9 solidaire<\/h3><p>Vous pouvez \u00eatre consid\u00e9r\u00e9 comme activement impliqu\u00e9 (et donc solidairement responsable) si votre entreprise participe \u00e0 un syst\u00e8me d&rsquo;\u00e9vitement de la d\u00e9claration de la TVA ; ou si, apr\u00e8s avoir commis une infraction fiscale, vous effectuez des op\u00e9rations pour vider votre entreprise de ses actifs ; ou si votre entreprise vend un bien immobilier et que vous d\u00e9cidez de ne pas comptabiliser ou d\u00e9clarer le b\u00e9n\u00e9fice r\u00e9alis\u00e9.<\/p>\t\t\t\t\t\t\t\t<\/div>\n\t\t\t\t<\/div>\n\t\t\t\t\t<\/div>\r\n\t\t\t\t<\/div>\r\n\t\t\t\t\t<\/div>\r\n\t\t\t\t<\/section>\r\n\t\t\t\t<section data-particle_enable=\"false\" data-particle-mobile-disabled=\"false\" class=\"elementor-section elementor-top-section elementor-element elementor-element-5bd4c9a elementor-section-boxed elementor-section-height-default elementor-section-height-default\" data-id=\"5bd4c9a\" data-element_type=\"section\" data-e-type=\"section\">\r\n\t\t\r\n\t\t\t\t\t\t\t<div class=\"elementor-container elementor-column-gap-default\">\r\n\t\t\t\t\t\t\t\t\t\t\t<div class=\"elementor-column elementor-col-100 elementor-top-column elementor-element elementor-element-8c20c31\" data-id=\"8c20c31\" data-element_type=\"column\" data-e-type=\"column\">\r\n\t\t\t\t\t<div class=\"elementor-widget-wrap elementor-element-populated\">\r\n\t\t\t\t\t\t\t\t<div class=\"elementor-element elementor-element-e7fe3fe elementor-widget elementor-widget-heading\" data-id=\"e7fe3fe\" data-element_type=\"widget\" data-e-type=\"widget\" data-widget_type=\"heading.default\">\n\t\t\t\t<div class=\"elementor-widget-container\">\n\t\t\t\t\t<h2 class=\"elementor-heading-title elementor-size-default\">Responsabilit\u00e9 du dirigeant subsidiaire<\/h2>\t\t\t\t<\/div>\n\t\t\t\t<\/div>\n\t\t\t\t\t<\/div>\r\n\t\t\t\t<\/div>\r\n\t\t\t\t\t<\/div>\r\n\t\t\t\t<\/section>\r\n\t\t\t\t<section data-particle_enable=\"false\" data-particle-mobile-disabled=\"false\" class=\"elementor-section elementor-top-section elementor-element elementor-element-e4eb3bc elementor-section-boxed elementor-section-height-default elementor-section-height-default\" data-id=\"e4eb3bc\" data-element_type=\"section\" data-e-type=\"section\">\r\n\t\t\r\n\t\t\t\t\t\t\t<div class=\"elementor-container elementor-column-gap-default\">\r\n\t\t\t\t\t\t\t\t\t\t\t<div class=\"elementor-column elementor-col-100 elementor-top-column elementor-element elementor-element-0a688aa\" data-id=\"0a688aa\" data-element_type=\"column\" data-e-type=\"column\">\r\n\t\t\t\t\t<div class=\"elementor-widget-wrap elementor-element-populated\">\r\n\t\t\t\t\t\t\t\t<div class=\"elementor-element elementor-element-ee01951 elementor-widget elementor-widget-text-editor\" data-id=\"ee01951\" data-element_type=\"widget\" data-e-type=\"widget\" data-widget_type=\"text-editor.default\">\n\t\t\t\t<div class=\"elementor-widget-container\">\n\t\t\t\t\t\t\t\t\t<h3>Pas de responsabilit\u00e9 du dirigeant directe<\/h3><p>Si votre entreprise commet une infraction fiscale mais que vous n&rsquo;en \u00eates pas l&rsquo;auteur direct, votre responsabilit\u00e9 n&rsquo;est que subsidiaire.<\/p><p>Concr\u00e8tement, cela peut se produire dans les cas suivants :<\/p><ul><li>Lorsque vous n&rsquo;avez pas accompli les actes n\u00e9cessaires dans le cadre de votre responsabilit\u00e9 pour vous conformer aux obligations fiscales.<\/li><li>Lorsque vous avez consenti \u00e0 ce que les personnes \u00e0 votre charge ne respectent pas les obligations fiscales.<\/li><li>Ou lorsque vous avez adopt\u00e9 des accords qui rendent les infractions possibles.<br \/>Consid\u00e9rations.<\/li><\/ul><p>En cas de responsabilit\u00e9 subsidiaire, veuillez noter que :<\/p><p>Le dirigeant qui \u00e9tait l&rsquo;administrateur de la soci\u00e9t\u00e9 au moment de l&rsquo;infraction sera tenu pour responsable (peu importe qui est l&rsquo;administrateur au moment o\u00f9 la proc\u00e9dure de responsabilit\u00e9 est engag\u00e9e).<br \/>Les proc\u00e9dures \u00e0 l&rsquo;encontre du dirigeant ne peuvent \u00eatre engag\u00e9es qu&rsquo;apr\u00e8s \u00e9puisement de tous les moyens de recouvrement \u00e0 l&rsquo;encontre de la soci\u00e9t\u00e9 et, par cons\u00e9quent, apr\u00e8s que l&rsquo;administration fiscale a d\u00e9clar\u00e9 la faillite de la soci\u00e9t\u00e9 et de toutes les parties responsables conjointement et solidairement.<\/p><h3>Faillite de l&rsquo;entreprise<\/h3><p>Cette d\u00e9claration d&rsquo;insolvabilit\u00e9 n&rsquo;est pas subordonn\u00e9e \u00e0 l&rsquo;insolvabilit\u00e9 de la soci\u00e9t\u00e9 au sens de l&rsquo;ouverture d&rsquo;une proc\u00e9dure d&rsquo;insolvabilit\u00e9.<\/p><p>Il suffit que les autorit\u00e9s fiscales aient pris des mesures raisonnables et suffisantes pour prouver l&rsquo;absence d&rsquo;actifs r\u00e9alisables.<\/p>\t\t\t\t\t\t\t\t<\/div>\n\t\t\t\t<\/div>\n\t\t\t\t\t<\/div>\r\n\t\t\t\t<\/div>\r\n\t\t\t\t\t<\/div>\r\n\t\t\t\t<\/section>\r\n\t\t\t\t<section data-particle_enable=\"false\" data-particle-mobile-disabled=\"false\" class=\"elementor-section elementor-top-section elementor-element elementor-element-2bc8bb4 elementor-section-boxed elementor-section-height-default elementor-section-height-default\" data-id=\"2bc8bb4\" data-element_type=\"section\" data-e-type=\"section\">\r\n\t\t\r\n\t\t\t\t\t\t\t<div class=\"elementor-container elementor-column-gap-default\">\r\n\t\t\t\t\t\t\t\t\t\t\t<div class=\"elementor-column elementor-col-100 elementor-top-column elementor-element elementor-element-1f203c7\" data-id=\"1f203c7\" data-element_type=\"column\" data-e-type=\"column\">\r\n\t\t\t\t\t<div class=\"elementor-widget-wrap elementor-element-populated\">\r\n\t\t\t\t\t\t\t\t<div class=\"elementor-element elementor-element-8a33c91 elementor-widget elementor-widget-text-editor\" data-id=\"8a33c91\" data-element_type=\"widget\" data-e-type=\"widget\" data-widget_type=\"text-editor.default\">\n\t\t\t\t<div class=\"elementor-widget-container\">\n\t\t\t\t\t\t\t\t\t<p style=\"text-align: center;\">Les <a href=\"https:\/\/sede.agenciatributaria.gob.es\/\" target=\"_blank\" rel=\"noopener\">autorit\u00e9s fiscales espagnole<\/a> peuvent d\u00e9clarer le directeur solidairement responsable s&rsquo;il a particip\u00e9 directement \u00e0 une infraction fiscale. Si le directeur n&rsquo;a pas \u00e9t\u00e9 directement impliqu\u00e9, sa responsabilit\u00e9 ne peut \u00eatre que subsidiaire.<\/p>\t\t\t\t\t\t\t\t<\/div>\n\t\t\t\t<\/div>\n\t\t\t\t\t<\/div>\r\n\t\t\t\t<\/div>\r\n\t\t\t\t\t<\/div>\r\n\t\t\t\t<\/section>\r\n\t\t\t\t<section data-particle_enable=\"false\" data-particle-mobile-disabled=\"false\" class=\"elementor-section elementor-top-section elementor-element elementor-element-39a8e87 elementor-section-boxed elementor-section-height-default elementor-section-height-default\" data-id=\"39a8e87\" data-element_type=\"section\" data-e-type=\"section\">\r\n\t\t\r\n\t\t\t\t\t\t\t<div class=\"elementor-container elementor-column-gap-default\">\r\n\t\t\t\t\t\t\t\t\t\t\t<div class=\"elementor-column elementor-col-100 elementor-top-column elementor-element elementor-element-242d781\" data-id=\"242d781\" data-element_type=\"column\" data-e-type=\"column\">\r\n\t\t\t\t\t<div class=\"elementor-widget-wrap elementor-element-populated\">\r\n\t\t\t\t\t\t\t\t<div class=\"elementor-element elementor-element-2e56dd8 elementor-widget elementor-widget-heading\" data-id=\"2e56dd8\" data-element_type=\"widget\" data-e-type=\"widget\" data-widget_type=\"heading.default\">\n\t\t\t\t<div class=\"elementor-widget-container\">\n\t\t\t\t\t<h2 class=\"elementor-heading-title elementor-size-default\">Cons\u00e9quences d'un manquement aux responsabilit\u00e9s du dirigeant\n<\/h2>\t\t\t\t<\/div>\n\t\t\t\t<\/div>\n\t\t\t\t\t<\/div>\r\n\t\t\t\t<\/div>\r\n\t\t\t\t\t<\/div>\r\n\t\t\t\t<\/section>\r\n\t\t\t\t<section data-particle_enable=\"false\" data-particle-mobile-disabled=\"false\" class=\"elementor-section elementor-top-section elementor-element elementor-element-626492b elementor-section-boxed elementor-section-height-default elementor-section-height-default\" data-id=\"626492b\" data-element_type=\"section\" data-e-type=\"section\">\r\n\t\t\r\n\t\t\t\t\t\t\t<div class=\"elementor-container elementor-column-gap-default\">\r\n\t\t\t\t\t\t\t\t\t\t\t<div class=\"elementor-column elementor-col-100 elementor-top-column elementor-element elementor-element-4d2acf6\" data-id=\"4d2acf6\" data-element_type=\"column\" data-e-type=\"column\">\r\n\t\t\t\t\t<div class=\"elementor-widget-wrap elementor-element-populated\">\r\n\t\t\t\t\t\t\t\t<div class=\"elementor-element elementor-element-1d95903 elementor-widget elementor-widget-text-editor\" data-id=\"1d95903\" data-element_type=\"widget\" data-e-type=\"widget\" data-widget_type=\"text-editor.default\">\n\t\t\t\t<div class=\"elementor-widget-container\">\n\t\t\t\t\t\t\t\t\t<p>Les cons\u00e9quences d&rsquo;un manquement aux responsabilit\u00e9s du chef d&rsquo;entreprise d&rsquo;une soci\u00e9t\u00e9 a responsabilit\u00e9 limit\u00e9e peuvent \u00eatre graves et avoir diverses r\u00e9percussions juridiques.<\/p><p>Tout d&rsquo;abord, le directeur peut faire l&rsquo;objet de r\u00e9clamations de la part des associ\u00e9s ou actionnaires concern\u00e9s, qui peuvent demander une indemnisation pour les dommages caus\u00e9s.<\/p><p>En outre, s&rsquo;il est prouv\u00e9 que le manquement \u00e9tait intentionnel ou n\u00e9gligent, le directeur pourrait \u00eatre tenu personnellement responsable et devoir assumer les dettes de la soci\u00e9t\u00e9 sur son patrimoine personnel.<\/p><p>Les autorit\u00e9s fiscales pourraient imposer des sanctions financi\u00e8res et m\u00eame interdire au dirigeant d&rsquo;exercer des fonctions similaires \u00e0 l&rsquo;avenir.<\/p><p>Il est donc essentiel que les dirigeant d&rsquo;une soci\u00e9t\u00e9 anonyme soient conscients de leurs responsabilit\u00e9s et agissent avec diligence pour \u00e9viter tout type de manquement qui pourrait mettre en p\u00e9ril leur r\u00e9putation et leur stabilit\u00e9 financi\u00e8re.<\/p>\t\t\t\t\t\t\t\t<\/div>\n\t\t\t\t<\/div>\n\t\t\t\t\t<\/div>\r\n\t\t\t\t<\/div>\r\n\t\t\t\t\t<\/div>\r\n\t\t\t\t<\/section>\r\n\t\t\t\t<section data-particle_enable=\"false\" data-particle-mobile-disabled=\"false\" class=\"elementor-section elementor-top-section elementor-element elementor-element-f00d706 elementor-section-boxed elementor-section-height-default elementor-section-height-default\" data-id=\"f00d706\" data-element_type=\"section\" data-e-type=\"section\">\r\n\t\t\r\n\t\t\t\t\t\t\t<div class=\"elementor-container elementor-column-gap-default\">\r\n\t\t\t\t\t\t\t\t\t\t\t<div class=\"elementor-column elementor-col-100 elementor-top-column elementor-element elementor-element-ee13ff6\" data-id=\"ee13ff6\" data-element_type=\"column\" data-e-type=\"column\">\r\n\t\t\t\t\t<div class=\"elementor-widget-wrap elementor-element-populated\">\r\n\t\t\t\t\t\t\t\t<div class=\"elementor-element elementor-element-af7b7a8 elementor-widget elementor-widget-heading\" data-id=\"af7b7a8\" data-element_type=\"widget\" data-e-type=\"widget\" data-widget_type=\"heading.default\">\n\t\t\t\t<div class=\"elementor-widget-container\">\n\t\t\t\t\t<h2 class=\"elementor-heading-title elementor-size-default\">Comment vous prot\u00e9ger juridiquement en tant que dirigeant d'une soci\u00e9t\u00e9 \u00e0 responsabilit\u00e9 limit\u00e9e ?<\/h2>\t\t\t\t<\/div>\n\t\t\t\t<\/div>\n\t\t\t\t\t<\/div>\r\n\t\t\t\t<\/div>\r\n\t\t\t\t\t<\/div>\r\n\t\t\t\t<\/section>\r\n\t\t\t\t<section data-particle_enable=\"false\" data-particle-mobile-disabled=\"false\" class=\"elementor-section elementor-top-section elementor-element elementor-element-a6ea53c elementor-section-boxed elementor-section-height-default elementor-section-height-default\" data-id=\"a6ea53c\" data-element_type=\"section\" data-e-type=\"section\">\r\n\t\t\r\n\t\t\t\t\t\t\t<div class=\"elementor-container elementor-column-gap-default\">\r\n\t\t\t\t\t\t\t\t\t\t\t<div class=\"elementor-column elementor-col-100 elementor-top-column elementor-element elementor-element-b8b20b8\" data-id=\"b8b20b8\" data-element_type=\"column\" data-e-type=\"column\">\r\n\t\t\t\t\t<div class=\"elementor-widget-wrap elementor-element-populated\">\r\n\t\t\t\t\t\t\t\t<div class=\"elementor-element elementor-element-2696fa5 elementor-widget elementor-widget-text-editor\" data-id=\"2696fa5\" data-element_type=\"widget\" data-e-type=\"widget\" data-widget_type=\"text-editor.default\">\n\t\t\t\t<div class=\"elementor-widget-container\">\n\t\t\t\t\t\t\t\t\t<p>\u00catre dirigeant d&rsquo;une soci\u00e9t\u00e9 \u00e0 responsabilit\u00e9 limit\u00e9e comporte certains risques juridiques. Cependant, il existe des mesures qui peuvent \u00eatre prises pour se prot\u00e9ger juridiquement.<\/p><p>Tout d&rsquo;abord, il est important que le directeur respecte toutes les obligations et tous les devoirs \u00e9tablis par la loi et les statuts de la soci\u00e9t\u00e9.<\/p><p>En outre, il est recommand\u00e9 de souscrire une <strong>assurance responsabilit\u00e9 civile<\/strong> pour couvrir d&rsquo;\u00e9ventuelles r\u00e9clamations.<\/p><h3>Police d&rsquo;assurance responsabilit\u00e9 du dirigeant<\/h3><p>C&rsquo;est pourquoi, depuis quelques ann\u00e9es, les compagnies d&rsquo;assurance commercialisent des polices qui couvrent la responsabilit\u00e9 civile pouvant \u00eatre encourue par les chefs d&rsquo;entreprise dans l&rsquo;exercice de leurs fonctions.<\/p><p>Sachez que ce type de police couvre le paiement d&rsquo;\u00e9ventuelles indemnit\u00e9s pour les dommages caus\u00e9s involontairement \u00e0 des tiers et qui peuvent \u00eatre exig\u00e9s du dirigeant pour avoir agi avec n\u00e9gligence.<\/p><p>En outre, elles couvrent g\u00e9n\u00e9ralement les frais d&rsquo;avocat et de notaire pour les proc\u00e9dures judiciaires dans lesquelles la responsabilit\u00e9 du chef d&rsquo;entreprise est engag\u00e9e, ainsi que d&rsquo;autres d\u00e9penses li\u00e9es au proc\u00e8s (expertises, par exemple).<\/p><h3>Exclusions des polices d&rsquo;assurance<\/h3><p>En revanche, ces polices ne couvriront jamais, par exemple, les responsabilit\u00e9s d\u00e9coulant d&rsquo;actes frauduleux ou dolosifs (c&rsquo;est-\u00e0-dire intentionnels) du dirigeant.<\/p><p>Par cons\u00e9quent, la souscription d&rsquo;une telle police ne vous conf\u00e8re pas une \u00ab\u00a0immunit\u00e9\u00a0\u00bb totale. Ainsi, si, au moment de passer une commande, l&rsquo;administrateur sait d\u00e9j\u00e0 avec certitude que l&rsquo;entreprise ne pourra pas la payer, il commettra une fraude que l&rsquo;assurance ne couvrira pas.<\/p><p>Dans tous les cas, il est conseill\u00e9 de souscrire une assurance.<\/p><p>Une autre mesure importante consiste \u00e0 \u00eatre transparent et \u00e0 documenter toutes les d\u00e9cisions et actions prises en tant que directeur.<\/p><p>Il est \u00e9galement conseill\u00e9 de prendre des conseils juridiques pour s&rsquo;assurer que vous respectez toutes les r\u00e9glementations en vigueur et que vous \u00e9vitez les erreurs qui pourraient entra\u00eener des responsabilit\u00e9s juridiques.<\/p><p>En r\u00e9sum\u00e9, pour vous prot\u00e9ger juridiquement en tant qu&rsquo;administrateur d&rsquo;une soci\u00e9t\u00e9 \u00e0 responsabilit\u00e9 limit\u00e9e, vous devez faire preuve de diligence dans l&rsquo;ex\u00e9cution de vos obligations, mettre en place des mesures de protection ad\u00e9quates et recourir \u00e0 des conseils juridiques si n\u00e9cessaire.<\/p>\t\t\t\t\t\t\t\t<\/div>\n\t\t\t\t<\/div>\n\t\t\t\t\t<\/div>\r\n\t\t\t\t<\/div>\r\n\t\t\t\t\t<\/div>\r\n\t\t\t\t<\/section>\r\n\t\t\t\t<section data-particle_enable=\"false\" data-particle-mobile-disabled=\"false\" class=\"elementor-section elementor-top-section elementor-element elementor-element-28c9757 elementor-section-boxed elementor-section-height-default elementor-section-height-default\" data-id=\"28c9757\" data-element_type=\"section\" data-e-type=\"section\">\r\n\t\t\r\n\t\t\t\t\t\t\t<div class=\"elementor-container elementor-column-gap-default\">\r\n\t\t\t\t\t\t\t\t\t\t\t<div class=\"elementor-column elementor-col-100 elementor-top-column elementor-element elementor-element-60ae91b\" data-id=\"60ae91b\" data-element_type=\"column\" data-e-type=\"column\">\r\n\t\t\t\t\t<div class=\"elementor-widget-wrap elementor-element-populated\">\r\n\t\t\t\t\t\t\t\t<div class=\"elementor-element elementor-element-c40196c elementor-widget elementor-widget-heading\" data-id=\"c40196c\" data-element_type=\"widget\" data-e-type=\"widget\" data-widget_type=\"heading.default\">\n\t\t\t\t<div class=\"elementor-widget-container\">\n\t\t\t\t\t<h2 class=\"elementor-heading-title elementor-size-default\">L'importance de la transparence et de la bonne gouvernance dans le r\u00f4le de chef d'entreprise\n<\/h2>\t\t\t\t<\/div>\n\t\t\t\t<\/div>\n\t\t\t\t\t<\/div>\r\n\t\t\t\t<\/div>\r\n\t\t\t\t\t<\/div>\r\n\t\t\t\t<\/section>\r\n\t\t\t\t<section data-particle_enable=\"false\" data-particle-mobile-disabled=\"false\" class=\"elementor-section elementor-top-section elementor-element elementor-element-6a053c9 elementor-section-boxed elementor-section-height-default elementor-section-height-default\" data-id=\"6a053c9\" data-element_type=\"section\" data-e-type=\"section\">\r\n\t\t\r\n\t\t\t\t\t\t\t<div class=\"elementor-container elementor-column-gap-default\">\r\n\t\t\t\t\t\t\t\t\t\t\t<div class=\"elementor-column elementor-col-100 elementor-top-column elementor-element elementor-element-9e37752\" data-id=\"9e37752\" data-element_type=\"column\" data-e-type=\"column\">\r\n\t\t\t\t\t<div class=\"elementor-widget-wrap elementor-element-populated\">\r\n\t\t\t\t\t\t\t\t<div class=\"elementor-element elementor-element-6d8b091 elementor-widget elementor-widget-text-editor\" data-id=\"6d8b091\" data-element_type=\"widget\" data-e-type=\"widget\" data-widget_type=\"text-editor.default\">\n\t\t\t\t<div class=\"elementor-widget-container\">\n\t\t\t\t\t\t\t\t\t<p>La transparence et la bonne gouvernance sont deux aspects fondamentaux qui doivent \u00eatre pris en compte par les dirigeants d&rsquo;une soci\u00e9t\u00e9 \u00e0 responsabilit\u00e9 limit\u00e9s en espagne .<\/p><p>La transparence implique l&rsquo;obligation d&rsquo;informer les actionnaires et les autres parties prenantes de la situation financi\u00e8re de l&rsquo;entreprise, ainsi que de toute autre information pertinente susceptible d&rsquo;affecter ses performances.<\/p><p>La bonne gestion fait r\u00e9f\u00e9rence \u00e0 la capacit\u00e9 du directeur \u00e0 prendre des d\u00e9cisions judicieuses qui permettent \u00e0 l&rsquo;entreprise de cro\u00eetre et de se d\u00e9velopper de mani\u00e8re durable.<\/p><p>Un gestionnaire transparent et bien g\u00e9r\u00e9 est capable de susciter la confiance des actionnaires et du march\u00e9 en g\u00e9n\u00e9ral, ce qui peut se traduire par de plus grandes opportunit\u00e9s commerciales et une meilleure position concurrentielle.<\/p><p>Il est donc essentiel que les dirigeants d&rsquo;une soci\u00e9t\u00e9 en Espagne s&rsquo;engagent \u00e0 respecter des normes \u00e9lev\u00e9es de transparence et de bonne gouvernance, car cela leur permet non seulement de s&rsquo;acquitter de leurs responsabilit\u00e9s l\u00e9gales, mais aussi de contribuer au succ\u00e8s et \u00e0 la croissance de la soci\u00e9t\u00e9.<\/p><p>En r\u00e9sum\u00e9, la responsabilit\u00e9 de l&rsquo;administrateur d&rsquo;une soci\u00e9t\u00e9 anonyme est un aspect fondamental qui ne doit pas \u00eatre pris \u00e0 la l\u00e9g\u00e8re.<\/p><p>Les dirigeants ont le devoir de remplir leurs obligations et d&rsquo;agir de mani\u00e8re transparente et responsable dans l&rsquo;int\u00e9r\u00eat de la soci\u00e9t\u00e9 et de ses actionnaires.<\/p><p>Tout manquement \u00e0 ces responsabilit\u00e9s peut avoir de graves cons\u00e9quences juridiques et financi\u00e8res, tant pour les chefs d&rsquo;entreprise que pour la soci\u00e9t\u00e9 SPRL.<\/p><p>Il est donc essentiel que les administrateurs se prot\u00e8gent juridiquement et adoptent des pratiques de bonne gouvernance afin d&rsquo;\u00e9viter tout probl\u00e8me futur.<\/p><p>Toutefois, il est important de r\u00e9fl\u00e9chir \u00e0 la mani\u00e8re de promouvoir une meilleure sensibilisation et une meilleure formation aux responsabilit\u00e9s des administrateurs, tant au niveau de l&rsquo;entreprise qu&rsquo;au niveau de l&rsquo;enseignement.<\/p><p>Ce n&rsquo;est qu&rsquo;en comprenant mieux ces responsabilit\u00e9s que nous pourrons promouvoir une gestion plus \u00e9thique et plus responsable dans nos entreprises et nos soci\u00e9t\u00e9s.<\/p>\t\t\t\t\t\t\t\t<\/div>\n\t\t\t\t<\/div>\n\t\t\t\t\t<\/div>\r\n\t\t\t\t<\/div>\r\n\t\t\t\t\t<\/div>\r\n\t\t\t\t<\/section>\r\n\t\t\t\t<\/div>\n\t\t","protected":false},"excerpt":{"rendered":"<p>La responsabilit\u00e9 du dirigeant d&rsquo;une soci\u00e9t\u00e9 \u00e0 responsabilit\u00e9 limit\u00e9e est un sujet d&rsquo;une grande importance pour ceux qui occupent cette fonction dans une entreprise. Il est essentiel de conna\u00eetre les obligations et les devoirs que l&rsquo;on a en tant que dirigeant, ainsi que les cons\u00e9quences du non-respect de ces responsabilit\u00e9s. En outre, il est n\u00e9cessaire [&hellip;]<\/p>\n","protected":false},"author":2,"featured_media":20749,"comment_status":"closed","ping_status":"closed","sticky":false,"template":"","format":"standard","meta":{"_eb_attr":"","inline_featured_image":false,"footnotes":""},"categories":[45,46],"tags":[],"class_list":["post-20958","post","type-post","status-publish","format-standard","has-post-thumbnail","hentry","category-blog"],"featured_image_src":{"landsacpe":["https:\/\/www.asesoriaorihuelacosta.com\/wp-content\/uploads\/2024\/02\/responsabilidad-del-administrador.png",384,216,false],"list":["https:\/\/www.asesoriaorihuelacosta.com\/wp-content\/uploads\/2024\/02\/responsabilidad-del-administrador.png",384,216,false],"medium":["https:\/\/www.asesoriaorihuelacosta.com\/wp-content\/uploads\/2024\/02\/responsabilidad-del-administrador-300x169.png",300,169,true],"full":["https:\/\/www.asesoriaorihuelacosta.com\/wp-content\/uploads\/2024\/02\/responsabilidad-del-administrador.png",384,216,false]},"yoast_head":"<!-- This site is optimized with the Yoast SEO Premium plugin v24.7 (Yoast SEO v27.5) - https:\/\/yoast.com\/product\/yoast-seo-premium-wordpress\/ -->\n<title>Responsabilit\u00e9s du dirigeant d&#039;une SPRL en Espagne<\/title>\n<meta name=\"description\" content=\"La responsabilit\u00e9 du dirigeant d&#039;une soci\u00e9t\u00e9 \u00e0 responsabilit\u00e9 limit\u00e9e est d&#039;une grande importance pour ceux qui occupent cette fonction.\" \/>\n<meta name=\"robots\" content=\"index, follow, max-snippet:-1, max-image-preview:large, max-video-preview:-1\" \/>\n<link rel=\"canonical\" href=\"https:\/\/www.asesoriaorihuelacosta.com\/fr\/responsabilites-du-dirigeant-dune-sprl-tout-ce-que-vous-devez-savoir\/\" \/>\n<meta property=\"og:locale\" content=\"fr_FR\" \/>\n<meta property=\"og:type\" content=\"article\" \/>\n<meta property=\"og:title\" content=\"Responsabilit\u00e9s du dirigeant d&#039;une SPRL: tout ce que vous devez savoir\" \/>\n<meta property=\"og:description\" content=\"La responsabilit\u00e9 du dirigeant d&#039;une soci\u00e9t\u00e9 \u00e0 responsabilit\u00e9 limit\u00e9e est d&#039;une grande importance pour ceux qui occupent cette fonction.\" \/>\n<meta property=\"og:url\" content=\"https:\/\/www.asesoriaorihuelacosta.com\/fr\/responsabilites-du-dirigeant-dune-sprl-tout-ce-que-vous-devez-savoir\/\" \/>\n<meta property=\"og:site_name\" content=\"Asesor\u00eda Orihuela Costa\" \/>\n<meta property=\"article:publisher\" content=\"https:\/\/www.facebook.com\/asesoriaorihuelacosta\" \/>\n<meta property=\"article:author\" content=\"https:\/\/www.facebook.com\/patrick.gordinneperez\" \/>\n<meta property=\"article:published_time\" content=\"2024-02-01T21:17:28+00:00\" \/>\n<meta property=\"article:modified_time\" content=\"2024-02-04T20:16:55+00:00\" \/>\n<meta property=\"og:image\" content=\"https:\/\/www.asesoriaorihuelacosta.com\/wp-content\/uploads\/2024\/02\/responsabilidad-del-administrador.png\" \/>\n\t<meta property=\"og:image:width\" content=\"384\" \/>\n\t<meta property=\"og:image:height\" content=\"216\" \/>\n\t<meta property=\"og:image:type\" content=\"image\/png\" \/>\n<meta name=\"author\" content=\"Patrick Gordinne Perez\" \/>\n<meta name=\"twitter:card\" content=\"summary_large_image\" \/>\n<meta name=\"twitter:label1\" content=\"\u00c9crit par\" \/>\n\t<meta name=\"twitter:data1\" content=\"Patrick Gordinne Perez\" \/>\n\t<meta name=\"twitter:label2\" content=\"Dur\u00e9e de lecture estim\u00e9e\" \/>\n\t<meta name=\"twitter:data2\" content=\"9 minutes\" \/>\n<script type=\"application\/ld+json\" class=\"yoast-schema-graph\">{\"@context\":\"https:\\\/\\\/schema.org\",\"@graph\":[{\"@type\":\"Article\",\"@id\":\"https:\\\/\\\/www.asesoriaorihuelacosta.com\\\/fr\\\/responsabilites-du-dirigeant-dune-sprl-tout-ce-que-vous-devez-savoir\\\/#article\",\"isPartOf\":{\"@id\":\"https:\\\/\\\/www.asesoriaorihuelacosta.com\\\/fr\\\/responsabilites-du-dirigeant-dune-sprl-tout-ce-que-vous-devez-savoir\\\/\"},\"author\":{\"name\":\"Patrick Gordinne Perez\",\"@id\":\"https:\\\/\\\/www.asesoriaorihuelacosta.com\\\/fr\\\/#\\\/schema\\\/person\\\/6614ce8cf6d2de542aaf351629fd539e\"},\"headline\":\"Responsabilit\u00e9s du dirigeant d&rsquo;une SPRL: tout ce que vous devez savoir\",\"datePublished\":\"2024-02-01T21:17:28+00:00\",\"dateModified\":\"2024-02-04T20:16:55+00:00\",\"mainEntityOfPage\":{\"@id\":\"https:\\\/\\\/www.asesoriaorihuelacosta.com\\\/fr\\\/responsabilites-du-dirigeant-dune-sprl-tout-ce-que-vous-devez-savoir\\\/\"},\"wordCount\":2164,\"publisher\":{\"@id\":\"https:\\\/\\\/www.asesoriaorihuelacosta.com\\\/fr\\\/#organization\"},\"image\":{\"@id\":\"https:\\\/\\\/www.asesoriaorihuelacosta.com\\\/fr\\\/responsabilites-du-dirigeant-dune-sprl-tout-ce-que-vous-devez-savoir\\\/#primaryimage\"},\"thumbnailUrl\":\"https:\\\/\\\/www.asesoriaorihuelacosta.com\\\/wp-content\\\/uploads\\\/2024\\\/02\\\/responsabilidad-del-administrador.png\",\"articleSection\":[\"Blog\",\"Blog\"],\"inLanguage\":\"fr-FR\"},{\"@type\":\"WebPage\",\"@id\":\"https:\\\/\\\/www.asesoriaorihuelacosta.com\\\/fr\\\/responsabilites-du-dirigeant-dune-sprl-tout-ce-que-vous-devez-savoir\\\/\",\"url\":\"https:\\\/\\\/www.asesoriaorihuelacosta.com\\\/fr\\\/responsabilites-du-dirigeant-dune-sprl-tout-ce-que-vous-devez-savoir\\\/\",\"name\":\"Responsabilit\u00e9s du dirigeant d'une SPRL en Espagne\",\"isPartOf\":{\"@id\":\"https:\\\/\\\/www.asesoriaorihuelacosta.com\\\/fr\\\/#website\"},\"primaryImageOfPage\":{\"@id\":\"https:\\\/\\\/www.asesoriaorihuelacosta.com\\\/fr\\\/responsabilites-du-dirigeant-dune-sprl-tout-ce-que-vous-devez-savoir\\\/#primaryimage\"},\"image\":{\"@id\":\"https:\\\/\\\/www.asesoriaorihuelacosta.com\\\/fr\\\/responsabilites-du-dirigeant-dune-sprl-tout-ce-que-vous-devez-savoir\\\/#primaryimage\"},\"thumbnailUrl\":\"https:\\\/\\\/www.asesoriaorihuelacosta.com\\\/wp-content\\\/uploads\\\/2024\\\/02\\\/responsabilidad-del-administrador.png\",\"datePublished\":\"2024-02-01T21:17:28+00:00\",\"dateModified\":\"2024-02-04T20:16:55+00:00\",\"description\":\"La responsabilit\u00e9 du dirigeant d'une soci\u00e9t\u00e9 \u00e0 responsabilit\u00e9 limit\u00e9e est d'une grande importance pour ceux qui occupent cette fonction.\",\"breadcrumb\":{\"@id\":\"https:\\\/\\\/www.asesoriaorihuelacosta.com\\\/fr\\\/responsabilites-du-dirigeant-dune-sprl-tout-ce-que-vous-devez-savoir\\\/#breadcrumb\"},\"inLanguage\":\"fr-FR\",\"potentialAction\":[{\"@type\":\"ReadAction\",\"target\":[\"https:\\\/\\\/www.asesoriaorihuelacosta.com\\\/fr\\\/responsabilites-du-dirigeant-dune-sprl-tout-ce-que-vous-devez-savoir\\\/\"]}]},{\"@type\":\"ImageObject\",\"inLanguage\":\"fr-FR\",\"@id\":\"https:\\\/\\\/www.asesoriaorihuelacosta.com\\\/fr\\\/responsabilites-du-dirigeant-dune-sprl-tout-ce-que-vous-devez-savoir\\\/#primaryimage\",\"url\":\"https:\\\/\\\/www.asesoriaorihuelacosta.com\\\/wp-content\\\/uploads\\\/2024\\\/02\\\/responsabilidad-del-administrador.png\",\"contentUrl\":\"https:\\\/\\\/www.asesoriaorihuelacosta.com\\\/wp-content\\\/uploads\\\/2024\\\/02\\\/responsabilidad-del-administrador.png\",\"width\":384,\"height\":216,\"caption\":\"responsabilidad del administrador\"},{\"@type\":\"BreadcrumbList\",\"@id\":\"https:\\\/\\\/www.asesoriaorihuelacosta.com\\\/fr\\\/responsabilites-du-dirigeant-dune-sprl-tout-ce-que-vous-devez-savoir\\\/#breadcrumb\",\"itemListElement\":[{\"@type\":\"ListItem\",\"position\":1,\"name\":\"Home\",\"item\":\"https:\\\/\\\/www.asesoriaorihuelacosta.com\\\/fr\\\/\"},{\"@type\":\"ListItem\",\"position\":2,\"name\":\"Responsabilit\u00e9s du dirigeant d&#8217;une SPRL: tout ce que vous devez savoir\"}]},{\"@type\":\"WebSite\",\"@id\":\"https:\\\/\\\/www.asesoriaorihuelacosta.com\\\/fr\\\/#website\",\"url\":\"https:\\\/\\\/www.asesoriaorihuelacosta.com\\\/fr\\\/\",\"name\":\"https:\\\/\\\/www.asesoriaorihuelacosta.com\\\/\",\"description\":\"Grupo de asesores profesionales\",\"publisher\":{\"@id\":\"https:\\\/\\\/www.asesoriaorihuelacosta.com\\\/fr\\\/#organization\"},\"potentialAction\":[{\"@type\":\"SearchAction\",\"target\":{\"@type\":\"EntryPoint\",\"urlTemplate\":\"https:\\\/\\\/www.asesoriaorihuelacosta.com\\\/fr\\\/?s={search_term_string}\"},\"query-input\":{\"@type\":\"PropertyValueSpecification\",\"valueRequired\":true,\"valueName\":\"search_term_string\"}}],\"inLanguage\":\"fr-FR\"},{\"@type\":\"Organization\",\"@id\":\"https:\\\/\\\/www.asesoriaorihuelacosta.com\\\/fr\\\/#organization\",\"name\":\"Asesor\u00eda Orihuela Costa\",\"url\":\"https:\\\/\\\/www.asesoriaorihuelacosta.com\\\/fr\\\/\",\"logo\":{\"@type\":\"ImageObject\",\"inLanguage\":\"fr-FR\",\"@id\":\"https:\\\/\\\/www.asesoriaorihuelacosta.com\\\/fr\\\/#\\\/schema\\\/logo\\\/image\\\/\",\"url\":\"https:\\\/\\\/www.asesoriaorihuelacosta.com\\\/wp-content\\\/uploads\\\/2022\\\/06\\\/Logo-espa\u5bf8l-asesoriaorihuela.jpg\",\"contentUrl\":\"https:\\\/\\\/www.asesoriaorihuelacosta.com\\\/wp-content\\\/uploads\\\/2022\\\/06\\\/Logo-espa\u5bf8l-asesoriaorihuela.jpg\",\"width\":588,\"height\":136,\"caption\":\"Asesor\u00eda Orihuela Costa\"},\"image\":{\"@id\":\"https:\\\/\\\/www.asesoriaorihuelacosta.com\\\/fr\\\/#\\\/schema\\\/logo\\\/image\\\/\"},\"sameAs\":[\"https:\\\/\\\/www.facebook.com\\\/asesoriaorihuelacosta\"]},{\"@type\":\"Person\",\"@id\":\"https:\\\/\\\/www.asesoriaorihuelacosta.com\\\/fr\\\/#\\\/schema\\\/person\\\/6614ce8cf6d2de542aaf351629fd539e\",\"name\":\"Patrick Gordinne Perez\",\"description\":\"Soy economista colegiado por el colegio de economistas de Alicante con el n\u00famero 2722. Llevo ejerciendo desde el a\u00f1o 2005. Soy especialista en fiscalidad de empresas y aut\u00f3nomos y tambi\u00e9n especialista en gestionar compraventas. Hablo espa\u00f1ol, ingl\u00e9s y franc\u00e9s.\",\"sameAs\":[\"https:\\\/\\\/www.asesoriaorihuelacosta.com\",\"https:\\\/\\\/www.facebook.com\\\/patrick.gordinneperez\",\"https:\\\/\\\/www.linkedin.com\\\/in\\\/patrick-gordinne-perez-1b73aab3\\\/\",\"https:\\\/\\\/www.youtube.com\\\/channel\\\/UC5e95RJEVQlxCnhwDmGNVCw\"],\"gender\":\"Hombre\",\"knowsLanguage\":[\"ingl\u00e9s\",\"franc\u00e9s\",\"espa\u00f1ol\"],\"jobTitle\":\"Gerente\",\"worksFor\":\"Asesoria Orihuela Costa SL\"}]}<\/script>\n<!-- \/ Yoast SEO Premium plugin. -->","yoast_head_json":{"title":"Responsabilit\u00e9s du dirigeant d'une SPRL en Espagne","description":"La responsabilit\u00e9 du dirigeant d'une soci\u00e9t\u00e9 \u00e0 responsabilit\u00e9 limit\u00e9e est d'une grande importance pour ceux qui occupent cette fonction.","robots":{"index":"index","follow":"follow","max-snippet":"max-snippet:-1","max-image-preview":"max-image-preview:large","max-video-preview":"max-video-preview:-1"},"canonical":"https:\/\/www.asesoriaorihuelacosta.com\/fr\/responsabilites-du-dirigeant-dune-sprl-tout-ce-que-vous-devez-savoir\/","og_locale":"fr_FR","og_type":"article","og_title":"Responsabilit\u00e9s du dirigeant d'une SPRL: tout ce que vous devez savoir","og_description":"La responsabilit\u00e9 du dirigeant d'une soci\u00e9t\u00e9 \u00e0 responsabilit\u00e9 limit\u00e9e est d'une grande importance pour ceux qui occupent cette fonction.","og_url":"https:\/\/www.asesoriaorihuelacosta.com\/fr\/responsabilites-du-dirigeant-dune-sprl-tout-ce-que-vous-devez-savoir\/","og_site_name":"Asesor\u00eda Orihuela Costa","article_publisher":"https:\/\/www.facebook.com\/asesoriaorihuelacosta","article_author":"https:\/\/www.facebook.com\/patrick.gordinneperez","article_published_time":"2024-02-01T21:17:28+00:00","article_modified_time":"2024-02-04T20:16:55+00:00","og_image":[{"width":384,"height":216,"url":"https:\/\/www.asesoriaorihuelacosta.com\/wp-content\/uploads\/2024\/02\/responsabilidad-del-administrador.png","type":"image\/png"}],"author":"Patrick Gordinne Perez","twitter_card":"summary_large_image","twitter_misc":{"\u00c9crit par":"Patrick Gordinne Perez","Dur\u00e9e de lecture estim\u00e9e":"9 minutes"},"schema":{"@context":"https:\/\/schema.org","@graph":[{"@type":"Article","@id":"https:\/\/www.asesoriaorihuelacosta.com\/fr\/responsabilites-du-dirigeant-dune-sprl-tout-ce-que-vous-devez-savoir\/#article","isPartOf":{"@id":"https:\/\/www.asesoriaorihuelacosta.com\/fr\/responsabilites-du-dirigeant-dune-sprl-tout-ce-que-vous-devez-savoir\/"},"author":{"name":"Patrick Gordinne Perez","@id":"https:\/\/www.asesoriaorihuelacosta.com\/fr\/#\/schema\/person\/6614ce8cf6d2de542aaf351629fd539e"},"headline":"Responsabilit\u00e9s du dirigeant d&rsquo;une SPRL: tout ce que vous devez savoir","datePublished":"2024-02-01T21:17:28+00:00","dateModified":"2024-02-04T20:16:55+00:00","mainEntityOfPage":{"@id":"https:\/\/www.asesoriaorihuelacosta.com\/fr\/responsabilites-du-dirigeant-dune-sprl-tout-ce-que-vous-devez-savoir\/"},"wordCount":2164,"publisher":{"@id":"https:\/\/www.asesoriaorihuelacosta.com\/fr\/#organization"},"image":{"@id":"https:\/\/www.asesoriaorihuelacosta.com\/fr\/responsabilites-du-dirigeant-dune-sprl-tout-ce-que-vous-devez-savoir\/#primaryimage"},"thumbnailUrl":"https:\/\/www.asesoriaorihuelacosta.com\/wp-content\/uploads\/2024\/02\/responsabilidad-del-administrador.png","articleSection":["Blog","Blog"],"inLanguage":"fr-FR"},{"@type":"WebPage","@id":"https:\/\/www.asesoriaorihuelacosta.com\/fr\/responsabilites-du-dirigeant-dune-sprl-tout-ce-que-vous-devez-savoir\/","url":"https:\/\/www.asesoriaorihuelacosta.com\/fr\/responsabilites-du-dirigeant-dune-sprl-tout-ce-que-vous-devez-savoir\/","name":"Responsabilit\u00e9s du dirigeant d'une SPRL en Espagne","isPartOf":{"@id":"https:\/\/www.asesoriaorihuelacosta.com\/fr\/#website"},"primaryImageOfPage":{"@id":"https:\/\/www.asesoriaorihuelacosta.com\/fr\/responsabilites-du-dirigeant-dune-sprl-tout-ce-que-vous-devez-savoir\/#primaryimage"},"image":{"@id":"https:\/\/www.asesoriaorihuelacosta.com\/fr\/responsabilites-du-dirigeant-dune-sprl-tout-ce-que-vous-devez-savoir\/#primaryimage"},"thumbnailUrl":"https:\/\/www.asesoriaorihuelacosta.com\/wp-content\/uploads\/2024\/02\/responsabilidad-del-administrador.png","datePublished":"2024-02-01T21:17:28+00:00","dateModified":"2024-02-04T20:16:55+00:00","description":"La responsabilit\u00e9 du dirigeant d'une soci\u00e9t\u00e9 \u00e0 responsabilit\u00e9 limit\u00e9e est d'une grande importance pour ceux qui occupent cette fonction.","breadcrumb":{"@id":"https:\/\/www.asesoriaorihuelacosta.com\/fr\/responsabilites-du-dirigeant-dune-sprl-tout-ce-que-vous-devez-savoir\/#breadcrumb"},"inLanguage":"fr-FR","potentialAction":[{"@type":"ReadAction","target":["https:\/\/www.asesoriaorihuelacosta.com\/fr\/responsabilites-du-dirigeant-dune-sprl-tout-ce-que-vous-devez-savoir\/"]}]},{"@type":"ImageObject","inLanguage":"fr-FR","@id":"https:\/\/www.asesoriaorihuelacosta.com\/fr\/responsabilites-du-dirigeant-dune-sprl-tout-ce-que-vous-devez-savoir\/#primaryimage","url":"https:\/\/www.asesoriaorihuelacosta.com\/wp-content\/uploads\/2024\/02\/responsabilidad-del-administrador.png","contentUrl":"https:\/\/www.asesoriaorihuelacosta.com\/wp-content\/uploads\/2024\/02\/responsabilidad-del-administrador.png","width":384,"height":216,"caption":"responsabilidad del administrador"},{"@type":"BreadcrumbList","@id":"https:\/\/www.asesoriaorihuelacosta.com\/fr\/responsabilites-du-dirigeant-dune-sprl-tout-ce-que-vous-devez-savoir\/#breadcrumb","itemListElement":[{"@type":"ListItem","position":1,"name":"Home","item":"https:\/\/www.asesoriaorihuelacosta.com\/fr\/"},{"@type":"ListItem","position":2,"name":"Responsabilit\u00e9s du dirigeant d&#8217;une SPRL: tout ce que vous devez savoir"}]},{"@type":"WebSite","@id":"https:\/\/www.asesoriaorihuelacosta.com\/fr\/#website","url":"https:\/\/www.asesoriaorihuelacosta.com\/fr\/","name":"https:\/\/www.asesoriaorihuelacosta.com\/","description":"Grupo de asesores profesionales","publisher":{"@id":"https:\/\/www.asesoriaorihuelacosta.com\/fr\/#organization"},"potentialAction":[{"@type":"SearchAction","target":{"@type":"EntryPoint","urlTemplate":"https:\/\/www.asesoriaorihuelacosta.com\/fr\/?s={search_term_string}"},"query-input":{"@type":"PropertyValueSpecification","valueRequired":true,"valueName":"search_term_string"}}],"inLanguage":"fr-FR"},{"@type":"Organization","@id":"https:\/\/www.asesoriaorihuelacosta.com\/fr\/#organization","name":"Asesor\u00eda Orihuela Costa","url":"https:\/\/www.asesoriaorihuelacosta.com\/fr\/","logo":{"@type":"ImageObject","inLanguage":"fr-FR","@id":"https:\/\/www.asesoriaorihuelacosta.com\/fr\/#\/schema\/logo\/image\/","url":"https:\/\/www.asesoriaorihuelacosta.com\/wp-content\/uploads\/2022\/06\/Logo-espa\u5bf8l-asesoriaorihuela.jpg","contentUrl":"https:\/\/www.asesoriaorihuelacosta.com\/wp-content\/uploads\/2022\/06\/Logo-espa\u5bf8l-asesoriaorihuela.jpg","width":588,"height":136,"caption":"Asesor\u00eda Orihuela Costa"},"image":{"@id":"https:\/\/www.asesoriaorihuelacosta.com\/fr\/#\/schema\/logo\/image\/"},"sameAs":["https:\/\/www.facebook.com\/asesoriaorihuelacosta"]},{"@type":"Person","@id":"https:\/\/www.asesoriaorihuelacosta.com\/fr\/#\/schema\/person\/6614ce8cf6d2de542aaf351629fd539e","name":"Patrick Gordinne Perez","description":"Soy economista colegiado por el colegio de economistas de Alicante con el n\u00famero 2722. Llevo ejerciendo desde el a\u00f1o 2005. Soy especialista en fiscalidad de empresas y aut\u00f3nomos y tambi\u00e9n especialista en gestionar compraventas. Hablo espa\u00f1ol, ingl\u00e9s y franc\u00e9s.","sameAs":["https:\/\/www.asesoriaorihuelacosta.com","https:\/\/www.facebook.com\/patrick.gordinneperez","https:\/\/www.linkedin.com\/in\/patrick-gordinne-perez-1b73aab3\/","https:\/\/www.youtube.com\/channel\/UC5e95RJEVQlxCnhwDmGNVCw"],"gender":"Hombre","knowsLanguage":["ingl\u00e9s","franc\u00e9s","espa\u00f1ol"],"jobTitle":"Gerente","worksFor":"Asesoria Orihuela Costa SL"}]}},"_links":{"self":[{"href":"https:\/\/www.asesoriaorihuelacosta.com\/fr\/wp-json\/wp\/v2\/posts\/20958","targetHints":{"allow":["GET"]}}],"collection":[{"href":"https:\/\/www.asesoriaorihuelacosta.com\/fr\/wp-json\/wp\/v2\/posts"}],"about":[{"href":"https:\/\/www.asesoriaorihuelacosta.com\/fr\/wp-json\/wp\/v2\/types\/post"}],"author":[{"embeddable":true,"href":"https:\/\/www.asesoriaorihuelacosta.com\/fr\/wp-json\/wp\/v2\/users\/2"}],"replies":[{"embeddable":true,"href":"https:\/\/www.asesoriaorihuelacosta.com\/fr\/wp-json\/wp\/v2\/comments?post=20958"}],"version-history":[{"count":13,"href":"https:\/\/www.asesoriaorihuelacosta.com\/fr\/wp-json\/wp\/v2\/posts\/20958\/revisions"}],"predecessor-version":[{"id":20972,"href":"https:\/\/www.asesoriaorihuelacosta.com\/fr\/wp-json\/wp\/v2\/posts\/20958\/revisions\/20972"}],"wp:featuredmedia":[{"embeddable":true,"href":"https:\/\/www.asesoriaorihuelacosta.com\/fr\/wp-json\/wp\/v2\/media\/20749"}],"wp:attachment":[{"href":"https:\/\/www.asesoriaorihuelacosta.com\/fr\/wp-json\/wp\/v2\/media?parent=20958"}],"wp:term":[{"taxonomy":"category","embeddable":true,"href":"https:\/\/www.asesoriaorihuelacosta.com\/fr\/wp-json\/wp\/v2\/categories?post=20958"},{"taxonomy":"post_tag","embeddable":true,"href":"https:\/\/www.asesoriaorihuelacosta.com\/fr\/wp-json\/wp\/v2\/tags?post=20958"}],"curies":[{"name":"wp","href":"https:\/\/api.w.org\/{rel}","templated":true}]}}