{"id":18965,"date":"2024-01-03T08:51:50","date_gmt":"2024-01-03T08:51:50","guid":{"rendered":"https:\/\/www.asesoriaorihuelacosta.com\/?p=18965"},"modified":"2024-01-05T04:51:58","modified_gmt":"2024-01-05T04:51:58","slug":"comment-inscrire-un-travailleur-a-la-securite-sociale-en-espagne-etape-par-etape","status":"publish","type":"post","link":"https:\/\/www.asesoriaorihuelacosta.com\/fr\/comment-inscrire-un-travailleur-a-la-securite-sociale-en-espagne-etape-par-etape\/","title":{"rendered":"Comment inscrire un travailleur \u00e0 la s\u00e9curit\u00e9 sociale en Espagne, \u00e9tape par \u00e9tape"},"content":{"rendered":"\t\t<div data-elementor-type=\"wp-post\" data-elementor-id=\"18965\" class=\"elementor elementor-18965\" data-elementor-post-type=\"post\">\n\t\t\t\t\t\t<section data-particle_enable=\"false\" data-particle-mobile-disabled=\"false\" class=\"elementor-section elementor-top-section elementor-element elementor-element-9ca7f11 elementor-section-boxed elementor-section-height-default elementor-section-height-default\" data-id=\"9ca7f11\" data-element_type=\"section\" data-e-type=\"section\">\r\n\t\t\r\n\t\t\t\t\t\t\t<div class=\"elementor-container elementor-column-gap-default\">\r\n\t\t\t\t\t\t\t\t\t\t\t<div class=\"elementor-column elementor-col-100 elementor-top-column elementor-element elementor-element-f1ab73d\" data-id=\"f1ab73d\" data-element_type=\"column\" data-e-type=\"column\">\r\n\t\t\t\t\t<div class=\"elementor-widget-wrap elementor-element-populated\">\r\n\t\t\t\t\t\t\t\t<div class=\"elementor-element elementor-element-5f7436d elementor-widget elementor-widget-text-editor\" data-id=\"5f7436d\" data-element_type=\"widget\" data-e-type=\"widget\" data-widget_type=\"text-editor.default\">\n\t\t\t\t<div class=\"elementor-widget-container\">\n\t\t\t\t\t\t\t\t\t<p>L&rsquo;une des proc\u00e9dures de base dans une entreprise est l&rsquo;<strong>inscription d&rsquo;un travailleur \u00e0 la s\u00e9curit\u00e9 sociale<\/strong> en Espagne. Il est essentiel d&rsquo;effectuer cette d\u00e9marche correctement, sur la base des sp\u00e9cifications de l&rsquo;administration, et nous vous expliquons le processus \u00e9tape par \u00e9tape ci-dessous.<\/p>\t\t\t\t\t\t\t\t<\/div>\n\t\t\t\t<\/div>\n\t\t\t\t\t<\/div>\r\n\t\t\t\t<\/div>\r\n\t\t\t\t\t<\/div>\r\n\t\t\t\t<\/section>\r\n\t\t\t\t<section data-particle_enable=\"false\" data-particle-mobile-disabled=\"false\" class=\"elementor-section elementor-top-section elementor-element elementor-element-4867748 elementor-section-boxed elementor-section-height-default elementor-section-height-default\" data-id=\"4867748\" data-element_type=\"section\" data-e-type=\"section\">\r\n\t\t\r\n\t\t\t\t\t\t\t<div class=\"elementor-container elementor-column-gap-default\">\r\n\t\t\t\t\t\t\t\t\t\t\t<div class=\"elementor-column elementor-col-100 elementor-top-column elementor-element elementor-element-e281ebe\" data-id=\"e281ebe\" data-element_type=\"column\" data-e-type=\"column\">\r\n\t\t\t\t\t<div class=\"elementor-widget-wrap elementor-element-populated\">\r\n\t\t\t\t\t\t\t\t<div class=\"elementor-element elementor-element-fd6f8a4 elementor-widget elementor-widget-heading\" data-id=\"fd6f8a4\" data-element_type=\"widget\" data-e-type=\"widget\" data-widget_type=\"heading.default\">\n\t\t\t\t<div class=\"elementor-widget-container\">\n\t\t\t\t\t<h2 class=\"elementor-heading-title elementor-size-default\">Qu'implique l'enregistrement d'un travailleur aupr\u00e8s de la s\u00e9curit\u00e9 sociale espagnole?\n<\/h2>\t\t\t\t<\/div>\n\t\t\t\t<\/div>\n\t\t\t\t\t<\/div>\r\n\t\t\t\t<\/div>\r\n\t\t\t\t\t<\/div>\r\n\t\t\t\t<\/section>\r\n\t\t\t\t<section data-particle_enable=\"false\" data-particle-mobile-disabled=\"false\" class=\"elementor-section elementor-top-section elementor-element elementor-element-09a8aad elementor-section-boxed elementor-section-height-default elementor-section-height-default\" data-id=\"09a8aad\" data-element_type=\"section\" data-e-type=\"section\">\r\n\t\t\r\n\t\t\t\t\t\t\t<div class=\"elementor-container elementor-column-gap-default\">\r\n\t\t\t\t\t\t\t\t\t\t\t<div class=\"elementor-column elementor-col-100 elementor-top-column elementor-element elementor-element-f577b06\" data-id=\"f577b06\" data-element_type=\"column\" data-e-type=\"column\">\r\n\t\t\t\t\t<div class=\"elementor-widget-wrap elementor-element-populated\">\r\n\t\t\t\t\t\t\t\t<div class=\"elementor-element elementor-element-260e57f elementor-widget elementor-widget-text-editor\" data-id=\"260e57f\" data-element_type=\"widget\" data-e-type=\"widget\" data-widget_type=\"text-editor.default\">\n\t\t\t\t<div class=\"elementor-widget-container\">\n\t\t\t\t\t\t\t\t\t<p>L&rsquo;inscription d&rsquo;un travailleur \u00e0 la s\u00e9curit\u00e9 sociale consiste \u00e0 l&rsquo;inscrire officiellement au <a href=\"https:\/\/www.seg-social.es\/wps\/portal\/wss\/internet\/Inicio?changeLanguage=fr\" target=\"_blank\" rel=\"noopener\">syst\u00e8me de s\u00e9curit\u00e9 sociale espagnole<\/a>, ce qui est une obligation l\u00e9gale pour tout salari\u00e9. Cette inscription est essentielle car elle garantit que le travailleur et l&#8217;employeur respectent leurs obligations l\u00e9gales et fiscales et que le travailleur a acc\u00e8s aux avantages et protections offerts par le syst\u00e8me, tels que la couverture sant\u00e9, les pensions et l&rsquo;assurance ch\u00f4mage.<\/p><p>Les cons\u00e9quences de l&rsquo;inscription d&rsquo;un travailleur \u00e0 la s\u00e9curit\u00e9 sociale sont importantes tant pour le salari\u00e9 que pour l&#8217;employeur. Pour le travailleur, l&rsquo;inscription implique une protection juridique et sociale, garantissant le droit aux soins de sant\u00e9, aux prestations d&rsquo;invalidit\u00e9, aux pensions de retraite et, dans certains cas, aux allocations de ch\u00f4mage. En outre, le fait d&rsquo;\u00eatre enregistr\u00e9 signifie que le travailleur contribue \u00e0 son dossier d&#8217;emploi et accumule des droits \u00e0 des prestations futures.<\/p><p>Pour l&#8217;employeur, enregistrer un travailleur signifie se conformer \u00e0 la l\u00e9gislation du travail et aux obligations fiscales. Cela inclut le paiement des cotisations sociales pertinentes, qui sont essentielles pour financer les prestations du syst\u00e8me de s\u00e9curit\u00e9 sociale. Le non-respect de ces obligations peut entra\u00eener des sanctions juridiques et financi\u00e8res. Il garantit \u00e9galement une relation de travail transparente et r\u00e9glement\u00e9e, ce qui est crucial pour l&rsquo;int\u00e9grit\u00e9 et la r\u00e9putation de l&rsquo;entreprise.<\/p>\t\t\t\t\t\t\t\t<\/div>\n\t\t\t\t<\/div>\n\t\t\t\t\t<\/div>\r\n\t\t\t\t<\/div>\r\n\t\t\t\t\t<\/div>\r\n\t\t\t\t<\/section>\r\n\t\t\t\t<section data-particle_enable=\"false\" data-particle-mobile-disabled=\"false\" class=\"elementor-section elementor-top-section elementor-element elementor-element-33c05d4 elementor-section-boxed elementor-section-height-default elementor-section-height-default\" data-id=\"33c05d4\" data-element_type=\"section\" data-e-type=\"section\">\r\n\t\t\r\n\t\t\t\t\t\t\t<div class=\"elementor-container elementor-column-gap-default\">\r\n\t\t\t\t\t\t\t\t\t\t\t<div class=\"elementor-column elementor-col-100 elementor-top-column elementor-element elementor-element-78c5bb3\" data-id=\"78c5bb3\" data-element_type=\"column\" data-e-type=\"column\">\r\n\t\t\t\t\t<div class=\"elementor-widget-wrap elementor-element-populated\">\r\n\t\t\t\t\t\t\t\t<div class=\"elementor-element elementor-element-ca2c6dc elementor-widget elementor-widget-heading\" data-id=\"ca2c6dc\" data-element_type=\"widget\" data-e-type=\"widget\" data-widget_type=\"heading.default\">\n\t\t\t\t<div class=\"elementor-widget-container\">\n\t\t\t\t\t<h2 class=\"elementor-heading-title elementor-size-default\">Comment inscrire un employ\u00e9 \u00e0 la s\u00e9curit\u00e9 sociale ?\n<\/h2>\t\t\t\t<\/div>\n\t\t\t\t<\/div>\n\t\t\t\t\t<\/div>\r\n\t\t\t\t<\/div>\r\n\t\t\t\t\t<\/div>\r\n\t\t\t\t<\/section>\r\n\t\t\t\t<section data-particle_enable=\"false\" data-particle-mobile-disabled=\"false\" class=\"elementor-section elementor-top-section elementor-element elementor-element-6212636 elementor-section-boxed elementor-section-height-default elementor-section-height-default\" data-id=\"6212636\" data-element_type=\"section\" data-e-type=\"section\">\r\n\t\t\r\n\t\t\t\t\t\t\t<div class=\"elementor-container elementor-column-gap-default\">\r\n\t\t\t\t\t\t\t\t\t\t\t<div class=\"elementor-column elementor-col-100 elementor-top-column elementor-element elementor-element-8af8323\" data-id=\"8af8323\" data-element_type=\"column\" data-e-type=\"column\">\r\n\t\t\t\t\t<div class=\"elementor-widget-wrap elementor-element-populated\">\r\n\t\t\t\t\t\t\t\t<div class=\"elementor-element elementor-element-5203ece elementor-widget elementor-widget-text-editor\" data-id=\"5203ece\" data-element_type=\"widget\" data-e-type=\"widget\" data-widget_type=\"text-editor.default\">\n\t\t\t\t<div class=\"elementor-widget-container\">\n\t\t\t\t\t\t\t\t\t<p>L&rsquo;inscription d&rsquo;un employ\u00e9 \u00e0 la s\u00e9curit\u00e9 sociale est un processus obligatoire pour toute entreprise, le processus de base est le suivant :<\/p><ul><li>Obtenir le num\u00e9ro d&rsquo;affiliation \u00e0 la s\u00e9curit\u00e9 sociale du travailleur : avant d&rsquo;enregistrer un employ\u00e9, il est n\u00e9cessaire que celui-ci ait un num\u00e9ro d&rsquo;affiliation \u00e0 la s\u00e9curit\u00e9 sociale (NAF). Si le travailleur a d\u00e9j\u00e0 \u00e9t\u00e9 employ\u00e9, il en a probablement d\u00e9j\u00e0 un. Si ce n&rsquo;est pas le cas, il faut en faire la demande.<\/li><li>Inscription de l&#8217;employeur \u00e0 la s\u00e9curit\u00e9 sociale : si l&#8217;employeur n&rsquo;est pas d\u00e9j\u00e0 inscrit \u00e0 la s\u00e9curit\u00e9 sociale, il doit le faire. Cette inscription implique l&rsquo;obtention d&rsquo;un code de compte de cotisations (CCC), qui est unique pour chaque entreprise et permet d&rsquo;identifier ses obligations et ses paiements.<\/li><li>Communication du contrat de travail : avant que l&#8217;employ\u00e9 ne commence \u00e0 travailler, l&#8217;employeur doit communiquer le contrat de travail \u00e0 l&rsquo;agence pour l&#8217;emploi correspondante. Cette \u00e9tape est obligatoire pour certains types de contrats.<\/li><li>Notification de l&rsquo;inscription du salari\u00e9 \u00e0 la s\u00e9curit\u00e9 sociale : l&#8217;employeur doit notifier l&rsquo;inscription du salari\u00e9 \u00e0 la s\u00e9curit\u00e9 sociale. Cette d\u00e9marche s&rsquo;effectue par l&rsquo;interm\u00e9diaire du Syst\u00e8me de r\u00e8glement direct ou Syst\u00e8me RED, une plateforme qui permet la gestion t\u00e9l\u00e9matique des affiliations, des inscriptions, des annulations et des modifications des donn\u00e9es des travailleurs. Il est important d&rsquo;effectuer cette notification avant que le travailleur ne commence \u00e0 travailler.<\/li><li>Informations requises pour l&rsquo;inscription : Pour l&rsquo;inscription du travailleur, le NAF du travailleur, ses donn\u00e9es personnelles, sa cat\u00e9gorie professionnelle, le type de contrat, la date de d\u00e9but du contrat, la journ\u00e9e de travail et, dans certains cas, la convention collective applicable sont n\u00e9cessaires.<\/li><li>Confirmation de l&rsquo;inscription et obtention de documents : une fois la demande trait\u00e9e, la s\u00e9curit\u00e9 sociale d\u00e9livre un document confirmant l&rsquo;inscription du travailleur. Ce document comprend le num\u00e9ro de s\u00e9curit\u00e9 sociale de l&#8217;employ\u00e9 et constitue la preuve que le travailleur est correctement enregistr\u00e9 et prot\u00e9g\u00e9 par le syst\u00e8me.<\/li><li>Tenue des registres et respect des obligations : enfin, il incombe \u00e0 l&rsquo;entreprise de tenir \u00e0 jour les registres de ses employ\u00e9s et de s&rsquo;assurer qu&rsquo;elle respecte les obligations de d\u00e9claration et de paiement des cotisations de s\u00e9curit\u00e9 sociale qui lui incombent.<\/li><\/ul>\t\t\t\t\t\t\t\t<\/div>\n\t\t\t\t<\/div>\n\t\t\t\t\t<\/div>\r\n\t\t\t\t<\/div>\r\n\t\t\t\t\t<\/div>\r\n\t\t\t\t<\/section>\r\n\t\t\t\t<section data-particle_enable=\"false\" data-particle-mobile-disabled=\"false\" class=\"elementor-section elementor-top-section elementor-element elementor-element-8a5994d elementor-section-boxed elementor-section-height-default elementor-section-height-default\" data-id=\"8a5994d\" data-element_type=\"section\" data-e-type=\"section\">\r\n\t\t\r\n\t\t\t\t\t\t\t<div class=\"elementor-container elementor-column-gap-default\">\r\n\t\t\t\t\t\t\t\t\t\t\t<div class=\"elementor-column elementor-col-100 elementor-top-column elementor-element elementor-element-18fd4be\" data-id=\"18fd4be\" data-element_type=\"column\" data-e-type=\"column\">\r\n\t\t\t\t\t<div class=\"elementor-widget-wrap elementor-element-populated\">\r\n\t\t\t\t\t\t\t\t<div class=\"elementor-element elementor-element-b815fed elementor-widget elementor-widget-heading\" data-id=\"b815fed\" data-element_type=\"widget\" data-e-type=\"widget\" data-widget_type=\"heading.default\">\n\t\t\t\t<div class=\"elementor-widget-container\">\n\t\t\t\t\t<h2 class=\"elementor-heading-title elementor-size-default\">Sanctions en cas de non-conformit\u00e9 ou d'erreurs dans le traitement de la d\u00e9charge\n<\/h2>\t\t\t\t<\/div>\n\t\t\t\t<\/div>\n\t\t\t\t\t<\/div>\r\n\t\t\t\t<\/div>\r\n\t\t\t\t\t<\/div>\r\n\t\t\t\t<\/section>\r\n\t\t\t\t<section data-particle_enable=\"false\" data-particle-mobile-disabled=\"false\" class=\"elementor-section elementor-top-section elementor-element elementor-element-0bfbb7c elementor-section-boxed elementor-section-height-default elementor-section-height-default\" data-id=\"0bfbb7c\" data-element_type=\"section\" data-e-type=\"section\">\r\n\t\t\r\n\t\t\t\t\t\t\t<div class=\"elementor-container elementor-column-gap-default\">\r\n\t\t\t\t\t\t\t\t\t\t\t<div class=\"elementor-column elementor-col-100 elementor-top-column elementor-element elementor-element-1b4b6c0\" data-id=\"1b4b6c0\" data-element_type=\"column\" data-e-type=\"column\">\r\n\t\t\t\t\t<div class=\"elementor-widget-wrap elementor-element-populated\">\r\n\t\t\t\t\t\t\t\t<div class=\"elementor-element elementor-element-31f05b9 elementor-widget elementor-widget-text-editor\" data-id=\"31f05b9\" data-element_type=\"widget\" data-e-type=\"widget\" data-widget_type=\"text-editor.default\">\n\t\t\t\t<div class=\"elementor-widget-container\">\n\t\t\t\t\t\t\t\t\t<p>Le fait de ne pas d\u00e9clarer un travailleur \u00e0 la s\u00e9curit\u00e9 sociale, ou de le faire de mani\u00e8re incorrecte, peut entra\u00eener de graves sanctions pour l&#8217;employeur. Le d\u00e9faut d&rsquo;enregistrement constitue une infraction \u00e0 la r\u00e9glementation du travail et de la s\u00e9curit\u00e9 sociale, et est consid\u00e9r\u00e9 comme une action ill\u00e9gale et une fraude \u00e0 l&rsquo;\u00e9gard du syst\u00e8me.<\/p><p>Les sanctions pour d\u00e9faut d&rsquo;enregistrement d&rsquo;un travailleur, ou pour enregistrement incorrect, peuvent varier et comprennent g\u00e9n\u00e9ralement des sanctions financi\u00e8res importantes, dont le montant total peut d\u00e9pendre de facteurs tels que la dur\u00e9e pendant laquelle le travailleur n&rsquo;a pas \u00e9t\u00e9 enregistr\u00e9, le nombre de travailleurs concern\u00e9s et les r\u00e9cidives. Ces amendes visent \u00e0 dissuader les employeurs de ne pas se conformer \u00e0 leurs obligations l\u00e9gales.<\/p><p>Outre les amendes, les employeurs peuvent \u00eatre confront\u00e9s \u00e0 d&rsquo;autres cons\u00e9quences juridiques, telles que l&rsquo;obligation de rembourser les cotisations avec des int\u00e9r\u00eats et des majorations. Dans les cas graves ou en cas de r\u00e9cidive, ils peuvent se voir infliger des sanctions plus s\u00e9v\u00e8res, telles que l&rsquo;interdiction de passer des contrats avec l&rsquo;administration publique, l&rsquo;exclusion des prestations et des aides, voire, dans des situations extr\u00eames, la responsabilit\u00e9 p\u00e9nale.<\/p><p>Chez <strong><a href=\"https:\/\/www.asesoriaorihuelacosta.com\/fr\/fiche-de-paie\/\" target=\"_blank\" rel=\"noopener\">Asesor\u00eda Orihuela Costa<\/a><\/strong>, nous sommes sp\u00e9cialis\u00e9s dans le traitement des inscriptions et des annulations de la s\u00e9curit\u00e9 sociale. Contactez notre \u00e9quipe et confiez cette gestion aux meilleures mains.<\/p>\t\t\t\t\t\t\t\t<\/div>\n\t\t\t\t<\/div>\n\t\t\t\t\t<\/div>\r\n\t\t\t\t<\/div>\r\n\t\t\t\t\t<\/div>\r\n\t\t\t\t<\/section>\r\n\t\t\t\t<\/div>\n\t\t","protected":false},"excerpt":{"rendered":"<p>L&rsquo;une des proc\u00e9dures de base dans une entreprise est l&rsquo;inscription d&rsquo;un travailleur \u00e0 la s\u00e9curit\u00e9 sociale en Espagne. Il est essentiel d&rsquo;effectuer cette d\u00e9marche correctement, sur la base des sp\u00e9cifications de l&rsquo;administration, et nous vous expliquons le processus \u00e9tape par \u00e9tape ci-dessous. Qu&rsquo;implique l&rsquo;enregistrement d&rsquo;un travailleur aupr\u00e8s de la s\u00e9curit\u00e9 sociale espagnole? L&rsquo;inscription d&rsquo;un travailleur [&hellip;]<\/p>\n","protected":false},"author":2,"featured_media":18900,"comment_status":"closed","ping_status":"closed","sticky":false,"template":"","format":"standard","meta":{"_eb_attr":"","inline_featured_image":false,"footnotes":""},"categories":[1],"tags":[],"class_list":["post-18965","post","type-post","status-publish","format-standard","has-post-thumbnail","hentry","category-blog"],"featured_image_src":{"landsacpe":["https:\/\/www.asesoriaorihuelacosta.com\/wp-content\/uploads\/2024\/01\/construction-4754307_640-1.jpg",640,427,false],"list":["https:\/\/www.asesoriaorihuelacosta.com\/wp-content\/uploads\/2024\/01\/construction-4754307_640-1-463x348.jpg",463,348,true],"medium":["https:\/\/www.asesoriaorihuelacosta.com\/wp-content\/uploads\/2024\/01\/construction-4754307_640-1-300x200.jpg",300,200,true],"full":["https:\/\/www.asesoriaorihuelacosta.com\/wp-content\/uploads\/2024\/01\/construction-4754307_640-1.jpg",640,427,false]},"yoast_head":"<!-- This site is optimized with the Yoast SEO Premium plugin v24.7 (Yoast SEO v27.4) - https:\/\/yoast.com\/product\/yoast-seo-premium-wordpress\/ -->\n<title>Comment inscrire un travailleur \u00e0 la s\u00e9curit\u00e9 sociale en Espagne<\/title>\n<meta name=\"description\" content=\"L&#039;inscription d&#039;un travailleur au syst\u00e8me de s\u00e9curit\u00e9 sociale espagnole est une proc\u00e9dure l\u00e9gale qui garantit la s\u00e9curit\u00e9 des deux parties.\" \/>\n<meta name=\"robots\" content=\"index, follow, max-snippet:-1, max-image-preview:large, max-video-preview:-1\" \/>\n<link rel=\"canonical\" href=\"https:\/\/www.asesoriaorihuelacosta.com\/fr\/comment-inscrire-un-travailleur-a-la-securite-sociale-en-espagne-etape-par-etape\/\" \/>\n<meta property=\"og:locale\" content=\"fr_FR\" \/>\n<meta property=\"og:type\" content=\"article\" \/>\n<meta property=\"og:title\" content=\"Comment inscrire un travailleur \u00e0 la s\u00e9curit\u00e9 sociale en Espagne, \u00e9tape par \u00e9tape\" \/>\n<meta property=\"og:description\" content=\"L&#039;inscription d&#039;un travailleur au syst\u00e8me de s\u00e9curit\u00e9 sociale espagnole est une proc\u00e9dure l\u00e9gale qui garantit la s\u00e9curit\u00e9 des deux parties.\" \/>\n<meta property=\"og:url\" content=\"https:\/\/www.asesoriaorihuelacosta.com\/fr\/comment-inscrire-un-travailleur-a-la-securite-sociale-en-espagne-etape-par-etape\/\" \/>\n<meta property=\"og:site_name\" content=\"Asesor\u00eda Orihuela Costa\" \/>\n<meta property=\"article:publisher\" content=\"https:\/\/www.facebook.com\/asesoriaorihuelacosta\" \/>\n<meta property=\"article:author\" content=\"https:\/\/www.facebook.com\/patrick.gordinneperez\" \/>\n<meta property=\"article:published_time\" content=\"2024-01-03T08:51:50+00:00\" \/>\n<meta property=\"article:modified_time\" content=\"2024-01-05T04:51:58+00:00\" \/>\n<meta property=\"og:image\" content=\"https:\/\/www.asesoriaorihuelacosta.com\/wp-content\/uploads\/2024\/01\/construction-4754307_640-1.jpg\" \/>\n\t<meta property=\"og:image:width\" content=\"640\" \/>\n\t<meta property=\"og:image:height\" content=\"427\" \/>\n\t<meta property=\"og:image:type\" content=\"image\/jpeg\" \/>\n<meta name=\"author\" content=\"Patrick Gordinne Perez\" \/>\n<meta name=\"twitter:card\" content=\"summary_large_image\" \/>\n<meta name=\"twitter:label1\" content=\"\u00c9crit par\" \/>\n\t<meta name=\"twitter:data1\" content=\"Patrick Gordinne Perez\" \/>\n\t<meta name=\"twitter:label2\" content=\"Dur\u00e9e de lecture estim\u00e9e\" \/>\n\t<meta name=\"twitter:data2\" content=\"4 minutes\" \/>\n<script type=\"application\/ld+json\" class=\"yoast-schema-graph\">{\"@context\":\"https:\\\/\\\/schema.org\",\"@graph\":[{\"@type\":\"Article\",\"@id\":\"https:\\\/\\\/www.asesoriaorihuelacosta.com\\\/fr\\\/comment-inscrire-un-travailleur-a-la-securite-sociale-en-espagne-etape-par-etape\\\/#article\",\"isPartOf\":{\"@id\":\"https:\\\/\\\/www.asesoriaorihuelacosta.com\\\/fr\\\/comment-inscrire-un-travailleur-a-la-securite-sociale-en-espagne-etape-par-etape\\\/\"},\"author\":{\"name\":\"Patrick Gordinne Perez\",\"@id\":\"https:\\\/\\\/www.asesoriaorihuelacosta.com\\\/fr\\\/#\\\/schema\\\/person\\\/6614ce8cf6d2de542aaf351629fd539e\"},\"headline\":\"Comment inscrire un travailleur \u00e0 la s\u00e9curit\u00e9 sociale en Espagne, \u00e9tape par \u00e9tape\",\"datePublished\":\"2024-01-03T08:51:50+00:00\",\"dateModified\":\"2024-01-05T04:51:58+00:00\",\"mainEntityOfPage\":{\"@id\":\"https:\\\/\\\/www.asesoriaorihuelacosta.com\\\/fr\\\/comment-inscrire-un-travailleur-a-la-securite-sociale-en-espagne-etape-par-etape\\\/\"},\"wordCount\":998,\"publisher\":{\"@id\":\"https:\\\/\\\/www.asesoriaorihuelacosta.com\\\/fr\\\/#organization\"},\"image\":{\"@id\":\"https:\\\/\\\/www.asesoriaorihuelacosta.com\\\/fr\\\/comment-inscrire-un-travailleur-a-la-securite-sociale-en-espagne-etape-par-etape\\\/#primaryimage\"},\"thumbnailUrl\":\"https:\\\/\\\/www.asesoriaorihuelacosta.com\\\/wp-content\\\/uploads\\\/2024\\\/01\\\/construction-4754307_640-1.jpg\",\"articleSection\":[\"Blog\"],\"inLanguage\":\"fr-FR\"},{\"@type\":\"WebPage\",\"@id\":\"https:\\\/\\\/www.asesoriaorihuelacosta.com\\\/fr\\\/comment-inscrire-un-travailleur-a-la-securite-sociale-en-espagne-etape-par-etape\\\/\",\"url\":\"https:\\\/\\\/www.asesoriaorihuelacosta.com\\\/fr\\\/comment-inscrire-un-travailleur-a-la-securite-sociale-en-espagne-etape-par-etape\\\/\",\"name\":\"Comment inscrire un travailleur \u00e0 la s\u00e9curit\u00e9 sociale en Espagne\",\"isPartOf\":{\"@id\":\"https:\\\/\\\/www.asesoriaorihuelacosta.com\\\/fr\\\/#website\"},\"primaryImageOfPage\":{\"@id\":\"https:\\\/\\\/www.asesoriaorihuelacosta.com\\\/fr\\\/comment-inscrire-un-travailleur-a-la-securite-sociale-en-espagne-etape-par-etape\\\/#primaryimage\"},\"image\":{\"@id\":\"https:\\\/\\\/www.asesoriaorihuelacosta.com\\\/fr\\\/comment-inscrire-un-travailleur-a-la-securite-sociale-en-espagne-etape-par-etape\\\/#primaryimage\"},\"thumbnailUrl\":\"https:\\\/\\\/www.asesoriaorihuelacosta.com\\\/wp-content\\\/uploads\\\/2024\\\/01\\\/construction-4754307_640-1.jpg\",\"datePublished\":\"2024-01-03T08:51:50+00:00\",\"dateModified\":\"2024-01-05T04:51:58+00:00\",\"description\":\"L'inscription d'un travailleur au syst\u00e8me de s\u00e9curit\u00e9 sociale espagnole est une proc\u00e9dure l\u00e9gale qui garantit la s\u00e9curit\u00e9 des deux parties.\",\"breadcrumb\":{\"@id\":\"https:\\\/\\\/www.asesoriaorihuelacosta.com\\\/fr\\\/comment-inscrire-un-travailleur-a-la-securite-sociale-en-espagne-etape-par-etape\\\/#breadcrumb\"},\"inLanguage\":\"fr-FR\",\"potentialAction\":[{\"@type\":\"ReadAction\",\"target\":[\"https:\\\/\\\/www.asesoriaorihuelacosta.com\\\/fr\\\/comment-inscrire-un-travailleur-a-la-securite-sociale-en-espagne-etape-par-etape\\\/\"]}]},{\"@type\":\"ImageObject\",\"inLanguage\":\"fr-FR\",\"@id\":\"https:\\\/\\\/www.asesoriaorihuelacosta.com\\\/fr\\\/comment-inscrire-un-travailleur-a-la-securite-sociale-en-espagne-etape-par-etape\\\/#primaryimage\",\"url\":\"https:\\\/\\\/www.asesoriaorihuelacosta.com\\\/wp-content\\\/uploads\\\/2024\\\/01\\\/construction-4754307_640-1.jpg\",\"contentUrl\":\"https:\\\/\\\/www.asesoriaorihuelacosta.com\\\/wp-content\\\/uploads\\\/2024\\\/01\\\/construction-4754307_640-1.jpg\",\"width\":640,\"height\":427,\"caption\":\"alta de un trabajador en la seguridad social\"},{\"@type\":\"BreadcrumbList\",\"@id\":\"https:\\\/\\\/www.asesoriaorihuelacosta.com\\\/fr\\\/comment-inscrire-un-travailleur-a-la-securite-sociale-en-espagne-etape-par-etape\\\/#breadcrumb\",\"itemListElement\":[{\"@type\":\"ListItem\",\"position\":1,\"name\":\"Home\",\"item\":\"https:\\\/\\\/www.asesoriaorihuelacosta.com\\\/fr\\\/\"},{\"@type\":\"ListItem\",\"position\":2,\"name\":\"Comment inscrire un travailleur \u00e0 la s\u00e9curit\u00e9 sociale en Espagne, \u00e9tape par \u00e9tape\"}]},{\"@type\":\"WebSite\",\"@id\":\"https:\\\/\\\/www.asesoriaorihuelacosta.com\\\/fr\\\/#website\",\"url\":\"https:\\\/\\\/www.asesoriaorihuelacosta.com\\\/fr\\\/\",\"name\":\"https:\\\/\\\/www.asesoriaorihuelacosta.com\\\/\",\"description\":\"Grupo de asesores profesionales\",\"publisher\":{\"@id\":\"https:\\\/\\\/www.asesoriaorihuelacosta.com\\\/fr\\\/#organization\"},\"potentialAction\":[{\"@type\":\"SearchAction\",\"target\":{\"@type\":\"EntryPoint\",\"urlTemplate\":\"https:\\\/\\\/www.asesoriaorihuelacosta.com\\\/fr\\\/?s={search_term_string}\"},\"query-input\":{\"@type\":\"PropertyValueSpecification\",\"valueRequired\":true,\"valueName\":\"search_term_string\"}}],\"inLanguage\":\"fr-FR\"},{\"@type\":\"Organization\",\"@id\":\"https:\\\/\\\/www.asesoriaorihuelacosta.com\\\/fr\\\/#organization\",\"name\":\"Asesor\u00eda Orihuela Costa\",\"url\":\"https:\\\/\\\/www.asesoriaorihuelacosta.com\\\/fr\\\/\",\"logo\":{\"@type\":\"ImageObject\",\"inLanguage\":\"fr-FR\",\"@id\":\"https:\\\/\\\/www.asesoriaorihuelacosta.com\\\/fr\\\/#\\\/schema\\\/logo\\\/image\\\/\",\"url\":\"https:\\\/\\\/www.asesoriaorihuelacosta.com\\\/wp-content\\\/uploads\\\/2022\\\/06\\\/Logo-espa\u5bf8l-asesoriaorihuela.jpg\",\"contentUrl\":\"https:\\\/\\\/www.asesoriaorihuelacosta.com\\\/wp-content\\\/uploads\\\/2022\\\/06\\\/Logo-espa\u5bf8l-asesoriaorihuela.jpg\",\"width\":588,\"height\":136,\"caption\":\"Asesor\u00eda Orihuela Costa\"},\"image\":{\"@id\":\"https:\\\/\\\/www.asesoriaorihuelacosta.com\\\/fr\\\/#\\\/schema\\\/logo\\\/image\\\/\"},\"sameAs\":[\"https:\\\/\\\/www.facebook.com\\\/asesoriaorihuelacosta\"]},{\"@type\":\"Person\",\"@id\":\"https:\\\/\\\/www.asesoriaorihuelacosta.com\\\/fr\\\/#\\\/schema\\\/person\\\/6614ce8cf6d2de542aaf351629fd539e\",\"name\":\"Patrick Gordinne Perez\",\"description\":\"Soy economista colegiado por el colegio de economistas de Alicante con el n\u00famero 2722. Llevo ejerciendo desde el a\u00f1o 2005. Soy especialista en fiscalidad de empresas y aut\u00f3nomos y tambi\u00e9n especialista en gestionar compraventas. Hablo espa\u00f1ol, ingl\u00e9s y franc\u00e9s.\",\"sameAs\":[\"https:\\\/\\\/www.asesoriaorihuelacosta.com\",\"https:\\\/\\\/www.facebook.com\\\/patrick.gordinneperez\",\"https:\\\/\\\/www.linkedin.com\\\/in\\\/patrick-gordinne-perez-1b73aab3\\\/\",\"https:\\\/\\\/www.youtube.com\\\/channel\\\/UC5e95RJEVQlxCnhwDmGNVCw\"],\"gender\":\"Hombre\",\"knowsLanguage\":[\"ingl\u00e9s\",\"franc\u00e9s\",\"espa\u00f1ol\"],\"jobTitle\":\"Gerente\",\"worksFor\":\"Asesoria Orihuela Costa SL\"}]}<\/script>\n<!-- \/ Yoast SEO Premium plugin. -->","yoast_head_json":{"title":"Comment inscrire un travailleur \u00e0 la s\u00e9curit\u00e9 sociale en Espagne","description":"L'inscription d'un travailleur au syst\u00e8me de s\u00e9curit\u00e9 sociale espagnole est une proc\u00e9dure l\u00e9gale qui garantit la s\u00e9curit\u00e9 des deux parties.","robots":{"index":"index","follow":"follow","max-snippet":"max-snippet:-1","max-image-preview":"max-image-preview:large","max-video-preview":"max-video-preview:-1"},"canonical":"https:\/\/www.asesoriaorihuelacosta.com\/fr\/comment-inscrire-un-travailleur-a-la-securite-sociale-en-espagne-etape-par-etape\/","og_locale":"fr_FR","og_type":"article","og_title":"Comment inscrire un travailleur \u00e0 la s\u00e9curit\u00e9 sociale en Espagne, \u00e9tape par \u00e9tape","og_description":"L'inscription d'un travailleur au syst\u00e8me de s\u00e9curit\u00e9 sociale espagnole est une proc\u00e9dure l\u00e9gale qui garantit la s\u00e9curit\u00e9 des deux parties.","og_url":"https:\/\/www.asesoriaorihuelacosta.com\/fr\/comment-inscrire-un-travailleur-a-la-securite-sociale-en-espagne-etape-par-etape\/","og_site_name":"Asesor\u00eda Orihuela Costa","article_publisher":"https:\/\/www.facebook.com\/asesoriaorihuelacosta","article_author":"https:\/\/www.facebook.com\/patrick.gordinneperez","article_published_time":"2024-01-03T08:51:50+00:00","article_modified_time":"2024-01-05T04:51:58+00:00","og_image":[{"width":640,"height":427,"url":"https:\/\/www.asesoriaorihuelacosta.com\/wp-content\/uploads\/2024\/01\/construction-4754307_640-1.jpg","type":"image\/jpeg"}],"author":"Patrick Gordinne Perez","twitter_card":"summary_large_image","twitter_misc":{"\u00c9crit par":"Patrick Gordinne Perez","Dur\u00e9e de lecture estim\u00e9e":"4 minutes"},"schema":{"@context":"https:\/\/schema.org","@graph":[{"@type":"Article","@id":"https:\/\/www.asesoriaorihuelacosta.com\/fr\/comment-inscrire-un-travailleur-a-la-securite-sociale-en-espagne-etape-par-etape\/#article","isPartOf":{"@id":"https:\/\/www.asesoriaorihuelacosta.com\/fr\/comment-inscrire-un-travailleur-a-la-securite-sociale-en-espagne-etape-par-etape\/"},"author":{"name":"Patrick Gordinne Perez","@id":"https:\/\/www.asesoriaorihuelacosta.com\/fr\/#\/schema\/person\/6614ce8cf6d2de542aaf351629fd539e"},"headline":"Comment inscrire un travailleur \u00e0 la s\u00e9curit\u00e9 sociale en Espagne, \u00e9tape par \u00e9tape","datePublished":"2024-01-03T08:51:50+00:00","dateModified":"2024-01-05T04:51:58+00:00","mainEntityOfPage":{"@id":"https:\/\/www.asesoriaorihuelacosta.com\/fr\/comment-inscrire-un-travailleur-a-la-securite-sociale-en-espagne-etape-par-etape\/"},"wordCount":998,"publisher":{"@id":"https:\/\/www.asesoriaorihuelacosta.com\/fr\/#organization"},"image":{"@id":"https:\/\/www.asesoriaorihuelacosta.com\/fr\/comment-inscrire-un-travailleur-a-la-securite-sociale-en-espagne-etape-par-etape\/#primaryimage"},"thumbnailUrl":"https:\/\/www.asesoriaorihuelacosta.com\/wp-content\/uploads\/2024\/01\/construction-4754307_640-1.jpg","articleSection":["Blog"],"inLanguage":"fr-FR"},{"@type":"WebPage","@id":"https:\/\/www.asesoriaorihuelacosta.com\/fr\/comment-inscrire-un-travailleur-a-la-securite-sociale-en-espagne-etape-par-etape\/","url":"https:\/\/www.asesoriaorihuelacosta.com\/fr\/comment-inscrire-un-travailleur-a-la-securite-sociale-en-espagne-etape-par-etape\/","name":"Comment inscrire un travailleur \u00e0 la s\u00e9curit\u00e9 sociale en Espagne","isPartOf":{"@id":"https:\/\/www.asesoriaorihuelacosta.com\/fr\/#website"},"primaryImageOfPage":{"@id":"https:\/\/www.asesoriaorihuelacosta.com\/fr\/comment-inscrire-un-travailleur-a-la-securite-sociale-en-espagne-etape-par-etape\/#primaryimage"},"image":{"@id":"https:\/\/www.asesoriaorihuelacosta.com\/fr\/comment-inscrire-un-travailleur-a-la-securite-sociale-en-espagne-etape-par-etape\/#primaryimage"},"thumbnailUrl":"https:\/\/www.asesoriaorihuelacosta.com\/wp-content\/uploads\/2024\/01\/construction-4754307_640-1.jpg","datePublished":"2024-01-03T08:51:50+00:00","dateModified":"2024-01-05T04:51:58+00:00","description":"L'inscription d'un travailleur au syst\u00e8me de s\u00e9curit\u00e9 sociale espagnole est une proc\u00e9dure l\u00e9gale qui garantit la s\u00e9curit\u00e9 des deux parties.","breadcrumb":{"@id":"https:\/\/www.asesoriaorihuelacosta.com\/fr\/comment-inscrire-un-travailleur-a-la-securite-sociale-en-espagne-etape-par-etape\/#breadcrumb"},"inLanguage":"fr-FR","potentialAction":[{"@type":"ReadAction","target":["https:\/\/www.asesoriaorihuelacosta.com\/fr\/comment-inscrire-un-travailleur-a-la-securite-sociale-en-espagne-etape-par-etape\/"]}]},{"@type":"ImageObject","inLanguage":"fr-FR","@id":"https:\/\/www.asesoriaorihuelacosta.com\/fr\/comment-inscrire-un-travailleur-a-la-securite-sociale-en-espagne-etape-par-etape\/#primaryimage","url":"https:\/\/www.asesoriaorihuelacosta.com\/wp-content\/uploads\/2024\/01\/construction-4754307_640-1.jpg","contentUrl":"https:\/\/www.asesoriaorihuelacosta.com\/wp-content\/uploads\/2024\/01\/construction-4754307_640-1.jpg","width":640,"height":427,"caption":"alta de un trabajador en la seguridad social"},{"@type":"BreadcrumbList","@id":"https:\/\/www.asesoriaorihuelacosta.com\/fr\/comment-inscrire-un-travailleur-a-la-securite-sociale-en-espagne-etape-par-etape\/#breadcrumb","itemListElement":[{"@type":"ListItem","position":1,"name":"Home","item":"https:\/\/www.asesoriaorihuelacosta.com\/fr\/"},{"@type":"ListItem","position":2,"name":"Comment inscrire un travailleur \u00e0 la s\u00e9curit\u00e9 sociale en Espagne, \u00e9tape par \u00e9tape"}]},{"@type":"WebSite","@id":"https:\/\/www.asesoriaorihuelacosta.com\/fr\/#website","url":"https:\/\/www.asesoriaorihuelacosta.com\/fr\/","name":"https:\/\/www.asesoriaorihuelacosta.com\/","description":"Grupo de asesores profesionales","publisher":{"@id":"https:\/\/www.asesoriaorihuelacosta.com\/fr\/#organization"},"potentialAction":[{"@type":"SearchAction","target":{"@type":"EntryPoint","urlTemplate":"https:\/\/www.asesoriaorihuelacosta.com\/fr\/?s={search_term_string}"},"query-input":{"@type":"PropertyValueSpecification","valueRequired":true,"valueName":"search_term_string"}}],"inLanguage":"fr-FR"},{"@type":"Organization","@id":"https:\/\/www.asesoriaorihuelacosta.com\/fr\/#organization","name":"Asesor\u00eda Orihuela Costa","url":"https:\/\/www.asesoriaorihuelacosta.com\/fr\/","logo":{"@type":"ImageObject","inLanguage":"fr-FR","@id":"https:\/\/www.asesoriaorihuelacosta.com\/fr\/#\/schema\/logo\/image\/","url":"https:\/\/www.asesoriaorihuelacosta.com\/wp-content\/uploads\/2022\/06\/Logo-espa\u5bf8l-asesoriaorihuela.jpg","contentUrl":"https:\/\/www.asesoriaorihuelacosta.com\/wp-content\/uploads\/2022\/06\/Logo-espa\u5bf8l-asesoriaorihuela.jpg","width":588,"height":136,"caption":"Asesor\u00eda Orihuela Costa"},"image":{"@id":"https:\/\/www.asesoriaorihuelacosta.com\/fr\/#\/schema\/logo\/image\/"},"sameAs":["https:\/\/www.facebook.com\/asesoriaorihuelacosta"]},{"@type":"Person","@id":"https:\/\/www.asesoriaorihuelacosta.com\/fr\/#\/schema\/person\/6614ce8cf6d2de542aaf351629fd539e","name":"Patrick Gordinne Perez","description":"Soy economista colegiado por el colegio de economistas de Alicante con el n\u00famero 2722. Llevo ejerciendo desde el a\u00f1o 2005. Soy especialista en fiscalidad de empresas y aut\u00f3nomos y tambi\u00e9n especialista en gestionar compraventas. Hablo espa\u00f1ol, ingl\u00e9s y franc\u00e9s.","sameAs":["https:\/\/www.asesoriaorihuelacosta.com","https:\/\/www.facebook.com\/patrick.gordinneperez","https:\/\/www.linkedin.com\/in\/patrick-gordinne-perez-1b73aab3\/","https:\/\/www.youtube.com\/channel\/UC5e95RJEVQlxCnhwDmGNVCw"],"gender":"Hombre","knowsLanguage":["ingl\u00e9s","franc\u00e9s","espa\u00f1ol"],"jobTitle":"Gerente","worksFor":"Asesoria Orihuela Costa SL"}]}},"_links":{"self":[{"href":"https:\/\/www.asesoriaorihuelacosta.com\/fr\/wp-json\/wp\/v2\/posts\/18965","targetHints":{"allow":["GET"]}}],"collection":[{"href":"https:\/\/www.asesoriaorihuelacosta.com\/fr\/wp-json\/wp\/v2\/posts"}],"about":[{"href":"https:\/\/www.asesoriaorihuelacosta.com\/fr\/wp-json\/wp\/v2\/types\/post"}],"author":[{"embeddable":true,"href":"https:\/\/www.asesoriaorihuelacosta.com\/fr\/wp-json\/wp\/v2\/users\/2"}],"replies":[{"embeddable":true,"href":"https:\/\/www.asesoriaorihuelacosta.com\/fr\/wp-json\/wp\/v2\/comments?post=18965"}],"version-history":[{"count":7,"href":"https:\/\/www.asesoriaorihuelacosta.com\/fr\/wp-json\/wp\/v2\/posts\/18965\/revisions"}],"predecessor-version":[{"id":18972,"href":"https:\/\/www.asesoriaorihuelacosta.com\/fr\/wp-json\/wp\/v2\/posts\/18965\/revisions\/18972"}],"wp:featuredmedia":[{"embeddable":true,"href":"https:\/\/www.asesoriaorihuelacosta.com\/fr\/wp-json\/wp\/v2\/media\/18900"}],"wp:attachment":[{"href":"https:\/\/www.asesoriaorihuelacosta.com\/fr\/wp-json\/wp\/v2\/media?parent=18965"}],"wp:term":[{"taxonomy":"category","embeddable":true,"href":"https:\/\/www.asesoriaorihuelacosta.com\/fr\/wp-json\/wp\/v2\/categories?post=18965"},{"taxonomy":"post_tag","embeddable":true,"href":"https:\/\/www.asesoriaorihuelacosta.com\/fr\/wp-json\/wp\/v2\/tags?post=18965"}],"curies":[{"name":"wp","href":"https:\/\/api.w.org\/{rel}","templated":true}]}}