{"id":18700,"date":"2023-12-26T21:53:20","date_gmt":"2023-12-26T21:53:20","guid":{"rendered":"https:\/\/www.asesoriaorihuelacosta.com\/?p=18700"},"modified":"2023-12-28T05:39:48","modified_gmt":"2023-12-28T05:39:48","slug":"deconnexion-numerique-sur-le-lieu-de-travail","status":"publish","type":"post","link":"https:\/\/www.asesoriaorihuelacosta.com\/fr\/deconnexion-numerique-sur-le-lieu-de-travail\/","title":{"rendered":"D\u00e9connexion num\u00e9rique sur le lieu de travail"},"content":{"rendered":"\t\t<div data-elementor-type=\"wp-post\" data-elementor-id=\"18700\" class=\"elementor elementor-18700\" data-elementor-post-type=\"post\">\n\t\t\t\t\t\t<section data-particle_enable=\"false\" data-particle-mobile-disabled=\"false\" class=\"elementor-section elementor-top-section elementor-element elementor-element-3066a2c elementor-section-boxed elementor-section-height-default elementor-section-height-default\" data-id=\"3066a2c\" data-element_type=\"section\" data-e-type=\"section\">\r\n\t\t\r\n\t\t\t\t\t\t\t<div class=\"elementor-container elementor-column-gap-default\">\r\n\t\t\t\t\t\t\t\t\t\t\t<div class=\"elementor-column elementor-col-100 elementor-top-column elementor-element elementor-element-3c79d81\" data-id=\"3c79d81\" data-element_type=\"column\" data-e-type=\"column\">\r\n\t\t\t\t\t<div class=\"elementor-widget-wrap elementor-element-populated\">\r\n\t\t\t\t\t\t\t\t<div class=\"elementor-element elementor-element-9273294 elementor-widget elementor-widget-heading\" data-id=\"9273294\" data-element_type=\"widget\" data-e-type=\"widget\" data-widget_type=\"heading.default\">\n\t\t\t\t<div class=\"elementor-widget-container\">\n\t\t\t\t\t<h2 class=\"elementor-heading-title elementor-size-default\">Les droits num\u00e9riques<\/h2>\t\t\t\t<\/div>\n\t\t\t\t<\/div>\n\t\t\t\t\t<\/div>\r\n\t\t\t\t<\/div>\r\n\t\t\t\t\t<\/div>\r\n\t\t\t\t<\/section>\r\n\t\t\t\t<section data-particle_enable=\"false\" data-particle-mobile-disabled=\"false\" class=\"elementor-section elementor-top-section elementor-element elementor-element-c3a7727 elementor-section-boxed elementor-section-height-default elementor-section-height-default\" data-id=\"c3a7727\" data-element_type=\"section\" data-e-type=\"section\">\r\n\t\t\r\n\t\t\t\t\t\t\t<div class=\"elementor-container elementor-column-gap-default\">\r\n\t\t\t\t\t\t\t\t\t\t\t<div class=\"elementor-column elementor-col-100 elementor-top-column elementor-element elementor-element-e3c3e1a\" data-id=\"e3c3e1a\" data-element_type=\"column\" data-e-type=\"column\">\r\n\t\t\t\t\t<div class=\"elementor-widget-wrap elementor-element-populated\">\r\n\t\t\t\t\t\t\t\t<div class=\"elementor-element elementor-element-eb120de elementor-widget elementor-widget-text-editor\" data-id=\"eb120de\" data-element_type=\"widget\" data-e-type=\"widget\" data-widget_type=\"text-editor.default\">\n\t\t\t\t<div class=\"elementor-widget-container\">\n\t\t\t\t\t\t\t\t\t<p>En 2018, les droits num\u00e9riques des citoyens (tels que la neutralit\u00e9 du net, l&rsquo;acc\u00e8s universel et la s\u00e9curit\u00e9 num\u00e9rique, entre autres) ont \u00e9t\u00e9 reconnus pour la premi\u00e8re fois. D\u00e8s lors, la l\u00e9gislation espagnole a introduit pour la premi\u00e8re fois le droit des travailleurs et des agents publics \u00e0 la d\u00e9connexion num\u00e9rique sur le lieu de travail afin de garantir, en dehors du temps de travail, le respect de leur temps de repos, de leurs cong\u00e9s et de leurs vacances, ainsi que de leur vie priv\u00e9e personnelle et familiale [LO 3\/2028, art. 88].<\/p><p>Ce droit devrait permettre de renforcer le droit \u00e0 la conciliation de la vie professionnelle et de la vie personnelle et familiale.<\/p><h3>O\u00f9 les droits num\u00e9riques des travailleurs sont-ils r\u00e9glement\u00e9s ?<\/h3><p>Bien que la loi renvoie \u00e0 la n\u00e9gociation collective pour son d\u00e9veloppement, le Statut des travailleurs (ET) a \u00e9t\u00e9 compl\u00e9t\u00e9 et \u00e9tablit d\u00e9sormais le droit des travailleurs salari\u00e9s au respect de la vie priv\u00e9e dans l&rsquo;utilisation des dispositifs num\u00e9riques mis \u00e0 leur disposition par l&#8217;employeur, \u00e0 la d\u00e9connexion num\u00e9rique et au respect de la vie priv\u00e9e lors de l&rsquo;utilisation de dispositifs de vid\u00e9osurveillance et de g\u00e9olocalisation.<\/p><p>La loi ne d\u00e9veloppe pas le contenu de ce droit, le laissant \u00e0 l&rsquo;autonomie de la volont\u00e9 des parties. C&rsquo;est donc la n\u00e9gociation collective qui d\u00e9terminera les modalit\u00e9s du droit \u00e0 la d\u00e9connexion num\u00e9rique dans chaque secteur de production ou entreprise.<\/p><h4><strong>Convention collective<\/strong><\/h4><p><strong>Convention collective sectorielle ou d&rsquo;entreprise.<\/strong><\/p><p>Le contenu du droit \u00e0 la d\u00e9connexion num\u00e9rique au travail est d\u00e9termin\u00e9 par la n\u00e9gociation collective, qui peut \u00eatre sectorielle ou d&rsquo;entreprise. Si une entreprise dispose \u00e0 la fois d&rsquo;une convention d&rsquo;entreprise et d&rsquo;une convention sectorielle et que les deux r\u00e9glementent le droit \u00e0 la d\u00e9connexion num\u00e9rique avec un contenu diff\u00e9rent et des obligations incompatibles, c&rsquo;est la r\u00e9glementation de la convention sectorielle qui pr\u00e9vaut [ET, art. 84.2].<\/p><p>Toutefois, si ce conflit d&rsquo;application survient entre une convention collective sectorielle nationale et une convention collective r\u00e9gionale, c&rsquo;est la convention r\u00e9gionale qui pr\u00e9vaut.<\/p><p><strong>Et s&rsquo;il n&rsquo;y a pas d&rsquo;accord ou de repr\u00e9sentant l\u00e9gal des travailleurs ?<\/strong><\/p><p>Deuxi\u00e8mement, s&rsquo;il n&rsquo;existe pas de convention collective applicable \u00e0 l&rsquo;entreprise ou si celle-ci ne r\u00e9glemente pas le droit \u00e0 la d\u00e9connexion num\u00e9rique, son contenu doit \u00eatre n\u00e9goci\u00e9 entre l&rsquo;entreprise et les repr\u00e9sentants des travailleurs dans l&rsquo;entreprise elle-m\u00eame [LO3\/2018, art. 88.1].<\/p><p>Enfin, s&rsquo;il n&rsquo;existe pas de repr\u00e9sentants l\u00e9gaux des travailleurs, l&rsquo;entreprise doit n\u00e9gocier ces mesures directement avec les travailleurs [ET, art. 4.1.d ; L31\/1995, art. 34.1].<\/p>\t\t\t\t\t\t\t\t<\/div>\n\t\t\t\t<\/div>\n\t\t\t\t\t<\/div>\r\n\t\t\t\t<\/div>\r\n\t\t\t\t\t<\/div>\r\n\t\t\t\t<\/section>\r\n\t\t\t\t<section data-particle_enable=\"false\" data-particle-mobile-disabled=\"false\" class=\"elementor-section elementor-top-section elementor-element elementor-element-393fa9c elementor-section-boxed elementor-section-height-default elementor-section-height-default\" data-id=\"393fa9c\" data-element_type=\"section\" data-e-type=\"section\">\r\n\t\t\r\n\t\t\t\t\t\t\t<div class=\"elementor-container elementor-column-gap-default\">\r\n\t\t\t\t\t\t\t\t\t\t\t<div class=\"elementor-column elementor-col-100 elementor-top-column elementor-element elementor-element-592ddbb\" data-id=\"592ddbb\" data-element_type=\"column\" data-e-type=\"column\">\r\n\t\t\t\t\t<div class=\"elementor-widget-wrap elementor-element-populated\">\r\n\t\t\t\t\t\t\t\t<div class=\"elementor-element elementor-element-cdcae10 elementor-widget elementor-widget-heading\" data-id=\"cdcae10\" data-element_type=\"widget\" data-e-type=\"widget\" data-widget_type=\"heading.default\">\n\t\t\t\t<div class=\"elementor-widget-container\">\n\t\t\t\t\t<h2 class=\"elementor-heading-title elementor-size-default\">Protocole interne pour la d\u00e9connexion num\u00e9rique au travail<\/h2>\t\t\t\t<\/div>\n\t\t\t\t<\/div>\n\t\t\t\t\t<\/div>\r\n\t\t\t\t<\/div>\r\n\t\t\t\t\t<\/div>\r\n\t\t\t\t<\/section>\r\n\t\t\t\t<section data-particle_enable=\"false\" data-particle-mobile-disabled=\"false\" class=\"elementor-section elementor-top-section elementor-element elementor-element-edf2243 elementor-section-boxed elementor-section-height-default elementor-section-height-default\" data-id=\"edf2243\" data-element_type=\"section\" data-e-type=\"section\">\r\n\t\t\r\n\t\t\t\t\t\t\t<div class=\"elementor-container elementor-column-gap-default\">\r\n\t\t\t\t\t\t\t\t\t\t\t<div class=\"elementor-column elementor-col-100 elementor-top-column elementor-element elementor-element-d6da66c\" data-id=\"d6da66c\" data-element_type=\"column\" data-e-type=\"column\">\r\n\t\t\t\t\t<div class=\"elementor-widget-wrap elementor-element-populated\">\r\n\t\t\t\t\t\t\t\t<div class=\"elementor-element elementor-element-c728ab9 elementor-widget elementor-widget-text-editor\" data-id=\"c728ab9\" data-element_type=\"widget\" data-e-type=\"widget\" data-widget_type=\"text-editor.default\">\n\t\t\t\t<div class=\"elementor-widget-container\">\n\t\t\t\t\t\t\t\t\t<h3>Outils technologiques<\/h3><p><strong>Politique de l&rsquo;entreprise<\/strong><\/p><p>En tant qu&#8217;employeur, vous \u00eates tenu d&rsquo;\u00e9laborer une politique interne d\u00e9finissant les modalit\u00e9s d&rsquo;exercice du droit \u00e0 la d\u00e9connexion et les activit\u00e9s de formation et de sensibilisation du personnel \u00e0 l&rsquo;utilisation raisonnable des outils technologiques, afin d&rsquo;\u00e9viter le risque de fatigue informatique.<\/p><p>Cette politique interne doit \u00eatre conforme aux exigences de la convention collective ou convenir avec les employ\u00e9s ou leurs repr\u00e9sentants.<\/p><p><strong>Rapport du RLT.<\/strong><\/p><p>Les repr\u00e9sentants des travailleurs ont le droit d&rsquo;\u00e9mettre un rapport non contraignant dans un d\u00e9lai de 15 jours [ET, art. 64.5], il convient donc de laisser ce d\u00e9lai s&rsquo;\u00e9couler avant que la politique interne ne soit \u00e9labor\u00e9e et d\u00e9finitivement mise en \u0153uvre.<\/p><h3>Contenu du protocole de d\u00e9connexion num\u00e9rique<\/h3><p><strong>Exemples.<\/strong><\/p><p>Bien que, comme indiqu\u00e9 ci-dessus, il n&rsquo;y ait pas de contenu minimum obligatoire, voici quelques exemples de clauses ajout\u00e9es dans les conventions collectives et les protocoles internes \u00e0 ce jour :<\/p><ul><li><strong>Apr\u00e8s la fin de leur journ\u00e9e de travail<\/strong>, les employ\u00e9s ont le droit de ne r\u00e9pondre \u00e0 aucune communication, quel que soit le moyen utilis\u00e9 (courriel, WhatsApp, t\u00e9l\u00e9phone, etc.).<\/li><li><strong>Ceux qui ont la responsabilit\u00e9 d&rsquo;une \u00e9quipe<\/strong> de personnes doivent se conformer en particulier aux politiques de d\u00e9connexion num\u00e9rique, car il s&rsquo;agit d&rsquo;une position de r\u00e9f\u00e9rence par rapport aux \u00e9quipes qu&rsquo;ils coordonnent.<\/li><li><strong>Les sup\u00e9rieurs hi\u00e9rarchiques<\/strong> s&rsquo;abstiennent d&rsquo;exiger une r\u00e9ponse dans les communications envoy\u00e9es aux employ\u00e9s en dehors de leurs heures de travail ou lorsqu&rsquo;elles sont proches de la fin de leurs heures de travail. Ceci \u00e0 condition qu&rsquo;une telle r\u00e9ponse implique un travail effectif susceptible d&#8217;empi\u00e9ter sur le temps de repos de l&#8217;employ\u00e9.<\/li><\/ul>\t\t\t\t\t\t\t\t<\/div>\n\t\t\t\t<\/div>\n\t\t\t\t\t<\/div>\r\n\t\t\t\t<\/div>\r\n\t\t\t\t\t<\/div>\r\n\t\t\t\t<\/section>\r\n\t\t\t\t<section data-particle_enable=\"false\" data-particle-mobile-disabled=\"false\" class=\"elementor-section elementor-top-section elementor-element elementor-element-2fbcd7d elementor-section-boxed elementor-section-height-default elementor-section-height-default\" data-id=\"2fbcd7d\" data-element_type=\"section\" data-e-type=\"section\">\r\n\t\t\r\n\t\t\t\t\t\t\t<div class=\"elementor-container elementor-column-gap-default\">\r\n\t\t\t\t\t\t\t\t\t\t\t<div class=\"elementor-column elementor-col-100 elementor-top-column elementor-element elementor-element-91afc57\" data-id=\"91afc57\" data-element_type=\"column\" data-e-type=\"column\">\r\n\t\t\t\t\t<div class=\"elementor-widget-wrap elementor-element-populated\">\r\n\t\t\t\t\t\t\t\t<div class=\"elementor-element elementor-element-492af7a elementor-widget elementor-widget-heading\" data-id=\"492af7a\" data-element_type=\"widget\" data-e-type=\"widget\" data-widget_type=\"heading.default\">\n\t\t\t\t<div class=\"elementor-widget-container\">\n\t\t\t\t\t<h2 class=\"elementor-heading-title elementor-size-default\">Non-respect du droit \u00e0 la d\u00e9connexion num\u00e9rique au travail\n<\/h2>\t\t\t\t<\/div>\n\t\t\t\t<\/div>\n\t\t\t\t\t<\/div>\r\n\t\t\t\t<\/div>\r\n\t\t\t\t\t<\/div>\r\n\t\t\t\t<\/section>\r\n\t\t\t\t<section data-particle_enable=\"false\" data-particle-mobile-disabled=\"false\" class=\"elementor-section elementor-top-section elementor-element elementor-element-8e2f398 elementor-section-boxed elementor-section-height-default elementor-section-height-default\" data-id=\"8e2f398\" data-element_type=\"section\" data-e-type=\"section\">\r\n\t\t\r\n\t\t\t\t\t\t\t<div class=\"elementor-container elementor-column-gap-default\">\r\n\t\t\t\t\t\t\t\t\t\t\t<div class=\"elementor-column elementor-col-100 elementor-top-column elementor-element elementor-element-38c2e64\" data-id=\"38c2e64\" data-element_type=\"column\" data-e-type=\"column\">\r\n\t\t\t\t\t<div class=\"elementor-widget-wrap elementor-element-populated\">\r\n\t\t\t\t\t\t\t\t<div class=\"elementor-element elementor-element-04c9670 elementor-widget elementor-widget-text-editor\" data-id=\"04c9670\" data-element_type=\"widget\" data-e-type=\"widget\" data-widget_type=\"text-editor.default\">\n\t\t\t\t<div class=\"elementor-widget-container\">\n\t\t\t\t\t\t\t\t\t<h3>Sanctions.<\/h3><p>La violation du droit \u00e0 la d\u00e9connexion num\u00e9rique peut faire l&rsquo;objet de sanctions de la part de l&rsquo;inspection du travail. Ainsi :<\/p><ul><li>Le non-respect du droit par des comportements tels que la prise de contact avec le travailleur en dehors des heures de travail, le week-end, pendant les vacances, etc., peut \u00eatre sanctionn\u00e9 par une amende pouvant aller jusqu&rsquo;\u00e0 7.500 euros par lieu de travail [LISOS, art. 7.10].<\/li><li>L&rsquo;inspection du travail a m\u00eame condamn\u00e9 une entreprise \u00e0 une amende de 25.000 euros pour cette infraction, estimant qu&rsquo;elle violait le droit \u00e0 la vie priv\u00e9e des travailleurs [LISOS, art. 8.11]. Cette interpr\u00e9tation n&rsquo;a toutefois pas encore \u00e9t\u00e9 valid\u00e9e par les tribunaux.<br \/>Recommandation.<\/li><\/ul><p>Si vous devez envoyer des courriels en dehors des heures de travail des employ\u00e9s, mettez en place une interdiction de consulter les courriels jusqu&rsquo;au lendemain ou installez un logiciel qui ne permet pas l&rsquo;acc\u00e8s en dehors des heures de travail. De cette mani\u00e8re, vous pourrez d\u00e9fendre le fait que vous ne violez pas le droit \u00e0 la d\u00e9connexion num\u00e9rique.<\/p>\t\t\t\t\t\t\t\t<\/div>\n\t\t\t\t<\/div>\n\t\t\t\t\t<\/div>\r\n\t\t\t\t<\/div>\r\n\t\t\t\t\t<\/div>\r\n\t\t\t\t<\/section>\r\n\t\t\t\t<section data-particle_enable=\"false\" data-particle-mobile-disabled=\"false\" class=\"elementor-section elementor-top-section elementor-element elementor-element-637db7f elementor-section-boxed elementor-section-height-default elementor-section-height-default\" data-id=\"637db7f\" data-element_type=\"section\" data-e-type=\"section\">\r\n\t\t\r\n\t\t\t\t\t\t\t<div class=\"elementor-container elementor-column-gap-default\">\r\n\t\t\t\t\t\t\t\t\t\t\t<div class=\"elementor-column elementor-col-100 elementor-top-column elementor-element elementor-element-97402e8\" data-id=\"97402e8\" data-element_type=\"column\" data-e-type=\"column\">\r\n\t\t\t\t\t<div class=\"elementor-widget-wrap elementor-element-populated\">\r\n\t\t\t\t\t\t\t\t<div class=\"elementor-element elementor-element-0f683ad elementor-widget elementor-widget-heading\" data-id=\"0f683ad\" data-element_type=\"widget\" data-e-type=\"widget\" data-widget_type=\"heading.default\">\n\t\t\t\t<div class=\"elementor-widget-container\">\n\t\t\t\t\t<h2 class=\"elementor-heading-title elementor-size-default\">Violations des r\u00e8gles du repos<\/h2>\t\t\t\t<\/div>\n\t\t\t\t<\/div>\n\t\t\t\t\t<\/div>\r\n\t\t\t\t<\/div>\r\n\t\t\t\t\t<\/div>\r\n\t\t\t\t<\/section>\r\n\t\t\t\t<section data-particle_enable=\"false\" data-particle-mobile-disabled=\"false\" class=\"elementor-section elementor-top-section elementor-element elementor-element-1b9ed47 elementor-section-boxed elementor-section-height-default elementor-section-height-default\" data-id=\"1b9ed47\" data-element_type=\"section\" data-e-type=\"section\">\r\n\t\t\r\n\t\t\t\t\t\t\t<div class=\"elementor-container elementor-column-gap-default\">\r\n\t\t\t\t\t\t\t\t\t\t\t<div class=\"elementor-column elementor-col-100 elementor-top-column elementor-element elementor-element-9457e26\" data-id=\"9457e26\" data-element_type=\"column\" data-e-type=\"column\">\r\n\t\t\t\t\t<div class=\"elementor-widget-wrap elementor-element-populated\">\r\n\t\t\t\t\t\t\t\t<div class=\"elementor-element elementor-element-19a8056 elementor-widget elementor-widget-text-editor\" data-id=\"19a8056\" data-element_type=\"widget\" data-e-type=\"widget\" data-widget_type=\"text-editor.default\">\n\t\t\t\t<div class=\"elementor-widget-container\">\n\t\t\t\t\t\t\t\t\t<p>Il est possible qu&rsquo;en plus de la non-conformit\u00e9 susmentionn\u00e9e, l&rsquo;obligation d&rsquo;un travailleur de r\u00e9pondre \u00e0 un appel ou \u00e0 un courrier \u00e9lectronique viole son droit \u00e0 une p\u00e9riode minimale de repos hebdomadaire d&rsquo;un jour et demi ininterrompu ou \u00e0 un repos entre deux journ\u00e9es de travail de 12 heures, voire qu&rsquo;elle d\u00e9passe sa journ\u00e9e de travail maximale de 8 heures. Dans ce cas, et en plus de ce qui pr\u00e9c\u00e8de, une amende pouvant aller jusqu&rsquo;\u00e0 7 500 euros par lieu de travail peut \u00eatre impos\u00e9e [LISOS, art. 7.5].<\/p><p><strong>Heures suppl\u00e9mentaires<\/strong> : lorsque cette obligation de travailler en dehors des heures de travail d\u00e9passe la journ\u00e9e de travail ordinaire, elle peut \u00eatre consid\u00e9r\u00e9e comme une prolongation de la journ\u00e9e de travail. Dans ce cas, elles doivent \u00eatre enregistr\u00e9es comme des heures suppl\u00e9mentaires et pay\u00e9es ou compens\u00e9es comme telles.<\/p>\t\t\t\t\t\t\t\t<\/div>\n\t\t\t\t<\/div>\n\t\t\t\t\t<\/div>\r\n\t\t\t\t<\/div>\r\n\t\t\t\t\t<\/div>\r\n\t\t\t\t<\/section>\r\n\t\t\t\t<section data-particle_enable=\"false\" data-particle-mobile-disabled=\"false\" class=\"elementor-section elementor-top-section elementor-element elementor-element-2ba9dda elementor-section-boxed elementor-section-height-default elementor-section-height-default\" data-id=\"2ba9dda\" data-element_type=\"section\" data-e-type=\"section\">\r\n\t\t\r\n\t\t\t\t\t\t\t<div class=\"elementor-container elementor-column-gap-default\">\r\n\t\t\t\t\t\t\t\t\t\t\t<div class=\"elementor-column elementor-col-100 elementor-top-column elementor-element elementor-element-9675c82\" data-id=\"9675c82\" data-element_type=\"column\" data-e-type=\"column\">\r\n\t\t\t\t\t<div class=\"elementor-widget-wrap elementor-element-populated\">\r\n\t\t\t\t\t\t\t\t<div class=\"elementor-element elementor-element-4726d2b elementor-widget elementor-widget-heading\" data-id=\"4726d2b\" data-element_type=\"widget\" data-e-type=\"widget\" data-widget_type=\"heading.default\">\n\t\t\t\t<div class=\"elementor-widget-container\">\n\t\t\t\t\t<h2 class=\"elementor-heading-title elementor-size-default\">Absence d'\u00e9laboration d'une politique\n<\/h2>\t\t\t\t<\/div>\n\t\t\t\t<\/div>\n\t\t\t\t\t<\/div>\r\n\t\t\t\t<\/div>\r\n\t\t\t\t\t<\/div>\r\n\t\t\t\t<\/section>\r\n\t\t\t\t<section data-particle_enable=\"false\" data-particle-mobile-disabled=\"false\" class=\"elementor-section elementor-top-section elementor-element elementor-element-9a2f56f elementor-section-boxed elementor-section-height-default elementor-section-height-default\" data-id=\"9a2f56f\" data-element_type=\"section\" data-e-type=\"section\">\r\n\t\t\r\n\t\t\t\t\t\t\t<div class=\"elementor-container elementor-column-gap-default\">\r\n\t\t\t\t\t\t\t\t\t\t\t<div class=\"elementor-column elementor-col-100 elementor-top-column elementor-element elementor-element-12f09bc\" data-id=\"12f09bc\" data-element_type=\"column\" data-e-type=\"column\">\r\n\t\t\t\t\t<div class=\"elementor-widget-wrap elementor-element-populated\">\r\n\t\t\t\t\t\t\t\t<div class=\"elementor-element elementor-element-194329b elementor-widget elementor-widget-text-editor\" data-id=\"194329b\" data-element_type=\"widget\" data-e-type=\"widget\" data-widget_type=\"text-editor.default\">\n\t\t\t\t<div class=\"elementor-widget-container\">\n\t\t\t\t\t\t\t\t\t<h3>Pas de sanction<\/h3><p>\u00c0 l&rsquo;heure actuelle, aucune r\u00e9glementation ne pr\u00e9voit de sanction si la politique n&rsquo;est pas \u00e9labor\u00e9e ou si elle est \u00e9labor\u00e9e sans le contenu minimum requis par la loi, la convention collective ou l&rsquo;accord conclu au sein de l&rsquo;entreprise. L&rsquo;inspection du travail ne pourra donc pas dresser de proc\u00e8s-verbal d&rsquo;infraction. Cependant :<\/p><ul><li>Si elle n&rsquo;a pas proc\u00e9d\u00e9 \u00e0 une audition ou n&rsquo;a pas inform\u00e9 les repr\u00e9sentants l\u00e9gaux des travailleurs et, par cons\u00e9quent, ne respecte pas les exigences analys\u00e9es dans les cas d&rsquo;\u00e9laboration de la politique interne sur la d\u00e9connexion num\u00e9rique, elle peut \u00eatre sanctionn\u00e9e par une amende pouvant aller jusqu&rsquo;\u00e0 7.500 euros [LISOS, art. 7.7].<\/li><li>Le m\u00eame montant sera impos\u00e9 si les repr\u00e9sentants l\u00e9gaux des travailleurs ne sont pas inform\u00e9s des crit\u00e8res d&rsquo;utilisation des dispositifs num\u00e9riques pour le contr\u00f4le de l&rsquo;entreprise.<\/li><\/ul><p>N&rsquo;oubliez pas que l&rsquo;obligation d&rsquo;information ou d&rsquo;audition pr\u00e9alable n&rsquo;\u00e9quivaut pas \u00e0 l&rsquo;obligation de parvenir \u00e0 un accord avec les travailleurs ou leurs repr\u00e9sentants.<\/p><p><strong>Indemnisation du pr\u00e9judice moral.<\/strong><\/p><p>Les tribunaux ont rejet\u00e9 la possibilit\u00e9 de verser des dommages-int\u00e9r\u00eats pour ces infractions, car le temps de travail ou les pauses ne sont pas des droits fondamentaux inscrits dans la Constitution. Pour qu&rsquo;une telle indemnit\u00e9 soit vers\u00e9e, le travailleur devrait prouver que la violation affecte sa sant\u00e9 \u00e0 un point tel qu&rsquo;elle menace sa vie ou son int\u00e9grit\u00e9 physique.<\/p>\t\t\t\t\t\t\t\t<\/div>\n\t\t\t\t<\/div>\n\t\t\t\t\t<\/div>\r\n\t\t\t\t<\/div>\r\n\t\t\t\t\t<\/div>\r\n\t\t\t\t<\/section>\r\n\t\t\t\t<section data-particle_enable=\"false\" data-particle-mobile-disabled=\"false\" class=\"elementor-section elementor-top-section elementor-element elementor-element-d2d7343 elementor-section-boxed elementor-section-height-default elementor-section-height-default\" data-id=\"d2d7343\" data-element_type=\"section\" data-e-type=\"section\">\r\n\t\t\r\n\t\t\t\t\t\t\t<div class=\"elementor-container elementor-column-gap-default\">\r\n\t\t\t\t\t\t\t\t\t\t\t<div class=\"elementor-column elementor-col-100 elementor-top-column elementor-element elementor-element-4cd54b0\" data-id=\"4cd54b0\" data-element_type=\"column\" data-e-type=\"column\">\r\n\t\t\t\t\t<div class=\"elementor-widget-wrap elementor-element-populated\">\r\n\t\t\t\t\t\t\t\t<div class=\"elementor-element elementor-element-a049b41 elementor-widget elementor-widget-heading\" data-id=\"a049b41\" data-element_type=\"widget\" data-e-type=\"widget\" data-widget_type=\"heading.default\">\n\t\t\t\t<div class=\"elementor-widget-container\">\n\t\t\t\t\t<h4 class=\"elementor-heading-title elementor-size-default\">Si vous violez le droit \u00e0 la d\u00e9connexion num\u00e9rique ou les pauses minimales de vos employ\u00e9s, l'inspection du travail peut vous sanctionner. N'oubliez pas non plus d'\u00e9laborer une politique interne et d'en informer les repr\u00e9sentants des travailleurs.<\/h4>\t\t\t\t<\/div>\n\t\t\t\t<\/div>\n\t\t\t\t\t<\/div>\r\n\t\t\t\t<\/div>\r\n\t\t\t\t\t<\/div>\r\n\t\t\t\t<\/section>\r\n\t\t\t\t<\/div>\n\t\t","protected":false},"excerpt":{"rendered":"<p>Les droits num\u00e9riques En 2018, les droits num\u00e9riques des citoyens (tels que la neutralit\u00e9 du net, l&rsquo;acc\u00e8s universel et la s\u00e9curit\u00e9 num\u00e9rique, entre autres) ont \u00e9t\u00e9 reconnus pour la premi\u00e8re fois. D\u00e8s lors, la l\u00e9gislation espagnole a introduit pour la premi\u00e8re fois le droit des travailleurs et des agents publics \u00e0 la d\u00e9connexion num\u00e9rique sur [&hellip;]<\/p>\n","protected":false},"author":2,"featured_media":18515,"comment_status":"closed","ping_status":"closed","sticky":false,"template":"","format":"standard","meta":{"_eb_attr":"","inline_featured_image":false,"footnotes":""},"categories":[1],"tags":[],"class_list":["post-18700","post","type-post","status-publish","format-standard","has-post-thumbnail","hentry","category-blog"],"featured_image_src":{"landsacpe":["https:\/\/www.asesoriaorihuelacosta.com\/wp-content\/uploads\/2023\/12\/Desconexion-digital-1140x445.jpeg",1140,445,true],"list":["https:\/\/www.asesoriaorihuelacosta.com\/wp-content\/uploads\/2023\/12\/Desconexion-digital-463x348.jpeg",463,348,true],"medium":["https:\/\/www.asesoriaorihuelacosta.com\/wp-content\/uploads\/2023\/12\/Desconexion-digital-300x169.jpeg",300,169,true],"full":["https:\/\/www.asesoriaorihuelacosta.com\/wp-content\/uploads\/2023\/12\/Desconexion-digital.jpeg",1280,720,false]},"yoast_head":"<!-- This site is optimized with the Yoast SEO Premium plugin v24.7 (Yoast SEO v27.5) - https:\/\/yoast.com\/product\/yoast-seo-premium-wordpress\/ -->\n<title>D\u00e9connexion num\u00e9rique sur le lieu de travail - Asesor\u00eda Orihuela Costa<\/title>\n<meta name=\"description\" content=\"On parle beaucoup du droit \u00e0 la d\u00e9connexion num\u00e9rique sur le lieu de travail, mais que se passe-t-il si votre entreprise ne le respecte pas?\" \/>\n<meta name=\"robots\" content=\"index, follow, max-snippet:-1, max-image-preview:large, max-video-preview:-1\" \/>\n<link rel=\"canonical\" href=\"https:\/\/www.asesoriaorihuelacosta.com\/fr\/deconnexion-numerique-sur-le-lieu-de-travail\/\" \/>\n<meta property=\"og:locale\" content=\"fr_FR\" \/>\n<meta property=\"og:type\" content=\"article\" \/>\n<meta property=\"og:title\" content=\"D\u00e9connexion num\u00e9rique sur le lieu de travail\" \/>\n<meta property=\"og:description\" content=\"On parle beaucoup du droit \u00e0 la d\u00e9connexion num\u00e9rique sur le lieu de travail, mais que se passe-t-il si votre entreprise ne le respecte pas?\" \/>\n<meta property=\"og:url\" content=\"https:\/\/www.asesoriaorihuelacosta.com\/fr\/deconnexion-numerique-sur-le-lieu-de-travail\/\" \/>\n<meta property=\"og:site_name\" content=\"Asesor\u00eda Orihuela Costa\" \/>\n<meta property=\"article:publisher\" content=\"https:\/\/www.facebook.com\/asesoriaorihuelacosta\" \/>\n<meta property=\"article:author\" content=\"https:\/\/www.facebook.com\/patrick.gordinneperez\" \/>\n<meta property=\"article:published_time\" content=\"2023-12-26T21:53:20+00:00\" \/>\n<meta property=\"article:modified_time\" content=\"2023-12-28T05:39:48+00:00\" \/>\n<meta property=\"og:image\" content=\"https:\/\/www.asesoriaorihuelacosta.com\/wp-content\/uploads\/2023\/12\/Desconexion-digital.jpeg\" \/>\n\t<meta property=\"og:image:width\" content=\"1280\" \/>\n\t<meta property=\"og:image:height\" content=\"720\" \/>\n\t<meta property=\"og:image:type\" content=\"image\/jpeg\" \/>\n<meta name=\"author\" content=\"Patrick Gordinne Perez\" \/>\n<meta name=\"twitter:card\" content=\"summary_large_image\" \/>\n<meta name=\"twitter:label1\" content=\"\u00c9crit par\" \/>\n\t<meta name=\"twitter:data1\" content=\"Patrick Gordinne Perez\" \/>\n\t<meta name=\"twitter:label2\" content=\"Dur\u00e9e de lecture estim\u00e9e\" \/>\n\t<meta name=\"twitter:data2\" content=\"6 minutes\" \/>\n<script type=\"application\/ld+json\" class=\"yoast-schema-graph\">{\"@context\":\"https:\\\/\\\/schema.org\",\"@graph\":[{\"@type\":\"Article\",\"@id\":\"https:\\\/\\\/www.asesoriaorihuelacosta.com\\\/fr\\\/deconnexion-numerique-sur-le-lieu-de-travail\\\/#article\",\"isPartOf\":{\"@id\":\"https:\\\/\\\/www.asesoriaorihuelacosta.com\\\/fr\\\/deconnexion-numerique-sur-le-lieu-de-travail\\\/\"},\"author\":{\"name\":\"Patrick Gordinne Perez\",\"@id\":\"https:\\\/\\\/www.asesoriaorihuelacosta.com\\\/fr\\\/#\\\/schema\\\/person\\\/6614ce8cf6d2de542aaf351629fd539e\"},\"headline\":\"D\u00e9connexion num\u00e9rique sur le lieu de travail\",\"datePublished\":\"2023-12-26T21:53:20+00:00\",\"dateModified\":\"2023-12-28T05:39:48+00:00\",\"mainEntityOfPage\":{\"@id\":\"https:\\\/\\\/www.asesoriaorihuelacosta.com\\\/fr\\\/deconnexion-numerique-sur-le-lieu-de-travail\\\/\"},\"wordCount\":1449,\"publisher\":{\"@id\":\"https:\\\/\\\/www.asesoriaorihuelacosta.com\\\/fr\\\/#organization\"},\"image\":{\"@id\":\"https:\\\/\\\/www.asesoriaorihuelacosta.com\\\/fr\\\/deconnexion-numerique-sur-le-lieu-de-travail\\\/#primaryimage\"},\"thumbnailUrl\":\"https:\\\/\\\/www.asesoriaorihuelacosta.com\\\/wp-content\\\/uploads\\\/2023\\\/12\\\/Desconexion-digital.jpeg\",\"articleSection\":[\"Blog\"],\"inLanguage\":\"fr-FR\"},{\"@type\":\"WebPage\",\"@id\":\"https:\\\/\\\/www.asesoriaorihuelacosta.com\\\/fr\\\/deconnexion-numerique-sur-le-lieu-de-travail\\\/\",\"url\":\"https:\\\/\\\/www.asesoriaorihuelacosta.com\\\/fr\\\/deconnexion-numerique-sur-le-lieu-de-travail\\\/\",\"name\":\"D\u00e9connexion num\u00e9rique sur le lieu de travail - Asesor\u00eda Orihuela Costa\",\"isPartOf\":{\"@id\":\"https:\\\/\\\/www.asesoriaorihuelacosta.com\\\/fr\\\/#website\"},\"primaryImageOfPage\":{\"@id\":\"https:\\\/\\\/www.asesoriaorihuelacosta.com\\\/fr\\\/deconnexion-numerique-sur-le-lieu-de-travail\\\/#primaryimage\"},\"image\":{\"@id\":\"https:\\\/\\\/www.asesoriaorihuelacosta.com\\\/fr\\\/deconnexion-numerique-sur-le-lieu-de-travail\\\/#primaryimage\"},\"thumbnailUrl\":\"https:\\\/\\\/www.asesoriaorihuelacosta.com\\\/wp-content\\\/uploads\\\/2023\\\/12\\\/Desconexion-digital.jpeg\",\"datePublished\":\"2023-12-26T21:53:20+00:00\",\"dateModified\":\"2023-12-28T05:39:48+00:00\",\"description\":\"On parle beaucoup du droit \u00e0 la d\u00e9connexion num\u00e9rique sur le lieu de travail, mais que se passe-t-il si votre entreprise ne le respecte pas?\",\"breadcrumb\":{\"@id\":\"https:\\\/\\\/www.asesoriaorihuelacosta.com\\\/fr\\\/deconnexion-numerique-sur-le-lieu-de-travail\\\/#breadcrumb\"},\"inLanguage\":\"fr-FR\",\"potentialAction\":[{\"@type\":\"ReadAction\",\"target\":[\"https:\\\/\\\/www.asesoriaorihuelacosta.com\\\/fr\\\/deconnexion-numerique-sur-le-lieu-de-travail\\\/\"]}]},{\"@type\":\"ImageObject\",\"inLanguage\":\"fr-FR\",\"@id\":\"https:\\\/\\\/www.asesoriaorihuelacosta.com\\\/fr\\\/deconnexion-numerique-sur-le-lieu-de-travail\\\/#primaryimage\",\"url\":\"https:\\\/\\\/www.asesoriaorihuelacosta.com\\\/wp-content\\\/uploads\\\/2023\\\/12\\\/Desconexion-digital.jpeg\",\"contentUrl\":\"https:\\\/\\\/www.asesoriaorihuelacosta.com\\\/wp-content\\\/uploads\\\/2023\\\/12\\\/Desconexion-digital.jpeg\",\"width\":1280,\"height\":720,\"caption\":\"Desconexi\u00f3n digital laboral\"},{\"@type\":\"BreadcrumbList\",\"@id\":\"https:\\\/\\\/www.asesoriaorihuelacosta.com\\\/fr\\\/deconnexion-numerique-sur-le-lieu-de-travail\\\/#breadcrumb\",\"itemListElement\":[{\"@type\":\"ListItem\",\"position\":1,\"name\":\"Home\",\"item\":\"https:\\\/\\\/www.asesoriaorihuelacosta.com\\\/fr\\\/\"},{\"@type\":\"ListItem\",\"position\":2,\"name\":\"D\u00e9connexion num\u00e9rique sur le lieu de travail\"}]},{\"@type\":\"WebSite\",\"@id\":\"https:\\\/\\\/www.asesoriaorihuelacosta.com\\\/fr\\\/#website\",\"url\":\"https:\\\/\\\/www.asesoriaorihuelacosta.com\\\/fr\\\/\",\"name\":\"https:\\\/\\\/www.asesoriaorihuelacosta.com\\\/\",\"description\":\"Grupo de asesores profesionales\",\"publisher\":{\"@id\":\"https:\\\/\\\/www.asesoriaorihuelacosta.com\\\/fr\\\/#organization\"},\"potentialAction\":[{\"@type\":\"SearchAction\",\"target\":{\"@type\":\"EntryPoint\",\"urlTemplate\":\"https:\\\/\\\/www.asesoriaorihuelacosta.com\\\/fr\\\/?s={search_term_string}\"},\"query-input\":{\"@type\":\"PropertyValueSpecification\",\"valueRequired\":true,\"valueName\":\"search_term_string\"}}],\"inLanguage\":\"fr-FR\"},{\"@type\":\"Organization\",\"@id\":\"https:\\\/\\\/www.asesoriaorihuelacosta.com\\\/fr\\\/#organization\",\"name\":\"Asesor\u00eda Orihuela Costa\",\"url\":\"https:\\\/\\\/www.asesoriaorihuelacosta.com\\\/fr\\\/\",\"logo\":{\"@type\":\"ImageObject\",\"inLanguage\":\"fr-FR\",\"@id\":\"https:\\\/\\\/www.asesoriaorihuelacosta.com\\\/fr\\\/#\\\/schema\\\/logo\\\/image\\\/\",\"url\":\"https:\\\/\\\/www.asesoriaorihuelacosta.com\\\/wp-content\\\/uploads\\\/2022\\\/06\\\/Logo-espa\u5bf8l-asesoriaorihuela.jpg\",\"contentUrl\":\"https:\\\/\\\/www.asesoriaorihuelacosta.com\\\/wp-content\\\/uploads\\\/2022\\\/06\\\/Logo-espa\u5bf8l-asesoriaorihuela.jpg\",\"width\":588,\"height\":136,\"caption\":\"Asesor\u00eda Orihuela Costa\"},\"image\":{\"@id\":\"https:\\\/\\\/www.asesoriaorihuelacosta.com\\\/fr\\\/#\\\/schema\\\/logo\\\/image\\\/\"},\"sameAs\":[\"https:\\\/\\\/www.facebook.com\\\/asesoriaorihuelacosta\"]},{\"@type\":\"Person\",\"@id\":\"https:\\\/\\\/www.asesoriaorihuelacosta.com\\\/fr\\\/#\\\/schema\\\/person\\\/6614ce8cf6d2de542aaf351629fd539e\",\"name\":\"Patrick Gordinne Perez\",\"description\":\"Soy economista colegiado por el colegio de economistas de Alicante con el n\u00famero 2722. Llevo ejerciendo desde el a\u00f1o 2005. Soy especialista en fiscalidad de empresas y aut\u00f3nomos y tambi\u00e9n especialista en gestionar compraventas. Hablo espa\u00f1ol, ingl\u00e9s y franc\u00e9s.\",\"sameAs\":[\"https:\\\/\\\/www.asesoriaorihuelacosta.com\",\"https:\\\/\\\/www.facebook.com\\\/patrick.gordinneperez\",\"https:\\\/\\\/www.linkedin.com\\\/in\\\/patrick-gordinne-perez-1b73aab3\\\/\",\"https:\\\/\\\/www.youtube.com\\\/channel\\\/UC5e95RJEVQlxCnhwDmGNVCw\"],\"gender\":\"Hombre\",\"knowsLanguage\":[\"ingl\u00e9s\",\"franc\u00e9s\",\"espa\u00f1ol\"],\"jobTitle\":\"Gerente\",\"worksFor\":\"Asesoria Orihuela Costa SL\"}]}<\/script>\n<!-- \/ Yoast SEO Premium plugin. -->","yoast_head_json":{"title":"D\u00e9connexion num\u00e9rique sur le lieu de travail - Asesor\u00eda Orihuela Costa","description":"On parle beaucoup du droit \u00e0 la d\u00e9connexion num\u00e9rique sur le lieu de travail, mais que se passe-t-il si votre entreprise ne le respecte pas?","robots":{"index":"index","follow":"follow","max-snippet":"max-snippet:-1","max-image-preview":"max-image-preview:large","max-video-preview":"max-video-preview:-1"},"canonical":"https:\/\/www.asesoriaorihuelacosta.com\/fr\/deconnexion-numerique-sur-le-lieu-de-travail\/","og_locale":"fr_FR","og_type":"article","og_title":"D\u00e9connexion num\u00e9rique sur le lieu de travail","og_description":"On parle beaucoup du droit \u00e0 la d\u00e9connexion num\u00e9rique sur le lieu de travail, mais que se passe-t-il si votre entreprise ne le respecte pas?","og_url":"https:\/\/www.asesoriaorihuelacosta.com\/fr\/deconnexion-numerique-sur-le-lieu-de-travail\/","og_site_name":"Asesor\u00eda Orihuela Costa","article_publisher":"https:\/\/www.facebook.com\/asesoriaorihuelacosta","article_author":"https:\/\/www.facebook.com\/patrick.gordinneperez","article_published_time":"2023-12-26T21:53:20+00:00","article_modified_time":"2023-12-28T05:39:48+00:00","og_image":[{"width":1280,"height":720,"url":"https:\/\/www.asesoriaorihuelacosta.com\/wp-content\/uploads\/2023\/12\/Desconexion-digital.jpeg","type":"image\/jpeg"}],"author":"Patrick Gordinne Perez","twitter_card":"summary_large_image","twitter_misc":{"\u00c9crit par":"Patrick Gordinne Perez","Dur\u00e9e de lecture estim\u00e9e":"6 minutes"},"schema":{"@context":"https:\/\/schema.org","@graph":[{"@type":"Article","@id":"https:\/\/www.asesoriaorihuelacosta.com\/fr\/deconnexion-numerique-sur-le-lieu-de-travail\/#article","isPartOf":{"@id":"https:\/\/www.asesoriaorihuelacosta.com\/fr\/deconnexion-numerique-sur-le-lieu-de-travail\/"},"author":{"name":"Patrick Gordinne Perez","@id":"https:\/\/www.asesoriaorihuelacosta.com\/fr\/#\/schema\/person\/6614ce8cf6d2de542aaf351629fd539e"},"headline":"D\u00e9connexion num\u00e9rique sur le lieu de travail","datePublished":"2023-12-26T21:53:20+00:00","dateModified":"2023-12-28T05:39:48+00:00","mainEntityOfPage":{"@id":"https:\/\/www.asesoriaorihuelacosta.com\/fr\/deconnexion-numerique-sur-le-lieu-de-travail\/"},"wordCount":1449,"publisher":{"@id":"https:\/\/www.asesoriaorihuelacosta.com\/fr\/#organization"},"image":{"@id":"https:\/\/www.asesoriaorihuelacosta.com\/fr\/deconnexion-numerique-sur-le-lieu-de-travail\/#primaryimage"},"thumbnailUrl":"https:\/\/www.asesoriaorihuelacosta.com\/wp-content\/uploads\/2023\/12\/Desconexion-digital.jpeg","articleSection":["Blog"],"inLanguage":"fr-FR"},{"@type":"WebPage","@id":"https:\/\/www.asesoriaorihuelacosta.com\/fr\/deconnexion-numerique-sur-le-lieu-de-travail\/","url":"https:\/\/www.asesoriaorihuelacosta.com\/fr\/deconnexion-numerique-sur-le-lieu-de-travail\/","name":"D\u00e9connexion num\u00e9rique sur le lieu de travail - Asesor\u00eda Orihuela Costa","isPartOf":{"@id":"https:\/\/www.asesoriaorihuelacosta.com\/fr\/#website"},"primaryImageOfPage":{"@id":"https:\/\/www.asesoriaorihuelacosta.com\/fr\/deconnexion-numerique-sur-le-lieu-de-travail\/#primaryimage"},"image":{"@id":"https:\/\/www.asesoriaorihuelacosta.com\/fr\/deconnexion-numerique-sur-le-lieu-de-travail\/#primaryimage"},"thumbnailUrl":"https:\/\/www.asesoriaorihuelacosta.com\/wp-content\/uploads\/2023\/12\/Desconexion-digital.jpeg","datePublished":"2023-12-26T21:53:20+00:00","dateModified":"2023-12-28T05:39:48+00:00","description":"On parle beaucoup du droit \u00e0 la d\u00e9connexion num\u00e9rique sur le lieu de travail, mais que se passe-t-il si votre entreprise ne le respecte pas?","breadcrumb":{"@id":"https:\/\/www.asesoriaorihuelacosta.com\/fr\/deconnexion-numerique-sur-le-lieu-de-travail\/#breadcrumb"},"inLanguage":"fr-FR","potentialAction":[{"@type":"ReadAction","target":["https:\/\/www.asesoriaorihuelacosta.com\/fr\/deconnexion-numerique-sur-le-lieu-de-travail\/"]}]},{"@type":"ImageObject","inLanguage":"fr-FR","@id":"https:\/\/www.asesoriaorihuelacosta.com\/fr\/deconnexion-numerique-sur-le-lieu-de-travail\/#primaryimage","url":"https:\/\/www.asesoriaorihuelacosta.com\/wp-content\/uploads\/2023\/12\/Desconexion-digital.jpeg","contentUrl":"https:\/\/www.asesoriaorihuelacosta.com\/wp-content\/uploads\/2023\/12\/Desconexion-digital.jpeg","width":1280,"height":720,"caption":"Desconexi\u00f3n digital laboral"},{"@type":"BreadcrumbList","@id":"https:\/\/www.asesoriaorihuelacosta.com\/fr\/deconnexion-numerique-sur-le-lieu-de-travail\/#breadcrumb","itemListElement":[{"@type":"ListItem","position":1,"name":"Home","item":"https:\/\/www.asesoriaorihuelacosta.com\/fr\/"},{"@type":"ListItem","position":2,"name":"D\u00e9connexion num\u00e9rique sur le lieu de travail"}]},{"@type":"WebSite","@id":"https:\/\/www.asesoriaorihuelacosta.com\/fr\/#website","url":"https:\/\/www.asesoriaorihuelacosta.com\/fr\/","name":"https:\/\/www.asesoriaorihuelacosta.com\/","description":"Grupo de asesores profesionales","publisher":{"@id":"https:\/\/www.asesoriaorihuelacosta.com\/fr\/#organization"},"potentialAction":[{"@type":"SearchAction","target":{"@type":"EntryPoint","urlTemplate":"https:\/\/www.asesoriaorihuelacosta.com\/fr\/?s={search_term_string}"},"query-input":{"@type":"PropertyValueSpecification","valueRequired":true,"valueName":"search_term_string"}}],"inLanguage":"fr-FR"},{"@type":"Organization","@id":"https:\/\/www.asesoriaorihuelacosta.com\/fr\/#organization","name":"Asesor\u00eda Orihuela Costa","url":"https:\/\/www.asesoriaorihuelacosta.com\/fr\/","logo":{"@type":"ImageObject","inLanguage":"fr-FR","@id":"https:\/\/www.asesoriaorihuelacosta.com\/fr\/#\/schema\/logo\/image\/","url":"https:\/\/www.asesoriaorihuelacosta.com\/wp-content\/uploads\/2022\/06\/Logo-espa\u5bf8l-asesoriaorihuela.jpg","contentUrl":"https:\/\/www.asesoriaorihuelacosta.com\/wp-content\/uploads\/2022\/06\/Logo-espa\u5bf8l-asesoriaorihuela.jpg","width":588,"height":136,"caption":"Asesor\u00eda Orihuela Costa"},"image":{"@id":"https:\/\/www.asesoriaorihuelacosta.com\/fr\/#\/schema\/logo\/image\/"},"sameAs":["https:\/\/www.facebook.com\/asesoriaorihuelacosta"]},{"@type":"Person","@id":"https:\/\/www.asesoriaorihuelacosta.com\/fr\/#\/schema\/person\/6614ce8cf6d2de542aaf351629fd539e","name":"Patrick Gordinne Perez","description":"Soy economista colegiado por el colegio de economistas de Alicante con el n\u00famero 2722. Llevo ejerciendo desde el a\u00f1o 2005. Soy especialista en fiscalidad de empresas y aut\u00f3nomos y tambi\u00e9n especialista en gestionar compraventas. Hablo espa\u00f1ol, ingl\u00e9s y franc\u00e9s.","sameAs":["https:\/\/www.asesoriaorihuelacosta.com","https:\/\/www.facebook.com\/patrick.gordinneperez","https:\/\/www.linkedin.com\/in\/patrick-gordinne-perez-1b73aab3\/","https:\/\/www.youtube.com\/channel\/UC5e95RJEVQlxCnhwDmGNVCw"],"gender":"Hombre","knowsLanguage":["ingl\u00e9s","franc\u00e9s","espa\u00f1ol"],"jobTitle":"Gerente","worksFor":"Asesoria Orihuela Costa SL"}]}},"_links":{"self":[{"href":"https:\/\/www.asesoriaorihuelacosta.com\/fr\/wp-json\/wp\/v2\/posts\/18700","targetHints":{"allow":["GET"]}}],"collection":[{"href":"https:\/\/www.asesoriaorihuelacosta.com\/fr\/wp-json\/wp\/v2\/posts"}],"about":[{"href":"https:\/\/www.asesoriaorihuelacosta.com\/fr\/wp-json\/wp\/v2\/types\/post"}],"author":[{"embeddable":true,"href":"https:\/\/www.asesoriaorihuelacosta.com\/fr\/wp-json\/wp\/v2\/users\/2"}],"replies":[{"embeddable":true,"href":"https:\/\/www.asesoriaorihuelacosta.com\/fr\/wp-json\/wp\/v2\/comments?post=18700"}],"version-history":[{"count":8,"href":"https:\/\/www.asesoriaorihuelacosta.com\/fr\/wp-json\/wp\/v2\/posts\/18700\/revisions"}],"predecessor-version":[{"id":18708,"href":"https:\/\/www.asesoriaorihuelacosta.com\/fr\/wp-json\/wp\/v2\/posts\/18700\/revisions\/18708"}],"wp:featuredmedia":[{"embeddable":true,"href":"https:\/\/www.asesoriaorihuelacosta.com\/fr\/wp-json\/wp\/v2\/media\/18515"}],"wp:attachment":[{"href":"https:\/\/www.asesoriaorihuelacosta.com\/fr\/wp-json\/wp\/v2\/media?parent=18700"}],"wp:term":[{"taxonomy":"category","embeddable":true,"href":"https:\/\/www.asesoriaorihuelacosta.com\/fr\/wp-json\/wp\/v2\/categories?post=18700"},{"taxonomy":"post_tag","embeddable":true,"href":"https:\/\/www.asesoriaorihuelacosta.com\/fr\/wp-json\/wp\/v2\/tags?post=18700"}],"curies":[{"name":"wp","href":"https:\/\/api.w.org\/{rel}","templated":true}]}}