{"id":18317,"date":"2023-12-23T05:26:06","date_gmt":"2023-12-23T05:26:06","guid":{"rendered":"https:\/\/www.asesoriaorihuelacosta.com\/?p=18317"},"modified":"2023-12-23T07:14:54","modified_gmt":"2023-12-23T07:14:54","slug":"depenses-deductibles-de-limpot-sur-le-revenu-des-personnes-physiques-pour-un-vehicule-mixte","status":"publish","type":"post","link":"https:\/\/www.asesoriaorihuelacosta.com\/fr\/depenses-deductibles-de-limpot-sur-le-revenu-des-personnes-physiques-pour-un-vehicule-mixte\/","title":{"rendered":"D\u00e9penses d\u00e9ductibles de l&rsquo;imp\u00f4t sur le revenu des personnes physiques pour un v\u00e9hicule mixte"},"content":{"rendered":"\t\t<div data-elementor-type=\"wp-post\" data-elementor-id=\"18317\" class=\"elementor elementor-18317\" data-elementor-post-type=\"post\">\n\t\t\t\t\t\t<section data-particle_enable=\"false\" data-particle-mobile-disabled=\"false\" class=\"elementor-section elementor-top-section elementor-element elementor-element-b5deb45 elementor-section-boxed elementor-section-height-default elementor-section-height-default\" data-id=\"b5deb45\" data-element_type=\"section\" data-e-type=\"section\">\r\n\t\t\r\n\t\t\t\t\t\t\t<div class=\"elementor-container elementor-column-gap-default\">\r\n\t\t\t\t\t\t\t\t\t\t\t<div class=\"elementor-column elementor-col-100 elementor-top-column elementor-element elementor-element-bdc2f9e\" data-id=\"bdc2f9e\" data-element_type=\"column\" data-e-type=\"column\">\r\n\t\t\t\t\t<div class=\"elementor-widget-wrap elementor-element-populated\">\r\n\t\t\t\t\t\t\t\t<div class=\"elementor-element elementor-element-7519585 elementor-widget elementor-widget-text-editor\" data-id=\"7519585\" data-element_type=\"widget\" data-e-type=\"widget\" data-widget_type=\"text-editor.default\">\n\t\t\t\t<div class=\"elementor-widget-container\">\n\t\t\t\t\t\t\t\t\t<p>La d\u00e9duction de l&rsquo;imp\u00f4t sur le revenu des personnes physiques d\u00e9signe la possibilit\u00e9 de soustraire certaines d\u00e9penses effectu\u00e9es au cours de l&rsquo;exercice, y compris les d\u00e9penses li\u00e9es \u00e0 l&rsquo;utilisation d&rsquo;un <strong>v\u00e9hicule mixte<\/strong>. Cela signifie qu&rsquo;une partie des d\u00e9penses engag\u00e9es pour l&rsquo;acquisition, l&rsquo;entretien et l&rsquo;utilisation du v\u00e9hicule peut \u00eatre d\u00e9duite dans la d\u00e9claration d&rsquo;imp\u00f4ts.<\/p><p>Si vous \u00eates entrepreneur individuel et que vous souhaitez acqu\u00e9rir un v\u00e9hicule pour votre activit\u00e9, sachez que l&rsquo;administration fiscale rend tr\u00e8s difficile la d\u00e9duction des d\u00e9penses li\u00e9es \u00e0 son acquisition et \u00e0 son utilisation (amortissement, r\u00e9parations, carburant, taxe d&rsquo;immatriculation, assurance, parking, etc.)<\/p><p>). Attention ! En g\u00e9n\u00e9ral, pour que ces frais soient d\u00e9ductibles \u00e0 l&rsquo;imp\u00f4t des personnes physiques, le v\u00e9hicule doit \u00eatre utilis\u00e9 exclusivement pour l&rsquo;activit\u00e9, ce qui est tr\u00e8s difficile \u00e0 prouver.<\/p>\t\t\t\t\t\t\t\t<\/div>\n\t\t\t\t<\/div>\n\t\t\t\t\t<\/div>\r\n\t\t\t\t<\/div>\r\n\t\t\t\t\t<\/div>\r\n\t\t\t\t<\/section>\r\n\t\t\t\t<section data-particle_enable=\"false\" data-particle-mobile-disabled=\"false\" class=\"elementor-section elementor-top-section elementor-element elementor-element-7c7f947 elementor-section-boxed elementor-section-height-default elementor-section-height-default\" data-id=\"7c7f947\" data-element_type=\"section\" data-e-type=\"section\">\r\n\t\t\r\n\t\t\t\t\t\t\t<div class=\"elementor-container elementor-column-gap-default\">\r\n\t\t\t\t\t\t\t\t\t\t\t<div class=\"elementor-column elementor-col-100 elementor-top-column elementor-element elementor-element-05faeff\" data-id=\"05faeff\" data-element_type=\"column\" data-e-type=\"column\">\r\n\t\t\t\t\t<div class=\"elementor-widget-wrap elementor-element-populated\">\r\n\t\t\t\t\t\t\t\t<div class=\"elementor-element elementor-element-604a428 elementor-widget elementor-widget-heading\" data-id=\"604a428\" data-element_type=\"widget\" data-e-type=\"widget\" data-widget_type=\"heading.default\">\n\t\t\t\t<div class=\"elementor-widget-container\">\n\t\t\t\t\t<h2 class=\"elementor-heading-title elementor-size-default\">D\u00e9penses d\u00e9ductibles de l'imp\u00f4t sur le revenu des personnes physiques en Espagne pour un v\u00e9hicule <\/h2>\t\t\t\t<\/div>\n\t\t\t\t<\/div>\n\t\t\t\t\t<\/div>\r\n\t\t\t\t<\/div>\r\n\t\t\t\t\t<\/div>\r\n\t\t\t\t<\/section>\r\n\t\t\t\t<section data-particle_enable=\"false\" data-particle-mobile-disabled=\"false\" class=\"elementor-section elementor-top-section elementor-element elementor-element-0b9673f elementor-section-boxed elementor-section-height-default elementor-section-height-default\" data-id=\"0b9673f\" data-element_type=\"section\" data-e-type=\"section\">\r\n\t\t\r\n\t\t\t\t\t\t\t<div class=\"elementor-container elementor-column-gap-default\">\r\n\t\t\t\t\t\t\t\t\t\t\t<div class=\"elementor-column elementor-col-100 elementor-top-column elementor-element elementor-element-4131adf\" data-id=\"4131adf\" data-element_type=\"column\" data-e-type=\"column\">\r\n\t\t\t\t\t<div class=\"elementor-widget-wrap elementor-element-populated\">\r\n\t\t\t\t\t\t\t\t<div class=\"elementor-element elementor-element-575266f elementor-widget elementor-widget-text-editor\" data-id=\"575266f\" data-element_type=\"widget\" data-e-type=\"widget\" data-widget_type=\"text-editor.default\">\n\t\t\t\t<div class=\"elementor-widget-container\">\n\t\t\t\t\t\t\t\t\t<p>Toutefois, dans certains cas, la loi permet de d\u00e9duire les d\u00e9penses pour certains v\u00e9hicules m\u00eame s&rsquo;ils sont utilis\u00e9s \u00e0 titre priv\u00e9 pendant des jours ou des heures inutilisables. Il s&rsquo;agit notamment des v\u00e9hicules suivants<\/p><ul><li>Les v\u00e9hicules utilis\u00e9s pour le transport de personnes \u00e0 titre on\u00e9reux (taxis, v\u00e9hicules utilis\u00e9s par les soci\u00e9t\u00e9s de location de voitures, etc.)<\/li><li>Les v\u00e9hicules des auto-\u00e9coles et ceux utilis\u00e9s par les employeurs agissant en tant que repr\u00e9sentants ou agents commerciaux.<\/li><li>Enfin, et c&rsquo;est <strong>tr\u00e8s important<\/strong>, les v\u00e9hicules qui, selon leur fiche technique, ont un caract\u00e8re \u00ab\u00a0mixte\u00a0\u00bb parce qu&rsquo;ils sont destin\u00e9s au transport de marchandises et de personnes.<\/li><\/ul>\t\t\t\t\t\t\t\t<\/div>\n\t\t\t\t<\/div>\n\t\t\t\t\t<\/div>\r\n\t\t\t\t<\/div>\r\n\t\t\t\t\t<\/div>\r\n\t\t\t\t<\/section>\r\n\t\t\t\t<section data-particle_enable=\"false\" data-particle-mobile-disabled=\"false\" class=\"elementor-section elementor-top-section elementor-element elementor-element-4d514e3 elementor-section-boxed elementor-section-height-default elementor-section-height-default\" data-id=\"4d514e3\" data-element_type=\"section\" data-e-type=\"section\">\r\n\t\t\r\n\t\t\t\t\t\t\t<div class=\"elementor-container elementor-column-gap-default\">\r\n\t\t\t\t\t\t\t\t\t\t\t<div class=\"elementor-column elementor-col-100 elementor-top-column elementor-element elementor-element-50439bf\" data-id=\"50439bf\" data-element_type=\"column\" data-e-type=\"column\">\r\n\t\t\t\t\t<div class=\"elementor-widget-wrap elementor-element-populated\">\r\n\t\t\t\t\t\t\t\t<div class=\"elementor-element elementor-element-e48f608 elementor-widget elementor-widget-heading\" data-id=\"e48f608\" data-element_type=\"widget\" data-e-type=\"widget\" data-widget_type=\"heading.default\">\n\t\t\t\t<div class=\"elementor-widget-container\">\n\t\t\t\t\t<h2 class=\"elementor-heading-title elementor-size-default\">Qu'est-ce qu'un v\u00e9hicule mixte ?<\/h2>\t\t\t\t<\/div>\n\t\t\t\t<\/div>\n\t\t\t\t\t<\/div>\r\n\t\t\t\t<\/div>\r\n\t\t\t\t\t<\/div>\r\n\t\t\t\t<\/section>\r\n\t\t\t\t<section data-particle_enable=\"false\" data-particle-mobile-disabled=\"false\" class=\"elementor-section elementor-top-section elementor-element elementor-element-ec4da11 elementor-section-boxed elementor-section-height-default elementor-section-height-default\" data-id=\"ec4da11\" data-element_type=\"section\" data-e-type=\"section\">\r\n\t\t\r\n\t\t\t\t\t\t\t<div class=\"elementor-container elementor-column-gap-default\">\r\n\t\t\t\t\t\t\t\t\t\t\t<div class=\"elementor-column elementor-col-100 elementor-top-column elementor-element elementor-element-21c1ebd\" data-id=\"21c1ebd\" data-element_type=\"column\" data-e-type=\"column\">\r\n\t\t\t\t\t<div class=\"elementor-widget-wrap elementor-element-populated\">\r\n\t\t\t\t\t\t\t\t<div class=\"elementor-element elementor-element-a2df412 elementor-widget elementor-widget-image\" data-id=\"a2df412\" data-element_type=\"widget\" data-e-type=\"widget\" data-widget_type=\"image.default\">\n\t\t\t\t<div class=\"elementor-widget-container\">\n\t\t\t\t\t\t\t\t\t\t\t\t\t\t\t<img loading=\"lazy\" decoding=\"async\" width=\"1024\" height=\"576\" src=\"https:\/\/www.asesoriaorihuelacosta.com\/wp-content\/uploads\/2023\/12\/furgonetas-1024x576.jpeg\" class=\"attachment-large size-large wp-image-18283\" alt=\"vehiculo mixto\" srcset=\"https:\/\/www.asesoriaorihuelacosta.com\/wp-content\/uploads\/2023\/12\/furgonetas-1024x576.jpeg 1024w, https:\/\/www.asesoriaorihuelacosta.com\/wp-content\/uploads\/2023\/12\/furgonetas-768x432.jpeg 768w, https:\/\/www.asesoriaorihuelacosta.com\/wp-content\/uploads\/2023\/12\/furgonetas-640x360.jpeg 640w, https:\/\/www.asesoriaorihuelacosta.com\/wp-content\/uploads\/2023\/12\/furgonetas-400x225.jpeg 400w\" sizes=\"auto, (max-width: 1024px) 100vw, 1024px\" \/>\t\t\t\t\t\t\t\t\t\t\t\t\t\t\t<\/div>\n\t\t\t\t<\/div>\n\t\t\t\t\t<\/div>\r\n\t\t\t\t<\/div>\r\n\t\t\t\t\t<\/div>\r\n\t\t\t\t<\/section>\r\n\t\t\t\t<section data-particle_enable=\"false\" data-particle-mobile-disabled=\"false\" class=\"elementor-section elementor-top-section elementor-element elementor-element-1a147d2 elementor-section-boxed elementor-section-height-default elementor-section-height-default\" data-id=\"1a147d2\" data-element_type=\"section\" data-e-type=\"section\">\r\n\t\t\r\n\t\t\t\t\t\t\t<div class=\"elementor-container elementor-column-gap-default\">\r\n\t\t\t\t\t\t\t\t\t\t\t<div class=\"elementor-column elementor-col-100 elementor-top-column elementor-element elementor-element-afd3900\" data-id=\"afd3900\" data-element_type=\"column\" data-e-type=\"column\">\r\n\t\t\t\t\t<div class=\"elementor-widget-wrap elementor-element-populated\">\r\n\t\t\t\t\t\t\t\t<div class=\"elementor-element elementor-element-fc083ff elementor-widget elementor-widget-text-editor\" data-id=\"fc083ff\" data-element_type=\"widget\" data-e-type=\"widget\" data-widget_type=\"text-editor.default\">\n\t\t\t\t<div class=\"elementor-widget-container\">\n\t\t\t\t\t\t\t\t\t<p>Les v\u00e9hicules mixtes sont des v\u00e9hicules destin\u00e9s au transport &#8211; simultan\u00e9 ou non &#8211; de marchandises et de personnes (jusqu&rsquo;\u00e0 un maximum de neuf), dans lesquels le chargement peut \u00eatre partiellement ou totalement remplac\u00e9 par des personnes gr\u00e2ce \u00e0 l&rsquo;ajout de si\u00e8ges.<\/p><p>Ils sont appel\u00e9s famili\u00e8rement \u00ab\u00a0fourgonnettes\u00a0\u00bb, bien qu&rsquo;une camionnette soit \u00e9galement consid\u00e9r\u00e9e comme un v\u00e9hicule mixte.<\/p>\t\t\t\t\t\t\t\t<\/div>\n\t\t\t\t<\/div>\n\t\t\t\t\t<\/div>\r\n\t\t\t\t<\/div>\r\n\t\t\t\t\t<\/div>\r\n\t\t\t\t<\/section>\r\n\t\t\t\t<section data-particle_enable=\"false\" data-particle-mobile-disabled=\"false\" class=\"elementor-section elementor-top-section elementor-element elementor-element-d069fa1 elementor-section-boxed elementor-section-height-default elementor-section-height-default\" data-id=\"d069fa1\" data-element_type=\"section\" data-e-type=\"section\">\r\n\t\t\r\n\t\t\t\t\t\t\t<div class=\"elementor-container elementor-column-gap-default\">\r\n\t\t\t\t\t\t\t\t\t\t\t<div class=\"elementor-column elementor-col-100 elementor-top-column elementor-element elementor-element-398c0f0\" data-id=\"398c0f0\" data-element_type=\"column\" data-e-type=\"column\">\r\n\t\t\t\t\t<div class=\"elementor-widget-wrap elementor-element-populated\">\r\n\t\t\t\t\t\t\t\t<div class=\"elementor-element elementor-element-95b242d elementor-widget elementor-widget-heading\" data-id=\"95b242d\" data-element_type=\"widget\" data-e-type=\"widget\" data-widget_type=\"heading.default\">\n\t\t\t\t<div class=\"elementor-widget-container\">\n\t\t\t\t\t<h2 class=\"elementor-heading-title elementor-size-default\">Conditions pour consid\u00e9rer un v\u00e9hicule comme mixte et d\u00e9ductible de l'imp\u00f4t sur le revenu des personnes physiques<\/h2>\t\t\t\t<\/div>\n\t\t\t\t<\/div>\n\t\t\t\t\t<\/div>\r\n\t\t\t\t<\/div>\r\n\t\t\t\t\t<\/div>\r\n\t\t\t\t<\/section>\r\n\t\t\t\t<section data-particle_enable=\"false\" data-particle-mobile-disabled=\"false\" class=\"elementor-section elementor-top-section elementor-element elementor-element-c339738 elementor-section-boxed elementor-section-height-default elementor-section-height-default\" data-id=\"c339738\" data-element_type=\"section\" data-e-type=\"section\">\r\n\t\t\r\n\t\t\t\t\t\t\t<div class=\"elementor-container elementor-column-gap-default\">\r\n\t\t\t\t\t\t\t\t\t\t\t<div class=\"elementor-column elementor-col-100 elementor-top-column elementor-element elementor-element-7c5bc37\" data-id=\"7c5bc37\" data-element_type=\"column\" data-e-type=\"column\">\r\n\t\t\t\t\t<div class=\"elementor-widget-wrap elementor-element-populated\">\r\n\t\t\t\t\t\t\t\t<div class=\"elementor-element elementor-element-d637b1d elementor-widget elementor-widget-text-editor\" data-id=\"d637b1d\" data-element_type=\"widget\" data-e-type=\"widget\" data-widget_type=\"text-editor.default\">\n\t\t\t\t<div class=\"elementor-widget-container\">\n\t\t\t\t\t\t\t\t\t<p>Selon les crit\u00e8res du Tr\u00e9sor, pour qu&rsquo;un v\u00e9hicule mixte puisse b\u00e9n\u00e9ficier de cet assouplissement de l&rsquo;imp\u00f4t sur le revenu des personnes physiques, il doit \u00e9galement \u00eatre utilis\u00e9 pour le transport de marchandises achet\u00e9es pour \u00eatre vendues (ce que le Tr\u00e9sor consid\u00e8re comme des marchandises).<\/p><p>Attention ! Cette condition est toutefois discutable, car elle ne figure pas dans le r\u00e8glement de l&rsquo;IRPF.<\/p><p>Si vous vous trouvez dans un tel cas, faites valoir que la notion de marchandises est plus large, et que les v\u00e9hicules mixtes transportant des outils, des ustensiles ou des mat\u00e9riaux destin\u00e9s \u00e0 \u00eatre transform\u00e9s ou utilis\u00e9s sur un chantier de construction peuvent \u00e9galement b\u00e9n\u00e9ficier d&rsquo;une d\u00e9duction.<\/p><p>Ainsi, par exemple, les tribunaux ont reconnu ce droit \u00e0 une camionnette utilis\u00e9e par un professionnel inscrit \u00e0 l&rsquo;activit\u00e9 des installations \u00e9lectriques en g\u00e9n\u00e9ral.<\/p><p>Bien que l&rsquo;administration fiscale n&rsquo;admette la d\u00e9duction des frais que pour les v\u00e9hicules mixtes transportant des marchandises destin\u00e9es \u00e0 la vente, une interpr\u00e9tation plus large est possible.<\/p>\t\t\t\t\t\t\t\t<\/div>\n\t\t\t\t<\/div>\n\t\t\t\t\t<\/div>\r\n\t\t\t\t<\/div>\r\n\t\t\t\t\t<\/div>\r\n\t\t\t\t<\/section>\r\n\t\t\t\t<section data-particle_enable=\"false\" data-particle-mobile-disabled=\"false\" class=\"elementor-section elementor-top-section elementor-element elementor-element-d7ba71a elementor-section-boxed elementor-section-height-default elementor-section-height-default\" data-id=\"d7ba71a\" data-element_type=\"section\" data-e-type=\"section\">\r\n\t\t\r\n\t\t\t\t\t\t\t<div class=\"elementor-container elementor-column-gap-default\">\r\n\t\t\t\t\t\t\t\t\t\t\t<div class=\"elementor-column elementor-col-100 elementor-top-column elementor-element elementor-element-d6798ae\" data-id=\"d6798ae\" data-element_type=\"column\" data-e-type=\"column\">\r\n\t\t\t\t\t<div class=\"elementor-widget-wrap elementor-element-populated\">\r\n\t\t\t\t\t\t\t\t<div class=\"elementor-element elementor-element-c39bd18 elementor-widget elementor-widget-heading\" data-id=\"c39bd18\" data-element_type=\"widget\" data-e-type=\"widget\" data-widget_type=\"heading.default\">\n\t\t\t\t<div class=\"elementor-widget-container\">\n\t\t\t\t\t<h2 class=\"elementor-heading-title elementor-size-default\">Type de d\u00e9penses d\u00e9ductibles de l'imp\u00f4t sur le revenu des personnes physiques pour une camionnette<\/h2>\t\t\t\t<\/div>\n\t\t\t\t<\/div>\n\t\t\t\t\t<\/div>\r\n\t\t\t\t<\/div>\r\n\t\t\t\t\t<\/div>\r\n\t\t\t\t<\/section>\r\n\t\t\t\t<section data-particle_enable=\"false\" data-particle-mobile-disabled=\"false\" class=\"elementor-section elementor-top-section elementor-element elementor-element-7a627a3 elementor-section-boxed elementor-section-height-default elementor-section-height-default\" data-id=\"7a627a3\" data-element_type=\"section\" data-e-type=\"section\">\r\n\t\t\r\n\t\t\t\t\t\t\t<div class=\"elementor-container elementor-column-gap-default\">\r\n\t\t\t\t\t\t\t\t\t\t\t<div class=\"elementor-column elementor-col-100 elementor-top-column elementor-element elementor-element-61e28ea\" data-id=\"61e28ea\" data-element_type=\"column\" data-e-type=\"column\">\r\n\t\t\t\t\t<div class=\"elementor-widget-wrap elementor-element-populated\">\r\n\t\t\t\t\t\t\t\t<div class=\"elementor-element elementor-element-2d42cb6 elementor-widget elementor-widget-text-editor\" data-id=\"2d42cb6\" data-element_type=\"widget\" data-e-type=\"widget\" data-widget_type=\"text-editor.default\">\n\t\t\t\t<div class=\"elementor-widget-container\">\n\t\t\t\t\t\t\t\t\t<p>Dans le cadre de l&rsquo;imp\u00f4t sur le revenu des personnes physiques (IRPF), il existe un certain nombre de d\u00e9penses d\u00e9ductibles pour les propri\u00e9taires de v\u00e9hicules mixtes. Ces d\u00e9penses peuvent \u00eatre consid\u00e9r\u00e9es comme faisant partie des co\u00fbts n\u00e9cessaires au d\u00e9veloppement des activit\u00e9s professionnelles ou commerciales.<\/p><p>L&rsquo;une des principales d\u00e9penses d\u00e9ductibles dans les v\u00e9hicules mixtes est le carburant utilis\u00e9 pendant l&rsquo;exercice de l&rsquo;activit\u00e9 \u00e9conomique. Il est important de tenir des registres d\u00e9taill\u00e9s et pr\u00e9cis des d\u00e9penses li\u00e9es \u00e0 l&rsquo;essence ou au diesel utilis\u00e9s exclusivement \u00e0 des fins professionnelles, car seules ces d\u00e9penses peuvent \u00eatre consid\u00e9r\u00e9es comme d\u00e9ductibles.<\/p><p>Outre le carburant, d&rsquo;autres d\u00e9penses li\u00e9es \u00e0 l&rsquo;entretien et aux r\u00e9parations du v\u00e9hicule peuvent \u00e9galement \u00eatre consid\u00e9r\u00e9es comme d\u00e9ductibles au titre de l&rsquo;imp\u00f4t sur le revenu des personnes physiques. Il s&rsquo;agit de services tels que les vidanges, les r\u00e9parations m\u00e9caniques ou \u00e9lectriques, ainsi que tout autre type d&rsquo;entretien n\u00e9cessaire au bon fonctionnement du v\u00e9hicule.<\/p><p>D&rsquo;autre part, les assurances obligatoires sont \u00e9galement consid\u00e9r\u00e9es comme des d\u00e9penses d\u00e9ductibles dans les v\u00e9hicules mixtes. Il s&rsquo;agit de l&rsquo;assurance responsabilit\u00e9 civile obligatoire et de toute autre assurance compl\u00e9mentaire n\u00e9cessaire pour couvrir les risques \u00e9ventuels li\u00e9s \u00e0 l&rsquo;utilisation du v\u00e9hicule dans le cadre d&rsquo;activit\u00e9s professionnelles.<\/p><p>Il est important de noter que toutes ces d\u00e9penses doivent \u00eatre d\u00fbment justifi\u00e9es et \u00e9tay\u00e9es par des factures ou d&rsquo;autres documents valables. En outre, il est conseill\u00e9 d&rsquo;avoir recours \u00e0 des conseils professionnels sp\u00e9cialis\u00e9s pour s&rsquo;assurer que vous respectez toutes les r\u00e9glementations fiscales et que vous tirez le meilleur parti des possibilit\u00e9s de d\u00e9duction disponibles.<\/p>\t\t\t\t\t\t\t\t<\/div>\n\t\t\t\t<\/div>\n\t\t\t\t\t<\/div>\r\n\t\t\t\t<\/div>\r\n\t\t\t\t\t<\/div>\r\n\t\t\t\t<\/section>\r\n\t\t\t\t<section data-particle_enable=\"false\" data-particle-mobile-disabled=\"false\" class=\"elementor-section elementor-top-section elementor-element elementor-element-08e2e60 elementor-section-boxed elementor-section-height-default elementor-section-height-default\" data-id=\"08e2e60\" data-element_type=\"section\" data-e-type=\"section\">\r\n\t\t\r\n\t\t\t\t\t\t\t<div class=\"elementor-container elementor-column-gap-default\">\r\n\t\t\t\t\t\t\t\t\t\t\t<div class=\"elementor-column elementor-col-100 elementor-top-column elementor-element elementor-element-02f6f8f\" data-id=\"02f6f8f\" data-element_type=\"column\" data-e-type=\"column\">\r\n\t\t\t\t\t<div class=\"elementor-widget-wrap elementor-element-populated\">\r\n\t\t\t\t\t\t\t\t<div class=\"elementor-element elementor-element-7d6ecbe elementor-widget elementor-widget-heading\" data-id=\"7d6ecbe\" data-element_type=\"widget\" data-e-type=\"widget\" data-widget_type=\"heading.default\">\n\t\t\t\t<div class=\"elementor-widget-container\">\n\t\t\t\t\t<h2 class=\"elementor-heading-title elementor-size-default\">Documents n\u00e9cessaires pour justifier les frais de v\u00e9hicule d\u00e9ductibles au titre de l'imp\u00f4t sur le revenu des personnes physiques<\/h2>\t\t\t\t<\/div>\n\t\t\t\t<\/div>\n\t\t\t\t\t<\/div>\r\n\t\t\t\t<\/div>\r\n\t\t\t\t\t<\/div>\r\n\t\t\t\t<\/section>\r\n\t\t\t\t<section data-particle_enable=\"false\" data-particle-mobile-disabled=\"false\" class=\"elementor-section elementor-top-section elementor-element elementor-element-34bf306 elementor-section-boxed elementor-section-height-default elementor-section-height-default\" data-id=\"34bf306\" data-element_type=\"section\" data-e-type=\"section\">\r\n\t\t\r\n\t\t\t\t\t\t\t<div class=\"elementor-container elementor-column-gap-default\">\r\n\t\t\t\t\t\t\t\t\t\t\t<div class=\"elementor-column elementor-col-100 elementor-top-column elementor-element elementor-element-5bc77a0\" data-id=\"5bc77a0\" data-element_type=\"column\" data-e-type=\"column\">\r\n\t\t\t\t\t<div class=\"elementor-widget-wrap elementor-element-populated\">\r\n\t\t\t\t\t\t\t\t<div class=\"elementor-element elementor-element-ebbe272 elementor-widget elementor-widget-text-editor\" data-id=\"ebbe272\" data-element_type=\"widget\" data-e-type=\"widget\" data-widget_type=\"text-editor.default\">\n\t\t\t\t<div class=\"elementor-widget-container\">\n\t\t\t\t\t\t\t\t\t<p>Lorsqu&rsquo;il s&rsquo;agit de justifier les d\u00e9penses d\u00e9ductibles d&rsquo;un v\u00e9hicule mixte \u00e0 l&rsquo;imp\u00f4t des personnes physiques (IRPF), il est important de disposer d&rsquo;une documentation appropri\u00e9e. Cette documentation servira de support pour prouver que les d\u00e9penses engag\u00e9es sont directement li\u00e9es \u00e0 l&rsquo;utilisation professionnelle du v\u00e9hicule.<\/p><p>Parmi les documents n\u00e9cessaires pour justifier ces d\u00e9penses, on trouve les factures de carburant et d&rsquo;entretien du v\u00e9hicule. Ces factures doivent \u00eatre \u00e9tablies au nom du contribuable et contenir des informations d\u00e9taill\u00e9es sur les services ou produits achet\u00e9s.<\/p><p>En outre, il est indispensable de tenir un carnet de bord du v\u00e9hicule dans lequel sont consign\u00e9s tous les d\u00e9placements effectu\u00e9s, avec indication de la date, de la destination, du motif et des kilom\u00e8tres parcourus. Ce carnet doit \u00eatre r\u00e9guli\u00e8rement mis \u00e0 jour afin de pouvoir justifier les d\u00e9penses d\u00e9ductibles.<\/p><p>Il est important de noter que l&rsquo;Agence fiscale peut exiger cette documentation en cas de contr\u00f4le fiscal ou d&rsquo;audit. Il est donc essentiel de conserver ces documents pendant au moins 5 ans, p\u00e9riode fix\u00e9e par la loi.<\/p>\t\t\t\t\t\t\t\t<\/div>\n\t\t\t\t<\/div>\n\t\t\t\t\t<\/div>\r\n\t\t\t\t<\/div>\r\n\t\t\t\t\t<\/div>\r\n\t\t\t\t<\/section>\r\n\t\t\t\t<section data-particle_enable=\"false\" data-particle-mobile-disabled=\"false\" class=\"elementor-section elementor-top-section elementor-element elementor-element-ffe1c6d elementor-section-boxed elementor-section-height-default elementor-section-height-default\" data-id=\"ffe1c6d\" data-element_type=\"section\" data-e-type=\"section\">\r\n\t\t\r\n\t\t\t\t\t\t\t<div class=\"elementor-container elementor-column-gap-default\">\r\n\t\t\t\t\t\t\t\t\t\t\t<div class=\"elementor-column elementor-col-100 elementor-top-column elementor-element elementor-element-7ac5691\" data-id=\"7ac5691\" data-element_type=\"column\" data-e-type=\"column\">\r\n\t\t\t\t\t<div class=\"elementor-widget-wrap elementor-element-populated\">\r\n\t\t\t\t\t\t\t\t<div class=\"elementor-element elementor-element-308b71e elementor-align-center elementor-widget elementor-widget-button\" data-id=\"308b71e\" data-element_type=\"widget\" data-e-type=\"widget\" data-widget_type=\"button.default\">\n\t\t\t\t<div class=\"elementor-widget-container\">\n\t\t\t\t\t\t\t\t\t<div class=\"elementor-button-wrapper\">\n\t\t\t\t\t<a class=\"elementor-button elementor-button-link elementor-size-md\" href=\"https:\/\/www.asesoriaorihuelacosta.com\/contacto\/\">\n\t\t\t\t\t\t<span class=\"elementor-button-content-wrapper\">\n\t\t\t\t\t\t\t\t\t<span class=\"elementor-button-text\">J'ai une question \u00e0 vous poser<\/span>\n\t\t\t\t\t<\/span>\n\t\t\t\t\t<\/a>\n\t\t\t\t<\/div>\n\t\t\t\t\t\t\t\t<\/div>\n\t\t\t\t<\/div>\n\t\t\t\t\t<\/div>\r\n\t\t\t\t<\/div>\r\n\t\t\t\t\t<\/div>\r\n\t\t\t\t<\/section>\r\n\t\t\t\t<section data-particle_enable=\"false\" data-particle-mobile-disabled=\"false\" class=\"elementor-section elementor-top-section elementor-element elementor-element-91c2135 elementor-section-boxed elementor-section-height-default elementor-section-height-default\" data-id=\"91c2135\" data-element_type=\"section\" data-e-type=\"section\">\r\n\t\t\r\n\t\t\t\t\t\t\t<div class=\"elementor-container elementor-column-gap-default\">\r\n\t\t\t\t\t\t\t\t\t\t\t<div class=\"elementor-column elementor-col-100 elementor-top-column elementor-element elementor-element-ea38317\" data-id=\"ea38317\" data-element_type=\"column\" data-e-type=\"column\">\r\n\t\t\t\t\t<div class=\"elementor-widget-wrap elementor-element-populated\">\r\n\t\t\t\t\t\t\t\t<div class=\"elementor-element elementor-element-e1045a0 elementor-widget elementor-widget-heading\" data-id=\"e1045a0\" data-element_type=\"widget\" data-e-type=\"widget\" data-widget_type=\"heading.default\">\n\t\t\t\t<div class=\"elementor-widget-container\">\n\t\t\t\t\t<h3 class=\"elementor-heading-title elementor-size-default\">Conclusion : profitez des d\u00e9ductions fiscales pour les v\u00e9hicules et optimisez vos d\u00e9penses d'imp\u00f4t sur le revenu des personnes physiques<\/h3>\t\t\t\t<\/div>\n\t\t\t\t<\/div>\n\t\t\t\t\t<\/div>\r\n\t\t\t\t<\/div>\r\n\t\t\t\t\t<\/div>\r\n\t\t\t\t<\/section>\r\n\t\t\t\t<\/div>\n\t\t","protected":false},"excerpt":{"rendered":"<p>La d\u00e9duction de l&rsquo;imp\u00f4t sur le revenu des personnes physiques d\u00e9signe la possibilit\u00e9 de soustraire certaines d\u00e9penses effectu\u00e9es au cours de l&rsquo;exercice, y compris les d\u00e9penses li\u00e9es \u00e0 l&rsquo;utilisation d&rsquo;un v\u00e9hicule mixte. Cela signifie qu&rsquo;une partie des d\u00e9penses engag\u00e9es pour l&rsquo;acquisition, l&rsquo;entretien et l&rsquo;utilisation du v\u00e9hicule peut \u00eatre d\u00e9duite dans la d\u00e9claration d&rsquo;imp\u00f4ts. Si vous [&hellip;]<\/p>\n","protected":false},"author":2,"featured_media":18288,"comment_status":"closed","ping_status":"closed","sticky":false,"template":"","format":"standard","meta":{"_eb_attr":"","inline_featured_image":false,"footnotes":""},"categories":[45],"tags":[],"class_list":["post-18317","post","type-post","status-publish","format-standard","has-post-thumbnail","hentry","category-blog"],"featured_image_src":{"landsacpe":["https:\/\/www.asesoriaorihuelacosta.com\/wp-content\/uploads\/2023\/12\/vehiculo-mixto-1140x445.jpeg",1140,445,true],"list":["https:\/\/www.asesoriaorihuelacosta.com\/wp-content\/uploads\/2023\/12\/vehiculo-mixto-463x348.jpeg",463,348,true],"medium":["https:\/\/www.asesoriaorihuelacosta.com\/wp-content\/uploads\/2023\/12\/vehiculo-mixto-300x169.jpeg",300,169,true],"full":["https:\/\/www.asesoriaorihuelacosta.com\/wp-content\/uploads\/2023\/12\/vehiculo-mixto.jpeg",1280,720,false]},"yoast_head":"<!-- This site is optimized with the Yoast SEO Premium plugin v24.7 (Yoast SEO v27.4) - https:\/\/yoast.com\/product\/yoast-seo-premium-wordpress\/ -->\n<title>D\u00e9penses d\u00e9ductibles de l&#039;imp\u00f4t pour un v\u00e9hicule mixte<\/title>\n<meta name=\"description\" content=\"Dans cette section, nous examinerons le concept de v\u00e9hicule mixte et ses implications pour la d\u00e9duction de l&#039;imp\u00f4t sur le revenu des personnes physiques.\" \/>\n<meta name=\"robots\" content=\"index, follow, max-snippet:-1, max-image-preview:large, max-video-preview:-1\" \/>\n<link rel=\"canonical\" href=\"https:\/\/www.asesoriaorihuelacosta.com\/fr\/depenses-deductibles-de-limpot-sur-le-revenu-des-personnes-physiques-pour-un-vehicule-mixte\/\" \/>\n<meta property=\"og:locale\" content=\"fr_FR\" \/>\n<meta property=\"og:type\" content=\"article\" \/>\n<meta property=\"og:title\" content=\"D\u00e9penses d\u00e9ductibles de l&#039;imp\u00f4t sur le revenu des personnes physiques pour un v\u00e9hicule mixte\" \/>\n<meta property=\"og:description\" content=\"Dans cette section, nous examinerons le concept de v\u00e9hicule mixte et ses implications pour la d\u00e9duction de l&#039;imp\u00f4t sur le revenu des personnes physiques.\" \/>\n<meta property=\"og:url\" content=\"https:\/\/www.asesoriaorihuelacosta.com\/fr\/depenses-deductibles-de-limpot-sur-le-revenu-des-personnes-physiques-pour-un-vehicule-mixte\/\" \/>\n<meta property=\"og:site_name\" content=\"Asesor\u00eda Orihuela Costa\" \/>\n<meta property=\"article:publisher\" content=\"https:\/\/www.facebook.com\/asesoriaorihuelacosta\" \/>\n<meta property=\"article:author\" content=\"https:\/\/www.facebook.com\/patrick.gordinneperez\" \/>\n<meta property=\"article:published_time\" content=\"2023-12-23T05:26:06+00:00\" \/>\n<meta property=\"article:modified_time\" content=\"2023-12-23T07:14:54+00:00\" \/>\n<meta property=\"og:image\" content=\"https:\/\/www.asesoriaorihuelacosta.com\/wp-content\/uploads\/2023\/12\/vehiculo-mixto.jpeg\" \/>\n\t<meta property=\"og:image:width\" content=\"1280\" \/>\n\t<meta property=\"og:image:height\" content=\"720\" \/>\n\t<meta property=\"og:image:type\" content=\"image\/jpeg\" \/>\n<meta name=\"author\" content=\"Patrick Gordinne Perez\" \/>\n<meta name=\"twitter:card\" content=\"summary_large_image\" \/>\n<meta name=\"twitter:label1\" content=\"\u00c9crit par\" \/>\n\t<meta name=\"twitter:data1\" content=\"Patrick Gordinne Perez\" \/>\n\t<meta name=\"twitter:label2\" content=\"Dur\u00e9e de lecture estim\u00e9e\" \/>\n\t<meta name=\"twitter:data2\" content=\"5 minutes\" \/>\n<script type=\"application\/ld+json\" class=\"yoast-schema-graph\">{\"@context\":\"https:\\\/\\\/schema.org\",\"@graph\":[{\"@type\":\"Article\",\"@id\":\"https:\\\/\\\/www.asesoriaorihuelacosta.com\\\/fr\\\/depenses-deductibles-de-limpot-sur-le-revenu-des-personnes-physiques-pour-un-vehicule-mixte\\\/#article\",\"isPartOf\":{\"@id\":\"https:\\\/\\\/www.asesoriaorihuelacosta.com\\\/fr\\\/depenses-deductibles-de-limpot-sur-le-revenu-des-personnes-physiques-pour-un-vehicule-mixte\\\/\"},\"author\":{\"name\":\"Patrick Gordinne Perez\",\"@id\":\"https:\\\/\\\/www.asesoriaorihuelacosta.com\\\/fr\\\/#\\\/schema\\\/person\\\/6614ce8cf6d2de542aaf351629fd539e\"},\"headline\":\"D\u00e9penses d\u00e9ductibles de l&rsquo;imp\u00f4t sur le revenu des personnes physiques pour un v\u00e9hicule mixte\",\"datePublished\":\"2023-12-23T05:26:06+00:00\",\"dateModified\":\"2023-12-23T07:14:54+00:00\",\"mainEntityOfPage\":{\"@id\":\"https:\\\/\\\/www.asesoriaorihuelacosta.com\\\/fr\\\/depenses-deductibles-de-limpot-sur-le-revenu-des-personnes-physiques-pour-un-vehicule-mixte\\\/\"},\"wordCount\":1196,\"publisher\":{\"@id\":\"https:\\\/\\\/www.asesoriaorihuelacosta.com\\\/fr\\\/#organization\"},\"image\":{\"@id\":\"https:\\\/\\\/www.asesoriaorihuelacosta.com\\\/fr\\\/depenses-deductibles-de-limpot-sur-le-revenu-des-personnes-physiques-pour-un-vehicule-mixte\\\/#primaryimage\"},\"thumbnailUrl\":\"https:\\\/\\\/www.asesoriaorihuelacosta.com\\\/wp-content\\\/uploads\\\/2023\\\/12\\\/vehiculo-mixto.jpeg\",\"articleSection\":[\"Blog\"],\"inLanguage\":\"fr-FR\"},{\"@type\":\"WebPage\",\"@id\":\"https:\\\/\\\/www.asesoriaorihuelacosta.com\\\/fr\\\/depenses-deductibles-de-limpot-sur-le-revenu-des-personnes-physiques-pour-un-vehicule-mixte\\\/\",\"url\":\"https:\\\/\\\/www.asesoriaorihuelacosta.com\\\/fr\\\/depenses-deductibles-de-limpot-sur-le-revenu-des-personnes-physiques-pour-un-vehicule-mixte\\\/\",\"name\":\"D\u00e9penses d\u00e9ductibles de l'imp\u00f4t pour un v\u00e9hicule mixte\",\"isPartOf\":{\"@id\":\"https:\\\/\\\/www.asesoriaorihuelacosta.com\\\/fr\\\/#website\"},\"primaryImageOfPage\":{\"@id\":\"https:\\\/\\\/www.asesoriaorihuelacosta.com\\\/fr\\\/depenses-deductibles-de-limpot-sur-le-revenu-des-personnes-physiques-pour-un-vehicule-mixte\\\/#primaryimage\"},\"image\":{\"@id\":\"https:\\\/\\\/www.asesoriaorihuelacosta.com\\\/fr\\\/depenses-deductibles-de-limpot-sur-le-revenu-des-personnes-physiques-pour-un-vehicule-mixte\\\/#primaryimage\"},\"thumbnailUrl\":\"https:\\\/\\\/www.asesoriaorihuelacosta.com\\\/wp-content\\\/uploads\\\/2023\\\/12\\\/vehiculo-mixto.jpeg\",\"datePublished\":\"2023-12-23T05:26:06+00:00\",\"dateModified\":\"2023-12-23T07:14:54+00:00\",\"description\":\"Dans cette section, nous examinerons le concept de v\u00e9hicule mixte et ses implications pour la d\u00e9duction de l'imp\u00f4t sur le revenu des personnes physiques.\",\"breadcrumb\":{\"@id\":\"https:\\\/\\\/www.asesoriaorihuelacosta.com\\\/fr\\\/depenses-deductibles-de-limpot-sur-le-revenu-des-personnes-physiques-pour-un-vehicule-mixte\\\/#breadcrumb\"},\"inLanguage\":\"fr-FR\",\"potentialAction\":[{\"@type\":\"ReadAction\",\"target\":[\"https:\\\/\\\/www.asesoriaorihuelacosta.com\\\/fr\\\/depenses-deductibles-de-limpot-sur-le-revenu-des-personnes-physiques-pour-un-vehicule-mixte\\\/\"]}]},{\"@type\":\"ImageObject\",\"inLanguage\":\"fr-FR\",\"@id\":\"https:\\\/\\\/www.asesoriaorihuelacosta.com\\\/fr\\\/depenses-deductibles-de-limpot-sur-le-revenu-des-personnes-physiques-pour-un-vehicule-mixte\\\/#primaryimage\",\"url\":\"https:\\\/\\\/www.asesoriaorihuelacosta.com\\\/wp-content\\\/uploads\\\/2023\\\/12\\\/vehiculo-mixto.jpeg\",\"contentUrl\":\"https:\\\/\\\/www.asesoriaorihuelacosta.com\\\/wp-content\\\/uploads\\\/2023\\\/12\\\/vehiculo-mixto.jpeg\",\"width\":1280,\"height\":720,\"caption\":\"vehiculo mixto\"},{\"@type\":\"BreadcrumbList\",\"@id\":\"https:\\\/\\\/www.asesoriaorihuelacosta.com\\\/fr\\\/depenses-deductibles-de-limpot-sur-le-revenu-des-personnes-physiques-pour-un-vehicule-mixte\\\/#breadcrumb\",\"itemListElement\":[{\"@type\":\"ListItem\",\"position\":1,\"name\":\"Home\",\"item\":\"https:\\\/\\\/www.asesoriaorihuelacosta.com\\\/fr\\\/\"},{\"@type\":\"ListItem\",\"position\":2,\"name\":\"D\u00e9penses d\u00e9ductibles de l&#8217;imp\u00f4t sur le revenu des personnes physiques pour un v\u00e9hicule mixte\"}]},{\"@type\":\"WebSite\",\"@id\":\"https:\\\/\\\/www.asesoriaorihuelacosta.com\\\/fr\\\/#website\",\"url\":\"https:\\\/\\\/www.asesoriaorihuelacosta.com\\\/fr\\\/\",\"name\":\"https:\\\/\\\/www.asesoriaorihuelacosta.com\\\/\",\"description\":\"Grupo de asesores profesionales\",\"publisher\":{\"@id\":\"https:\\\/\\\/www.asesoriaorihuelacosta.com\\\/fr\\\/#organization\"},\"potentialAction\":[{\"@type\":\"SearchAction\",\"target\":{\"@type\":\"EntryPoint\",\"urlTemplate\":\"https:\\\/\\\/www.asesoriaorihuelacosta.com\\\/fr\\\/?s={search_term_string}\"},\"query-input\":{\"@type\":\"PropertyValueSpecification\",\"valueRequired\":true,\"valueName\":\"search_term_string\"}}],\"inLanguage\":\"fr-FR\"},{\"@type\":\"Organization\",\"@id\":\"https:\\\/\\\/www.asesoriaorihuelacosta.com\\\/fr\\\/#organization\",\"name\":\"Asesor\u00eda Orihuela Costa\",\"url\":\"https:\\\/\\\/www.asesoriaorihuelacosta.com\\\/fr\\\/\",\"logo\":{\"@type\":\"ImageObject\",\"inLanguage\":\"fr-FR\",\"@id\":\"https:\\\/\\\/www.asesoriaorihuelacosta.com\\\/fr\\\/#\\\/schema\\\/logo\\\/image\\\/\",\"url\":\"https:\\\/\\\/www.asesoriaorihuelacosta.com\\\/wp-content\\\/uploads\\\/2022\\\/06\\\/Logo-espa\u5bf8l-asesoriaorihuela.jpg\",\"contentUrl\":\"https:\\\/\\\/www.asesoriaorihuelacosta.com\\\/wp-content\\\/uploads\\\/2022\\\/06\\\/Logo-espa\u5bf8l-asesoriaorihuela.jpg\",\"width\":588,\"height\":136,\"caption\":\"Asesor\u00eda Orihuela Costa\"},\"image\":{\"@id\":\"https:\\\/\\\/www.asesoriaorihuelacosta.com\\\/fr\\\/#\\\/schema\\\/logo\\\/image\\\/\"},\"sameAs\":[\"https:\\\/\\\/www.facebook.com\\\/asesoriaorihuelacosta\"]},{\"@type\":\"Person\",\"@id\":\"https:\\\/\\\/www.asesoriaorihuelacosta.com\\\/fr\\\/#\\\/schema\\\/person\\\/6614ce8cf6d2de542aaf351629fd539e\",\"name\":\"Patrick Gordinne Perez\",\"description\":\"Soy economista colegiado por el colegio de economistas de Alicante con el n\u00famero 2722. Llevo ejerciendo desde el a\u00f1o 2005. Soy especialista en fiscalidad de empresas y aut\u00f3nomos y tambi\u00e9n especialista en gestionar compraventas. Hablo espa\u00f1ol, ingl\u00e9s y franc\u00e9s.\",\"sameAs\":[\"https:\\\/\\\/www.asesoriaorihuelacosta.com\",\"https:\\\/\\\/www.facebook.com\\\/patrick.gordinneperez\",\"https:\\\/\\\/www.linkedin.com\\\/in\\\/patrick-gordinne-perez-1b73aab3\\\/\",\"https:\\\/\\\/www.youtube.com\\\/channel\\\/UC5e95RJEVQlxCnhwDmGNVCw\"],\"gender\":\"Hombre\",\"knowsLanguage\":[\"ingl\u00e9s\",\"franc\u00e9s\",\"espa\u00f1ol\"],\"jobTitle\":\"Gerente\",\"worksFor\":\"Asesoria Orihuela Costa SL\"}]}<\/script>\n<!-- \/ Yoast SEO Premium plugin. -->","yoast_head_json":{"title":"D\u00e9penses d\u00e9ductibles de l'imp\u00f4t pour un v\u00e9hicule mixte","description":"Dans cette section, nous examinerons le concept de v\u00e9hicule mixte et ses implications pour la d\u00e9duction de l'imp\u00f4t sur le revenu des personnes physiques.","robots":{"index":"index","follow":"follow","max-snippet":"max-snippet:-1","max-image-preview":"max-image-preview:large","max-video-preview":"max-video-preview:-1"},"canonical":"https:\/\/www.asesoriaorihuelacosta.com\/fr\/depenses-deductibles-de-limpot-sur-le-revenu-des-personnes-physiques-pour-un-vehicule-mixte\/","og_locale":"fr_FR","og_type":"article","og_title":"D\u00e9penses d\u00e9ductibles de l'imp\u00f4t sur le revenu des personnes physiques pour un v\u00e9hicule mixte","og_description":"Dans cette section, nous examinerons le concept de v\u00e9hicule mixte et ses implications pour la d\u00e9duction de l'imp\u00f4t sur le revenu des personnes physiques.","og_url":"https:\/\/www.asesoriaorihuelacosta.com\/fr\/depenses-deductibles-de-limpot-sur-le-revenu-des-personnes-physiques-pour-un-vehicule-mixte\/","og_site_name":"Asesor\u00eda Orihuela Costa","article_publisher":"https:\/\/www.facebook.com\/asesoriaorihuelacosta","article_author":"https:\/\/www.facebook.com\/patrick.gordinneperez","article_published_time":"2023-12-23T05:26:06+00:00","article_modified_time":"2023-12-23T07:14:54+00:00","og_image":[{"width":1280,"height":720,"url":"https:\/\/www.asesoriaorihuelacosta.com\/wp-content\/uploads\/2023\/12\/vehiculo-mixto.jpeg","type":"image\/jpeg"}],"author":"Patrick Gordinne Perez","twitter_card":"summary_large_image","twitter_misc":{"\u00c9crit par":"Patrick Gordinne Perez","Dur\u00e9e de lecture estim\u00e9e":"5 minutes"},"schema":{"@context":"https:\/\/schema.org","@graph":[{"@type":"Article","@id":"https:\/\/www.asesoriaorihuelacosta.com\/fr\/depenses-deductibles-de-limpot-sur-le-revenu-des-personnes-physiques-pour-un-vehicule-mixte\/#article","isPartOf":{"@id":"https:\/\/www.asesoriaorihuelacosta.com\/fr\/depenses-deductibles-de-limpot-sur-le-revenu-des-personnes-physiques-pour-un-vehicule-mixte\/"},"author":{"name":"Patrick Gordinne Perez","@id":"https:\/\/www.asesoriaorihuelacosta.com\/fr\/#\/schema\/person\/6614ce8cf6d2de542aaf351629fd539e"},"headline":"D\u00e9penses d\u00e9ductibles de l&rsquo;imp\u00f4t sur le revenu des personnes physiques pour un v\u00e9hicule mixte","datePublished":"2023-12-23T05:26:06+00:00","dateModified":"2023-12-23T07:14:54+00:00","mainEntityOfPage":{"@id":"https:\/\/www.asesoriaorihuelacosta.com\/fr\/depenses-deductibles-de-limpot-sur-le-revenu-des-personnes-physiques-pour-un-vehicule-mixte\/"},"wordCount":1196,"publisher":{"@id":"https:\/\/www.asesoriaorihuelacosta.com\/fr\/#organization"},"image":{"@id":"https:\/\/www.asesoriaorihuelacosta.com\/fr\/depenses-deductibles-de-limpot-sur-le-revenu-des-personnes-physiques-pour-un-vehicule-mixte\/#primaryimage"},"thumbnailUrl":"https:\/\/www.asesoriaorihuelacosta.com\/wp-content\/uploads\/2023\/12\/vehiculo-mixto.jpeg","articleSection":["Blog"],"inLanguage":"fr-FR"},{"@type":"WebPage","@id":"https:\/\/www.asesoriaorihuelacosta.com\/fr\/depenses-deductibles-de-limpot-sur-le-revenu-des-personnes-physiques-pour-un-vehicule-mixte\/","url":"https:\/\/www.asesoriaorihuelacosta.com\/fr\/depenses-deductibles-de-limpot-sur-le-revenu-des-personnes-physiques-pour-un-vehicule-mixte\/","name":"D\u00e9penses d\u00e9ductibles de l'imp\u00f4t pour un v\u00e9hicule mixte","isPartOf":{"@id":"https:\/\/www.asesoriaorihuelacosta.com\/fr\/#website"},"primaryImageOfPage":{"@id":"https:\/\/www.asesoriaorihuelacosta.com\/fr\/depenses-deductibles-de-limpot-sur-le-revenu-des-personnes-physiques-pour-un-vehicule-mixte\/#primaryimage"},"image":{"@id":"https:\/\/www.asesoriaorihuelacosta.com\/fr\/depenses-deductibles-de-limpot-sur-le-revenu-des-personnes-physiques-pour-un-vehicule-mixte\/#primaryimage"},"thumbnailUrl":"https:\/\/www.asesoriaorihuelacosta.com\/wp-content\/uploads\/2023\/12\/vehiculo-mixto.jpeg","datePublished":"2023-12-23T05:26:06+00:00","dateModified":"2023-12-23T07:14:54+00:00","description":"Dans cette section, nous examinerons le concept de v\u00e9hicule mixte et ses implications pour la d\u00e9duction de l'imp\u00f4t sur le revenu des personnes physiques.","breadcrumb":{"@id":"https:\/\/www.asesoriaorihuelacosta.com\/fr\/depenses-deductibles-de-limpot-sur-le-revenu-des-personnes-physiques-pour-un-vehicule-mixte\/#breadcrumb"},"inLanguage":"fr-FR","potentialAction":[{"@type":"ReadAction","target":["https:\/\/www.asesoriaorihuelacosta.com\/fr\/depenses-deductibles-de-limpot-sur-le-revenu-des-personnes-physiques-pour-un-vehicule-mixte\/"]}]},{"@type":"ImageObject","inLanguage":"fr-FR","@id":"https:\/\/www.asesoriaorihuelacosta.com\/fr\/depenses-deductibles-de-limpot-sur-le-revenu-des-personnes-physiques-pour-un-vehicule-mixte\/#primaryimage","url":"https:\/\/www.asesoriaorihuelacosta.com\/wp-content\/uploads\/2023\/12\/vehiculo-mixto.jpeg","contentUrl":"https:\/\/www.asesoriaorihuelacosta.com\/wp-content\/uploads\/2023\/12\/vehiculo-mixto.jpeg","width":1280,"height":720,"caption":"vehiculo mixto"},{"@type":"BreadcrumbList","@id":"https:\/\/www.asesoriaorihuelacosta.com\/fr\/depenses-deductibles-de-limpot-sur-le-revenu-des-personnes-physiques-pour-un-vehicule-mixte\/#breadcrumb","itemListElement":[{"@type":"ListItem","position":1,"name":"Home","item":"https:\/\/www.asesoriaorihuelacosta.com\/fr\/"},{"@type":"ListItem","position":2,"name":"D\u00e9penses d\u00e9ductibles de l&#8217;imp\u00f4t sur le revenu des personnes physiques pour un v\u00e9hicule mixte"}]},{"@type":"WebSite","@id":"https:\/\/www.asesoriaorihuelacosta.com\/fr\/#website","url":"https:\/\/www.asesoriaorihuelacosta.com\/fr\/","name":"https:\/\/www.asesoriaorihuelacosta.com\/","description":"Grupo de asesores profesionales","publisher":{"@id":"https:\/\/www.asesoriaorihuelacosta.com\/fr\/#organization"},"potentialAction":[{"@type":"SearchAction","target":{"@type":"EntryPoint","urlTemplate":"https:\/\/www.asesoriaorihuelacosta.com\/fr\/?s={search_term_string}"},"query-input":{"@type":"PropertyValueSpecification","valueRequired":true,"valueName":"search_term_string"}}],"inLanguage":"fr-FR"},{"@type":"Organization","@id":"https:\/\/www.asesoriaorihuelacosta.com\/fr\/#organization","name":"Asesor\u00eda Orihuela Costa","url":"https:\/\/www.asesoriaorihuelacosta.com\/fr\/","logo":{"@type":"ImageObject","inLanguage":"fr-FR","@id":"https:\/\/www.asesoriaorihuelacosta.com\/fr\/#\/schema\/logo\/image\/","url":"https:\/\/www.asesoriaorihuelacosta.com\/wp-content\/uploads\/2022\/06\/Logo-espa\u5bf8l-asesoriaorihuela.jpg","contentUrl":"https:\/\/www.asesoriaorihuelacosta.com\/wp-content\/uploads\/2022\/06\/Logo-espa\u5bf8l-asesoriaorihuela.jpg","width":588,"height":136,"caption":"Asesor\u00eda Orihuela Costa"},"image":{"@id":"https:\/\/www.asesoriaorihuelacosta.com\/fr\/#\/schema\/logo\/image\/"},"sameAs":["https:\/\/www.facebook.com\/asesoriaorihuelacosta"]},{"@type":"Person","@id":"https:\/\/www.asesoriaorihuelacosta.com\/fr\/#\/schema\/person\/6614ce8cf6d2de542aaf351629fd539e","name":"Patrick Gordinne Perez","description":"Soy economista colegiado por el colegio de economistas de Alicante con el n\u00famero 2722. Llevo ejerciendo desde el a\u00f1o 2005. Soy especialista en fiscalidad de empresas y aut\u00f3nomos y tambi\u00e9n especialista en gestionar compraventas. Hablo espa\u00f1ol, ingl\u00e9s y franc\u00e9s.","sameAs":["https:\/\/www.asesoriaorihuelacosta.com","https:\/\/www.facebook.com\/patrick.gordinneperez","https:\/\/www.linkedin.com\/in\/patrick-gordinne-perez-1b73aab3\/","https:\/\/www.youtube.com\/channel\/UC5e95RJEVQlxCnhwDmGNVCw"],"gender":"Hombre","knowsLanguage":["ingl\u00e9s","franc\u00e9s","espa\u00f1ol"],"jobTitle":"Gerente","worksFor":"Asesoria Orihuela Costa SL"}]}},"_links":{"self":[{"href":"https:\/\/www.asesoriaorihuelacosta.com\/fr\/wp-json\/wp\/v2\/posts\/18317","targetHints":{"allow":["GET"]}}],"collection":[{"href":"https:\/\/www.asesoriaorihuelacosta.com\/fr\/wp-json\/wp\/v2\/posts"}],"about":[{"href":"https:\/\/www.asesoriaorihuelacosta.com\/fr\/wp-json\/wp\/v2\/types\/post"}],"author":[{"embeddable":true,"href":"https:\/\/www.asesoriaorihuelacosta.com\/fr\/wp-json\/wp\/v2\/users\/2"}],"replies":[{"embeddable":true,"href":"https:\/\/www.asesoriaorihuelacosta.com\/fr\/wp-json\/wp\/v2\/comments?post=18317"}],"version-history":[{"count":4,"href":"https:\/\/www.asesoriaorihuelacosta.com\/fr\/wp-json\/wp\/v2\/posts\/18317\/revisions"}],"predecessor-version":[{"id":18321,"href":"https:\/\/www.asesoriaorihuelacosta.com\/fr\/wp-json\/wp\/v2\/posts\/18317\/revisions\/18321"}],"wp:featuredmedia":[{"embeddable":true,"href":"https:\/\/www.asesoriaorihuelacosta.com\/fr\/wp-json\/wp\/v2\/media\/18288"}],"wp:attachment":[{"href":"https:\/\/www.asesoriaorihuelacosta.com\/fr\/wp-json\/wp\/v2\/media?parent=18317"}],"wp:term":[{"taxonomy":"category","embeddable":true,"href":"https:\/\/www.asesoriaorihuelacosta.com\/fr\/wp-json\/wp\/v2\/categories?post=18317"},{"taxonomy":"post_tag","embeddable":true,"href":"https:\/\/www.asesoriaorihuelacosta.com\/fr\/wp-json\/wp\/v2\/tags?post=18317"}],"curies":[{"name":"wp","href":"https:\/\/api.w.org\/{rel}","templated":true}]}}