{"id":18248,"date":"2023-12-18T10:31:26","date_gmt":"2023-12-18T10:31:26","guid":{"rendered":"https:\/\/www.asesoriaorihuelacosta.com\/?p=18248"},"modified":"2023-12-18T21:30:20","modified_gmt":"2023-12-18T21:30:20","slug":"paiement-de-la-taxe-professionnelle-en-espagne","status":"publish","type":"post","link":"https:\/\/www.asesoriaorihuelacosta.com\/fr\/paiement-de-la-taxe-professionnelle-en-espagne\/","title":{"rendered":"Paiement de la taxe professionnelle en Espagne"},"content":{"rendered":"\t\t<div data-elementor-type=\"wp-post\" data-elementor-id=\"18248\" class=\"elementor elementor-18248\" data-elementor-post-type=\"post\">\n\t\t\t\t\t\t<section data-particle_enable=\"false\" data-particle-mobile-disabled=\"false\" class=\"elementor-section elementor-top-section elementor-element elementor-element-66f5b32 elementor-section-boxed elementor-section-height-default elementor-section-height-default\" data-id=\"66f5b32\" data-element_type=\"section\" data-e-type=\"section\">\r\n\t\t\r\n\t\t\t\t\t\t\t<div class=\"elementor-container elementor-column-gap-default\">\r\n\t\t\t\t\t\t\t\t\t\t\t<div class=\"elementor-column elementor-col-100 elementor-top-column elementor-element elementor-element-124a5ea\" data-id=\"124a5ea\" data-element_type=\"column\" data-e-type=\"column\">\r\n\t\t\t\t\t<div class=\"elementor-widget-wrap elementor-element-populated\">\r\n\t\t\t\t\t\t\t\t<div class=\"elementor-element elementor-element-e615301 elementor-widget elementor-widget-text-editor\" data-id=\"e615301\" data-element_type=\"widget\" data-e-type=\"widget\" data-widget_type=\"text-editor.default\">\n\t\t\t\t<div class=\"elementor-widget-container\">\n\t\t\t\t\t\t\t\t\t<p>La taxe professionnelle ou imp\u00f4t sur les activit\u00e9s \u00e9conomiques est un imp\u00f4t dont toutes les PME en Espagne doivent tenir compte lors du paiement de leurs imp\u00f4ts. Dans ce billet, nous allons vous pr\u00e9senter les caract\u00e9ristiques de l&rsquo;imp\u00f4t sur les activit\u00e9s \u00e9conomiques et la proc\u00e9dure de paiement.<\/p>\t\t\t\t\t\t\t\t<\/div>\n\t\t\t\t<\/div>\n\t\t\t\t\t<\/div>\r\n\t\t\t\t<\/div>\r\n\t\t\t\t\t<\/div>\r\n\t\t\t\t<\/section>\r\n\t\t\t\t<section data-particle_enable=\"false\" data-particle-mobile-disabled=\"false\" class=\"elementor-section elementor-top-section elementor-element elementor-element-f708d24 elementor-section-boxed elementor-section-height-default elementor-section-height-default\" data-id=\"f708d24\" data-element_type=\"section\" data-e-type=\"section\">\r\n\t\t\r\n\t\t\t\t\t\t\t<div class=\"elementor-container elementor-column-gap-default\">\r\n\t\t\t\t\t\t\t\t\t\t\t<div class=\"elementor-column elementor-col-100 elementor-top-column elementor-element elementor-element-a6a418d\" data-id=\"a6a418d\" data-element_type=\"column\" data-e-type=\"column\">\r\n\t\t\t\t\t<div class=\"elementor-widget-wrap elementor-element-populated\">\r\n\t\t\t\t\t\t\t\t<div class=\"elementor-element elementor-element-c2f6d87 elementor-widget elementor-widget-heading\" data-id=\"c2f6d87\" data-element_type=\"widget\" data-e-type=\"widget\" data-widget_type=\"heading.default\">\n\t\t\t\t<div class=\"elementor-widget-container\">\n\t\t\t\t\t<h2 class=\"elementor-heading-title elementor-size-default\">Qu'est-ce que l'imp\u00f4t sur les activit\u00e9s \u00e9conomiques (IAE) ?\n<\/h2>\t\t\t\t<\/div>\n\t\t\t\t<\/div>\n\t\t\t\t\t<\/div>\r\n\t\t\t\t<\/div>\r\n\t\t\t\t\t<\/div>\r\n\t\t\t\t<\/section>\r\n\t\t\t\t<section data-particle_enable=\"false\" data-particle-mobile-disabled=\"false\" class=\"elementor-section elementor-top-section elementor-element elementor-element-d01639a elementor-section-boxed elementor-section-height-default elementor-section-height-default\" data-id=\"d01639a\" data-element_type=\"section\" data-e-type=\"section\">\r\n\t\t\r\n\t\t\t\t\t\t\t<div class=\"elementor-container elementor-column-gap-default\">\r\n\t\t\t\t\t\t\t\t\t\t\t<div class=\"elementor-column elementor-col-100 elementor-top-column elementor-element elementor-element-d1516ef\" data-id=\"d1516ef\" data-element_type=\"column\" data-e-type=\"column\">\r\n\t\t\t\t\t<div class=\"elementor-widget-wrap elementor-element-populated\">\r\n\t\t\t\t\t\t\t\t<div class=\"elementor-element elementor-element-103a4f1 elementor-widget elementor-widget-text-editor\" data-id=\"103a4f1\" data-element_type=\"widget\" data-e-type=\"widget\" data-widget_type=\"text-editor.default\">\n\t\t\t\t<div class=\"elementor-widget-container\">\n\t\t\t\t\t\t\t\t\t<p>L&rsquo;imp\u00f4t sur les activit\u00e9s \u00e9conomiques (IAE) est un imp\u00f4t local espagnol pr\u00e9lev\u00e9 sur l&rsquo;exercice de toute activit\u00e9 commerciale, professionnelle ou artistique r\u00e9alis\u00e9e sur le territoire espagnol. Cet imp\u00f4t s&rsquo;applique aux personnes physiques et morales et est calcul\u00e9 en fonction de la nature et du volume de l&rsquo;activit\u00e9 \u00e9conomique exerc\u00e9e.<\/p><p>Bien qu&rsquo;il soit per\u00e7u par les conseils locaux, il est r\u00e9glement\u00e9 par la l\u00e9gislation de l&rsquo;\u00c9tat. L&rsquo;IAE est pay\u00e9 annuellement et son montant varie en fonction de facteurs tels que la taille de l&rsquo;entreprise, sa localisation et le type d&rsquo;activit\u00e9. Elle est importante pour le financement local et refl\u00e8te la capacit\u00e9 \u00e9conomique du contribuable.<\/p>\t\t\t\t\t\t\t\t<\/div>\n\t\t\t\t<\/div>\n\t\t\t\t\t<\/div>\r\n\t\t\t\t<\/div>\r\n\t\t\t\t\t<\/div>\r\n\t\t\t\t<\/section>\r\n\t\t\t\t<section data-particle_enable=\"false\" data-particle-mobile-disabled=\"false\" class=\"elementor-section elementor-top-section elementor-element elementor-element-9e5ac68 elementor-section-boxed elementor-section-height-default elementor-section-height-default\" data-id=\"9e5ac68\" data-element_type=\"section\" data-e-type=\"section\">\r\n\t\t\r\n\t\t\t\t\t\t\t<div class=\"elementor-container elementor-column-gap-default\">\r\n\t\t\t\t\t\t\t\t\t\t\t<div class=\"elementor-column elementor-col-100 elementor-top-column elementor-element elementor-element-61dab96\" data-id=\"61dab96\" data-element_type=\"column\" data-e-type=\"column\">\r\n\t\t\t\t\t<div class=\"elementor-widget-wrap elementor-element-populated\">\r\n\t\t\t\t\t\t\t\t<div class=\"elementor-element elementor-element-4439e72 elementor-widget elementor-widget-heading\" data-id=\"4439e72\" data-element_type=\"widget\" data-e-type=\"widget\" data-widget_type=\"heading.default\">\n\t\t\t\t<div class=\"elementor-widget-container\">\n\t\t\t\t\t<h2 class=\"elementor-heading-title elementor-size-default\">Comment payer la taxe professionnelle en Espagne\n<\/h2>\t\t\t\t<\/div>\n\t\t\t\t<\/div>\n\t\t\t\t\t<\/div>\r\n\t\t\t\t<\/div>\r\n\t\t\t\t\t<\/div>\r\n\t\t\t\t<\/section>\r\n\t\t\t\t<section data-particle_enable=\"false\" data-particle-mobile-disabled=\"false\" class=\"elementor-section elementor-top-section elementor-element elementor-element-1486f1b elementor-section-boxed elementor-section-height-default elementor-section-height-default\" data-id=\"1486f1b\" data-element_type=\"section\" data-e-type=\"section\">\r\n\t\t\r\n\t\t\t\t\t\t\t<div class=\"elementor-container elementor-column-gap-default\">\r\n\t\t\t\t\t\t\t\t\t\t\t<div class=\"elementor-column elementor-col-100 elementor-top-column elementor-element elementor-element-32dc36d\" data-id=\"32dc36d\" data-element_type=\"column\" data-e-type=\"column\">\r\n\t\t\t\t\t<div class=\"elementor-widget-wrap elementor-element-populated\">\r\n\t\t\t\t\t\t\t\t<div class=\"elementor-element elementor-element-e96d60b elementor-widget elementor-widget-text-editor\" data-id=\"e96d60b\" data-element_type=\"widget\" data-e-type=\"widget\" data-widget_type=\"text-editor.default\">\n\t\t\t\t<div class=\"elementor-widget-container\">\n\t\t\t\t\t\t\t\t\t<p>L&rsquo;imp\u00f4t sur les activit\u00e9s \u00e9conomiques (IAE) est un imp\u00f4t pr\u00e9lev\u00e9 sur l&rsquo;exercice de toute activit\u00e9 \u00e9conomique en Espagne. Le montant \u00e0 payer, le mode de paiement et l&rsquo;organisme collecteur pr\u00e9sentent des caract\u00e9ristiques sp\u00e9cifiques.<\/p><p><strong>Quel est le montant \u00e0 payer ?<\/strong><\/p><ul><li>Le montant de la taxe professionnelle (IAE) d\u00e9pend de plusieurs facteurs tels que le type d&rsquo;activit\u00e9, la localisation de l&rsquo;entreprise, sa taille et sa capacit\u00e9 \u00e9conomique.<\/li><li>La base imposable de l&rsquo;IAE est calcul\u00e9e en fonction de taux qui classent les activit\u00e9s \u00e9conomiques dans diff\u00e9rentes rubriques. \u00c0 chaque rubrique correspond un taux d&rsquo;imposition qui peut \u00eatre fixe ou variable.<\/li><li>Pour les grandes entreprises, le quota peut \u00eatre augment\u00e9 en fonction de variables telles que le nombre d&#8217;employ\u00e9s, la puissance \u00e9lectrique souscrite ou la valeur cadastrale de la propri\u00e9t\u00e9.<\/li><\/ul><p><strong>Comment payer<\/strong><\/p><p>L&rsquo;IAE est pay\u00e9e annuellement.<br \/>Les contribuables peuvent payer directement dans les banques agr\u00e9\u00e9es ou par des syst\u00e8mes de paiement \u00e9lectronique s&rsquo;ils sont disponibles.<\/p><p><strong>Qui la per\u00e7oit ?<\/strong><\/p><p>L&rsquo;IAE est collect\u00e9 par les municipalit\u00e9s (ou Suma) o\u00f9 l&rsquo;activit\u00e9 \u00e9conomique est exerc\u00e9e.<br \/>Bien qu&rsquo;il s&rsquo;agisse d&rsquo;un imp\u00f4t local, il est r\u00e9glement\u00e9 par la l\u00e9gislation de l&rsquo;\u00c9tat et fait partie du syst\u00e8me fiscal espagnol.<\/p><p>Il est important de noter que les petites entreprises et les travailleurs ind\u00e9pendants peuvent \u00eatre exon\u00e9r\u00e9s de cet imp\u00f4t au cours des premi\u00e8res ann\u00e9es d&rsquo;activit\u00e9 ou lorsqu&rsquo;ils ne d\u00e9passent pas certains plafonds de chiffre d&rsquo;affaires, conform\u00e9ment \u00e0 la l\u00e9gislation en vigueur. En outre, chaque municipalit\u00e9 peut \u00e9tablir des abattements ou des exon\u00e9rations suppl\u00e9mentaires.<\/p>\t\t\t\t\t\t\t\t<\/div>\n\t\t\t\t<\/div>\n\t\t\t\t\t<\/div>\r\n\t\t\t\t<\/div>\r\n\t\t\t\t\t<\/div>\r\n\t\t\t\t<\/section>\r\n\t\t\t\t<section data-particle_enable=\"false\" data-particle-mobile-disabled=\"false\" class=\"elementor-section elementor-top-section elementor-element elementor-element-4f526b9 elementor-section-boxed elementor-section-height-default elementor-section-height-default\" data-id=\"4f526b9\" data-element_type=\"section\" data-e-type=\"section\">\r\n\t\t\r\n\t\t\t\t\t\t\t<div class=\"elementor-container elementor-column-gap-default\">\r\n\t\t\t\t\t\t\t\t\t\t\t<div class=\"elementor-column elementor-col-100 elementor-top-column elementor-element elementor-element-9278335\" data-id=\"9278335\" data-element_type=\"column\" data-e-type=\"column\">\r\n\t\t\t\t\t<div class=\"elementor-widget-wrap elementor-element-populated\">\r\n\t\t\t\t\t\t\t\t<div class=\"elementor-element elementor-element-cd3110c elementor-widget elementor-widget-heading\" data-id=\"cd3110c\" data-element_type=\"widget\" data-e-type=\"widget\" data-widget_type=\"heading.default\">\n\t\t\t\t<div class=\"elementor-widget-container\">\n\t\t\t\t\t<h2 class=\"elementor-heading-title elementor-size-default\">Exon\u00e9rations fiscales de l'IAE\n<\/h2>\t\t\t\t<\/div>\n\t\t\t\t<\/div>\n\t\t\t\t\t<\/div>\r\n\t\t\t\t<\/div>\r\n\t\t\t\t\t<\/div>\r\n\t\t\t\t<\/section>\r\n\t\t\t\t<section data-particle_enable=\"false\" data-particle-mobile-disabled=\"false\" class=\"elementor-section elementor-top-section elementor-element elementor-element-2d286d9 elementor-section-boxed elementor-section-height-default elementor-section-height-default\" data-id=\"2d286d9\" data-element_type=\"section\" data-e-type=\"section\">\r\n\t\t\r\n\t\t\t\t\t\t\t<div class=\"elementor-container elementor-column-gap-default\">\r\n\t\t\t\t\t\t\t\t\t\t\t<div class=\"elementor-column elementor-col-100 elementor-top-column elementor-element elementor-element-7d8a0b8\" data-id=\"7d8a0b8\" data-element_type=\"column\" data-e-type=\"column\">\r\n\t\t\t\t\t<div class=\"elementor-widget-wrap elementor-element-populated\">\r\n\t\t\t\t\t\t\t\t<div class=\"elementor-element elementor-element-9512064 elementor-widget elementor-widget-text-editor\" data-id=\"9512064\" data-element_type=\"widget\" data-e-type=\"widget\" data-widget_type=\"text-editor.default\">\n\t\t\t\t<div class=\"elementor-widget-container\">\n\t\t\t\t\t\t\t\t\t<p>L&rsquo;imp\u00f4t sur les activit\u00e9s \u00e9conomiques (IAE) comporte plusieurs exon\u00e9rations qui peuvent s&rsquo;appliquer en fonction de la nature et de la taille de l&rsquo;activit\u00e9 \u00e9conomique :<\/p><ul><li>Entreprises nouvellement cr\u00e9\u00e9es : pendant les deux premi\u00e8res ann\u00e9es d&rsquo;activit\u00e9, les entreprises nouvellement cr\u00e9\u00e9es peuvent \u00eatre exempt\u00e9es du paiement de l&rsquo;IAE.<\/li><li>Petits entrepreneurs et professions lib\u00e9rales : les travailleurs ind\u00e9pendants et les petits entrepreneurs dont le chiffre d&rsquo;affaires ne d\u00e9passe pas un million d&rsquo;euros (limite fix\u00e9e par la loi et normalement mise \u00e0 jour chaque ann\u00e9e) sont exon\u00e9r\u00e9s de l&rsquo;IAE.<\/li><li>Entit\u00e9s \u00e0 but non lucratif : Les entit\u00e9s \u00e0 but non lucratif, telles que les fondations, les associations et les entit\u00e9s religieuses, sont g\u00e9n\u00e9ralement exempt\u00e9es du paiement de cet imp\u00f4t.<\/li><li>Exemptions sp\u00e9cifiques \u00e0 l&rsquo;activit\u00e9 : certaines activit\u00e9s \u00e9conomiques peuvent b\u00e9n\u00e9ficier d&rsquo;exemptions sp\u00e9cifiques en vertu de la r\u00e9glementation en vigueur ou d&rsquo;ordonnances municipales.<\/li><\/ul><p>Ces exon\u00e9rations sont con\u00e7ues pour all\u00e9ger la charge fiscale des entrepreneurs, des petites entreprises et des entit\u00e9s \u00e0 but non lucratif. Toutefois, il est important de consulter les r\u00e9glementations locales et nationales en vigueur, car les conditions et les limites de ces exon\u00e9rations peuvent varier.<\/p>\t\t\t\t\t\t\t\t<\/div>\n\t\t\t\t<\/div>\n\t\t\t\t\t<\/div>\r\n\t\t\t\t<\/div>\r\n\t\t\t\t\t<\/div>\r\n\t\t\t\t<\/section>\r\n\t\t\t\t<section data-particle_enable=\"false\" data-particle-mobile-disabled=\"false\" class=\"elementor-section elementor-top-section elementor-element elementor-element-6f2eb07 elementor-section-boxed elementor-section-height-default elementor-section-height-default\" data-id=\"6f2eb07\" data-element_type=\"section\" data-e-type=\"section\">\r\n\t\t\r\n\t\t\t\t\t\t\t<div class=\"elementor-container elementor-column-gap-default\">\r\n\t\t\t\t\t\t\t\t\t\t\t<div class=\"elementor-column elementor-col-100 elementor-top-column elementor-element elementor-element-665dcb8\" data-id=\"665dcb8\" data-element_type=\"column\" data-e-type=\"column\">\r\n\t\t\t\t\t<div class=\"elementor-widget-wrap elementor-element-populated\">\r\n\t\t\t\t\t\t\t\t<div class=\"elementor-element elementor-element-27d634d elementor-widget elementor-widget-heading\" data-id=\"27d634d\" data-element_type=\"widget\" data-e-type=\"widget\" data-widget_type=\"heading.default\">\n\t\t\t\t<div class=\"elementor-widget-container\">\n\t\t\t\t\t<h2 class=\"elementor-heading-title elementor-size-default\">Puis-je demander le remboursement de la redevance si je cesse l'activit\u00e9 ?\n<\/h2>\t\t\t\t<\/div>\n\t\t\t\t<\/div>\n\t\t\t\t\t<\/div>\r\n\t\t\t\t<\/div>\r\n\t\t\t\t\t<\/div>\r\n\t\t\t\t<\/section>\r\n\t\t\t\t<section data-particle_enable=\"false\" data-particle-mobile-disabled=\"false\" class=\"elementor-section elementor-top-section elementor-element elementor-element-9bab085 elementor-section-boxed elementor-section-height-default elementor-section-height-default\" data-id=\"9bab085\" data-element_type=\"section\" data-e-type=\"section\">\r\n\t\t\r\n\t\t\t\t\t\t\t<div class=\"elementor-container elementor-column-gap-default\">\r\n\t\t\t\t\t\t\t\t\t\t\t<div class=\"elementor-column elementor-col-100 elementor-top-column elementor-element elementor-element-8377936\" data-id=\"8377936\" data-element_type=\"column\" data-e-type=\"column\">\r\n\t\t\t\t\t<div class=\"elementor-widget-wrap elementor-element-populated\">\r\n\t\t\t\t\t\t\t\t<div class=\"elementor-element elementor-element-61967bc elementor-widget elementor-widget-text-editor\" data-id=\"61967bc\" data-element_type=\"widget\" data-e-type=\"widget\" data-widget_type=\"text-editor.default\">\n\t\t\t\t<div class=\"elementor-widget-container\">\n\t\t\t\t\t\t\t\t\t<p>Si vous cessez d&rsquo;exercer votre activit\u00e9 \u00e9conomique au cours de l&rsquo;ann\u00e9e fiscale, vous pouvez avoir droit au remboursement d&rsquo;une partie de l&rsquo;imp\u00f4t sur les activit\u00e9s \u00e9conomiques (IAE). La proc\u00e9dure de demande de remboursement est la suivante :<\/p><ul><li>Notification \u00e0 la commune : Vous devez notifier votre cessation d&rsquo;activit\u00e9 \u00e0 la commune o\u00f9 l&rsquo;IAE a \u00e9t\u00e9 pay\u00e9e. Cette notification doit \u00eatre faite le plus t\u00f4t possible apr\u00e8s la cessation de l&rsquo;activit\u00e9.<\/li><li>Soumission de la demande : Soumettez une demande de remboursement de la taxe IAE en fournissant des d\u00e9tails sur la cessation de l&rsquo;activit\u00e9 et la date exacte de la cessation.<\/li><li>Documents compl\u00e9mentaires : joignez tout document \u00e0 l&rsquo;appui de votre demande, tel que la radiation du registre des activit\u00e9s \u00e9conomiques ou du r\u00e9gime des ind\u00e9pendants.<\/li><li>Examen et r\u00e9solution : La municipalit\u00e9 examinera votre demande et \u00e9mettra une r\u00e9solution. En cas d&rsquo;approbation, un remboursement proportionnel de la taxe pay\u00e9e pour la p\u00e9riode pendant laquelle l&rsquo;activit\u00e9 n&rsquo;a pas \u00e9t\u00e9 exerc\u00e9e sera effectu\u00e9.<\/li><\/ul><p>Il est important de se tenir au courant des r\u00e9glementations locales et de s&rsquo;assurer que vous respectez toutes les exigences et tous les d\u00e9lais afin de garantir le remboursement effectif de la taxe.<\/p><p>Chez Asesor\u00eda Orihuela Costa, nous vous offrons les conseils dont vous avez besoin pour la gestion et le paiement des imp\u00f4ts de votre entreprise. Notre \u00e9quipe \u00e9valuera les d\u00e9ductions dont vous pouvez b\u00e9n\u00e9ficier et prendra en compte les d\u00e9lais pour chacun des paiements, afin que vous puissiez vous pr\u00e9occuper de ce qui compte vraiment pour vous, votre entreprise.<\/p>\t\t\t\t\t\t\t\t<\/div>\n\t\t\t\t<\/div>\n\t\t\t\t\t<\/div>\r\n\t\t\t\t<\/div>\r\n\t\t\t\t\t<\/div>\r\n\t\t\t\t<\/section>\r\n\t\t\t\t<\/div>\n\t\t","protected":false},"excerpt":{"rendered":"<p>La taxe professionnelle ou imp\u00f4t sur les activit\u00e9s \u00e9conomiques est un imp\u00f4t dont toutes les PME en Espagne doivent tenir compte lors du paiement de leurs imp\u00f4ts. Dans ce billet, nous allons vous pr\u00e9senter les caract\u00e9ristiques de l&rsquo;imp\u00f4t sur les activit\u00e9s \u00e9conomiques et la proc\u00e9dure de paiement. Qu&rsquo;est-ce que l&rsquo;imp\u00f4t sur les activit\u00e9s \u00e9conomiques (IAE) [&hellip;]<\/p>\n","protected":false},"author":2,"featured_media":18224,"comment_status":"closed","ping_status":"closed","sticky":false,"template":"","format":"standard","meta":{"_eb_attr":"","inline_featured_image":false,"footnotes":""},"categories":[45,1],"tags":[],"class_list":["post-18248","post","type-post","status-publish","format-standard","has-post-thumbnail","hentry","category-blog"],"featured_image_src":{"landsacpe":["https:\/\/www.asesoriaorihuelacosta.com\/wp-content\/uploads\/2023\/12\/london-1214224_640.jpg",640,397,false],"list":["https:\/\/www.asesoriaorihuelacosta.com\/wp-content\/uploads\/2023\/12\/london-1214224_640-463x348.jpg",463,348,true],"medium":["https:\/\/www.asesoriaorihuelacosta.com\/wp-content\/uploads\/2023\/12\/london-1214224_640-300x186.jpg",300,186,true],"full":["https:\/\/www.asesoriaorihuelacosta.com\/wp-content\/uploads\/2023\/12\/london-1214224_640.jpg",640,397,false]},"yoast_head":"<!-- This site is optimized with the Yoast SEO Premium plugin v24.7 (Yoast SEO v27.5) - https:\/\/yoast.com\/product\/yoast-seo-premium-wordpress\/ -->\n<title>Paiement de la taxe professionnelle en Espagne<\/title>\n<meta name=\"description\" content=\"Nous analysons le paiement de la taxe professionnelle, son montant et son mode de paiement en Espagne, ainsi que les exon\u00e9rations.\" \/>\n<meta name=\"robots\" content=\"index, follow, max-snippet:-1, max-image-preview:large, max-video-preview:-1\" \/>\n<link rel=\"canonical\" href=\"https:\/\/www.asesoriaorihuelacosta.com\/fr\/paiement-de-la-taxe-professionnelle-en-espagne\/\" \/>\n<meta property=\"og:locale\" content=\"fr_FR\" \/>\n<meta property=\"og:type\" content=\"article\" \/>\n<meta property=\"og:title\" content=\"Paiement de la taxe professionnelle en Espagne\" \/>\n<meta property=\"og:description\" content=\"Nous analysons le paiement de la taxe professionnelle, son montant et son mode de paiement en Espagne, ainsi que les exon\u00e9rations.\" \/>\n<meta property=\"og:url\" content=\"https:\/\/www.asesoriaorihuelacosta.com\/fr\/paiement-de-la-taxe-professionnelle-en-espagne\/\" \/>\n<meta property=\"og:site_name\" content=\"Asesor\u00eda Orihuela Costa\" \/>\n<meta property=\"article:publisher\" content=\"https:\/\/www.facebook.com\/asesoriaorihuelacosta\" \/>\n<meta property=\"article:author\" content=\"https:\/\/www.facebook.com\/patrick.gordinneperez\" \/>\n<meta property=\"article:published_time\" content=\"2023-12-18T10:31:26+00:00\" \/>\n<meta property=\"article:modified_time\" content=\"2023-12-18T21:30:20+00:00\" \/>\n<meta property=\"og:image\" content=\"https:\/\/www.asesoriaorihuelacosta.com\/wp-content\/uploads\/2023\/12\/london-1214224_640.jpg\" \/>\n\t<meta property=\"og:image:width\" content=\"640\" \/>\n\t<meta property=\"og:image:height\" content=\"397\" \/>\n\t<meta property=\"og:image:type\" content=\"image\/jpeg\" \/>\n<meta name=\"author\" content=\"Patrick Gordinne Perez\" \/>\n<meta name=\"twitter:card\" content=\"summary_large_image\" \/>\n<meta name=\"twitter:label1\" content=\"\u00c9crit par\" \/>\n\t<meta name=\"twitter:data1\" content=\"Patrick Gordinne Perez\" \/>\n\t<meta name=\"twitter:label2\" content=\"Dur\u00e9e de lecture estim\u00e9e\" \/>\n\t<meta name=\"twitter:data2\" content=\"5 minutes\" \/>\n<script type=\"application\/ld+json\" class=\"yoast-schema-graph\">{\"@context\":\"https:\\\/\\\/schema.org\",\"@graph\":[{\"@type\":\"Article\",\"@id\":\"https:\\\/\\\/www.asesoriaorihuelacosta.com\\\/fr\\\/paiement-de-la-taxe-professionnelle-en-espagne\\\/#article\",\"isPartOf\":{\"@id\":\"https:\\\/\\\/www.asesoriaorihuelacosta.com\\\/fr\\\/paiement-de-la-taxe-professionnelle-en-espagne\\\/\"},\"author\":{\"name\":\"Patrick Gordinne Perez\",\"@id\":\"https:\\\/\\\/www.asesoriaorihuelacosta.com\\\/fr\\\/#\\\/schema\\\/person\\\/6614ce8cf6d2de542aaf351629fd539e\"},\"headline\":\"Paiement de la taxe professionnelle en Espagne\",\"datePublished\":\"2023-12-18T10:31:26+00:00\",\"dateModified\":\"2023-12-18T21:30:20+00:00\",\"mainEntityOfPage\":{\"@id\":\"https:\\\/\\\/www.asesoriaorihuelacosta.com\\\/fr\\\/paiement-de-la-taxe-professionnelle-en-espagne\\\/\"},\"wordCount\":1014,\"publisher\":{\"@id\":\"https:\\\/\\\/www.asesoriaorihuelacosta.com\\\/fr\\\/#organization\"},\"image\":{\"@id\":\"https:\\\/\\\/www.asesoriaorihuelacosta.com\\\/fr\\\/paiement-de-la-taxe-professionnelle-en-espagne\\\/#primaryimage\"},\"thumbnailUrl\":\"https:\\\/\\\/www.asesoriaorihuelacosta.com\\\/wp-content\\\/uploads\\\/2023\\\/12\\\/london-1214224_640.jpg\",\"articleSection\":[\"Blog\",\"Blog\"],\"inLanguage\":\"fr-FR\"},{\"@type\":\"WebPage\",\"@id\":\"https:\\\/\\\/www.asesoriaorihuelacosta.com\\\/fr\\\/paiement-de-la-taxe-professionnelle-en-espagne\\\/\",\"url\":\"https:\\\/\\\/www.asesoriaorihuelacosta.com\\\/fr\\\/paiement-de-la-taxe-professionnelle-en-espagne\\\/\",\"name\":\"Paiement de la taxe professionnelle en Espagne\",\"isPartOf\":{\"@id\":\"https:\\\/\\\/www.asesoriaorihuelacosta.com\\\/fr\\\/#website\"},\"primaryImageOfPage\":{\"@id\":\"https:\\\/\\\/www.asesoriaorihuelacosta.com\\\/fr\\\/paiement-de-la-taxe-professionnelle-en-espagne\\\/#primaryimage\"},\"image\":{\"@id\":\"https:\\\/\\\/www.asesoriaorihuelacosta.com\\\/fr\\\/paiement-de-la-taxe-professionnelle-en-espagne\\\/#primaryimage\"},\"thumbnailUrl\":\"https:\\\/\\\/www.asesoriaorihuelacosta.com\\\/wp-content\\\/uploads\\\/2023\\\/12\\\/london-1214224_640.jpg\",\"datePublished\":\"2023-12-18T10:31:26+00:00\",\"dateModified\":\"2023-12-18T21:30:20+00:00\",\"description\":\"Nous analysons le paiement de la taxe professionnelle, son montant et son mode de paiement en Espagne, ainsi que les exon\u00e9rations.\",\"breadcrumb\":{\"@id\":\"https:\\\/\\\/www.asesoriaorihuelacosta.com\\\/fr\\\/paiement-de-la-taxe-professionnelle-en-espagne\\\/#breadcrumb\"},\"inLanguage\":\"fr-FR\",\"potentialAction\":[{\"@type\":\"ReadAction\",\"target\":[\"https:\\\/\\\/www.asesoriaorihuelacosta.com\\\/fr\\\/paiement-de-la-taxe-professionnelle-en-espagne\\\/\"]}]},{\"@type\":\"ImageObject\",\"inLanguage\":\"fr-FR\",\"@id\":\"https:\\\/\\\/www.asesoriaorihuelacosta.com\\\/fr\\\/paiement-de-la-taxe-professionnelle-en-espagne\\\/#primaryimage\",\"url\":\"https:\\\/\\\/www.asesoriaorihuelacosta.com\\\/wp-content\\\/uploads\\\/2023\\\/12\\\/london-1214224_640.jpg\",\"contentUrl\":\"https:\\\/\\\/www.asesoriaorihuelacosta.com\\\/wp-content\\\/uploads\\\/2023\\\/12\\\/london-1214224_640.jpg\",\"width\":640,\"height\":397,\"caption\":\"impuesto de actividades econ\u00f3micas\"},{\"@type\":\"BreadcrumbList\",\"@id\":\"https:\\\/\\\/www.asesoriaorihuelacosta.com\\\/fr\\\/paiement-de-la-taxe-professionnelle-en-espagne\\\/#breadcrumb\",\"itemListElement\":[{\"@type\":\"ListItem\",\"position\":1,\"name\":\"Home\",\"item\":\"https:\\\/\\\/www.asesoriaorihuelacosta.com\\\/fr\\\/\"},{\"@type\":\"ListItem\",\"position\":2,\"name\":\"Paiement de la taxe professionnelle en Espagne\"}]},{\"@type\":\"WebSite\",\"@id\":\"https:\\\/\\\/www.asesoriaorihuelacosta.com\\\/fr\\\/#website\",\"url\":\"https:\\\/\\\/www.asesoriaorihuelacosta.com\\\/fr\\\/\",\"name\":\"https:\\\/\\\/www.asesoriaorihuelacosta.com\\\/\",\"description\":\"Grupo de asesores profesionales\",\"publisher\":{\"@id\":\"https:\\\/\\\/www.asesoriaorihuelacosta.com\\\/fr\\\/#organization\"},\"potentialAction\":[{\"@type\":\"SearchAction\",\"target\":{\"@type\":\"EntryPoint\",\"urlTemplate\":\"https:\\\/\\\/www.asesoriaorihuelacosta.com\\\/fr\\\/?s={search_term_string}\"},\"query-input\":{\"@type\":\"PropertyValueSpecification\",\"valueRequired\":true,\"valueName\":\"search_term_string\"}}],\"inLanguage\":\"fr-FR\"},{\"@type\":\"Organization\",\"@id\":\"https:\\\/\\\/www.asesoriaorihuelacosta.com\\\/fr\\\/#organization\",\"name\":\"Asesor\u00eda Orihuela Costa\",\"url\":\"https:\\\/\\\/www.asesoriaorihuelacosta.com\\\/fr\\\/\",\"logo\":{\"@type\":\"ImageObject\",\"inLanguage\":\"fr-FR\",\"@id\":\"https:\\\/\\\/www.asesoriaorihuelacosta.com\\\/fr\\\/#\\\/schema\\\/logo\\\/image\\\/\",\"url\":\"https:\\\/\\\/www.asesoriaorihuelacosta.com\\\/wp-content\\\/uploads\\\/2022\\\/06\\\/Logo-espa\u5bf8l-asesoriaorihuela.jpg\",\"contentUrl\":\"https:\\\/\\\/www.asesoriaorihuelacosta.com\\\/wp-content\\\/uploads\\\/2022\\\/06\\\/Logo-espa\u5bf8l-asesoriaorihuela.jpg\",\"width\":588,\"height\":136,\"caption\":\"Asesor\u00eda Orihuela Costa\"},\"image\":{\"@id\":\"https:\\\/\\\/www.asesoriaorihuelacosta.com\\\/fr\\\/#\\\/schema\\\/logo\\\/image\\\/\"},\"sameAs\":[\"https:\\\/\\\/www.facebook.com\\\/asesoriaorihuelacosta\"]},{\"@type\":\"Person\",\"@id\":\"https:\\\/\\\/www.asesoriaorihuelacosta.com\\\/fr\\\/#\\\/schema\\\/person\\\/6614ce8cf6d2de542aaf351629fd539e\",\"name\":\"Patrick Gordinne Perez\",\"description\":\"Soy economista colegiado por el colegio de economistas de Alicante con el n\u00famero 2722. Llevo ejerciendo desde el a\u00f1o 2005. Soy especialista en fiscalidad de empresas y aut\u00f3nomos y tambi\u00e9n especialista en gestionar compraventas. Hablo espa\u00f1ol, ingl\u00e9s y franc\u00e9s.\",\"sameAs\":[\"https:\\\/\\\/www.asesoriaorihuelacosta.com\",\"https:\\\/\\\/www.facebook.com\\\/patrick.gordinneperez\",\"https:\\\/\\\/www.linkedin.com\\\/in\\\/patrick-gordinne-perez-1b73aab3\\\/\",\"https:\\\/\\\/www.youtube.com\\\/channel\\\/UC5e95RJEVQlxCnhwDmGNVCw\"],\"gender\":\"Hombre\",\"knowsLanguage\":[\"ingl\u00e9s\",\"franc\u00e9s\",\"espa\u00f1ol\"],\"jobTitle\":\"Gerente\",\"worksFor\":\"Asesoria Orihuela Costa SL\"}]}<\/script>\n<!-- \/ Yoast SEO Premium plugin. -->","yoast_head_json":{"title":"Paiement de la taxe professionnelle en Espagne","description":"Nous analysons le paiement de la taxe professionnelle, son montant et son mode de paiement en Espagne, ainsi que les exon\u00e9rations.","robots":{"index":"index","follow":"follow","max-snippet":"max-snippet:-1","max-image-preview":"max-image-preview:large","max-video-preview":"max-video-preview:-1"},"canonical":"https:\/\/www.asesoriaorihuelacosta.com\/fr\/paiement-de-la-taxe-professionnelle-en-espagne\/","og_locale":"fr_FR","og_type":"article","og_title":"Paiement de la taxe professionnelle en Espagne","og_description":"Nous analysons le paiement de la taxe professionnelle, son montant et son mode de paiement en Espagne, ainsi que les exon\u00e9rations.","og_url":"https:\/\/www.asesoriaorihuelacosta.com\/fr\/paiement-de-la-taxe-professionnelle-en-espagne\/","og_site_name":"Asesor\u00eda Orihuela Costa","article_publisher":"https:\/\/www.facebook.com\/asesoriaorihuelacosta","article_author":"https:\/\/www.facebook.com\/patrick.gordinneperez","article_published_time":"2023-12-18T10:31:26+00:00","article_modified_time":"2023-12-18T21:30:20+00:00","og_image":[{"width":640,"height":397,"url":"https:\/\/www.asesoriaorihuelacosta.com\/wp-content\/uploads\/2023\/12\/london-1214224_640.jpg","type":"image\/jpeg"}],"author":"Patrick Gordinne Perez","twitter_card":"summary_large_image","twitter_misc":{"\u00c9crit par":"Patrick Gordinne Perez","Dur\u00e9e de lecture estim\u00e9e":"5 minutes"},"schema":{"@context":"https:\/\/schema.org","@graph":[{"@type":"Article","@id":"https:\/\/www.asesoriaorihuelacosta.com\/fr\/paiement-de-la-taxe-professionnelle-en-espagne\/#article","isPartOf":{"@id":"https:\/\/www.asesoriaorihuelacosta.com\/fr\/paiement-de-la-taxe-professionnelle-en-espagne\/"},"author":{"name":"Patrick Gordinne Perez","@id":"https:\/\/www.asesoriaorihuelacosta.com\/fr\/#\/schema\/person\/6614ce8cf6d2de542aaf351629fd539e"},"headline":"Paiement de la taxe professionnelle en Espagne","datePublished":"2023-12-18T10:31:26+00:00","dateModified":"2023-12-18T21:30:20+00:00","mainEntityOfPage":{"@id":"https:\/\/www.asesoriaorihuelacosta.com\/fr\/paiement-de-la-taxe-professionnelle-en-espagne\/"},"wordCount":1014,"publisher":{"@id":"https:\/\/www.asesoriaorihuelacosta.com\/fr\/#organization"},"image":{"@id":"https:\/\/www.asesoriaorihuelacosta.com\/fr\/paiement-de-la-taxe-professionnelle-en-espagne\/#primaryimage"},"thumbnailUrl":"https:\/\/www.asesoriaorihuelacosta.com\/wp-content\/uploads\/2023\/12\/london-1214224_640.jpg","articleSection":["Blog","Blog"],"inLanguage":"fr-FR"},{"@type":"WebPage","@id":"https:\/\/www.asesoriaorihuelacosta.com\/fr\/paiement-de-la-taxe-professionnelle-en-espagne\/","url":"https:\/\/www.asesoriaorihuelacosta.com\/fr\/paiement-de-la-taxe-professionnelle-en-espagne\/","name":"Paiement de la taxe professionnelle en Espagne","isPartOf":{"@id":"https:\/\/www.asesoriaorihuelacosta.com\/fr\/#website"},"primaryImageOfPage":{"@id":"https:\/\/www.asesoriaorihuelacosta.com\/fr\/paiement-de-la-taxe-professionnelle-en-espagne\/#primaryimage"},"image":{"@id":"https:\/\/www.asesoriaorihuelacosta.com\/fr\/paiement-de-la-taxe-professionnelle-en-espagne\/#primaryimage"},"thumbnailUrl":"https:\/\/www.asesoriaorihuelacosta.com\/wp-content\/uploads\/2023\/12\/london-1214224_640.jpg","datePublished":"2023-12-18T10:31:26+00:00","dateModified":"2023-12-18T21:30:20+00:00","description":"Nous analysons le paiement de la taxe professionnelle, son montant et son mode de paiement en Espagne, ainsi que les exon\u00e9rations.","breadcrumb":{"@id":"https:\/\/www.asesoriaorihuelacosta.com\/fr\/paiement-de-la-taxe-professionnelle-en-espagne\/#breadcrumb"},"inLanguage":"fr-FR","potentialAction":[{"@type":"ReadAction","target":["https:\/\/www.asesoriaorihuelacosta.com\/fr\/paiement-de-la-taxe-professionnelle-en-espagne\/"]}]},{"@type":"ImageObject","inLanguage":"fr-FR","@id":"https:\/\/www.asesoriaorihuelacosta.com\/fr\/paiement-de-la-taxe-professionnelle-en-espagne\/#primaryimage","url":"https:\/\/www.asesoriaorihuelacosta.com\/wp-content\/uploads\/2023\/12\/london-1214224_640.jpg","contentUrl":"https:\/\/www.asesoriaorihuelacosta.com\/wp-content\/uploads\/2023\/12\/london-1214224_640.jpg","width":640,"height":397,"caption":"impuesto de actividades econ\u00f3micas"},{"@type":"BreadcrumbList","@id":"https:\/\/www.asesoriaorihuelacosta.com\/fr\/paiement-de-la-taxe-professionnelle-en-espagne\/#breadcrumb","itemListElement":[{"@type":"ListItem","position":1,"name":"Home","item":"https:\/\/www.asesoriaorihuelacosta.com\/fr\/"},{"@type":"ListItem","position":2,"name":"Paiement de la taxe professionnelle en Espagne"}]},{"@type":"WebSite","@id":"https:\/\/www.asesoriaorihuelacosta.com\/fr\/#website","url":"https:\/\/www.asesoriaorihuelacosta.com\/fr\/","name":"https:\/\/www.asesoriaorihuelacosta.com\/","description":"Grupo de asesores profesionales","publisher":{"@id":"https:\/\/www.asesoriaorihuelacosta.com\/fr\/#organization"},"potentialAction":[{"@type":"SearchAction","target":{"@type":"EntryPoint","urlTemplate":"https:\/\/www.asesoriaorihuelacosta.com\/fr\/?s={search_term_string}"},"query-input":{"@type":"PropertyValueSpecification","valueRequired":true,"valueName":"search_term_string"}}],"inLanguage":"fr-FR"},{"@type":"Organization","@id":"https:\/\/www.asesoriaorihuelacosta.com\/fr\/#organization","name":"Asesor\u00eda Orihuela Costa","url":"https:\/\/www.asesoriaorihuelacosta.com\/fr\/","logo":{"@type":"ImageObject","inLanguage":"fr-FR","@id":"https:\/\/www.asesoriaorihuelacosta.com\/fr\/#\/schema\/logo\/image\/","url":"https:\/\/www.asesoriaorihuelacosta.com\/wp-content\/uploads\/2022\/06\/Logo-espa\u5bf8l-asesoriaorihuela.jpg","contentUrl":"https:\/\/www.asesoriaorihuelacosta.com\/wp-content\/uploads\/2022\/06\/Logo-espa\u5bf8l-asesoriaorihuela.jpg","width":588,"height":136,"caption":"Asesor\u00eda Orihuela Costa"},"image":{"@id":"https:\/\/www.asesoriaorihuelacosta.com\/fr\/#\/schema\/logo\/image\/"},"sameAs":["https:\/\/www.facebook.com\/asesoriaorihuelacosta"]},{"@type":"Person","@id":"https:\/\/www.asesoriaorihuelacosta.com\/fr\/#\/schema\/person\/6614ce8cf6d2de542aaf351629fd539e","name":"Patrick Gordinne Perez","description":"Soy economista colegiado por el colegio de economistas de Alicante con el n\u00famero 2722. Llevo ejerciendo desde el a\u00f1o 2005. Soy especialista en fiscalidad de empresas y aut\u00f3nomos y tambi\u00e9n especialista en gestionar compraventas. Hablo espa\u00f1ol, ingl\u00e9s y franc\u00e9s.","sameAs":["https:\/\/www.asesoriaorihuelacosta.com","https:\/\/www.facebook.com\/patrick.gordinneperez","https:\/\/www.linkedin.com\/in\/patrick-gordinne-perez-1b73aab3\/","https:\/\/www.youtube.com\/channel\/UC5e95RJEVQlxCnhwDmGNVCw"],"gender":"Hombre","knowsLanguage":["ingl\u00e9s","franc\u00e9s","espa\u00f1ol"],"jobTitle":"Gerente","worksFor":"Asesoria Orihuela Costa SL"}]}},"_links":{"self":[{"href":"https:\/\/www.asesoriaorihuelacosta.com\/fr\/wp-json\/wp\/v2\/posts\/18248","targetHints":{"allow":["GET"]}}],"collection":[{"href":"https:\/\/www.asesoriaorihuelacosta.com\/fr\/wp-json\/wp\/v2\/posts"}],"about":[{"href":"https:\/\/www.asesoriaorihuelacosta.com\/fr\/wp-json\/wp\/v2\/types\/post"}],"author":[{"embeddable":true,"href":"https:\/\/www.asesoriaorihuelacosta.com\/fr\/wp-json\/wp\/v2\/users\/2"}],"replies":[{"embeddable":true,"href":"https:\/\/www.asesoriaorihuelacosta.com\/fr\/wp-json\/wp\/v2\/comments?post=18248"}],"version-history":[{"count":11,"href":"https:\/\/www.asesoriaorihuelacosta.com\/fr\/wp-json\/wp\/v2\/posts\/18248\/revisions"}],"predecessor-version":[{"id":18259,"href":"https:\/\/www.asesoriaorihuelacosta.com\/fr\/wp-json\/wp\/v2\/posts\/18248\/revisions\/18259"}],"wp:featuredmedia":[{"embeddable":true,"href":"https:\/\/www.asesoriaorihuelacosta.com\/fr\/wp-json\/wp\/v2\/media\/18224"}],"wp:attachment":[{"href":"https:\/\/www.asesoriaorihuelacosta.com\/fr\/wp-json\/wp\/v2\/media?parent=18248"}],"wp:term":[{"taxonomy":"category","embeddable":true,"href":"https:\/\/www.asesoriaorihuelacosta.com\/fr\/wp-json\/wp\/v2\/categories?post=18248"},{"taxonomy":"post_tag","embeddable":true,"href":"https:\/\/www.asesoriaorihuelacosta.com\/fr\/wp-json\/wp\/v2\/tags?post=18248"}],"curies":[{"name":"wp","href":"https:\/\/api.w.org\/{rel}","templated":true}]}}