{"id":18129,"date":"2023-12-13T05:32:51","date_gmt":"2023-12-13T05:32:51","guid":{"rendered":"https:\/\/www.asesoriaorihuelacosta.com\/?p=18129"},"modified":"2023-12-14T07:49:36","modified_gmt":"2023-12-14T07:49:36","slug":"limportance-demettre-des-factures-en-temps-voulu-et-de-maniere-appropriee","status":"publish","type":"post","link":"https:\/\/www.asesoriaorihuelacosta.com\/fr\/limportance-demettre-des-factures-en-temps-voulu-et-de-maniere-appropriee\/","title":{"rendered":"L&rsquo;importance d&rsquo;\u00e9mettre des factures en temps voulu et de mani\u00e8re appropri\u00e9e"},"content":{"rendered":"\t\t<div data-elementor-type=\"wp-post\" data-elementor-id=\"18129\" class=\"elementor elementor-18129\" data-elementor-post-type=\"post\">\n\t\t\t\t\t\t<section data-particle_enable=\"false\" data-particle-mobile-disabled=\"false\" class=\"elementor-section elementor-top-section elementor-element elementor-element-28e9411 elementor-section-boxed elementor-section-height-default elementor-section-height-default\" data-id=\"28e9411\" data-element_type=\"section\" data-e-type=\"section\">\r\n\t\t\r\n\t\t\t\t\t\t\t<div class=\"elementor-container elementor-column-gap-default\">\r\n\t\t\t\t\t\t\t\t\t\t\t<div class=\"elementor-column elementor-col-100 elementor-top-column elementor-element elementor-element-4b2c68f\" data-id=\"4b2c68f\" data-element_type=\"column\" data-e-type=\"column\">\r\n\t\t\t\t\t<div class=\"elementor-widget-wrap elementor-element-populated\">\r\n\t\t\t\t\t\t\t\t<div class=\"elementor-element elementor-element-b8d04b1 elementor-widget elementor-widget-heading\" data-id=\"b8d04b1\" data-element_type=\"widget\" data-e-type=\"widget\" data-widget_type=\"heading.default\">\n\t\t\t\t<div class=\"elementor-widget-container\">\n\t\t\t\t\t<h2 class=\"elementor-heading-title elementor-size-default\">Que signifie \u00e9mettre des factures en temps voulu ?<\/h2>\t\t\t\t<\/div>\n\t\t\t\t<\/div>\n\t\t\t\t\t<\/div>\r\n\t\t\t\t<\/div>\r\n\t\t\t\t\t<\/div>\r\n\t\t\t\t<\/section>\r\n\t\t\t\t<section data-particle_enable=\"false\" data-particle-mobile-disabled=\"false\" class=\"elementor-section elementor-top-section elementor-element elementor-element-c562a59 elementor-section-boxed elementor-section-height-default elementor-section-height-default\" data-id=\"c562a59\" data-element_type=\"section\" data-e-type=\"section\">\r\n\t\t\r\n\t\t\t\t\t\t\t<div class=\"elementor-container elementor-column-gap-default\">\r\n\t\t\t\t\t\t\t\t\t\t\t<div class=\"elementor-column elementor-col-100 elementor-top-column elementor-element elementor-element-8567f3b\" data-id=\"8567f3b\" data-element_type=\"column\" data-e-type=\"column\">\r\n\t\t\t\t\t<div class=\"elementor-widget-wrap elementor-element-populated\">\r\n\t\t\t\t\t\t\t\t<div class=\"elementor-element elementor-element-de8269c elementor-widget elementor-widget-text-editor\" data-id=\"de8269c\" data-element_type=\"widget\" data-e-type=\"widget\" data-widget_type=\"text-editor.default\">\n\t\t\t\t<div class=\"elementor-widget-container\">\n\t\t\t\t\t\t\t\t\t<p>L&rsquo;\u00e9mission de factures en temps et en heure est un aspect fondamental du respect des obligations fiscales d&rsquo;une entreprise, d&rsquo;un ind\u00e9pendant ou d&rsquo;une profession lib\u00e9rale. L&rsquo;\u00e9mission d&rsquo;une facture consiste \u00e0 fournir une preuve juridique \u00e0 l&rsquo;appui d&rsquo;une transaction commerciale, en d\u00e9taillant les produits ou services achet\u00e9s, ainsi que les montants correspondants.<\/p><p>La facturation en temps voulu permet au vendeur et \u00e0 l&rsquo;acheteur de s&rsquo;acquitter de leurs responsabilit\u00e9s juridiques et fiscales. Pour le vendeur, l&rsquo;\u00e9mission de factures en bonne et due forme et dans les d\u00e9lais lui permet de remplir ses obligations fiscales et d&rsquo;\u00e9viter d&rsquo;\u00e9ventuelles sanctions en cas de non-respect de ces obligations. Quant \u00e0 l&rsquo;acheteur, la r\u00e9ception d&rsquo;une facture valide lui permet de d\u00e9duire ses d\u00e9penses et de demander le remboursement de la TVA.<\/p><p>La facturation constitue l&rsquo;une des obligations fondamentales des entreprises et des ind\u00e9pendants. Selon la loi, il est imp\u00e9ratif d&rsquo;\u00e9mettre des factures dans des d\u00e9lais pr\u00e9cis.<\/p><p>La facture, document attestant de la prestation de services ou de la livraison de marchandises, est essentielle pour que les ind\u00e9pendants et les PME puissent percevoir le paiement de leurs op\u00e9rations. L&rsquo;enregistrement des factures \u00e9mises fournit des informations vitales sur les revenus, qui sont essentielles pour la d\u00e9claration d&rsquo;imp\u00f4ts.<\/p><p>Outre la conformit\u00e9 fiscale, l&rsquo;\u00e9mission de factures en temps utile contribue \u00e9galement \u00e0 maintenir de bonnes relations d&rsquo;affaires entre les parties concern\u00e9es. Une facture claire et pr\u00e9cise facilite la gestion comptable et financi\u00e8re des deux parties, en \u00e9vitant les malentendus ou les litiges li\u00e9s aux paiements.<\/p>\t\t\t\t\t\t\t\t<\/div>\n\t\t\t\t<\/div>\n\t\t\t\t\t<\/div>\r\n\t\t\t\t<\/div>\r\n\t\t\t\t\t<\/div>\r\n\t\t\t\t<\/section>\r\n\t\t\t\t<section data-particle_enable=\"false\" data-particle-mobile-disabled=\"false\" class=\"elementor-section elementor-top-section elementor-element elementor-element-9877319 elementor-section-boxed elementor-section-height-default elementor-section-height-default\" data-id=\"9877319\" data-element_type=\"section\" data-e-type=\"section\">\r\n\t\t\r\n\t\t\t\t\t\t\t<div class=\"elementor-container elementor-column-gap-default\">\r\n\t\t\t\t\t\t\t\t\t\t\t<div class=\"elementor-column elementor-col-100 elementor-top-column elementor-element elementor-element-9cbc586\" data-id=\"9cbc586\" data-element_type=\"column\" data-e-type=\"column\">\r\n\t\t\t\t\t<div class=\"elementor-widget-wrap elementor-element-populated\">\r\n\t\t\t\t\t\t\t\t<div class=\"elementor-element elementor-element-87a1b4a elementor-widget elementor-widget-heading\" data-id=\"87a1b4a\" data-element_type=\"widget\" data-e-type=\"widget\" data-widget_type=\"heading.default\">\n\t\t\t\t<div class=\"elementor-widget-container\">\n\t\t\t\t\t<h2 class=\"elementor-heading-title elementor-size-default\">Quand est-il obligatoire d'\u00e9mettre et d'envoyer une facture au destinataire ?<\/h2>\t\t\t\t<\/div>\n\t\t\t\t<\/div>\n\t\t\t\t\t<\/div>\r\n\t\t\t\t<\/div>\r\n\t\t\t\t\t<\/div>\r\n\t\t\t\t<\/section>\r\n\t\t\t\t<section data-particle_enable=\"false\" data-particle-mobile-disabled=\"false\" class=\"elementor-section elementor-top-section elementor-element elementor-element-972043f elementor-section-boxed elementor-section-height-default elementor-section-height-default\" data-id=\"972043f\" data-element_type=\"section\" data-e-type=\"section\">\r\n\t\t\r\n\t\t\t\t\t\t\t<div class=\"elementor-container elementor-column-gap-default\">\r\n\t\t\t\t\t\t\t\t\t\t\t<div class=\"elementor-column elementor-col-100 elementor-top-column elementor-element elementor-element-0949f47\" data-id=\"0949f47\" data-element_type=\"column\" data-e-type=\"column\">\r\n\t\t\t\t\t<div class=\"elementor-widget-wrap elementor-element-populated\">\r\n\t\t\t\t\t\t\t\t<div class=\"elementor-element elementor-element-b6af7e0 elementor-widget elementor-widget-text-editor\" data-id=\"b6af7e0\" data-element_type=\"widget\" data-e-type=\"widget\" data-widget_type=\"text-editor.default\">\n\t\t\t\t<div class=\"elementor-widget-container\">\n\t\t\t\t\t\t\t\t\t<p>La r\u00e9ponse varie selon que le destinataire ou client est un ind\u00e9pendant ou un particulier :<\/p><ul><li>Pour les <strong>clients priv\u00e9s<\/strong>, la facture doit \u00eatre \u00e9mise au moment de la transaction, c&rsquo;est-\u00e0-dire au moment de la perception de la TVA. De m\u00eame, la facture doit \u00eatre envoy\u00e9e au moment de son \u00e9mission.<\/li><li>Dans le cas d&rsquo;<strong>op\u00e9rations avec des professionnels ou des entrepreneurs<\/strong>, la facture doit \u00eatre \u00e9mise et envoy\u00e9e avant le 16e jour du mois suivant la naissance de la taxe ou de l&rsquo;op\u00e9ration.<\/li><\/ul>\t\t\t\t\t\t\t\t<\/div>\n\t\t\t\t<\/div>\n\t\t\t\t\t<\/div>\r\n\t\t\t\t<\/div>\r\n\t\t\t\t\t<\/div>\r\n\t\t\t\t<\/section>\r\n\t\t\t\t<section data-particle_enable=\"false\" data-particle-mobile-disabled=\"false\" class=\"elementor-section elementor-top-section elementor-element elementor-element-349ac18 elementor-section-boxed elementor-section-height-default elementor-section-height-default\" data-id=\"349ac18\" data-element_type=\"section\" data-e-type=\"section\">\r\n\t\t\r\n\t\t\t\t\t\t\t<div class=\"elementor-container elementor-column-gap-default\">\r\n\t\t\t\t\t\t\t\t\t\t\t<div class=\"elementor-column elementor-col-100 elementor-top-column elementor-element elementor-element-79d965c\" data-id=\"79d965c\" data-element_type=\"column\" data-e-type=\"column\">\r\n\t\t\t\t\t<div class=\"elementor-widget-wrap elementor-element-populated\">\r\n\t\t\t\t\t\t\t\t<div class=\"elementor-element elementor-element-3312a1f elementor-widget elementor-widget-heading\" data-id=\"3312a1f\" data-element_type=\"widget\" data-e-type=\"widget\" data-widget_type=\"heading.default\">\n\t\t\t\t<div class=\"elementor-widget-container\">\n\t\t\t\t\t<h2 class=\"elementor-heading-title elementor-size-default\">D\u00e9lais d'\u00e9mission des factures r\u00e9capitulatives, rectificatives et des transactions intracommunautaires\n<\/h2>\t\t\t\t<\/div>\n\t\t\t\t<\/div>\n\t\t\t\t\t<\/div>\r\n\t\t\t\t<\/div>\r\n\t\t\t\t\t<\/div>\r\n\t\t\t\t<\/section>\r\n\t\t\t\t<section data-particle_enable=\"false\" data-particle-mobile-disabled=\"false\" class=\"elementor-section elementor-top-section elementor-element elementor-element-52812df elementor-section-boxed elementor-section-height-default elementor-section-height-default\" data-id=\"52812df\" data-element_type=\"section\" data-e-type=\"section\">\r\n\t\t\r\n\t\t\t\t\t\t\t<div class=\"elementor-container elementor-column-gap-default\">\r\n\t\t\t\t\t\t\t\t\t\t\t<div class=\"elementor-column elementor-col-100 elementor-top-column elementor-element elementor-element-43bf86d\" data-id=\"43bf86d\" data-element_type=\"column\" data-e-type=\"column\">\r\n\t\t\t\t\t<div class=\"elementor-widget-wrap elementor-element-populated\">\r\n\t\t\t\t\t\t\t\t<div class=\"elementor-element elementor-element-a03b200 elementor-widget elementor-widget-text-editor\" data-id=\"a03b200\" data-element_type=\"widget\" data-e-type=\"widget\" data-widget_type=\"text-editor.default\">\n\t\t\t\t<div class=\"elementor-widget-container\">\n\t\t\t\t\t\t\t\t\t<p>Les factures r\u00e9capitulatives et rectificatives, ainsi que certaines op\u00e9rations intracommunautaires, ont \u00e9galement des d\u00e9lais sp\u00e9cifiques :<\/p><ul><li>Pour les factures r\u00e9capitulatives destin\u00e9es aux professionnels ou aux entrepreneurs, l&rsquo;\u00e9mission et l&rsquo;envoi doivent \u00eatre effectu\u00e9s avant le 16e jour du mois suivant la p\u00e9riode des op\u00e9rations.<\/li><li>Si la facture r\u00e9capitulative est destin\u00e9e \u00e0 un client priv\u00e9, elle doit \u00eatre \u00e9mise et envoy\u00e9e le dernier jour du mois au cours duquel les op\u00e9rations ont \u00e9t\u00e9 effectu\u00e9es.<\/li><li>En ce qui concerne les factures rectificatives, elles doivent \u00eatre \u00e9mises lorsque les circonstances qui les requi\u00e8rent sont connues et envoy\u00e9es avant le 16e jour du mois suivant l&rsquo;\u00e9mission initiale.<\/li><li>Pour les livraisons intracommunautaires, la facture doit \u00eatre \u00e9mise et envoy\u00e9e avant le 16e jour du mois suivant le d\u00e9but du transport des marchandises vers le client.<\/li><\/ul>\t\t\t\t\t\t\t\t<\/div>\n\t\t\t\t<\/div>\n\t\t\t\t\t<\/div>\r\n\t\t\t\t<\/div>\r\n\t\t\t\t\t<\/div>\r\n\t\t\t\t<\/section>\r\n\t\t\t\t<section data-particle_enable=\"false\" data-particle-mobile-disabled=\"false\" class=\"elementor-section elementor-top-section elementor-element elementor-element-ddc18d1 elementor-section-boxed elementor-section-height-default elementor-section-height-default\" data-id=\"ddc18d1\" data-element_type=\"section\" data-e-type=\"section\">\r\n\t\t\r\n\t\t\t\t\t\t\t<div class=\"elementor-container elementor-column-gap-default\">\r\n\t\t\t\t\t\t\t\t\t\t\t<div class=\"elementor-column elementor-col-100 elementor-top-column elementor-element elementor-element-12f8ac6\" data-id=\"12f8ac6\" data-element_type=\"column\" data-e-type=\"column\">\r\n\t\t\t\t\t<div class=\"elementor-widget-wrap elementor-element-populated\">\r\n\t\t\t\t\t\t\t\t<div class=\"elementor-element elementor-element-b7b6e2d elementor-widget elementor-widget-heading\" data-id=\"b7b6e2d\" data-element_type=\"widget\" data-e-type=\"widget\" data-widget_type=\"heading.default\">\n\t\t\t\t<div class=\"elementor-widget-container\">\n\t\t\t\t\t<h2 class=\"elementor-heading-title elementor-size-default\">Raisons pour lesquelles il est essentiel d'\u00e9mettre les factures en temps voulu<\/h2>\t\t\t\t<\/div>\n\t\t\t\t<\/div>\n\t\t\t\t\t<\/div>\r\n\t\t\t\t<\/div>\r\n\t\t\t\t\t<\/div>\r\n\t\t\t\t<\/section>\r\n\t\t\t\t<section data-particle_enable=\"false\" data-particle-mobile-disabled=\"false\" class=\"elementor-section elementor-top-section elementor-element elementor-element-9cd75f1 elementor-section-boxed elementor-section-height-default elementor-section-height-default\" data-id=\"9cd75f1\" data-element_type=\"section\" data-e-type=\"section\">\r\n\t\t\r\n\t\t\t\t\t\t\t<div class=\"elementor-container elementor-column-gap-default\">\r\n\t\t\t\t\t\t\t\t\t\t\t<div class=\"elementor-column elementor-col-100 elementor-top-column elementor-element elementor-element-bbd2663\" data-id=\"bbd2663\" data-element_type=\"column\" data-e-type=\"column\">\r\n\t\t\t\t\t<div class=\"elementor-widget-wrap elementor-element-populated\">\r\n\t\t\t\t\t\t\t\t<div class=\"elementor-element elementor-element-e94ba20 elementor-widget elementor-widget-text-editor\" data-id=\"e94ba20\" data-element_type=\"widget\" data-e-type=\"widget\" data-widget_type=\"text-editor.default\">\n\t\t\t\t<div class=\"elementor-widget-container\">\n\t\t\t\t\t\t\t\t\t<h3>1. la conformit\u00e9 juridique et l&rsquo;\u00e9vitement des p\u00e9nalit\u00e9s fiscales<\/h3><p>Le respect de la l\u00e9gislation et l&rsquo;\u00e9vitement des p\u00e9nalit\u00e9s fiscales sont des questions cruciales pour toute entreprise. La conformit\u00e9 fiscale est particuli\u00e8rement importante, car le non-respect des r\u00e8gles peut entra\u00eener des p\u00e9nalit\u00e9s pour facturation tardive ou incorrecte, ainsi que d&rsquo;\u00e9ventuelles accusations de fraude fiscale.<\/p><p>Il est essentiel que les entreprises comprennent et respectent toutes les lois et r\u00e9glementations fiscales applicables \u00e0 leur secteur d&rsquo;activit\u00e9 et \u00e0 leur situation g\u00e9ographique. Cela implique de tenir des registres pr\u00e9cis des revenus, des d\u00e9penses et des transactions financi\u00e8res, ainsi que de remplir les d\u00e9clarations fiscales dans les d\u00e9lais impartis.<\/p><h3>2) Transparence financi\u00e8re et cr\u00e9dibilit\u00e9 des clients<\/h3><p>La transparence financi\u00e8re est fondamentale pour \u00e9tablir la confiance des clients et maintenir une image professionnelle de l&rsquo;entreprise. Une comptabilit\u00e9 pr\u00e9cise et transparente permet aux clients d&rsquo;avoir une vision claire des finances de l&rsquo;entreprise, ce qui les met en confiance lorsqu&rsquo;ils font des affaires.<\/p><p>Une comptabilit\u00e9 pr\u00e9cise implique un contr\u00f4le d\u00e9taill\u00e9 des recettes et des d\u00e9penses, ainsi que la mise \u00e0 jour des \u00e9tats financiers. Cela permet non seulement de respecter les obligations fiscales, mais aussi de d\u00e9montrer la fiabilit\u00e9 et l&rsquo;engagement de l&rsquo;entreprise vis-\u00e0-vis de ses clients.<\/p><h3>3. Contr\u00f4ler les recettes et les d\u00e9penses pour une gestion efficace<\/h3><p>Le contr\u00f4le des recettes et des d\u00e9penses est essentiel pour une gestion efficace de toute entreprise. Pour ce faire, il est n\u00e9cessaire de tenir un registre ordonn\u00e9 des transactions commerciales, tant des recettes que des d\u00e9penses.<\/p><p>Une bonne tenue des comptes permet d&rsquo;obtenir une image claire et pr\u00e9cise de la situation financi\u00e8re de l&rsquo;entreprise. Il s&rsquo;agit d&rsquo;enregistrer en d\u00e9tail toutes les ventes, tous les achats, tous les paiements et toutes les recettes effectu\u00e9s.<\/p>\t\t\t\t\t\t\t\t<\/div>\n\t\t\t\t<\/div>\n\t\t\t\t\t<\/div>\r\n\t\t\t\t<\/div>\r\n\t\t\t\t\t<\/div>\r\n\t\t\t\t<\/section>\r\n\t\t\t\t<section data-particle_enable=\"false\" data-particle-mobile-disabled=\"false\" class=\"elementor-section elementor-top-section elementor-element elementor-element-3f712dd elementor-section-boxed elementor-section-height-default elementor-section-height-default\" data-id=\"3f712dd\" data-element_type=\"section\" data-e-type=\"section\">\r\n\t\t\r\n\t\t\t\t\t\t\t<div class=\"elementor-container elementor-column-gap-default\">\r\n\t\t\t\t\t\t\t\t\t\t\t<div class=\"elementor-column elementor-col-100 elementor-top-column elementor-element elementor-element-d65f7c6\" data-id=\"d65f7c6\" data-element_type=\"column\" data-e-type=\"column\">\r\n\t\t\t\t\t<div class=\"elementor-widget-wrap elementor-element-populated\">\r\n\t\t\t\t\t\t\t\t<div class=\"elementor-element elementor-element-0226e49 elementor-widget elementor-widget-heading\" data-id=\"0226e49\" data-element_type=\"widget\" data-e-type=\"widget\" data-widget_type=\"heading.default\">\n\t\t\t\t<div class=\"elementor-widget-container\">\n\t\t\t\t\t<h2 class=\"elementor-heading-title elementor-size-default\">Cons\u00e9quences n\u00e9gatives de l'\u00e9mission tardive de factures et moyens de les \u00e9viter<\/h2>\t\t\t\t<\/div>\n\t\t\t\t<\/div>\n\t\t\t\t\t<\/div>\r\n\t\t\t\t<\/div>\r\n\t\t\t\t\t<\/div>\r\n\t\t\t\t<\/section>\r\n\t\t\t\t<section data-particle_enable=\"false\" data-particle-mobile-disabled=\"false\" class=\"elementor-section elementor-top-section elementor-element elementor-element-662aef8 elementor-section-boxed elementor-section-height-default elementor-section-height-default\" data-id=\"662aef8\" data-element_type=\"section\" data-e-type=\"section\">\r\n\t\t\r\n\t\t\t\t\t\t\t<div class=\"elementor-container elementor-column-gap-default\">\r\n\t\t\t\t\t\t\t\t\t\t\t<div class=\"elementor-column elementor-col-100 elementor-top-column elementor-element elementor-element-09bba22\" data-id=\"09bba22\" data-element_type=\"column\" data-e-type=\"column\">\r\n\t\t\t\t\t<div class=\"elementor-widget-wrap elementor-element-populated\">\r\n\t\t\t\t\t\t\t\t<div class=\"elementor-element elementor-element-a95e2d2 elementor-widget elementor-widget-text-editor\" data-id=\"a95e2d2\" data-element_type=\"widget\" data-e-type=\"widget\" data-widget_type=\"text-editor.default\">\n\t\t\t\t<div class=\"elementor-widget-container\">\n\t\t\t\t\t\t\t\t\t<p>Le fait de ne pas \u00e9mettre les factures \u00e0 temps peut avoir des cons\u00e9quences n\u00e9gatives pour les entreprises, m\u00eame s&rsquo;il s&rsquo;agit d&rsquo;une fraude fiscale involontaire. L&rsquo;une des principales cons\u00e9quences est la perte de cr\u00e9dibilit\u00e9 de l&rsquo;entreprise. Si une entreprise ne respecte pas ses obligations fiscales, elle peut susciter la m\u00e9fiance de ses clients et de ses fournisseurs, ce qui peut nuire \u00e0 sa r\u00e9putation et \u00e0 ses relations commerciales.<\/p><h3>Sanctions en cas de non-respect des d\u00e9lais<\/h3><p>Le non-respect des d\u00e9lais fix\u00e9s entra\u00eene des sanctions financi\u00e8res proportionnelles :<\/p><ul><li>L&rsquo;\u00e9mission et l&rsquo;envoi tardifs entra\u00eenent une amende proportionnelle de 1 % du montant des transactions concern\u00e9es.<\/li><li>S&rsquo;il s&rsquo;agit d&rsquo;un d\u00e9faut d&rsquo;\u00e9mission de facture, l&rsquo;amende s&rsquo;\u00e9l\u00e8ve \u00e0 2 % du montant des transactions sans facture ou, si celui-ci ne peut \u00eatre d\u00e9termin\u00e9, \u00e0 300 euros par transaction non factur\u00e9e.<\/li><\/ul><p>Que se passe-t-il en cas d&rsquo;\u00e9mission d&rsquo;une fausse facture ? Cette infraction est consid\u00e9r\u00e9e comme grave et est punie d&rsquo;une amende de 75 % du montant total des transactions concern\u00e9es.<\/p><p>En outre, le fait de ne pas \u00e9mettre de factures dans les d\u00e9lais impartis peut rendre difficile l&rsquo;acc\u00e8s au cr\u00e9dit ou au financement bancaire. Les institutions financi\u00e8res exigent souvent des documents complets et \u00e0 jour pour \u00e9valuer la solvabilit\u00e9 d&rsquo;une entreprise. Le fait de ne pas \u00e9mettre les factures correctement et \u00e0 temps peut susciter des doutes sur la situation financi\u00e8re r\u00e9elle de l&rsquo;entreprise et rendre difficile l&rsquo;obtention d&rsquo;un pr\u00eat ou d&rsquo;une ligne de cr\u00e9dit.<\/p>\t\t\t\t\t\t\t\t<\/div>\n\t\t\t\t<\/div>\n\t\t\t\t\t<\/div>\r\n\t\t\t\t<\/div>\r\n\t\t\t\t\t<\/div>\r\n\t\t\t\t<\/section>\r\n\t\t\t\t<section data-particle_enable=\"false\" data-particle-mobile-disabled=\"false\" class=\"elementor-section elementor-top-section elementor-element elementor-element-277a80d elementor-section-boxed elementor-section-height-default elementor-section-height-default\" data-id=\"277a80d\" data-element_type=\"section\" data-e-type=\"section\">\r\n\t\t\r\n\t\t\t\t\t\t\t<div class=\"elementor-container elementor-column-gap-default\">\r\n\t\t\t\t\t\t\t\t\t\t\t<div class=\"elementor-column elementor-col-100 elementor-top-column elementor-element elementor-element-461eebe\" data-id=\"461eebe\" data-element_type=\"column\" data-e-type=\"column\">\r\n\t\t\t\t\t<div class=\"elementor-widget-wrap elementor-element-populated\">\r\n\t\t\t\t\t\t\t\t<div class=\"elementor-element elementor-element-ece4248 elementor-flip-box--effect-flip elementor-flip-box--direction-up elementor-widget elementor-widget-flip-box\" data-id=\"ece4248\" data-element_type=\"widget\" data-e-type=\"widget\" data-widget_type=\"flip-box.default\">\n\t\t\t\t<div class=\"elementor-widget-container\">\n\t\t\t\t\t\t\t<div class=\"elementor-flip-box\" tabindex=\"0\">\n\t\t\t<div class=\"elementor-flip-box__layer elementor-flip-box__front\">\n\t\t\t\t<div class=\"elementor-flip-box__layer__overlay\">\n\t\t\t\t\t<div class=\"elementor-flip-box__layer__inner\">\n\t\t\t\t\t\t\t\t\t\t\t\t\t<div class=\"elementor-icon-wrapper elementor-view-default\">\n\t\t\t\t\t\t\t\t<div class=\"elementor-icon\">\n\t\t\t\t\t\t\t\t\t<i class=\"far fa-check-square\"><\/i>\t\t\t\t\t\t\t\t<\/div>\n\t\t\t\t\t\t\t<\/div>\n\t\t\t\t\t\t\n\t\t\t\t\t\t\t\t\t\t\t\t\t<h3 class=\"elementor-flip-box__layer__title\">\n\t\t\t\t\t\t\t\tVoici la solution\t\t\t\t\t\t\t<\/h3>\n\t\t\t\t\t\t\n\t\t\t\t\t\t\t\t\t\t\t\t\t<div class=\"elementor-flip-box__layer__description\">\n\t\t\t\t\t\t\t\tCons\u00e9quences n\u00e9gatives de l'\u00e9mission tardive de factures et moyens de les \u00e9viter\t\t\t\t\t\t\t<\/div>\n\t\t\t\t\t\t\t\t\t\t\t<\/div>\n\t\t\t\t<\/div>\n\t\t\t<\/div>\n\t\t\t<div class=\"elementor-flip-box__layer elementor-flip-box__back\">\n\t\t\t<div class=\"elementor-flip-box__layer__overlay\">\n\t\t\t\t<div class=\"elementor-flip-box__layer__inner\">\n\t\t\t\t\t\t\t\t\t\t\t<h3 class=\"elementor-flip-box__layer__title\">\n\t\t\t\t\t\t\tLogiciel de facturation gratuit\t\t\t\t\t\t<\/h3>\n\t\t\t\t\t\n\t\t\t\t\t\t\t\t\t\t\t<div class=\"elementor-flip-box__layer__description\">\n\t\t\t\t\t\t\tLes avantages d'un logiciel de facturation pour les PME\n\t\t\t\t\t\t<\/div>\n\t\t\t\t\t\n\t\t\t\t\t\t\t\t\t\t\t<a class=\"elementor-flip-box__button elementor-button elementor-size-sm\" href=\"https:\/\/www.asesoriaorihuelacosta.com\/fr\/travailler-avec-un-logiciel-de-facturation-pour-auto-entrepreneur\/\">\n\t\t\t\t\t\t\tCliquez ici pour en savoir plus\t\t\t\t\t\t<\/a>\n\t\t\t\t\t\t\t\t<\/div>\n\t\t<\/div>\n\t\t<\/div>\n\t\t<\/div>\n\t\t\t\t\t\t<\/div>\n\t\t\t\t<\/div>\n\t\t\t\t\t<\/div>\r\n\t\t\t\t<\/div>\r\n\t\t\t\t\t<\/div>\r\n\t\t\t\t<\/section>\r\n\t\t\t\t<\/div>\n\t\t","protected":false},"excerpt":{"rendered":"<p>Que signifie \u00e9mettre des factures en temps voulu ? L&rsquo;\u00e9mission de factures en temps et en heure est un aspect fondamental du respect des obligations fiscales d&rsquo;une entreprise, d&rsquo;un ind\u00e9pendant ou d&rsquo;une profession lib\u00e9rale. L&rsquo;\u00e9mission d&rsquo;une facture consiste \u00e0 fournir une preuve juridique \u00e0 l&rsquo;appui d&rsquo;une transaction commerciale, en d\u00e9taillant les produits ou services achet\u00e9s, [&hellip;]<\/p>\n","protected":false},"author":2,"featured_media":18040,"comment_status":"closed","ping_status":"closed","sticky":false,"template":"","format":"standard","meta":{"_eb_attr":"","inline_featured_image":false,"footnotes":""},"categories":[45,1],"tags":[],"class_list":["post-18129","post","type-post","status-publish","format-standard","has-post-thumbnail","hentry","category-blog"],"featured_image_src":{"landsacpe":["https:\/\/www.asesoriaorihuelacosta.com\/wp-content\/uploads\/2023\/12\/Importancia-de-Emitir-Facturas-.jpg",640,425,false],"list":["https:\/\/www.asesoriaorihuelacosta.com\/wp-content\/uploads\/2023\/12\/Importancia-de-Emitir-Facturas--463x348.jpg",463,348,true],"medium":["https:\/\/www.asesoriaorihuelacosta.com\/wp-content\/uploads\/2023\/12\/Importancia-de-Emitir-Facturas--300x199.jpg",300,199,true],"full":["https:\/\/www.asesoriaorihuelacosta.com\/wp-content\/uploads\/2023\/12\/Importancia-de-Emitir-Facturas-.jpg",640,425,false]},"yoast_head":"<!-- This site is optimized with the Yoast SEO Premium plugin v24.7 (Yoast SEO v27.5) - https:\/\/yoast.com\/product\/yoast-seo-premium-wordpress\/ -->\n<title>L&#039;importance d&#039;\u00e9mettre des factures en temps voulu<\/title>\n<meta name=\"description\" content=\"L&#039;\u00e9mission de factures en temps voulu et en forme est essentielle pour respecter les obligations fiscales pr\u00e9vues par la loi.\" \/>\n<meta name=\"robots\" content=\"index, follow, max-snippet:-1, max-image-preview:large, max-video-preview:-1\" \/>\n<link rel=\"canonical\" href=\"https:\/\/www.asesoriaorihuelacosta.com\/fr\/limportance-demettre-des-factures-en-temps-voulu-et-de-maniere-appropriee\/\" \/>\n<meta property=\"og:locale\" content=\"fr_FR\" \/>\n<meta property=\"og:type\" content=\"article\" \/>\n<meta property=\"og:title\" content=\"L&#039;importance d&#039;\u00e9mettre des factures en temps voulu et de mani\u00e8re appropri\u00e9e\" \/>\n<meta property=\"og:description\" content=\"L&#039;\u00e9mission de factures en temps voulu et en forme est essentielle pour respecter les obligations fiscales pr\u00e9vues par la loi.\" \/>\n<meta property=\"og:url\" content=\"https:\/\/www.asesoriaorihuelacosta.com\/fr\/limportance-demettre-des-factures-en-temps-voulu-et-de-maniere-appropriee\/\" \/>\n<meta property=\"og:site_name\" content=\"Asesor\u00eda Orihuela Costa\" \/>\n<meta property=\"article:publisher\" content=\"https:\/\/www.facebook.com\/asesoriaorihuelacosta\" \/>\n<meta property=\"article:author\" content=\"https:\/\/www.facebook.com\/patrick.gordinneperez\" \/>\n<meta property=\"article:published_time\" content=\"2023-12-13T05:32:51+00:00\" \/>\n<meta property=\"article:modified_time\" content=\"2023-12-14T07:49:36+00:00\" \/>\n<meta property=\"og:image\" content=\"https:\/\/www.asesoriaorihuelacosta.com\/wp-content\/uploads\/2023\/12\/Importancia-de-Emitir-Facturas-.jpg\" \/>\n\t<meta property=\"og:image:width\" content=\"640\" \/>\n\t<meta property=\"og:image:height\" content=\"425\" \/>\n\t<meta property=\"og:image:type\" content=\"image\/jpeg\" \/>\n<meta name=\"author\" content=\"Patrick Gordinne Perez\" \/>\n<meta name=\"twitter:card\" content=\"summary_large_image\" \/>\n<meta name=\"twitter:label1\" content=\"\u00c9crit par\" \/>\n\t<meta name=\"twitter:data1\" content=\"Patrick Gordinne Perez\" \/>\n\t<meta name=\"twitter:label2\" content=\"Dur\u00e9e de lecture estim\u00e9e\" \/>\n\t<meta name=\"twitter:data2\" content=\"6 minutes\" \/>\n<script type=\"application\/ld+json\" class=\"yoast-schema-graph\">{\"@context\":\"https:\\\/\\\/schema.org\",\"@graph\":[{\"@type\":\"Article\",\"@id\":\"https:\\\/\\\/www.asesoriaorihuelacosta.com\\\/fr\\\/limportance-demettre-des-factures-en-temps-voulu-et-de-maniere-appropriee\\\/#article\",\"isPartOf\":{\"@id\":\"https:\\\/\\\/www.asesoriaorihuelacosta.com\\\/fr\\\/limportance-demettre-des-factures-en-temps-voulu-et-de-maniere-appropriee\\\/\"},\"author\":{\"name\":\"Patrick Gordinne Perez\",\"@id\":\"https:\\\/\\\/www.asesoriaorihuelacosta.com\\\/fr\\\/#\\\/schema\\\/person\\\/6614ce8cf6d2de542aaf351629fd539e\"},\"headline\":\"L&rsquo;importance d&rsquo;\u00e9mettre des factures en temps voulu et de mani\u00e8re appropri\u00e9e\",\"datePublished\":\"2023-12-13T05:32:51+00:00\",\"dateModified\":\"2023-12-14T07:49:36+00:00\",\"mainEntityOfPage\":{\"@id\":\"https:\\\/\\\/www.asesoriaorihuelacosta.com\\\/fr\\\/limportance-demettre-des-factures-en-temps-voulu-et-de-maniere-appropriee\\\/\"},\"wordCount\":1241,\"publisher\":{\"@id\":\"https:\\\/\\\/www.asesoriaorihuelacosta.com\\\/fr\\\/#organization\"},\"image\":{\"@id\":\"https:\\\/\\\/www.asesoriaorihuelacosta.com\\\/fr\\\/limportance-demettre-des-factures-en-temps-voulu-et-de-maniere-appropriee\\\/#primaryimage\"},\"thumbnailUrl\":\"https:\\\/\\\/www.asesoriaorihuelacosta.com\\\/wp-content\\\/uploads\\\/2023\\\/12\\\/Importancia-de-Emitir-Facturas-.jpg\",\"articleSection\":[\"Blog\",\"Blog\"],\"inLanguage\":\"fr-FR\"},{\"@type\":\"WebPage\",\"@id\":\"https:\\\/\\\/www.asesoriaorihuelacosta.com\\\/fr\\\/limportance-demettre-des-factures-en-temps-voulu-et-de-maniere-appropriee\\\/\",\"url\":\"https:\\\/\\\/www.asesoriaorihuelacosta.com\\\/fr\\\/limportance-demettre-des-factures-en-temps-voulu-et-de-maniere-appropriee\\\/\",\"name\":\"L'importance d'\u00e9mettre des factures en temps voulu\",\"isPartOf\":{\"@id\":\"https:\\\/\\\/www.asesoriaorihuelacosta.com\\\/fr\\\/#website\"},\"primaryImageOfPage\":{\"@id\":\"https:\\\/\\\/www.asesoriaorihuelacosta.com\\\/fr\\\/limportance-demettre-des-factures-en-temps-voulu-et-de-maniere-appropriee\\\/#primaryimage\"},\"image\":{\"@id\":\"https:\\\/\\\/www.asesoriaorihuelacosta.com\\\/fr\\\/limportance-demettre-des-factures-en-temps-voulu-et-de-maniere-appropriee\\\/#primaryimage\"},\"thumbnailUrl\":\"https:\\\/\\\/www.asesoriaorihuelacosta.com\\\/wp-content\\\/uploads\\\/2023\\\/12\\\/Importancia-de-Emitir-Facturas-.jpg\",\"datePublished\":\"2023-12-13T05:32:51+00:00\",\"dateModified\":\"2023-12-14T07:49:36+00:00\",\"description\":\"L'\u00e9mission de factures en temps voulu et en forme est essentielle pour respecter les obligations fiscales pr\u00e9vues par la loi.\",\"breadcrumb\":{\"@id\":\"https:\\\/\\\/www.asesoriaorihuelacosta.com\\\/fr\\\/limportance-demettre-des-factures-en-temps-voulu-et-de-maniere-appropriee\\\/#breadcrumb\"},\"inLanguage\":\"fr-FR\",\"potentialAction\":[{\"@type\":\"ReadAction\",\"target\":[\"https:\\\/\\\/www.asesoriaorihuelacosta.com\\\/fr\\\/limportance-demettre-des-factures-en-temps-voulu-et-de-maniere-appropriee\\\/\"]}]},{\"@type\":\"ImageObject\",\"inLanguage\":\"fr-FR\",\"@id\":\"https:\\\/\\\/www.asesoriaorihuelacosta.com\\\/fr\\\/limportance-demettre-des-factures-en-temps-voulu-et-de-maniere-appropriee\\\/#primaryimage\",\"url\":\"https:\\\/\\\/www.asesoriaorihuelacosta.com\\\/wp-content\\\/uploads\\\/2023\\\/12\\\/Importancia-de-Emitir-Facturas-.jpg\",\"contentUrl\":\"https:\\\/\\\/www.asesoriaorihuelacosta.com\\\/wp-content\\\/uploads\\\/2023\\\/12\\\/Importancia-de-Emitir-Facturas-.jpg\",\"width\":640,\"height\":425,\"caption\":\"Importancia de Emitir Facturas\"},{\"@type\":\"BreadcrumbList\",\"@id\":\"https:\\\/\\\/www.asesoriaorihuelacosta.com\\\/fr\\\/limportance-demettre-des-factures-en-temps-voulu-et-de-maniere-appropriee\\\/#breadcrumb\",\"itemListElement\":[{\"@type\":\"ListItem\",\"position\":1,\"name\":\"Home\",\"item\":\"https:\\\/\\\/www.asesoriaorihuelacosta.com\\\/fr\\\/\"},{\"@type\":\"ListItem\",\"position\":2,\"name\":\"L&#8217;importance d&#8217;\u00e9mettre des factures en temps voulu et de mani\u00e8re appropri\u00e9e\"}]},{\"@type\":\"WebSite\",\"@id\":\"https:\\\/\\\/www.asesoriaorihuelacosta.com\\\/fr\\\/#website\",\"url\":\"https:\\\/\\\/www.asesoriaorihuelacosta.com\\\/fr\\\/\",\"name\":\"https:\\\/\\\/www.asesoriaorihuelacosta.com\\\/\",\"description\":\"Grupo de asesores profesionales\",\"publisher\":{\"@id\":\"https:\\\/\\\/www.asesoriaorihuelacosta.com\\\/fr\\\/#organization\"},\"potentialAction\":[{\"@type\":\"SearchAction\",\"target\":{\"@type\":\"EntryPoint\",\"urlTemplate\":\"https:\\\/\\\/www.asesoriaorihuelacosta.com\\\/fr\\\/?s={search_term_string}\"},\"query-input\":{\"@type\":\"PropertyValueSpecification\",\"valueRequired\":true,\"valueName\":\"search_term_string\"}}],\"inLanguage\":\"fr-FR\"},{\"@type\":\"Organization\",\"@id\":\"https:\\\/\\\/www.asesoriaorihuelacosta.com\\\/fr\\\/#organization\",\"name\":\"Asesor\u00eda Orihuela Costa\",\"url\":\"https:\\\/\\\/www.asesoriaorihuelacosta.com\\\/fr\\\/\",\"logo\":{\"@type\":\"ImageObject\",\"inLanguage\":\"fr-FR\",\"@id\":\"https:\\\/\\\/www.asesoriaorihuelacosta.com\\\/fr\\\/#\\\/schema\\\/logo\\\/image\\\/\",\"url\":\"https:\\\/\\\/www.asesoriaorihuelacosta.com\\\/wp-content\\\/uploads\\\/2022\\\/06\\\/Logo-espa\u5bf8l-asesoriaorihuela.jpg\",\"contentUrl\":\"https:\\\/\\\/www.asesoriaorihuelacosta.com\\\/wp-content\\\/uploads\\\/2022\\\/06\\\/Logo-espa\u5bf8l-asesoriaorihuela.jpg\",\"width\":588,\"height\":136,\"caption\":\"Asesor\u00eda Orihuela Costa\"},\"image\":{\"@id\":\"https:\\\/\\\/www.asesoriaorihuelacosta.com\\\/fr\\\/#\\\/schema\\\/logo\\\/image\\\/\"},\"sameAs\":[\"https:\\\/\\\/www.facebook.com\\\/asesoriaorihuelacosta\"]},{\"@type\":\"Person\",\"@id\":\"https:\\\/\\\/www.asesoriaorihuelacosta.com\\\/fr\\\/#\\\/schema\\\/person\\\/6614ce8cf6d2de542aaf351629fd539e\",\"name\":\"Patrick Gordinne Perez\",\"description\":\"Soy economista colegiado por el colegio de economistas de Alicante con el n\u00famero 2722. Llevo ejerciendo desde el a\u00f1o 2005. Soy especialista en fiscalidad de empresas y aut\u00f3nomos y tambi\u00e9n especialista en gestionar compraventas. Hablo espa\u00f1ol, ingl\u00e9s y franc\u00e9s.\",\"sameAs\":[\"https:\\\/\\\/www.asesoriaorihuelacosta.com\",\"https:\\\/\\\/www.facebook.com\\\/patrick.gordinneperez\",\"https:\\\/\\\/www.linkedin.com\\\/in\\\/patrick-gordinne-perez-1b73aab3\\\/\",\"https:\\\/\\\/www.youtube.com\\\/channel\\\/UC5e95RJEVQlxCnhwDmGNVCw\"],\"gender\":\"Hombre\",\"knowsLanguage\":[\"ingl\u00e9s\",\"franc\u00e9s\",\"espa\u00f1ol\"],\"jobTitle\":\"Gerente\",\"worksFor\":\"Asesoria Orihuela Costa SL\"}]}<\/script>\n<!-- \/ Yoast SEO Premium plugin. -->","yoast_head_json":{"title":"L'importance d'\u00e9mettre des factures en temps voulu","description":"L'\u00e9mission de factures en temps voulu et en forme est essentielle pour respecter les obligations fiscales pr\u00e9vues par la loi.","robots":{"index":"index","follow":"follow","max-snippet":"max-snippet:-1","max-image-preview":"max-image-preview:large","max-video-preview":"max-video-preview:-1"},"canonical":"https:\/\/www.asesoriaorihuelacosta.com\/fr\/limportance-demettre-des-factures-en-temps-voulu-et-de-maniere-appropriee\/","og_locale":"fr_FR","og_type":"article","og_title":"L'importance d'\u00e9mettre des factures en temps voulu et de mani\u00e8re appropri\u00e9e","og_description":"L'\u00e9mission de factures en temps voulu et en forme est essentielle pour respecter les obligations fiscales pr\u00e9vues par la loi.","og_url":"https:\/\/www.asesoriaorihuelacosta.com\/fr\/limportance-demettre-des-factures-en-temps-voulu-et-de-maniere-appropriee\/","og_site_name":"Asesor\u00eda Orihuela Costa","article_publisher":"https:\/\/www.facebook.com\/asesoriaorihuelacosta","article_author":"https:\/\/www.facebook.com\/patrick.gordinneperez","article_published_time":"2023-12-13T05:32:51+00:00","article_modified_time":"2023-12-14T07:49:36+00:00","og_image":[{"width":640,"height":425,"url":"https:\/\/www.asesoriaorihuelacosta.com\/wp-content\/uploads\/2023\/12\/Importancia-de-Emitir-Facturas-.jpg","type":"image\/jpeg"}],"author":"Patrick Gordinne Perez","twitter_card":"summary_large_image","twitter_misc":{"\u00c9crit par":"Patrick Gordinne Perez","Dur\u00e9e de lecture estim\u00e9e":"6 minutes"},"schema":{"@context":"https:\/\/schema.org","@graph":[{"@type":"Article","@id":"https:\/\/www.asesoriaorihuelacosta.com\/fr\/limportance-demettre-des-factures-en-temps-voulu-et-de-maniere-appropriee\/#article","isPartOf":{"@id":"https:\/\/www.asesoriaorihuelacosta.com\/fr\/limportance-demettre-des-factures-en-temps-voulu-et-de-maniere-appropriee\/"},"author":{"name":"Patrick Gordinne Perez","@id":"https:\/\/www.asesoriaorihuelacosta.com\/fr\/#\/schema\/person\/6614ce8cf6d2de542aaf351629fd539e"},"headline":"L&rsquo;importance d&rsquo;\u00e9mettre des factures en temps voulu et de mani\u00e8re appropri\u00e9e","datePublished":"2023-12-13T05:32:51+00:00","dateModified":"2023-12-14T07:49:36+00:00","mainEntityOfPage":{"@id":"https:\/\/www.asesoriaorihuelacosta.com\/fr\/limportance-demettre-des-factures-en-temps-voulu-et-de-maniere-appropriee\/"},"wordCount":1241,"publisher":{"@id":"https:\/\/www.asesoriaorihuelacosta.com\/fr\/#organization"},"image":{"@id":"https:\/\/www.asesoriaorihuelacosta.com\/fr\/limportance-demettre-des-factures-en-temps-voulu-et-de-maniere-appropriee\/#primaryimage"},"thumbnailUrl":"https:\/\/www.asesoriaorihuelacosta.com\/wp-content\/uploads\/2023\/12\/Importancia-de-Emitir-Facturas-.jpg","articleSection":["Blog","Blog"],"inLanguage":"fr-FR"},{"@type":"WebPage","@id":"https:\/\/www.asesoriaorihuelacosta.com\/fr\/limportance-demettre-des-factures-en-temps-voulu-et-de-maniere-appropriee\/","url":"https:\/\/www.asesoriaorihuelacosta.com\/fr\/limportance-demettre-des-factures-en-temps-voulu-et-de-maniere-appropriee\/","name":"L'importance d'\u00e9mettre des factures en temps voulu","isPartOf":{"@id":"https:\/\/www.asesoriaorihuelacosta.com\/fr\/#website"},"primaryImageOfPage":{"@id":"https:\/\/www.asesoriaorihuelacosta.com\/fr\/limportance-demettre-des-factures-en-temps-voulu-et-de-maniere-appropriee\/#primaryimage"},"image":{"@id":"https:\/\/www.asesoriaorihuelacosta.com\/fr\/limportance-demettre-des-factures-en-temps-voulu-et-de-maniere-appropriee\/#primaryimage"},"thumbnailUrl":"https:\/\/www.asesoriaorihuelacosta.com\/wp-content\/uploads\/2023\/12\/Importancia-de-Emitir-Facturas-.jpg","datePublished":"2023-12-13T05:32:51+00:00","dateModified":"2023-12-14T07:49:36+00:00","description":"L'\u00e9mission de factures en temps voulu et en forme est essentielle pour respecter les obligations fiscales pr\u00e9vues par la loi.","breadcrumb":{"@id":"https:\/\/www.asesoriaorihuelacosta.com\/fr\/limportance-demettre-des-factures-en-temps-voulu-et-de-maniere-appropriee\/#breadcrumb"},"inLanguage":"fr-FR","potentialAction":[{"@type":"ReadAction","target":["https:\/\/www.asesoriaorihuelacosta.com\/fr\/limportance-demettre-des-factures-en-temps-voulu-et-de-maniere-appropriee\/"]}]},{"@type":"ImageObject","inLanguage":"fr-FR","@id":"https:\/\/www.asesoriaorihuelacosta.com\/fr\/limportance-demettre-des-factures-en-temps-voulu-et-de-maniere-appropriee\/#primaryimage","url":"https:\/\/www.asesoriaorihuelacosta.com\/wp-content\/uploads\/2023\/12\/Importancia-de-Emitir-Facturas-.jpg","contentUrl":"https:\/\/www.asesoriaorihuelacosta.com\/wp-content\/uploads\/2023\/12\/Importancia-de-Emitir-Facturas-.jpg","width":640,"height":425,"caption":"Importancia de Emitir Facturas"},{"@type":"BreadcrumbList","@id":"https:\/\/www.asesoriaorihuelacosta.com\/fr\/limportance-demettre-des-factures-en-temps-voulu-et-de-maniere-appropriee\/#breadcrumb","itemListElement":[{"@type":"ListItem","position":1,"name":"Home","item":"https:\/\/www.asesoriaorihuelacosta.com\/fr\/"},{"@type":"ListItem","position":2,"name":"L&#8217;importance d&#8217;\u00e9mettre des factures en temps voulu et de mani\u00e8re appropri\u00e9e"}]},{"@type":"WebSite","@id":"https:\/\/www.asesoriaorihuelacosta.com\/fr\/#website","url":"https:\/\/www.asesoriaorihuelacosta.com\/fr\/","name":"https:\/\/www.asesoriaorihuelacosta.com\/","description":"Grupo de asesores profesionales","publisher":{"@id":"https:\/\/www.asesoriaorihuelacosta.com\/fr\/#organization"},"potentialAction":[{"@type":"SearchAction","target":{"@type":"EntryPoint","urlTemplate":"https:\/\/www.asesoriaorihuelacosta.com\/fr\/?s={search_term_string}"},"query-input":{"@type":"PropertyValueSpecification","valueRequired":true,"valueName":"search_term_string"}}],"inLanguage":"fr-FR"},{"@type":"Organization","@id":"https:\/\/www.asesoriaorihuelacosta.com\/fr\/#organization","name":"Asesor\u00eda Orihuela Costa","url":"https:\/\/www.asesoriaorihuelacosta.com\/fr\/","logo":{"@type":"ImageObject","inLanguage":"fr-FR","@id":"https:\/\/www.asesoriaorihuelacosta.com\/fr\/#\/schema\/logo\/image\/","url":"https:\/\/www.asesoriaorihuelacosta.com\/wp-content\/uploads\/2022\/06\/Logo-espa\u5bf8l-asesoriaorihuela.jpg","contentUrl":"https:\/\/www.asesoriaorihuelacosta.com\/wp-content\/uploads\/2022\/06\/Logo-espa\u5bf8l-asesoriaorihuela.jpg","width":588,"height":136,"caption":"Asesor\u00eda Orihuela Costa"},"image":{"@id":"https:\/\/www.asesoriaorihuelacosta.com\/fr\/#\/schema\/logo\/image\/"},"sameAs":["https:\/\/www.facebook.com\/asesoriaorihuelacosta"]},{"@type":"Person","@id":"https:\/\/www.asesoriaorihuelacosta.com\/fr\/#\/schema\/person\/6614ce8cf6d2de542aaf351629fd539e","name":"Patrick Gordinne Perez","description":"Soy economista colegiado por el colegio de economistas de Alicante con el n\u00famero 2722. Llevo ejerciendo desde el a\u00f1o 2005. Soy especialista en fiscalidad de empresas y aut\u00f3nomos y tambi\u00e9n especialista en gestionar compraventas. Hablo espa\u00f1ol, ingl\u00e9s y franc\u00e9s.","sameAs":["https:\/\/www.asesoriaorihuelacosta.com","https:\/\/www.facebook.com\/patrick.gordinneperez","https:\/\/www.linkedin.com\/in\/patrick-gordinne-perez-1b73aab3\/","https:\/\/www.youtube.com\/channel\/UC5e95RJEVQlxCnhwDmGNVCw"],"gender":"Hombre","knowsLanguage":["ingl\u00e9s","franc\u00e9s","espa\u00f1ol"],"jobTitle":"Gerente","worksFor":"Asesoria Orihuela Costa SL"}]}},"_links":{"self":[{"href":"https:\/\/www.asesoriaorihuelacosta.com\/fr\/wp-json\/wp\/v2\/posts\/18129","targetHints":{"allow":["GET"]}}],"collection":[{"href":"https:\/\/www.asesoriaorihuelacosta.com\/fr\/wp-json\/wp\/v2\/posts"}],"about":[{"href":"https:\/\/www.asesoriaorihuelacosta.com\/fr\/wp-json\/wp\/v2\/types\/post"}],"author":[{"embeddable":true,"href":"https:\/\/www.asesoriaorihuelacosta.com\/fr\/wp-json\/wp\/v2\/users\/2"}],"replies":[{"embeddable":true,"href":"https:\/\/www.asesoriaorihuelacosta.com\/fr\/wp-json\/wp\/v2\/comments?post=18129"}],"version-history":[{"count":4,"href":"https:\/\/www.asesoriaorihuelacosta.com\/fr\/wp-json\/wp\/v2\/posts\/18129\/revisions"}],"predecessor-version":[{"id":18133,"href":"https:\/\/www.asesoriaorihuelacosta.com\/fr\/wp-json\/wp\/v2\/posts\/18129\/revisions\/18133"}],"wp:featuredmedia":[{"embeddable":true,"href":"https:\/\/www.asesoriaorihuelacosta.com\/fr\/wp-json\/wp\/v2\/media\/18040"}],"wp:attachment":[{"href":"https:\/\/www.asesoriaorihuelacosta.com\/fr\/wp-json\/wp\/v2\/media?parent=18129"}],"wp:term":[{"taxonomy":"category","embeddable":true,"href":"https:\/\/www.asesoriaorihuelacosta.com\/fr\/wp-json\/wp\/v2\/categories?post=18129"},{"taxonomy":"post_tag","embeddable":true,"href":"https:\/\/www.asesoriaorihuelacosta.com\/fr\/wp-json\/wp\/v2\/tags?post=18129"}],"curies":[{"name":"wp","href":"https:\/\/api.w.org\/{rel}","templated":true}]}}