{"id":17595,"date":"2023-11-29T15:31:03","date_gmt":"2023-11-29T15:31:03","guid":{"rendered":"https:\/\/www.asesoriaorihuelacosta.com\/?p=17595"},"modified":"2023-12-01T07:11:15","modified_gmt":"2023-12-01T07:11:15","slug":"quest-ce-que-le-depot-des-comptes-annuels-en-comptabilite","status":"publish","type":"post","link":"https:\/\/www.asesoriaorihuelacosta.com\/fr\/quest-ce-que-le-depot-des-comptes-annuels-en-comptabilite\/","title":{"rendered":"Qu&rsquo;est-ce que le d\u00e9p\u00f4t des comptes annuels en comptabilit\u00e9 ?"},"content":{"rendered":"\t\t<div data-elementor-type=\"wp-post\" data-elementor-id=\"17595\" class=\"elementor elementor-17595\" data-elementor-post-type=\"post\">\n\t\t\t\t\t\t<section data-particle_enable=\"false\" data-particle-mobile-disabled=\"false\" class=\"elementor-section elementor-top-section elementor-element elementor-element-5a5dfed elementor-section-boxed elementor-section-height-default elementor-section-height-default\" data-id=\"5a5dfed\" data-element_type=\"section\" data-e-type=\"section\">\r\n\t\t\r\n\t\t\t\t\t\t\t<div class=\"elementor-container elementor-column-gap-default\">\r\n\t\t\t\t\t\t\t\t\t\t\t<div class=\"elementor-column elementor-col-100 elementor-top-column elementor-element elementor-element-a52c8bb\" data-id=\"a52c8bb\" data-element_type=\"column\" data-e-type=\"column\">\r\n\t\t\t\t\t<div class=\"elementor-widget-wrap elementor-element-populated\">\r\n\t\t\t\t\t\t\t\t<div class=\"elementor-element elementor-element-14e6df7 elementor-widget elementor-widget-text-editor\" data-id=\"14e6df7\" data-element_type=\"widget\" data-e-type=\"widget\" data-widget_type=\"text-editor.default\">\n\t\t\t\t<div class=\"elementor-widget-container\">\n\t\t\t\t\t\t\t\t\t<p>Le <strong>d\u00e9p\u00f4t des comptes annuels<\/strong> est une notion comptable de base. Indispensable pour enregistrer les r\u00e9sultats et les pr\u00e9senter correctement, le d\u00e9p\u00f4t des comptes annuels est l&rsquo;outil financier ad\u00e9quat pour g\u00e9rer les finances de votre entreprise.<\/p>\t\t\t\t\t\t\t\t<\/div>\n\t\t\t\t<\/div>\n\t\t\t\t\t<\/div>\r\n\t\t\t\t<\/div>\r\n\t\t\t\t\t<\/div>\r\n\t\t\t\t<\/section>\r\n\t\t\t\t<section data-particle_enable=\"false\" data-particle-mobile-disabled=\"false\" class=\"elementor-section elementor-top-section elementor-element elementor-element-fe05f9e elementor-section-boxed elementor-section-height-default elementor-section-height-default\" data-id=\"fe05f9e\" data-element_type=\"section\" data-e-type=\"section\">\r\n\t\t\r\n\t\t\t\t\t\t\t<div class=\"elementor-container elementor-column-gap-default\">\r\n\t\t\t\t\t\t\t\t\t\t\t<div class=\"elementor-column elementor-col-100 elementor-top-column elementor-element elementor-element-f3737cc\" data-id=\"f3737cc\" data-element_type=\"column\" data-e-type=\"column\">\r\n\t\t\t\t\t<div class=\"elementor-widget-wrap elementor-element-populated\">\r\n\t\t\t\t\t\t\t\t<div class=\"elementor-element elementor-element-8fcea72 elementor-widget elementor-widget-heading\" data-id=\"8fcea72\" data-element_type=\"widget\" data-e-type=\"widget\" data-widget_type=\"heading.default\">\n\t\t\t\t<div class=\"elementor-widget-container\">\n\t\t\t\t\t<h2 class=\"elementor-heading-title elementor-size-default\">Qu'est-ce que le d\u00e9p\u00f4t des comptes annuels ?\n<\/h2>\t\t\t\t<\/div>\n\t\t\t\t<\/div>\n\t\t\t\t\t<\/div>\r\n\t\t\t\t<\/div>\r\n\t\t\t\t\t<\/div>\r\n\t\t\t\t<\/section>\r\n\t\t\t\t<section data-particle_enable=\"false\" data-particle-mobile-disabled=\"false\" class=\"elementor-section elementor-top-section elementor-element elementor-element-c151414 elementor-section-boxed elementor-section-height-default elementor-section-height-default\" data-id=\"c151414\" data-element_type=\"section\" data-e-type=\"section\">\r\n\t\t\r\n\t\t\t\t\t\t\t<div class=\"elementor-container elementor-column-gap-default\">\r\n\t\t\t\t\t\t\t\t\t\t\t<div class=\"elementor-column elementor-col-100 elementor-top-column elementor-element elementor-element-ffb2bc3\" data-id=\"ffb2bc3\" data-element_type=\"column\" data-e-type=\"column\">\r\n\t\t\t\t\t<div class=\"elementor-widget-wrap elementor-element-populated\">\r\n\t\t\t\t\t\t\t\t<div class=\"elementor-element elementor-element-ae1a0d3 elementor-widget elementor-widget-text-editor\" data-id=\"ae1a0d3\" data-element_type=\"widget\" data-e-type=\"widget\" data-widget_type=\"text-editor.default\">\n\t\t\t\t<div class=\"elementor-widget-container\">\n\t\t\t\t\t\t\t\t\t<p>Le d\u00e9p\u00f4t des comptes annuels est un processus obligatoire dans le monde des affaires, qui consiste \u00e0 d\u00e9poser et \u00e0 enregistrer les \u00e9tats financiers et les documents comptables d&rsquo;une entreprise. Ces documents comprennent le bilan, le compte de r\u00e9sultat, le rapport de gestion et d&rsquo;autres rapports financiers qui donnent une image compl\u00e8te de la situation \u00e9conomique et financi\u00e8re de l&rsquo;entreprise au cours d&rsquo;une p\u00e9riode donn\u00e9e, g\u00e9n\u00e9ralement un exercice fiscal. Le d\u00e9p\u00f4t des comptes annuels vise \u00e0 assurer la transparence et l&rsquo;acc\u00e8s \u00e0 l&rsquo;information financi\u00e8re des entreprises, tant pour les r\u00e9gulateurs que pour le grand public (c&rsquo;est-\u00e0-dire que tout le monde peut acc\u00e9der aux informations comptables de votre entreprise dans le registre du commerce, moyennant des frais bien s\u00fbr) et r\u00e9pond \u00e0 des exigences l\u00e9gales et r\u00e9glementaires qui varient en fonction de la juridiction et de la forme juridique de l&rsquo;entreprise.<\/p>\t\t\t\t\t\t\t\t<\/div>\n\t\t\t\t<\/div>\n\t\t\t\t\t<\/div>\r\n\t\t\t\t<\/div>\r\n\t\t\t\t\t<\/div>\r\n\t\t\t\t<\/section>\r\n\t\t\t\t<section data-particle_enable=\"false\" data-particle-mobile-disabled=\"false\" class=\"elementor-section elementor-top-section elementor-element elementor-element-2d862f6 elementor-section-boxed elementor-section-height-default elementor-section-height-default\" data-id=\"2d862f6\" data-element_type=\"section\" data-e-type=\"section\">\r\n\t\t\r\n\t\t\t\t\t\t\t<div class=\"elementor-container elementor-column-gap-default\">\r\n\t\t\t\t\t\t\t\t\t\t\t<div class=\"elementor-column elementor-col-100 elementor-top-column elementor-element elementor-element-84e557c\" data-id=\"84e557c\" data-element_type=\"column\" data-e-type=\"column\">\r\n\t\t\t\t\t<div class=\"elementor-widget-wrap elementor-element-populated\">\r\n\t\t\t\t\t\t\t\t<div class=\"elementor-element elementor-element-ceca25d elementor-widget elementor-widget-heading\" data-id=\"ceca25d\" data-element_type=\"widget\" data-e-type=\"widget\" data-widget_type=\"heading.default\">\n\t\t\t\t<div class=\"elementor-widget-container\">\n\t\t\t\t\t<h2 class=\"elementor-heading-title elementor-size-default\">Date de d\u00e9p\u00f4t des comptes annuels\n<\/h2>\t\t\t\t<\/div>\n\t\t\t\t<\/div>\n\t\t\t\t\t<\/div>\r\n\t\t\t\t<\/div>\r\n\t\t\t\t\t<\/div>\r\n\t\t\t\t<\/section>\r\n\t\t\t\t<section data-particle_enable=\"false\" data-particle-mobile-disabled=\"false\" class=\"elementor-section elementor-top-section elementor-element elementor-element-895ccbe elementor-section-boxed elementor-section-height-default elementor-section-height-default\" data-id=\"895ccbe\" data-element_type=\"section\" data-e-type=\"section\">\r\n\t\t\r\n\t\t\t\t\t\t\t<div class=\"elementor-container elementor-column-gap-default\">\r\n\t\t\t\t\t\t\t\t\t\t\t<div class=\"elementor-column elementor-col-100 elementor-top-column elementor-element elementor-element-697f356\" data-id=\"697f356\" data-element_type=\"column\" data-e-type=\"column\">\r\n\t\t\t\t\t<div class=\"elementor-widget-wrap elementor-element-populated\">\r\n\t\t\t\t\t\t\t\t<div class=\"elementor-element elementor-element-51ef1f2 elementor-widget elementor-widget-text-editor\" data-id=\"51ef1f2\" data-element_type=\"widget\" data-e-type=\"widget\" data-widget_type=\"text-editor.default\">\n\t\t\t\t<div class=\"elementor-widget-container\">\n\t\t\t\t\t\t\t\t\t<p>Les comptes annuels doivent \u00eatre d\u00e9pos\u00e9s au registre du commerce et des soci\u00e9t\u00e9s dans le d\u00e9lai l\u00e9gal fix\u00e9 par la loi. En g\u00e9n\u00e9ral, en Espagne, le d\u00e9lai pour l&rsquo;\u00e9tablissement des comptes annuels est de trois mois \u00e0 compter de la fin de l&rsquo;exercice comptable de la soci\u00e9t\u00e9. La <strong>l\u00e9galisation des livres comptables se fait jusqu&rsquo;au 30 avril<\/strong> de l&rsquo;ann\u00e9e qui suit la fin de l&rsquo;exercice comptable.<\/p><p>Si l&rsquo;exercice comptable se termine le 31 d\u00e9cembre, l<strong>es comptes annuels doivent \u00eatre d\u00e9pos\u00e9s avant le 31 juillet<\/strong> de l&rsquo;ann\u00e9e suivante.<\/p><p>Il est essentiel de respecter ce d\u00e9lai, car le d\u00e9p\u00f4t tardif des comptes annuels peut entra\u00eener des sanctions et des p\u00e9nalit\u00e9s pour la soci\u00e9t\u00e9 et ses administrateurs. En outre, le d\u00e9p\u00f4t des comptes dans les d\u00e9lais est un signe de transparence et de respect de la r\u00e9glementation, qui suscite la confiance des investisseurs, des fournisseurs et des clients.<\/p><p>Il est important de noter que le processus de d\u00e9p\u00f4t des comptes annuels peut varier en fonction de la juridiction et du type de soci\u00e9t\u00e9. Il est donc essentiel de consulter et de s&rsquo;adapter \u00e0 la l\u00e9gislation et aux exigences sp\u00e9cifiques afin d&rsquo;\u00e9viter les probl\u00e8mes juridiques et administratifs.<\/p>\t\t\t\t\t\t\t\t<\/div>\n\t\t\t\t<\/div>\n\t\t\t\t\t<\/div>\r\n\t\t\t\t<\/div>\r\n\t\t\t\t\t<\/div>\r\n\t\t\t\t<\/section>\r\n\t\t\t\t<section data-particle_enable=\"false\" data-particle-mobile-disabled=\"false\" class=\"elementor-section elementor-top-section elementor-element elementor-element-4676637 elementor-section-boxed elementor-section-height-default elementor-section-height-default\" data-id=\"4676637\" data-element_type=\"section\" data-e-type=\"section\">\r\n\t\t\r\n\t\t\t\t\t\t\t<div class=\"elementor-container elementor-column-gap-default\">\r\n\t\t\t\t\t\t\t\t\t\t\t<div class=\"elementor-column elementor-col-100 elementor-top-column elementor-element elementor-element-b2a92c2\" data-id=\"b2a92c2\" data-element_type=\"column\" data-e-type=\"column\">\r\n\t\t\t\t\t<div class=\"elementor-widget-wrap elementor-element-populated\">\r\n\t\t\t\t\t\t\t\t<div class=\"elementor-element elementor-element-b4b6d34 elementor-align-center elementor-widget elementor-widget-button\" data-id=\"b4b6d34\" data-element_type=\"widget\" data-e-type=\"widget\" data-widget_type=\"button.default\">\n\t\t\t\t<div class=\"elementor-widget-container\">\n\t\t\t\t\t\t\t\t\t<div class=\"elementor-button-wrapper\">\n\t\t\t\t\t<a class=\"elementor-button elementor-button-link elementor-size-lg\" href=\"https:\/\/www.asesoriaorihuelacosta.com\/fr\/contacter\/\">\n\t\t\t\t\t\t<span class=\"elementor-button-content-wrapper\">\n\t\t\t\t\t\t\t\t\t<span class=\"elementor-button-text\">Je vous demande de pr\u00e9senter les comptes annuels de mon entreprise.<\/span>\n\t\t\t\t\t<\/span>\n\t\t\t\t\t<\/a>\n\t\t\t\t<\/div>\n\t\t\t\t\t\t\t\t<\/div>\n\t\t\t\t<\/div>\n\t\t\t\t\t<\/div>\r\n\t\t\t\t<\/div>\r\n\t\t\t\t\t<\/div>\r\n\t\t\t\t<\/section>\r\n\t\t\t\t<section data-particle_enable=\"false\" data-particle-mobile-disabled=\"false\" class=\"elementor-section elementor-top-section elementor-element elementor-element-e025593 elementor-section-boxed elementor-section-height-default elementor-section-height-default\" data-id=\"e025593\" data-element_type=\"section\" data-e-type=\"section\">\r\n\t\t\r\n\t\t\t\t\t\t\t<div class=\"elementor-container elementor-column-gap-default\">\r\n\t\t\t\t\t\t\t\t\t\t\t<div class=\"elementor-column elementor-col-100 elementor-top-column elementor-element elementor-element-8e1e1ec\" data-id=\"8e1e1ec\" data-element_type=\"column\" data-e-type=\"column\">\r\n\t\t\t\t\t<div class=\"elementor-widget-wrap elementor-element-populated\">\r\n\t\t\t\t\t\t\t\t<div class=\"elementor-element elementor-element-1d721f0 elementor-widget elementor-widget-heading\" data-id=\"1d721f0\" data-element_type=\"widget\" data-e-type=\"widget\" data-widget_type=\"heading.default\">\n\t\t\t\t<div class=\"elementor-widget-container\">\n\t\t\t\t\t<h2 class=\"elementor-heading-title elementor-size-default\">O\u00f9 le d\u00e9p\u00f4t des comptes annuels est effectu\u00e9 en Espagne<\/h2>\t\t\t\t<\/div>\n\t\t\t\t<\/div>\n\t\t\t\t\t<\/div>\r\n\t\t\t\t<\/div>\r\n\t\t\t\t\t<\/div>\r\n\t\t\t\t<\/section>\r\n\t\t\t\t<section data-particle_enable=\"false\" data-particle-mobile-disabled=\"false\" class=\"elementor-section elementor-top-section elementor-element elementor-element-5572409 elementor-section-boxed elementor-section-height-default elementor-section-height-default\" data-id=\"5572409\" data-element_type=\"section\" data-e-type=\"section\">\r\n\t\t\r\n\t\t\t\t\t\t\t<div class=\"elementor-container elementor-column-gap-default\">\r\n\t\t\t\t\t\t\t\t\t\t\t<div class=\"elementor-column elementor-col-100 elementor-top-column elementor-element elementor-element-c3abd9d\" data-id=\"c3abd9d\" data-element_type=\"column\" data-e-type=\"column\">\r\n\t\t\t\t\t<div class=\"elementor-widget-wrap elementor-element-populated\">\r\n\t\t\t\t\t\t\t\t<div class=\"elementor-element elementor-element-d2a5029 elementor-widget elementor-widget-text-editor\" data-id=\"d2a5029\" data-element_type=\"widget\" data-e-type=\"widget\" data-widget_type=\"text-editor.default\">\n\t\t\t\t<div class=\"elementor-widget-container\">\n\t\t\t\t\t\t\t\t\t<p>Le d\u00e9p\u00f4t des comptes annuels s&rsquo;effectue en remettant la documentation requise \u00e0 l&rsquo;entit\u00e9 correspondante, qui est g\u00e9n\u00e9ralement le registre du commerce (Registro Mercantil en Espagnol). Il est important de v\u00e9rifier la juridiction et les r\u00e9glementations sp\u00e9cifiques \u00e0 chaque endroit, car les r\u00e8gles peuvent varier.<\/p><p>Dans le cas de l&rsquo;Espagne, par exemple, les comptes annuels sont d\u00e9pos\u00e9s au registre du commerce de la province o\u00f9 la soci\u00e9t\u00e9 a son si\u00e8ge social. En g\u00e9n\u00e9ral, un formulaire sp\u00e9cifique et les \u00e9tats financiers audit\u00e9s, le rapport de gestion et les autres documents requis doivent \u00eatre joints.<\/p>\t\t\t\t\t\t\t\t<\/div>\n\t\t\t\t<\/div>\n\t\t\t\t\t<\/div>\r\n\t\t\t\t<\/div>\r\n\t\t\t\t\t<\/div>\r\n\t\t\t\t<\/section>\r\n\t\t\t\t<section data-particle_enable=\"false\" data-particle-mobile-disabled=\"false\" class=\"elementor-section elementor-top-section elementor-element elementor-element-a7ffb1e elementor-section-boxed elementor-section-height-default elementor-section-height-default\" data-id=\"a7ffb1e\" data-element_type=\"section\" data-e-type=\"section\">\r\n\t\t\r\n\t\t\t\t\t\t\t<div class=\"elementor-container elementor-column-gap-default\">\r\n\t\t\t\t\t\t\t\t\t\t\t<div class=\"elementor-column elementor-col-100 elementor-top-column elementor-element elementor-element-f38f18b\" data-id=\"f38f18b\" data-element_type=\"column\" data-e-type=\"column\">\r\n\t\t\t\t\t<div class=\"elementor-widget-wrap elementor-element-populated\">\r\n\t\t\t\t\t\t\t\t<div class=\"elementor-element elementor-element-29a0373 elementor-widget elementor-widget-heading\" data-id=\"29a0373\" data-element_type=\"widget\" data-e-type=\"widget\" data-widget_type=\"heading.default\">\n\t\t\t\t<div class=\"elementor-widget-container\">\n\t\t\t\t\t<h2 class=\"elementor-heading-title elementor-size-default\">Quelles sont les informations incluses dans les comptes annuels ?\n<\/h2>\t\t\t\t<\/div>\n\t\t\t\t<\/div>\n\t\t\t\t\t<\/div>\r\n\t\t\t\t<\/div>\r\n\t\t\t\t\t<\/div>\r\n\t\t\t\t<\/section>\r\n\t\t\t\t<section data-particle_enable=\"false\" data-particle-mobile-disabled=\"false\" class=\"elementor-section elementor-top-section elementor-element elementor-element-25604e8 elementor-section-boxed elementor-section-height-default elementor-section-height-default\" data-id=\"25604e8\" data-element_type=\"section\" data-e-type=\"section\">\r\n\t\t\r\n\t\t\t\t\t\t\t<div class=\"elementor-container elementor-column-gap-default\">\r\n\t\t\t\t\t\t\t\t\t\t\t<div class=\"elementor-column elementor-col-100 elementor-top-column elementor-element elementor-element-7de20dc\" data-id=\"7de20dc\" data-element_type=\"column\" data-e-type=\"column\">\r\n\t\t\t\t\t<div class=\"elementor-widget-wrap elementor-element-populated\">\r\n\t\t\t\t\t\t\t\t<div class=\"elementor-element elementor-element-feccb49 elementor-widget elementor-widget-text-editor\" data-id=\"feccb49\" data-element_type=\"widget\" data-e-type=\"widget\" data-widget_type=\"text-editor.default\">\n\t\t\t\t<div class=\"elementor-widget-container\">\n\t\t\t\t\t\t\t\t\t<p>Les comptes annuels comprennent g\u00e9n\u00e9ralement un certain nombre de documents cl\u00e9s et d&rsquo;\u00e9tats financiers, qui donnent une image compl\u00e8te de la situation \u00e9conomique et financi\u00e8re de l&rsquo;entit\u00e9. Ses principales parties sont les suivantes :<\/p><ul><li>Le bilan : Ce document pr\u00e9sente la situation financi\u00e8re de l&rsquo;entreprise \u00e0 un moment donn\u00e9, en d\u00e9taillant les actifs (biens et droits) et les passifs (dettes et obligations).<\/li><li>Compte de r\u00e9sultat : \u00e9galement appel\u00e9 compte de r\u00e9sultat, ce compte refl\u00e8te les produits et les charges de l&rsquo;entit\u00e9 au cours d&rsquo;une p\u00e9riode donn\u00e9e, ce qui permet de calculer le r\u00e9sultat \u00e9conomique, \u00e0 savoir le b\u00e9n\u00e9fice ou la perte.<\/li><li>Rapport annuel : le rapport annuel est un rapport explicatif qui accompagne les \u00e9tats financiers. Il fournit des informations suppl\u00e9mentaires sur les m\u00e9thodes comptables, les changements significatifs, les risques et d&rsquo;autres aspects utiles \u00e0 la compr\u00e9hension des chiffres pr\u00e9sent\u00e9s.<\/li><li>Rapport de gestion : ce rapport est g\u00e9n\u00e9ralement pr\u00e9par\u00e9 par la direction de l&rsquo;entreprise et met en lumi\u00e8re les r\u00e9alisations et les difficult\u00e9s de l&rsquo;ann\u00e9e, ainsi que les perspectives d&rsquo;avenir.<\/li><li>Rapport du commissaire aux comptes : si les comptes ont \u00e9t\u00e9 v\u00e9rifi\u00e9s, ce document, \u00e9mis par un commissaire aux comptes externe, comprend ses conclusions et opinions sur la fiabilit\u00e9 des \u00e9tats financiers.<\/li><li>Tr\u00e9sorerie et \u00e9quivalents de tr\u00e9sorerie : d\u00e9taille les flux de tr\u00e9sorerie de l&rsquo;entit\u00e9, y compris les encaissements et d\u00e9caissements, les placements temporaires et les soldes bancaires.<\/li><li>Notes explicatives : elles accompagnent les \u00e9tats financiers et contiennent des d\u00e9tails suppl\u00e9mentaires sur des postes sp\u00e9cifiques, des m\u00e9thodes comptables et d&rsquo;autres questions pertinentes.<\/li><li>Certificat de la r\u00e9solution du conseil d&rsquo;administration approuvant les comptes.<\/li><li>\u00c9tat des variations des capitaux propres : il montre l&rsquo;\u00e9volution des capitaux propres de l&rsquo;entit\u00e9 au cours de la p\u00e9riode, y compris les variations du capital social, des r\u00e9serves et des b\u00e9n\u00e9fices non distribu\u00e9s.<\/li><li>Les comptes annuels doivent \u00eatre sign\u00e9s par le chef d&rsquo;entreprise.<\/li><\/ul><p>Il s&rsquo;agit des \u00e9l\u00e9ments les plus courants qui sont g\u00e9n\u00e9ralement inclus dans le d\u00e9p\u00f4t des comptes annuels.<\/p>\t\t\t\t\t\t\t\t<\/div>\n\t\t\t\t<\/div>\n\t\t\t\t\t<\/div>\r\n\t\t\t\t<\/div>\r\n\t\t\t\t\t<\/div>\r\n\t\t\t\t<\/section>\r\n\t\t\t\t<section data-particle_enable=\"false\" data-particle-mobile-disabled=\"false\" class=\"elementor-section elementor-top-section elementor-element elementor-element-0d5267d elementor-section-boxed elementor-section-height-default elementor-section-height-default\" data-id=\"0d5267d\" data-element_type=\"section\" data-e-type=\"section\">\r\n\t\t\r\n\t\t\t\t\t\t\t<div class=\"elementor-container elementor-column-gap-default\">\r\n\t\t\t\t\t\t\t\t\t\t\t<div class=\"elementor-column elementor-col-100 elementor-top-column elementor-element elementor-element-ba89566\" data-id=\"ba89566\" data-element_type=\"column\" data-e-type=\"column\">\r\n\t\t\t\t\t<div class=\"elementor-widget-wrap elementor-element-populated\">\r\n\t\t\t\t\t\t\t\t<div class=\"elementor-element elementor-element-3996c7e elementor-widget elementor-widget-heading\" data-id=\"3996c7e\" data-element_type=\"widget\" data-e-type=\"widget\" data-widget_type=\"heading.default\">\n\t\t\t\t<div class=\"elementor-widget-container\">\n\t\t\t\t\t<h2 class=\"elementor-heading-title elementor-size-default\">Asesor\u00eda Orihuela Costa, votre gestionnaire  conseille\u00e9 dans les entreprises\n<\/h2>\t\t\t\t<\/div>\n\t\t\t\t<\/div>\n\t\t\t\t\t<\/div>\r\n\t\t\t\t<\/div>\r\n\t\t\t\t\t<\/div>\r\n\t\t\t\t<\/section>\r\n\t\t\t\t<section data-particle_enable=\"false\" data-particle-mobile-disabled=\"false\" class=\"elementor-section elementor-top-section elementor-element elementor-element-d8c23c5 elementor-section-boxed elementor-section-height-default elementor-section-height-default\" data-id=\"d8c23c5\" data-element_type=\"section\" data-e-type=\"section\">\r\n\t\t\r\n\t\t\t\t\t\t\t<div class=\"elementor-container elementor-column-gap-default\">\r\n\t\t\t\t\t\t\t\t\t\t\t<div class=\"elementor-column elementor-col-100 elementor-top-column elementor-element elementor-element-4eb1f42\" data-id=\"4eb1f42\" data-element_type=\"column\" data-e-type=\"column\">\r\n\t\t\t\t\t<div class=\"elementor-widget-wrap elementor-element-populated\">\r\n\t\t\t\t\t\t\t\t<div class=\"elementor-element elementor-element-2c7cff6 elementor-widget elementor-widget-text-editor\" data-id=\"2c7cff6\" data-element_type=\"widget\" data-e-type=\"widget\" data-widget_type=\"text-editor.default\">\n\t\t\t\t<div class=\"elementor-widget-container\">\n\t\t\t\t\t\t\t\t\t<p>Si vous recherchez un gestor capable de vous conseiller sur tous les aspects li\u00e9s \u00e0 la situation financi\u00e8re de votre entreprise, Asesor\u00eda Orihuela Costa vous propose la meilleure \u00e9quipe financi\u00e8re et fiscale. Notre \u00e9quipe se charge d&rsquo;\u00e9valuer l&rsquo;\u00e9tat actuel de votre entreprise, de d\u00e9poser les comptes annuels et tout rapport sp\u00e9cifique li\u00e9 \u00e0 la trajectoire \u00e9conomique de votre entreprise. En outre, nous offrons \u00e9galement des conseils fiscaux pour les entreprises et les travailleurs ind\u00e9pendants.<\/p>\t\t\t\t\t\t\t\t<\/div>\n\t\t\t\t<\/div>\n\t\t\t\t\t<\/div>\r\n\t\t\t\t<\/div>\r\n\t\t\t\t\t<\/div>\r\n\t\t\t\t<\/section>\r\n\t\t\t\t<\/div>\n\t\t","protected":false},"excerpt":{"rendered":"<p>Le d\u00e9p\u00f4t des comptes annuels est une notion comptable de base. Indispensable pour enregistrer les r\u00e9sultats et les pr\u00e9senter correctement, le d\u00e9p\u00f4t des comptes annuels est l&rsquo;outil financier ad\u00e9quat pour g\u00e9rer les finances de votre entreprise. Qu&rsquo;est-ce que le d\u00e9p\u00f4t des comptes annuels ? Le d\u00e9p\u00f4t des comptes annuels est un processus obligatoire dans le [&hellip;]<\/p>\n","protected":false},"author":2,"featured_media":17549,"comment_status":"closed","ping_status":"closed","sticky":false,"template":"","format":"standard","meta":{"_eb_attr":"","inline_featured_image":false,"footnotes":""},"categories":[45],"tags":[],"class_list":["post-17595","post","type-post","status-publish","format-standard","has-post-thumbnail","hentry","category-blog"],"featured_image_src":{"landsacpe":["https:\/\/www.asesoriaorihuelacosta.com\/wp-content\/uploads\/2023\/11\/entrepreneur-593361_640.jpg",640,424,false],"list":["https:\/\/www.asesoriaorihuelacosta.com\/wp-content\/uploads\/2023\/11\/entrepreneur-593361_640-463x348.jpg",463,348,true],"medium":["https:\/\/www.asesoriaorihuelacosta.com\/wp-content\/uploads\/2023\/11\/entrepreneur-593361_640-300x199.jpg",300,199,true],"full":["https:\/\/www.asesoriaorihuelacosta.com\/wp-content\/uploads\/2023\/11\/entrepreneur-593361_640.jpg",640,424,false]},"yoast_head":"<!-- This site is optimized with the Yoast SEO Premium plugin v24.7 (Yoast SEO v27.4) - https:\/\/yoast.com\/product\/yoast-seo-premium-wordpress\/ -->\n<title>Qu&#039;est-ce que le d\u00e9p\u00f4t des comptes annuels en comptabilit\u00e9 ?<\/title>\n<meta name=\"description\" content=\"Nous analysons ce qu&#039;est le d\u00e9p\u00f4t des comptes annuels, o\u00f9 il est effectu\u00e9 et les conditions qu&#039;il doit remplir dans les conditions actuelles.\" \/>\n<meta name=\"robots\" content=\"index, follow, max-snippet:-1, max-image-preview:large, max-video-preview:-1\" \/>\n<link rel=\"canonical\" href=\"https:\/\/www.asesoriaorihuelacosta.com\/fr\/quest-ce-que-le-depot-des-comptes-annuels-en-comptabilite\/\" \/>\n<meta property=\"og:locale\" content=\"fr_FR\" \/>\n<meta property=\"og:type\" content=\"article\" \/>\n<meta property=\"og:title\" content=\"Qu&#039;est-ce que le d\u00e9p\u00f4t des comptes annuels en comptabilit\u00e9 ?\" \/>\n<meta property=\"og:description\" content=\"Nous analysons ce qu&#039;est le d\u00e9p\u00f4t des comptes annuels, o\u00f9 il est effectu\u00e9 et les conditions qu&#039;il doit remplir dans les conditions actuelles.\" \/>\n<meta property=\"og:url\" content=\"https:\/\/www.asesoriaorihuelacosta.com\/fr\/quest-ce-que-le-depot-des-comptes-annuels-en-comptabilite\/\" \/>\n<meta property=\"og:site_name\" content=\"Asesor\u00eda Orihuela Costa\" \/>\n<meta property=\"article:publisher\" content=\"https:\/\/www.facebook.com\/asesoriaorihuelacosta\" \/>\n<meta property=\"article:author\" content=\"https:\/\/www.facebook.com\/patrick.gordinneperez\" \/>\n<meta property=\"article:published_time\" content=\"2023-11-29T15:31:03+00:00\" \/>\n<meta property=\"article:modified_time\" content=\"2023-12-01T07:11:15+00:00\" \/>\n<meta property=\"og:image\" content=\"https:\/\/www.asesoriaorihuelacosta.com\/wp-content\/uploads\/2023\/11\/entrepreneur-593361_640.jpg\" \/>\n\t<meta property=\"og:image:width\" content=\"640\" \/>\n\t<meta property=\"og:image:height\" content=\"424\" \/>\n\t<meta property=\"og:image:type\" content=\"image\/jpeg\" \/>\n<meta name=\"author\" content=\"Patrick Gordinne Perez\" \/>\n<meta name=\"twitter:card\" content=\"summary_large_image\" \/>\n<meta name=\"twitter:label1\" content=\"\u00c9crit par\" \/>\n\t<meta name=\"twitter:data1\" content=\"Patrick Gordinne Perez\" \/>\n\t<meta name=\"twitter:label2\" content=\"Dur\u00e9e de lecture estim\u00e9e\" \/>\n\t<meta name=\"twitter:data2\" content=\"5 minutes\" \/>\n<script type=\"application\/ld+json\" class=\"yoast-schema-graph\">{\"@context\":\"https:\\\/\\\/schema.org\",\"@graph\":[{\"@type\":\"Article\",\"@id\":\"https:\\\/\\\/www.asesoriaorihuelacosta.com\\\/fr\\\/quest-ce-que-le-depot-des-comptes-annuels-en-comptabilite\\\/#article\",\"isPartOf\":{\"@id\":\"https:\\\/\\\/www.asesoriaorihuelacosta.com\\\/fr\\\/quest-ce-que-le-depot-des-comptes-annuels-en-comptabilite\\\/\"},\"author\":{\"name\":\"Patrick Gordinne Perez\",\"@id\":\"https:\\\/\\\/www.asesoriaorihuelacosta.com\\\/fr\\\/#\\\/schema\\\/person\\\/6614ce8cf6d2de542aaf351629fd539e\"},\"headline\":\"Qu&rsquo;est-ce que le d\u00e9p\u00f4t des comptes annuels en comptabilit\u00e9 ?\",\"datePublished\":\"2023-11-29T15:31:03+00:00\",\"dateModified\":\"2023-12-01T07:11:15+00:00\",\"mainEntityOfPage\":{\"@id\":\"https:\\\/\\\/www.asesoriaorihuelacosta.com\\\/fr\\\/quest-ce-que-le-depot-des-comptes-annuels-en-comptabilite\\\/\"},\"wordCount\":1080,\"publisher\":{\"@id\":\"https:\\\/\\\/www.asesoriaorihuelacosta.com\\\/fr\\\/#organization\"},\"image\":{\"@id\":\"https:\\\/\\\/www.asesoriaorihuelacosta.com\\\/fr\\\/quest-ce-que-le-depot-des-comptes-annuels-en-comptabilite\\\/#primaryimage\"},\"thumbnailUrl\":\"https:\\\/\\\/www.asesoriaorihuelacosta.com\\\/wp-content\\\/uploads\\\/2023\\\/11\\\/entrepreneur-593361_640.jpg\",\"articleSection\":[\"Blog\"],\"inLanguage\":\"fr-FR\"},{\"@type\":\"WebPage\",\"@id\":\"https:\\\/\\\/www.asesoriaorihuelacosta.com\\\/fr\\\/quest-ce-que-le-depot-des-comptes-annuels-en-comptabilite\\\/\",\"url\":\"https:\\\/\\\/www.asesoriaorihuelacosta.com\\\/fr\\\/quest-ce-que-le-depot-des-comptes-annuels-en-comptabilite\\\/\",\"name\":\"Qu'est-ce que le d\u00e9p\u00f4t des comptes annuels en comptabilit\u00e9 ?\",\"isPartOf\":{\"@id\":\"https:\\\/\\\/www.asesoriaorihuelacosta.com\\\/fr\\\/#website\"},\"primaryImageOfPage\":{\"@id\":\"https:\\\/\\\/www.asesoriaorihuelacosta.com\\\/fr\\\/quest-ce-que-le-depot-des-comptes-annuels-en-comptabilite\\\/#primaryimage\"},\"image\":{\"@id\":\"https:\\\/\\\/www.asesoriaorihuelacosta.com\\\/fr\\\/quest-ce-que-le-depot-des-comptes-annuels-en-comptabilite\\\/#primaryimage\"},\"thumbnailUrl\":\"https:\\\/\\\/www.asesoriaorihuelacosta.com\\\/wp-content\\\/uploads\\\/2023\\\/11\\\/entrepreneur-593361_640.jpg\",\"datePublished\":\"2023-11-29T15:31:03+00:00\",\"dateModified\":\"2023-12-01T07:11:15+00:00\",\"description\":\"Nous analysons ce qu'est le d\u00e9p\u00f4t des comptes annuels, o\u00f9 il est effectu\u00e9 et les conditions qu'il doit remplir dans les conditions actuelles.\",\"breadcrumb\":{\"@id\":\"https:\\\/\\\/www.asesoriaorihuelacosta.com\\\/fr\\\/quest-ce-que-le-depot-des-comptes-annuels-en-comptabilite\\\/#breadcrumb\"},\"inLanguage\":\"fr-FR\",\"potentialAction\":[{\"@type\":\"ReadAction\",\"target\":[\"https:\\\/\\\/www.asesoriaorihuelacosta.com\\\/fr\\\/quest-ce-que-le-depot-des-comptes-annuels-en-comptabilite\\\/\"]}]},{\"@type\":\"ImageObject\",\"inLanguage\":\"fr-FR\",\"@id\":\"https:\\\/\\\/www.asesoriaorihuelacosta.com\\\/fr\\\/quest-ce-que-le-depot-des-comptes-annuels-en-comptabilite\\\/#primaryimage\",\"url\":\"https:\\\/\\\/www.asesoriaorihuelacosta.com\\\/wp-content\\\/uploads\\\/2023\\\/11\\\/entrepreneur-593361_640.jpg\",\"contentUrl\":\"https:\\\/\\\/www.asesoriaorihuelacosta.com\\\/wp-content\\\/uploads\\\/2023\\\/11\\\/entrepreneur-593361_640.jpg\",\"width\":640,\"height\":424,\"caption\":\"Dep\u00f3sito de cuentas anuales\"},{\"@type\":\"BreadcrumbList\",\"@id\":\"https:\\\/\\\/www.asesoriaorihuelacosta.com\\\/fr\\\/quest-ce-que-le-depot-des-comptes-annuels-en-comptabilite\\\/#breadcrumb\",\"itemListElement\":[{\"@type\":\"ListItem\",\"position\":1,\"name\":\"Home\",\"item\":\"https:\\\/\\\/www.asesoriaorihuelacosta.com\\\/fr\\\/\"},{\"@type\":\"ListItem\",\"position\":2,\"name\":\"Qu&#8217;est-ce que le d\u00e9p\u00f4t des comptes annuels en comptabilit\u00e9 ?\"}]},{\"@type\":\"WebSite\",\"@id\":\"https:\\\/\\\/www.asesoriaorihuelacosta.com\\\/fr\\\/#website\",\"url\":\"https:\\\/\\\/www.asesoriaorihuelacosta.com\\\/fr\\\/\",\"name\":\"https:\\\/\\\/www.asesoriaorihuelacosta.com\\\/\",\"description\":\"Grupo de asesores profesionales\",\"publisher\":{\"@id\":\"https:\\\/\\\/www.asesoriaorihuelacosta.com\\\/fr\\\/#organization\"},\"potentialAction\":[{\"@type\":\"SearchAction\",\"target\":{\"@type\":\"EntryPoint\",\"urlTemplate\":\"https:\\\/\\\/www.asesoriaorihuelacosta.com\\\/fr\\\/?s={search_term_string}\"},\"query-input\":{\"@type\":\"PropertyValueSpecification\",\"valueRequired\":true,\"valueName\":\"search_term_string\"}}],\"inLanguage\":\"fr-FR\"},{\"@type\":\"Organization\",\"@id\":\"https:\\\/\\\/www.asesoriaorihuelacosta.com\\\/fr\\\/#organization\",\"name\":\"Asesor\u00eda Orihuela Costa\",\"url\":\"https:\\\/\\\/www.asesoriaorihuelacosta.com\\\/fr\\\/\",\"logo\":{\"@type\":\"ImageObject\",\"inLanguage\":\"fr-FR\",\"@id\":\"https:\\\/\\\/www.asesoriaorihuelacosta.com\\\/fr\\\/#\\\/schema\\\/logo\\\/image\\\/\",\"url\":\"https:\\\/\\\/www.asesoriaorihuelacosta.com\\\/wp-content\\\/uploads\\\/2022\\\/06\\\/Logo-espa\u5bf8l-asesoriaorihuela.jpg\",\"contentUrl\":\"https:\\\/\\\/www.asesoriaorihuelacosta.com\\\/wp-content\\\/uploads\\\/2022\\\/06\\\/Logo-espa\u5bf8l-asesoriaorihuela.jpg\",\"width\":588,\"height\":136,\"caption\":\"Asesor\u00eda Orihuela Costa\"},\"image\":{\"@id\":\"https:\\\/\\\/www.asesoriaorihuelacosta.com\\\/fr\\\/#\\\/schema\\\/logo\\\/image\\\/\"},\"sameAs\":[\"https:\\\/\\\/www.facebook.com\\\/asesoriaorihuelacosta\"]},{\"@type\":\"Person\",\"@id\":\"https:\\\/\\\/www.asesoriaorihuelacosta.com\\\/fr\\\/#\\\/schema\\\/person\\\/6614ce8cf6d2de542aaf351629fd539e\",\"name\":\"Patrick Gordinne Perez\",\"description\":\"Soy economista colegiado por el colegio de economistas de Alicante con el n\u00famero 2722. Llevo ejerciendo desde el a\u00f1o 2005. Soy especialista en fiscalidad de empresas y aut\u00f3nomos y tambi\u00e9n especialista en gestionar compraventas. Hablo espa\u00f1ol, ingl\u00e9s y franc\u00e9s.\",\"sameAs\":[\"https:\\\/\\\/www.asesoriaorihuelacosta.com\",\"https:\\\/\\\/www.facebook.com\\\/patrick.gordinneperez\",\"https:\\\/\\\/www.linkedin.com\\\/in\\\/patrick-gordinne-perez-1b73aab3\\\/\",\"https:\\\/\\\/www.youtube.com\\\/channel\\\/UC5e95RJEVQlxCnhwDmGNVCw\"],\"gender\":\"Hombre\",\"knowsLanguage\":[\"ingl\u00e9s\",\"franc\u00e9s\",\"espa\u00f1ol\"],\"jobTitle\":\"Gerente\",\"worksFor\":\"Asesoria Orihuela Costa SL\"}]}<\/script>\n<!-- \/ Yoast SEO Premium plugin. -->","yoast_head_json":{"title":"Qu'est-ce que le d\u00e9p\u00f4t des comptes annuels en comptabilit\u00e9 ?","description":"Nous analysons ce qu'est le d\u00e9p\u00f4t des comptes annuels, o\u00f9 il est effectu\u00e9 et les conditions qu'il doit remplir dans les conditions actuelles.","robots":{"index":"index","follow":"follow","max-snippet":"max-snippet:-1","max-image-preview":"max-image-preview:large","max-video-preview":"max-video-preview:-1"},"canonical":"https:\/\/www.asesoriaorihuelacosta.com\/fr\/quest-ce-que-le-depot-des-comptes-annuels-en-comptabilite\/","og_locale":"fr_FR","og_type":"article","og_title":"Qu'est-ce que le d\u00e9p\u00f4t des comptes annuels en comptabilit\u00e9 ?","og_description":"Nous analysons ce qu'est le d\u00e9p\u00f4t des comptes annuels, o\u00f9 il est effectu\u00e9 et les conditions qu'il doit remplir dans les conditions actuelles.","og_url":"https:\/\/www.asesoriaorihuelacosta.com\/fr\/quest-ce-que-le-depot-des-comptes-annuels-en-comptabilite\/","og_site_name":"Asesor\u00eda Orihuela Costa","article_publisher":"https:\/\/www.facebook.com\/asesoriaorihuelacosta","article_author":"https:\/\/www.facebook.com\/patrick.gordinneperez","article_published_time":"2023-11-29T15:31:03+00:00","article_modified_time":"2023-12-01T07:11:15+00:00","og_image":[{"width":640,"height":424,"url":"https:\/\/www.asesoriaorihuelacosta.com\/wp-content\/uploads\/2023\/11\/entrepreneur-593361_640.jpg","type":"image\/jpeg"}],"author":"Patrick Gordinne Perez","twitter_card":"summary_large_image","twitter_misc":{"\u00c9crit par":"Patrick Gordinne Perez","Dur\u00e9e de lecture estim\u00e9e":"5 minutes"},"schema":{"@context":"https:\/\/schema.org","@graph":[{"@type":"Article","@id":"https:\/\/www.asesoriaorihuelacosta.com\/fr\/quest-ce-que-le-depot-des-comptes-annuels-en-comptabilite\/#article","isPartOf":{"@id":"https:\/\/www.asesoriaorihuelacosta.com\/fr\/quest-ce-que-le-depot-des-comptes-annuels-en-comptabilite\/"},"author":{"name":"Patrick Gordinne Perez","@id":"https:\/\/www.asesoriaorihuelacosta.com\/fr\/#\/schema\/person\/6614ce8cf6d2de542aaf351629fd539e"},"headline":"Qu&rsquo;est-ce que le d\u00e9p\u00f4t des comptes annuels en comptabilit\u00e9 ?","datePublished":"2023-11-29T15:31:03+00:00","dateModified":"2023-12-01T07:11:15+00:00","mainEntityOfPage":{"@id":"https:\/\/www.asesoriaorihuelacosta.com\/fr\/quest-ce-que-le-depot-des-comptes-annuels-en-comptabilite\/"},"wordCount":1080,"publisher":{"@id":"https:\/\/www.asesoriaorihuelacosta.com\/fr\/#organization"},"image":{"@id":"https:\/\/www.asesoriaorihuelacosta.com\/fr\/quest-ce-que-le-depot-des-comptes-annuels-en-comptabilite\/#primaryimage"},"thumbnailUrl":"https:\/\/www.asesoriaorihuelacosta.com\/wp-content\/uploads\/2023\/11\/entrepreneur-593361_640.jpg","articleSection":["Blog"],"inLanguage":"fr-FR"},{"@type":"WebPage","@id":"https:\/\/www.asesoriaorihuelacosta.com\/fr\/quest-ce-que-le-depot-des-comptes-annuels-en-comptabilite\/","url":"https:\/\/www.asesoriaorihuelacosta.com\/fr\/quest-ce-que-le-depot-des-comptes-annuels-en-comptabilite\/","name":"Qu'est-ce que le d\u00e9p\u00f4t des comptes annuels en comptabilit\u00e9 ?","isPartOf":{"@id":"https:\/\/www.asesoriaorihuelacosta.com\/fr\/#website"},"primaryImageOfPage":{"@id":"https:\/\/www.asesoriaorihuelacosta.com\/fr\/quest-ce-que-le-depot-des-comptes-annuels-en-comptabilite\/#primaryimage"},"image":{"@id":"https:\/\/www.asesoriaorihuelacosta.com\/fr\/quest-ce-que-le-depot-des-comptes-annuels-en-comptabilite\/#primaryimage"},"thumbnailUrl":"https:\/\/www.asesoriaorihuelacosta.com\/wp-content\/uploads\/2023\/11\/entrepreneur-593361_640.jpg","datePublished":"2023-11-29T15:31:03+00:00","dateModified":"2023-12-01T07:11:15+00:00","description":"Nous analysons ce qu'est le d\u00e9p\u00f4t des comptes annuels, o\u00f9 il est effectu\u00e9 et les conditions qu'il doit remplir dans les conditions actuelles.","breadcrumb":{"@id":"https:\/\/www.asesoriaorihuelacosta.com\/fr\/quest-ce-que-le-depot-des-comptes-annuels-en-comptabilite\/#breadcrumb"},"inLanguage":"fr-FR","potentialAction":[{"@type":"ReadAction","target":["https:\/\/www.asesoriaorihuelacosta.com\/fr\/quest-ce-que-le-depot-des-comptes-annuels-en-comptabilite\/"]}]},{"@type":"ImageObject","inLanguage":"fr-FR","@id":"https:\/\/www.asesoriaorihuelacosta.com\/fr\/quest-ce-que-le-depot-des-comptes-annuels-en-comptabilite\/#primaryimage","url":"https:\/\/www.asesoriaorihuelacosta.com\/wp-content\/uploads\/2023\/11\/entrepreneur-593361_640.jpg","contentUrl":"https:\/\/www.asesoriaorihuelacosta.com\/wp-content\/uploads\/2023\/11\/entrepreneur-593361_640.jpg","width":640,"height":424,"caption":"Dep\u00f3sito de cuentas anuales"},{"@type":"BreadcrumbList","@id":"https:\/\/www.asesoriaorihuelacosta.com\/fr\/quest-ce-que-le-depot-des-comptes-annuels-en-comptabilite\/#breadcrumb","itemListElement":[{"@type":"ListItem","position":1,"name":"Home","item":"https:\/\/www.asesoriaorihuelacosta.com\/fr\/"},{"@type":"ListItem","position":2,"name":"Qu&#8217;est-ce que le d\u00e9p\u00f4t des comptes annuels en comptabilit\u00e9 ?"}]},{"@type":"WebSite","@id":"https:\/\/www.asesoriaorihuelacosta.com\/fr\/#website","url":"https:\/\/www.asesoriaorihuelacosta.com\/fr\/","name":"https:\/\/www.asesoriaorihuelacosta.com\/","description":"Grupo de asesores profesionales","publisher":{"@id":"https:\/\/www.asesoriaorihuelacosta.com\/fr\/#organization"},"potentialAction":[{"@type":"SearchAction","target":{"@type":"EntryPoint","urlTemplate":"https:\/\/www.asesoriaorihuelacosta.com\/fr\/?s={search_term_string}"},"query-input":{"@type":"PropertyValueSpecification","valueRequired":true,"valueName":"search_term_string"}}],"inLanguage":"fr-FR"},{"@type":"Organization","@id":"https:\/\/www.asesoriaorihuelacosta.com\/fr\/#organization","name":"Asesor\u00eda Orihuela Costa","url":"https:\/\/www.asesoriaorihuelacosta.com\/fr\/","logo":{"@type":"ImageObject","inLanguage":"fr-FR","@id":"https:\/\/www.asesoriaorihuelacosta.com\/fr\/#\/schema\/logo\/image\/","url":"https:\/\/www.asesoriaorihuelacosta.com\/wp-content\/uploads\/2022\/06\/Logo-espa\u5bf8l-asesoriaorihuela.jpg","contentUrl":"https:\/\/www.asesoriaorihuelacosta.com\/wp-content\/uploads\/2022\/06\/Logo-espa\u5bf8l-asesoriaorihuela.jpg","width":588,"height":136,"caption":"Asesor\u00eda Orihuela Costa"},"image":{"@id":"https:\/\/www.asesoriaorihuelacosta.com\/fr\/#\/schema\/logo\/image\/"},"sameAs":["https:\/\/www.facebook.com\/asesoriaorihuelacosta"]},{"@type":"Person","@id":"https:\/\/www.asesoriaorihuelacosta.com\/fr\/#\/schema\/person\/6614ce8cf6d2de542aaf351629fd539e","name":"Patrick Gordinne Perez","description":"Soy economista colegiado por el colegio de economistas de Alicante con el n\u00famero 2722. Llevo ejerciendo desde el a\u00f1o 2005. Soy especialista en fiscalidad de empresas y aut\u00f3nomos y tambi\u00e9n especialista en gestionar compraventas. Hablo espa\u00f1ol, ingl\u00e9s y franc\u00e9s.","sameAs":["https:\/\/www.asesoriaorihuelacosta.com","https:\/\/www.facebook.com\/patrick.gordinneperez","https:\/\/www.linkedin.com\/in\/patrick-gordinne-perez-1b73aab3\/","https:\/\/www.youtube.com\/channel\/UC5e95RJEVQlxCnhwDmGNVCw"],"gender":"Hombre","knowsLanguage":["ingl\u00e9s","franc\u00e9s","espa\u00f1ol"],"jobTitle":"Gerente","worksFor":"Asesoria Orihuela Costa SL"}]}},"_links":{"self":[{"href":"https:\/\/www.asesoriaorihuelacosta.com\/fr\/wp-json\/wp\/v2\/posts\/17595","targetHints":{"allow":["GET"]}}],"collection":[{"href":"https:\/\/www.asesoriaorihuelacosta.com\/fr\/wp-json\/wp\/v2\/posts"}],"about":[{"href":"https:\/\/www.asesoriaorihuelacosta.com\/fr\/wp-json\/wp\/v2\/types\/post"}],"author":[{"embeddable":true,"href":"https:\/\/www.asesoriaorihuelacosta.com\/fr\/wp-json\/wp\/v2\/users\/2"}],"replies":[{"embeddable":true,"href":"https:\/\/www.asesoriaorihuelacosta.com\/fr\/wp-json\/wp\/v2\/comments?post=17595"}],"version-history":[{"count":11,"href":"https:\/\/www.asesoriaorihuelacosta.com\/fr\/wp-json\/wp\/v2\/posts\/17595\/revisions"}],"predecessor-version":[{"id":17606,"href":"https:\/\/www.asesoriaorihuelacosta.com\/fr\/wp-json\/wp\/v2\/posts\/17595\/revisions\/17606"}],"wp:featuredmedia":[{"embeddable":true,"href":"https:\/\/www.asesoriaorihuelacosta.com\/fr\/wp-json\/wp\/v2\/media\/17549"}],"wp:attachment":[{"href":"https:\/\/www.asesoriaorihuelacosta.com\/fr\/wp-json\/wp\/v2\/media?parent=17595"}],"wp:term":[{"taxonomy":"category","embeddable":true,"href":"https:\/\/www.asesoriaorihuelacosta.com\/fr\/wp-json\/wp\/v2\/categories?post=17595"},{"taxonomy":"post_tag","embeddable":true,"href":"https:\/\/www.asesoriaorihuelacosta.com\/fr\/wp-json\/wp\/v2\/tags?post=17595"}],"curies":[{"name":"wp","href":"https:\/\/api.w.org\/{rel}","templated":true}]}}