{"id":17308,"date":"2023-11-25T05:34:47","date_gmt":"2023-11-25T05:34:47","guid":{"rendered":"https:\/\/www.asesoriaorihuelacosta.com\/?p=17308"},"modified":"2023-11-25T19:41:47","modified_gmt":"2023-11-25T19:41:47","slug":"tva-intracommunautaire-tout-ce-que-vous-devez-savoir-sur-la-taxe-sur-la-valeur-ajoutee-pour-les-operations-intracommunautaires","status":"publish","type":"post","link":"https:\/\/www.asesoriaorihuelacosta.com\/fr\/tva-intracommunautaire-tout-ce-que-vous-devez-savoir-sur-la-taxe-sur-la-valeur-ajoutee-pour-les-operations-intracommunautaires\/","title":{"rendered":"TVA intracommunautaire : tout ce que vous devez savoir sur la taxe sur la valeur ajout\u00e9e pour les op\u00e9rations intracommunautaires"},"content":{"rendered":"\t\t<div data-elementor-type=\"wp-post\" data-elementor-id=\"17308\" class=\"elementor elementor-17308\" data-elementor-post-type=\"post\">\n\t\t\t\t\t\t<section data-particle_enable=\"false\" data-particle-mobile-disabled=\"false\" class=\"elementor-section elementor-top-section elementor-element elementor-element-ece76d2 elementor-section-boxed elementor-section-height-default elementor-section-height-default\" data-id=\"ece76d2\" data-element_type=\"section\" data-e-type=\"section\">\r\n\t\t\r\n\t\t\t\t\t\t\t<div class=\"elementor-container elementor-column-gap-default\">\r\n\t\t\t\t\t\t\t\t\t\t\t<div class=\"elementor-column elementor-col-100 elementor-top-column elementor-element elementor-element-316981f\" data-id=\"316981f\" data-element_type=\"column\" data-e-type=\"column\">\r\n\t\t\t\t\t<div class=\"elementor-widget-wrap elementor-element-populated\">\r\n\t\t\t\t\t\t\t\t<div class=\"elementor-element elementor-element-51f4b5e elementor-widget elementor-widget-heading\" data-id=\"51f4b5e\" data-element_type=\"widget\" data-e-type=\"widget\" data-widget_type=\"heading.default\">\n\t\t\t\t<div class=\"elementor-widget-container\">\n\t\t\t\t\t<h2 class=\"elementor-heading-title elementor-size-default\">Introduction : Qu'est-ce que la TVA intracommunautaire et comment fonctionne-t-elle ?\n<\/h2>\t\t\t\t<\/div>\n\t\t\t\t<\/div>\n\t\t\t\t\t<\/div>\r\n\t\t\t\t<\/div>\r\n\t\t\t\t\t<\/div>\r\n\t\t\t\t<\/section>\r\n\t\t\t\t<section data-particle_enable=\"false\" data-particle-mobile-disabled=\"false\" class=\"elementor-section elementor-top-section elementor-element elementor-element-80c21aa elementor-section-boxed elementor-section-height-default elementor-section-height-default\" data-id=\"80c21aa\" data-element_type=\"section\" data-e-type=\"section\">\r\n\t\t\r\n\t\t\t\t\t\t\t<div class=\"elementor-container elementor-column-gap-default\">\r\n\t\t\t\t\t\t\t\t\t\t\t<div class=\"elementor-column elementor-col-100 elementor-top-column elementor-element elementor-element-419dbbf\" data-id=\"419dbbf\" data-element_type=\"column\" data-e-type=\"column\">\r\n\t\t\t\t\t<div class=\"elementor-widget-wrap elementor-element-populated\">\r\n\t\t\t\t\t\t\t\t<div class=\"elementor-element elementor-element-9ba4e09 elementor-widget elementor-widget-text-editor\" data-id=\"9ba4e09\" data-element_type=\"widget\" data-e-type=\"widget\" data-widget_type=\"text-editor.default\">\n\t\t\t\t<div class=\"elementor-widget-container\">\n\t\t\t\t\t\t\t\t\t<p>La <strong>TVA intracommunautaire<\/strong> est un concept cl\u00e9 dans le domaine de la facturation et des transactions commerciales au sein de l&rsquo;Union europ\u00e9enne. Elle d\u00e9signe la taxe sur la valeur ajout\u00e9e pr\u00e9lev\u00e9e sur les achats et les ventes de biens entre entreprises situ\u00e9es dans diff\u00e9rents pays membres.<\/p><p>Contrairement \u00e0 la TVA nationale, o\u00f9 la taxe est pay\u00e9e \u00e0 chaque transaction, la TVA intracommunautaire permet d&rsquo;exon\u00e9rer de TVA les transactions entre entreprises situ\u00e9es dans des pays diff\u00e9rents. Cela signifie qu&rsquo;une entreprise ne paie pas de TVA lorsqu&rsquo;elle ach\u00e8te des biens \u00e0 une entreprise d&rsquo;un autre pays de l&rsquo;UE et qu&rsquo;elle n&rsquo;en facture pas non plus lorsqu&rsquo;elle vend des biens \u00e0 une entreprise d&rsquo;un autre pays de l&rsquo;UE.<\/p><p>Toutefois, cela ne signifie pas que la TVA intracommunautaire est totalement exon\u00e9r\u00e9e. Les entreprises doivent faire une d\u00e9claration sp\u00e9cifique pour signaler ces transactions et se conformer \u00e0 certaines exigences l\u00e9gales. En Espagne, cette d\u00e9claration est faite au moyen du formulaire 303, qui d\u00e9taille \u00e0 la fois la TVA factur\u00e9e et la TVA d\u00e9ductible.<\/p><p>En outre, votre client est une personne physique qui n&rsquo;agit pas en tant qu&rsquo;ind\u00e9pendant ou professionnel et qui doit facturer la TVA. M\u00eame si votre client est une soci\u00e9t\u00e9 qui n&rsquo;est pas enregistr\u00e9e aupr\u00e8s du ROI ou de la Vies, vous devez facturer la TVA.<\/p><p>Important : \u00e0 partir du 1er juillet 2021 et en vertu du d\u00e9cret-loi royal 7\/2021 du 27 avril, si votre entreprise vend des biens \u00e0 des particuliers dans un autre pays europ\u00e9en et que la base imposable totale de cette TVA dans ce pays d\u00e9passe 10 000 \u20ac, vous devrez payer la TVA dans ce pays. Ne vous inqui\u00e9tez pas, c&rsquo;est ce qu&rsquo;on appelle le GUICHET UNIQUE et vous ne devez pas demander un num\u00e9ro de TVA dans chaque pays comme auparavant. La TVA est pay\u00e9e au moyen du formulaire 369, que vous versez au bureau des imp\u00f4ts en Espagne. C&rsquo;est l&rsquo;AEAT qui se charge de payer les diff\u00e9rentes agences fiscales europ\u00e9ennes.<\/p><p>Le num\u00e9ro de TVA intracommunautaire se compose des lettres ES devant votre num\u00e9ro de N.I.F.<\/p><p>Pour les soci\u00e9t\u00e9s : <strong>ESNUMEROCIF<\/strong><\/p><p>Pour les ind\u00e9pendants ou les professions lib\u00e9rales : <strong>ESNUMERONIF<\/strong><\/p>\t\t\t\t\t\t\t\t<\/div>\n\t\t\t\t<\/div>\n\t\t\t\t\t<\/div>\r\n\t\t\t\t<\/div>\r\n\t\t\t\t\t<\/div>\r\n\t\t\t\t<\/section>\r\n\t\t\t\t<section data-particle_enable=\"false\" data-particle-mobile-disabled=\"false\" class=\"elementor-section elementor-top-section elementor-element elementor-element-0d94ab4 elementor-section-boxed elementor-section-height-default elementor-section-height-default\" data-id=\"0d94ab4\" data-element_type=\"section\" data-e-type=\"section\">\r\n\t\t\r\n\t\t\t\t\t\t\t<div class=\"elementor-container elementor-column-gap-default\">\r\n\t\t\t\t\t\t\t\t\t\t\t<div class=\"elementor-column elementor-col-100 elementor-top-column elementor-element elementor-element-9f56151\" data-id=\"9f56151\" data-element_type=\"column\" data-e-type=\"column\">\r\n\t\t\t\t\t<div class=\"elementor-widget-wrap elementor-element-populated\">\r\n\t\t\t\t\t\t\t\t<div class=\"elementor-element elementor-element-5ddbe9e elementor-widget elementor-widget-heading\" data-id=\"5ddbe9e\" data-element_type=\"widget\" data-e-type=\"widget\" data-widget_type=\"heading.default\">\n\t\t\t\t<div class=\"elementor-widget-container\">\n\t\t\t\t\t<h2 class=\"elementor-heading-title elementor-size-default\">Avantages du r\u00e9gime sp\u00e9cial de TVA intracommunautaire pour les entreprises et les ind\u00e9pendants\n<\/h2>\t\t\t\t<\/div>\n\t\t\t\t<\/div>\n\t\t\t\t\t<\/div>\r\n\t\t\t\t<\/div>\r\n\t\t\t\t\t<\/div>\r\n\t\t\t\t<\/section>\r\n\t\t\t\t<section data-particle_enable=\"false\" data-particle-mobile-disabled=\"false\" class=\"elementor-section elementor-top-section elementor-element elementor-element-c5a19c4 elementor-section-boxed elementor-section-height-default elementor-section-height-default\" data-id=\"c5a19c4\" data-element_type=\"section\" data-e-type=\"section\">\r\n\t\t\r\n\t\t\t\t\t\t\t<div class=\"elementor-container elementor-column-gap-default\">\r\n\t\t\t\t\t\t\t\t\t\t\t<div class=\"elementor-column elementor-col-100 elementor-top-column elementor-element elementor-element-20aba00\" data-id=\"20aba00\" data-element_type=\"column\" data-e-type=\"column\">\r\n\t\t\t\t\t<div class=\"elementor-widget-wrap elementor-element-populated\">\r\n\t\t\t\t\t\t\t\t<div class=\"elementor-element elementor-element-a5ba257 elementor-widget elementor-widget-text-editor\" data-id=\"a5ba257\" data-element_type=\"widget\" data-e-type=\"widget\" data-widget_type=\"text-editor.default\">\n\t\t\t\t<div class=\"elementor-widget-container\">\n\t\t\t\t\t\t\t\t\t<p>Le r\u00e9gime sp\u00e9cial de TVA intracommunautaire offre de nombreux avantages aux entreprises et aux ind\u00e9pendants qui effectuent des transactions internationales.<\/p><p>L&rsquo;un des principaux avantages est l&rsquo;exon\u00e9ration de la TVA sur les transactions avec d&rsquo;autres pays de l&rsquo;UE. Cela signifie que les entreprises et les ind\u00e9pendants ne doivent pas payer la taxe lorsqu&rsquo;ils effectuent une vente ou un achat au sein de l&rsquo;UE, ce qui permet de r\u00e9aliser d&rsquo;importantes \u00e9conomies. Vous ne la payez pas, mais vous devez la d\u00e9clarer. Elle est comptabilis\u00e9e comme une facture normale, mais vous la facturez et la d\u00e9duisez en m\u00eame temps.<\/p><p>En outre, ce r\u00e9gime sp\u00e9cial contribue \u00e9galement \u00e0 r\u00e9duire les co\u00fbts logistiques li\u00e9s aux transactions internationales. En supprimant le paiement de la TVA sur ces op\u00e9rations, les formalit\u00e9s douani\u00e8res et les frais qui y sont li\u00e9s sont \u00e9galement supprim\u00e9s, ce qui acc\u00e9l\u00e8re le processus et r\u00e9duit les d\u00e9penses suppl\u00e9mentaires.<\/p><p>En r\u00e9sum\u00e9, le r\u00e9gime sp\u00e9cial de TVA intracommunautaire offre des avantages importants aux entreprises et aux travailleurs ind\u00e9pendants, notamment la simplification administrative des op\u00e9rations internationales, l&rsquo;exon\u00e9ration de la TVA sur les op\u00e9rations r\u00e9alis\u00e9es avec d&rsquo;autres pays de l&rsquo;UE et la r\u00e9duction des co\u00fbts logistiques. Ces avantages contribuent \u00e0 stimuler le commerce international et \u00e0 faciliter la croissance des entreprises au sein du march\u00e9 commun europ\u00e9en.<\/p>\t\t\t\t\t\t\t\t<\/div>\n\t\t\t\t<\/div>\n\t\t\t\t\t<\/div>\r\n\t\t\t\t<\/div>\r\n\t\t\t\t\t<\/div>\r\n\t\t\t\t<\/section>\r\n\t\t\t\t<section data-particle_enable=\"false\" data-particle-mobile-disabled=\"false\" class=\"elementor-section elementor-top-section elementor-element elementor-element-9202038 elementor-section-boxed elementor-section-height-default elementor-section-height-default\" data-id=\"9202038\" data-element_type=\"section\" data-e-type=\"section\">\r\n\t\t\r\n\t\t\t\t\t\t\t<div class=\"elementor-container elementor-column-gap-default\">\r\n\t\t\t\t\t\t\t\t\t\t\t<div class=\"elementor-column elementor-col-100 elementor-top-column elementor-element elementor-element-7e87929\" data-id=\"7e87929\" data-element_type=\"column\" data-e-type=\"column\">\r\n\t\t\t\t\t<div class=\"elementor-widget-wrap elementor-element-populated\">\r\n\t\t\t\t\t\t\t\t<div class=\"elementor-element elementor-element-a9a1940 elementor-widget elementor-widget-heading\" data-id=\"a9a1940\" data-element_type=\"widget\" data-e-type=\"widget\" data-widget_type=\"heading.default\">\n\t\t\t\t<div class=\"elementor-widget-container\">\n\t\t\t\t\t<h2 class=\"elementor-heading-title elementor-size-default\">Fonctionnement de la TVA intracommunautaire : r\u00e8gles et exigences\n\n<\/h2>\t\t\t\t<\/div>\n\t\t\t\t<\/div>\n\t\t\t\t\t<\/div>\r\n\t\t\t\t<\/div>\r\n\t\t\t\t\t<\/div>\r\n\t\t\t\t<\/section>\r\n\t\t\t\t<section data-particle_enable=\"false\" data-particle-mobile-disabled=\"false\" class=\"elementor-section elementor-top-section elementor-element elementor-element-4c7efc6 elementor-section-boxed elementor-section-height-default elementor-section-height-default\" data-id=\"4c7efc6\" data-element_type=\"section\" data-e-type=\"section\">\r\n\t\t\r\n\t\t\t\t\t\t\t<div class=\"elementor-container elementor-column-gap-default\">\r\n\t\t\t\t\t\t\t\t\t\t\t<div class=\"elementor-column elementor-col-100 elementor-top-column elementor-element elementor-element-6f2596f\" data-id=\"6f2596f\" data-element_type=\"column\" data-e-type=\"column\">\r\n\t\t\t\t\t<div class=\"elementor-widget-wrap elementor-element-populated\">\r\n\t\t\t\t\t\t\t\t<div class=\"elementor-element elementor-element-2e549bd elementor-widget elementor-widget-text-editor\" data-id=\"2e549bd\" data-element_type=\"widget\" data-e-type=\"widget\" data-widget_type=\"text-editor.default\">\n\t\t\t\t<div class=\"elementor-widget-container\">\n\t\t\t\t\t\t\t\t\t<p>La TVA intracommunautaire est un syst\u00e8me fiscal qui s&rsquo;applique aux transactions commerciales entre des entreprises situ\u00e9es dans diff\u00e9rents pays de l&rsquo;UE. Ce syst\u00e8me vise \u00e0 simplifier et \u00e0 harmoniser la perception de la taxe sur la valeur ajout\u00e9e (TVA) dans les transactions internationales.<\/p><p>En ce qui concerne la d\u00e9claration de TVA dans les transactions internationales, il est n\u00e9cessaire de respecter une s\u00e9rie de proc\u00e9dures et d&rsquo;exigences l\u00e9gales.<\/p><ul><li>D\u00e9p\u00f4t du formulaire 036 ou 037 : Pour commencer votre activit\u00e9 en tant qu&rsquo;ind\u00e9pendant ou soci\u00e9t\u00e9, il est n\u00e9cessaire de d\u00e9poser le formulaire 036 ou 037. Ce formulaire doit comprendre la d\u00e9claration de recensement, qui d\u00e9taille des informations importantes sur votre activit\u00e9, ainsi que la demande d&rsquo;inscription au registre des op\u00e9rateurs intracommunautaires (RIO), le cas \u00e9ch\u00e9ant. La pr\u00e9sentation de ces documents est une \u00e9tape fondamentale pour respecter les obligations fiscales et l\u00e9gales requises.<\/li><li>Pour exercer une activit\u00e9 \u00e9conomique r\u00e9elle, il est n\u00e9cessaire d&rsquo;\u00eatre officiellement enregistr\u00e9 en tant que travailleur ind\u00e9pendant ou d&rsquo;avoir une soci\u00e9t\u00e9 constitu\u00e9e.<\/li><li>En outre, il est essentiel que l&rsquo;activit\u00e9 soit r\u00e9ellement op\u00e9rationnelle et qu&rsquo;il ne s&rsquo;agisse pas d&rsquo;un enregistrement fictif.<\/li><li>Il est essentiel de tenir la comptabilit\u00e9 \u00e0 jour afin de respecter les obligations fiscales. Cela signifie qu&rsquo;il faut constamment mettre \u00e0 jour les documents comptables afin que les autorit\u00e9s puissent v\u00e9rifier toutes les transactions commerciales effectu\u00e9es. Ce faisant, vous vous assurez de disposer d&rsquo;un registre fiable et pr\u00e9cis de toutes vos activit\u00e9s financi\u00e8res.<br \/>Il est essentiel de ne pas avoir de dettes aupr\u00e8s de l&rsquo;Agence espagnole d&rsquo;administration fiscale (AEAT). N&rsquo;oubliez jamais de respecter vos obligations fiscales afin d&rsquo;\u00e9viter tout d\u00e9sagr\u00e9ment futur.<\/li><\/ul><p>Le fonctionnement est tr\u00e8s simple : vous d\u00e9duisez et r\u00e9percutez la TVA dans la d\u00e9claration trimestrielle ou mensuelle de TVA et la TVA \u00e0 payer sur les op\u00e9rations intracommunautaires est donc de 0.<\/p>\t\t\t\t\t\t\t\t<\/div>\n\t\t\t\t<\/div>\n\t\t\t\t\t<\/div>\r\n\t\t\t\t<\/div>\r\n\t\t\t\t\t<\/div>\r\n\t\t\t\t<\/section>\r\n\t\t\t\t<section data-particle_enable=\"false\" data-particle-mobile-disabled=\"false\" class=\"elementor-section elementor-top-section elementor-element elementor-element-030eabb elementor-section-boxed elementor-section-height-default elementor-section-height-default\" data-id=\"030eabb\" data-element_type=\"section\" data-e-type=\"section\">\r\n\t\t\r\n\t\t\t\t\t\t\t<div class=\"elementor-container elementor-column-gap-default\">\r\n\t\t\t\t\t\t\t\t\t\t\t<div class=\"elementor-column elementor-col-100 elementor-top-column elementor-element elementor-element-bdb85d1\" data-id=\"bdb85d1\" data-element_type=\"column\" data-e-type=\"column\">\r\n\t\t\t\t\t<div class=\"elementor-widget-wrap elementor-element-populated\">\r\n\t\t\t\t\t\t\t\t<div class=\"elementor-element elementor-element-6d3294a elementor-widget elementor-widget-heading\" data-id=\"6d3294a\" data-element_type=\"widget\" data-e-type=\"widget\" data-widget_type=\"heading.default\">\n\t\t\t\t<div class=\"elementor-widget-container\">\n\t\t\t\t\t<h2 class=\"elementor-heading-title elementor-size-default\">Enregistrement et obligations pour les op\u00e9rations intracommunautaires en mati\u00e8re de TVA\n<\/h2>\t\t\t\t<\/div>\n\t\t\t\t<\/div>\n\t\t\t\t\t<\/div>\r\n\t\t\t\t<\/div>\r\n\t\t\t\t\t<\/div>\r\n\t\t\t\t<\/section>\r\n\t\t\t\t<section data-particle_enable=\"false\" data-particle-mobile-disabled=\"false\" class=\"elementor-section elementor-top-section elementor-element elementor-element-8ca7475 elementor-section-boxed elementor-section-height-default elementor-section-height-default\" data-id=\"8ca7475\" data-element_type=\"section\" data-e-type=\"section\">\r\n\t\t\r\n\t\t\t\t\t\t\t<div class=\"elementor-container elementor-column-gap-default\">\r\n\t\t\t\t\t\t\t\t\t\t\t<div class=\"elementor-column elementor-col-100 elementor-top-column elementor-element elementor-element-2c4f3c9\" data-id=\"2c4f3c9\" data-element_type=\"column\" data-e-type=\"column\">\r\n\t\t\t\t\t<div class=\"elementor-widget-wrap elementor-element-populated\">\r\n\t\t\t\t\t\t\t\t<div class=\"elementor-element elementor-element-e6883c8 elementor-widget elementor-widget-text-editor\" data-id=\"e6883c8\" data-element_type=\"widget\" data-e-type=\"widget\" data-widget_type=\"text-editor.default\">\n\t\t\t\t<div class=\"elementor-widget-container\">\n\t\t\t\t\t\t\t\t\t<p>L&rsquo;inscription au registre des op\u00e9rateurs intracommunautaires (ROI) s&rsquo;effectue en soumettant le formulaire 036 \u00e0 l&rsquo;agence fiscale et est obligatoire pour ceux qui effectuent des op\u00e9rations commerciales au sein de l&rsquo;Union europ\u00e9enne.<\/p><p>Pour vous inscrire au registre des op\u00e9rateurs intracommunautaires (ROI), vous devez remplir le formulaire 036 de l&rsquo;Agence d&rsquo;\u00c9tat pour l&rsquo;administration fiscale (AEAT).<\/p><p>Sur ce formulaire, vous devez cocher la case 582 et indiquer la date \u00e0 laquelle vous envisagez de r\u00e9aliser votre premi\u00e8re op\u00e9ration intracommunautaire dans la case 584.<\/p><p>Si vous avez d\u00e9j\u00e0 demand\u00e9 votre inscription en tant que travailleur ind\u00e9pendant aupr\u00e8s de l&rsquo;administration fiscale, vous devez cocher la case 130 (modification) ainsi que les cases 582 et 584.<\/p><p>Il est important de noter que si vous d\u00e9cidez de vous d\u00e9sinscrire du RSI \u00e0 un moment donn\u00e9, vous devrez remplir \u00e0 nouveau le formulaire 036 et cocher la case 583.<\/p><p>Cet enregistrement permet aux entreprises d&rsquo;effectuer des transactions sans avoir \u00e0 payer la taxe sur la valeur ajout\u00e9e (TVA) dans chaque pays membre.<\/p><p>L&rsquo;administration fiscale souhaite disposer d&rsquo;une liste de tous les op\u00e9rateurs intracommunautaires afin d&rsquo;\u00e9viter les fraudes.<\/p><p>Pour ce faire, et lors du d\u00e9p\u00f4t du formulaire 036, vous devrez fournir la preuve de la raison pour laquelle vous souhaitez vous inscrire \u00e0 la TVA intracommunautaire. Vous devrez expliquer \u00e0 l&rsquo;avance les op\u00e9rations que vous allez effectuer.<\/p><p>Vous devrez prouver que vous disposez d&rsquo;un \u00e9tablissement permanent en Espagne avec l&rsquo;acte ou le contrat de location du local ou de la maison \u00e0 partir duquel vous exercez l&rsquo;activit\u00e9. Les coordonn\u00e9es, si possible, des entreprises ou des clients avec lesquels vous allez travailler.<\/p><p>Une fois qu&rsquo;une entreprise s&rsquo;est inscrite au RSI, elle doit, en plus de la d\u00e9claration trimestrielle de TVA (formulaire 303) et de la d\u00e9claration annuelle (formulaire 390), d\u00e9poser une d\u00e9claration r\u00e9capitulative des op\u00e9rations intracommunautaires.<\/p><p>Cette d\u00e9claration, connue sous le nom de formulaire 349, doit \u00eatre d\u00e9pos\u00e9e sur une base mensuelle ou trimestrielle, en fonction de la r\u00e9glementation fiscale si une d\u00e9claration de TVA mensuelle ou trimestrielle est d\u00e9pos\u00e9e.<\/p><p>Il est important de noter que dans certaines situations sp\u00e9cifiques, telles que les op\u00e9rations d&rsquo;autoliquidation, la responsabilit\u00e9 du paiement de la TVA est invers\u00e9e. Cela signifie que le destinataire des biens ou des services est celui qui doit d\u00e9clarer et payer la taxe correspondante.<\/p><p>Important : v\u00e9rifiez toujours que le client ou le fournisseur avec lequel vous effectuez un achat ou une vente de biens ou de services est enregistr\u00e9 aupr\u00e8s du Roi (ou de la Vies) en cliquant sur ce lien.<\/p><p>Il est important de noter que les d\u00e9lais pr\u00e9vus par la loi et les proc\u00e9dures prennent entre 1 et 3 mois, m\u00eame l&rsquo;agence fiscale peut se rendre physiquement \u00e0 votre bureau, votre entrep\u00f4t ou votre lieu de travail pour confirmer que l&rsquo;activit\u00e9 est r\u00e9elle.<\/p><p>Il est essentiel de respecter ces obligations fiscales en temps voulu pour \u00e9viter les p\u00e9nalit\u00e9s et maintenir une bonne r\u00e9putation commerciale. En outre, vous devez vous tenir au courant des r\u00e9glementations en la mati\u00e8re.<\/p>\t\t\t\t\t\t\t\t<\/div>\n\t\t\t\t<\/div>\n\t\t\t\t\t<\/div>\r\n\t\t\t\t<\/div>\r\n\t\t\t\t\t<\/div>\r\n\t\t\t\t<\/section>\r\n\t\t\t\t<section data-particle_enable=\"false\" data-particle-mobile-disabled=\"false\" class=\"elementor-section elementor-top-section elementor-element elementor-element-518b32a elementor-section-boxed elementor-section-height-default elementor-section-height-default\" data-id=\"518b32a\" data-element_type=\"section\" data-e-type=\"section\">\r\n\t\t\r\n\t\t\t\t\t\t\t<div class=\"elementor-container elementor-column-gap-default\">\r\n\t\t\t\t\t\t\t\t\t\t\t<div class=\"elementor-column elementor-col-100 elementor-top-column elementor-element elementor-element-f3917ce\" data-id=\"f3917ce\" data-element_type=\"column\" data-e-type=\"column\">\r\n\t\t\t\t\t<div class=\"elementor-widget-wrap elementor-element-populated\">\r\n\t\t\t\t\t\t\t\t<div class=\"elementor-element elementor-element-f6eeade elementor-widget elementor-widget-heading\" data-id=\"f6eeade\" data-element_type=\"widget\" data-e-type=\"widget\" data-widget_type=\"heading.default\">\n\t\t\t\t<div class=\"elementor-widget-container\">\n\t\t\t\t\t<h2 class=\"elementor-heading-title elementor-size-default\">Marche \u00e0 suivre pour demander un num\u00e9ro d'identification fiscale intracommunautaire (NIF)\n<\/h2>\t\t\t\t<\/div>\n\t\t\t\t<\/div>\n\t\t\t\t\t<\/div>\r\n\t\t\t\t<\/div>\r\n\t\t\t\t\t<\/div>\r\n\t\t\t\t<\/section>\r\n\t\t\t\t<section data-particle_enable=\"false\" data-particle-mobile-disabled=\"false\" class=\"elementor-section elementor-top-section elementor-element elementor-element-ee9a3c1 elementor-section-boxed elementor-section-height-default elementor-section-height-default\" data-id=\"ee9a3c1\" data-element_type=\"section\" data-e-type=\"section\">\r\n\t\t\r\n\t\t\t\t\t\t\t<div class=\"elementor-container elementor-column-gap-default\">\r\n\t\t\t\t\t\t\t\t\t\t\t<div class=\"elementor-column elementor-col-100 elementor-top-column elementor-element elementor-element-a40a07f\" data-id=\"a40a07f\" data-element_type=\"column\" data-e-type=\"column\">\r\n\t\t\t\t\t<div class=\"elementor-widget-wrap elementor-element-populated\">\r\n\t\t\t\t\t\t\t\t<div class=\"elementor-element elementor-element-17d0a62 elementor-widget elementor-widget-text-editor\" data-id=\"17d0a62\" data-element_type=\"widget\" data-e-type=\"widget\" data-widget_type=\"text-editor.default\">\n\t\t\t\t<div class=\"elementor-widget-container\">\n\t\t\t\t\t\t\t\t\t<p>L&rsquo;obtention d&rsquo;un num\u00e9ro d&rsquo;identification fiscale intracommunautaire (NIF) est essentielle si vous souhaitez exercer une activit\u00e9 au sein de l&rsquo;Union europ\u00e9enne. Heureusement, la proc\u00e9dure de demande de NIF n&rsquo;est pas compliqu\u00e9e, pour autant que vous suiviez les bonnes \u00e9tapes et que vous disposiez de la documentation n\u00e9cessaire.<\/p><p>La premi\u00e8re \u00e9tape de l&rsquo;obtention d&rsquo;un NIF intra-UE consiste \u00e0 s&rsquo;assurer que vous remplissez les conditions fix\u00e9es par les autorit\u00e9s fiscales. En r\u00e8gle g\u00e9n\u00e9rale, il vous sera demand\u00e9 de prouver que vous exercez une activit\u00e9 \u00e9conomique r\u00e9elle dans le pays o\u00f9 vous demandez le NIF.<\/p><p>L&rsquo;enregistrement se fait au moyen du formulaire 036 et vous devrez fournir, parce que vous voulez vous enregistrer aupr\u00e8s du Roi, les coordonn\u00e9es de vos futurs clients ou fournisseurs, l&rsquo;acte ou le bail de l&rsquo;adresse \u00e0 partir de laquelle vous exercez l&rsquo;activit\u00e9. Le bureau des imp\u00f4ts peut vous demander des informations suppl\u00e9mentaires telles que des factures ou des contrats commerciaux.<\/p><p>En effet, HACIENDA veut savoir si votre activit\u00e9 et votre besoin d&rsquo;obtenir le Roi sont r\u00e9els. Que vous exercez r\u00e9ellement l&rsquo;activit\u00e9.<\/p><p>Vous pouvez le faire en personne dans ses bureaux ou par des moyens \u00e9lectroniques s&rsquo;ils sont disponibles.<\/p>\t\t\t\t\t\t\t\t<\/div>\n\t\t\t\t<\/div>\n\t\t\t\t\t<\/div>\r\n\t\t\t\t<\/div>\r\n\t\t\t\t\t<\/div>\r\n\t\t\t\t<\/section>\r\n\t\t\t\t<section data-particle_enable=\"false\" data-particle-mobile-disabled=\"false\" class=\"elementor-section elementor-top-section elementor-element elementor-element-7b98db9 elementor-section-boxed elementor-section-height-default elementor-section-height-default\" data-id=\"7b98db9\" data-element_type=\"section\" data-e-type=\"section\">\r\n\t\t\r\n\t\t\t\t\t\t\t<div class=\"elementor-container elementor-column-gap-default\">\r\n\t\t\t\t\t\t\t\t\t\t\t<div class=\"elementor-column elementor-col-100 elementor-top-column elementor-element elementor-element-2fe262c\" data-id=\"2fe262c\" data-element_type=\"column\" data-e-type=\"column\">\r\n\t\t\t\t\t<div class=\"elementor-widget-wrap elementor-element-populated\">\r\n\t\t\t\t\t\t\t\t<div class=\"elementor-element elementor-element-1f4482e elementor-align-center elementor-widget elementor-widget-button\" data-id=\"1f4482e\" data-element_type=\"widget\" data-e-type=\"widget\" data-widget_type=\"button.default\">\n\t\t\t\t<div class=\"elementor-widget-container\">\n\t\t\t\t\t\t\t\t\t<div class=\"elementor-button-wrapper\">\n\t\t\t\t\t<a class=\"elementor-button elementor-button-link elementor-size-lg\" href=\"https:\/\/www.asesoriaorihuelacosta.com\/contacto\/\">\n\t\t\t\t\t\t<span class=\"elementor-button-content-wrapper\">\n\t\t\t\t\t\t\t\t\t<span class=\"elementor-button-text\">J'ai besoin d'aide pour postuler au ROI<\/span>\n\t\t\t\t\t<\/span>\n\t\t\t\t\t<\/a>\n\t\t\t\t<\/div>\n\t\t\t\t\t\t\t\t<\/div>\n\t\t\t\t<\/div>\n\t\t\t\t\t<\/div>\r\n\t\t\t\t<\/div>\r\n\t\t\t\t\t<\/div>\r\n\t\t\t\t<\/section>\r\n\t\t\t\t<section data-particle_enable=\"false\" data-particle-mobile-disabled=\"false\" class=\"elementor-section elementor-top-section elementor-element elementor-element-ed144d1 elementor-section-boxed elementor-section-height-default elementor-section-height-default\" data-id=\"ed144d1\" data-element_type=\"section\" data-e-type=\"section\">\r\n\t\t\r\n\t\t\t\t\t\t\t<div class=\"elementor-container elementor-column-gap-default\">\r\n\t\t\t\t\t\t\t\t\t\t\t<div class=\"elementor-column elementor-col-100 elementor-top-column elementor-element elementor-element-f0a2918\" data-id=\"f0a2918\" data-element_type=\"column\" data-e-type=\"column\">\r\n\t\t\t\t\t<div class=\"elementor-widget-wrap elementor-element-populated\">\r\n\t\t\t\t\t\t\t\t<div class=\"elementor-element elementor-element-5d07fb5 elementor-widget elementor-widget-heading\" data-id=\"5d07fb5\" data-element_type=\"widget\" data-e-type=\"widget\" data-widget_type=\"heading.default\">\n\t\t\t\t<div class=\"elementor-widget-container\">\n\t\t\t\t\t<h2 class=\"elementor-heading-title elementor-size-default\">Que faut-il mettre sur une facture de TVA intracommunautaire ?\n<\/h2>\t\t\t\t<\/div>\n\t\t\t\t<\/div>\n\t\t\t\t\t<\/div>\r\n\t\t\t\t<\/div>\r\n\t\t\t\t\t<\/div>\r\n\t\t\t\t<\/section>\r\n\t\t\t\t<section data-particle_enable=\"false\" data-particle-mobile-disabled=\"false\" class=\"elementor-section elementor-top-section elementor-element elementor-element-cda1cfb elementor-section-boxed elementor-section-height-default elementor-section-height-default\" data-id=\"cda1cfb\" data-element_type=\"section\" data-e-type=\"section\">\r\n\t\t\r\n\t\t\t\t\t\t\t<div class=\"elementor-container elementor-column-gap-default\">\r\n\t\t\t\t\t\t\t\t\t\t\t<div class=\"elementor-column elementor-col-100 elementor-top-column elementor-element elementor-element-cad6d62\" data-id=\"cad6d62\" data-element_type=\"column\" data-e-type=\"column\">\r\n\t\t\t\t\t<div class=\"elementor-widget-wrap elementor-element-populated\">\r\n\t\t\t\t\t\t\t\t<div class=\"elementor-element elementor-element-1459902 elementor-widget elementor-widget-text-editor\" data-id=\"1459902\" data-element_type=\"widget\" data-e-type=\"widget\" data-widget_type=\"text-editor.default\">\n\t\t\t\t<div class=\"elementor-widget-container\">\n\t\t\t\t\t\t\t\t\t<p>La facture intracommunautaire se fait comme une facture normale, il suffit de ne pas mettre la tva ou de mettre z\u00e9ro \u00e0 la tva et d&rsquo;ajouter le texte \u00ab\u00a0Op\u00e9ration exon\u00e9r\u00e9e de la tva par application de l&rsquo;article 20 de la loi 37\/1992 de la tva\u00a0\u00bb.<\/p><p>Nous vous recommandons de faire les factures intracommunautaires avec une s\u00e9rie diff\u00e9rente mais ce n&rsquo;est pas obligatoire.<\/p>\t\t\t\t\t\t\t\t<\/div>\n\t\t\t\t<\/div>\n\t\t\t\t\t<\/div>\r\n\t\t\t\t<\/div>\r\n\t\t\t\t\t<\/div>\r\n\t\t\t\t<\/section>\r\n\t\t\t\t<section data-particle_enable=\"false\" data-particle-mobile-disabled=\"false\" class=\"elementor-section elementor-top-section elementor-element elementor-element-4ddc00c elementor-section-boxed elementor-section-height-default elementor-section-height-default\" data-id=\"4ddc00c\" data-element_type=\"section\" data-e-type=\"section\">\r\n\t\t\r\n\t\t\t\t\t\t\t<div class=\"elementor-container elementor-column-gap-default\">\r\n\t\t\t\t\t\t\t\t\t\t\t<div class=\"elementor-column elementor-col-100 elementor-top-column elementor-element elementor-element-888e837\" data-id=\"888e837\" data-element_type=\"column\" data-e-type=\"column\">\r\n\t\t\t\t\t<div class=\"elementor-widget-wrap elementor-element-populated\">\r\n\t\t\t\t\t\t\t\t\t<\/div>\r\n\t\t\t\t<\/div>\r\n\t\t\t\t\t<\/div>\r\n\t\t\t\t<\/section>\r\n\t\t\t\t<section data-particle_enable=\"false\" data-particle-mobile-disabled=\"false\" class=\"elementor-section elementor-top-section elementor-element elementor-element-e296561 elementor-section-boxed elementor-section-height-default elementor-section-height-default\" data-id=\"e296561\" data-element_type=\"section\" data-e-type=\"section\">\r\n\t\t\r\n\t\t\t\t\t\t\t<div class=\"elementor-container elementor-column-gap-default\">\r\n\t\t\t\t\t\t\t\t\t\t\t<div class=\"elementor-column elementor-col-100 elementor-top-column elementor-element elementor-element-08db216\" data-id=\"08db216\" data-element_type=\"column\" data-e-type=\"column\">\r\n\t\t\t\t\t<div class=\"elementor-widget-wrap elementor-element-populated\">\r\n\t\t\t\t\t\t\t\t<div class=\"elementor-element elementor-element-0f1a905 elementor-widget elementor-widget-heading\" data-id=\"0f1a905\" data-element_type=\"widget\" data-e-type=\"widget\" data-widget_type=\"heading.default\">\n\t\t\t\t<div class=\"elementor-widget-container\">\n\t\t\t\t\t<h2 class=\"elementor-heading-title elementor-size-default\">P\u00e9nalit\u00e9s et infractions en mati\u00e8re de TVA intracommunautaire\n<\/h2>\t\t\t\t<\/div>\n\t\t\t\t<\/div>\n\t\t\t\t\t<\/div>\r\n\t\t\t\t<\/div>\r\n\t\t\t\t\t<\/div>\r\n\t\t\t\t<\/section>\r\n\t\t\t\t<section data-particle_enable=\"false\" data-particle-mobile-disabled=\"false\" class=\"elementor-section elementor-top-section elementor-element elementor-element-fff3285 elementor-section-boxed elementor-section-height-default elementor-section-height-default\" data-id=\"fff3285\" data-element_type=\"section\" data-e-type=\"section\">\r\n\t\t\r\n\t\t\t\t\t\t\t<div class=\"elementor-container elementor-column-gap-default\">\r\n\t\t\t\t\t\t\t\t\t\t\t<div class=\"elementor-column elementor-col-100 elementor-top-column elementor-element elementor-element-d447786\" data-id=\"d447786\" data-element_type=\"column\" data-e-type=\"column\">\r\n\t\t\t\t\t<div class=\"elementor-widget-wrap elementor-element-populated\">\r\n\t\t\t\t\t\t\t\t<div class=\"elementor-element elementor-element-8d3c5b5 elementor-widget elementor-widget-text-editor\" data-id=\"8d3c5b5\" data-element_type=\"widget\" data-e-type=\"widget\" data-widget_type=\"text-editor.default\">\n\t\t\t\t<div class=\"elementor-widget-container\">\n\t\t\t\t\t\t\t\t\t<p>Il est important de rappeler que vous devez \u00eatre inscrit au Registre des op\u00e9rateurs intracommunautaires (ROI) pour pouvoir \u00e9mettre une facture intracommunautaire. Sans cette inscription, toute vente effectu\u00e9e dans un pays de la Communaut\u00e9 europ\u00e9enne inclura la TVA espagnole et devra \u00eatre trait\u00e9e comme une op\u00e9ration interne. Veillez \u00e0 vous conformer aux exigences requises pour \u00e9viter tout d\u00e9sagr\u00e9ment fiscal.<\/p><p>Si vous n&rsquo;\u00eates pas enregistr\u00e9 aupr\u00e8s du ROI, vous ne pourrez pas appliquer l&rsquo;exon\u00e9ration de la TVA \u00e0 vos transactions intracommunautaires, ce qui pourrait entra\u00eener une augmentation des co\u00fbts pour vos clients. Il est important de garder \u00e0 l&rsquo;esprit que si l&rsquo;administration fiscale d\u00e9tecte que vous effectuez des transactions avec des entreprises de l&rsquo;UE sans \u00eatre inscrit au registre des op\u00e9rateurs intracommunautaires (ROI), vous risquez des amendes et des p\u00e9nalit\u00e9s. Ces sanctions varient en fonction de la gravit\u00e9 de l&rsquo;infraction, de sa r\u00e9p\u00e9tition et du montant des transactions.<\/p><p>Les amendes sont divis\u00e9es en trois cat\u00e9gories : mineures, graves et tr\u00e8s graves.<\/p><ul><li>Dans le cas des <strong>amendes mineures,<\/strong> vous devrez payer 1 % du montant de la transaction, avec un minimum de 150 euros et un maximum de 600 euros.<\/li><li>Les <strong>amendes graves<\/strong> peuvent atteindre 2 % du montant de la transaction, avec un minimum de 300 euros et un maximum de 30 000 euros.<\/li><li>Enfin, les <strong>amendes tr\u00e8s graves<\/strong> seront de 4 % du montant, avec un minimum de 6 000 euros et un maximum de 600 000 euros.<\/li><\/ul><p>En outre, il est important de noter que <strong>si vous n&rsquo;\u00eates pas enregistr\u00e9 aupr\u00e8s du RCI, vous ne pourrez pas appliquer l&rsquo;exon\u00e9ration de la TVA \u00e0 vos transactions intracommunautaires.<\/strong> Cela signifie que vos clients pourraient \u00eatre confront\u00e9s \u00e0 des co\u00fbts suppl\u00e9mentaires en devant payer cette taxe sur les produits ou services achet\u00e9s.<\/p><p>Il est donc <strong>essentiel de respecter toutes les obligations fiscales<\/strong> \u00e9tablies par les autorit\u00e9s fiscales afin d&rsquo;\u00e9viter d&rsquo;\u00e9ventuelles sanctions financi\u00e8res et d&rsquo;assurer une bonne gestion fiscale de vos transactions commerciales au sein de l&rsquo;UE.<\/p><p>Le non-respect des obligations fiscales li\u00e9es \u00e0 la TVA intracommunautaire peut avoir de graves cons\u00e9quences juridiques et financi\u00e8res pour les entreprises. L&rsquo;une des sanctions les plus courantes est le non-respect du d\u00e9lai de d\u00e9p\u00f4t de la d\u00e9claration r\u00e9capitulative.<\/p><p>Il est important de rappeler que la d\u00e9claration r\u00e9capitulative est un document fondamental pour informer l&rsquo;administration fiscale des op\u00e9rations r\u00e9alis\u00e9es avec d&rsquo;autres pays membres de l&rsquo;UE. Le d\u00e9p\u00f4t tardif ou l&rsquo;absence de d\u00e9p\u00f4t de la d\u00e9claration r\u00e9capitulative peut entra\u00eener des amendes consid\u00e9rables.<\/p><p>En outre, le non-respect des obligations en mati\u00e8re de TVA intracommunautaire peut entra\u00eener d&rsquo;autres cons\u00e9quences n\u00e9gatives, telles que des contr\u00f4les fiscaux approfondis, des majorations et des int\u00e9r\u00eats de retard, ainsi qu&rsquo;une perte de confiance de la part des clients et des fournisseurs.<\/p><p>Il est donc essentiel que les entreprises se tiennent au courant de leurs obligations en mati\u00e8re de TVA intracommunautaire et qu&rsquo;elles d\u00e9posent leurs d\u00e9clarations dans les d\u00e9lais impartis. Cela permettra non seulement d&rsquo;\u00e9viter les p\u00e9nalit\u00e9s et les probl\u00e8mes juridiques, mais contribuera \u00e9galement \u00e0 maintenir une bonne r\u00e9putation et des relations commerciales solides au sein du march\u00e9 europ\u00e9en.<\/p>\t\t\t\t\t\t\t\t<\/div>\n\t\t\t\t<\/div>\n\t\t\t\t\t<\/div>\r\n\t\t\t\t<\/div>\r\n\t\t\t\t\t<\/div>\r\n\t\t\t\t<\/section>\r\n\t\t\t\t<section data-particle_enable=\"false\" data-particle-mobile-disabled=\"false\" class=\"elementor-section elementor-top-section elementor-element elementor-element-75f95c2 elementor-section-boxed elementor-section-height-default elementor-section-height-default\" data-id=\"75f95c2\" data-element_type=\"section\" data-e-type=\"section\">\r\n\t\t\r\n\t\t\t\t\t\t\t<div class=\"elementor-container elementor-column-gap-default\">\r\n\t\t\t\t\t\t\t\t\t\t\t<div class=\"elementor-column elementor-col-100 elementor-top-column elementor-element elementor-element-f5a0b1a\" data-id=\"f5a0b1a\" data-element_type=\"column\" data-e-type=\"column\">\r\n\t\t\t\t\t<div class=\"elementor-widget-wrap elementor-element-populated\">\r\n\t\t\t\t\t\t\t\t<div class=\"elementor-element elementor-element-903731a elementor-widget elementor-widget-heading\" data-id=\"903731a\" data-element_type=\"widget\" data-e-type=\"widget\" data-widget_type=\"heading.default\">\n\t\t\t\t<div class=\"elementor-widget-container\">\n\t\t\t\t\t<h2 class=\"elementor-heading-title elementor-size-default\">Ce que vous devez savoir sur la TVA intracommunautaire<\/h2>\t\t\t\t<\/div>\n\t\t\t\t<\/div>\n\t\t\t\t\t<\/div>\r\n\t\t\t\t<\/div>\r\n\t\t\t\t\t<\/div>\r\n\t\t\t\t<\/section>\r\n\t\t\t\t<section data-particle_enable=\"false\" data-particle-mobile-disabled=\"false\" class=\"elementor-section elementor-top-section elementor-element elementor-element-9b6529e elementor-section-boxed elementor-section-height-default elementor-section-height-default\" data-id=\"9b6529e\" data-element_type=\"section\" data-e-type=\"section\">\r\n\t\t\r\n\t\t\t\t\t\t\t<div class=\"elementor-container elementor-column-gap-default\">\r\n\t\t\t\t\t\t\t\t\t\t\t<div class=\"elementor-column elementor-col-100 elementor-top-column elementor-element elementor-element-c3f663b\" data-id=\"c3f663b\" data-element_type=\"column\" data-e-type=\"column\">\r\n\t\t\t\t\t<div class=\"elementor-widget-wrap elementor-element-populated\">\r\n\t\t\t\t\t\t\t\t<div class=\"elementor-element elementor-element-399d103 elementor-widget elementor-widget-text-editor\" data-id=\"399d103\" data-element_type=\"widget\" data-e-type=\"widget\" data-widget_type=\"text-editor.default\">\n\t\t\t\t<div class=\"elementor-widget-container\">\n\t\t\t\t\t\t\t\t\t<p>La TVA intracommunautaire est la taxe sur la valeur ajout\u00e9e pr\u00e9lev\u00e9e sur les transactions commerciales entre les pays membres de l&rsquo;Union europ\u00e9enne. L&rsquo;objectif de cette taxe est de r\u00e9guler et de faciliter les \u00e9changes au sein du march\u00e9 unique europ\u00e9en.<\/p><p>Les transactions intracommunautaires sont des transactions de biens et de services entre des entreprises ou des professionnels \u00e9tablis dans diff\u00e9rents pays de l&rsquo;UE. Ces transactions peuvent inclure \u00e0 la fois des importations et des exportations. En d&rsquo;autres termes, la livraison ou l&rsquo;acquisition de biens et de services. Le num\u00e9ro de TVA intracommunautaire se compose des lettres ES devant votre num\u00e9ro de TVA.<\/p><p>Si vous vous demandez si vous remplissez toutes les conditions requises, nous vous conseillons de contacter Asesor\u00eda Orihuela Costa. Nous disposons d&rsquo;une \u00e9quipe de conseillers sp\u00e9cialis\u00e9s dans ce type de situation et nous avons l&rsquo;habitude d&rsquo;y faire face quotidiennement. En nous consultant, vous \u00e9viterez les tracasseries administratives et les maux de t\u00eate qui en d\u00e9coulent.<\/p>\t\t\t\t\t\t\t\t<\/div>\n\t\t\t\t<\/div>\n\t\t\t\t\t<\/div>\r\n\t\t\t\t<\/div>\r\n\t\t\t\t\t<\/div>\r\n\t\t\t\t<\/section>\r\n\t\t\t\t<\/div>\n\t\t","protected":false},"excerpt":{"rendered":"<p>Introduction : Qu&rsquo;est-ce que la TVA intracommunautaire et comment fonctionne-t-elle ? La TVA intracommunautaire est un concept cl\u00e9 dans le domaine de la facturation et des transactions commerciales au sein de l&rsquo;Union europ\u00e9enne. Elle d\u00e9signe la taxe sur la valeur ajout\u00e9e pr\u00e9lev\u00e9e sur les achats et les ventes de biens entre entreprises situ\u00e9es dans diff\u00e9rents [&hellip;]<\/p>\n","protected":false},"author":2,"featured_media":17292,"comment_status":"closed","ping_status":"closed","sticky":false,"template":"","format":"standard","meta":{"_eb_attr":"","inline_featured_image":false,"footnotes":""},"categories":[1,46],"tags":[],"class_list":["post-17308","post","type-post","status-publish","format-standard","has-post-thumbnail","hentry","category-blog"],"featured_image_src":{"landsacpe":["https:\/\/www.asesoriaorihuelacosta.com\/wp-content\/uploads\/2023\/11\/iva-intracomunitario-1140x445.jpeg",1140,445,true],"list":["https:\/\/www.asesoriaorihuelacosta.com\/wp-content\/uploads\/2023\/11\/iva-intracomunitario-463x348.jpeg",463,348,true],"medium":["https:\/\/www.asesoriaorihuelacosta.com\/wp-content\/uploads\/2023\/11\/iva-intracomunitario-300x169.jpeg",300,169,true],"full":["https:\/\/www.asesoriaorihuelacosta.com\/wp-content\/uploads\/2023\/11\/iva-intracomunitario.jpeg",1280,720,false]},"yoast_head":"<!-- This site is optimized with the Yoast SEO Premium plugin v24.7 (Yoast SEO v27.4) - https:\/\/yoast.com\/product\/yoast-seo-premium-wordpress\/ -->\n<title>TVA intracommunautaire : tout ce que vous devez savoir<\/title>\n<meta name=\"description\" content=\"La TVA intracommunautaire est importante pour \u00e9viter de payer la TVA lorsque vous achetez ou vendez des biens et des services en Europe.\" \/>\n<meta name=\"robots\" content=\"index, follow, max-snippet:-1, max-image-preview:large, max-video-preview:-1\" \/>\n<link rel=\"canonical\" href=\"https:\/\/www.asesoriaorihuelacosta.com\/fr\/tva-intracommunautaire-tout-ce-que-vous-devez-savoir-sur-la-taxe-sur-la-valeur-ajoutee-pour-les-operations-intracommunautaires\/\" \/>\n<meta property=\"og:locale\" content=\"fr_FR\" \/>\n<meta property=\"og:type\" content=\"article\" \/>\n<meta property=\"og:title\" content=\"TVA intracommunautaire : tout ce que vous devez savoir sur la taxe sur la valeur ajout\u00e9e pour les op\u00e9rations intracommunautaires\" \/>\n<meta property=\"og:description\" content=\"La TVA intracommunautaire est importante pour \u00e9viter de payer la TVA lorsque vous achetez ou vendez des biens et des services en Europe.\" \/>\n<meta property=\"og:url\" content=\"https:\/\/www.asesoriaorihuelacosta.com\/fr\/tva-intracommunautaire-tout-ce-que-vous-devez-savoir-sur-la-taxe-sur-la-valeur-ajoutee-pour-les-operations-intracommunautaires\/\" \/>\n<meta property=\"og:site_name\" content=\"Asesor\u00eda Orihuela Costa\" \/>\n<meta property=\"article:publisher\" content=\"https:\/\/www.facebook.com\/asesoriaorihuelacosta\" \/>\n<meta property=\"article:author\" content=\"https:\/\/www.facebook.com\/patrick.gordinneperez\" \/>\n<meta property=\"article:published_time\" content=\"2023-11-25T05:34:47+00:00\" \/>\n<meta property=\"article:modified_time\" content=\"2023-11-25T19:41:47+00:00\" \/>\n<meta property=\"og:image\" content=\"https:\/\/www.asesoriaorihuelacosta.com\/wp-content\/uploads\/2023\/11\/iva-intracomunitario.jpeg\" \/>\n\t<meta property=\"og:image:width\" content=\"1280\" \/>\n\t<meta property=\"og:image:height\" content=\"720\" \/>\n\t<meta property=\"og:image:type\" content=\"image\/jpeg\" \/>\n<meta name=\"author\" content=\"Patrick Gordinne Perez\" \/>\n<meta name=\"twitter:card\" content=\"summary_large_image\" \/>\n<meta name=\"twitter:label1\" content=\"\u00c9crit par\" \/>\n\t<meta name=\"twitter:data1\" content=\"Patrick Gordinne Perez\" \/>\n<script type=\"application\/ld+json\" class=\"yoast-schema-graph\">{\"@context\":\"https:\\\/\\\/schema.org\",\"@graph\":[{\"@type\":\"Article\",\"@id\":\"https:\\\/\\\/www.asesoriaorihuelacosta.com\\\/fr\\\/tva-intracommunautaire-tout-ce-que-vous-devez-savoir-sur-la-taxe-sur-la-valeur-ajoutee-pour-les-operations-intracommunautaires\\\/#article\",\"isPartOf\":{\"@id\":\"https:\\\/\\\/www.asesoriaorihuelacosta.com\\\/fr\\\/tva-intracommunautaire-tout-ce-que-vous-devez-savoir-sur-la-taxe-sur-la-valeur-ajoutee-pour-les-operations-intracommunautaires\\\/\"},\"author\":{\"name\":\"Patrick Gordinne Perez\",\"@id\":\"https:\\\/\\\/www.asesoriaorihuelacosta.com\\\/fr\\\/#\\\/schema\\\/person\\\/6614ce8cf6d2de542aaf351629fd539e\"},\"headline\":\"TVA intracommunautaire : tout ce que vous devez savoir sur la taxe sur la valeur ajout\u00e9e pour les op\u00e9rations intracommunautaires\",\"datePublished\":\"2023-11-25T05:34:47+00:00\",\"dateModified\":\"2023-11-25T19:41:47+00:00\",\"mainEntityOfPage\":{\"@id\":\"https:\\\/\\\/www.asesoriaorihuelacosta.com\\\/fr\\\/tva-intracommunautaire-tout-ce-que-vous-devez-savoir-sur-la-taxe-sur-la-valeur-ajoutee-pour-les-operations-intracommunautaires\\\/\"},\"wordCount\":2678,\"publisher\":{\"@id\":\"https:\\\/\\\/www.asesoriaorihuelacosta.com\\\/fr\\\/#organization\"},\"image\":{\"@id\":\"https:\\\/\\\/www.asesoriaorihuelacosta.com\\\/fr\\\/tva-intracommunautaire-tout-ce-que-vous-devez-savoir-sur-la-taxe-sur-la-valeur-ajoutee-pour-les-operations-intracommunautaires\\\/#primaryimage\"},\"thumbnailUrl\":\"https:\\\/\\\/www.asesoriaorihuelacosta.com\\\/wp-content\\\/uploads\\\/2023\\\/11\\\/iva-intracomunitario.jpeg\",\"articleSection\":[\"Blog\",\"Blog\"],\"inLanguage\":\"fr-FR\"},{\"@type\":\"WebPage\",\"@id\":\"https:\\\/\\\/www.asesoriaorihuelacosta.com\\\/fr\\\/tva-intracommunautaire-tout-ce-que-vous-devez-savoir-sur-la-taxe-sur-la-valeur-ajoutee-pour-les-operations-intracommunautaires\\\/\",\"url\":\"https:\\\/\\\/www.asesoriaorihuelacosta.com\\\/fr\\\/tva-intracommunautaire-tout-ce-que-vous-devez-savoir-sur-la-taxe-sur-la-valeur-ajoutee-pour-les-operations-intracommunautaires\\\/\",\"name\":\"TVA intracommunautaire : tout ce que vous devez savoir\",\"isPartOf\":{\"@id\":\"https:\\\/\\\/www.asesoriaorihuelacosta.com\\\/fr\\\/#website\"},\"primaryImageOfPage\":{\"@id\":\"https:\\\/\\\/www.asesoriaorihuelacosta.com\\\/fr\\\/tva-intracommunautaire-tout-ce-que-vous-devez-savoir-sur-la-taxe-sur-la-valeur-ajoutee-pour-les-operations-intracommunautaires\\\/#primaryimage\"},\"image\":{\"@id\":\"https:\\\/\\\/www.asesoriaorihuelacosta.com\\\/fr\\\/tva-intracommunautaire-tout-ce-que-vous-devez-savoir-sur-la-taxe-sur-la-valeur-ajoutee-pour-les-operations-intracommunautaires\\\/#primaryimage\"},\"thumbnailUrl\":\"https:\\\/\\\/www.asesoriaorihuelacosta.com\\\/wp-content\\\/uploads\\\/2023\\\/11\\\/iva-intracomunitario.jpeg\",\"datePublished\":\"2023-11-25T05:34:47+00:00\",\"dateModified\":\"2023-11-25T19:41:47+00:00\",\"description\":\"La TVA intracommunautaire est importante pour \u00e9viter de payer la TVA lorsque vous achetez ou vendez des biens et des services en Europe.\",\"breadcrumb\":{\"@id\":\"https:\\\/\\\/www.asesoriaorihuelacosta.com\\\/fr\\\/tva-intracommunautaire-tout-ce-que-vous-devez-savoir-sur-la-taxe-sur-la-valeur-ajoutee-pour-les-operations-intracommunautaires\\\/#breadcrumb\"},\"inLanguage\":\"fr-FR\",\"potentialAction\":[{\"@type\":\"ReadAction\",\"target\":[\"https:\\\/\\\/www.asesoriaorihuelacosta.com\\\/fr\\\/tva-intracommunautaire-tout-ce-que-vous-devez-savoir-sur-la-taxe-sur-la-valeur-ajoutee-pour-les-operations-intracommunautaires\\\/\"]}]},{\"@type\":\"ImageObject\",\"inLanguage\":\"fr-FR\",\"@id\":\"https:\\\/\\\/www.asesoriaorihuelacosta.com\\\/fr\\\/tva-intracommunautaire-tout-ce-que-vous-devez-savoir-sur-la-taxe-sur-la-valeur-ajoutee-pour-les-operations-intracommunautaires\\\/#primaryimage\",\"url\":\"https:\\\/\\\/www.asesoriaorihuelacosta.com\\\/wp-content\\\/uploads\\\/2023\\\/11\\\/iva-intracomunitario.jpeg\",\"contentUrl\":\"https:\\\/\\\/www.asesoriaorihuelacosta.com\\\/wp-content\\\/uploads\\\/2023\\\/11\\\/iva-intracomunitario.jpeg\",\"width\":1280,\"height\":720,\"caption\":\"iva intracomunitario\"},{\"@type\":\"BreadcrumbList\",\"@id\":\"https:\\\/\\\/www.asesoriaorihuelacosta.com\\\/fr\\\/tva-intracommunautaire-tout-ce-que-vous-devez-savoir-sur-la-taxe-sur-la-valeur-ajoutee-pour-les-operations-intracommunautaires\\\/#breadcrumb\",\"itemListElement\":[{\"@type\":\"ListItem\",\"position\":1,\"name\":\"Home\",\"item\":\"https:\\\/\\\/www.asesoriaorihuelacosta.com\\\/fr\\\/\"},{\"@type\":\"ListItem\",\"position\":2,\"name\":\"TVA intracommunautaire : tout ce que vous devez savoir sur la taxe sur la valeur ajout\u00e9e pour les op\u00e9rations intracommunautaires\"}]},{\"@type\":\"WebSite\",\"@id\":\"https:\\\/\\\/www.asesoriaorihuelacosta.com\\\/fr\\\/#website\",\"url\":\"https:\\\/\\\/www.asesoriaorihuelacosta.com\\\/fr\\\/\",\"name\":\"https:\\\/\\\/www.asesoriaorihuelacosta.com\\\/\",\"description\":\"Grupo de asesores profesionales\",\"publisher\":{\"@id\":\"https:\\\/\\\/www.asesoriaorihuelacosta.com\\\/fr\\\/#organization\"},\"potentialAction\":[{\"@type\":\"SearchAction\",\"target\":{\"@type\":\"EntryPoint\",\"urlTemplate\":\"https:\\\/\\\/www.asesoriaorihuelacosta.com\\\/fr\\\/?s={search_term_string}\"},\"query-input\":{\"@type\":\"PropertyValueSpecification\",\"valueRequired\":true,\"valueName\":\"search_term_string\"}}],\"inLanguage\":\"fr-FR\"},{\"@type\":\"Organization\",\"@id\":\"https:\\\/\\\/www.asesoriaorihuelacosta.com\\\/fr\\\/#organization\",\"name\":\"Asesor\u00eda Orihuela Costa\",\"url\":\"https:\\\/\\\/www.asesoriaorihuelacosta.com\\\/fr\\\/\",\"logo\":{\"@type\":\"ImageObject\",\"inLanguage\":\"fr-FR\",\"@id\":\"https:\\\/\\\/www.asesoriaorihuelacosta.com\\\/fr\\\/#\\\/schema\\\/logo\\\/image\\\/\",\"url\":\"https:\\\/\\\/www.asesoriaorihuelacosta.com\\\/wp-content\\\/uploads\\\/2022\\\/06\\\/Logo-espa\u5bf8l-asesoriaorihuela.jpg\",\"contentUrl\":\"https:\\\/\\\/www.asesoriaorihuelacosta.com\\\/wp-content\\\/uploads\\\/2022\\\/06\\\/Logo-espa\u5bf8l-asesoriaorihuela.jpg\",\"width\":588,\"height\":136,\"caption\":\"Asesor\u00eda Orihuela Costa\"},\"image\":{\"@id\":\"https:\\\/\\\/www.asesoriaorihuelacosta.com\\\/fr\\\/#\\\/schema\\\/logo\\\/image\\\/\"},\"sameAs\":[\"https:\\\/\\\/www.facebook.com\\\/asesoriaorihuelacosta\"]},{\"@type\":\"Person\",\"@id\":\"https:\\\/\\\/www.asesoriaorihuelacosta.com\\\/fr\\\/#\\\/schema\\\/person\\\/6614ce8cf6d2de542aaf351629fd539e\",\"name\":\"Patrick Gordinne Perez\",\"description\":\"Soy economista colegiado por el colegio de economistas de Alicante con el n\u00famero 2722. Llevo ejerciendo desde el a\u00f1o 2005. Soy especialista en fiscalidad de empresas y aut\u00f3nomos y tambi\u00e9n especialista en gestionar compraventas. Hablo espa\u00f1ol, ingl\u00e9s y franc\u00e9s.\",\"sameAs\":[\"https:\\\/\\\/www.asesoriaorihuelacosta.com\",\"https:\\\/\\\/www.facebook.com\\\/patrick.gordinneperez\",\"https:\\\/\\\/www.linkedin.com\\\/in\\\/patrick-gordinne-perez-1b73aab3\\\/\",\"https:\\\/\\\/www.youtube.com\\\/channel\\\/UC5e95RJEVQlxCnhwDmGNVCw\"],\"gender\":\"Hombre\",\"knowsLanguage\":[\"ingl\u00e9s\",\"franc\u00e9s\",\"espa\u00f1ol\"],\"jobTitle\":\"Gerente\",\"worksFor\":\"Asesoria Orihuela Costa SL\"}]}<\/script>\n<!-- \/ Yoast SEO Premium plugin. -->","yoast_head_json":{"title":"TVA intracommunautaire : tout ce que vous devez savoir","description":"La TVA intracommunautaire est importante pour \u00e9viter de payer la TVA lorsque vous achetez ou vendez des biens et des services en Europe.","robots":{"index":"index","follow":"follow","max-snippet":"max-snippet:-1","max-image-preview":"max-image-preview:large","max-video-preview":"max-video-preview:-1"},"canonical":"https:\/\/www.asesoriaorihuelacosta.com\/fr\/tva-intracommunautaire-tout-ce-que-vous-devez-savoir-sur-la-taxe-sur-la-valeur-ajoutee-pour-les-operations-intracommunautaires\/","og_locale":"fr_FR","og_type":"article","og_title":"TVA intracommunautaire : tout ce que vous devez savoir sur la taxe sur la valeur ajout\u00e9e pour les op\u00e9rations intracommunautaires","og_description":"La TVA intracommunautaire est importante pour \u00e9viter de payer la TVA lorsque vous achetez ou vendez des biens et des services en Europe.","og_url":"https:\/\/www.asesoriaorihuelacosta.com\/fr\/tva-intracommunautaire-tout-ce-que-vous-devez-savoir-sur-la-taxe-sur-la-valeur-ajoutee-pour-les-operations-intracommunautaires\/","og_site_name":"Asesor\u00eda Orihuela Costa","article_publisher":"https:\/\/www.facebook.com\/asesoriaorihuelacosta","article_author":"https:\/\/www.facebook.com\/patrick.gordinneperez","article_published_time":"2023-11-25T05:34:47+00:00","article_modified_time":"2023-11-25T19:41:47+00:00","og_image":[{"width":1280,"height":720,"url":"https:\/\/www.asesoriaorihuelacosta.com\/wp-content\/uploads\/2023\/11\/iva-intracomunitario.jpeg","type":"image\/jpeg"}],"author":"Patrick Gordinne Perez","twitter_card":"summary_large_image","twitter_misc":{"\u00c9crit par":"Patrick Gordinne Perez"},"schema":{"@context":"https:\/\/schema.org","@graph":[{"@type":"Article","@id":"https:\/\/www.asesoriaorihuelacosta.com\/fr\/tva-intracommunautaire-tout-ce-que-vous-devez-savoir-sur-la-taxe-sur-la-valeur-ajoutee-pour-les-operations-intracommunautaires\/#article","isPartOf":{"@id":"https:\/\/www.asesoriaorihuelacosta.com\/fr\/tva-intracommunautaire-tout-ce-que-vous-devez-savoir-sur-la-taxe-sur-la-valeur-ajoutee-pour-les-operations-intracommunautaires\/"},"author":{"name":"Patrick Gordinne Perez","@id":"https:\/\/www.asesoriaorihuelacosta.com\/fr\/#\/schema\/person\/6614ce8cf6d2de542aaf351629fd539e"},"headline":"TVA intracommunautaire : tout ce que vous devez savoir sur la taxe sur la valeur ajout\u00e9e pour les op\u00e9rations intracommunautaires","datePublished":"2023-11-25T05:34:47+00:00","dateModified":"2023-11-25T19:41:47+00:00","mainEntityOfPage":{"@id":"https:\/\/www.asesoriaorihuelacosta.com\/fr\/tva-intracommunautaire-tout-ce-que-vous-devez-savoir-sur-la-taxe-sur-la-valeur-ajoutee-pour-les-operations-intracommunautaires\/"},"wordCount":2678,"publisher":{"@id":"https:\/\/www.asesoriaorihuelacosta.com\/fr\/#organization"},"image":{"@id":"https:\/\/www.asesoriaorihuelacosta.com\/fr\/tva-intracommunautaire-tout-ce-que-vous-devez-savoir-sur-la-taxe-sur-la-valeur-ajoutee-pour-les-operations-intracommunautaires\/#primaryimage"},"thumbnailUrl":"https:\/\/www.asesoriaorihuelacosta.com\/wp-content\/uploads\/2023\/11\/iva-intracomunitario.jpeg","articleSection":["Blog","Blog"],"inLanguage":"fr-FR"},{"@type":"WebPage","@id":"https:\/\/www.asesoriaorihuelacosta.com\/fr\/tva-intracommunautaire-tout-ce-que-vous-devez-savoir-sur-la-taxe-sur-la-valeur-ajoutee-pour-les-operations-intracommunautaires\/","url":"https:\/\/www.asesoriaorihuelacosta.com\/fr\/tva-intracommunautaire-tout-ce-que-vous-devez-savoir-sur-la-taxe-sur-la-valeur-ajoutee-pour-les-operations-intracommunautaires\/","name":"TVA intracommunautaire : tout ce que vous devez savoir","isPartOf":{"@id":"https:\/\/www.asesoriaorihuelacosta.com\/fr\/#website"},"primaryImageOfPage":{"@id":"https:\/\/www.asesoriaorihuelacosta.com\/fr\/tva-intracommunautaire-tout-ce-que-vous-devez-savoir-sur-la-taxe-sur-la-valeur-ajoutee-pour-les-operations-intracommunautaires\/#primaryimage"},"image":{"@id":"https:\/\/www.asesoriaorihuelacosta.com\/fr\/tva-intracommunautaire-tout-ce-que-vous-devez-savoir-sur-la-taxe-sur-la-valeur-ajoutee-pour-les-operations-intracommunautaires\/#primaryimage"},"thumbnailUrl":"https:\/\/www.asesoriaorihuelacosta.com\/wp-content\/uploads\/2023\/11\/iva-intracomunitario.jpeg","datePublished":"2023-11-25T05:34:47+00:00","dateModified":"2023-11-25T19:41:47+00:00","description":"La TVA intracommunautaire est importante pour \u00e9viter de payer la TVA lorsque vous achetez ou vendez des biens et des services en Europe.","breadcrumb":{"@id":"https:\/\/www.asesoriaorihuelacosta.com\/fr\/tva-intracommunautaire-tout-ce-que-vous-devez-savoir-sur-la-taxe-sur-la-valeur-ajoutee-pour-les-operations-intracommunautaires\/#breadcrumb"},"inLanguage":"fr-FR","potentialAction":[{"@type":"ReadAction","target":["https:\/\/www.asesoriaorihuelacosta.com\/fr\/tva-intracommunautaire-tout-ce-que-vous-devez-savoir-sur-la-taxe-sur-la-valeur-ajoutee-pour-les-operations-intracommunautaires\/"]}]},{"@type":"ImageObject","inLanguage":"fr-FR","@id":"https:\/\/www.asesoriaorihuelacosta.com\/fr\/tva-intracommunautaire-tout-ce-que-vous-devez-savoir-sur-la-taxe-sur-la-valeur-ajoutee-pour-les-operations-intracommunautaires\/#primaryimage","url":"https:\/\/www.asesoriaorihuelacosta.com\/wp-content\/uploads\/2023\/11\/iva-intracomunitario.jpeg","contentUrl":"https:\/\/www.asesoriaorihuelacosta.com\/wp-content\/uploads\/2023\/11\/iva-intracomunitario.jpeg","width":1280,"height":720,"caption":"iva intracomunitario"},{"@type":"BreadcrumbList","@id":"https:\/\/www.asesoriaorihuelacosta.com\/fr\/tva-intracommunautaire-tout-ce-que-vous-devez-savoir-sur-la-taxe-sur-la-valeur-ajoutee-pour-les-operations-intracommunautaires\/#breadcrumb","itemListElement":[{"@type":"ListItem","position":1,"name":"Home","item":"https:\/\/www.asesoriaorihuelacosta.com\/fr\/"},{"@type":"ListItem","position":2,"name":"TVA intracommunautaire : tout ce que vous devez savoir sur la taxe sur la valeur ajout\u00e9e pour les op\u00e9rations intracommunautaires"}]},{"@type":"WebSite","@id":"https:\/\/www.asesoriaorihuelacosta.com\/fr\/#website","url":"https:\/\/www.asesoriaorihuelacosta.com\/fr\/","name":"https:\/\/www.asesoriaorihuelacosta.com\/","description":"Grupo de asesores profesionales","publisher":{"@id":"https:\/\/www.asesoriaorihuelacosta.com\/fr\/#organization"},"potentialAction":[{"@type":"SearchAction","target":{"@type":"EntryPoint","urlTemplate":"https:\/\/www.asesoriaorihuelacosta.com\/fr\/?s={search_term_string}"},"query-input":{"@type":"PropertyValueSpecification","valueRequired":true,"valueName":"search_term_string"}}],"inLanguage":"fr-FR"},{"@type":"Organization","@id":"https:\/\/www.asesoriaorihuelacosta.com\/fr\/#organization","name":"Asesor\u00eda Orihuela Costa","url":"https:\/\/www.asesoriaorihuelacosta.com\/fr\/","logo":{"@type":"ImageObject","inLanguage":"fr-FR","@id":"https:\/\/www.asesoriaorihuelacosta.com\/fr\/#\/schema\/logo\/image\/","url":"https:\/\/www.asesoriaorihuelacosta.com\/wp-content\/uploads\/2022\/06\/Logo-espa\u5bf8l-asesoriaorihuela.jpg","contentUrl":"https:\/\/www.asesoriaorihuelacosta.com\/wp-content\/uploads\/2022\/06\/Logo-espa\u5bf8l-asesoriaorihuela.jpg","width":588,"height":136,"caption":"Asesor\u00eda Orihuela Costa"},"image":{"@id":"https:\/\/www.asesoriaorihuelacosta.com\/fr\/#\/schema\/logo\/image\/"},"sameAs":["https:\/\/www.facebook.com\/asesoriaorihuelacosta"]},{"@type":"Person","@id":"https:\/\/www.asesoriaorihuelacosta.com\/fr\/#\/schema\/person\/6614ce8cf6d2de542aaf351629fd539e","name":"Patrick Gordinne Perez","description":"Soy economista colegiado por el colegio de economistas de Alicante con el n\u00famero 2722. Llevo ejerciendo desde el a\u00f1o 2005. Soy especialista en fiscalidad de empresas y aut\u00f3nomos y tambi\u00e9n especialista en gestionar compraventas. Hablo espa\u00f1ol, ingl\u00e9s y franc\u00e9s.","sameAs":["https:\/\/www.asesoriaorihuelacosta.com","https:\/\/www.facebook.com\/patrick.gordinneperez","https:\/\/www.linkedin.com\/in\/patrick-gordinne-perez-1b73aab3\/","https:\/\/www.youtube.com\/channel\/UC5e95RJEVQlxCnhwDmGNVCw"],"gender":"Hombre","knowsLanguage":["ingl\u00e9s","franc\u00e9s","espa\u00f1ol"],"jobTitle":"Gerente","worksFor":"Asesoria Orihuela Costa SL"}]}},"_links":{"self":[{"href":"https:\/\/www.asesoriaorihuelacosta.com\/fr\/wp-json\/wp\/v2\/posts\/17308","targetHints":{"allow":["GET"]}}],"collection":[{"href":"https:\/\/www.asesoriaorihuelacosta.com\/fr\/wp-json\/wp\/v2\/posts"}],"about":[{"href":"https:\/\/www.asesoriaorihuelacosta.com\/fr\/wp-json\/wp\/v2\/types\/post"}],"author":[{"embeddable":true,"href":"https:\/\/www.asesoriaorihuelacosta.com\/fr\/wp-json\/wp\/v2\/users\/2"}],"replies":[{"embeddable":true,"href":"https:\/\/www.asesoriaorihuelacosta.com\/fr\/wp-json\/wp\/v2\/comments?post=17308"}],"version-history":[{"count":7,"href":"https:\/\/www.asesoriaorihuelacosta.com\/fr\/wp-json\/wp\/v2\/posts\/17308\/revisions"}],"predecessor-version":[{"id":17315,"href":"https:\/\/www.asesoriaorihuelacosta.com\/fr\/wp-json\/wp\/v2\/posts\/17308\/revisions\/17315"}],"wp:featuredmedia":[{"embeddable":true,"href":"https:\/\/www.asesoriaorihuelacosta.com\/fr\/wp-json\/wp\/v2\/media\/17292"}],"wp:attachment":[{"href":"https:\/\/www.asesoriaorihuelacosta.com\/fr\/wp-json\/wp\/v2\/media?parent=17308"}],"wp:term":[{"taxonomy":"category","embeddable":true,"href":"https:\/\/www.asesoriaorihuelacosta.com\/fr\/wp-json\/wp\/v2\/categories?post=17308"},{"taxonomy":"post_tag","embeddable":true,"href":"https:\/\/www.asesoriaorihuelacosta.com\/fr\/wp-json\/wp\/v2\/tags?post=17308"}],"curies":[{"name":"wp","href":"https:\/\/api.w.org\/{rel}","templated":true}]}}