{"id":17023,"date":"2023-11-13T11:51:17","date_gmt":"2023-11-13T11:51:17","guid":{"rendered":"https:\/\/www.asesoriaorihuelacosta.com\/?p=17023"},"modified":"2023-11-14T06:13:33","modified_gmt":"2023-11-14T06:13:33","slug":"absorption-et-fusions-dentreprises-differences-et-processus","status":"publish","type":"post","link":"https:\/\/www.asesoriaorihuelacosta.com\/fr\/absorption-et-fusions-dentreprises-differences-et-processus\/","title":{"rendered":"Absorption et fusions d&rsquo;entreprises en Espagne, diff\u00e9rences et processus"},"content":{"rendered":"\t\t<div data-elementor-type=\"wp-post\" data-elementor-id=\"17023\" class=\"elementor elementor-17023\" data-elementor-post-type=\"post\">\n\t\t\t\t\t\t<section data-particle_enable=\"false\" data-particle-mobile-disabled=\"false\" class=\"elementor-section elementor-top-section elementor-element elementor-element-2db0736 elementor-section-boxed elementor-section-height-default elementor-section-height-default\" data-id=\"2db0736\" data-element_type=\"section\" data-e-type=\"section\">\r\n\t\t\r\n\t\t\t\t\t\t\t<div class=\"elementor-container elementor-column-gap-default\">\r\n\t\t\t\t\t\t\t\t\t\t\t<div class=\"elementor-column elementor-col-100 elementor-top-column elementor-element elementor-element-63e9b88\" data-id=\"63e9b88\" data-element_type=\"column\" data-e-type=\"column\">\r\n\t\t\t\t\t<div class=\"elementor-widget-wrap elementor-element-populated\">\r\n\t\t\t\t\t\t\t\t<div class=\"elementor-element elementor-element-7f412c3 elementor-widget elementor-widget-text-editor\" data-id=\"7f412c3\" data-element_type=\"widget\" data-e-type=\"widget\" data-widget_type=\"text-editor.default\">\n\t\t\t\t<div class=\"elementor-widget-container\">\n\t\t\t\t\t\t\t\t\t<p>L&rsquo;absorption et la fusion d&rsquo;entreprises sont des processus complexes qui requi\u00e8rent g\u00e9n\u00e9ralement les conseils d&rsquo;experts dans ce type de processus. Chez Asesor\u00eda Orihuela Costa, nous sommes sp\u00e9cialis\u00e9s dans les proc\u00e9dures d&rsquo;entreprise qui incluent les absorptions et les fusions d&rsquo;entreprises.<\/p>\t\t\t\t\t\t\t\t<\/div>\n\t\t\t\t<\/div>\n\t\t\t\t\t<\/div>\r\n\t\t\t\t<\/div>\r\n\t\t\t\t\t<\/div>\r\n\t\t\t\t<\/section>\r\n\t\t\t\t<section data-particle_enable=\"false\" data-particle-mobile-disabled=\"false\" class=\"elementor-section elementor-top-section elementor-element elementor-element-aa0d0af elementor-section-boxed elementor-section-height-default elementor-section-height-default\" data-id=\"aa0d0af\" data-element_type=\"section\" data-e-type=\"section\">\r\n\t\t\r\n\t\t\t\t\t\t\t<div class=\"elementor-container elementor-column-gap-default\">\r\n\t\t\t\t\t\t\t\t\t\t\t<div class=\"elementor-column elementor-col-100 elementor-top-column elementor-element elementor-element-e83ddf5\" data-id=\"e83ddf5\" data-element_type=\"column\" data-e-type=\"column\">\r\n\t\t\t\t\t<div class=\"elementor-widget-wrap elementor-element-populated\">\r\n\t\t\t\t\t\t\t\t<div class=\"elementor-element elementor-element-1641b75 elementor-widget elementor-widget-heading\" data-id=\"1641b75\" data-element_type=\"widget\" data-e-type=\"widget\" data-widget_type=\"heading.default\">\n\t\t\t\t<div class=\"elementor-widget-container\">\n\t\t\t\t\t<h2 class=\"elementor-heading-title elementor-size-default\">Absorption et fusions, d\u00e9finition et diff\u00e9rences\n<\/h2>\t\t\t\t<\/div>\n\t\t\t\t<\/div>\n\t\t\t\t\t<\/div>\r\n\t\t\t\t<\/div>\r\n\t\t\t\t\t<\/div>\r\n\t\t\t\t<\/section>\r\n\t\t\t\t<section data-particle_enable=\"false\" data-particle-mobile-disabled=\"false\" class=\"elementor-section elementor-top-section elementor-element elementor-element-8b49e34 elementor-section-boxed elementor-section-height-default elementor-section-height-default\" data-id=\"8b49e34\" data-element_type=\"section\" data-e-type=\"section\">\r\n\t\t\r\n\t\t\t\t\t\t\t<div class=\"elementor-container elementor-column-gap-default\">\r\n\t\t\t\t\t\t\t\t\t\t\t<div class=\"elementor-column elementor-col-100 elementor-top-column elementor-element elementor-element-60db1ed\" data-id=\"60db1ed\" data-element_type=\"column\" data-e-type=\"column\">\r\n\t\t\t\t\t<div class=\"elementor-widget-wrap elementor-element-populated\">\r\n\t\t\t\t\t\t\t\t<div class=\"elementor-element elementor-element-80f0b2b elementor-widget elementor-widget-text-editor\" data-id=\"80f0b2b\" data-element_type=\"widget\" data-e-type=\"widget\" data-widget_type=\"text-editor.default\">\n\t\t\t\t<div class=\"elementor-widget-container\">\n\t\t\t\t\t\t\t\t\t<p>Les fusions et les rachats sont deux strat\u00e9gies de consolidation des entreprises qui pr\u00e9sentent des caract\u00e9ristiques juridiques et op\u00e9rationnelles diff\u00e9rentes.<\/p><p>Lors d&rsquo;une fusion, deux entreprises ou plus fusionnent pour former une nouvelle entit\u00e9 juridique, les entreprises d&rsquo;origine sont dissoutes et tous leurs actifs sont transf\u00e9r\u00e9s \u00e0 l&rsquo;entreprise nouvellement cr\u00e9\u00e9e. Ce processus, de nature horizontale ou verticale, est courant entre des entreprises de taille \u00e9gale qui cherchent \u00e0 cr\u00e9er des synergies, \u00e0 \u00e9tendre leurs march\u00e9s ou \u00e0 partager leurs ressources.<\/p><p>La prise de contr\u00f4le, quant \u00e0 elle, se produit lorsqu&rsquo;une soci\u00e9t\u00e9 (la soci\u00e9t\u00e9 acqu\u00e9rante) en acquiert une autre (la soci\u00e9t\u00e9 acquise), mais seule la soci\u00e9t\u00e9 acquise est dissoute et ses actifs sont transf\u00e9r\u00e9s \u00e0 la soci\u00e9t\u00e9 acqu\u00e9rante. La soci\u00e9t\u00e9 acqu\u00e9rante conserve son identit\u00e9 juridique et est souvent plus grande que la soci\u00e9t\u00e9 acquise, un processus courant dans les acquisitions et les prises de contr\u00f4le.<\/p><p>Les deux transactions n\u00e9cessitent l&rsquo;approbation des actionnaires et sont souvent soumises \u00e0 la r\u00e9glementation antitrust, mais chacune a des implications fiscales et strat\u00e9giques diff\u00e9rentes pour les entreprises concern\u00e9es.<\/p><p>Les deux processus peuvent \u00eatre complexes et n\u00e9cessitent une planification strat\u00e9gique minutieuse, ainsi que le respect d&rsquo;un cadre juridique comprenant l&rsquo;approbation des actionnaires et la conformit\u00e9 aux r\u00e8gles de concurrence. Le choix entre une fusion et une prise de contr\u00f4le d\u00e9pend des objectifs sp\u00e9cifiques des entreprises concern\u00e9es et des avantages strat\u00e9giques \u00e0 long terme.<\/p>\t\t\t\t\t\t\t\t<\/div>\n\t\t\t\t<\/div>\n\t\t\t\t\t<\/div>\r\n\t\t\t\t<\/div>\r\n\t\t\t\t\t<\/div>\r\n\t\t\t\t<\/section>\r\n\t\t\t\t<section data-particle_enable=\"false\" data-particle-mobile-disabled=\"false\" class=\"elementor-section elementor-top-section elementor-element elementor-element-2d53f9a elementor-section-boxed elementor-section-height-default elementor-section-height-default\" data-id=\"2d53f9a\" data-element_type=\"section\" data-e-type=\"section\">\r\n\t\t\r\n\t\t\t\t\t\t\t<div class=\"elementor-container elementor-column-gap-default\">\r\n\t\t\t\t\t\t\t\t\t\t\t<div class=\"elementor-column elementor-col-100 elementor-top-column elementor-element elementor-element-d1c466e\" data-id=\"d1c466e\" data-element_type=\"column\" data-e-type=\"column\">\r\n\t\t\t\t\t<div class=\"elementor-widget-wrap elementor-element-populated\">\r\n\t\t\t\t\t\t\t\t<div class=\"elementor-element elementor-element-cf1af53 elementor-widget elementor-widget-heading\" data-id=\"cf1af53\" data-element_type=\"widget\" data-e-type=\"widget\" data-widget_type=\"heading.default\">\n\t\t\t\t<div class=\"elementor-widget-container\">\n\t\t\t\t\t<h2 class=\"elementor-heading-title elementor-size-default\">Conseils juridiques pour les reprises d'entreprises\n<\/h2>\t\t\t\t<\/div>\n\t\t\t\t<\/div>\n\t\t\t\t\t<\/div>\r\n\t\t\t\t<\/div>\r\n\t\t\t\t\t<\/div>\r\n\t\t\t\t<\/section>\r\n\t\t\t\t<section data-particle_enable=\"false\" data-particle-mobile-disabled=\"false\" class=\"elementor-section elementor-top-section elementor-element elementor-element-a93ae3b elementor-section-boxed elementor-section-height-default elementor-section-height-default\" data-id=\"a93ae3b\" data-element_type=\"section\" data-e-type=\"section\">\r\n\t\t\r\n\t\t\t\t\t\t\t<div class=\"elementor-container elementor-column-gap-default\">\r\n\t\t\t\t\t\t\t\t\t\t\t<div class=\"elementor-column elementor-col-100 elementor-top-column elementor-element elementor-element-e804574\" data-id=\"e804574\" data-element_type=\"column\" data-e-type=\"column\">\r\n\t\t\t\t\t<div class=\"elementor-widget-wrap elementor-element-populated\">\r\n\t\t\t\t\t\t\t\t<div class=\"elementor-element elementor-element-8dd4030 elementor-widget elementor-widget-text-editor\" data-id=\"8dd4030\" data-element_type=\"widget\" data-e-type=\"widget\" data-widget_type=\"text-editor.default\">\n\t\t\t\t<div class=\"elementor-widget-container\">\n\t\t\t\t\t\t\t\t\t<p>Le conseil juridique pour une reprise d&rsquo;entreprise est un processus complexe, qui n\u00e9cessite une \u00e9quipe pluridisciplinaire de professionnels. Les juristes sp\u00e9cialis\u00e9s en droit commercial et en droit des soci\u00e9t\u00e9s jouent un r\u00f4le cl\u00e9 tout au long de l&rsquo;op\u00e9ration.<\/p><p>Tout d&rsquo;abord, une analyse pr\u00e9liminaire est effectu\u00e9e pour \u00e9valuer la faisabilit\u00e9 juridique et financi\u00e8re de la reprise. Cette analyse comprend une \u00ab\u00a0due diligence\u00a0\u00bb, c&rsquo;est-\u00e0-dire un audit exhaustif de l&rsquo;entreprise \u00e0 absorber, qui passe en revue les aspects juridiques, \u00e9conomiques, sociaux et fiscaux, afin d&rsquo;identifier d&rsquo;\u00e9ventuels risques ou passifs cach\u00e9s.<\/p><p>Une fois l&rsquo;op\u00e9ration \u00e9valu\u00e9e, les conseillers juridiques pr\u00e9parent les documents n\u00e9cessaires, tels que le plan de fusion, et convoquent les assembl\u00e9es g\u00e9n\u00e9rales des actionnaires des deux soci\u00e9t\u00e9s afin d&rsquo;obtenir l&rsquo;approbation requise. Il est \u00e9galement essentiel de veiller \u00e0 ce que l&rsquo;op\u00e9ration soit conforme au droit de la concurrence et ne donne pas lieu \u00e0 des restrictions antitrust.<\/p><p>Les avocats doivent n\u00e9gocier et r\u00e9diger les contrats et les accords qui r\u00e9giront la prise de contr\u00f4le, en veillant \u00e0 ce que les int\u00e9r\u00eats de leurs clients soient prot\u00e9g\u00e9s. Il s&rsquo;agit notamment des accords de confidentialit\u00e9, des lettres d&rsquo;intention et de l&rsquo;accord final de vente et d&rsquo;achat ou de fusion.<\/p><p>En outre, le conseiller juridique doit g\u00e9rer la communication avec les autorit\u00e9s de r\u00e9glementation et obtenir les autorisations administratives n\u00e9cessaires. Cela peut impliquer des proc\u00e9dures aupr\u00e8s du registre du commerce, de la Commission nationale des march\u00e9s et de la concurrence et d&rsquo;autres autorit\u00e9s sectorielles, en fonction des domaines d&rsquo;activit\u00e9 des entreprises concern\u00e9es.<\/p><p>Enfin, une fois l&rsquo;acquisition r\u00e9alis\u00e9e, les juristes doivent aider \u00e0 l&rsquo;int\u00e9gration post-fusion, qui comprend l&rsquo;harmonisation des politiques et des proc\u00e9dures, la gestion des changements de propri\u00e9t\u00e9 et de contr\u00f4le, et la restructuration de l&rsquo;entreprise.<\/p><p>Ce processus de conseil juridique n\u00e9cessite une vision strat\u00e9gique et une compr\u00e9hension approfondie des lois et r\u00e9glementations applicables, ainsi que de la dynamique du march\u00e9 et de l&rsquo;industrie concern\u00e9s, afin de garantir une transition en douceur et la r\u00e9alisation des objectifs commerciaux et financiers.<\/p>\t\t\t\t\t\t\t\t<\/div>\n\t\t\t\t<\/div>\n\t\t\t\t\t<\/div>\r\n\t\t\t\t<\/div>\r\n\t\t\t\t\t<\/div>\r\n\t\t\t\t<\/section>\r\n\t\t\t\t<section data-particle_enable=\"false\" data-particle-mobile-disabled=\"false\" class=\"elementor-section elementor-top-section elementor-element elementor-element-35e58ba elementor-section-boxed elementor-section-height-default elementor-section-height-default\" data-id=\"35e58ba\" data-element_type=\"section\" data-e-type=\"section\">\r\n\t\t\r\n\t\t\t\t\t\t\t<div class=\"elementor-container elementor-column-gap-default\">\r\n\t\t\t\t\t\t\t\t\t\t\t<div class=\"elementor-column elementor-col-100 elementor-top-column elementor-element elementor-element-dec946f\" data-id=\"dec946f\" data-element_type=\"column\" data-e-type=\"column\">\r\n\t\t\t\t\t<div class=\"elementor-widget-wrap elementor-element-populated\">\r\n\t\t\t\t\t\t\t\t<div class=\"elementor-element elementor-element-c049d20 elementor-widget elementor-widget-heading\" data-id=\"c049d20\" data-element_type=\"widget\" data-e-type=\"widget\" data-widget_type=\"heading.default\">\n\t\t\t\t<div class=\"elementor-widget-container\">\n\t\t\t\t\t<h2 class=\"elementor-heading-title elementor-size-default\">Fusion d'entreprises en Espagne, conseil\n<\/h2>\t\t\t\t<\/div>\n\t\t\t\t<\/div>\n\t\t\t\t\t<\/div>\r\n\t\t\t\t<\/div>\r\n\t\t\t\t\t<\/div>\r\n\t\t\t\t<\/section>\r\n\t\t\t\t<section data-particle_enable=\"false\" data-particle-mobile-disabled=\"false\" class=\"elementor-section elementor-top-section elementor-element elementor-element-b916879 elementor-section-boxed elementor-section-height-default elementor-section-height-default\" data-id=\"b916879\" data-element_type=\"section\" data-e-type=\"section\">\r\n\t\t\r\n\t\t\t\t\t\t\t<div class=\"elementor-container elementor-column-gap-default\">\r\n\t\t\t\t\t\t\t\t\t\t\t<div class=\"elementor-column elementor-col-100 elementor-top-column elementor-element elementor-element-a473c69\" data-id=\"a473c69\" data-element_type=\"column\" data-e-type=\"column\">\r\n\t\t\t\t\t<div class=\"elementor-widget-wrap elementor-element-populated\">\r\n\t\t\t\t\t\t\t\t<div class=\"elementor-element elementor-element-8266d78 elementor-widget elementor-widget-text-editor\" data-id=\"8266d78\" data-element_type=\"widget\" data-e-type=\"widget\" data-widget_type=\"text-editor.default\">\n\t\t\t\t<div class=\"elementor-widget-container\">\n\t\t\t\t\t\t\t\t\t<p>Le conseil juridique dans les processus de fusion est essentiel pour garantir le respect du droit applicable et la protection des int\u00e9r\u00eats de toutes les parties concern\u00e9es. Les juristes d&rsquo;entreprise interviennent aux stades suivants :<\/p><ul><li>Planification strat\u00e9gique : une analyse des implications juridiques est effectu\u00e9e et une feuille de route du processus est \u00e9tablie. Les objectifs commerciaux sont identifi\u00e9s et la structure de la transaction est \u00e9valu\u00e9e.<\/li><li>Due diligence : il s&rsquo;agit d&rsquo;un examen juridique m\u00e9ticuleux visant \u00e0 identifier les risques, les obligations en suspens et \u00e0 \u00e9valuer le statut juridique des entreprises. Les contrats, les litiges en cours, la conformit\u00e9 r\u00e9glementaire, la propri\u00e9t\u00e9 intellectuelle et le statut de l&#8217;emploi sont examin\u00e9s.<\/li><li>Documentation juridique : tous les documents n\u00e9cessaires sont pr\u00e9par\u00e9s, tels que le plan de fusion, les accords pr\u00e9liminaires, les pactes d&rsquo;actionnaires et le contrat de fusion final. Les proc\u00e8s-verbaux des assembl\u00e9es d&rsquo;actionnaires sont r\u00e9dig\u00e9s pour l&rsquo;approbation de la fusion.<\/li><li>N\u00e9gociations : Les avocats participent \u00e0 la n\u00e9gociation des conditions de la fusion, en abordant des questions telles que l&rsquo;\u00e9valuation des entreprises, l&rsquo;\u00e9change d&rsquo;actions et les garanties.<\/li><li>Autorisations et notifications : Les autorisations r\u00e9glementaires sont obtenues et les notifications requises sont effectu\u00e9es, y compris les notifications relatives \u00e0 la concurrence et aux march\u00e9s financiers, le cas \u00e9ch\u00e9ant.<\/li><li>Cl\u00f4ture de la transaction : signature de la documentation finale et enregistrement au registre du commerce.<\/li><li>Apr\u00e8s la fusion : conseils sur l&rsquo;int\u00e9gration des entreprises, en veillant \u00e0 la continuit\u00e9 op\u00e9rationnelle et \u00e0 l&rsquo;unification des politiques d&rsquo;entreprise.<\/li><\/ul><p>L&rsquo;avocat doit traiter les aspects fiscaux, sociaux, concurrentiels et commerciaux, et \u00eatre pr\u00eat \u00e0 r\u00e9soudre toute complication survenant au cours du processus. Le conseil juridique est donc un \u00e9l\u00e9ment indispensable \u00e0 la r\u00e9ussite d&rsquo;une fusion d&rsquo;entreprises.<\/p><p>Asesor\u00eda Orihuela Costa met \u00e0 votre disposition la meilleure \u00e9quipe pour les processus de fusion et d&rsquo;acquisition d&rsquo;entreprises.<\/p>\t\t\t\t\t\t\t\t<\/div>\n\t\t\t\t<\/div>\n\t\t\t\t\t<\/div>\r\n\t\t\t\t<\/div>\r\n\t\t\t\t\t<\/div>\r\n\t\t\t\t<\/section>\r\n\t\t\t\t<\/div>\n\t\t","protected":false},"excerpt":{"rendered":"<p>L&rsquo;absorption et la fusion d&rsquo;entreprises sont des processus complexes qui requi\u00e8rent g\u00e9n\u00e9ralement les conseils d&rsquo;experts dans ce type de processus. Chez Asesor\u00eda Orihuela Costa, nous sommes sp\u00e9cialis\u00e9s dans les proc\u00e9dures d&rsquo;entreprise qui incluent les absorptions et les fusions d&rsquo;entreprises. Absorption et fusions, d\u00e9finition et diff\u00e9rences Les fusions et les rachats sont deux strat\u00e9gies de consolidation [&hellip;]<\/p>\n","protected":false},"author":2,"featured_media":16967,"comment_status":"closed","ping_status":"closed","sticky":false,"template":"","format":"standard","meta":{"_eb_attr":"","inline_featured_image":false,"footnotes":""},"categories":[45],"tags":[],"class_list":["post-17023","post","type-post","status-publish","format-standard","has-post-thumbnail","hentry","category-blog"],"featured_image_src":{"landsacpe":["https:\/\/www.asesoriaorihuelacosta.com\/wp-content\/uploads\/2023\/11\/shaking-hands-3091906_640.jpg",640,325,false],"list":["https:\/\/www.asesoriaorihuelacosta.com\/wp-content\/uploads\/2023\/11\/shaking-hands-3091906_640-463x325.jpg",463,325,true],"medium":["https:\/\/www.asesoriaorihuelacosta.com\/wp-content\/uploads\/2023\/11\/shaking-hands-3091906_640-300x152.jpg",300,152,true],"full":["https:\/\/www.asesoriaorihuelacosta.com\/wp-content\/uploads\/2023\/11\/shaking-hands-3091906_640.jpg",640,325,false]},"yoast_head":"<!-- This site is optimized with the Yoast SEO Premium plugin v24.7 (Yoast SEO v27.4) - https:\/\/yoast.com\/product\/yoast-seo-premium-wordpress\/ -->\n<title>Absorption et fusions d&#039;entreprises, diff\u00e9rences et processus<\/title>\n<meta name=\"description\" content=\"Nous \u00e9valuons les conditions de rachat et de fusion d&#039;entreprises et la n\u00e9cessit\u00e9 d&#039;un conseil juridique dans le cadre de ces processus.\" \/>\n<meta name=\"robots\" content=\"index, follow, max-snippet:-1, max-image-preview:large, max-video-preview:-1\" \/>\n<link rel=\"canonical\" href=\"https:\/\/www.asesoriaorihuelacosta.com\/fr\/absorption-et-fusions-dentreprises-differences-et-processus\/\" \/>\n<meta property=\"og:locale\" content=\"fr_FR\" \/>\n<meta property=\"og:type\" content=\"article\" \/>\n<meta property=\"og:title\" content=\"Absorption et fusions d&#039;entreprises en Espagne, diff\u00e9rences et processus\" \/>\n<meta property=\"og:description\" content=\"Nous \u00e9valuons les conditions de rachat et de fusion d&#039;entreprises et la n\u00e9cessit\u00e9 d&#039;un conseil juridique dans le cadre de ces processus.\" \/>\n<meta property=\"og:url\" content=\"https:\/\/www.asesoriaorihuelacosta.com\/fr\/absorption-et-fusions-dentreprises-differences-et-processus\/\" \/>\n<meta property=\"og:site_name\" content=\"Asesor\u00eda Orihuela Costa\" \/>\n<meta property=\"article:publisher\" content=\"https:\/\/www.facebook.com\/asesoriaorihuelacosta\" \/>\n<meta property=\"article:author\" content=\"https:\/\/www.facebook.com\/patrick.gordinneperez\" \/>\n<meta property=\"article:published_time\" content=\"2023-11-13T11:51:17+00:00\" \/>\n<meta property=\"article:modified_time\" content=\"2023-11-14T06:13:33+00:00\" \/>\n<meta property=\"og:image\" content=\"https:\/\/www.asesoriaorihuelacosta.com\/wp-content\/uploads\/2023\/11\/shaking-hands-3091906_640.jpg\" \/>\n\t<meta property=\"og:image:width\" content=\"640\" \/>\n\t<meta property=\"og:image:height\" content=\"325\" \/>\n\t<meta property=\"og:image:type\" content=\"image\/jpeg\" \/>\n<meta name=\"author\" content=\"Patrick Gordinne Perez\" \/>\n<meta name=\"twitter:card\" content=\"summary_large_image\" \/>\n<meta name=\"twitter:label1\" content=\"\u00c9crit par\" \/>\n\t<meta name=\"twitter:data1\" content=\"Patrick Gordinne Perez\" \/>\n\t<meta name=\"twitter:label2\" content=\"Dur\u00e9e de lecture estim\u00e9e\" \/>\n\t<meta name=\"twitter:data2\" content=\"5 minutes\" \/>\n<script type=\"application\/ld+json\" class=\"yoast-schema-graph\">{\"@context\":\"https:\\\/\\\/schema.org\",\"@graph\":[{\"@type\":\"Article\",\"@id\":\"https:\\\/\\\/www.asesoriaorihuelacosta.com\\\/fr\\\/absorption-et-fusions-dentreprises-differences-et-processus\\\/#article\",\"isPartOf\":{\"@id\":\"https:\\\/\\\/www.asesoriaorihuelacosta.com\\\/fr\\\/absorption-et-fusions-dentreprises-differences-et-processus\\\/\"},\"author\":{\"name\":\"Patrick Gordinne Perez\",\"@id\":\"https:\\\/\\\/www.asesoriaorihuelacosta.com\\\/fr\\\/#\\\/schema\\\/person\\\/6614ce8cf6d2de542aaf351629fd539e\"},\"headline\":\"Absorption et fusions d&rsquo;entreprises en Espagne, diff\u00e9rences et processus\",\"datePublished\":\"2023-11-13T11:51:17+00:00\",\"dateModified\":\"2023-11-14T06:13:33+00:00\",\"mainEntityOfPage\":{\"@id\":\"https:\\\/\\\/www.asesoriaorihuelacosta.com\\\/fr\\\/absorption-et-fusions-dentreprises-differences-et-processus\\\/\"},\"wordCount\":1070,\"publisher\":{\"@id\":\"https:\\\/\\\/www.asesoriaorihuelacosta.com\\\/fr\\\/#organization\"},\"image\":{\"@id\":\"https:\\\/\\\/www.asesoriaorihuelacosta.com\\\/fr\\\/absorption-et-fusions-dentreprises-differences-et-processus\\\/#primaryimage\"},\"thumbnailUrl\":\"https:\\\/\\\/www.asesoriaorihuelacosta.com\\\/wp-content\\\/uploads\\\/2023\\\/11\\\/shaking-hands-3091906_640.jpg\",\"articleSection\":[\"Blog\"],\"inLanguage\":\"fr-FR\"},{\"@type\":\"WebPage\",\"@id\":\"https:\\\/\\\/www.asesoriaorihuelacosta.com\\\/fr\\\/absorption-et-fusions-dentreprises-differences-et-processus\\\/\",\"url\":\"https:\\\/\\\/www.asesoriaorihuelacosta.com\\\/fr\\\/absorption-et-fusions-dentreprises-differences-et-processus\\\/\",\"name\":\"Absorption et fusions d'entreprises, diff\u00e9rences et processus\",\"isPartOf\":{\"@id\":\"https:\\\/\\\/www.asesoriaorihuelacosta.com\\\/fr\\\/#website\"},\"primaryImageOfPage\":{\"@id\":\"https:\\\/\\\/www.asesoriaorihuelacosta.com\\\/fr\\\/absorption-et-fusions-dentreprises-differences-et-processus\\\/#primaryimage\"},\"image\":{\"@id\":\"https:\\\/\\\/www.asesoriaorihuelacosta.com\\\/fr\\\/absorption-et-fusions-dentreprises-differences-et-processus\\\/#primaryimage\"},\"thumbnailUrl\":\"https:\\\/\\\/www.asesoriaorihuelacosta.com\\\/wp-content\\\/uploads\\\/2023\\\/11\\\/shaking-hands-3091906_640.jpg\",\"datePublished\":\"2023-11-13T11:51:17+00:00\",\"dateModified\":\"2023-11-14T06:13:33+00:00\",\"description\":\"Nous \u00e9valuons les conditions de rachat et de fusion d'entreprises et la n\u00e9cessit\u00e9 d'un conseil juridique dans le cadre de ces processus.\",\"breadcrumb\":{\"@id\":\"https:\\\/\\\/www.asesoriaorihuelacosta.com\\\/fr\\\/absorption-et-fusions-dentreprises-differences-et-processus\\\/#breadcrumb\"},\"inLanguage\":\"fr-FR\",\"potentialAction\":[{\"@type\":\"ReadAction\",\"target\":[\"https:\\\/\\\/www.asesoriaorihuelacosta.com\\\/fr\\\/absorption-et-fusions-dentreprises-differences-et-processus\\\/\"]}]},{\"@type\":\"ImageObject\",\"inLanguage\":\"fr-FR\",\"@id\":\"https:\\\/\\\/www.asesoriaorihuelacosta.com\\\/fr\\\/absorption-et-fusions-dentreprises-differences-et-processus\\\/#primaryimage\",\"url\":\"https:\\\/\\\/www.asesoriaorihuelacosta.com\\\/wp-content\\\/uploads\\\/2023\\\/11\\\/shaking-hands-3091906_640.jpg\",\"contentUrl\":\"https:\\\/\\\/www.asesoriaorihuelacosta.com\\\/wp-content\\\/uploads\\\/2023\\\/11\\\/shaking-hands-3091906_640.jpg\",\"width\":640,\"height\":325,\"caption\":\"Absorci\u00f3n y fusi\u00f3n de empresas\"},{\"@type\":\"BreadcrumbList\",\"@id\":\"https:\\\/\\\/www.asesoriaorihuelacosta.com\\\/fr\\\/absorption-et-fusions-dentreprises-differences-et-processus\\\/#breadcrumb\",\"itemListElement\":[{\"@type\":\"ListItem\",\"position\":1,\"name\":\"Home\",\"item\":\"https:\\\/\\\/www.asesoriaorihuelacosta.com\\\/fr\\\/\"},{\"@type\":\"ListItem\",\"position\":2,\"name\":\"Absorption et fusions d&#8217;entreprises en Espagne, diff\u00e9rences et processus\"}]},{\"@type\":\"WebSite\",\"@id\":\"https:\\\/\\\/www.asesoriaorihuelacosta.com\\\/fr\\\/#website\",\"url\":\"https:\\\/\\\/www.asesoriaorihuelacosta.com\\\/fr\\\/\",\"name\":\"https:\\\/\\\/www.asesoriaorihuelacosta.com\\\/\",\"description\":\"Grupo de asesores profesionales\",\"publisher\":{\"@id\":\"https:\\\/\\\/www.asesoriaorihuelacosta.com\\\/fr\\\/#organization\"},\"potentialAction\":[{\"@type\":\"SearchAction\",\"target\":{\"@type\":\"EntryPoint\",\"urlTemplate\":\"https:\\\/\\\/www.asesoriaorihuelacosta.com\\\/fr\\\/?s={search_term_string}\"},\"query-input\":{\"@type\":\"PropertyValueSpecification\",\"valueRequired\":true,\"valueName\":\"search_term_string\"}}],\"inLanguage\":\"fr-FR\"},{\"@type\":\"Organization\",\"@id\":\"https:\\\/\\\/www.asesoriaorihuelacosta.com\\\/fr\\\/#organization\",\"name\":\"Asesor\u00eda Orihuela Costa\",\"url\":\"https:\\\/\\\/www.asesoriaorihuelacosta.com\\\/fr\\\/\",\"logo\":{\"@type\":\"ImageObject\",\"inLanguage\":\"fr-FR\",\"@id\":\"https:\\\/\\\/www.asesoriaorihuelacosta.com\\\/fr\\\/#\\\/schema\\\/logo\\\/image\\\/\",\"url\":\"https:\\\/\\\/www.asesoriaorihuelacosta.com\\\/wp-content\\\/uploads\\\/2022\\\/06\\\/Logo-espa\u5bf8l-asesoriaorihuela.jpg\",\"contentUrl\":\"https:\\\/\\\/www.asesoriaorihuelacosta.com\\\/wp-content\\\/uploads\\\/2022\\\/06\\\/Logo-espa\u5bf8l-asesoriaorihuela.jpg\",\"width\":588,\"height\":136,\"caption\":\"Asesor\u00eda Orihuela Costa\"},\"image\":{\"@id\":\"https:\\\/\\\/www.asesoriaorihuelacosta.com\\\/fr\\\/#\\\/schema\\\/logo\\\/image\\\/\"},\"sameAs\":[\"https:\\\/\\\/www.facebook.com\\\/asesoriaorihuelacosta\"]},{\"@type\":\"Person\",\"@id\":\"https:\\\/\\\/www.asesoriaorihuelacosta.com\\\/fr\\\/#\\\/schema\\\/person\\\/6614ce8cf6d2de542aaf351629fd539e\",\"name\":\"Patrick Gordinne Perez\",\"description\":\"Soy economista colegiado por el colegio de economistas de Alicante con el n\u00famero 2722. Llevo ejerciendo desde el a\u00f1o 2005. Soy especialista en fiscalidad de empresas y aut\u00f3nomos y tambi\u00e9n especialista en gestionar compraventas. Hablo espa\u00f1ol, ingl\u00e9s y franc\u00e9s.\",\"sameAs\":[\"https:\\\/\\\/www.asesoriaorihuelacosta.com\",\"https:\\\/\\\/www.facebook.com\\\/patrick.gordinneperez\",\"https:\\\/\\\/www.linkedin.com\\\/in\\\/patrick-gordinne-perez-1b73aab3\\\/\",\"https:\\\/\\\/www.youtube.com\\\/channel\\\/UC5e95RJEVQlxCnhwDmGNVCw\"],\"gender\":\"Hombre\",\"knowsLanguage\":[\"ingl\u00e9s\",\"franc\u00e9s\",\"espa\u00f1ol\"],\"jobTitle\":\"Gerente\",\"worksFor\":\"Asesoria Orihuela Costa SL\"}]}<\/script>\n<!-- \/ Yoast SEO Premium plugin. -->","yoast_head_json":{"title":"Absorption et fusions d'entreprises, diff\u00e9rences et processus","description":"Nous \u00e9valuons les conditions de rachat et de fusion d'entreprises et la n\u00e9cessit\u00e9 d'un conseil juridique dans le cadre de ces processus.","robots":{"index":"index","follow":"follow","max-snippet":"max-snippet:-1","max-image-preview":"max-image-preview:large","max-video-preview":"max-video-preview:-1"},"canonical":"https:\/\/www.asesoriaorihuelacosta.com\/fr\/absorption-et-fusions-dentreprises-differences-et-processus\/","og_locale":"fr_FR","og_type":"article","og_title":"Absorption et fusions d'entreprises en Espagne, diff\u00e9rences et processus","og_description":"Nous \u00e9valuons les conditions de rachat et de fusion d'entreprises et la n\u00e9cessit\u00e9 d'un conseil juridique dans le cadre de ces processus.","og_url":"https:\/\/www.asesoriaorihuelacosta.com\/fr\/absorption-et-fusions-dentreprises-differences-et-processus\/","og_site_name":"Asesor\u00eda Orihuela Costa","article_publisher":"https:\/\/www.facebook.com\/asesoriaorihuelacosta","article_author":"https:\/\/www.facebook.com\/patrick.gordinneperez","article_published_time":"2023-11-13T11:51:17+00:00","article_modified_time":"2023-11-14T06:13:33+00:00","og_image":[{"width":640,"height":325,"url":"https:\/\/www.asesoriaorihuelacosta.com\/wp-content\/uploads\/2023\/11\/shaking-hands-3091906_640.jpg","type":"image\/jpeg"}],"author":"Patrick Gordinne Perez","twitter_card":"summary_large_image","twitter_misc":{"\u00c9crit par":"Patrick Gordinne Perez","Dur\u00e9e de lecture estim\u00e9e":"5 minutes"},"schema":{"@context":"https:\/\/schema.org","@graph":[{"@type":"Article","@id":"https:\/\/www.asesoriaorihuelacosta.com\/fr\/absorption-et-fusions-dentreprises-differences-et-processus\/#article","isPartOf":{"@id":"https:\/\/www.asesoriaorihuelacosta.com\/fr\/absorption-et-fusions-dentreprises-differences-et-processus\/"},"author":{"name":"Patrick Gordinne Perez","@id":"https:\/\/www.asesoriaorihuelacosta.com\/fr\/#\/schema\/person\/6614ce8cf6d2de542aaf351629fd539e"},"headline":"Absorption et fusions d&rsquo;entreprises en Espagne, diff\u00e9rences et processus","datePublished":"2023-11-13T11:51:17+00:00","dateModified":"2023-11-14T06:13:33+00:00","mainEntityOfPage":{"@id":"https:\/\/www.asesoriaorihuelacosta.com\/fr\/absorption-et-fusions-dentreprises-differences-et-processus\/"},"wordCount":1070,"publisher":{"@id":"https:\/\/www.asesoriaorihuelacosta.com\/fr\/#organization"},"image":{"@id":"https:\/\/www.asesoriaorihuelacosta.com\/fr\/absorption-et-fusions-dentreprises-differences-et-processus\/#primaryimage"},"thumbnailUrl":"https:\/\/www.asesoriaorihuelacosta.com\/wp-content\/uploads\/2023\/11\/shaking-hands-3091906_640.jpg","articleSection":["Blog"],"inLanguage":"fr-FR"},{"@type":"WebPage","@id":"https:\/\/www.asesoriaorihuelacosta.com\/fr\/absorption-et-fusions-dentreprises-differences-et-processus\/","url":"https:\/\/www.asesoriaorihuelacosta.com\/fr\/absorption-et-fusions-dentreprises-differences-et-processus\/","name":"Absorption et fusions d'entreprises, diff\u00e9rences et processus","isPartOf":{"@id":"https:\/\/www.asesoriaorihuelacosta.com\/fr\/#website"},"primaryImageOfPage":{"@id":"https:\/\/www.asesoriaorihuelacosta.com\/fr\/absorption-et-fusions-dentreprises-differences-et-processus\/#primaryimage"},"image":{"@id":"https:\/\/www.asesoriaorihuelacosta.com\/fr\/absorption-et-fusions-dentreprises-differences-et-processus\/#primaryimage"},"thumbnailUrl":"https:\/\/www.asesoriaorihuelacosta.com\/wp-content\/uploads\/2023\/11\/shaking-hands-3091906_640.jpg","datePublished":"2023-11-13T11:51:17+00:00","dateModified":"2023-11-14T06:13:33+00:00","description":"Nous \u00e9valuons les conditions de rachat et de fusion d'entreprises et la n\u00e9cessit\u00e9 d'un conseil juridique dans le cadre de ces processus.","breadcrumb":{"@id":"https:\/\/www.asesoriaorihuelacosta.com\/fr\/absorption-et-fusions-dentreprises-differences-et-processus\/#breadcrumb"},"inLanguage":"fr-FR","potentialAction":[{"@type":"ReadAction","target":["https:\/\/www.asesoriaorihuelacosta.com\/fr\/absorption-et-fusions-dentreprises-differences-et-processus\/"]}]},{"@type":"ImageObject","inLanguage":"fr-FR","@id":"https:\/\/www.asesoriaorihuelacosta.com\/fr\/absorption-et-fusions-dentreprises-differences-et-processus\/#primaryimage","url":"https:\/\/www.asesoriaorihuelacosta.com\/wp-content\/uploads\/2023\/11\/shaking-hands-3091906_640.jpg","contentUrl":"https:\/\/www.asesoriaorihuelacosta.com\/wp-content\/uploads\/2023\/11\/shaking-hands-3091906_640.jpg","width":640,"height":325,"caption":"Absorci\u00f3n y fusi\u00f3n de empresas"},{"@type":"BreadcrumbList","@id":"https:\/\/www.asesoriaorihuelacosta.com\/fr\/absorption-et-fusions-dentreprises-differences-et-processus\/#breadcrumb","itemListElement":[{"@type":"ListItem","position":1,"name":"Home","item":"https:\/\/www.asesoriaorihuelacosta.com\/fr\/"},{"@type":"ListItem","position":2,"name":"Absorption et fusions d&#8217;entreprises en Espagne, diff\u00e9rences et processus"}]},{"@type":"WebSite","@id":"https:\/\/www.asesoriaorihuelacosta.com\/fr\/#website","url":"https:\/\/www.asesoriaorihuelacosta.com\/fr\/","name":"https:\/\/www.asesoriaorihuelacosta.com\/","description":"Grupo de asesores profesionales","publisher":{"@id":"https:\/\/www.asesoriaorihuelacosta.com\/fr\/#organization"},"potentialAction":[{"@type":"SearchAction","target":{"@type":"EntryPoint","urlTemplate":"https:\/\/www.asesoriaorihuelacosta.com\/fr\/?s={search_term_string}"},"query-input":{"@type":"PropertyValueSpecification","valueRequired":true,"valueName":"search_term_string"}}],"inLanguage":"fr-FR"},{"@type":"Organization","@id":"https:\/\/www.asesoriaorihuelacosta.com\/fr\/#organization","name":"Asesor\u00eda Orihuela Costa","url":"https:\/\/www.asesoriaorihuelacosta.com\/fr\/","logo":{"@type":"ImageObject","inLanguage":"fr-FR","@id":"https:\/\/www.asesoriaorihuelacosta.com\/fr\/#\/schema\/logo\/image\/","url":"https:\/\/www.asesoriaorihuelacosta.com\/wp-content\/uploads\/2022\/06\/Logo-espa\u5bf8l-asesoriaorihuela.jpg","contentUrl":"https:\/\/www.asesoriaorihuelacosta.com\/wp-content\/uploads\/2022\/06\/Logo-espa\u5bf8l-asesoriaorihuela.jpg","width":588,"height":136,"caption":"Asesor\u00eda Orihuela Costa"},"image":{"@id":"https:\/\/www.asesoriaorihuelacosta.com\/fr\/#\/schema\/logo\/image\/"},"sameAs":["https:\/\/www.facebook.com\/asesoriaorihuelacosta"]},{"@type":"Person","@id":"https:\/\/www.asesoriaorihuelacosta.com\/fr\/#\/schema\/person\/6614ce8cf6d2de542aaf351629fd539e","name":"Patrick Gordinne Perez","description":"Soy economista colegiado por el colegio de economistas de Alicante con el n\u00famero 2722. Llevo ejerciendo desde el a\u00f1o 2005. Soy especialista en fiscalidad de empresas y aut\u00f3nomos y tambi\u00e9n especialista en gestionar compraventas. Hablo espa\u00f1ol, ingl\u00e9s y franc\u00e9s.","sameAs":["https:\/\/www.asesoriaorihuelacosta.com","https:\/\/www.facebook.com\/patrick.gordinneperez","https:\/\/www.linkedin.com\/in\/patrick-gordinne-perez-1b73aab3\/","https:\/\/www.youtube.com\/channel\/UC5e95RJEVQlxCnhwDmGNVCw"],"gender":"Hombre","knowsLanguage":["ingl\u00e9s","franc\u00e9s","espa\u00f1ol"],"jobTitle":"Gerente","worksFor":"Asesoria Orihuela Costa SL"}]}},"_links":{"self":[{"href":"https:\/\/www.asesoriaorihuelacosta.com\/fr\/wp-json\/wp\/v2\/posts\/17023","targetHints":{"allow":["GET"]}}],"collection":[{"href":"https:\/\/www.asesoriaorihuelacosta.com\/fr\/wp-json\/wp\/v2\/posts"}],"about":[{"href":"https:\/\/www.asesoriaorihuelacosta.com\/fr\/wp-json\/wp\/v2\/types\/post"}],"author":[{"embeddable":true,"href":"https:\/\/www.asesoriaorihuelacosta.com\/fr\/wp-json\/wp\/v2\/users\/2"}],"replies":[{"embeddable":true,"href":"https:\/\/www.asesoriaorihuelacosta.com\/fr\/wp-json\/wp\/v2\/comments?post=17023"}],"version-history":[{"count":6,"href":"https:\/\/www.asesoriaorihuelacosta.com\/fr\/wp-json\/wp\/v2\/posts\/17023\/revisions"}],"predecessor-version":[{"id":17030,"href":"https:\/\/www.asesoriaorihuelacosta.com\/fr\/wp-json\/wp\/v2\/posts\/17023\/revisions\/17030"}],"wp:featuredmedia":[{"embeddable":true,"href":"https:\/\/www.asesoriaorihuelacosta.com\/fr\/wp-json\/wp\/v2\/media\/16967"}],"wp:attachment":[{"href":"https:\/\/www.asesoriaorihuelacosta.com\/fr\/wp-json\/wp\/v2\/media?parent=17023"}],"wp:term":[{"taxonomy":"category","embeddable":true,"href":"https:\/\/www.asesoriaorihuelacosta.com\/fr\/wp-json\/wp\/v2\/categories?post=17023"},{"taxonomy":"post_tag","embeddable":true,"href":"https:\/\/www.asesoriaorihuelacosta.com\/fr\/wp-json\/wp\/v2\/tags?post=17023"}],"curies":[{"name":"wp","href":"https:\/\/api.w.org\/{rel}","templated":true}]}}