{"id":14840,"date":"2023-06-06T10:31:29","date_gmt":"2023-06-06T10:31:29","guid":{"rendered":"https:\/\/www.asesoriaorihuelacosta.com\/?p=14840"},"modified":"2023-06-12T16:18:49","modified_gmt":"2023-06-12T16:18:49","slug":"quels-sont-les-impots-payes-par-une-entreprise-en-espagne","status":"publish","type":"post","link":"https:\/\/www.asesoriaorihuelacosta.com\/fr\/quels-sont-les-impots-payes-par-une-entreprise-en-espagne\/","title":{"rendered":"Quels sont les imp\u00f4ts pay\u00e9s par une entreprise en Espagne ?"},"content":{"rendered":"\t\t<div data-elementor-type=\"wp-post\" data-elementor-id=\"14840\" class=\"elementor elementor-14840\" data-elementor-post-type=\"post\">\n\t\t\t\t\t\t<section data-particle_enable=\"false\" data-particle-mobile-disabled=\"false\" class=\"elementor-section elementor-top-section elementor-element elementor-element-270b274 elementor-section-boxed elementor-section-height-default elementor-section-height-default\" data-id=\"270b274\" data-element_type=\"section\" data-e-type=\"section\">\r\n\t\t\r\n\t\t\t\t\t\t\t<div class=\"elementor-container elementor-column-gap-default\">\r\n\t\t\t\t\t\t\t\t\t\t\t<div class=\"elementor-column elementor-col-100 elementor-top-column elementor-element elementor-element-fad85b6\" data-id=\"fad85b6\" data-element_type=\"column\" data-e-type=\"column\">\r\n\t\t\t\t\t<div class=\"elementor-widget-wrap elementor-element-populated\">\r\n\t\t\t\t\t\t\t\t<div class=\"elementor-element elementor-element-e7eff79 elementor-widget elementor-widget-text-editor\" data-id=\"e7eff79\" data-element_type=\"widget\" data-e-type=\"widget\" data-widget_type=\"text-editor.default\">\n\t\t\t\t<div class=\"elementor-widget-container\">\n\t\t\t\t\t\t\t\t\t<p>Quels sont les imp\u00f4ts pay\u00e9s par une entreprise en Espagne ? Dans notre pays, une entreprise doit faire face \u00e0 de nombreuses obligations fiscales, il est donc essentiel d&rsquo;effectuer une gestion ad\u00e9quate qui soit conforme \u00e0 la l\u00e9gislation en vigueur et qui tienne compte des changements introduits par l&rsquo;administration.<\/p><p>Vous trouverez ci-dessous une analyse des imp\u00f4ts que doit payer une <a href=\"https:\/\/www.asesoriaorihuelacosta.com\/fr\/conseil-aux-entrepreneurs\/\" target=\"_blank\" rel=\"noopener\">entreprise \u00a0en Espagne<\/a> et des caract\u00e9ristiques propres \u00e0 chacun d&rsquo;entre eux.\u00a0<\/p><p>\u00a0<\/p>\t\t\t\t\t\t\t\t<\/div>\n\t\t\t\t<\/div>\n\t\t\t\t\t<\/div>\r\n\t\t\t\t<\/div>\r\n\t\t\t\t\t<\/div>\r\n\t\t\t\t<\/section>\r\n\t\t\t\t<section data-particle_enable=\"false\" data-particle-mobile-disabled=\"false\" class=\"elementor-section elementor-top-section elementor-element elementor-element-b71797d elementor-section-boxed elementor-section-height-default elementor-section-height-default\" data-id=\"b71797d\" data-element_type=\"section\" data-e-type=\"section\">\r\n\t\t\r\n\t\t\t\t\t\t\t<div class=\"elementor-container elementor-column-gap-default\">\r\n\t\t\t\t\t\t\t\t\t\t\t<div class=\"elementor-column elementor-col-100 elementor-top-column elementor-element elementor-element-b6cf81d\" data-id=\"b6cf81d\" data-element_type=\"column\" data-e-type=\"column\">\r\n\t\t\t\t\t<div class=\"elementor-widget-wrap elementor-element-populated\">\r\n\t\t\t\t\t\t\t\t<div class=\"elementor-element elementor-element-7defa0c elementor-widget elementor-widget-heading\" data-id=\"7defa0c\" data-element_type=\"widget\" data-e-type=\"widget\" data-widget_type=\"heading.default\">\n\t\t\t\t<div class=\"elementor-widget-container\">\n\t\t\t\t\t<h2 class=\"elementor-heading-title elementor-size-default\">Imp\u00f4ts actuels sur les entreprises en Espagne\n<\/h2>\t\t\t\t<\/div>\n\t\t\t\t<\/div>\n\t\t\t\t\t<\/div>\r\n\t\t\t\t<\/div>\r\n\t\t\t\t\t<\/div>\r\n\t\t\t\t<\/section>\r\n\t\t\t\t<section data-particle_enable=\"false\" data-particle-mobile-disabled=\"false\" class=\"elementor-section elementor-top-section elementor-element elementor-element-a595811 elementor-section-boxed elementor-section-height-default elementor-section-height-default\" data-id=\"a595811\" data-element_type=\"section\" data-e-type=\"section\">\r\n\t\t\r\n\t\t\t\t\t\t\t<div class=\"elementor-container elementor-column-gap-default\">\r\n\t\t\t\t\t\t\t\t\t\t\t<div class=\"elementor-column elementor-col-100 elementor-top-column elementor-element elementor-element-4db35a8\" data-id=\"4db35a8\" data-element_type=\"column\" data-e-type=\"column\">\r\n\t\t\t\t\t<div class=\"elementor-widget-wrap elementor-element-populated\">\r\n\t\t\t\t\t\t\t\t<div class=\"elementor-element elementor-element-3c048b0 elementor-widget elementor-widget-heading\" data-id=\"3c048b0\" data-element_type=\"widget\" data-e-type=\"widget\" data-widget_type=\"heading.default\">\n\t\t\t\t<div class=\"elementor-widget-container\">\n\t\t\t\t\t<h3 class=\"elementor-heading-title elementor-size-default\">Taxe professionnelle \n<\/h3>\t\t\t\t<\/div>\n\t\t\t\t<\/div>\n\t\t\t\t\t<\/div>\r\n\t\t\t\t<\/div>\r\n\t\t\t\t\t<\/div>\r\n\t\t\t\t<\/section>\r\n\t\t\t\t<section data-particle_enable=\"false\" data-particle-mobile-disabled=\"false\" class=\"elementor-section elementor-top-section elementor-element elementor-element-d223121 elementor-section-boxed elementor-section-height-default elementor-section-height-default\" data-id=\"d223121\" data-element_type=\"section\" data-e-type=\"section\">\r\n\t\t\r\n\t\t\t\t\t\t\t<div class=\"elementor-container elementor-column-gap-default\">\r\n\t\t\t\t\t\t\t\t\t\t\t<div class=\"elementor-column elementor-col-100 elementor-top-column elementor-element elementor-element-6affa8d\" data-id=\"6affa8d\" data-element_type=\"column\" data-e-type=\"column\">\r\n\t\t\t\t\t<div class=\"elementor-widget-wrap elementor-element-populated\">\r\n\t\t\t\t\t\t\t\t<div class=\"elementor-element elementor-element-2bfa4a2 elementor-widget elementor-widget-text-editor\" data-id=\"2bfa4a2\" data-element_type=\"widget\" data-e-type=\"widget\" data-widget_type=\"text-editor.default\">\n\t\t\t\t<div class=\"elementor-widget-container\">\n\t\t\t\t\t\t\t\t\t<p>L&rsquo;imp\u00f4t sur les activit\u00e9s \u00e9conomiques (IAE) en Espagne est un imp\u00f4t pr\u00e9lev\u00e9 sur l&rsquo;exercice d&rsquo;activit\u00e9s \u00e9conomiques sur le territoire espagnol. Il s&rsquo;applique aux activit\u00e9s exerc\u00e9es par des personnes physiques ou morales, qu&rsquo;elles soient ou non de nature commerciale. Voici ses principales caract\u00e9ristiques.\u00a0<\/p><ul><li>Nature de l&rsquo;imp\u00f4t : l&rsquo;IAE est un imp\u00f4t direct, de nature r\u00e9elle, et est consid\u00e9r\u00e9 comme un imp\u00f4t p\u00e9riodique payable annuellement.<\/li><li>Activit\u00e9s soumises \u00e0 l&rsquo;imp\u00f4t : l&rsquo;imp\u00f4t s&rsquo;applique \u00e0 toutes les activit\u00e9s professionnelles, artistiques et commerciales, quels que soient leur objet, leur lieu d&rsquo;exercice ou la forme juridique de la personne qui les exerce.<\/li><li><strong>Exemptions<\/strong> : <span style=\"text-decoration: underline;\">En Espagne, les contribuables dont le chiffre d&rsquo;affaires ne d\u00e9passe pas 1 million d&rsquo;euros sont exempt\u00e9s du paiement de l&rsquo;IAE<\/span>. Les entit\u00e9s \u00e0 but non lucratif et les nouveaux entrepreneurs sont \u00e9galement exon\u00e9r\u00e9s pendant les deux premi\u00e8res ann\u00e9es d&rsquo;activit\u00e9.<\/li><li>Calcul de l&rsquo;imp\u00f4t : le calcul de l&rsquo;IAE d\u00e9pend de la nature de l&rsquo;activit\u00e9 \u00e9conomique exerc\u00e9e. Il est bas\u00e9 sur la classification des activit\u00e9s \u00e9conomiques et peut varier en fonction de diff\u00e9rents facteurs tels que le rendement, la surface des locaux ou le nombre de personnes employ\u00e9es, entre autres.<\/li><li>Comp\u00e9tence : l&rsquo;IAE est un imp\u00f4t local. Cela signifie qu&rsquo;il est g\u00e9r\u00e9 et per\u00e7u par les communes.<\/li><\/ul><p>En r\u00e9sum\u00e9, l&rsquo;IAE est un imp\u00f4t obligatoire pour ceux qui exercent des activit\u00e9s \u00e9conomiques en Espagne et dont le chiffre d&rsquo;affaires d\u00e9passe le seuil fix\u00e9.<\/p><p>\u00a0<\/p>\t\t\t\t\t\t\t\t<\/div>\n\t\t\t\t<\/div>\n\t\t\t\t\t<\/div>\r\n\t\t\t\t<\/div>\r\n\t\t\t\t\t<\/div>\r\n\t\t\t\t<\/section>\r\n\t\t\t\t<section data-particle_enable=\"false\" data-particle-mobile-disabled=\"false\" class=\"elementor-section elementor-top-section elementor-element elementor-element-91b49e4 elementor-section-boxed elementor-section-height-default elementor-section-height-default\" data-id=\"91b49e4\" data-element_type=\"section\" data-e-type=\"section\">\r\n\t\t\r\n\t\t\t\t\t\t\t<div class=\"elementor-container elementor-column-gap-default\">\r\n\t\t\t\t\t\t\t\t\t\t\t<div class=\"elementor-column elementor-col-100 elementor-top-column elementor-element elementor-element-daf7710\" data-id=\"daf7710\" data-element_type=\"column\" data-e-type=\"column\">\r\n\t\t\t\t\t<div class=\"elementor-widget-wrap elementor-element-populated\">\r\n\t\t\t\t\t\t\t\t<div class=\"elementor-element elementor-element-6db1ce3 elementor-widget elementor-widget-heading\" data-id=\"6db1ce3\" data-element_type=\"widget\" data-e-type=\"widget\" data-widget_type=\"heading.default\">\n\t\t\t\t<div class=\"elementor-widget-container\">\n\t\t\t\t\t<h3 class=\"elementor-heading-title elementor-size-default\">Imp\u00f4t sur les soci\u00e9t\u00e9s\n<\/h3>\t\t\t\t<\/div>\n\t\t\t\t<\/div>\n\t\t\t\t\t<\/div>\r\n\t\t\t\t<\/div>\r\n\t\t\t\t\t<\/div>\r\n\t\t\t\t<\/section>\r\n\t\t\t\t<section data-particle_enable=\"false\" data-particle-mobile-disabled=\"false\" class=\"elementor-section elementor-top-section elementor-element elementor-element-46ceb78 elementor-section-boxed elementor-section-height-default elementor-section-height-default\" data-id=\"46ceb78\" data-element_type=\"section\" data-e-type=\"section\">\r\n\t\t\r\n\t\t\t\t\t\t\t<div class=\"elementor-container elementor-column-gap-default\">\r\n\t\t\t\t\t\t\t\t\t\t\t<div class=\"elementor-column elementor-col-100 elementor-top-column elementor-element elementor-element-a316a79\" data-id=\"a316a79\" data-element_type=\"column\" data-e-type=\"column\">\r\n\t\t\t\t\t<div class=\"elementor-widget-wrap elementor-element-populated\">\r\n\t\t\t\t\t\t\t\t<div class=\"elementor-element elementor-element-248103f elementor-widget elementor-widget-text-editor\" data-id=\"248103f\" data-element_type=\"widget\" data-e-type=\"widget\" data-widget_type=\"text-editor.default\">\n\t\t\t\t<div class=\"elementor-widget-container\">\n\t\t\t\t\t\t\t\t\t<p>L&rsquo;imp\u00f4t sur les soci\u00e9t\u00e9s (IS) en Espagne est un imp\u00f4t sur le revenu des soci\u00e9t\u00e9s et autres entit\u00e9s juridiques. Voici les principaux aspects de l&rsquo;IS :<\/p><p>Nature de l&rsquo;imp\u00f4t : l&rsquo;IS est un imp\u00f4t direct sur les b\u00e9n\u00e9fices r\u00e9alis\u00e9s par les soci\u00e9t\u00e9s et autres entit\u00e9s au cours d&rsquo;une p\u00e9riode d&rsquo;imposition.<br \/>Contribuables : Les soci\u00e9t\u00e9s, associations, institutions, fondations et autres entit\u00e9s dot\u00e9es d&rsquo;une personnalit\u00e9 juridique propre sont assujetties \u00e0 l&rsquo;IS. Les personnes physiques ne sont pas assujetties \u00e0 l&rsquo;IS, mais \u00e0 l&rsquo;imp\u00f4t sur le revenu des personnes physiques (IRPF).<br \/>Base imposable et taux d&rsquo;imposition : La base imposable de l&rsquo;IS est, en g\u00e9n\u00e9ral, le b\u00e9n\u00e9fice de l&rsquo;entit\u00e9, qui est calcul\u00e9 sur la base de la diff\u00e9rence entre les recettes et les d\u00e9penses. Le taux g\u00e9n\u00e9ral d&rsquo;imposition de l&rsquo;IS est de 25 %, mais il peut varier en fonction des caract\u00e9ristiques de l&rsquo;entit\u00e9. Par exemple, les entit\u00e9s nouvellement cr\u00e9\u00e9es b\u00e9n\u00e9ficient d&rsquo;un taux r\u00e9duit de 15 % pour les deux premi\u00e8res p\u00e9riodes fiscales au cours desquelles elles r\u00e9alisent des b\u00e9n\u00e9fices.<br \/>Les PME, petites et micro-entreprises paient, \u00e0 partir du 1er janvier 2023, 23 % d&rsquo;imp\u00f4t sur les b\u00e9n\u00e9fices.<br \/>D\u00e9ductions et abattements : Il existe plusieurs d\u00e9ductions et abattements qui peuvent r\u00e9duire le montant de l&rsquo;IS \u00e0 payer. Elles d\u00e9pendent de nombreux facteurs, tels que l&rsquo;exercice de certaines activit\u00e9s, les investissements en R&amp;D, la promotion de l&#8217;emploi, etc.<br \/>P\u00e9riode d&rsquo;imposition et d\u00e9claration : La p\u00e9riode d&rsquo;imposition de l&rsquo;IS co\u00efncide g\u00e9n\u00e9ralement avec l&rsquo;ann\u00e9e civile, mais elle peut \u00eatre diff\u00e9rente si le statut de l&rsquo;entit\u00e9 le pr\u00e9voit. La d\u00e9claration d&rsquo;IS doit \u00eatre d\u00e9pos\u00e9e dans les six mois suivant la fin de la p\u00e9riode d&rsquo;imposition.<br \/>En r\u00e9sum\u00e9, l&rsquo;IS est le principal imp\u00f4t sur les b\u00e9n\u00e9fices des soci\u00e9t\u00e9s et autres entit\u00e9s en Espagne. Il est essentiel que ces entit\u00e9s connaissent les r\u00e8gles de l&rsquo;IS afin de respecter leurs obligations fiscales.<\/p><p>\u00a0<\/p>\t\t\t\t\t\t\t\t<\/div>\n\t\t\t\t<\/div>\n\t\t\t\t\t<\/div>\r\n\t\t\t\t<\/div>\r\n\t\t\t\t\t<\/div>\r\n\t\t\t\t<\/section>\r\n\t\t\t\t<section data-particle_enable=\"false\" data-particle-mobile-disabled=\"false\" class=\"elementor-section elementor-top-section elementor-element elementor-element-d3f91ec elementor-section-boxed elementor-section-height-default elementor-section-height-default\" data-id=\"d3f91ec\" data-element_type=\"section\" data-e-type=\"section\">\r\n\t\t\r\n\t\t\t\t\t\t\t<div class=\"elementor-container elementor-column-gap-default\">\r\n\t\t\t\t\t\t\t\t\t\t\t<div class=\"elementor-column elementor-col-100 elementor-top-column elementor-element elementor-element-134b535\" data-id=\"134b535\" data-element_type=\"column\" data-e-type=\"column\">\r\n\t\t\t\t\t<div class=\"elementor-widget-wrap elementor-element-populated\">\r\n\t\t\t\t\t\t\t\t<div class=\"elementor-element elementor-element-2a08e1e elementor-widget elementor-widget-heading\" data-id=\"2a08e1e\" data-element_type=\"widget\" data-e-type=\"widget\" data-widget_type=\"heading.default\">\n\t\t\t\t<div class=\"elementor-widget-container\">\n\t\t\t\t\t<h3 class=\"elementor-heading-title elementor-size-default\">TVA\n<\/h3>\t\t\t\t<\/div>\n\t\t\t\t<\/div>\n\t\t\t\t\t<\/div>\r\n\t\t\t\t<\/div>\r\n\t\t\t\t\t<\/div>\r\n\t\t\t\t<\/section>\r\n\t\t\t\t<section data-particle_enable=\"false\" data-particle-mobile-disabled=\"false\" class=\"elementor-section elementor-top-section elementor-element elementor-element-9b57d6e elementor-section-boxed elementor-section-height-default elementor-section-height-default\" data-id=\"9b57d6e\" data-element_type=\"section\" data-e-type=\"section\">\r\n\t\t\r\n\t\t\t\t\t\t\t<div class=\"elementor-container elementor-column-gap-default\">\r\n\t\t\t\t\t\t\t\t\t\t\t<div class=\"elementor-column elementor-col-100 elementor-top-column elementor-element elementor-element-44dfc39\" data-id=\"44dfc39\" data-element_type=\"column\" data-e-type=\"column\">\r\n\t\t\t\t\t<div class=\"elementor-widget-wrap elementor-element-populated\">\r\n\t\t\t\t\t\t\t\t<div class=\"elementor-element elementor-element-f245d78 elementor-widget elementor-widget-text-editor\" data-id=\"f245d78\" data-element_type=\"widget\" data-e-type=\"widget\" data-widget_type=\"text-editor.default\">\n\t\t\t\t<div class=\"elementor-widget-container\">\n\t\t\t\t\t\t\t\t\t<p>La taxe sur la valeur ajout\u00e9e (TVA) est un imp\u00f4t indirect pr\u00e9lev\u00e9 sur la consommation de biens et de services en Espagne. Elle est collect\u00e9e par les entreprises au moment de la vente du bien ou du service.<\/p><ul><li>Personnes assujetties : Les entreprises qui vendent des biens ou fournissent des services sont tenues de collecter la TVA aupr\u00e8s de leurs clients et de la reverser \u00e0 l&rsquo;Agence des imp\u00f4ts.<\/li><li>Taux de TVA : en Espagne, il existe trois taux de TVA : le taux g\u00e9n\u00e9ral (21 %), le taux r\u00e9duit (10 %) et le taux super-r\u00e9duit (4 %). Le taux applicable d\u00e9pend de la nature du bien ou du service. Par exemple, les produits alimentaires de base sont tax\u00e9s au taux super-r\u00e9duit, tandis que les services d&rsquo;h\u00f4tellerie et de restauration sont tax\u00e9s au taux r\u00e9duit.<\/li><li>Paiement de la TVA : les entreprises doivent d\u00e9poser des d\u00e9clarations trimestrielles de TVA aupr\u00e8s de l&rsquo;administration fiscale. Dans ces d\u00e9clarations, elles doivent indiquer la TVA en aval (la TVA qu&rsquo;elles ont factur\u00e9e \u00e0 leurs clients) et la TVA en amont (la TVA qu&rsquo;elles ont pay\u00e9e sur leurs achats). Le montant \u00e0 payer est la diff\u00e9rence entre la TVA en aval et la TVA en amont.<\/li><li>TVA intracommunautaire : pour les transactions entre entreprises de diff\u00e9rents pays de l&rsquo;UE, un r\u00e9gime sp\u00e9cial de TVA appel\u00e9 TVA intracommunautaire s&rsquo;applique. Dans ces transactions, c&rsquo;est g\u00e9n\u00e9ralement l&rsquo;acheteur qui est responsable de l&rsquo;auto-\u00e9valuation de la TVA.<\/li><li>ROI : pour que votre entreprise <strong>ne paie pas la TVA intracommunautaire,<\/strong> elle doit \u00eatre inscrite au RCI, le registre des op\u00e9rateurs intracommunautaires.<\/li><li>D\u00e9ductions et remboursements : Si une entreprise a support\u00e9 plus de TVA qu&rsquo;elle n&rsquo;en a factur\u00e9, elle a droit au remboursement de l&rsquo;exc\u00e9dent.<\/li><\/ul><p>La TVA est un imp\u00f4t fondamental dans le fonctionnement des entreprises en Espagne, et celles-ci doivent en conna\u00eetre les r\u00e8gles afin de respecter leurs obligations fiscales et de profiter de leurs droits.<\/p>\t\t\t\t\t\t\t\t<\/div>\n\t\t\t\t<\/div>\n\t\t\t\t\t<\/div>\r\n\t\t\t\t<\/div>\r\n\t\t\t\t\t<\/div>\r\n\t\t\t\t<\/section>\r\n\t\t\t\t<section data-particle_enable=\"false\" data-particle-mobile-disabled=\"false\" class=\"elementor-section elementor-top-section elementor-element elementor-element-eeedb8b elementor-section-boxed elementor-section-height-default elementor-section-height-default\" data-id=\"eeedb8b\" data-element_type=\"section\" data-e-type=\"section\">\r\n\t\t\r\n\t\t\t\t\t\t\t<div class=\"elementor-container elementor-column-gap-default\">\r\n\t\t\t\t\t\t\t\t\t\t\t<div class=\"elementor-column elementor-col-100 elementor-top-column elementor-element elementor-element-cacb5cd\" data-id=\"cacb5cd\" data-element_type=\"column\" data-e-type=\"column\">\r\n\t\t\t\t\t<div class=\"elementor-widget-wrap elementor-element-populated\">\r\n\t\t\t\t\t\t\t\t<div class=\"elementor-element elementor-element-46aa542 elementor-widget elementor-widget-heading\" data-id=\"46aa542\" data-element_type=\"widget\" data-e-type=\"widget\" data-widget_type=\"heading.default\">\n\t\t\t\t<div class=\"elementor-widget-container\">\n\t\t\t\t\t<h3 class=\"elementor-heading-title elementor-size-default\">IRPF en aut\u00f3nomos\n<\/h3>\t\t\t\t<\/div>\n\t\t\t\t<\/div>\n\t\t\t\t\t<\/div>\r\n\t\t\t\t<\/div>\r\n\t\t\t\t\t<\/div>\r\n\t\t\t\t<\/section>\r\n\t\t\t\t<section data-particle_enable=\"false\" data-particle-mobile-disabled=\"false\" class=\"elementor-section elementor-top-section elementor-element elementor-element-620e40a elementor-section-boxed elementor-section-height-default elementor-section-height-default\" data-id=\"620e40a\" data-element_type=\"section\" data-e-type=\"section\">\r\n\t\t\r\n\t\t\t\t\t\t\t<div class=\"elementor-container elementor-column-gap-default\">\r\n\t\t\t\t\t\t\t\t\t\t\t<div class=\"elementor-column elementor-col-100 elementor-top-column elementor-element elementor-element-6f38b6d\" data-id=\"6f38b6d\" data-element_type=\"column\" data-e-type=\"column\">\r\n\t\t\t\t\t<div class=\"elementor-widget-wrap elementor-element-populated\">\r\n\t\t\t\t\t\t\t\t<div class=\"elementor-element elementor-element-af00397 elementor-widget elementor-widget-text-editor\" data-id=\"af00397\" data-element_type=\"widget\" data-e-type=\"widget\" data-widget_type=\"text-editor.default\">\n\t\t\t\t<div class=\"elementor-widget-container\">\n\t\t\t\t\t\t\t\t\t<p>L&rsquo;imp\u00f4t sur le revenu des personnes physiques (IRPF) est un imp\u00f4t sur le revenu des personnes physiques r\u00e9sidant en Espagne. Les travailleurs ind\u00e9pendants sont soumis \u00e0 l&rsquo;IRPF sur leurs revenus professionnels.\u00a0<\/p><ul><li>Estimation du revenu : les travailleurs ind\u00e9pendants peuvent calculer leur revenu imposable selon deux m\u00e9thodes, l&rsquo;estimation directe ou l&rsquo;estimation objective (modules). Dans l&rsquo;estimation directe, le revenu imposable est la diff\u00e9rence entre les revenus et les d\u00e9penses d\u00e9ductibles.<\/li><li>Dans l&rsquo;estimation objective, le revenu imposable est calcul\u00e9 en fonction d&rsquo;indicateurs tels que la superficie des locaux, la puissance \u00e9lectrique souscrite, le nombre d&#8217;employ\u00e9s, etc.<\/li><li>Acomptes provisionnels : les ind\u00e9pendants sont tenus de verser des acomptes provisionnels sur leur imp\u00f4t sur le revenu des personnes physiques tout au long de l&rsquo;ann\u00e9e. Ces versements sont effectu\u00e9s trimestriellement au moyen des formulaires 130 (\u00e9valuation directe) ou 131 (\u00e9valuation objective).<\/li><li>D\u00e9claration annuelle : En plus des acomptes, les ind\u00e9pendants doivent d\u00e9poser une d\u00e9claration annuelle d&rsquo;imp\u00f4t sur le revenu des personnes physiques (formulaire D-100). Cette d\u00e9claration comprend tous les revenus obtenus au cours de l&rsquo;ann\u00e9e, qu&rsquo;il s&rsquo;agisse de revenus provenant de l&rsquo;activit\u00e9 \u00e9conomique ou d&rsquo;autres revenus (par exemple, les revenus locatifs ou les revenus du capital). La d\u00e9claration annuelle est d\u00e9pos\u00e9e entre avril et juin de l&rsquo;ann\u00e9e qui suit l&rsquo;ann\u00e9e de d\u00e9claration.<\/li><li>D\u00e9penses d\u00e9ductibles : les travailleurs ind\u00e9pendants peuvent d\u00e9duire les d\u00e9penses n\u00e9cessaires au d\u00e9veloppement de leur activit\u00e9 \u00e9conomique, \u00e0 condition qu&rsquo;elles soient d\u00fbment justifi\u00e9es et enregistr\u00e9es. Parmi les d\u00e9penses d\u00e9ductibles, on peut citer les frais de fournitures, de loyer, de mat\u00e9riel, d&rsquo;assurance, de formation, etc.<\/li><li>D\u00e9ductions : Certains travailleurs ind\u00e9pendants, comme les professions lib\u00e9rales, doivent appliquer des retenues sur leurs factures, qui sont ensuite vers\u00e9es \u00e0 l&rsquo;agence fiscale et d\u00e9duites de l&rsquo;IRPF \u00e0 payer.<\/li><\/ul><p>En outre, les entreprises espagnoles sont parfois tenues de payer des imp\u00f4ts locaux, des imp\u00f4ts r\u00e9gionaux, des imp\u00f4ts li\u00e9s \u00e0 l&rsquo;environnement, des cotisations \u00e0 la s\u00e9curit\u00e9 sociale et des imp\u00f4ts sp\u00e9ciaux.\u00a0<\/p><p>Chez Asesor\u00eda Orihuela Costa, nous mettons \u00e0 votre disposition la meilleure \u00e9quipe pour que vous puissiez optimiser le paiement des imp\u00f4ts de votre entreprise.\u00a0<\/p><p>\u00a0<\/p>\t\t\t\t\t\t\t\t<\/div>\n\t\t\t\t<\/div>\n\t\t\t\t\t<\/div>\r\n\t\t\t\t<\/div>\r\n\t\t\t\t\t<\/div>\r\n\t\t\t\t<\/section>\r\n\t\t\t\t<\/div>\n\t\t","protected":false},"excerpt":{"rendered":"<p>Quels sont les imp\u00f4ts pay\u00e9s par une entreprise en Espagne ? Dans notre pays, une entreprise doit faire face \u00e0 de nombreuses obligations fiscales, il est donc essentiel d&rsquo;effectuer une gestion ad\u00e9quate qui soit conforme \u00e0 la l\u00e9gislation en vigueur et qui tienne compte des changements introduits par l&rsquo;administration. Vous trouverez ci-dessous une analyse des [&hellip;]<\/p>\n","protected":false},"author":2,"featured_media":14776,"comment_status":"closed","ping_status":"closed","sticky":false,"template":"","format":"standard","meta":{"_eb_attr":"","inline_featured_image":false,"footnotes":""},"categories":[1],"tags":[],"class_list":["post-14840","post","type-post","status-publish","format-standard","has-post-thumbnail","hentry","category-blog"],"featured_image_src":{"landsacpe":["https:\/\/www.asesoriaorihuelacosta.com\/wp-content\/uploads\/2023\/06\/office-g999b5577f_640.jpg",640,427,false],"list":["https:\/\/www.asesoriaorihuelacosta.com\/wp-content\/uploads\/2023\/06\/office-g999b5577f_640-463x348.jpg",463,348,true],"medium":["https:\/\/www.asesoriaorihuelacosta.com\/wp-content\/uploads\/2023\/06\/office-g999b5577f_640-300x200.jpg",300,200,true],"full":["https:\/\/www.asesoriaorihuelacosta.com\/wp-content\/uploads\/2023\/06\/office-g999b5577f_640.jpg",640,427,false]},"yoast_head":"<!-- This site is optimized with the Yoast SEO Premium plugin v24.7 (Yoast SEO v27.4) - https:\/\/yoast.com\/product\/yoast-seo-premium-wordpress\/ -->\n<title>Quels sont les imp\u00f4ts pay\u00e9s par une entreprise en Espagne ?<\/title>\n<meta name=\"description\" content=\"Nous analysons les imp\u00f4ts qu&#039;une entreprise paie en Espagne et comment ils influencent les comptes d&#039;une entreprise dans notre pays.\" \/>\n<meta name=\"robots\" content=\"index, follow, max-snippet:-1, max-image-preview:large, max-video-preview:-1\" \/>\n<link rel=\"canonical\" href=\"https:\/\/www.asesoriaorihuelacosta.com\/fr\/quels-sont-les-impots-payes-par-une-entreprise-en-espagne\/\" \/>\n<meta property=\"og:locale\" content=\"fr_FR\" \/>\n<meta property=\"og:type\" content=\"article\" \/>\n<meta property=\"og:title\" content=\"Quels sont les imp\u00f4ts pay\u00e9s par une entreprise en Espagne ?\" \/>\n<meta property=\"og:description\" content=\"Nous analysons les imp\u00f4ts qu&#039;une entreprise paie en Espagne et comment ils influencent les comptes d&#039;une entreprise dans notre pays.\" \/>\n<meta property=\"og:url\" content=\"https:\/\/www.asesoriaorihuelacosta.com\/fr\/quels-sont-les-impots-payes-par-une-entreprise-en-espagne\/\" \/>\n<meta property=\"og:site_name\" content=\"Asesor\u00eda Orihuela Costa\" \/>\n<meta property=\"article:publisher\" content=\"https:\/\/www.facebook.com\/asesoriaorihuelacosta\" \/>\n<meta property=\"article:author\" content=\"https:\/\/www.facebook.com\/patrick.gordinneperez\" \/>\n<meta property=\"article:published_time\" content=\"2023-06-06T10:31:29+00:00\" \/>\n<meta property=\"article:modified_time\" content=\"2023-06-12T16:18:49+00:00\" \/>\n<meta property=\"og:image\" content=\"https:\/\/www.asesoriaorihuelacosta.com\/wp-content\/uploads\/2023\/06\/office-g999b5577f_640.jpg\" \/>\n\t<meta property=\"og:image:width\" content=\"640\" \/>\n\t<meta property=\"og:image:height\" content=\"427\" \/>\n\t<meta property=\"og:image:type\" content=\"image\/jpeg\" \/>\n<meta name=\"author\" content=\"Patrick Gordinne Perez\" \/>\n<meta name=\"twitter:card\" content=\"summary_large_image\" \/>\n<meta name=\"twitter:label1\" content=\"\u00c9crit par\" \/>\n\t<meta name=\"twitter:data1\" content=\"Patrick Gordinne Perez\" \/>\n\t<meta name=\"twitter:label2\" content=\"Dur\u00e9e de lecture estim\u00e9e\" \/>\n\t<meta name=\"twitter:data2\" content=\"6 minutes\" \/>\n<script type=\"application\/ld+json\" class=\"yoast-schema-graph\">{\"@context\":\"https:\\\/\\\/schema.org\",\"@graph\":[{\"@type\":\"Article\",\"@id\":\"https:\\\/\\\/www.asesoriaorihuelacosta.com\\\/fr\\\/quels-sont-les-impots-payes-par-une-entreprise-en-espagne\\\/#article\",\"isPartOf\":{\"@id\":\"https:\\\/\\\/www.asesoriaorihuelacosta.com\\\/fr\\\/quels-sont-les-impots-payes-par-une-entreprise-en-espagne\\\/\"},\"author\":{\"name\":\"Patrick Gordinne Perez\",\"@id\":\"https:\\\/\\\/www.asesoriaorihuelacosta.com\\\/fr\\\/#\\\/schema\\\/person\\\/6614ce8cf6d2de542aaf351629fd539e\"},\"headline\":\"Quels sont les imp\u00f4ts pay\u00e9s par une entreprise en Espagne ?\",\"datePublished\":\"2023-06-06T10:31:29+00:00\",\"dateModified\":\"2023-06-12T16:18:49+00:00\",\"mainEntityOfPage\":{\"@id\":\"https:\\\/\\\/www.asesoriaorihuelacosta.com\\\/fr\\\/quels-sont-les-impots-payes-par-une-entreprise-en-espagne\\\/\"},\"wordCount\":1521,\"publisher\":{\"@id\":\"https:\\\/\\\/www.asesoriaorihuelacosta.com\\\/fr\\\/#organization\"},\"image\":{\"@id\":\"https:\\\/\\\/www.asesoriaorihuelacosta.com\\\/fr\\\/quels-sont-les-impots-payes-par-une-entreprise-en-espagne\\\/#primaryimage\"},\"thumbnailUrl\":\"https:\\\/\\\/www.asesoriaorihuelacosta.com\\\/wp-content\\\/uploads\\\/2023\\\/06\\\/office-g999b5577f_640.jpg\",\"articleSection\":[\"Blog\"],\"inLanguage\":\"fr-FR\"},{\"@type\":\"WebPage\",\"@id\":\"https:\\\/\\\/www.asesoriaorihuelacosta.com\\\/fr\\\/quels-sont-les-impots-payes-par-une-entreprise-en-espagne\\\/\",\"url\":\"https:\\\/\\\/www.asesoriaorihuelacosta.com\\\/fr\\\/quels-sont-les-impots-payes-par-une-entreprise-en-espagne\\\/\",\"name\":\"Quels sont les imp\u00f4ts pay\u00e9s par une entreprise en Espagne ?\",\"isPartOf\":{\"@id\":\"https:\\\/\\\/www.asesoriaorihuelacosta.com\\\/fr\\\/#website\"},\"primaryImageOfPage\":{\"@id\":\"https:\\\/\\\/www.asesoriaorihuelacosta.com\\\/fr\\\/quels-sont-les-impots-payes-par-une-entreprise-en-espagne\\\/#primaryimage\"},\"image\":{\"@id\":\"https:\\\/\\\/www.asesoriaorihuelacosta.com\\\/fr\\\/quels-sont-les-impots-payes-par-une-entreprise-en-espagne\\\/#primaryimage\"},\"thumbnailUrl\":\"https:\\\/\\\/www.asesoriaorihuelacosta.com\\\/wp-content\\\/uploads\\\/2023\\\/06\\\/office-g999b5577f_640.jpg\",\"datePublished\":\"2023-06-06T10:31:29+00:00\",\"dateModified\":\"2023-06-12T16:18:49+00:00\",\"description\":\"Nous analysons les imp\u00f4ts qu'une entreprise paie en Espagne et comment ils influencent les comptes d'une entreprise dans notre pays.\",\"breadcrumb\":{\"@id\":\"https:\\\/\\\/www.asesoriaorihuelacosta.com\\\/fr\\\/quels-sont-les-impots-payes-par-une-entreprise-en-espagne\\\/#breadcrumb\"},\"inLanguage\":\"fr-FR\",\"potentialAction\":[{\"@type\":\"ReadAction\",\"target\":[\"https:\\\/\\\/www.asesoriaorihuelacosta.com\\\/fr\\\/quels-sont-les-impots-payes-par-une-entreprise-en-espagne\\\/\"]}]},{\"@type\":\"ImageObject\",\"inLanguage\":\"fr-FR\",\"@id\":\"https:\\\/\\\/www.asesoriaorihuelacosta.com\\\/fr\\\/quels-sont-les-impots-payes-par-une-entreprise-en-espagne\\\/#primaryimage\",\"url\":\"https:\\\/\\\/www.asesoriaorihuelacosta.com\\\/wp-content\\\/uploads\\\/2023\\\/06\\\/office-g999b5577f_640.jpg\",\"contentUrl\":\"https:\\\/\\\/www.asesoriaorihuelacosta.com\\\/wp-content\\\/uploads\\\/2023\\\/06\\\/office-g999b5577f_640.jpg\",\"width\":640,\"height\":427,\"caption\":\"Qu\u00e9 impuestos paga una empresa en Espa\u00f1a\"},{\"@type\":\"BreadcrumbList\",\"@id\":\"https:\\\/\\\/www.asesoriaorihuelacosta.com\\\/fr\\\/quels-sont-les-impots-payes-par-une-entreprise-en-espagne\\\/#breadcrumb\",\"itemListElement\":[{\"@type\":\"ListItem\",\"position\":1,\"name\":\"Home\",\"item\":\"https:\\\/\\\/www.asesoriaorihuelacosta.com\\\/fr\\\/\"},{\"@type\":\"ListItem\",\"position\":2,\"name\":\"Quels sont les imp\u00f4ts pay\u00e9s par une entreprise en Espagne ?\"}]},{\"@type\":\"WebSite\",\"@id\":\"https:\\\/\\\/www.asesoriaorihuelacosta.com\\\/fr\\\/#website\",\"url\":\"https:\\\/\\\/www.asesoriaorihuelacosta.com\\\/fr\\\/\",\"name\":\"https:\\\/\\\/www.asesoriaorihuelacosta.com\\\/\",\"description\":\"Grupo de asesores profesionales\",\"publisher\":{\"@id\":\"https:\\\/\\\/www.asesoriaorihuelacosta.com\\\/fr\\\/#organization\"},\"potentialAction\":[{\"@type\":\"SearchAction\",\"target\":{\"@type\":\"EntryPoint\",\"urlTemplate\":\"https:\\\/\\\/www.asesoriaorihuelacosta.com\\\/fr\\\/?s={search_term_string}\"},\"query-input\":{\"@type\":\"PropertyValueSpecification\",\"valueRequired\":true,\"valueName\":\"search_term_string\"}}],\"inLanguage\":\"fr-FR\"},{\"@type\":\"Organization\",\"@id\":\"https:\\\/\\\/www.asesoriaorihuelacosta.com\\\/fr\\\/#organization\",\"name\":\"Asesor\u00eda Orihuela Costa\",\"url\":\"https:\\\/\\\/www.asesoriaorihuelacosta.com\\\/fr\\\/\",\"logo\":{\"@type\":\"ImageObject\",\"inLanguage\":\"fr-FR\",\"@id\":\"https:\\\/\\\/www.asesoriaorihuelacosta.com\\\/fr\\\/#\\\/schema\\\/logo\\\/image\\\/\",\"url\":\"https:\\\/\\\/www.asesoriaorihuelacosta.com\\\/wp-content\\\/uploads\\\/2022\\\/06\\\/Logo-espa\u5bf8l-asesoriaorihuela.jpg\",\"contentUrl\":\"https:\\\/\\\/www.asesoriaorihuelacosta.com\\\/wp-content\\\/uploads\\\/2022\\\/06\\\/Logo-espa\u5bf8l-asesoriaorihuela.jpg\",\"width\":588,\"height\":136,\"caption\":\"Asesor\u00eda Orihuela Costa\"},\"image\":{\"@id\":\"https:\\\/\\\/www.asesoriaorihuelacosta.com\\\/fr\\\/#\\\/schema\\\/logo\\\/image\\\/\"},\"sameAs\":[\"https:\\\/\\\/www.facebook.com\\\/asesoriaorihuelacosta\"]},{\"@type\":\"Person\",\"@id\":\"https:\\\/\\\/www.asesoriaorihuelacosta.com\\\/fr\\\/#\\\/schema\\\/person\\\/6614ce8cf6d2de542aaf351629fd539e\",\"name\":\"Patrick Gordinne Perez\",\"description\":\"Soy economista colegiado por el colegio de economistas de Alicante con el n\u00famero 2722. Llevo ejerciendo desde el a\u00f1o 2005. Soy especialista en fiscalidad de empresas y aut\u00f3nomos y tambi\u00e9n especialista en gestionar compraventas. Hablo espa\u00f1ol, ingl\u00e9s y franc\u00e9s.\",\"sameAs\":[\"https:\\\/\\\/www.asesoriaorihuelacosta.com\",\"https:\\\/\\\/www.facebook.com\\\/patrick.gordinneperez\",\"https:\\\/\\\/www.linkedin.com\\\/in\\\/patrick-gordinne-perez-1b73aab3\\\/\",\"https:\\\/\\\/www.youtube.com\\\/channel\\\/UC5e95RJEVQlxCnhwDmGNVCw\"],\"gender\":\"Hombre\",\"knowsLanguage\":[\"ingl\u00e9s\",\"franc\u00e9s\",\"espa\u00f1ol\"],\"jobTitle\":\"Gerente\",\"worksFor\":\"Asesoria Orihuela Costa SL\"}]}<\/script>\n<!-- \/ Yoast SEO Premium plugin. -->","yoast_head_json":{"title":"Quels sont les imp\u00f4ts pay\u00e9s par une entreprise en Espagne ?","description":"Nous analysons les imp\u00f4ts qu'une entreprise paie en Espagne et comment ils influencent les comptes d'une entreprise dans notre pays.","robots":{"index":"index","follow":"follow","max-snippet":"max-snippet:-1","max-image-preview":"max-image-preview:large","max-video-preview":"max-video-preview:-1"},"canonical":"https:\/\/www.asesoriaorihuelacosta.com\/fr\/quels-sont-les-impots-payes-par-une-entreprise-en-espagne\/","og_locale":"fr_FR","og_type":"article","og_title":"Quels sont les imp\u00f4ts pay\u00e9s par une entreprise en Espagne ?","og_description":"Nous analysons les imp\u00f4ts qu'une entreprise paie en Espagne et comment ils influencent les comptes d'une entreprise dans notre pays.","og_url":"https:\/\/www.asesoriaorihuelacosta.com\/fr\/quels-sont-les-impots-payes-par-une-entreprise-en-espagne\/","og_site_name":"Asesor\u00eda Orihuela Costa","article_publisher":"https:\/\/www.facebook.com\/asesoriaorihuelacosta","article_author":"https:\/\/www.facebook.com\/patrick.gordinneperez","article_published_time":"2023-06-06T10:31:29+00:00","article_modified_time":"2023-06-12T16:18:49+00:00","og_image":[{"width":640,"height":427,"url":"https:\/\/www.asesoriaorihuelacosta.com\/wp-content\/uploads\/2023\/06\/office-g999b5577f_640.jpg","type":"image\/jpeg"}],"author":"Patrick Gordinne Perez","twitter_card":"summary_large_image","twitter_misc":{"\u00c9crit par":"Patrick Gordinne Perez","Dur\u00e9e de lecture estim\u00e9e":"6 minutes"},"schema":{"@context":"https:\/\/schema.org","@graph":[{"@type":"Article","@id":"https:\/\/www.asesoriaorihuelacosta.com\/fr\/quels-sont-les-impots-payes-par-une-entreprise-en-espagne\/#article","isPartOf":{"@id":"https:\/\/www.asesoriaorihuelacosta.com\/fr\/quels-sont-les-impots-payes-par-une-entreprise-en-espagne\/"},"author":{"name":"Patrick Gordinne Perez","@id":"https:\/\/www.asesoriaorihuelacosta.com\/fr\/#\/schema\/person\/6614ce8cf6d2de542aaf351629fd539e"},"headline":"Quels sont les imp\u00f4ts pay\u00e9s par une entreprise en Espagne ?","datePublished":"2023-06-06T10:31:29+00:00","dateModified":"2023-06-12T16:18:49+00:00","mainEntityOfPage":{"@id":"https:\/\/www.asesoriaorihuelacosta.com\/fr\/quels-sont-les-impots-payes-par-une-entreprise-en-espagne\/"},"wordCount":1521,"publisher":{"@id":"https:\/\/www.asesoriaorihuelacosta.com\/fr\/#organization"},"image":{"@id":"https:\/\/www.asesoriaorihuelacosta.com\/fr\/quels-sont-les-impots-payes-par-une-entreprise-en-espagne\/#primaryimage"},"thumbnailUrl":"https:\/\/www.asesoriaorihuelacosta.com\/wp-content\/uploads\/2023\/06\/office-g999b5577f_640.jpg","articleSection":["Blog"],"inLanguage":"fr-FR"},{"@type":"WebPage","@id":"https:\/\/www.asesoriaorihuelacosta.com\/fr\/quels-sont-les-impots-payes-par-une-entreprise-en-espagne\/","url":"https:\/\/www.asesoriaorihuelacosta.com\/fr\/quels-sont-les-impots-payes-par-une-entreprise-en-espagne\/","name":"Quels sont les imp\u00f4ts pay\u00e9s par une entreprise en Espagne ?","isPartOf":{"@id":"https:\/\/www.asesoriaorihuelacosta.com\/fr\/#website"},"primaryImageOfPage":{"@id":"https:\/\/www.asesoriaorihuelacosta.com\/fr\/quels-sont-les-impots-payes-par-une-entreprise-en-espagne\/#primaryimage"},"image":{"@id":"https:\/\/www.asesoriaorihuelacosta.com\/fr\/quels-sont-les-impots-payes-par-une-entreprise-en-espagne\/#primaryimage"},"thumbnailUrl":"https:\/\/www.asesoriaorihuelacosta.com\/wp-content\/uploads\/2023\/06\/office-g999b5577f_640.jpg","datePublished":"2023-06-06T10:31:29+00:00","dateModified":"2023-06-12T16:18:49+00:00","description":"Nous analysons les imp\u00f4ts qu'une entreprise paie en Espagne et comment ils influencent les comptes d'une entreprise dans notre pays.","breadcrumb":{"@id":"https:\/\/www.asesoriaorihuelacosta.com\/fr\/quels-sont-les-impots-payes-par-une-entreprise-en-espagne\/#breadcrumb"},"inLanguage":"fr-FR","potentialAction":[{"@type":"ReadAction","target":["https:\/\/www.asesoriaorihuelacosta.com\/fr\/quels-sont-les-impots-payes-par-une-entreprise-en-espagne\/"]}]},{"@type":"ImageObject","inLanguage":"fr-FR","@id":"https:\/\/www.asesoriaorihuelacosta.com\/fr\/quels-sont-les-impots-payes-par-une-entreprise-en-espagne\/#primaryimage","url":"https:\/\/www.asesoriaorihuelacosta.com\/wp-content\/uploads\/2023\/06\/office-g999b5577f_640.jpg","contentUrl":"https:\/\/www.asesoriaorihuelacosta.com\/wp-content\/uploads\/2023\/06\/office-g999b5577f_640.jpg","width":640,"height":427,"caption":"Qu\u00e9 impuestos paga una empresa en Espa\u00f1a"},{"@type":"BreadcrumbList","@id":"https:\/\/www.asesoriaorihuelacosta.com\/fr\/quels-sont-les-impots-payes-par-une-entreprise-en-espagne\/#breadcrumb","itemListElement":[{"@type":"ListItem","position":1,"name":"Home","item":"https:\/\/www.asesoriaorihuelacosta.com\/fr\/"},{"@type":"ListItem","position":2,"name":"Quels sont les imp\u00f4ts pay\u00e9s par une entreprise en Espagne ?"}]},{"@type":"WebSite","@id":"https:\/\/www.asesoriaorihuelacosta.com\/fr\/#website","url":"https:\/\/www.asesoriaorihuelacosta.com\/fr\/","name":"https:\/\/www.asesoriaorihuelacosta.com\/","description":"Grupo de asesores profesionales","publisher":{"@id":"https:\/\/www.asesoriaorihuelacosta.com\/fr\/#organization"},"potentialAction":[{"@type":"SearchAction","target":{"@type":"EntryPoint","urlTemplate":"https:\/\/www.asesoriaorihuelacosta.com\/fr\/?s={search_term_string}"},"query-input":{"@type":"PropertyValueSpecification","valueRequired":true,"valueName":"search_term_string"}}],"inLanguage":"fr-FR"},{"@type":"Organization","@id":"https:\/\/www.asesoriaorihuelacosta.com\/fr\/#organization","name":"Asesor\u00eda Orihuela Costa","url":"https:\/\/www.asesoriaorihuelacosta.com\/fr\/","logo":{"@type":"ImageObject","inLanguage":"fr-FR","@id":"https:\/\/www.asesoriaorihuelacosta.com\/fr\/#\/schema\/logo\/image\/","url":"https:\/\/www.asesoriaorihuelacosta.com\/wp-content\/uploads\/2022\/06\/Logo-espa\u5bf8l-asesoriaorihuela.jpg","contentUrl":"https:\/\/www.asesoriaorihuelacosta.com\/wp-content\/uploads\/2022\/06\/Logo-espa\u5bf8l-asesoriaorihuela.jpg","width":588,"height":136,"caption":"Asesor\u00eda Orihuela Costa"},"image":{"@id":"https:\/\/www.asesoriaorihuelacosta.com\/fr\/#\/schema\/logo\/image\/"},"sameAs":["https:\/\/www.facebook.com\/asesoriaorihuelacosta"]},{"@type":"Person","@id":"https:\/\/www.asesoriaorihuelacosta.com\/fr\/#\/schema\/person\/6614ce8cf6d2de542aaf351629fd539e","name":"Patrick Gordinne Perez","description":"Soy economista colegiado por el colegio de economistas de Alicante con el n\u00famero 2722. Llevo ejerciendo desde el a\u00f1o 2005. Soy especialista en fiscalidad de empresas y aut\u00f3nomos y tambi\u00e9n especialista en gestionar compraventas. Hablo espa\u00f1ol, ingl\u00e9s y franc\u00e9s.","sameAs":["https:\/\/www.asesoriaorihuelacosta.com","https:\/\/www.facebook.com\/patrick.gordinneperez","https:\/\/www.linkedin.com\/in\/patrick-gordinne-perez-1b73aab3\/","https:\/\/www.youtube.com\/channel\/UC5e95RJEVQlxCnhwDmGNVCw"],"gender":"Hombre","knowsLanguage":["ingl\u00e9s","franc\u00e9s","espa\u00f1ol"],"jobTitle":"Gerente","worksFor":"Asesoria Orihuela Costa SL"}]}},"_links":{"self":[{"href":"https:\/\/www.asesoriaorihuelacosta.com\/fr\/wp-json\/wp\/v2\/posts\/14840","targetHints":{"allow":["GET"]}}],"collection":[{"href":"https:\/\/www.asesoriaorihuelacosta.com\/fr\/wp-json\/wp\/v2\/posts"}],"about":[{"href":"https:\/\/www.asesoriaorihuelacosta.com\/fr\/wp-json\/wp\/v2\/types\/post"}],"author":[{"embeddable":true,"href":"https:\/\/www.asesoriaorihuelacosta.com\/fr\/wp-json\/wp\/v2\/users\/2"}],"replies":[{"embeddable":true,"href":"https:\/\/www.asesoriaorihuelacosta.com\/fr\/wp-json\/wp\/v2\/comments?post=14840"}],"version-history":[{"count":7,"href":"https:\/\/www.asesoriaorihuelacosta.com\/fr\/wp-json\/wp\/v2\/posts\/14840\/revisions"}],"predecessor-version":[{"id":14855,"href":"https:\/\/www.asesoriaorihuelacosta.com\/fr\/wp-json\/wp\/v2\/posts\/14840\/revisions\/14855"}],"wp:featuredmedia":[{"embeddable":true,"href":"https:\/\/www.asesoriaorihuelacosta.com\/fr\/wp-json\/wp\/v2\/media\/14776"}],"wp:attachment":[{"href":"https:\/\/www.asesoriaorihuelacosta.com\/fr\/wp-json\/wp\/v2\/media?parent=14840"}],"wp:term":[{"taxonomy":"category","embeddable":true,"href":"https:\/\/www.asesoriaorihuelacosta.com\/fr\/wp-json\/wp\/v2\/categories?post=14840"},{"taxonomy":"post_tag","embeddable":true,"href":"https:\/\/www.asesoriaorihuelacosta.com\/fr\/wp-json\/wp\/v2\/tags?post=14840"}],"curies":[{"name":"wp","href":"https:\/\/api.w.org\/{rel}","templated":true}]}}