{"id":13283,"date":"2023-02-24T12:26:22","date_gmt":"2023-02-24T12:26:22","guid":{"rendered":"https:\/\/www.asesoriaorihuelacosta.com\/?p=13283"},"modified":"2024-12-11T17:47:40","modified_gmt":"2024-12-11T17:47:40","slug":"la-facturation-electronique-en-espagne-depuis-quand-est-elle-obligatoire","status":"publish","type":"post","link":"https:\/\/www.asesoriaorihuelacosta.com\/fr\/la-facturation-electronique-en-espagne-depuis-quand-est-elle-obligatoire\/","title":{"rendered":"La facturation \u00e9lectronique en Espagne, depuis quand est-elle obligatoire?"},"content":{"rendered":"\t\t<div data-elementor-type=\"wp-post\" data-elementor-id=\"13283\" class=\"elementor elementor-13283\" data-elementor-post-type=\"post\">\n\t\t\t\t\t\t<section data-particle_enable=\"false\" data-particle-mobile-disabled=\"false\" class=\"elementor-section elementor-top-section elementor-element elementor-element-41dbfd3 elementor-section-boxed elementor-section-height-default elementor-section-height-default\" data-id=\"41dbfd3\" data-element_type=\"section\" data-e-type=\"section\">\r\n\t\t\r\n\t\t\t\t\t\t\t<div class=\"elementor-container elementor-column-gap-default\">\r\n\t\t\t\t\t\t\t\t\t\t\t<div class=\"elementor-column elementor-col-100 elementor-top-column elementor-element elementor-element-55d54ed\" data-id=\"55d54ed\" data-element_type=\"column\" data-e-type=\"column\">\r\n\t\t\t\t\t<div class=\"elementor-widget-wrap elementor-element-populated\">\r\n\t\t\t\t\t\t\t\t<div class=\"elementor-element elementor-element-7443f8c elementor-widget elementor-widget-text-editor\" data-id=\"7443f8c\" data-element_type=\"widget\" data-e-type=\"widget\" data-widget_type=\"text-editor.default\">\n\t\t\t\t<div class=\"elementor-widget-container\">\n\t\t\t\t\t\t\t\t\t<p>La facturation \u00e9lectronique est tout simplement la num\u00e9risation des factures que les entreprises ou les travailleurs ind\u00e9pendants envoient pour percevoir le paiement de produits ou de services rendus. Ainsi, une facture \u00e9lectronique, tout comme une facture papier, sert \u00e0 justifier certaines transactions financi\u00e8res. Quand la facturation \u00e9lectronique est-elle devenue obligatoire ?<\/p><p>Jusqu&rsquo;\u00e0 pr\u00e9sent, la facturation \u00e9lectronique \u00e9tait une option, mais elle va devenir une obligation. L&rsquo;article 12 de la nouvelle loi Crea y Crece modifie l&rsquo;article 2 bis de la loi sur les mesures de promotion de la soci\u00e9t\u00e9 de l&rsquo;information, en laissant le paragraphe 1 de cet article comme suit:<\/p><p>Tous les entrepreneurs et professionnels doivent \u00e9mettre, envoyer et recevoir des factures \u00e9lectroniques dans leurs relations commerciales avec d&rsquo;autres entrepreneurs et professionnels. Le destinataire et l&rsquo;\u00e9metteur des factures \u00e9lectroniques doivent fournir des informations sur le statut de la facture.<\/p><p>\u00a0<\/p><h2>Quand la facturation \u00e9lectronique est-elle obligatoire ?<\/h2><p>La loi Crea y Crece pr\u00e9voit un d\u00e9lai de 6 mois \u00e0 partir de la publication de la loi pour d\u00e9terminer les exigences et pour son d\u00e9veloppement r\u00e9glementaire.<\/p><p>Il faudra attendre pour conna\u00eetre les aspects exacts qui devront \u00eatre inclus dans les factures.<\/p><p>Une fois l&rsquo;\u00e9volution r\u00e9glementaire publi\u00e9e :<\/p><ul><li>Les entreprises dont le chiffre d&rsquo;affaires annuel est sup\u00e9rieur \u00e0 8 millions d&rsquo;euros disposeront d&rsquo;un d\u00e9lai d&rsquo;un an \u00e0 compter de la publication de la loi Crea y Crece pour utiliser la facturation \u00e9lectronique dans leurs processus de travail.<\/li><li>Les autres entreprises, dont le chiffre d&rsquo;affaires est inf\u00e9rieur \u00e0 8 millions d&rsquo;euros, disposeront d&rsquo;un d\u00e9lai de deux ans pour s&rsquo;adapter \u00e0 cette nouvelle obligation.<\/li><\/ul><p>En Espagne, les ind\u00e9pendants et les entreprises ne sont oblig\u00e9s d&rsquo;\u00e9mettre des factures \u00e9lectroniques que lorsqu&rsquo;ils fournissent des services aux administrations publiques. Ces factures sont envoy\u00e9es par l&rsquo;interm\u00e9diaire de la plateforme \u00e9lectronique FACeB2B mise \u00e0 disposition par le minist\u00e8re de l&rsquo;\u00e9conomie et de la transformation num\u00e9rique.<\/p><p>De m\u00eame, cette plateforme offre \u00e9galement des services aux entreprises priv\u00e9es pour l&rsquo;envoi de factures \u00e9lectroniques dans le cadre de leurs relations B2B, c&rsquo;est-\u00e0-dire avec d&rsquo;autres entreprises priv\u00e9es.<\/p><p>\u00a0<\/p><p>Comment valider les factures \u00e9lectroniques ?<\/p><p>Le r\u00e8glement pr\u00e9voit notamment que l&rsquo;authenticit\u00e9 de l&rsquo;origine et l&rsquo;int\u00e9grit\u00e9 du contenu des factures \u00e9lectroniques sont garanties par les moyens suivants:<\/p><p>\u00a0<\/p><ul><li><p>Au moyen d&rsquo;une signature \u00e9lectronique avanc\u00e9e.<br \/>Par \u00e9change de donn\u00e9es informatis\u00e9es (EDI) tel que d\u00e9fini \u00e0 l&rsquo;article 2 de l&rsquo;annexe I de la recommandation 94\/820\/CE de la Commission du 19 octobre 1994. Il s&rsquo;agit de la transmission structur\u00e9e de donn\u00e9es, par voie \u00e9lectronique, entre organisations.<\/p><\/li><li><p>Par d&rsquo;autres moyens qui ont \u00e9t\u00e9 communiqu\u00e9s \u00e0 l&rsquo;AEAT avant leur utilisation et valid\u00e9s par l&rsquo;AEAT.<\/p><\/li><\/ul><p>Ainsi, bien qu&rsquo;il ne soit pas obligatoire de signer \u00e9lectroniquement la facture \u00e9lectronique, nous vous conseillons de le faire afin de pouvoir prouver sa validit\u00e9, le cas \u00e9ch\u00e9ant.<\/p><p>\u00a0<\/p><h2>Exigences relatives aux factures \u00e9lectroniques<\/h2><p>Les factures \u00e9lectroniques doivent \u00eatre \u00e9mises par le biais de solutions technologiques et de plateformes d&rsquo;entreprises sp\u00e9cialis\u00e9es. Ces solutions doivent notamment garantir l&rsquo;interconnexion et l&rsquo;inalt\u00e9rabilit\u00e9, en plus de fournir des informations sur le statut des factures et de permettre leur t\u00e9l\u00e9chargement, leur copie ou leur impression. Il ne suffira plus de les envoyer en format PDF par courrier \u00e9lectronique.<\/p><ol><li>Elles devront, en tout \u00e9tat de cause, \u00eatre conformes aux dispositions du r\u00e8glement sp\u00e9cifique sur la facturation.<\/li><li>Tant le destinataire que l&rsquo;\u00e9metteur des factures doivent fournir des informations sur le statut des factures.<\/li><li>Les destinataires peuvent demander une copie des factures \u00e9lectroniques pendant une p\u00e9riode de quatre ans \u00e0 compter de leur \u00e9mission, sans frais suppl\u00e9mentaires.<\/li><li>Le destinataire de la facture ne peut pas obliger l&rsquo;\u00e9metteur \u00e0 utiliser une solution, une plateforme ou un prestataire de services de facturation \u00e9lectronique pr\u00e9d\u00e9termin\u00e9.<\/li><\/ol><h2>Exigences relatives aux solutions et plateformes de facturation \u00e9lectronique<\/h2><ul><li>Les solutions et plateformes technologiques propos\u00e9es par les entreprises fournissant des services de facturation \u00e9lectronique aux entrepreneurs et aux professionnels doivent garantir gratuitement leur interconnexion et leur interop\u00e9rabilit\u00e9.<\/li><li>Les solutions et plateformes de facturation \u00e9lectronique propres aux entreprises \u00e9mettrices et r\u00e9ceptrices doivent respecter les m\u00eames crit\u00e8res d&rsquo;interconnexion et d&rsquo;interop\u00e9rabilit\u00e9 gratuites que le reste des solutions de facturation \u00e9lectronique.<\/li><li>Les syst\u00e8mes et programmes informatiques ou \u00e9lectroniques qui g\u00e8rent les processus de facturation et stockent les factures \u00e9lectroniques doivent \u00eatre conformes aux exigences vis\u00e9es \u00e0 l&rsquo;article 29.2.j) de la LGT et \u00e0 son \u00e9volution r\u00e9glementaire, c&rsquo;est-\u00e0-dire qu&rsquo;ils doivent garantir l&rsquo;int\u00e9grit\u00e9, la conservation, l&rsquo;accessibilit\u00e9, la lisibilit\u00e9, la tra\u00e7abilit\u00e9 et l&rsquo;inalt\u00e9rabilit\u00e9 des enregistrements, sans interpolations, omissions ou alt\u00e9rations qui ne seraient pas d\u00fbment constat\u00e9es dans les syst\u00e8mes eux-m\u00eames.<\/li><\/ul><h2>Sanctions en cas d&rsquo;absence de programmes de facturation \u00e9lectronique<\/h2><p>Les entreprises et les travailleurs ind\u00e9pendants qui ne disposent pas de programmes de facturation \u00e9lectronique commettent une infraction administrative. Cette infraction pourrait \u00eatre sanctionn\u00e9e par une amende pouvant aller jusqu&rsquo;\u00e0 10 000 euros. Le montant des sanctions serait appliqu\u00e9 en fonction du nombre de personnes concern\u00e9es par l&rsquo;infraction ou de la continuit\u00e9 ou de la persistance du comportement infractionnel.<\/p><p>Il appartiendra au Secr\u00e9taire d&rsquo;Etat au Num\u00e9rique et \u00e0 l&rsquo;Intelligence Artificielle de prononcer la sanction.<\/p><p>\u00a0<\/p>\t\t\t\t\t\t\t\t<\/div>\n\t\t\t\t<\/div>\n\t\t\t\t\t<\/div>\r\n\t\t\t\t<\/div>\r\n\t\t\t\t\t<\/div>\r\n\t\t\t\t<\/section>\r\n\t\t\t\t<section data-particle_enable=\"false\" data-particle-mobile-disabled=\"false\" class=\"elementor-section elementor-top-section elementor-element elementor-element-a550d1c elementor-section-boxed elementor-section-height-default elementor-section-height-default\" data-id=\"a550d1c\" data-element_type=\"section\" data-e-type=\"section\">\r\n\t\t\r\n\t\t\t\t\t\t\t<div class=\"elementor-container elementor-column-gap-default\">\r\n\t\t\t\t\t\t\t\t\t\t\t<div class=\"elementor-column elementor-col-100 elementor-top-column elementor-element elementor-element-396f7ce\" data-id=\"396f7ce\" data-element_type=\"column\" data-e-type=\"column\">\r\n\t\t\t\t\t<div class=\"elementor-widget-wrap elementor-element-populated\">\r\n\t\t\t\t\t\t\t\t<div class=\"elementor-element elementor-element-f9a93b4 elementor-align-center elementor-widget elementor-widget-button\" data-id=\"f9a93b4\" data-element_type=\"widget\" data-e-type=\"widget\" data-widget_type=\"button.default\">\n\t\t\t\t<div class=\"elementor-widget-container\">\n\t\t\t\t\t\t\t\t\t<div class=\"elementor-button-wrapper\">\n\t\t\t\t\t<a class=\"elementor-button elementor-button-link elementor-size-lg\" href=\"https:\/\/www.asesoriaorihuelacosta.com\/asesoria-autonomos\/\">\n\t\t\t\t\t\t<span class=\"elementor-button-content-wrapper\">\n\t\t\t\t\t\t\t\t\t<span class=\"elementor-button-text\">Necesito un asesor que me aconseje<\/span>\n\t\t\t\t\t<\/span>\n\t\t\t\t\t<\/a>\n\t\t\t\t<\/div>\n\t\t\t\t\t\t\t\t<\/div>\n\t\t\t\t<\/div>\n\t\t\t\t\t<\/div>\r\n\t\t\t\t<\/div>\r\n\t\t\t\t\t<\/div>\r\n\t\t\t\t<\/section>\r\n\t\t\t\t<\/div>\n\t\t","protected":false},"excerpt":{"rendered":"<p>La facturation \u00e9lectronique est tout simplement la num\u00e9risation des factures que les entreprises ou les travailleurs ind\u00e9pendants envoient pour percevoir le paiement de produits ou de services rendus. Ainsi, une facture \u00e9lectronique, tout comme une facture papier, sert \u00e0 justifier certaines transactions financi\u00e8res. Quand la facturation \u00e9lectronique est-elle devenue obligatoire ? Jusqu&rsquo;\u00e0 pr\u00e9sent, la facturation [&hellip;]<\/p>\n","protected":false},"author":2,"featured_media":13107,"comment_status":"closed","ping_status":"closed","sticky":false,"template":"","format":"standard","meta":{"_eb_attr":"","inline_featured_image":false,"footnotes":""},"categories":[1],"tags":[],"class_list":["post-13283","post","type-post","status-publish","format-standard","has-post-thumbnail","hentry","category-blog"],"featured_image_src":{"landsacpe":["https:\/\/www.asesoriaorihuelacosta.com\/wp-content\/uploads\/2023\/02\/factura-electronica-desde-cuando-es-obligatorio-800x445.jpeg",800,445,true],"list":["https:\/\/www.asesoriaorihuelacosta.com\/wp-content\/uploads\/2023\/02\/factura-electronica-desde-cuando-es-obligatorio-463x348.jpeg",463,348,true],"medium":["https:\/\/www.asesoriaorihuelacosta.com\/wp-content\/uploads\/2023\/02\/factura-electronica-desde-cuando-es-obligatorio-200x300.jpeg",200,300,true],"full":["https:\/\/www.asesoriaorihuelacosta.com\/wp-content\/uploads\/2023\/02\/factura-electronica-desde-cuando-es-obligatorio.jpeg",800,1200,false]},"yoast_head":"<!-- This site is optimized with the Yoast SEO Premium plugin v24.7 (Yoast SEO v27.4) - https:\/\/yoast.com\/product\/yoast-seo-premium-wordpress\/ -->\n<title>La facturation \u00e9lectronique, depuis quand est-elle obligatoire?<\/title>\n<meta name=\"description\" content=\"Depuis quand la facturation \u00e9lectronique est-elle obligatoire en Espagne? Nous vous donnons ici toutes les dates cl\u00e9s, \u00e9tape par \u00e9tape.\" \/>\n<meta name=\"robots\" content=\"index, follow, max-snippet:-1, max-image-preview:large, max-video-preview:-1\" \/>\n<link rel=\"canonical\" href=\"https:\/\/www.asesoriaorihuelacosta.com\/fr\/la-facturation-electronique-en-espagne-depuis-quand-est-elle-obligatoire\/\" \/>\n<meta property=\"og:locale\" content=\"fr_FR\" \/>\n<meta property=\"og:type\" content=\"article\" \/>\n<meta property=\"og:title\" content=\"La facturation \u00e9lectronique en Espagne, depuis quand est-elle obligatoire?\" \/>\n<meta property=\"og:description\" content=\"Depuis quand la facturation \u00e9lectronique est-elle obligatoire en Espagne? Nous vous donnons ici toutes les dates cl\u00e9s, \u00e9tape par \u00e9tape.\" \/>\n<meta property=\"og:url\" content=\"https:\/\/www.asesoriaorihuelacosta.com\/fr\/la-facturation-electronique-en-espagne-depuis-quand-est-elle-obligatoire\/\" \/>\n<meta property=\"og:site_name\" content=\"Asesor\u00eda Orihuela Costa\" \/>\n<meta property=\"article:publisher\" content=\"https:\/\/www.facebook.com\/asesoriaorihuelacosta\" \/>\n<meta property=\"article:author\" content=\"https:\/\/www.facebook.com\/patrick.gordinneperez\" \/>\n<meta property=\"article:published_time\" content=\"2023-02-24T12:26:22+00:00\" \/>\n<meta property=\"article:modified_time\" content=\"2024-12-11T17:47:40+00:00\" \/>\n<meta property=\"og:image\" content=\"https:\/\/www.asesoriaorihuelacosta.com\/wp-content\/uploads\/2023\/02\/factura-electronica-desde-cuando-es-obligatorio.jpeg\" \/>\n\t<meta property=\"og:image:width\" content=\"800\" \/>\n\t<meta property=\"og:image:height\" content=\"1200\" \/>\n\t<meta property=\"og:image:type\" content=\"image\/jpeg\" \/>\n<meta name=\"author\" content=\"Patrick Gordinne Perez\" \/>\n<meta name=\"twitter:card\" content=\"summary_large_image\" \/>\n<meta name=\"twitter:label1\" content=\"\u00c9crit par\" \/>\n\t<meta name=\"twitter:data1\" content=\"Patrick Gordinne Perez\" \/>\n\t<meta name=\"twitter:label2\" content=\"Dur\u00e9e de lecture estim\u00e9e\" \/>\n\t<meta name=\"twitter:data2\" content=\"4 minutes\" \/>\n<script type=\"application\/ld+json\" class=\"yoast-schema-graph\">{\"@context\":\"https:\\\/\\\/schema.org\",\"@graph\":[{\"@type\":\"Article\",\"@id\":\"https:\\\/\\\/www.asesoriaorihuelacosta.com\\\/fr\\\/la-facturation-electronique-en-espagne-depuis-quand-est-elle-obligatoire\\\/#article\",\"isPartOf\":{\"@id\":\"https:\\\/\\\/www.asesoriaorihuelacosta.com\\\/fr\\\/la-facturation-electronique-en-espagne-depuis-quand-est-elle-obligatoire\\\/\"},\"author\":{\"name\":\"Patrick Gordinne Perez\",\"@id\":\"https:\\\/\\\/www.asesoriaorihuelacosta.com\\\/fr\\\/#\\\/schema\\\/person\\\/6614ce8cf6d2de542aaf351629fd539e\"},\"headline\":\"La facturation \u00e9lectronique en Espagne, depuis quand est-elle obligatoire?\",\"datePublished\":\"2023-02-24T12:26:22+00:00\",\"dateModified\":\"2024-12-11T17:47:40+00:00\",\"mainEntityOfPage\":{\"@id\":\"https:\\\/\\\/www.asesoriaorihuelacosta.com\\\/fr\\\/la-facturation-electronique-en-espagne-depuis-quand-est-elle-obligatoire\\\/\"},\"wordCount\":922,\"publisher\":{\"@id\":\"https:\\\/\\\/www.asesoriaorihuelacosta.com\\\/fr\\\/#organization\"},\"image\":{\"@id\":\"https:\\\/\\\/www.asesoriaorihuelacosta.com\\\/fr\\\/la-facturation-electronique-en-espagne-depuis-quand-est-elle-obligatoire\\\/#primaryimage\"},\"thumbnailUrl\":\"https:\\\/\\\/www.asesoriaorihuelacosta.com\\\/wp-content\\\/uploads\\\/2023\\\/02\\\/factura-electronica-desde-cuando-es-obligatorio.jpeg\",\"articleSection\":[\"Blog\"],\"inLanguage\":\"fr-FR\"},{\"@type\":\"WebPage\",\"@id\":\"https:\\\/\\\/www.asesoriaorihuelacosta.com\\\/fr\\\/la-facturation-electronique-en-espagne-depuis-quand-est-elle-obligatoire\\\/\",\"url\":\"https:\\\/\\\/www.asesoriaorihuelacosta.com\\\/fr\\\/la-facturation-electronique-en-espagne-depuis-quand-est-elle-obligatoire\\\/\",\"name\":\"La facturation \u00e9lectronique, depuis quand est-elle obligatoire?\",\"isPartOf\":{\"@id\":\"https:\\\/\\\/www.asesoriaorihuelacosta.com\\\/fr\\\/#website\"},\"primaryImageOfPage\":{\"@id\":\"https:\\\/\\\/www.asesoriaorihuelacosta.com\\\/fr\\\/la-facturation-electronique-en-espagne-depuis-quand-est-elle-obligatoire\\\/#primaryimage\"},\"image\":{\"@id\":\"https:\\\/\\\/www.asesoriaorihuelacosta.com\\\/fr\\\/la-facturation-electronique-en-espagne-depuis-quand-est-elle-obligatoire\\\/#primaryimage\"},\"thumbnailUrl\":\"https:\\\/\\\/www.asesoriaorihuelacosta.com\\\/wp-content\\\/uploads\\\/2023\\\/02\\\/factura-electronica-desde-cuando-es-obligatorio.jpeg\",\"datePublished\":\"2023-02-24T12:26:22+00:00\",\"dateModified\":\"2024-12-11T17:47:40+00:00\",\"description\":\"Depuis quand la facturation \u00e9lectronique est-elle obligatoire en Espagne? Nous vous donnons ici toutes les dates cl\u00e9s, \u00e9tape par \u00e9tape.\",\"breadcrumb\":{\"@id\":\"https:\\\/\\\/www.asesoriaorihuelacosta.com\\\/fr\\\/la-facturation-electronique-en-espagne-depuis-quand-est-elle-obligatoire\\\/#breadcrumb\"},\"inLanguage\":\"fr-FR\",\"potentialAction\":[{\"@type\":\"ReadAction\",\"target\":[\"https:\\\/\\\/www.asesoriaorihuelacosta.com\\\/fr\\\/la-facturation-electronique-en-espagne-depuis-quand-est-elle-obligatoire\\\/\"]}]},{\"@type\":\"ImageObject\",\"inLanguage\":\"fr-FR\",\"@id\":\"https:\\\/\\\/www.asesoriaorihuelacosta.com\\\/fr\\\/la-facturation-electronique-en-espagne-depuis-quand-est-elle-obligatoire\\\/#primaryimage\",\"url\":\"https:\\\/\\\/www.asesoriaorihuelacosta.com\\\/wp-content\\\/uploads\\\/2023\\\/02\\\/factura-electronica-desde-cuando-es-obligatorio.jpeg\",\"contentUrl\":\"https:\\\/\\\/www.asesoriaorihuelacosta.com\\\/wp-content\\\/uploads\\\/2023\\\/02\\\/factura-electronica-desde-cuando-es-obligatorio.jpeg\",\"width\":800,\"height\":1200,\"caption\":\"factura electronica desde cuando es obligatorio\"},{\"@type\":\"BreadcrumbList\",\"@id\":\"https:\\\/\\\/www.asesoriaorihuelacosta.com\\\/fr\\\/la-facturation-electronique-en-espagne-depuis-quand-est-elle-obligatoire\\\/#breadcrumb\",\"itemListElement\":[{\"@type\":\"ListItem\",\"position\":1,\"name\":\"Home\",\"item\":\"https:\\\/\\\/www.asesoriaorihuelacosta.com\\\/fr\\\/\"},{\"@type\":\"ListItem\",\"position\":2,\"name\":\"La facturation \u00e9lectronique en Espagne, depuis quand est-elle obligatoire?\"}]},{\"@type\":\"WebSite\",\"@id\":\"https:\\\/\\\/www.asesoriaorihuelacosta.com\\\/fr\\\/#website\",\"url\":\"https:\\\/\\\/www.asesoriaorihuelacosta.com\\\/fr\\\/\",\"name\":\"https:\\\/\\\/www.asesoriaorihuelacosta.com\\\/\",\"description\":\"Grupo de asesores profesionales\",\"publisher\":{\"@id\":\"https:\\\/\\\/www.asesoriaorihuelacosta.com\\\/fr\\\/#organization\"},\"potentialAction\":[{\"@type\":\"SearchAction\",\"target\":{\"@type\":\"EntryPoint\",\"urlTemplate\":\"https:\\\/\\\/www.asesoriaorihuelacosta.com\\\/fr\\\/?s={search_term_string}\"},\"query-input\":{\"@type\":\"PropertyValueSpecification\",\"valueRequired\":true,\"valueName\":\"search_term_string\"}}],\"inLanguage\":\"fr-FR\"},{\"@type\":\"Organization\",\"@id\":\"https:\\\/\\\/www.asesoriaorihuelacosta.com\\\/fr\\\/#organization\",\"name\":\"Asesor\u00eda Orihuela Costa\",\"url\":\"https:\\\/\\\/www.asesoriaorihuelacosta.com\\\/fr\\\/\",\"logo\":{\"@type\":\"ImageObject\",\"inLanguage\":\"fr-FR\",\"@id\":\"https:\\\/\\\/www.asesoriaorihuelacosta.com\\\/fr\\\/#\\\/schema\\\/logo\\\/image\\\/\",\"url\":\"https:\\\/\\\/www.asesoriaorihuelacosta.com\\\/wp-content\\\/uploads\\\/2022\\\/06\\\/Logo-espa\u5bf8l-asesoriaorihuela.jpg\",\"contentUrl\":\"https:\\\/\\\/www.asesoriaorihuelacosta.com\\\/wp-content\\\/uploads\\\/2022\\\/06\\\/Logo-espa\u5bf8l-asesoriaorihuela.jpg\",\"width\":588,\"height\":136,\"caption\":\"Asesor\u00eda Orihuela Costa\"},\"image\":{\"@id\":\"https:\\\/\\\/www.asesoriaorihuelacosta.com\\\/fr\\\/#\\\/schema\\\/logo\\\/image\\\/\"},\"sameAs\":[\"https:\\\/\\\/www.facebook.com\\\/asesoriaorihuelacosta\"]},{\"@type\":\"Person\",\"@id\":\"https:\\\/\\\/www.asesoriaorihuelacosta.com\\\/fr\\\/#\\\/schema\\\/person\\\/6614ce8cf6d2de542aaf351629fd539e\",\"name\":\"Patrick Gordinne Perez\",\"description\":\"Soy economista colegiado por el colegio de economistas de Alicante con el n\u00famero 2722. Llevo ejerciendo desde el a\u00f1o 2005. Soy especialista en fiscalidad de empresas y aut\u00f3nomos y tambi\u00e9n especialista en gestionar compraventas. Hablo espa\u00f1ol, ingl\u00e9s y franc\u00e9s.\",\"sameAs\":[\"https:\\\/\\\/www.asesoriaorihuelacosta.com\",\"https:\\\/\\\/www.facebook.com\\\/patrick.gordinneperez\",\"https:\\\/\\\/www.linkedin.com\\\/in\\\/patrick-gordinne-perez-1b73aab3\\\/\",\"https:\\\/\\\/www.youtube.com\\\/channel\\\/UC5e95RJEVQlxCnhwDmGNVCw\"],\"gender\":\"Hombre\",\"knowsLanguage\":[\"ingl\u00e9s\",\"franc\u00e9s\",\"espa\u00f1ol\"],\"jobTitle\":\"Gerente\",\"worksFor\":\"Asesoria Orihuela Costa SL\"}]}<\/script>\n<!-- \/ Yoast SEO Premium plugin. -->","yoast_head_json":{"title":"La facturation \u00e9lectronique, depuis quand est-elle obligatoire?","description":"Depuis quand la facturation \u00e9lectronique est-elle obligatoire en Espagne? Nous vous donnons ici toutes les dates cl\u00e9s, \u00e9tape par \u00e9tape.","robots":{"index":"index","follow":"follow","max-snippet":"max-snippet:-1","max-image-preview":"max-image-preview:large","max-video-preview":"max-video-preview:-1"},"canonical":"https:\/\/www.asesoriaorihuelacosta.com\/fr\/la-facturation-electronique-en-espagne-depuis-quand-est-elle-obligatoire\/","og_locale":"fr_FR","og_type":"article","og_title":"La facturation \u00e9lectronique en Espagne, depuis quand est-elle obligatoire?","og_description":"Depuis quand la facturation \u00e9lectronique est-elle obligatoire en Espagne? Nous vous donnons ici toutes les dates cl\u00e9s, \u00e9tape par \u00e9tape.","og_url":"https:\/\/www.asesoriaorihuelacosta.com\/fr\/la-facturation-electronique-en-espagne-depuis-quand-est-elle-obligatoire\/","og_site_name":"Asesor\u00eda Orihuela Costa","article_publisher":"https:\/\/www.facebook.com\/asesoriaorihuelacosta","article_author":"https:\/\/www.facebook.com\/patrick.gordinneperez","article_published_time":"2023-02-24T12:26:22+00:00","article_modified_time":"2024-12-11T17:47:40+00:00","og_image":[{"width":800,"height":1200,"url":"https:\/\/www.asesoriaorihuelacosta.com\/wp-content\/uploads\/2023\/02\/factura-electronica-desde-cuando-es-obligatorio.jpeg","type":"image\/jpeg"}],"author":"Patrick Gordinne Perez","twitter_card":"summary_large_image","twitter_misc":{"\u00c9crit par":"Patrick Gordinne Perez","Dur\u00e9e de lecture estim\u00e9e":"4 minutes"},"schema":{"@context":"https:\/\/schema.org","@graph":[{"@type":"Article","@id":"https:\/\/www.asesoriaorihuelacosta.com\/fr\/la-facturation-electronique-en-espagne-depuis-quand-est-elle-obligatoire\/#article","isPartOf":{"@id":"https:\/\/www.asesoriaorihuelacosta.com\/fr\/la-facturation-electronique-en-espagne-depuis-quand-est-elle-obligatoire\/"},"author":{"name":"Patrick Gordinne Perez","@id":"https:\/\/www.asesoriaorihuelacosta.com\/fr\/#\/schema\/person\/6614ce8cf6d2de542aaf351629fd539e"},"headline":"La facturation \u00e9lectronique en Espagne, depuis quand est-elle obligatoire?","datePublished":"2023-02-24T12:26:22+00:00","dateModified":"2024-12-11T17:47:40+00:00","mainEntityOfPage":{"@id":"https:\/\/www.asesoriaorihuelacosta.com\/fr\/la-facturation-electronique-en-espagne-depuis-quand-est-elle-obligatoire\/"},"wordCount":922,"publisher":{"@id":"https:\/\/www.asesoriaorihuelacosta.com\/fr\/#organization"},"image":{"@id":"https:\/\/www.asesoriaorihuelacosta.com\/fr\/la-facturation-electronique-en-espagne-depuis-quand-est-elle-obligatoire\/#primaryimage"},"thumbnailUrl":"https:\/\/www.asesoriaorihuelacosta.com\/wp-content\/uploads\/2023\/02\/factura-electronica-desde-cuando-es-obligatorio.jpeg","articleSection":["Blog"],"inLanguage":"fr-FR"},{"@type":"WebPage","@id":"https:\/\/www.asesoriaorihuelacosta.com\/fr\/la-facturation-electronique-en-espagne-depuis-quand-est-elle-obligatoire\/","url":"https:\/\/www.asesoriaorihuelacosta.com\/fr\/la-facturation-electronique-en-espagne-depuis-quand-est-elle-obligatoire\/","name":"La facturation \u00e9lectronique, depuis quand est-elle obligatoire?","isPartOf":{"@id":"https:\/\/www.asesoriaorihuelacosta.com\/fr\/#website"},"primaryImageOfPage":{"@id":"https:\/\/www.asesoriaorihuelacosta.com\/fr\/la-facturation-electronique-en-espagne-depuis-quand-est-elle-obligatoire\/#primaryimage"},"image":{"@id":"https:\/\/www.asesoriaorihuelacosta.com\/fr\/la-facturation-electronique-en-espagne-depuis-quand-est-elle-obligatoire\/#primaryimage"},"thumbnailUrl":"https:\/\/www.asesoriaorihuelacosta.com\/wp-content\/uploads\/2023\/02\/factura-electronica-desde-cuando-es-obligatorio.jpeg","datePublished":"2023-02-24T12:26:22+00:00","dateModified":"2024-12-11T17:47:40+00:00","description":"Depuis quand la facturation \u00e9lectronique est-elle obligatoire en Espagne? Nous vous donnons ici toutes les dates cl\u00e9s, \u00e9tape par \u00e9tape.","breadcrumb":{"@id":"https:\/\/www.asesoriaorihuelacosta.com\/fr\/la-facturation-electronique-en-espagne-depuis-quand-est-elle-obligatoire\/#breadcrumb"},"inLanguage":"fr-FR","potentialAction":[{"@type":"ReadAction","target":["https:\/\/www.asesoriaorihuelacosta.com\/fr\/la-facturation-electronique-en-espagne-depuis-quand-est-elle-obligatoire\/"]}]},{"@type":"ImageObject","inLanguage":"fr-FR","@id":"https:\/\/www.asesoriaorihuelacosta.com\/fr\/la-facturation-electronique-en-espagne-depuis-quand-est-elle-obligatoire\/#primaryimage","url":"https:\/\/www.asesoriaorihuelacosta.com\/wp-content\/uploads\/2023\/02\/factura-electronica-desde-cuando-es-obligatorio.jpeg","contentUrl":"https:\/\/www.asesoriaorihuelacosta.com\/wp-content\/uploads\/2023\/02\/factura-electronica-desde-cuando-es-obligatorio.jpeg","width":800,"height":1200,"caption":"factura electronica desde cuando es obligatorio"},{"@type":"BreadcrumbList","@id":"https:\/\/www.asesoriaorihuelacosta.com\/fr\/la-facturation-electronique-en-espagne-depuis-quand-est-elle-obligatoire\/#breadcrumb","itemListElement":[{"@type":"ListItem","position":1,"name":"Home","item":"https:\/\/www.asesoriaorihuelacosta.com\/fr\/"},{"@type":"ListItem","position":2,"name":"La facturation \u00e9lectronique en Espagne, depuis quand est-elle obligatoire?"}]},{"@type":"WebSite","@id":"https:\/\/www.asesoriaorihuelacosta.com\/fr\/#website","url":"https:\/\/www.asesoriaorihuelacosta.com\/fr\/","name":"https:\/\/www.asesoriaorihuelacosta.com\/","description":"Grupo de asesores profesionales","publisher":{"@id":"https:\/\/www.asesoriaorihuelacosta.com\/fr\/#organization"},"potentialAction":[{"@type":"SearchAction","target":{"@type":"EntryPoint","urlTemplate":"https:\/\/www.asesoriaorihuelacosta.com\/fr\/?s={search_term_string}"},"query-input":{"@type":"PropertyValueSpecification","valueRequired":true,"valueName":"search_term_string"}}],"inLanguage":"fr-FR"},{"@type":"Organization","@id":"https:\/\/www.asesoriaorihuelacosta.com\/fr\/#organization","name":"Asesor\u00eda Orihuela Costa","url":"https:\/\/www.asesoriaorihuelacosta.com\/fr\/","logo":{"@type":"ImageObject","inLanguage":"fr-FR","@id":"https:\/\/www.asesoriaorihuelacosta.com\/fr\/#\/schema\/logo\/image\/","url":"https:\/\/www.asesoriaorihuelacosta.com\/wp-content\/uploads\/2022\/06\/Logo-espa\u5bf8l-asesoriaorihuela.jpg","contentUrl":"https:\/\/www.asesoriaorihuelacosta.com\/wp-content\/uploads\/2022\/06\/Logo-espa\u5bf8l-asesoriaorihuela.jpg","width":588,"height":136,"caption":"Asesor\u00eda Orihuela Costa"},"image":{"@id":"https:\/\/www.asesoriaorihuelacosta.com\/fr\/#\/schema\/logo\/image\/"},"sameAs":["https:\/\/www.facebook.com\/asesoriaorihuelacosta"]},{"@type":"Person","@id":"https:\/\/www.asesoriaorihuelacosta.com\/fr\/#\/schema\/person\/6614ce8cf6d2de542aaf351629fd539e","name":"Patrick Gordinne Perez","description":"Soy economista colegiado por el colegio de economistas de Alicante con el n\u00famero 2722. Llevo ejerciendo desde el a\u00f1o 2005. Soy especialista en fiscalidad de empresas y aut\u00f3nomos y tambi\u00e9n especialista en gestionar compraventas. Hablo espa\u00f1ol, ingl\u00e9s y franc\u00e9s.","sameAs":["https:\/\/www.asesoriaorihuelacosta.com","https:\/\/www.facebook.com\/patrick.gordinneperez","https:\/\/www.linkedin.com\/in\/patrick-gordinne-perez-1b73aab3\/","https:\/\/www.youtube.com\/channel\/UC5e95RJEVQlxCnhwDmGNVCw"],"gender":"Hombre","knowsLanguage":["ingl\u00e9s","franc\u00e9s","espa\u00f1ol"],"jobTitle":"Gerente","worksFor":"Asesoria Orihuela Costa SL"}]}},"_links":{"self":[{"href":"https:\/\/www.asesoriaorihuelacosta.com\/fr\/wp-json\/wp\/v2\/posts\/13283","targetHints":{"allow":["GET"]}}],"collection":[{"href":"https:\/\/www.asesoriaorihuelacosta.com\/fr\/wp-json\/wp\/v2\/posts"}],"about":[{"href":"https:\/\/www.asesoriaorihuelacosta.com\/fr\/wp-json\/wp\/v2\/types\/post"}],"author":[{"embeddable":true,"href":"https:\/\/www.asesoriaorihuelacosta.com\/fr\/wp-json\/wp\/v2\/users\/2"}],"replies":[{"embeddable":true,"href":"https:\/\/www.asesoriaorihuelacosta.com\/fr\/wp-json\/wp\/v2\/comments?post=13283"}],"version-history":[{"count":10,"href":"https:\/\/www.asesoriaorihuelacosta.com\/fr\/wp-json\/wp\/v2\/posts\/13283\/revisions"}],"predecessor-version":[{"id":36432,"href":"https:\/\/www.asesoriaorihuelacosta.com\/fr\/wp-json\/wp\/v2\/posts\/13283\/revisions\/36432"}],"wp:featuredmedia":[{"embeddable":true,"href":"https:\/\/www.asesoriaorihuelacosta.com\/fr\/wp-json\/wp\/v2\/media\/13107"}],"wp:attachment":[{"href":"https:\/\/www.asesoriaorihuelacosta.com\/fr\/wp-json\/wp\/v2\/media?parent=13283"}],"wp:term":[{"taxonomy":"category","embeddable":true,"href":"https:\/\/www.asesoriaorihuelacosta.com\/fr\/wp-json\/wp\/v2\/categories?post=13283"},{"taxonomy":"post_tag","embeddable":true,"href":"https:\/\/www.asesoriaorihuelacosta.com\/fr\/wp-json\/wp\/v2\/tags?post=13283"}],"curies":[{"name":"wp","href":"https:\/\/api.w.org\/{rel}","templated":true}]}}