{"id":12777,"date":"2024-07-18T06:18:44","date_gmt":"2024-07-18T06:18:44","guid":{"rendered":"https:\/\/www.asesoriaorihuelacosta.com\/?p=12777"},"modified":"2024-07-19T05:38:02","modified_gmt":"2024-07-19T05:38:02","slug":"comment-puis-je-savoir-si-un-frais-est-deductible","status":"publish","type":"post","link":"https:\/\/www.asesoriaorihuelacosta.com\/fr\/comment-puis-je-savoir-si-un-frais-est-deductible\/","title":{"rendered":"Comment puis-je savoir si un frais est d\u00e9ductible ?"},"content":{"rendered":"\t\t<div data-elementor-type=\"wp-post\" data-elementor-id=\"12777\" class=\"elementor elementor-12777\" data-elementor-post-type=\"post\">\n\t\t\t\t\t\t<section data-particle_enable=\"false\" data-particle-mobile-disabled=\"false\" class=\"elementor-section elementor-top-section elementor-element elementor-element-91750d3 elementor-section-boxed elementor-section-height-default elementor-section-height-default\" data-id=\"91750d3\" data-element_type=\"section\" data-e-type=\"section\">\r\n\t\t\r\n\t\t\t\t\t\t\t<div class=\"elementor-container elementor-column-gap-default\">\r\n\t\t\t\t\t\t\t\t\t\t\t<div class=\"elementor-column elementor-col-100 elementor-top-column elementor-element elementor-element-3193ddc\" data-id=\"3193ddc\" data-element_type=\"column\" data-e-type=\"column\">\r\n\t\t\t\t\t<div class=\"elementor-widget-wrap elementor-element-populated\">\r\n\t\t\t\t\t\t\t\t<div class=\"elementor-element elementor-element-4485e08 elementor-widget elementor-widget-text-editor\" data-id=\"4485e08\" data-element_type=\"widget\" data-e-type=\"widget\" data-widget_type=\"text-editor.default\">\n\t\t\t\t<div class=\"elementor-widget-container\">\n\t\t\t\t\t\t\t\t\t<p>Beaucoup d&rsquo;ind\u00e9pendants ou d&rsquo;entrepreneurs veulent toujours savoir <strong>quels frais sont d\u00e9ductibles<\/strong> pour leur entreprise et pouvoir les d\u00e9duire dans leur d\u00e9claration d&rsquo;imp\u00f4ts comme la TVA ou taxe personnel (IRPF) ou l&rsquo;imp\u00f4ts sur soci\u00e9t\u00e9 (IS).\u00a0Cela vous permettra de payer moins d&rsquo;imp\u00f4ts. Il y a toujours un doute, car bien souvent, la question de savoir si un frais est d\u00e9ductible ou non repose sur l&rsquo;interpr\u00e9tation qu&rsquo;en font les autorit\u00e9s fiscales. Savoir si une d\u00e9pense est d\u00e9ductible est fondamental pour une entreprise.<\/p><p>Voici quelques r\u00e8gles \u00e0 suivre afin de profiter de ces d\u00e9penses qui peuvent \u00eatre d\u00e9ductibles.<\/p><h2>\u00c9tudiez la d\u00e9finition des frais d\u00e9ductibles des imp\u00f4ts.<\/h2><p>L&rsquo;\u00e9tude de la d\u00e9finition des frais d\u00e9ductibles est la premi\u00e8re \u00e9tape pour d\u00e9terminer si une d\u00e9pense est admissible.\u00a0<\/p><p><strong>Selon la r\u00e9glementation fiscale<\/strong>, toutes les frais n\u00e9cessaires et raisonnables engag\u00e9es qui sont directement li\u00e9es \u00e0 la g\u00e9n\u00e9ration de revenus de l&rsquo;activit\u00e9 peuvent \u00eatre d\u00e9duites.<\/p><p>Autrement dit, les frais d\u00e9ductibles sont des frais qu&rsquo;un ind\u00e9pendant ou une entreprise engage dans le cadre de son activit\u00e9 et que l&rsquo;administration fiscale (<a href=\"https:\/\/sede.agenciatributaria.gob.es\" target=\"_blank\" rel=\"noopener\">AEAT<\/a>) permet de comptabiliser dans les d\u00e9clarations d&rsquo;imp\u00f4ts afin que vous payiez moins d&rsquo;imp\u00f4ts.<\/p><p>Le bureau de taxe espagnol (AEAT) nous permet ensuite de compter ces d\u00e9penses comme d\u00e9ductibles \u00e0 la fois pour la TVA et pour l&rsquo;imp\u00f4t sur le revenu des personnes physiques, et ce seul fait peut faire une \u00e9norme diff\u00e9rence pour votre entreprise et vos comptes.<\/p><p>Si vous \u00eates s\u00fbr que votre d\u00e9pense correspond \u00e0 cette d\u00e9finition, passez au point suivant.<\/p><h2><strong>Conditions requises pour consid\u00e9rer une d\u00e9pense comme d\u00e9ductible<\/strong><\/h2><p><strong>Pour les autorit\u00e9s fiscales, ce sont les conditions requises pour qu&rsquo;une d\u00e9pense soit consid\u00e9r\u00e9e comme d\u00e9ductible<\/strong> :<\/p><p>\u00a0 a. <strong>Ils doivent \u00eatre li\u00e9s \u00e0 l&rsquo;activit\u00e9 \u00e9conomique<\/strong> exerc\u00e9e. En d&rsquo;autres termes, ils doivent \u00eatre sp\u00e9cifiques \u00e0 l&rsquo;activit\u00e9.<\/p><p>La d\u00e9ductibilit\u00e9 d&rsquo;une d\u00e9pense est conditionn\u00e9e par le principe de sa corr\u00e9lation avec le revenu. C&rsquo;est tr\u00e8s important car si, par exemple, vous avez beaucoup de d\u00e9penses mais pas de revenus et que vous demandez un remboursement de la TVA, les autorit\u00e9s fiscales peuvent refuser de rembourser la TVA.<\/p><p>Nous vous recommandons de ne pas demander le remboursement de la TVA et de la compenser avec d&rsquo;autres ann\u00e9es. Vous avez jusqu&rsquo;\u00e0 4 ans pour demander le remboursement.<\/p><p><strong>\u00a0 b. Ils doivent \u00eatre correctement justifi\u00e9s.<\/strong><\/p><p>Les d\u00e9penses d\u00e9ductibles doivent \u00eatre justifi\u00e9es, en priorit\u00e9, au moyen de la facture.<\/p><p>Toutefois, sans pr\u00e9judice de ce qui pr\u00e9c\u00e8de, la facture n&rsquo;est pas le moyen unique et privil\u00e9gi\u00e9 de prouver l&rsquo;existence de la d\u00e9pense, et il appartient au contribuable d&rsquo;apporter la preuve de la r\u00e9alit\u00e9 des op\u00e9rations.<\/p><p>\u00a0c. Elles doivent \u00eatre enregistr\u00e9es dans la comptabilit\u00e9 ou dans les livres et registres que les contribuables exer\u00e7ant des activit\u00e9s \u00e9conomiques sont tenus de tenir.\u00a0<\/p><h2>R\u00e8gle g\u00e9n\u00e9rale pour les d\u00e9penses d\u00e9ductibles.<\/h2><h3>Une d\u00e9pense est d\u00e9ductible lorsqu&rsquo;elle est n\u00e9cessaire et exclusive au d\u00e9veloppement de l&rsquo;activit\u00e9 commerciale.<\/h3><p>Ce concept de d\u00e9pense \u00ab\u00a0n\u00e9cessaire\u00a0\u00bb ou \u00ab\u00a0exclusive\u00a0\u00bb peut \u00eatre ambigu. Il est donc pr\u00e9f\u00e9rable de penser aux d\u00e9penses d\u00e9ductibles telles qu&rsquo;elles sont interpr\u00e9t\u00e9es par l&rsquo;Inland Revenue :<\/p><p>Un frais est d\u00e9ductible lorsqu&rsquo;elle est n\u00e9cessaire pour pouvoir exercer l&rsquo;activit\u00e9 professionnelle et que le produit ou le service achet\u00e9 <strong>ne peut \u00eatre utilis\u00e9 que pour le d\u00e9veloppement de l&rsquo;activit\u00e9<\/strong>.<br \/>En d&rsquo;autres termes, une d\u00e9pense doit \u00eatre n\u00e9cessaire et exclusive de mani\u00e8re non \u00e9quivoque. Si vous avez des doutes quant \u00e0 savoir si une d\u00e9pense est n\u00e9cessaire et exclusive \u00e0 l&rsquo;activit\u00e9, elle ne l&rsquo;est probablement pas. Cet exemple vous permettra d&rsquo;y voir plus clair.<\/p><p>John est un agent immobilier et il consid\u00e8re que son apparence est<br \/>tr\u00e8s important pour sa profession. Il d\u00e9cide donc d&rsquo;acheter des v\u00eatements de marque pour donner une meilleure image au client.<\/p><p>Juan a tout \u00e0 fait raison, et sa d\u00e9pense est peut-\u00eatre n\u00e9cessaire, <strong>mais elle n&rsquo;est pas exclusive<\/strong> : il a l&rsquo;intention de l&rsquo;utiliser pour son travail, mais il pourrait \u00e9galement la porter en toute autre occasion.<\/p><p>Sa femme Marina, cependant, dirige un salon de coiffure et a besoin d&rsquo;uniformes pour que ses employ\u00e9s puissent travailler. Dans ce cas, il ne fait aucun doute que ces uniformes sont exclusifs et n\u00e9cessaires pour travailler dans le salon de coiffure et ne peuvent \u00eatre port\u00e9s \u00e0 aucune autre occasion.<\/p><h4>En conclusion :<\/h4><ol><li>Dans le cas de Juan, les v\u00eatements ne sont pas une d\u00e9pense d\u00e9ductible car ils ne peuvent \u00eatre consid\u00e9r\u00e9s comme une d\u00e9pense exclusive.<\/li><li>Dans le cas de Marina, les v\u00eatements sont d\u00e9ductibles car ils constituent une d\u00e9pense n\u00e9cessaire et exclusive. Les v\u00eatements sont essentiels pour\u00a0travail et, a priori, il ne peut \u00eatre utilis\u00e9 \u00e0 aucune autre occasion.<\/li><\/ol><h3>Une d\u00e9pense est d\u00e9ductible lorsque vous disposez d&rsquo;une facture ou, dans certains cas, un re\u00e7u peut suffire.<\/h3><h4>Une d\u00e9pense est d\u00e9ductible si vous disposez de la facture.<\/h4><p>La r\u00e8gle des d\u00e9penses d\u00e9ductibles nous dit que, pour d\u00e9duire une d\u00e9pense, nous devons conserver une facture qui prouve l&rsquo;achat ou le service effectu\u00e9.<\/p><h2><strong>Quelles sont les conditions pour qu&rsquo;une facture soit d\u00e9ductible ?<\/strong><\/h2><p>La facture peut \u00eatre une facture compl\u00e8te ou simplifi\u00e9e, mais elle doit toujours contenir au moins les informations suivantes :<\/p><ol><li>Num\u00e9ro de facture<\/li><li>Date d&rsquo;\u00e9mission de la facture<\/li><li>D\u00e9tails du fournisseur : nom, NIF ou DNI et adresse fiscale.<\/li><li>Description du bien ou du service achet\u00e9\u00a0<\/li><li>Prix du bien ou du service achet\u00e9 hors taxe (base taxable)<\/li><li>Pourcentage de la TVA appliqu\u00e9e<\/li><li>Total \u00e0 payer<\/li><\/ol><p>Notre recommandation, <strong>DEMANDEZ TOUJOURS UNE FACTURE AVEC CES DONNEES<\/strong> afin de pouvoir d\u00e9duire la d\u00e9pense, tant de l&rsquo;IRPF, de l&rsquo;IS que de la TVA.<\/p><p>Certaines entreprises vous permettent de demander une facture mensuelle, d&rsquo;autres vous donnent une facture simplifi\u00e9e et vous devez remplir vos coordonn\u00e9es.<\/p><h2><strong>M\u00e9fiez-vous des factures pro forma<\/strong><\/h2><p>Une facture proforma est un document que l&rsquo;on vous remet AVANT de payer ce que vous achetez, mais une facture proforma n&rsquo;est pas un document comptable et une facture proforma ne sert pas \u00e0 d\u00e9duire la d\u00e9pense. Lorsque vous payez, demandez une facture officielle.<\/p><h2>Mais que faire si vous n&rsquo;avez pas de facture ?\u00a0<\/h2><p>Il y a des d\u00e9penses pour lesquelles vous n&rsquo;avez pas de factures, comme les cotisations mensuelles de s\u00e9curit\u00e9 sociale, les honoraires professionnels, les assurances, l&rsquo;IBI et certains frais bancaires.<br \/>En d&rsquo;autres occasions, il est tout simplement tr\u00e8s difficile ou impossible de demander une facture pour le service fourni, comme c&rsquo;est souvent le cas pour les d\u00e9penses et services Internet, les frais de transport, train, bus, taxi, etc.<\/p><p>Dans ces cas, vous devez au moins conserver un ticket ou un re\u00e7u qui justifie le paiement effectu\u00e9. De cette fa\u00e7on, vous pourrez d\u00e9duire la d\u00e9pense afin de payer moins d&rsquo;IRPF ou d&rsquo;IS, mais n&rsquo;oubliez pas que, tant que vous n&rsquo;aurez pas de facture pour la d\u00e9pense, vous ne pourrez pas r\u00e9cup\u00e9rer la TVA.<\/p><h2>Contr\u00f4lez vos frais gr\u00e2ce \u00e0 un enregistrement pr\u00e9cis et d\u00e9taill\u00e9 du co\u00fbt total.<\/h2><p>N&rsquo;oubliez pas :\u00a0Elles doivent \u00eatre enregistr\u00e9es dans les comptes ou dans les livres que les contribuables qui exercent des activit\u00e9s \u00e9conomiques sont tenus de tenir.\u00a0<\/p><p>Garder un suivi pr\u00e9cis de vos d\u00e9penses est la chose la plus importante pour une d\u00e9claration d&rsquo;imp\u00f4ts r\u00e9ussie. Pour cette raison, il est n\u00e9cessaire de tenir un registre d\u00e9taill\u00e9 de toutes les d\u00e9penses encourues dans le cadre de votre activit\u00e9.<\/p><p>Chaque facture ou re\u00e7u doit inclure la description et le montant exacts de la d\u00e9pense. De cette fa\u00e7on, vous serez en mesure de divulguer l&rsquo;objet de l&rsquo;article aux autorit\u00e9s fiscales et de vous conformer aux exigences r\u00e9glementaires concernant la d\u00e9ductibilit\u00e9 fiscale.<\/p><h2>Ne sous-estimez pas les petites d\u00e9penses qui sont r\u00e9elles et consid\u00e9r\u00e9es comme n\u00e9cessaires pour votre entreprise.<\/h2><p>La grande majorit\u00e9 des ind\u00e9pendants ont tendance \u00e0 n\u00e9gliger les petits postes tels que les frais de bureau, les \u00e9quipements et les transports. Ils ne sont pas si pertinents par rapport \u00e0 de nombreuses autres d\u00e9penses, telles que le marketing ou les remboursements de pr\u00eats. Mais vous devez garder \u00e0 l&rsquo;esprit que ces petits montants peuvent aussi s&rsquo;additionner en votre faveur pour une meilleure d\u00e9claration d&rsquo;imp\u00f4ts.<\/p><h3>Demandez \u00e0 votre expert-comptable de vous parler des d\u00e9penses d\u00e9ductibles d&rsquo;imp\u00f4t avant de remplir votre d\u00e9claration d&rsquo;imp\u00f4t annuelle<\/h3><p>Si vous voulez \u00e9conomiser sur les imp\u00f4ts, demandez \u00e0 votre expert-comptable quelles sont les d\u00e9penses qui peuvent \u00eatre d\u00e9ductibles. Cela vous aidera \u00e0 prendre des d\u00e9cisions \u00e9clair\u00e9es en mati\u00e8re de d\u00e9penses et vous permettra \u00e9galement de savoir \u00e0 l&rsquo;avance si une d\u00e9pense est consid\u00e9r\u00e9e comme d\u00e9ductible des imp\u00f4ts. Presque tout peut \u00eatre d\u00e9clar\u00e9 comme d\u00e9pense d\u00e9ductible, du papier pour imprimante aux voyages d&rsquo;affaires, alors n&rsquo;oubliez pas que toutes ces petites choses comptent.<\/p>\t\t\t\t\t\t\t\t<\/div>\n\t\t\t\t<\/div>\n\t\t\t\t\t<\/div>\r\n\t\t\t\t<\/div>\r\n\t\t\t\t\t<\/div>\r\n\t\t\t\t<\/section>\r\n\t\t\t\t<section data-particle_enable=\"false\" data-particle-mobile-disabled=\"false\" class=\"elementor-section elementor-top-section elementor-element elementor-element-cf32bd6 elementor-section-boxed elementor-section-height-default elementor-section-height-default\" data-id=\"cf32bd6\" data-element_type=\"section\" data-e-type=\"section\">\r\n\t\t\r\n\t\t\t\t\t\t\t<div class=\"elementor-container elementor-column-gap-default\">\r\n\t\t\t\t\t\t\t\t\t\t\t<div class=\"elementor-column elementor-col-100 elementor-top-column elementor-element elementor-element-84a7f68\" data-id=\"84a7f68\" data-element_type=\"column\" data-e-type=\"column\">\r\n\t\t\t\t\t<div class=\"elementor-widget-wrap elementor-element-populated\">\r\n\t\t\t\t\t\t\t\t<div class=\"elementor-element elementor-element-e56a52f elementor-widget elementor-widget-heading\" data-id=\"e56a52f\" data-element_type=\"widget\" data-e-type=\"widget\" data-widget_type=\"heading.default\">\n\t\t\t\t<div class=\"elementor-widget-container\">\n\t\t\t\t\t<h2 class=\"elementor-heading-title elementor-size-default\">Qu'est-ce qu'un don ou lib\u00e9ralit\u00e9 d\u00e9ductible?<\/h2>\t\t\t\t<\/div>\n\t\t\t\t<\/div>\n\t\t\t\t\t<\/div>\r\n\t\t\t\t<\/div>\r\n\t\t\t\t\t<\/div>\r\n\t\t\t\t<\/section>\r\n\t\t\t\t<section data-particle_enable=\"false\" data-particle-mobile-disabled=\"false\" class=\"elementor-section elementor-top-section elementor-element elementor-element-c1cb0d4 elementor-section-boxed elementor-section-height-default elementor-section-height-default\" data-id=\"c1cb0d4\" data-element_type=\"section\" data-e-type=\"section\">\r\n\t\t\r\n\t\t\t\t\t\t\t<div class=\"elementor-container elementor-column-gap-default\">\r\n\t\t\t\t\t\t\t\t\t\t\t<div class=\"elementor-column elementor-col-100 elementor-top-column elementor-element elementor-element-7f3bab9\" data-id=\"7f3bab9\" data-element_type=\"column\" data-e-type=\"column\">\r\n\t\t\t\t\t<div class=\"elementor-widget-wrap elementor-element-populated\">\r\n\t\t\t\t\t\t\t\t<div class=\"elementor-element elementor-element-e11135f elementor-widget elementor-widget-text-editor\" data-id=\"e11135f\" data-element_type=\"widget\" data-e-type=\"widget\" data-widget_type=\"text-editor.default\">\n\t\t\t\t<div class=\"elementor-widget-container\">\n\t\t\t\t\t\t\t\t\t<p>En g\u00e9n\u00e9ral, les fournitures de biens et de services sans contrepartie sont consid\u00e9r\u00e9es comme des dons ou lib\u00e9ralit\u00e9s &#8211; et donc comme des d\u00e9penses non d\u00e9ductibles. Mais il existe des exceptions&#8230;<\/p>\t\t\t\t\t\t\t\t<\/div>\n\t\t\t\t<\/div>\n\t\t\t\t\t<\/div>\r\n\t\t\t\t<\/div>\r\n\t\t\t\t\t<\/div>\r\n\t\t\t\t<\/section>\r\n\t\t\t\t<section data-particle_enable=\"false\" data-particle-mobile-disabled=\"false\" class=\"elementor-section elementor-top-section elementor-element elementor-element-69592e7 elementor-section-boxed elementor-section-height-default elementor-section-height-default\" data-id=\"69592e7\" data-element_type=\"section\" data-e-type=\"section\">\r\n\t\t\r\n\t\t\t\t\t\t\t<div class=\"elementor-container elementor-column-gap-default\">\r\n\t\t\t\t\t\t\t\t\t\t\t<div class=\"elementor-column elementor-col-100 elementor-top-column elementor-element elementor-element-7dbd726\" data-id=\"7dbd726\" data-element_type=\"column\" data-e-type=\"column\">\r\n\t\t\t\t\t<div class=\"elementor-widget-wrap elementor-element-populated\">\r\n\t\t\t\t\t\t\t\t<div class=\"elementor-element elementor-element-14c5156 elementor-widget elementor-widget-text-editor\" data-id=\"14c5156\" data-element_type=\"widget\" data-e-type=\"widget\" data-widget_type=\"text-editor.default\">\n\t\t\t\t<div class=\"elementor-widget-container\">\n\t\t\t\t\t\t\t\t\t<h3>Qu&rsquo;est-ce qu&rsquo;un don ou liberalit\u00e9?<\/h3><p><br \/>En g\u00e9n\u00e9ral, les fournitures de biens et de services sans contrepartie sont consid\u00e9r\u00e9es comme des dons &#8211; et donc comme des d\u00e9penses non d\u00e9ductibles. Mais il existe des exceptions&#8230;<\/p><h3>Les lib\u00e9ralit\u00e9s d\u00e9ductibles<\/h3><p><br \/>Parmi les d\u00e9penses non d\u00e9ductibles qu&rsquo;une entreprise peut avoir, les dons sont l&rsquo;un des postes qui suscitent le plus de doutes.<\/p><p>En effet, il arrive que l&rsquo;administration fiscale consid\u00e8re certaines d\u00e9penses comme des dons alors qu&rsquo;il n&rsquo;en est rien !<\/p><p>En g\u00e9n\u00e9ral, c&rsquo;est le cas des livraisons de biens ou des prestations de services effectu\u00e9es sans contrepartie.<\/p><p>Il existe cependant des exceptions ; en voici quelques-unes.<\/p><h4>Services aux salari\u00e9s<\/h4><p><br \/>Les frais de r\u00e9ception des employ\u00e9s ne sont pas consid\u00e9r\u00e9s comme des cadeaux &#8211; et sont donc d\u00e9ductibles &#8211; s&rsquo;ils sont conformes aux coutumes et pratiques de l&rsquo;entreprise (par exemple, les paniers de No\u00ebl) et qu&rsquo;il n&rsquo;y a pas de limite au montant d\u00e9ductible.<\/p><p>Toutefois, ces cadeaux sont consid\u00e9r\u00e9s comme des compl\u00e9ments de r\u00e9mun\u00e9ration en nature pour les salari\u00e9s ; par cons\u00e9quent, l&rsquo;entreprise doit payer l&rsquo;imp\u00f4t sur le revenu au titre de l&rsquo;imp\u00f4t sur le revenu des personnes physiques \u00e0 l&rsquo;administration fiscale.<\/p><h4>Services aux clients<\/h4><p><br \/>Les d\u00e9penses pour services aux clients ou aux fournisseurs ne sont pas consid\u00e9r\u00e9es comme des lib\u00e9ralit\u00e9s lorsqu&rsquo;elles n&rsquo;exc\u00e8dent pas, globalement, 1 % du chiffre d&rsquo;affaires de l&rsquo;exercice (le montant exc\u00e9dant cette limite n&rsquo;est plus d\u00e9ductible). Par exemple, les d\u00e9penses li\u00e9es aux d\u00e9jeuners de travail avec les clients et les fournisseurs sont consid\u00e9r\u00e9es comme incluses dans ce concept et soumises \u00e0 la limite de 1 %.<\/p><h4>Promotion des ventes<\/h4><p><br \/>De m\u00eame, les d\u00e9penses engag\u00e9es pour promouvoir, directement ou indirectement, la vente de biens et la prestation de services ne sont pas consid\u00e9r\u00e9es comme des d\u00e9penses de nature promotionnelle. Par exemple, le fait d&rsquo;offrir aux clients des cadeaux de faible valeur dans le but de promouvoir les ventes constitue une d\u00e9pense promotionnelle et est donc d\u00e9ductible sans aucune limite.<\/p><p>En outre, les d\u00e9penses d\u00e9ductibles &#8211; et non les cadeaux &#8211; sont les d\u00e9penses engag\u00e9es \u00e0 titre gratuit et diff\u00e9rentes des pr\u00e9c\u00e9dentes lorsqu&rsquo;elles sont li\u00e9es \u00e0 l&rsquo;activit\u00e9 de l&rsquo;entreprise et qu&rsquo;elles sont destin\u00e9es \u00e0 am\u00e9liorer &#8211; directement ou indirectement &#8211; les r\u00e9sultats pr\u00e9sents ou futurs de l&rsquo;entreprise, et \u00e0 condition que les b\u00e9n\u00e9ficiaires ne soient pas des actionnaires.<\/p>\t\t\t\t\t\t\t\t<\/div>\n\t\t\t\t<\/div>\n\t\t\t\t\t<\/div>\r\n\t\t\t\t<\/div>\r\n\t\t\t\t\t<\/div>\r\n\t\t\t\t<\/section>\r\n\t\t\t\t<section data-particle_enable=\"false\" data-particle-mobile-disabled=\"false\" class=\"elementor-section elementor-top-section elementor-element elementor-element-683cd52 elementor-section-boxed elementor-section-height-default elementor-section-height-default\" data-id=\"683cd52\" data-element_type=\"section\" data-e-type=\"section\">\r\n\t\t\r\n\t\t\t\t\t\t\t<div class=\"elementor-container elementor-column-gap-default\">\r\n\t\t\t\t\t\t\t\t\t\t\t<div class=\"elementor-column elementor-col-100 elementor-top-column elementor-element elementor-element-d04c94c\" data-id=\"d04c94c\" data-element_type=\"column\" data-e-type=\"column\">\r\n\t\t\t\t\t<div class=\"elementor-widget-wrap elementor-element-populated\">\r\n\t\t\t\t\t\t\t\t<div class=\"elementor-element elementor-element-facf6d1 elementor-align-center elementor-widget elementor-widget-button\" data-id=\"facf6d1\" data-element_type=\"widget\" data-e-type=\"widget\" data-widget_type=\"button.default\">\n\t\t\t\t<div class=\"elementor-widget-container\">\n\t\t\t\t\t\t\t\t\t<div class=\"elementor-button-wrapper\">\n\t\t\t\t\t<a class=\"elementor-button elementor-button-link elementor-size-lg\" href=\"https:\/\/www.asesoriaorihuelacosta.com\/fr\/contacter\/\">\n\t\t\t\t\t\t<span class=\"elementor-button-content-wrapper\">\n\t\t\t\t\t\t\t\t\t<span class=\"elementor-button-text\">Demandez \u00e0 votre expert<\/span>\n\t\t\t\t\t<\/span>\n\t\t\t\t\t<\/a>\n\t\t\t\t<\/div>\n\t\t\t\t\t\t\t\t<\/div>\n\t\t\t\t<\/div>\n\t\t\t\t\t<\/div>\r\n\t\t\t\t<\/div>\r\n\t\t\t\t\t<\/div>\r\n\t\t\t\t<\/section>\r\n\t\t\t\t<\/div>\n\t\t","protected":false},"excerpt":{"rendered":"<p>Beaucoup d&rsquo;ind\u00e9pendants ou d&rsquo;entrepreneurs veulent toujours savoir quels frais sont d\u00e9ductibles pour leur entreprise et pouvoir les d\u00e9duire dans leur d\u00e9claration d&rsquo;imp\u00f4ts comme la TVA ou taxe personnel (IRPF) ou l&rsquo;imp\u00f4ts sur soci\u00e9t\u00e9 (IS).\u00a0Cela vous permettra de payer moins d&rsquo;imp\u00f4ts. Il y a toujours un doute, car bien souvent, la question de savoir si un [&hellip;]<\/p>\n","protected":false},"author":2,"featured_media":12744,"comment_status":"closed","ping_status":"closed","sticky":false,"template":"","format":"standard","meta":{"_eb_attr":"","inline_featured_image":false,"footnotes":""},"categories":[46],"tags":[],"class_list":["post-12777","post","type-post","status-publish","format-standard","has-post-thumbnail","hentry","category-blog"],"featured_image_src":{"landsacpe":["https:\/\/www.asesoriaorihuelacosta.com\/wp-content\/uploads\/2023\/02\/que-gastos-son-deducibles--800x445.jpeg",800,445,true],"list":["https:\/\/www.asesoriaorihuelacosta.com\/wp-content\/uploads\/2023\/02\/que-gastos-son-deducibles--463x348.jpeg",463,348,true],"medium":["https:\/\/www.asesoriaorihuelacosta.com\/wp-content\/uploads\/2023\/02\/que-gastos-son-deducibles--200x300.jpeg",200,300,true],"full":["https:\/\/www.asesoriaorihuelacosta.com\/wp-content\/uploads\/2023\/02\/que-gastos-son-deducibles-.jpeg",800,1200,false]},"yoast_head":"<!-- This site is optimized with the Yoast SEO Premium plugin v24.7 (Yoast SEO v27.5) - https:\/\/yoast.com\/product\/yoast-seo-premium-wordpress\/ -->\n<title>Comment puis-je savoir si un frais est d\u00e9ductible ? - AO<\/title>\n<meta name=\"description\" content=\"Vous vous demandez quels frais sont d\u00e9ductibles des imp\u00f4ts ? D\u00e9couvrez les crit\u00e8res pour faire passer vos d\u00e9penses par le filtre fiscal.\" \/>\n<meta name=\"robots\" content=\"index, follow, max-snippet:-1, max-image-preview:large, max-video-preview:-1\" \/>\n<link rel=\"canonical\" href=\"https:\/\/www.asesoriaorihuelacosta.com\/fr\/comment-puis-je-savoir-si-un-frais-est-deductible\/\" \/>\n<meta property=\"og:locale\" content=\"fr_FR\" \/>\n<meta property=\"og:type\" content=\"article\" \/>\n<meta property=\"og:title\" content=\"Comment puis-je savoir si un frais est d\u00e9ductible ?\" \/>\n<meta property=\"og:description\" content=\"Vous vous demandez quels frais sont d\u00e9ductibles des imp\u00f4ts ? D\u00e9couvrez les crit\u00e8res pour faire passer vos d\u00e9penses par le filtre fiscal.\" \/>\n<meta property=\"og:url\" content=\"https:\/\/www.asesoriaorihuelacosta.com\/fr\/comment-puis-je-savoir-si-un-frais-est-deductible\/\" \/>\n<meta property=\"og:site_name\" content=\"Asesor\u00eda Orihuela Costa\" \/>\n<meta property=\"article:publisher\" content=\"https:\/\/www.facebook.com\/asesoriaorihuelacosta\" \/>\n<meta property=\"article:author\" content=\"https:\/\/www.facebook.com\/patrick.gordinneperez\" \/>\n<meta property=\"article:published_time\" content=\"2024-07-18T06:18:44+00:00\" \/>\n<meta property=\"article:modified_time\" content=\"2024-07-19T05:38:02+00:00\" \/>\n<meta property=\"og:image\" content=\"https:\/\/www.asesoriaorihuelacosta.com\/wp-content\/uploads\/2023\/02\/que-gastos-son-deducibles-.jpeg\" \/>\n\t<meta property=\"og:image:width\" content=\"800\" \/>\n\t<meta property=\"og:image:height\" content=\"1200\" \/>\n\t<meta property=\"og:image:type\" content=\"image\/jpeg\" \/>\n<meta name=\"author\" content=\"Patrick Gordinne Perez\" \/>\n<meta name=\"twitter:card\" content=\"summary_large_image\" \/>\n<meta name=\"twitter:label1\" content=\"\u00c9crit par\" \/>\n\t<meta name=\"twitter:data1\" content=\"Patrick Gordinne Perez\" \/>\n\t<meta name=\"twitter:label2\" content=\"Dur\u00e9e de lecture estim\u00e9e\" \/>\n\t<meta name=\"twitter:data2\" content=\"9 minutes\" \/>\n<script type=\"application\/ld+json\" class=\"yoast-schema-graph\">{\"@context\":\"https:\\\/\\\/schema.org\",\"@graph\":[{\"@type\":\"Article\",\"@id\":\"https:\\\/\\\/www.asesoriaorihuelacosta.com\\\/fr\\\/comment-puis-je-savoir-si-un-frais-est-deductible\\\/#article\",\"isPartOf\":{\"@id\":\"https:\\\/\\\/www.asesoriaorihuelacosta.com\\\/fr\\\/comment-puis-je-savoir-si-un-frais-est-deductible\\\/\"},\"author\":{\"name\":\"Patrick Gordinne Perez\",\"@id\":\"https:\\\/\\\/www.asesoriaorihuelacosta.com\\\/fr\\\/#\\\/schema\\\/person\\\/6614ce8cf6d2de542aaf351629fd539e\"},\"headline\":\"Comment puis-je savoir si un frais est d\u00e9ductible ?\",\"datePublished\":\"2024-07-18T06:18:44+00:00\",\"dateModified\":\"2024-07-19T05:38:02+00:00\",\"mainEntityOfPage\":{\"@id\":\"https:\\\/\\\/www.asesoriaorihuelacosta.com\\\/fr\\\/comment-puis-je-savoir-si-un-frais-est-deductible\\\/\"},\"wordCount\":2151,\"publisher\":{\"@id\":\"https:\\\/\\\/www.asesoriaorihuelacosta.com\\\/fr\\\/#organization\"},\"image\":{\"@id\":\"https:\\\/\\\/www.asesoriaorihuelacosta.com\\\/fr\\\/comment-puis-je-savoir-si-un-frais-est-deductible\\\/#primaryimage\"},\"thumbnailUrl\":\"https:\\\/\\\/www.asesoriaorihuelacosta.com\\\/wp-content\\\/uploads\\\/2023\\\/02\\\/que-gastos-son-deducibles-.jpeg\",\"articleSection\":[\"Blog\"],\"inLanguage\":\"fr-FR\"},{\"@type\":\"WebPage\",\"@id\":\"https:\\\/\\\/www.asesoriaorihuelacosta.com\\\/fr\\\/comment-puis-je-savoir-si-un-frais-est-deductible\\\/\",\"url\":\"https:\\\/\\\/www.asesoriaorihuelacosta.com\\\/fr\\\/comment-puis-je-savoir-si-un-frais-est-deductible\\\/\",\"name\":\"Comment puis-je savoir si un frais est d\u00e9ductible ? - AO\",\"isPartOf\":{\"@id\":\"https:\\\/\\\/www.asesoriaorihuelacosta.com\\\/fr\\\/#website\"},\"primaryImageOfPage\":{\"@id\":\"https:\\\/\\\/www.asesoriaorihuelacosta.com\\\/fr\\\/comment-puis-je-savoir-si-un-frais-est-deductible\\\/#primaryimage\"},\"image\":{\"@id\":\"https:\\\/\\\/www.asesoriaorihuelacosta.com\\\/fr\\\/comment-puis-je-savoir-si-un-frais-est-deductible\\\/#primaryimage\"},\"thumbnailUrl\":\"https:\\\/\\\/www.asesoriaorihuelacosta.com\\\/wp-content\\\/uploads\\\/2023\\\/02\\\/que-gastos-son-deducibles-.jpeg\",\"datePublished\":\"2024-07-18T06:18:44+00:00\",\"dateModified\":\"2024-07-19T05:38:02+00:00\",\"description\":\"Vous vous demandez quels frais sont d\u00e9ductibles des imp\u00f4ts ? D\u00e9couvrez les crit\u00e8res pour faire passer vos d\u00e9penses par le filtre fiscal.\",\"breadcrumb\":{\"@id\":\"https:\\\/\\\/www.asesoriaorihuelacosta.com\\\/fr\\\/comment-puis-je-savoir-si-un-frais-est-deductible\\\/#breadcrumb\"},\"inLanguage\":\"fr-FR\",\"potentialAction\":[{\"@type\":\"ReadAction\",\"target\":[\"https:\\\/\\\/www.asesoriaorihuelacosta.com\\\/fr\\\/comment-puis-je-savoir-si-un-frais-est-deductible\\\/\"]}]},{\"@type\":\"ImageObject\",\"inLanguage\":\"fr-FR\",\"@id\":\"https:\\\/\\\/www.asesoriaorihuelacosta.com\\\/fr\\\/comment-puis-je-savoir-si-un-frais-est-deductible\\\/#primaryimage\",\"url\":\"https:\\\/\\\/www.asesoriaorihuelacosta.com\\\/wp-content\\\/uploads\\\/2023\\\/02\\\/que-gastos-son-deducibles-.jpeg\",\"contentUrl\":\"https:\\\/\\\/www.asesoriaorihuelacosta.com\\\/wp-content\\\/uploads\\\/2023\\\/02\\\/que-gastos-son-deducibles-.jpeg\",\"width\":800,\"height\":1200,\"caption\":\"que gastos son deducibles\"},{\"@type\":\"BreadcrumbList\",\"@id\":\"https:\\\/\\\/www.asesoriaorihuelacosta.com\\\/fr\\\/comment-puis-je-savoir-si-un-frais-est-deductible\\\/#breadcrumb\",\"itemListElement\":[{\"@type\":\"ListItem\",\"position\":1,\"name\":\"Home\",\"item\":\"https:\\\/\\\/www.asesoriaorihuelacosta.com\\\/fr\\\/\"},{\"@type\":\"ListItem\",\"position\":2,\"name\":\"Comment puis-je savoir si un frais est d\u00e9ductible ?\"}]},{\"@type\":\"WebSite\",\"@id\":\"https:\\\/\\\/www.asesoriaorihuelacosta.com\\\/fr\\\/#website\",\"url\":\"https:\\\/\\\/www.asesoriaorihuelacosta.com\\\/fr\\\/\",\"name\":\"https:\\\/\\\/www.asesoriaorihuelacosta.com\\\/\",\"description\":\"Grupo de asesores profesionales\",\"publisher\":{\"@id\":\"https:\\\/\\\/www.asesoriaorihuelacosta.com\\\/fr\\\/#organization\"},\"potentialAction\":[{\"@type\":\"SearchAction\",\"target\":{\"@type\":\"EntryPoint\",\"urlTemplate\":\"https:\\\/\\\/www.asesoriaorihuelacosta.com\\\/fr\\\/?s={search_term_string}\"},\"query-input\":{\"@type\":\"PropertyValueSpecification\",\"valueRequired\":true,\"valueName\":\"search_term_string\"}}],\"inLanguage\":\"fr-FR\"},{\"@type\":\"Organization\",\"@id\":\"https:\\\/\\\/www.asesoriaorihuelacosta.com\\\/fr\\\/#organization\",\"name\":\"Asesor\u00eda Orihuela Costa\",\"url\":\"https:\\\/\\\/www.asesoriaorihuelacosta.com\\\/fr\\\/\",\"logo\":{\"@type\":\"ImageObject\",\"inLanguage\":\"fr-FR\",\"@id\":\"https:\\\/\\\/www.asesoriaorihuelacosta.com\\\/fr\\\/#\\\/schema\\\/logo\\\/image\\\/\",\"url\":\"https:\\\/\\\/www.asesoriaorihuelacosta.com\\\/wp-content\\\/uploads\\\/2022\\\/06\\\/Logo-espa\u5bf8l-asesoriaorihuela.jpg\",\"contentUrl\":\"https:\\\/\\\/www.asesoriaorihuelacosta.com\\\/wp-content\\\/uploads\\\/2022\\\/06\\\/Logo-espa\u5bf8l-asesoriaorihuela.jpg\",\"width\":588,\"height\":136,\"caption\":\"Asesor\u00eda Orihuela Costa\"},\"image\":{\"@id\":\"https:\\\/\\\/www.asesoriaorihuelacosta.com\\\/fr\\\/#\\\/schema\\\/logo\\\/image\\\/\"},\"sameAs\":[\"https:\\\/\\\/www.facebook.com\\\/asesoriaorihuelacosta\"]},{\"@type\":\"Person\",\"@id\":\"https:\\\/\\\/www.asesoriaorihuelacosta.com\\\/fr\\\/#\\\/schema\\\/person\\\/6614ce8cf6d2de542aaf351629fd539e\",\"name\":\"Patrick Gordinne Perez\",\"description\":\"Soy economista colegiado por el colegio de economistas de Alicante con el n\u00famero 2722. Llevo ejerciendo desde el a\u00f1o 2005. Soy especialista en fiscalidad de empresas y aut\u00f3nomos y tambi\u00e9n especialista en gestionar compraventas. Hablo espa\u00f1ol, ingl\u00e9s y franc\u00e9s.\",\"sameAs\":[\"https:\\\/\\\/www.asesoriaorihuelacosta.com\",\"https:\\\/\\\/www.facebook.com\\\/patrick.gordinneperez\",\"https:\\\/\\\/www.linkedin.com\\\/in\\\/patrick-gordinne-perez-1b73aab3\\\/\",\"https:\\\/\\\/www.youtube.com\\\/channel\\\/UC5e95RJEVQlxCnhwDmGNVCw\"],\"gender\":\"Hombre\",\"knowsLanguage\":[\"ingl\u00e9s\",\"franc\u00e9s\",\"espa\u00f1ol\"],\"jobTitle\":\"Gerente\",\"worksFor\":\"Asesoria Orihuela Costa SL\"}]}<\/script>\n<!-- \/ Yoast SEO Premium plugin. -->","yoast_head_json":{"title":"Comment puis-je savoir si un frais est d\u00e9ductible ? - AO","description":"Vous vous demandez quels frais sont d\u00e9ductibles des imp\u00f4ts ? D\u00e9couvrez les crit\u00e8res pour faire passer vos d\u00e9penses par le filtre fiscal.","robots":{"index":"index","follow":"follow","max-snippet":"max-snippet:-1","max-image-preview":"max-image-preview:large","max-video-preview":"max-video-preview:-1"},"canonical":"https:\/\/www.asesoriaorihuelacosta.com\/fr\/comment-puis-je-savoir-si-un-frais-est-deductible\/","og_locale":"fr_FR","og_type":"article","og_title":"Comment puis-je savoir si un frais est d\u00e9ductible ?","og_description":"Vous vous demandez quels frais sont d\u00e9ductibles des imp\u00f4ts ? D\u00e9couvrez les crit\u00e8res pour faire passer vos d\u00e9penses par le filtre fiscal.","og_url":"https:\/\/www.asesoriaorihuelacosta.com\/fr\/comment-puis-je-savoir-si-un-frais-est-deductible\/","og_site_name":"Asesor\u00eda Orihuela Costa","article_publisher":"https:\/\/www.facebook.com\/asesoriaorihuelacosta","article_author":"https:\/\/www.facebook.com\/patrick.gordinneperez","article_published_time":"2024-07-18T06:18:44+00:00","article_modified_time":"2024-07-19T05:38:02+00:00","og_image":[{"width":800,"height":1200,"url":"https:\/\/www.asesoriaorihuelacosta.com\/wp-content\/uploads\/2023\/02\/que-gastos-son-deducibles-.jpeg","type":"image\/jpeg"}],"author":"Patrick Gordinne Perez","twitter_card":"summary_large_image","twitter_misc":{"\u00c9crit par":"Patrick Gordinne Perez","Dur\u00e9e de lecture estim\u00e9e":"9 minutes"},"schema":{"@context":"https:\/\/schema.org","@graph":[{"@type":"Article","@id":"https:\/\/www.asesoriaorihuelacosta.com\/fr\/comment-puis-je-savoir-si-un-frais-est-deductible\/#article","isPartOf":{"@id":"https:\/\/www.asesoriaorihuelacosta.com\/fr\/comment-puis-je-savoir-si-un-frais-est-deductible\/"},"author":{"name":"Patrick Gordinne Perez","@id":"https:\/\/www.asesoriaorihuelacosta.com\/fr\/#\/schema\/person\/6614ce8cf6d2de542aaf351629fd539e"},"headline":"Comment puis-je savoir si un frais est d\u00e9ductible ?","datePublished":"2024-07-18T06:18:44+00:00","dateModified":"2024-07-19T05:38:02+00:00","mainEntityOfPage":{"@id":"https:\/\/www.asesoriaorihuelacosta.com\/fr\/comment-puis-je-savoir-si-un-frais-est-deductible\/"},"wordCount":2151,"publisher":{"@id":"https:\/\/www.asesoriaorihuelacosta.com\/fr\/#organization"},"image":{"@id":"https:\/\/www.asesoriaorihuelacosta.com\/fr\/comment-puis-je-savoir-si-un-frais-est-deductible\/#primaryimage"},"thumbnailUrl":"https:\/\/www.asesoriaorihuelacosta.com\/wp-content\/uploads\/2023\/02\/que-gastos-son-deducibles-.jpeg","articleSection":["Blog"],"inLanguage":"fr-FR"},{"@type":"WebPage","@id":"https:\/\/www.asesoriaorihuelacosta.com\/fr\/comment-puis-je-savoir-si-un-frais-est-deductible\/","url":"https:\/\/www.asesoriaorihuelacosta.com\/fr\/comment-puis-je-savoir-si-un-frais-est-deductible\/","name":"Comment puis-je savoir si un frais est d\u00e9ductible ? - AO","isPartOf":{"@id":"https:\/\/www.asesoriaorihuelacosta.com\/fr\/#website"},"primaryImageOfPage":{"@id":"https:\/\/www.asesoriaorihuelacosta.com\/fr\/comment-puis-je-savoir-si-un-frais-est-deductible\/#primaryimage"},"image":{"@id":"https:\/\/www.asesoriaorihuelacosta.com\/fr\/comment-puis-je-savoir-si-un-frais-est-deductible\/#primaryimage"},"thumbnailUrl":"https:\/\/www.asesoriaorihuelacosta.com\/wp-content\/uploads\/2023\/02\/que-gastos-son-deducibles-.jpeg","datePublished":"2024-07-18T06:18:44+00:00","dateModified":"2024-07-19T05:38:02+00:00","description":"Vous vous demandez quels frais sont d\u00e9ductibles des imp\u00f4ts ? D\u00e9couvrez les crit\u00e8res pour faire passer vos d\u00e9penses par le filtre fiscal.","breadcrumb":{"@id":"https:\/\/www.asesoriaorihuelacosta.com\/fr\/comment-puis-je-savoir-si-un-frais-est-deductible\/#breadcrumb"},"inLanguage":"fr-FR","potentialAction":[{"@type":"ReadAction","target":["https:\/\/www.asesoriaorihuelacosta.com\/fr\/comment-puis-je-savoir-si-un-frais-est-deductible\/"]}]},{"@type":"ImageObject","inLanguage":"fr-FR","@id":"https:\/\/www.asesoriaorihuelacosta.com\/fr\/comment-puis-je-savoir-si-un-frais-est-deductible\/#primaryimage","url":"https:\/\/www.asesoriaorihuelacosta.com\/wp-content\/uploads\/2023\/02\/que-gastos-son-deducibles-.jpeg","contentUrl":"https:\/\/www.asesoriaorihuelacosta.com\/wp-content\/uploads\/2023\/02\/que-gastos-son-deducibles-.jpeg","width":800,"height":1200,"caption":"que gastos son deducibles"},{"@type":"BreadcrumbList","@id":"https:\/\/www.asesoriaorihuelacosta.com\/fr\/comment-puis-je-savoir-si-un-frais-est-deductible\/#breadcrumb","itemListElement":[{"@type":"ListItem","position":1,"name":"Home","item":"https:\/\/www.asesoriaorihuelacosta.com\/fr\/"},{"@type":"ListItem","position":2,"name":"Comment puis-je savoir si un frais est d\u00e9ductible ?"}]},{"@type":"WebSite","@id":"https:\/\/www.asesoriaorihuelacosta.com\/fr\/#website","url":"https:\/\/www.asesoriaorihuelacosta.com\/fr\/","name":"https:\/\/www.asesoriaorihuelacosta.com\/","description":"Grupo de asesores profesionales","publisher":{"@id":"https:\/\/www.asesoriaorihuelacosta.com\/fr\/#organization"},"potentialAction":[{"@type":"SearchAction","target":{"@type":"EntryPoint","urlTemplate":"https:\/\/www.asesoriaorihuelacosta.com\/fr\/?s={search_term_string}"},"query-input":{"@type":"PropertyValueSpecification","valueRequired":true,"valueName":"search_term_string"}}],"inLanguage":"fr-FR"},{"@type":"Organization","@id":"https:\/\/www.asesoriaorihuelacosta.com\/fr\/#organization","name":"Asesor\u00eda Orihuela Costa","url":"https:\/\/www.asesoriaorihuelacosta.com\/fr\/","logo":{"@type":"ImageObject","inLanguage":"fr-FR","@id":"https:\/\/www.asesoriaorihuelacosta.com\/fr\/#\/schema\/logo\/image\/","url":"https:\/\/www.asesoriaorihuelacosta.com\/wp-content\/uploads\/2022\/06\/Logo-espa\u5bf8l-asesoriaorihuela.jpg","contentUrl":"https:\/\/www.asesoriaorihuelacosta.com\/wp-content\/uploads\/2022\/06\/Logo-espa\u5bf8l-asesoriaorihuela.jpg","width":588,"height":136,"caption":"Asesor\u00eda Orihuela Costa"},"image":{"@id":"https:\/\/www.asesoriaorihuelacosta.com\/fr\/#\/schema\/logo\/image\/"},"sameAs":["https:\/\/www.facebook.com\/asesoriaorihuelacosta"]},{"@type":"Person","@id":"https:\/\/www.asesoriaorihuelacosta.com\/fr\/#\/schema\/person\/6614ce8cf6d2de542aaf351629fd539e","name":"Patrick Gordinne Perez","description":"Soy economista colegiado por el colegio de economistas de Alicante con el n\u00famero 2722. Llevo ejerciendo desde el a\u00f1o 2005. Soy especialista en fiscalidad de empresas y aut\u00f3nomos y tambi\u00e9n especialista en gestionar compraventas. Hablo espa\u00f1ol, ingl\u00e9s y franc\u00e9s.","sameAs":["https:\/\/www.asesoriaorihuelacosta.com","https:\/\/www.facebook.com\/patrick.gordinneperez","https:\/\/www.linkedin.com\/in\/patrick-gordinne-perez-1b73aab3\/","https:\/\/www.youtube.com\/channel\/UC5e95RJEVQlxCnhwDmGNVCw"],"gender":"Hombre","knowsLanguage":["ingl\u00e9s","franc\u00e9s","espa\u00f1ol"],"jobTitle":"Gerente","worksFor":"Asesoria Orihuela Costa SL"}]}},"_links":{"self":[{"href":"https:\/\/www.asesoriaorihuelacosta.com\/fr\/wp-json\/wp\/v2\/posts\/12777","targetHints":{"allow":["GET"]}}],"collection":[{"href":"https:\/\/www.asesoriaorihuelacosta.com\/fr\/wp-json\/wp\/v2\/posts"}],"about":[{"href":"https:\/\/www.asesoriaorihuelacosta.com\/fr\/wp-json\/wp\/v2\/types\/post"}],"author":[{"embeddable":true,"href":"https:\/\/www.asesoriaorihuelacosta.com\/fr\/wp-json\/wp\/v2\/users\/2"}],"replies":[{"embeddable":true,"href":"https:\/\/www.asesoriaorihuelacosta.com\/fr\/wp-json\/wp\/v2\/comments?post=12777"}],"version-history":[{"count":19,"href":"https:\/\/www.asesoriaorihuelacosta.com\/fr\/wp-json\/wp\/v2\/posts\/12777\/revisions"}],"predecessor-version":[{"id":27881,"href":"https:\/\/www.asesoriaorihuelacosta.com\/fr\/wp-json\/wp\/v2\/posts\/12777\/revisions\/27881"}],"wp:featuredmedia":[{"embeddable":true,"href":"https:\/\/www.asesoriaorihuelacosta.com\/fr\/wp-json\/wp\/v2\/media\/12744"}],"wp:attachment":[{"href":"https:\/\/www.asesoriaorihuelacosta.com\/fr\/wp-json\/wp\/v2\/media?parent=12777"}],"wp:term":[{"taxonomy":"category","embeddable":true,"href":"https:\/\/www.asesoriaorihuelacosta.com\/fr\/wp-json\/wp\/v2\/categories?post=12777"},{"taxonomy":"post_tag","embeddable":true,"href":"https:\/\/www.asesoriaorihuelacosta.com\/fr\/wp-json\/wp\/v2\/tags?post=12777"}],"curies":[{"name":"wp","href":"https:\/\/api.w.org\/{rel}","templated":true}]}}