{"id":11610,"date":"2023-01-11T05:37:11","date_gmt":"2023-01-11T05:37:11","guid":{"rendered":"https:\/\/www.asesoriaorihuelacosta.com\/?p=11610"},"modified":"2023-01-11T19:05:00","modified_gmt":"2023-01-11T19:05:00","slug":"les-factures-recapitulatives","status":"publish","type":"post","link":"https:\/\/www.asesoriaorihuelacosta.com\/fr\/les-factures-recapitulatives\/","title":{"rendered":"Les factures r\u00e9capitulatives"},"content":{"rendered":"\t\t<div data-elementor-type=\"wp-post\" data-elementor-id=\"11610\" class=\"elementor elementor-11610\" data-elementor-post-type=\"post\">\n\t\t\t\t\t\t<section data-particle_enable=\"false\" data-particle-mobile-disabled=\"false\" class=\"elementor-section elementor-top-section elementor-element elementor-element-6285402 elementor-section-boxed elementor-section-height-default elementor-section-height-default\" data-id=\"6285402\" data-element_type=\"section\" data-e-type=\"section\">\r\n\t\t\r\n\t\t\t\t\t\t\t<div class=\"elementor-container elementor-column-gap-default\">\r\n\t\t\t\t\t\t\t\t\t\t\t<div class=\"elementor-column elementor-col-100 elementor-top-column elementor-element elementor-element-1e823a1\" data-id=\"1e823a1\" data-element_type=\"column\" data-e-type=\"column\">\r\n\t\t\t\t\t<div class=\"elementor-widget-wrap elementor-element-populated\">\r\n\t\t\t\t\t\t\t\t<div class=\"elementor-element elementor-element-925fd90 elementor-widget elementor-widget-text-editor\" data-id=\"925fd90\" data-element_type=\"widget\" data-e-type=\"widget\" data-widget_type=\"text-editor.default\">\n\t\t\t\t<div class=\"elementor-widget-container\">\n\t\t\t\t\t\t\t\t\t<p>De nombreuses entreprises g\u00e9n\u00e8rent r\u00e9guli\u00e8rement un grand nombre de petites factures, ce qui peut signifier un travail comptable suppl\u00e9mentaire pour les g\u00e9rer toutes. Une facture r\u00e9capitulative, group\u00e9e ou r\u00e9capitulative est un outil id\u00e9al pour ce type d&rsquo;entreprise, car elle vous permet de simplifier la t\u00e2che en regroupant plusieurs factures en un seul document.<\/p><h2>Qu&rsquo;est-ce qu&rsquo;une facture r\u00e9capitulative ?<\/h2><p>Une facture r\u00e9capitulative est une facture qui regroupe plusieurs factures relatives \u00e0 des transactions d&rsquo;achat ou de vente avec le m\u00eame \u00e9metteur ou destinataire au cours du m\u00eame mois civil. Il s&rsquo;agit d&rsquo;une facture qui regroupe toutes les transactions qu&rsquo;une entreprise a effectu\u00e9es avec un client ou un fournisseur et qui est utilis\u00e9e pour enregistrer des factures group\u00e9es.<\/p><p>Par exemple, si nous avons \u00e9mis plusieurs factures \u00e0 un client sur une p\u00e9riode d&rsquo;un mois, nous pouvons \u00e9tablir une facture r\u00e9capitulative qui rassemble toutes les informations des factures \u00e9mises pendant cette p\u00e9riode. De cette fa\u00e7on, nous \u00e9conomisons le processus d&rsquo;\u00e9mission de factures \u00e0 notre client une par une, et nous pouvons d\u00e9livrer une seule facture qui rassemble toutes les autres factures,<\/p><h2>Quel est le but d&rsquo;une facture r\u00e9capitulative ?<\/h2><p>La facture r\u00e9capitulative est un outil extr\u00eamement utile pour les entreprises qui doivent comptabiliser un grand nombre d&rsquo;op\u00e9rations d&rsquo;achat ou de vente en m\u00eame temps, ce qui leur permet d&rsquo;acc\u00e9l\u00e9rer la comptabilit\u00e9 et de r\u00e9duire les efforts \u00e0 cet \u00e9gard.<\/p><p>Par exemple, disons qu&rsquo;un ind\u00e9pendant vend des s\u00e9ances de massage et a 10 clients qui ach\u00e8tent chacun 10 s\u00e9ances par mois. Au lieu d&rsquo;\u00e9mettre 100 factures distinctes (une pour chaque session), il pourrait \u00e9mettre une facture r\u00e9capitulative pour chaque client couvrant les 10 sessions. Cela nous \u00e9vite d&rsquo;\u00e9mettre des factures \u00e0 notre client une par une, et nous pouvons lui remettre une seule facture couvrant toutes les autres factures, ce qui acc\u00e9l\u00e9rera notre facturation.<\/p><h2>Exigences g\u00e9n\u00e9rales pour les factures r\u00e9capitulatives<\/h2><p>Un certain nombre d&rsquo;exigences ou de conditions doivent \u00eatre remplies pour qu&rsquo;une facture r\u00e9capitulative soit consid\u00e9r\u00e9e comme juridiquement et financi\u00e8rement valable.<\/p><ol><li>Une facture r\u00e9capitulative doit couvrir plusieurs achats ou ventes au cours d&rsquo;un mois civil.<\/li><li>Les factures d&rsquo;une facture r\u00e9capitulative doivent \u00eatre \u00e9mises au m\u00eame client ou re\u00e7ues du m\u00eame fournisseur.<\/li><li>Les factures group\u00e9es doivent concerner des transactions effectu\u00e9es au cours d&rsquo;un mois civil. En d&rsquo;autres termes, il n&rsquo;est pas possible de combiner des factures de diff\u00e9rents mois civils dans une facture consolid\u00e9e.<\/li><li>Les factures agr\u00e9g\u00e9es doivent \u00eatre \u00e9mises aux utilisateurs finaux effectuant des activit\u00e9s au plus tard le dernier jour du mois. Si le b\u00e9n\u00e9ficiaire est un ind\u00e9pendant ou une soci\u00e9t\u00e9, cette date limite est modifi\u00e9e au 16 du mois suivant.<\/li><li>En outre, toutes les factures incluses dans la facture totale doivent \u00eatre annul\u00e9es pour \u00eatre valables. La facture pr\u00e9c\u00e9dente doit \u00eatre ajout\u00e9e \u00e0 la facture du relev\u00e9 pour que le montant puisse \u00eatre comptabilis\u00e9. Il est important de pr\u00e9ciser que m\u00eame si les factures jointes sont \u00ab\u00a0annul\u00e9es\u00a0\u00bb, elles doivent \u00eatre conserv\u00e9es pendant les 5 ann\u00e9es suivantes car elles peuvent \u00eatre demand\u00e9es par le bureau des imp\u00f4ts.<\/li><\/ol><h2>Quels sont les d\u00e9tails obligatoires sur la facture r\u00e9capitulative ?<\/h2><ul><li>Une facture r\u00e9capitulative, comme toute autre facture, doit contenir une s\u00e9rie de donn\u00e9es obligatoires sp\u00e9cifi\u00e9es dans la r\u00e9glementation sur la facturation pour \u00eatre juridiquement et commercialement valable. Une facture r\u00e9capitulative contient les m\u00eames donn\u00e9es obligatoires qu&rsquo;une facture g\u00e9n\u00e9rale, mais avec quelques d\u00e9tails, que nous allons aborder ci-dessous. Voici les donn\u00e9es obligatoires \u00e0 inclure dans la facture r\u00e9capitulative :<\/li><li>Le texte \u00ab\u00a0facture r\u00e9capitulative\u00a0\u00bb comme indication visuelle dans le titre.<\/li><li>Tout num\u00e9ro de facture avec un num\u00e9ro de s\u00e9rie associ\u00e9.<br \/>date d&rsquo;\u00e9mission. Il est \u00e9galement n\u00e9cessaire d&rsquo;indiquer le mois civil de l&rsquo;op\u00e9ration de d\u00e9claration sur la facture de d\u00e9claration.<\/li><li>Donn\u00e9es financi\u00e8res de l&rsquo;\u00e9metteur et du destinataire.<br \/>Ligne de facturation. Tout comme les lignes d&rsquo;articles dans une facture en texte libre, une facture r\u00e9capitulative comportera une ligne pour chaque facture factur\u00e9e. Nous vous en dirons plus sur ces rangs dans la section suivante.<\/li><li>Base d&rsquo;imposition commune. C&rsquo;est-\u00e0-dire la somme de toutes les bases d&rsquo;imposition pour une facture r\u00e9capitulative.<\/li><li>Imp\u00f4ts et retenues \u00e0 la source. C&rsquo;est-\u00e0-dire la TVA correspondante et la retenue de l&rsquo;imp\u00f4t sur le revenu des personnes physiques applicable.<\/li><li>Le montant total de la facture.<\/li><\/ul><h2>Quelle date doit figurer sur les factures r\u00e9capitulatives ?<\/h2><p>Les factures r\u00e9capitulatives sont normalement \u00e9tablies \u00e0 la fin du mois civil au cours duquel les op\u00e9rations \u00e0 regrouper ont eu lieu. Ainsi, la date d&rsquo;une facture r\u00e9capitulative peut \u00eatre la date de la derni\u00e8re op\u00e9ration ou le dernier jour du mois.<\/p><p>Toutefois, dans le cas de factures r\u00e9capitulatives adress\u00e9es \u00e0 des professionnels ou \u00e0 des entreprises, il est possible de l&rsquo;\u00e9mettre apr\u00e8s le mois civil, pour autant que cela soit fait avant le 16 du mois suivant.<\/p><p>N&rsquo;oubliez pas que les factures r\u00e9capitulatives doivent \u00e9galement indiquer le mois civil des op\u00e9rations r\u00e9capitul\u00e9es.<\/p><h2>Est-il possible d&rsquo;\u00e9mettre des factures r\u00e9capitulatives pour les factures simplifi\u00e9es ?<\/h2><p>Oui, c&rsquo;est possible. Pour regrouper plusieurs bons de travail (\u00e9galement appel\u00e9s factures simplifi\u00e9es) dans une facture r\u00e9capitulative, la proc\u00e9dure est la m\u00eame que pour cr\u00e9er une facture regroupant plusieurs factures en texte libre. Toutefois, les factures r\u00e9capitulatives ne peuvent \u00eatre \u00e9mises que si le montant total de la facture, dans laquelle les notes sont regroup\u00e9es, ne d\u00e9passe pas 3 000 euros.<\/p><p>Si vous avez des questions, n&rsquo;h\u00e9sitez pas \u00e0 nous contacter.<\/p><p>\u00a0<\/p>\t\t\t\t\t\t\t\t<\/div>\n\t\t\t\t<\/div>\n\t\t\t\t\t<\/div>\r\n\t\t\t\t<\/div>\r\n\t\t\t\t\t<\/div>\r\n\t\t\t\t<\/section>\r\n\t\t\t\t<\/div>\n\t\t","protected":false},"excerpt":{"rendered":"<p>De nombreuses entreprises g\u00e9n\u00e8rent r\u00e9guli\u00e8rement un grand nombre de petites factures, ce qui peut signifier un travail comptable suppl\u00e9mentaire pour les g\u00e9rer toutes. Une facture r\u00e9capitulative, group\u00e9e ou r\u00e9capitulative est un outil id\u00e9al pour ce type d&rsquo;entreprise, car elle vous permet de simplifier la t\u00e2che en regroupant plusieurs factures en un seul document. Qu&rsquo;est-ce qu&rsquo;une [&hellip;]<\/p>\n","protected":false},"author":2,"featured_media":11429,"comment_status":"closed","ping_status":"closed","sticky":false,"template":"","format":"standard","meta":{"_eb_attr":"","inline_featured_image":false,"footnotes":""},"categories":[45],"tags":[],"class_list":["post-11610","post","type-post","status-publish","format-standard","has-post-thumbnail","hentry","category-blog"],"featured_image_src":{"landsacpe":["https:\/\/www.asesoriaorihuelacosta.com\/wp-content\/uploads\/2023\/01\/factura-recapitulativa.jpg-960x445.webp",960,445,true],"list":["https:\/\/www.asesoriaorihuelacosta.com\/wp-content\/uploads\/2023\/01\/factura-recapitulativa.jpg-463x348.webp",463,348,true],"medium":["https:\/\/www.asesoriaorihuelacosta.com\/wp-content\/uploads\/2023\/01\/factura-recapitulativa.jpg-300x211.webp",300,211,true],"full":["https:\/\/www.asesoriaorihuelacosta.com\/wp-content\/uploads\/2023\/01\/factura-recapitulativa.jpg.webp",960,675,false]},"yoast_head":"<!-- This site is optimized with the Yoast SEO Premium plugin v24.7 (Yoast SEO v27.4) - https:\/\/yoast.com\/product\/yoast-seo-premium-wordpress\/ -->\n<title>Les factures r\u00e9capitulatives - Asesor\u00eda Orihuela Costa<\/title>\n<meta name=\"description\" content=\"Vous envisagez de cr\u00e9er une facture r\u00e9capitulative ? Assurez-vous de conna\u00eetre les \u00e9l\u00e9ments de base n\u00e9cessaires - ce guide les couvre tous !\" \/>\n<meta name=\"robots\" content=\"index, follow, max-snippet:-1, max-image-preview:large, max-video-preview:-1\" \/>\n<link rel=\"canonical\" href=\"https:\/\/www.asesoriaorihuelacosta.com\/fr\/les-factures-recapitulatives\/\" \/>\n<meta property=\"og:locale\" content=\"fr_FR\" \/>\n<meta property=\"og:type\" content=\"article\" \/>\n<meta property=\"og:title\" content=\"Les factures r\u00e9capitulatives\" \/>\n<meta property=\"og:description\" content=\"Vous envisagez de cr\u00e9er une facture r\u00e9capitulative ? Assurez-vous de conna\u00eetre les \u00e9l\u00e9ments de base n\u00e9cessaires - ce guide les couvre tous !\" \/>\n<meta property=\"og:url\" content=\"https:\/\/www.asesoriaorihuelacosta.com\/fr\/les-factures-recapitulatives\/\" \/>\n<meta property=\"og:site_name\" content=\"Asesor\u00eda Orihuela Costa\" \/>\n<meta property=\"article:publisher\" content=\"https:\/\/www.facebook.com\/asesoriaorihuelacosta\" \/>\n<meta property=\"article:author\" content=\"https:\/\/www.facebook.com\/patrick.gordinneperez\" \/>\n<meta property=\"article:published_time\" content=\"2023-01-11T05:37:11+00:00\" \/>\n<meta property=\"article:modified_time\" content=\"2023-01-11T19:05:00+00:00\" \/>\n<meta property=\"og:image\" content=\"https:\/\/www.asesoriaorihuelacosta.com\/wp-content\/uploads\/2023\/01\/factura-recapitulativa.jpg.webp\" \/>\n\t<meta property=\"og:image:width\" content=\"960\" \/>\n\t<meta property=\"og:image:height\" content=\"675\" \/>\n\t<meta property=\"og:image:type\" content=\"image\/webp\" \/>\n<meta name=\"author\" content=\"Patrick Gordinne Perez\" \/>\n<meta name=\"twitter:card\" content=\"summary_large_image\" \/>\n<meta name=\"twitter:label1\" content=\"\u00c9crit par\" \/>\n\t<meta name=\"twitter:data1\" content=\"Patrick Gordinne Perez\" \/>\n\t<meta name=\"twitter:label2\" content=\"Dur\u00e9e de lecture estim\u00e9e\" \/>\n\t<meta name=\"twitter:data2\" content=\"4 minutes\" \/>\n<script type=\"application\/ld+json\" class=\"yoast-schema-graph\">{\"@context\":\"https:\\\/\\\/schema.org\",\"@graph\":[{\"@type\":\"Article\",\"@id\":\"https:\\\/\\\/www.asesoriaorihuelacosta.com\\\/fr\\\/les-factures-recapitulatives\\\/#article\",\"isPartOf\":{\"@id\":\"https:\\\/\\\/www.asesoriaorihuelacosta.com\\\/fr\\\/les-factures-recapitulatives\\\/\"},\"author\":{\"name\":\"Patrick Gordinne Perez\",\"@id\":\"https:\\\/\\\/www.asesoriaorihuelacosta.com\\\/fr\\\/#\\\/schema\\\/person\\\/6614ce8cf6d2de542aaf351629fd539e\"},\"headline\":\"Les factures r\u00e9capitulatives\",\"datePublished\":\"2023-01-11T05:37:11+00:00\",\"dateModified\":\"2023-01-11T19:05:00+00:00\",\"mainEntityOfPage\":{\"@id\":\"https:\\\/\\\/www.asesoriaorihuelacosta.com\\\/fr\\\/les-factures-recapitulatives\\\/\"},\"wordCount\":1018,\"publisher\":{\"@id\":\"https:\\\/\\\/www.asesoriaorihuelacosta.com\\\/fr\\\/#organization\"},\"image\":{\"@id\":\"https:\\\/\\\/www.asesoriaorihuelacosta.com\\\/fr\\\/les-factures-recapitulatives\\\/#primaryimage\"},\"thumbnailUrl\":\"https:\\\/\\\/www.asesoriaorihuelacosta.com\\\/wp-content\\\/uploads\\\/2023\\\/01\\\/factura-recapitulativa.jpg.webp\",\"articleSection\":[\"Blog\"],\"inLanguage\":\"fr-FR\"},{\"@type\":\"WebPage\",\"@id\":\"https:\\\/\\\/www.asesoriaorihuelacosta.com\\\/fr\\\/les-factures-recapitulatives\\\/\",\"url\":\"https:\\\/\\\/www.asesoriaorihuelacosta.com\\\/fr\\\/les-factures-recapitulatives\\\/\",\"name\":\"Les factures r\u00e9capitulatives - Asesor\u00eda Orihuela Costa\",\"isPartOf\":{\"@id\":\"https:\\\/\\\/www.asesoriaorihuelacosta.com\\\/fr\\\/#website\"},\"primaryImageOfPage\":{\"@id\":\"https:\\\/\\\/www.asesoriaorihuelacosta.com\\\/fr\\\/les-factures-recapitulatives\\\/#primaryimage\"},\"image\":{\"@id\":\"https:\\\/\\\/www.asesoriaorihuelacosta.com\\\/fr\\\/les-factures-recapitulatives\\\/#primaryimage\"},\"thumbnailUrl\":\"https:\\\/\\\/www.asesoriaorihuelacosta.com\\\/wp-content\\\/uploads\\\/2023\\\/01\\\/factura-recapitulativa.jpg.webp\",\"datePublished\":\"2023-01-11T05:37:11+00:00\",\"dateModified\":\"2023-01-11T19:05:00+00:00\",\"description\":\"Vous envisagez de cr\u00e9er une facture r\u00e9capitulative ? Assurez-vous de conna\u00eetre les \u00e9l\u00e9ments de base n\u00e9cessaires - ce guide les couvre tous !\",\"breadcrumb\":{\"@id\":\"https:\\\/\\\/www.asesoriaorihuelacosta.com\\\/fr\\\/les-factures-recapitulatives\\\/#breadcrumb\"},\"inLanguage\":\"fr-FR\",\"potentialAction\":[{\"@type\":\"ReadAction\",\"target\":[\"https:\\\/\\\/www.asesoriaorihuelacosta.com\\\/fr\\\/les-factures-recapitulatives\\\/\"]}]},{\"@type\":\"ImageObject\",\"inLanguage\":\"fr-FR\",\"@id\":\"https:\\\/\\\/www.asesoriaorihuelacosta.com\\\/fr\\\/les-factures-recapitulatives\\\/#primaryimage\",\"url\":\"https:\\\/\\\/www.asesoriaorihuelacosta.com\\\/wp-content\\\/uploads\\\/2023\\\/01\\\/factura-recapitulativa.jpg.webp\",\"contentUrl\":\"https:\\\/\\\/www.asesoriaorihuelacosta.com\\\/wp-content\\\/uploads\\\/2023\\\/01\\\/factura-recapitulativa.jpg.webp\",\"width\":960,\"height\":675,\"caption\":\"factura-recapitulativa\"},{\"@type\":\"BreadcrumbList\",\"@id\":\"https:\\\/\\\/www.asesoriaorihuelacosta.com\\\/fr\\\/les-factures-recapitulatives\\\/#breadcrumb\",\"itemListElement\":[{\"@type\":\"ListItem\",\"position\":1,\"name\":\"Home\",\"item\":\"https:\\\/\\\/www.asesoriaorihuelacosta.com\\\/fr\\\/\"},{\"@type\":\"ListItem\",\"position\":2,\"name\":\"Les factures r\u00e9capitulatives\"}]},{\"@type\":\"WebSite\",\"@id\":\"https:\\\/\\\/www.asesoriaorihuelacosta.com\\\/fr\\\/#website\",\"url\":\"https:\\\/\\\/www.asesoriaorihuelacosta.com\\\/fr\\\/\",\"name\":\"https:\\\/\\\/www.asesoriaorihuelacosta.com\\\/\",\"description\":\"Grupo de asesores profesionales\",\"publisher\":{\"@id\":\"https:\\\/\\\/www.asesoriaorihuelacosta.com\\\/fr\\\/#organization\"},\"potentialAction\":[{\"@type\":\"SearchAction\",\"target\":{\"@type\":\"EntryPoint\",\"urlTemplate\":\"https:\\\/\\\/www.asesoriaorihuelacosta.com\\\/fr\\\/?s={search_term_string}\"},\"query-input\":{\"@type\":\"PropertyValueSpecification\",\"valueRequired\":true,\"valueName\":\"search_term_string\"}}],\"inLanguage\":\"fr-FR\"},{\"@type\":\"Organization\",\"@id\":\"https:\\\/\\\/www.asesoriaorihuelacosta.com\\\/fr\\\/#organization\",\"name\":\"Asesor\u00eda Orihuela Costa\",\"url\":\"https:\\\/\\\/www.asesoriaorihuelacosta.com\\\/fr\\\/\",\"logo\":{\"@type\":\"ImageObject\",\"inLanguage\":\"fr-FR\",\"@id\":\"https:\\\/\\\/www.asesoriaorihuelacosta.com\\\/fr\\\/#\\\/schema\\\/logo\\\/image\\\/\",\"url\":\"https:\\\/\\\/www.asesoriaorihuelacosta.com\\\/wp-content\\\/uploads\\\/2022\\\/06\\\/Logo-espa\u5bf8l-asesoriaorihuela.jpg\",\"contentUrl\":\"https:\\\/\\\/www.asesoriaorihuelacosta.com\\\/wp-content\\\/uploads\\\/2022\\\/06\\\/Logo-espa\u5bf8l-asesoriaorihuela.jpg\",\"width\":588,\"height\":136,\"caption\":\"Asesor\u00eda Orihuela Costa\"},\"image\":{\"@id\":\"https:\\\/\\\/www.asesoriaorihuelacosta.com\\\/fr\\\/#\\\/schema\\\/logo\\\/image\\\/\"},\"sameAs\":[\"https:\\\/\\\/www.facebook.com\\\/asesoriaorihuelacosta\"]},{\"@type\":\"Person\",\"@id\":\"https:\\\/\\\/www.asesoriaorihuelacosta.com\\\/fr\\\/#\\\/schema\\\/person\\\/6614ce8cf6d2de542aaf351629fd539e\",\"name\":\"Patrick Gordinne Perez\",\"description\":\"Soy economista colegiado por el colegio de economistas de Alicante con el n\u00famero 2722. Llevo ejerciendo desde el a\u00f1o 2005. Soy especialista en fiscalidad de empresas y aut\u00f3nomos y tambi\u00e9n especialista en gestionar compraventas. Hablo espa\u00f1ol, ingl\u00e9s y franc\u00e9s.\",\"sameAs\":[\"https:\\\/\\\/www.asesoriaorihuelacosta.com\",\"https:\\\/\\\/www.facebook.com\\\/patrick.gordinneperez\",\"https:\\\/\\\/www.linkedin.com\\\/in\\\/patrick-gordinne-perez-1b73aab3\\\/\",\"https:\\\/\\\/www.youtube.com\\\/channel\\\/UC5e95RJEVQlxCnhwDmGNVCw\"],\"gender\":\"Hombre\",\"knowsLanguage\":[\"ingl\u00e9s\",\"franc\u00e9s\",\"espa\u00f1ol\"],\"jobTitle\":\"Gerente\",\"worksFor\":\"Asesoria Orihuela Costa SL\"}]}<\/script>\n<!-- \/ Yoast SEO Premium plugin. -->","yoast_head_json":{"title":"Les factures r\u00e9capitulatives - Asesor\u00eda Orihuela Costa","description":"Vous envisagez de cr\u00e9er une facture r\u00e9capitulative ? Assurez-vous de conna\u00eetre les \u00e9l\u00e9ments de base n\u00e9cessaires - ce guide les couvre tous !","robots":{"index":"index","follow":"follow","max-snippet":"max-snippet:-1","max-image-preview":"max-image-preview:large","max-video-preview":"max-video-preview:-1"},"canonical":"https:\/\/www.asesoriaorihuelacosta.com\/fr\/les-factures-recapitulatives\/","og_locale":"fr_FR","og_type":"article","og_title":"Les factures r\u00e9capitulatives","og_description":"Vous envisagez de cr\u00e9er une facture r\u00e9capitulative ? Assurez-vous de conna\u00eetre les \u00e9l\u00e9ments de base n\u00e9cessaires - ce guide les couvre tous !","og_url":"https:\/\/www.asesoriaorihuelacosta.com\/fr\/les-factures-recapitulatives\/","og_site_name":"Asesor\u00eda Orihuela Costa","article_publisher":"https:\/\/www.facebook.com\/asesoriaorihuelacosta","article_author":"https:\/\/www.facebook.com\/patrick.gordinneperez","article_published_time":"2023-01-11T05:37:11+00:00","article_modified_time":"2023-01-11T19:05:00+00:00","og_image":[{"width":960,"height":675,"url":"https:\/\/www.asesoriaorihuelacosta.com\/wp-content\/uploads\/2023\/01\/factura-recapitulativa.jpg.webp","type":"image\/webp"}],"author":"Patrick Gordinne Perez","twitter_card":"summary_large_image","twitter_misc":{"\u00c9crit par":"Patrick Gordinne Perez","Dur\u00e9e de lecture estim\u00e9e":"4 minutes"},"schema":{"@context":"https:\/\/schema.org","@graph":[{"@type":"Article","@id":"https:\/\/www.asesoriaorihuelacosta.com\/fr\/les-factures-recapitulatives\/#article","isPartOf":{"@id":"https:\/\/www.asesoriaorihuelacosta.com\/fr\/les-factures-recapitulatives\/"},"author":{"name":"Patrick Gordinne Perez","@id":"https:\/\/www.asesoriaorihuelacosta.com\/fr\/#\/schema\/person\/6614ce8cf6d2de542aaf351629fd539e"},"headline":"Les factures r\u00e9capitulatives","datePublished":"2023-01-11T05:37:11+00:00","dateModified":"2023-01-11T19:05:00+00:00","mainEntityOfPage":{"@id":"https:\/\/www.asesoriaorihuelacosta.com\/fr\/les-factures-recapitulatives\/"},"wordCount":1018,"publisher":{"@id":"https:\/\/www.asesoriaorihuelacosta.com\/fr\/#organization"},"image":{"@id":"https:\/\/www.asesoriaorihuelacosta.com\/fr\/les-factures-recapitulatives\/#primaryimage"},"thumbnailUrl":"https:\/\/www.asesoriaorihuelacosta.com\/wp-content\/uploads\/2023\/01\/factura-recapitulativa.jpg.webp","articleSection":["Blog"],"inLanguage":"fr-FR"},{"@type":"WebPage","@id":"https:\/\/www.asesoriaorihuelacosta.com\/fr\/les-factures-recapitulatives\/","url":"https:\/\/www.asesoriaorihuelacosta.com\/fr\/les-factures-recapitulatives\/","name":"Les factures r\u00e9capitulatives - Asesor\u00eda Orihuela Costa","isPartOf":{"@id":"https:\/\/www.asesoriaorihuelacosta.com\/fr\/#website"},"primaryImageOfPage":{"@id":"https:\/\/www.asesoriaorihuelacosta.com\/fr\/les-factures-recapitulatives\/#primaryimage"},"image":{"@id":"https:\/\/www.asesoriaorihuelacosta.com\/fr\/les-factures-recapitulatives\/#primaryimage"},"thumbnailUrl":"https:\/\/www.asesoriaorihuelacosta.com\/wp-content\/uploads\/2023\/01\/factura-recapitulativa.jpg.webp","datePublished":"2023-01-11T05:37:11+00:00","dateModified":"2023-01-11T19:05:00+00:00","description":"Vous envisagez de cr\u00e9er une facture r\u00e9capitulative ? Assurez-vous de conna\u00eetre les \u00e9l\u00e9ments de base n\u00e9cessaires - ce guide les couvre tous !","breadcrumb":{"@id":"https:\/\/www.asesoriaorihuelacosta.com\/fr\/les-factures-recapitulatives\/#breadcrumb"},"inLanguage":"fr-FR","potentialAction":[{"@type":"ReadAction","target":["https:\/\/www.asesoriaorihuelacosta.com\/fr\/les-factures-recapitulatives\/"]}]},{"@type":"ImageObject","inLanguage":"fr-FR","@id":"https:\/\/www.asesoriaorihuelacosta.com\/fr\/les-factures-recapitulatives\/#primaryimage","url":"https:\/\/www.asesoriaorihuelacosta.com\/wp-content\/uploads\/2023\/01\/factura-recapitulativa.jpg.webp","contentUrl":"https:\/\/www.asesoriaorihuelacosta.com\/wp-content\/uploads\/2023\/01\/factura-recapitulativa.jpg.webp","width":960,"height":675,"caption":"factura-recapitulativa"},{"@type":"BreadcrumbList","@id":"https:\/\/www.asesoriaorihuelacosta.com\/fr\/les-factures-recapitulatives\/#breadcrumb","itemListElement":[{"@type":"ListItem","position":1,"name":"Home","item":"https:\/\/www.asesoriaorihuelacosta.com\/fr\/"},{"@type":"ListItem","position":2,"name":"Les factures r\u00e9capitulatives"}]},{"@type":"WebSite","@id":"https:\/\/www.asesoriaorihuelacosta.com\/fr\/#website","url":"https:\/\/www.asesoriaorihuelacosta.com\/fr\/","name":"https:\/\/www.asesoriaorihuelacosta.com\/","description":"Grupo de asesores profesionales","publisher":{"@id":"https:\/\/www.asesoriaorihuelacosta.com\/fr\/#organization"},"potentialAction":[{"@type":"SearchAction","target":{"@type":"EntryPoint","urlTemplate":"https:\/\/www.asesoriaorihuelacosta.com\/fr\/?s={search_term_string}"},"query-input":{"@type":"PropertyValueSpecification","valueRequired":true,"valueName":"search_term_string"}}],"inLanguage":"fr-FR"},{"@type":"Organization","@id":"https:\/\/www.asesoriaorihuelacosta.com\/fr\/#organization","name":"Asesor\u00eda Orihuela Costa","url":"https:\/\/www.asesoriaorihuelacosta.com\/fr\/","logo":{"@type":"ImageObject","inLanguage":"fr-FR","@id":"https:\/\/www.asesoriaorihuelacosta.com\/fr\/#\/schema\/logo\/image\/","url":"https:\/\/www.asesoriaorihuelacosta.com\/wp-content\/uploads\/2022\/06\/Logo-espa\u5bf8l-asesoriaorihuela.jpg","contentUrl":"https:\/\/www.asesoriaorihuelacosta.com\/wp-content\/uploads\/2022\/06\/Logo-espa\u5bf8l-asesoriaorihuela.jpg","width":588,"height":136,"caption":"Asesor\u00eda Orihuela Costa"},"image":{"@id":"https:\/\/www.asesoriaorihuelacosta.com\/fr\/#\/schema\/logo\/image\/"},"sameAs":["https:\/\/www.facebook.com\/asesoriaorihuelacosta"]},{"@type":"Person","@id":"https:\/\/www.asesoriaorihuelacosta.com\/fr\/#\/schema\/person\/6614ce8cf6d2de542aaf351629fd539e","name":"Patrick Gordinne Perez","description":"Soy economista colegiado por el colegio de economistas de Alicante con el n\u00famero 2722. Llevo ejerciendo desde el a\u00f1o 2005. Soy especialista en fiscalidad de empresas y aut\u00f3nomos y tambi\u00e9n especialista en gestionar compraventas. Hablo espa\u00f1ol, ingl\u00e9s y franc\u00e9s.","sameAs":["https:\/\/www.asesoriaorihuelacosta.com","https:\/\/www.facebook.com\/patrick.gordinneperez","https:\/\/www.linkedin.com\/in\/patrick-gordinne-perez-1b73aab3\/","https:\/\/www.youtube.com\/channel\/UC5e95RJEVQlxCnhwDmGNVCw"],"gender":"Hombre","knowsLanguage":["ingl\u00e9s","franc\u00e9s","espa\u00f1ol"],"jobTitle":"Gerente","worksFor":"Asesoria Orihuela Costa SL"}]}},"_links":{"self":[{"href":"https:\/\/www.asesoriaorihuelacosta.com\/fr\/wp-json\/wp\/v2\/posts\/11610","targetHints":{"allow":["GET"]}}],"collection":[{"href":"https:\/\/www.asesoriaorihuelacosta.com\/fr\/wp-json\/wp\/v2\/posts"}],"about":[{"href":"https:\/\/www.asesoriaorihuelacosta.com\/fr\/wp-json\/wp\/v2\/types\/post"}],"author":[{"embeddable":true,"href":"https:\/\/www.asesoriaorihuelacosta.com\/fr\/wp-json\/wp\/v2\/users\/2"}],"replies":[{"embeddable":true,"href":"https:\/\/www.asesoriaorihuelacosta.com\/fr\/wp-json\/wp\/v2\/comments?post=11610"}],"version-history":[{"count":11,"href":"https:\/\/www.asesoriaorihuelacosta.com\/fr\/wp-json\/wp\/v2\/posts\/11610\/revisions"}],"predecessor-version":[{"id":11621,"href":"https:\/\/www.asesoriaorihuelacosta.com\/fr\/wp-json\/wp\/v2\/posts\/11610\/revisions\/11621"}],"wp:featuredmedia":[{"embeddable":true,"href":"https:\/\/www.asesoriaorihuelacosta.com\/fr\/wp-json\/wp\/v2\/media\/11429"}],"wp:attachment":[{"href":"https:\/\/www.asesoriaorihuelacosta.com\/fr\/wp-json\/wp\/v2\/media?parent=11610"}],"wp:term":[{"taxonomy":"category","embeddable":true,"href":"https:\/\/www.asesoriaorihuelacosta.com\/fr\/wp-json\/wp\/v2\/categories?post=11610"},{"taxonomy":"post_tag","embeddable":true,"href":"https:\/\/www.asesoriaorihuelacosta.com\/fr\/wp-json\/wp\/v2\/tags?post=11610"}],"curies":[{"name":"wp","href":"https:\/\/api.w.org\/{rel}","templated":true}]}}