{"id":11069,"date":"2023-01-07T06:34:06","date_gmt":"2023-01-07T06:34:06","guid":{"rendered":"https:\/\/www.asesoriaorihuelacosta.com\/?p=11069"},"modified":"2023-01-07T06:50:46","modified_gmt":"2023-01-07T06:50:46","slug":"lettre-de-demande-de-changement-dhoraires-de-travail","status":"publish","type":"post","link":"https:\/\/www.asesoriaorihuelacosta.com\/fr\/lettre-de-demande-de-changement-dhoraires-de-travail\/","title":{"rendered":"Comment r\u00e9diger une lettre de demande de changement d&rsquo;horaire de travail"},"content":{"rendered":"\t\t<div data-elementor-type=\"wp-post\" data-elementor-id=\"11069\" class=\"elementor elementor-11069\" data-elementor-post-type=\"post\">\n\t\t\t\t\t\t<section data-particle_enable=\"false\" data-particle-mobile-disabled=\"false\" class=\"elementor-section elementor-top-section elementor-element elementor-element-457dcea elementor-section-boxed elementor-section-height-default elementor-section-height-default\" data-id=\"457dcea\" data-element_type=\"section\" data-e-type=\"section\">\r\n\t\t\r\n\t\t\t\t\t\t\t<div class=\"elementor-container elementor-column-gap-default\">\r\n\t\t\t\t\t\t\t\t\t\t\t<div class=\"elementor-column elementor-col-100 elementor-top-column elementor-element elementor-element-44bc0a9\" data-id=\"44bc0a9\" data-element_type=\"column\" data-e-type=\"column\">\r\n\t\t\t\t\t<div class=\"elementor-widget-wrap elementor-element-populated\">\r\n\t\t\t\t\t\t\t\t<div class=\"elementor-element elementor-element-adf0f89 elementor-widget elementor-widget-text-editor\" data-id=\"adf0f89\" data-element_type=\"widget\" data-e-type=\"widget\" data-widget_type=\"text-editor.default\">\n\t\t\t\t<div class=\"elementor-widget-container\">\n\t\t\t\t\t\t\t\t\t<h2>Comment r\u00e9diger une lettre de demande de changement d&rsquo;horaire de travail<\/h2><p>R\u00e9diger une demande de modification des horaires de travail peut \u00eatre intimidant, car vous voulez vous assurer que vous avez le bon contenu. Ce guide vous fournira les \u00e9tapes n\u00e9cessaires pour cr\u00e9er une lettre convaincante qui t\u00e9moigne du respect de votre travail et de votre volont\u00e9 de changement : Comment r\u00e9diger une lettre demandant un changement d&rsquo;horaires de travail.<\/p><h3>Identifiez vos besoins.<\/h3><p>La premi\u00e8re \u00e9tape pour demander une modification de votre horaire de travail est d&rsquo;identifier les jours et les heures o\u00f9 vous avez besoin de ces modifications. Il est important d&rsquo;\u00eatre clair dans l&rsquo;expression de vos besoins afin que l&rsquo;entreprise sache exactement quels changements vous demandez. Ces informations doivent \u00eatre prises en compte lors de la r\u00e9daction de votre lettre.<\/p><h3>Dressez une liste des avantages pour votre employeur associ\u00e9s \u00e0 votre demande.\u00a0<\/h3><p>Lorsque vous r\u00e9digez votre lettre pour demander un changement d&rsquo;horaire de travail, il sera tr\u00e8s utile \u00e0 votre employeur de savoir que les avantages de la demande seront contagieux. Vous pouvez \u00e9num\u00e9rer la plupart ou l&rsquo;ensemble des avantages d\u00e9coulant de la modification de votre emploi du temps, afin qu&rsquo;il soit clair que vos besoins ne sont pas int\u00e9ress\u00e9s et que vous \u00eates engag\u00e9 envers l&rsquo;organisation. Il peut s&rsquo;agir d&rsquo;une am\u00e9lioration du flux de travail, d&rsquo;une augmentation de la productivit\u00e9 et de votre fid\u00e9lit\u00e9 \u00e0 l&rsquo;entreprise.<\/p><h3>Utilisez un format de r\u00e9daction de lettre officielle.<\/h3><p>Veillez \u00e0 respecter un format officiel pour la r\u00e9daction de votre lettre de candidature. Commencez par identifier clairement les coordonn\u00e9es de l&#8217;employeur, telles que le nom, le titre et l&rsquo;adresse, ainsi que les v\u00f4tres. Mentionnez qui vous \u00eates et pourquoi vous demandez une modification de vos horaires de travail. Utilisez ensuite des phrases courtes pour expliquer clairement les avantages pour l&rsquo;organisation si votre changement d&rsquo;horaires est approuv\u00e9. Terminez par des v\u0153ux sur un ton tr\u00e8s professionnel.<\/p><h3>Indiquez clairement l&rsquo;objet de votre demande dans la lettre.\u00a0<\/h3><p>Dans votre lettre de demande, concentrez-vous sur l&rsquo;objectif exact de la demande. Si vous souhaitez travailler plus tard, expliquez les raisons pour lesquelles ce serait une bonne id\u00e9e pour servir les int\u00e9r\u00eats de votre entreprise. Par exemple, indiquez que vous accepteriez d&rsquo;assumer des responsabilit\u00e9s suppl\u00e9mentaires et d&rsquo;\u00e9tendre votre disponibilit\u00e9 au public pendant les heures pr\u00e9c\u00e9demment non ouvertes.<\/p><h3>Fermez la lettre d&rsquo;une mani\u00e8re diplomatique et politiquement correcte.<\/h3><p>Enfin, il est tr\u00e8s important de remercier le destinataire de la lettre et de ne rien prendre pour acquis. Vous devez leur rappeler leur d\u00e9cision lors du pr\u00e9c\u00e9dent changement d&rsquo;horaire, tout en reconnaissant la d\u00e9cision qu&rsquo;ils sont sur le point de prendre. Cela les motivera \u00e0 consid\u00e9rer votre demande favorablement, en ayant un ton reconnaissant tant dans votre lettre que pendant l&rsquo;entretien.<\/p><p>\u00a0<\/p>\t\t\t\t\t\t\t\t<\/div>\n\t\t\t\t<\/div>\n\t\t\t\t\t<\/div>\r\n\t\t\t\t<\/div>\r\n\t\t\t\t\t<\/div>\r\n\t\t\t\t<\/section>\r\n\t\t\t\t<section data-particle_enable=\"false\" data-particle-mobile-disabled=\"false\" class=\"elementor-section elementor-top-section elementor-element elementor-element-d0f7fcd elementor-section-boxed elementor-section-height-default elementor-section-height-default\" data-id=\"d0f7fcd\" data-element_type=\"section\" data-e-type=\"section\">\r\n\t\t\r\n\t\t\t\t\t\t\t<div class=\"elementor-container elementor-column-gap-default\">\r\n\t\t\t\t\t\t\t\t\t\t\t<div class=\"elementor-column elementor-col-100 elementor-top-column elementor-element elementor-element-e6939e4\" data-id=\"e6939e4\" data-element_type=\"column\" data-e-type=\"column\">\r\n\t\t\t\t\t<div class=\"elementor-widget-wrap elementor-element-populated\">\r\n\t\t\t\t\t\t\t\t<div class=\"elementor-element elementor-element-a794074 elementor-align-center elementor-widget elementor-widget-button\" data-id=\"a794074\" data-element_type=\"widget\" data-e-type=\"widget\" data-widget_type=\"button.default\">\n\t\t\t\t<div class=\"elementor-widget-container\">\n\t\t\t\t\t\t\t\t\t<div class=\"elementor-button-wrapper\">\n\t\t\t\t\t<a class=\"elementor-button elementor-button-link elementor-size-lg\" href=\"https:\/\/www.asesoriaorihuelacosta.com\/contacto\/\">\n\t\t\t\t\t\t<span class=\"elementor-button-content-wrapper\">\n\t\t\t\t\t\t\t\t\t<span class=\"elementor-button-text\">Tengo una duda<\/span>\n\t\t\t\t\t<\/span>\n\t\t\t\t\t<\/a>\n\t\t\t\t<\/div>\n\t\t\t\t\t\t\t\t<\/div>\n\t\t\t\t<\/div>\n\t\t\t\t\t<\/div>\r\n\t\t\t\t<\/div>\r\n\t\t\t\t\t<\/div>\r\n\t\t\t\t<\/section>\r\n\t\t\t\t<\/div>\n\t\t","protected":false},"excerpt":{"rendered":"<p>Comment r\u00e9diger une lettre de demande de changement d&rsquo;horaire de travail R\u00e9diger une demande de modification des horaires de travail peut \u00eatre intimidant, car vous voulez vous assurer que vous avez le bon contenu. Ce guide vous fournira les \u00e9tapes n\u00e9cessaires pour cr\u00e9er une lettre convaincante qui t\u00e9moigne du respect de votre travail et de [&hellip;]<\/p>\n","protected":false},"author":2,"featured_media":11044,"comment_status":"closed","ping_status":"closed","sticky":false,"template":"","format":"standard","meta":{"_eb_attr":"","inline_featured_image":false,"footnotes":""},"categories":[45],"tags":[],"class_list":["post-11069","post","type-post","status-publish","format-standard","has-post-thumbnail","hentry","category-blog"],"featured_image_src":{"landsacpe":["https:\/\/www.asesoriaorihuelacosta.com\/wp-content\/uploads\/2023\/01\/Como-Escribir-una-Carta-para-Solicitar-un-Cambio-de-Horario-Laboral--1080x445.jpeg",1080,445,true],"list":["https:\/\/www.asesoriaorihuelacosta.com\/wp-content\/uploads\/2023\/01\/Como-Escribir-una-Carta-para-Solicitar-un-Cambio-de-Horario-Laboral--463x348.jpeg",463,348,true],"medium":["https:\/\/www.asesoriaorihuelacosta.com\/wp-content\/uploads\/2023\/01\/Como-Escribir-una-Carta-para-Solicitar-un-Cambio-de-Horario-Laboral--300x300.jpeg",300,300,true],"full":["https:\/\/www.asesoriaorihuelacosta.com\/wp-content\/uploads\/2023\/01\/Como-Escribir-una-Carta-para-Solicitar-un-Cambio-de-Horario-Laboral-.jpeg",1080,1080,false]},"yoast_head":"<!-- This site is optimized with the Yoast SEO Premium plugin v24.7 (Yoast SEO v27.4) - https:\/\/yoast.com\/product\/yoast-seo-premium-wordpress\/ -->\n<title>Comment r\u00e9diger une lettre de demande de changement d&#039;horaire<\/title>\n<meta name=\"description\" content=\"Vous souhaitez demander une modification de vos horaires de travail ? Nous vous aidons \u00e0 r\u00e9diger efficacement la lettre dont vous avez besoin\" \/>\n<meta name=\"robots\" content=\"index, follow, max-snippet:-1, max-image-preview:large, max-video-preview:-1\" \/>\n<link rel=\"canonical\" href=\"https:\/\/www.asesoriaorihuelacosta.com\/fr\/lettre-de-demande-de-changement-dhoraires-de-travail\/\" \/>\n<meta property=\"og:locale\" content=\"fr_FR\" \/>\n<meta property=\"og:type\" content=\"article\" \/>\n<meta property=\"og:title\" content=\"Comment r\u00e9diger une lettre de demande de changement d&#039;horaire de travail\" \/>\n<meta property=\"og:description\" content=\"Vous souhaitez demander une modification de vos horaires de travail ? Nous vous aidons \u00e0 r\u00e9diger efficacement la lettre dont vous avez besoin\" \/>\n<meta property=\"og:url\" content=\"https:\/\/www.asesoriaorihuelacosta.com\/fr\/lettre-de-demande-de-changement-dhoraires-de-travail\/\" \/>\n<meta property=\"og:site_name\" content=\"Asesor\u00eda Orihuela Costa\" \/>\n<meta property=\"article:publisher\" content=\"https:\/\/www.facebook.com\/asesoriaorihuelacosta\" \/>\n<meta property=\"article:author\" content=\"https:\/\/www.facebook.com\/patrick.gordinneperez\" \/>\n<meta property=\"article:published_time\" content=\"2023-01-07T06:34:06+00:00\" \/>\n<meta property=\"article:modified_time\" content=\"2023-01-07T06:50:46+00:00\" \/>\n<meta property=\"og:image\" content=\"https:\/\/www.asesoriaorihuelacosta.com\/wp-content\/uploads\/2023\/01\/Como-Escribir-una-Carta-para-Solicitar-un-Cambio-de-Horario-Laboral-.jpeg\" \/>\n\t<meta property=\"og:image:width\" content=\"1080\" \/>\n\t<meta property=\"og:image:height\" content=\"1080\" \/>\n\t<meta property=\"og:image:type\" content=\"image\/jpeg\" \/>\n<meta name=\"author\" content=\"Patrick Gordinne Perez\" \/>\n<meta name=\"twitter:card\" content=\"summary_large_image\" \/>\n<meta name=\"twitter:label1\" content=\"\u00c9crit par\" \/>\n\t<meta name=\"twitter:data1\" content=\"Patrick Gordinne Perez\" \/>\n\t<meta name=\"twitter:label2\" content=\"Dur\u00e9e de lecture estim\u00e9e\" \/>\n\t<meta name=\"twitter:data2\" content=\"3 minutes\" \/>\n<script type=\"application\/ld+json\" class=\"yoast-schema-graph\">{\"@context\":\"https:\\\/\\\/schema.org\",\"@graph\":[{\"@type\":\"Article\",\"@id\":\"https:\\\/\\\/www.asesoriaorihuelacosta.com\\\/fr\\\/lettre-de-demande-de-changement-dhoraires-de-travail\\\/#article\",\"isPartOf\":{\"@id\":\"https:\\\/\\\/www.asesoriaorihuelacosta.com\\\/fr\\\/lettre-de-demande-de-changement-dhoraires-de-travail\\\/\"},\"author\":{\"name\":\"Patrick Gordinne Perez\",\"@id\":\"https:\\\/\\\/www.asesoriaorihuelacosta.com\\\/fr\\\/#\\\/schema\\\/person\\\/6614ce8cf6d2de542aaf351629fd539e\"},\"headline\":\"Comment r\u00e9diger une lettre de demande de changement d&rsquo;horaire de travail\",\"datePublished\":\"2023-01-07T06:34:06+00:00\",\"dateModified\":\"2023-01-07T06:50:46+00:00\",\"mainEntityOfPage\":{\"@id\":\"https:\\\/\\\/www.asesoriaorihuelacosta.com\\\/fr\\\/lettre-de-demande-de-changement-dhoraires-de-travail\\\/\"},\"wordCount\":523,\"publisher\":{\"@id\":\"https:\\\/\\\/www.asesoriaorihuelacosta.com\\\/fr\\\/#organization\"},\"image\":{\"@id\":\"https:\\\/\\\/www.asesoriaorihuelacosta.com\\\/fr\\\/lettre-de-demande-de-changement-dhoraires-de-travail\\\/#primaryimage\"},\"thumbnailUrl\":\"https:\\\/\\\/www.asesoriaorihuelacosta.com\\\/wp-content\\\/uploads\\\/2023\\\/01\\\/Como-Escribir-una-Carta-para-Solicitar-un-Cambio-de-Horario-Laboral-.jpeg\",\"articleSection\":[\"Blog\"],\"inLanguage\":\"fr-FR\"},{\"@type\":\"WebPage\",\"@id\":\"https:\\\/\\\/www.asesoriaorihuelacosta.com\\\/fr\\\/lettre-de-demande-de-changement-dhoraires-de-travail\\\/\",\"url\":\"https:\\\/\\\/www.asesoriaorihuelacosta.com\\\/fr\\\/lettre-de-demande-de-changement-dhoraires-de-travail\\\/\",\"name\":\"Comment r\u00e9diger une lettre de demande de changement d'horaire\",\"isPartOf\":{\"@id\":\"https:\\\/\\\/www.asesoriaorihuelacosta.com\\\/fr\\\/#website\"},\"primaryImageOfPage\":{\"@id\":\"https:\\\/\\\/www.asesoriaorihuelacosta.com\\\/fr\\\/lettre-de-demande-de-changement-dhoraires-de-travail\\\/#primaryimage\"},\"image\":{\"@id\":\"https:\\\/\\\/www.asesoriaorihuelacosta.com\\\/fr\\\/lettre-de-demande-de-changement-dhoraires-de-travail\\\/#primaryimage\"},\"thumbnailUrl\":\"https:\\\/\\\/www.asesoriaorihuelacosta.com\\\/wp-content\\\/uploads\\\/2023\\\/01\\\/Como-Escribir-una-Carta-para-Solicitar-un-Cambio-de-Horario-Laboral-.jpeg\",\"datePublished\":\"2023-01-07T06:34:06+00:00\",\"dateModified\":\"2023-01-07T06:50:46+00:00\",\"description\":\"Vous souhaitez demander une modification de vos horaires de travail ? Nous vous aidons \u00e0 r\u00e9diger efficacement la lettre dont vous avez besoin\",\"breadcrumb\":{\"@id\":\"https:\\\/\\\/www.asesoriaorihuelacosta.com\\\/fr\\\/lettre-de-demande-de-changement-dhoraires-de-travail\\\/#breadcrumb\"},\"inLanguage\":\"fr-FR\",\"potentialAction\":[{\"@type\":\"ReadAction\",\"target\":[\"https:\\\/\\\/www.asesoriaorihuelacosta.com\\\/fr\\\/lettre-de-demande-de-changement-dhoraires-de-travail\\\/\"]}]},{\"@type\":\"ImageObject\",\"inLanguage\":\"fr-FR\",\"@id\":\"https:\\\/\\\/www.asesoriaorihuelacosta.com\\\/fr\\\/lettre-de-demande-de-changement-dhoraires-de-travail\\\/#primaryimage\",\"url\":\"https:\\\/\\\/www.asesoriaorihuelacosta.com\\\/wp-content\\\/uploads\\\/2023\\\/01\\\/Como-Escribir-una-Carta-para-Solicitar-un-Cambio-de-Horario-Laboral-.jpeg\",\"contentUrl\":\"https:\\\/\\\/www.asesoriaorihuelacosta.com\\\/wp-content\\\/uploads\\\/2023\\\/01\\\/Como-Escribir-una-Carta-para-Solicitar-un-Cambio-de-Horario-Laboral-.jpeg\",\"width\":1080,\"height\":1080,\"caption\":\"C\u00f3mo Escribir una Carta para Solicitar un Cambio de Horario Laboral\"},{\"@type\":\"BreadcrumbList\",\"@id\":\"https:\\\/\\\/www.asesoriaorihuelacosta.com\\\/fr\\\/lettre-de-demande-de-changement-dhoraires-de-travail\\\/#breadcrumb\",\"itemListElement\":[{\"@type\":\"ListItem\",\"position\":1,\"name\":\"Home\",\"item\":\"https:\\\/\\\/www.asesoriaorihuelacosta.com\\\/fr\\\/\"},{\"@type\":\"ListItem\",\"position\":2,\"name\":\"Comment r\u00e9diger une lettre de demande de changement d&#8217;horaire de travail\"}]},{\"@type\":\"WebSite\",\"@id\":\"https:\\\/\\\/www.asesoriaorihuelacosta.com\\\/fr\\\/#website\",\"url\":\"https:\\\/\\\/www.asesoriaorihuelacosta.com\\\/fr\\\/\",\"name\":\"https:\\\/\\\/www.asesoriaorihuelacosta.com\\\/\",\"description\":\"Grupo de asesores profesionales\",\"publisher\":{\"@id\":\"https:\\\/\\\/www.asesoriaorihuelacosta.com\\\/fr\\\/#organization\"},\"potentialAction\":[{\"@type\":\"SearchAction\",\"target\":{\"@type\":\"EntryPoint\",\"urlTemplate\":\"https:\\\/\\\/www.asesoriaorihuelacosta.com\\\/fr\\\/?s={search_term_string}\"},\"query-input\":{\"@type\":\"PropertyValueSpecification\",\"valueRequired\":true,\"valueName\":\"search_term_string\"}}],\"inLanguage\":\"fr-FR\"},{\"@type\":\"Organization\",\"@id\":\"https:\\\/\\\/www.asesoriaorihuelacosta.com\\\/fr\\\/#organization\",\"name\":\"Asesor\u00eda Orihuela Costa\",\"url\":\"https:\\\/\\\/www.asesoriaorihuelacosta.com\\\/fr\\\/\",\"logo\":{\"@type\":\"ImageObject\",\"inLanguage\":\"fr-FR\",\"@id\":\"https:\\\/\\\/www.asesoriaorihuelacosta.com\\\/fr\\\/#\\\/schema\\\/logo\\\/image\\\/\",\"url\":\"https:\\\/\\\/www.asesoriaorihuelacosta.com\\\/wp-content\\\/uploads\\\/2022\\\/06\\\/Logo-espa\u5bf8l-asesoriaorihuela.jpg\",\"contentUrl\":\"https:\\\/\\\/www.asesoriaorihuelacosta.com\\\/wp-content\\\/uploads\\\/2022\\\/06\\\/Logo-espa\u5bf8l-asesoriaorihuela.jpg\",\"width\":588,\"height\":136,\"caption\":\"Asesor\u00eda Orihuela Costa\"},\"image\":{\"@id\":\"https:\\\/\\\/www.asesoriaorihuelacosta.com\\\/fr\\\/#\\\/schema\\\/logo\\\/image\\\/\"},\"sameAs\":[\"https:\\\/\\\/www.facebook.com\\\/asesoriaorihuelacosta\"]},{\"@type\":\"Person\",\"@id\":\"https:\\\/\\\/www.asesoriaorihuelacosta.com\\\/fr\\\/#\\\/schema\\\/person\\\/6614ce8cf6d2de542aaf351629fd539e\",\"name\":\"Patrick Gordinne Perez\",\"description\":\"Soy economista colegiado por el colegio de economistas de Alicante con el n\u00famero 2722. Llevo ejerciendo desde el a\u00f1o 2005. Soy especialista en fiscalidad de empresas y aut\u00f3nomos y tambi\u00e9n especialista en gestionar compraventas. Hablo espa\u00f1ol, ingl\u00e9s y franc\u00e9s.\",\"sameAs\":[\"https:\\\/\\\/www.asesoriaorihuelacosta.com\",\"https:\\\/\\\/www.facebook.com\\\/patrick.gordinneperez\",\"https:\\\/\\\/www.linkedin.com\\\/in\\\/patrick-gordinne-perez-1b73aab3\\\/\",\"https:\\\/\\\/www.youtube.com\\\/channel\\\/UC5e95RJEVQlxCnhwDmGNVCw\"],\"gender\":\"Hombre\",\"knowsLanguage\":[\"ingl\u00e9s\",\"franc\u00e9s\",\"espa\u00f1ol\"],\"jobTitle\":\"Gerente\",\"worksFor\":\"Asesoria Orihuela Costa SL\"}]}<\/script>\n<!-- \/ Yoast SEO Premium plugin. -->","yoast_head_json":{"title":"Comment r\u00e9diger une lettre de demande de changement d'horaire","description":"Vous souhaitez demander une modification de vos horaires de travail ? Nous vous aidons \u00e0 r\u00e9diger efficacement la lettre dont vous avez besoin","robots":{"index":"index","follow":"follow","max-snippet":"max-snippet:-1","max-image-preview":"max-image-preview:large","max-video-preview":"max-video-preview:-1"},"canonical":"https:\/\/www.asesoriaorihuelacosta.com\/fr\/lettre-de-demande-de-changement-dhoraires-de-travail\/","og_locale":"fr_FR","og_type":"article","og_title":"Comment r\u00e9diger une lettre de demande de changement d'horaire de travail","og_description":"Vous souhaitez demander une modification de vos horaires de travail ? Nous vous aidons \u00e0 r\u00e9diger efficacement la lettre dont vous avez besoin","og_url":"https:\/\/www.asesoriaorihuelacosta.com\/fr\/lettre-de-demande-de-changement-dhoraires-de-travail\/","og_site_name":"Asesor\u00eda Orihuela Costa","article_publisher":"https:\/\/www.facebook.com\/asesoriaorihuelacosta","article_author":"https:\/\/www.facebook.com\/patrick.gordinneperez","article_published_time":"2023-01-07T06:34:06+00:00","article_modified_time":"2023-01-07T06:50:46+00:00","og_image":[{"width":1080,"height":1080,"url":"https:\/\/www.asesoriaorihuelacosta.com\/wp-content\/uploads\/2023\/01\/Como-Escribir-una-Carta-para-Solicitar-un-Cambio-de-Horario-Laboral-.jpeg","type":"image\/jpeg"}],"author":"Patrick Gordinne Perez","twitter_card":"summary_large_image","twitter_misc":{"\u00c9crit par":"Patrick Gordinne Perez","Dur\u00e9e de lecture estim\u00e9e":"3 minutes"},"schema":{"@context":"https:\/\/schema.org","@graph":[{"@type":"Article","@id":"https:\/\/www.asesoriaorihuelacosta.com\/fr\/lettre-de-demande-de-changement-dhoraires-de-travail\/#article","isPartOf":{"@id":"https:\/\/www.asesoriaorihuelacosta.com\/fr\/lettre-de-demande-de-changement-dhoraires-de-travail\/"},"author":{"name":"Patrick Gordinne Perez","@id":"https:\/\/www.asesoriaorihuelacosta.com\/fr\/#\/schema\/person\/6614ce8cf6d2de542aaf351629fd539e"},"headline":"Comment r\u00e9diger une lettre de demande de changement d&rsquo;horaire de travail","datePublished":"2023-01-07T06:34:06+00:00","dateModified":"2023-01-07T06:50:46+00:00","mainEntityOfPage":{"@id":"https:\/\/www.asesoriaorihuelacosta.com\/fr\/lettre-de-demande-de-changement-dhoraires-de-travail\/"},"wordCount":523,"publisher":{"@id":"https:\/\/www.asesoriaorihuelacosta.com\/fr\/#organization"},"image":{"@id":"https:\/\/www.asesoriaorihuelacosta.com\/fr\/lettre-de-demande-de-changement-dhoraires-de-travail\/#primaryimage"},"thumbnailUrl":"https:\/\/www.asesoriaorihuelacosta.com\/wp-content\/uploads\/2023\/01\/Como-Escribir-una-Carta-para-Solicitar-un-Cambio-de-Horario-Laboral-.jpeg","articleSection":["Blog"],"inLanguage":"fr-FR"},{"@type":"WebPage","@id":"https:\/\/www.asesoriaorihuelacosta.com\/fr\/lettre-de-demande-de-changement-dhoraires-de-travail\/","url":"https:\/\/www.asesoriaorihuelacosta.com\/fr\/lettre-de-demande-de-changement-dhoraires-de-travail\/","name":"Comment r\u00e9diger une lettre de demande de changement d'horaire","isPartOf":{"@id":"https:\/\/www.asesoriaorihuelacosta.com\/fr\/#website"},"primaryImageOfPage":{"@id":"https:\/\/www.asesoriaorihuelacosta.com\/fr\/lettre-de-demande-de-changement-dhoraires-de-travail\/#primaryimage"},"image":{"@id":"https:\/\/www.asesoriaorihuelacosta.com\/fr\/lettre-de-demande-de-changement-dhoraires-de-travail\/#primaryimage"},"thumbnailUrl":"https:\/\/www.asesoriaorihuelacosta.com\/wp-content\/uploads\/2023\/01\/Como-Escribir-una-Carta-para-Solicitar-un-Cambio-de-Horario-Laboral-.jpeg","datePublished":"2023-01-07T06:34:06+00:00","dateModified":"2023-01-07T06:50:46+00:00","description":"Vous souhaitez demander une modification de vos horaires de travail ? Nous vous aidons \u00e0 r\u00e9diger efficacement la lettre dont vous avez besoin","breadcrumb":{"@id":"https:\/\/www.asesoriaorihuelacosta.com\/fr\/lettre-de-demande-de-changement-dhoraires-de-travail\/#breadcrumb"},"inLanguage":"fr-FR","potentialAction":[{"@type":"ReadAction","target":["https:\/\/www.asesoriaorihuelacosta.com\/fr\/lettre-de-demande-de-changement-dhoraires-de-travail\/"]}]},{"@type":"ImageObject","inLanguage":"fr-FR","@id":"https:\/\/www.asesoriaorihuelacosta.com\/fr\/lettre-de-demande-de-changement-dhoraires-de-travail\/#primaryimage","url":"https:\/\/www.asesoriaorihuelacosta.com\/wp-content\/uploads\/2023\/01\/Como-Escribir-una-Carta-para-Solicitar-un-Cambio-de-Horario-Laboral-.jpeg","contentUrl":"https:\/\/www.asesoriaorihuelacosta.com\/wp-content\/uploads\/2023\/01\/Como-Escribir-una-Carta-para-Solicitar-un-Cambio-de-Horario-Laboral-.jpeg","width":1080,"height":1080,"caption":"C\u00f3mo Escribir una Carta para Solicitar un Cambio de Horario Laboral"},{"@type":"BreadcrumbList","@id":"https:\/\/www.asesoriaorihuelacosta.com\/fr\/lettre-de-demande-de-changement-dhoraires-de-travail\/#breadcrumb","itemListElement":[{"@type":"ListItem","position":1,"name":"Home","item":"https:\/\/www.asesoriaorihuelacosta.com\/fr\/"},{"@type":"ListItem","position":2,"name":"Comment r\u00e9diger une lettre de demande de changement d&#8217;horaire de travail"}]},{"@type":"WebSite","@id":"https:\/\/www.asesoriaorihuelacosta.com\/fr\/#website","url":"https:\/\/www.asesoriaorihuelacosta.com\/fr\/","name":"https:\/\/www.asesoriaorihuelacosta.com\/","description":"Grupo de asesores profesionales","publisher":{"@id":"https:\/\/www.asesoriaorihuelacosta.com\/fr\/#organization"},"potentialAction":[{"@type":"SearchAction","target":{"@type":"EntryPoint","urlTemplate":"https:\/\/www.asesoriaorihuelacosta.com\/fr\/?s={search_term_string}"},"query-input":{"@type":"PropertyValueSpecification","valueRequired":true,"valueName":"search_term_string"}}],"inLanguage":"fr-FR"},{"@type":"Organization","@id":"https:\/\/www.asesoriaorihuelacosta.com\/fr\/#organization","name":"Asesor\u00eda Orihuela Costa","url":"https:\/\/www.asesoriaorihuelacosta.com\/fr\/","logo":{"@type":"ImageObject","inLanguage":"fr-FR","@id":"https:\/\/www.asesoriaorihuelacosta.com\/fr\/#\/schema\/logo\/image\/","url":"https:\/\/www.asesoriaorihuelacosta.com\/wp-content\/uploads\/2022\/06\/Logo-espa\u5bf8l-asesoriaorihuela.jpg","contentUrl":"https:\/\/www.asesoriaorihuelacosta.com\/wp-content\/uploads\/2022\/06\/Logo-espa\u5bf8l-asesoriaorihuela.jpg","width":588,"height":136,"caption":"Asesor\u00eda Orihuela Costa"},"image":{"@id":"https:\/\/www.asesoriaorihuelacosta.com\/fr\/#\/schema\/logo\/image\/"},"sameAs":["https:\/\/www.facebook.com\/asesoriaorihuelacosta"]},{"@type":"Person","@id":"https:\/\/www.asesoriaorihuelacosta.com\/fr\/#\/schema\/person\/6614ce8cf6d2de542aaf351629fd539e","name":"Patrick Gordinne Perez","description":"Soy economista colegiado por el colegio de economistas de Alicante con el n\u00famero 2722. Llevo ejerciendo desde el a\u00f1o 2005. Soy especialista en fiscalidad de empresas y aut\u00f3nomos y tambi\u00e9n especialista en gestionar compraventas. Hablo espa\u00f1ol, ingl\u00e9s y franc\u00e9s.","sameAs":["https:\/\/www.asesoriaorihuelacosta.com","https:\/\/www.facebook.com\/patrick.gordinneperez","https:\/\/www.linkedin.com\/in\/patrick-gordinne-perez-1b73aab3\/","https:\/\/www.youtube.com\/channel\/UC5e95RJEVQlxCnhwDmGNVCw"],"gender":"Hombre","knowsLanguage":["ingl\u00e9s","franc\u00e9s","espa\u00f1ol"],"jobTitle":"Gerente","worksFor":"Asesoria Orihuela Costa SL"}]}},"_links":{"self":[{"href":"https:\/\/www.asesoriaorihuelacosta.com\/fr\/wp-json\/wp\/v2\/posts\/11069","targetHints":{"allow":["GET"]}}],"collection":[{"href":"https:\/\/www.asesoriaorihuelacosta.com\/fr\/wp-json\/wp\/v2\/posts"}],"about":[{"href":"https:\/\/www.asesoriaorihuelacosta.com\/fr\/wp-json\/wp\/v2\/types\/post"}],"author":[{"embeddable":true,"href":"https:\/\/www.asesoriaorihuelacosta.com\/fr\/wp-json\/wp\/v2\/users\/2"}],"replies":[{"embeddable":true,"href":"https:\/\/www.asesoriaorihuelacosta.com\/fr\/wp-json\/wp\/v2\/comments?post=11069"}],"version-history":[{"count":4,"href":"https:\/\/www.asesoriaorihuelacosta.com\/fr\/wp-json\/wp\/v2\/posts\/11069\/revisions"}],"predecessor-version":[{"id":11073,"href":"https:\/\/www.asesoriaorihuelacosta.com\/fr\/wp-json\/wp\/v2\/posts\/11069\/revisions\/11073"}],"wp:featuredmedia":[{"embeddable":true,"href":"https:\/\/www.asesoriaorihuelacosta.com\/fr\/wp-json\/wp\/v2\/media\/11044"}],"wp:attachment":[{"href":"https:\/\/www.asesoriaorihuelacosta.com\/fr\/wp-json\/wp\/v2\/media?parent=11069"}],"wp:term":[{"taxonomy":"category","embeddable":true,"href":"https:\/\/www.asesoriaorihuelacosta.com\/fr\/wp-json\/wp\/v2\/categories?post=11069"},{"taxonomy":"post_tag","embeddable":true,"href":"https:\/\/www.asesoriaorihuelacosta.com\/fr\/wp-json\/wp\/v2\/tags?post=11069"}],"curies":[{"name":"wp","href":"https:\/\/api.w.org\/{rel}","templated":true}]}}