{"id":9507,"date":"2022-11-28T22:19:05","date_gmt":"2022-11-28T22:19:05","guid":{"rendered":"https:\/\/www.asesoriaorihuelacosta.com\/?p=9507"},"modified":"2022-11-30T12:31:00","modified_gmt":"2022-11-30T12:31:00","slug":"self-employed-digital-kit-third-call-for-proposals","status":"publish","type":"post","link":"https:\/\/www.asesoriaorihuelacosta.com\/en\/self-employed-digital-kit-third-call-for-proposals\/","title":{"rendered":"Self-employed digital kit: third call for proposals"},"content":{"rendered":"\t\t<div data-elementor-type=\"wp-post\" data-elementor-id=\"9507\" class=\"elementor elementor-9507\" data-elementor-post-type=\"post\">\n\t\t\t\t\t\t<section data-particle_enable=\"false\" data-particle-mobile-disabled=\"false\" class=\"elementor-section elementor-top-section elementor-element elementor-element-e686dcf elementor-section-boxed elementor-section-height-default elementor-section-height-default\" data-id=\"e686dcf\" data-element_type=\"section\" data-e-type=\"section\">\r\n\t\t\r\n\t\t\t\t\t\t\t<div class=\"elementor-container elementor-column-gap-default\">\r\n\t\t\t\t\t\t\t\t\t\t\t<div class=\"elementor-column elementor-col-100 elementor-top-column elementor-element elementor-element-977ee2f\" data-id=\"977ee2f\" data-element_type=\"column\" data-e-type=\"column\">\r\n\t\t\t\t\t<div class=\"elementor-widget-wrap elementor-element-populated\">\r\n\t\t\t\t\t\t\t\t<div class=\"elementor-element elementor-element-eef43c6 elementor-widget elementor-widget-text-editor\" data-id=\"eef43c6\" data-element_type=\"widget\" data-e-type=\"widget\" data-widget_type=\"text-editor.default\">\n\t\t\t\t<div class=\"elementor-widget-container\">\n\t\t\t\t\t\t\t\t\t<p>The announcement has been published in the BOE (Official State Gazette) of the launch of the third call for aid from the <strong>Digital Kit for the self-employed<\/strong>, which in this case is aimed at the self-employed who have fewer than three workers as of 20 October. The maximum amount of aid that will reach these self-employed workers will be 2,000 euros.<\/p><p>There is a limitation published in the rules, which was already known. Self-employed persons who are considered to be self-employed as corporate self-employed or collaborating self-employed will not be eligible for this aid.<\/p><p>They must also meet the other requirements for applying for the Digital Kit, such as not being considered a company in crisis or being up to date with their tax and Social Security obligations.<\/p><h2>What is the Digital Kit?<\/h2><p>\u00a0<\/p><p>The Digital Kit for the self-employed is a financial aid programme financed by the European Union through the Next Generation funds, with the aim of achieving the digitalisation of the self-employed and SMEs.<\/p><h2>Who can benefit from Kit digital?<\/h2><p>\u00a0<\/p><p>The Digital Kit is aimed at SMEs and the self-employed with between 1 and 49 workers that meet the requirements established by the Government.<\/p><p>\u00a0<\/p><p>These companies will be able to receive a bonus of up to a maximum of \u20ac12,000 in grants depending on the segment they are in, which they will have to use in the digitisation of their business by choosing the digitising solutions from the Digital Kit that best suit their business needs.<\/p><p>If you have any doubts about whether you can benefit from the Digital Freelance Kit, don&#8217;t worry&#8230; We&#8217;ll call you!<\/p><p>&#8211; <strong>Segment I:<\/strong> 10 to 49 employees \u2192 12.000 \u20ac.<br \/>Start date: 15\/03\/2022 &#8211; 11:00h \/ End date: 15\/03\/2023 &#8211; 11:00h<\/p><p>&#8211; <strong>Segment II<\/strong>: 3 to 9 employees \u2192 6.000 \u20ac.<br \/>Start date: 02\/09\/2022 &#8211; 11:00h \/ End date: 02\/09\/2023 &#8211; 11:00h<\/p><p>&#8211;<strong> Segment III:<\/strong> from 0 to 2 employees and self-employed \u2192 2.000 \u20ac.<br \/>Start date: 20\/10\/2022 &#8211; 11:00h<\/p><p>\u00a0<\/p><h2>How to apply for aid?<\/h2><div><b>\u00a0<\/b><\/div><p>1. Register in the accelerapyme private area and complete the digital self-diagnosis test, which takes no more than 10 minutes.<\/p><p>\u00a0<\/p><p>2. Consult the information available on the digitisation solutions of the Digital Kit programme, where you can choose one or more of those listed in the catalogue that can be consulted at acelerapyme.es.<\/p><p>3. Apply for the aid at the Red.es electronic headquarters (https:\/\/sede.red.gob.es).<\/p><p>\u00a0<\/p><p>Once it is verified that the company meets the requirements, the digital voucher is granted. The beneficiary can consult the catalogue of basic digitisation solutions offered by the Digital Kit for the self-employed programme and the catalogue of digitisation agents at acelerapyme.es.\u00a0 They must select one or more digitisation agents with whom to develop the digitisation solutions best suited to the needs of their business and sign the &#8220;digitisation solution provision agreements&#8221;.<\/p><p>The grants are non-competitive and will be awarded directly and on a first-come, first-served basis, after verification of compliance with the requirements set out in the call for applications.<\/p><p>What digital solutions are available?<\/p><p>The deadline for applications will be 20 October from 11 a.m. and will remain open for one year or until the 500 million euros earmarked for this segment is exhausted.<\/p><p>Once the aid has been granted, the service provider and the self-employed person have a maximum period of 6 months to implement the aid. If the aid is not used within this period, this entitlement will be lost.<\/p><p>The maximum amount granted per beneficiary will be \u20ac2,000, which is not enough to implement specific improvements in the company and which can be used in the following categories:<\/p><p>\u00a0<\/p><p>&#8211; <strong>Website and essential Internet presence,<\/strong> up to 2,000 euros with 12 months of service provision.<\/p><p>&#8211; <strong>E-commerce,<\/strong> up to 2,000 euros with 12 months of service provision.<\/p><p>&#8211; <strong>Social media management<\/strong>, up to 2,000 euros with 12 months of service provision.<\/p><p>&#8211; <strong>Customer Management,<\/strong> up to 2,000 euros with 12 months of service provision and only includes one user.<\/p><p>&#8211; <strong>Business Intelligence<\/strong> and Analytics, up to 1,500 euros with 12 months of service provision and only includes one user.<\/p><p>&#8211; <strong>Process Management,<\/strong> up to 2,000 euros with 12 months of service provision and only includes one user.<\/p><p>&#8211; <strong>Electronic invoicing<\/strong>, up to 1,000 euros with 12 months of service and one user.<\/p><p>&#8211; <strong>Virtual Office services and tools<\/strong>, with 12 months of service provision and up to 250 euros per user with a maximum of two users.<\/p><p>&#8211; <strong>Secure Communications<\/strong>, with 12 months of service provision and up to 125 euros per user with a maximum of two users.<\/p><p>&#8211; <strong>Cybersecurity<\/strong>, with 12 months of service provision and up to 125 euros per device with a maximum of two.<\/p><p>&#8211; <strong>Advanced Internet<\/strong> presence, up to 2,000 euros with 12 months of service provision.<\/p><p>&#8211; <strong>Marketplace,<\/strong> up to 2,000 euros with 12 months of service provision.<\/p><p>\u00a0<\/p><p>Registering and applying for the digital kit is very easy with a digital certificate. If you need help or have any questions, please contact Asesoria Orihuela Costa.<\/p>\t\t\t\t\t\t\t\t<\/div>\n\t\t\t\t<\/div>\n\t\t\t\t\t<\/div>\r\n\t\t\t\t<\/div>\r\n\t\t\t\t\t<\/div>\r\n\t\t\t\t<\/section>\r\n\t\t\t\t<\/div>\n\t\t","protected":false},"excerpt":{"rendered":"<p>The announcement has been published in the BOE (Official State Gazette) of the launch of the third call for aid from the Digital Kit for the self-employed, which in this case is aimed at the self-employed who have fewer than three workers as of 20 October. The maximum amount of aid that will reach these [&hellip;]<\/p>\n","protected":false},"author":2,"featured_media":9396,"comment_status":"closed","ping_status":"closed","sticky":false,"template":"","format":"standard","meta":{"_eb_attr":"","inline_featured_image":false,"footnotes":""},"categories":[1],"tags":[],"class_list":["post-9507","post","type-post","status-publish","format-standard","has-post-thumbnail","hentry","category-blog"],"featured_image_src":{"landsacpe":["https:\/\/www.asesoriaorihuelacosta.com\/wp-content\/uploads\/2022\/11\/kit-digital-autonomos-1140x445.jpeg",1140,445,true],"list":["https:\/\/www.asesoriaorihuelacosta.com\/wp-content\/uploads\/2022\/11\/kit-digital-autonomos-463x348.jpeg",463,348,true],"medium":["https:\/\/www.asesoriaorihuelacosta.com\/wp-content\/uploads\/2022\/11\/kit-digital-autonomos-300x240.jpeg",300,240,true],"full":["https:\/\/www.asesoriaorihuelacosta.com\/wp-content\/uploads\/2022\/11\/kit-digital-autonomos.jpeg",1280,1024,false]},"yoast_head":"<!-- This site is optimized with the Yoast SEO Premium plugin v24.7 (Yoast SEO v27.4) - https:\/\/yoast.com\/product\/yoast-seo-premium-wordpress\/ -->\n<title>Self-employed digital kit: third call for proposals - Asesor\u00eda Orihuela Costa<\/title>\n<meta name=\"description\" content=\"Digital Kit for the self-employed, aimed at the self-employed with less than 3 workers. The maximum amount of aid will be 2,000 euros.\" \/>\n<meta name=\"robots\" content=\"index, follow, max-snippet:-1, max-image-preview:large, max-video-preview:-1\" \/>\n<link rel=\"canonical\" href=\"https:\/\/www.asesoriaorihuelacosta.com\/en\/self-employed-digital-kit-third-call-for-proposals\/\" \/>\n<meta property=\"og:locale\" content=\"en_US\" \/>\n<meta property=\"og:type\" content=\"article\" \/>\n<meta property=\"og:title\" content=\"Self-employed digital kit: third call for proposals\" \/>\n<meta property=\"og:description\" content=\"Digital Kit for the self-employed, aimed at the self-employed with less than 3 workers. The maximum amount of aid will be 2,000 euros.\" \/>\n<meta property=\"og:url\" content=\"https:\/\/www.asesoriaorihuelacosta.com\/en\/self-employed-digital-kit-third-call-for-proposals\/\" \/>\n<meta property=\"og:site_name\" content=\"Asesor\u00eda Orihuela Costa\" \/>\n<meta property=\"article:publisher\" content=\"https:\/\/www.facebook.com\/asesoriaorihuelacosta\" \/>\n<meta property=\"article:author\" content=\"https:\/\/www.facebook.com\/patrick.gordinneperez\" \/>\n<meta property=\"article:published_time\" content=\"2022-11-28T22:19:05+00:00\" \/>\n<meta property=\"article:modified_time\" content=\"2022-11-30T12:31:00+00:00\" \/>\n<meta property=\"og:image\" content=\"https:\/\/www.asesoriaorihuelacosta.com\/wp-content\/uploads\/2022\/11\/kit-digital-autonomos.jpeg\" \/>\n\t<meta property=\"og:image:width\" content=\"1280\" \/>\n\t<meta property=\"og:image:height\" content=\"1024\" \/>\n\t<meta property=\"og:image:type\" content=\"image\/jpeg\" \/>\n<meta name=\"author\" content=\"Patrick Gordinne Perez\" \/>\n<meta name=\"twitter:card\" content=\"summary_large_image\" \/>\n<meta name=\"twitter:label1\" content=\"Written by\" \/>\n\t<meta name=\"twitter:data1\" content=\"Patrick Gordinne Perez\" \/>\n\t<meta name=\"twitter:label2\" content=\"Est. reading time\" \/>\n\t<meta name=\"twitter:data2\" content=\"4 minutes\" \/>\n<script type=\"application\/ld+json\" class=\"yoast-schema-graph\">{\"@context\":\"https:\\\/\\\/schema.org\",\"@graph\":[{\"@type\":\"Article\",\"@id\":\"https:\\\/\\\/www.asesoriaorihuelacosta.com\\\/en\\\/self-employed-digital-kit-third-call-for-proposals\\\/#article\",\"isPartOf\":{\"@id\":\"https:\\\/\\\/www.asesoriaorihuelacosta.com\\\/en\\\/self-employed-digital-kit-third-call-for-proposals\\\/\"},\"author\":{\"name\":\"Patrick Gordinne Perez\",\"@id\":\"https:\\\/\\\/www.asesoriaorihuelacosta.com\\\/en\\\/#\\\/schema\\\/person\\\/6614ce8cf6d2de542aaf351629fd539e\"},\"headline\":\"Self-employed digital kit: third call for proposals\",\"datePublished\":\"2022-11-28T22:19:05+00:00\",\"dateModified\":\"2022-11-30T12:31:00+00:00\",\"mainEntityOfPage\":{\"@id\":\"https:\\\/\\\/www.asesoriaorihuelacosta.com\\\/en\\\/self-employed-digital-kit-third-call-for-proposals\\\/\"},\"wordCount\":790,\"publisher\":{\"@id\":\"https:\\\/\\\/www.asesoriaorihuelacosta.com\\\/en\\\/#organization\"},\"image\":{\"@id\":\"https:\\\/\\\/www.asesoriaorihuelacosta.com\\\/en\\\/self-employed-digital-kit-third-call-for-proposals\\\/#primaryimage\"},\"thumbnailUrl\":\"https:\\\/\\\/www.asesoriaorihuelacosta.com\\\/wp-content\\\/uploads\\\/2022\\\/11\\\/kit-digital-autonomos.jpeg\",\"articleSection\":[\"Blog\"],\"inLanguage\":\"en-US\"},{\"@type\":\"WebPage\",\"@id\":\"https:\\\/\\\/www.asesoriaorihuelacosta.com\\\/en\\\/self-employed-digital-kit-third-call-for-proposals\\\/\",\"url\":\"https:\\\/\\\/www.asesoriaorihuelacosta.com\\\/en\\\/self-employed-digital-kit-third-call-for-proposals\\\/\",\"name\":\"Self-employed digital kit: third call for proposals - Asesor\u00eda Orihuela Costa\",\"isPartOf\":{\"@id\":\"https:\\\/\\\/www.asesoriaorihuelacosta.com\\\/en\\\/#website\"},\"primaryImageOfPage\":{\"@id\":\"https:\\\/\\\/www.asesoriaorihuelacosta.com\\\/en\\\/self-employed-digital-kit-third-call-for-proposals\\\/#primaryimage\"},\"image\":{\"@id\":\"https:\\\/\\\/www.asesoriaorihuelacosta.com\\\/en\\\/self-employed-digital-kit-third-call-for-proposals\\\/#primaryimage\"},\"thumbnailUrl\":\"https:\\\/\\\/www.asesoriaorihuelacosta.com\\\/wp-content\\\/uploads\\\/2022\\\/11\\\/kit-digital-autonomos.jpeg\",\"datePublished\":\"2022-11-28T22:19:05+00:00\",\"dateModified\":\"2022-11-30T12:31:00+00:00\",\"description\":\"Digital Kit for the self-employed, aimed at the self-employed with less than 3 workers. The maximum amount of aid will be 2,000 euros.\",\"breadcrumb\":{\"@id\":\"https:\\\/\\\/www.asesoriaorihuelacosta.com\\\/en\\\/self-employed-digital-kit-third-call-for-proposals\\\/#breadcrumb\"},\"inLanguage\":\"en-US\",\"potentialAction\":[{\"@type\":\"ReadAction\",\"target\":[\"https:\\\/\\\/www.asesoriaorihuelacosta.com\\\/en\\\/self-employed-digital-kit-third-call-for-proposals\\\/\"]}]},{\"@type\":\"ImageObject\",\"inLanguage\":\"en-US\",\"@id\":\"https:\\\/\\\/www.asesoriaorihuelacosta.com\\\/en\\\/self-employed-digital-kit-third-call-for-proposals\\\/#primaryimage\",\"url\":\"https:\\\/\\\/www.asesoriaorihuelacosta.com\\\/wp-content\\\/uploads\\\/2022\\\/11\\\/kit-digital-autonomos.jpeg\",\"contentUrl\":\"https:\\\/\\\/www.asesoriaorihuelacosta.com\\\/wp-content\\\/uploads\\\/2022\\\/11\\\/kit-digital-autonomos.jpeg\",\"width\":1280,\"height\":1024,\"caption\":\"kit digital autonomos\"},{\"@type\":\"BreadcrumbList\",\"@id\":\"https:\\\/\\\/www.asesoriaorihuelacosta.com\\\/en\\\/self-employed-digital-kit-third-call-for-proposals\\\/#breadcrumb\",\"itemListElement\":[{\"@type\":\"ListItem\",\"position\":1,\"name\":\"Home\",\"item\":\"https:\\\/\\\/www.asesoriaorihuelacosta.com\\\/en\\\/\"},{\"@type\":\"ListItem\",\"position\":2,\"name\":\"Self-employed digital kit: third call for proposals\"}]},{\"@type\":\"WebSite\",\"@id\":\"https:\\\/\\\/www.asesoriaorihuelacosta.com\\\/en\\\/#website\",\"url\":\"https:\\\/\\\/www.asesoriaorihuelacosta.com\\\/en\\\/\",\"name\":\"https:\\\/\\\/www.asesoriaorihuelacosta.com\\\/\",\"description\":\"Grupo de asesores profesionales\",\"publisher\":{\"@id\":\"https:\\\/\\\/www.asesoriaorihuelacosta.com\\\/en\\\/#organization\"},\"potentialAction\":[{\"@type\":\"SearchAction\",\"target\":{\"@type\":\"EntryPoint\",\"urlTemplate\":\"https:\\\/\\\/www.asesoriaorihuelacosta.com\\\/en\\\/?s={search_term_string}\"},\"query-input\":{\"@type\":\"PropertyValueSpecification\",\"valueRequired\":true,\"valueName\":\"search_term_string\"}}],\"inLanguage\":\"en-US\"},{\"@type\":\"Organization\",\"@id\":\"https:\\\/\\\/www.asesoriaorihuelacosta.com\\\/en\\\/#organization\",\"name\":\"Asesor\u00eda Orihuela Costa\",\"url\":\"https:\\\/\\\/www.asesoriaorihuelacosta.com\\\/en\\\/\",\"logo\":{\"@type\":\"ImageObject\",\"inLanguage\":\"en-US\",\"@id\":\"https:\\\/\\\/www.asesoriaorihuelacosta.com\\\/en\\\/#\\\/schema\\\/logo\\\/image\\\/\",\"url\":\"https:\\\/\\\/www.asesoriaorihuelacosta.com\\\/wp-content\\\/uploads\\\/2022\\\/06\\\/Logo-espa\u5bf8l-asesoriaorihuela.jpg\",\"contentUrl\":\"https:\\\/\\\/www.asesoriaorihuelacosta.com\\\/wp-content\\\/uploads\\\/2022\\\/06\\\/Logo-espa\u5bf8l-asesoriaorihuela.jpg\",\"width\":588,\"height\":136,\"caption\":\"Asesor\u00eda Orihuela Costa\"},\"image\":{\"@id\":\"https:\\\/\\\/www.asesoriaorihuelacosta.com\\\/en\\\/#\\\/schema\\\/logo\\\/image\\\/\"},\"sameAs\":[\"https:\\\/\\\/www.facebook.com\\\/asesoriaorihuelacosta\"]},{\"@type\":\"Person\",\"@id\":\"https:\\\/\\\/www.asesoriaorihuelacosta.com\\\/en\\\/#\\\/schema\\\/person\\\/6614ce8cf6d2de542aaf351629fd539e\",\"name\":\"Patrick Gordinne Perez\",\"description\":\"Soy economista colegiado por el colegio de economistas de Alicante con el n\u00famero 2722. Llevo ejerciendo desde el a\u00f1o 2005. Soy especialista en fiscalidad de empresas y aut\u00f3nomos y tambi\u00e9n especialista en gestionar compraventas. Hablo espa\u00f1ol, ingl\u00e9s y franc\u00e9s.\",\"sameAs\":[\"https:\\\/\\\/www.asesoriaorihuelacosta.com\",\"https:\\\/\\\/www.facebook.com\\\/patrick.gordinneperez\",\"https:\\\/\\\/www.linkedin.com\\\/in\\\/patrick-gordinne-perez-1b73aab3\\\/\",\"https:\\\/\\\/www.youtube.com\\\/channel\\\/UC5e95RJEVQlxCnhwDmGNVCw\"],\"gender\":\"Hombre\",\"knowsLanguage\":[\"ingl\u00e9s\",\"franc\u00e9s\",\"espa\u00f1ol\"],\"jobTitle\":\"Gerente\",\"worksFor\":\"Asesoria Orihuela Costa SL\"}]}<\/script>\n<!-- \/ Yoast SEO Premium plugin. -->","yoast_head_json":{"title":"Self-employed digital kit: third call for proposals - Asesor\u00eda Orihuela Costa","description":"Digital Kit for the self-employed, aimed at the self-employed with less than 3 workers. The maximum amount of aid will be 2,000 euros.","robots":{"index":"index","follow":"follow","max-snippet":"max-snippet:-1","max-image-preview":"max-image-preview:large","max-video-preview":"max-video-preview:-1"},"canonical":"https:\/\/www.asesoriaorihuelacosta.com\/en\/self-employed-digital-kit-third-call-for-proposals\/","og_locale":"en_US","og_type":"article","og_title":"Self-employed digital kit: third call for proposals","og_description":"Digital Kit for the self-employed, aimed at the self-employed with less than 3 workers. The maximum amount of aid will be 2,000 euros.","og_url":"https:\/\/www.asesoriaorihuelacosta.com\/en\/self-employed-digital-kit-third-call-for-proposals\/","og_site_name":"Asesor\u00eda Orihuela Costa","article_publisher":"https:\/\/www.facebook.com\/asesoriaorihuelacosta","article_author":"https:\/\/www.facebook.com\/patrick.gordinneperez","article_published_time":"2022-11-28T22:19:05+00:00","article_modified_time":"2022-11-30T12:31:00+00:00","og_image":[{"width":1280,"height":1024,"url":"https:\/\/www.asesoriaorihuelacosta.com\/wp-content\/uploads\/2022\/11\/kit-digital-autonomos.jpeg","type":"image\/jpeg"}],"author":"Patrick Gordinne Perez","twitter_card":"summary_large_image","twitter_misc":{"Written by":"Patrick Gordinne Perez","Est. reading time":"4 minutes"},"schema":{"@context":"https:\/\/schema.org","@graph":[{"@type":"Article","@id":"https:\/\/www.asesoriaorihuelacosta.com\/en\/self-employed-digital-kit-third-call-for-proposals\/#article","isPartOf":{"@id":"https:\/\/www.asesoriaorihuelacosta.com\/en\/self-employed-digital-kit-third-call-for-proposals\/"},"author":{"name":"Patrick Gordinne Perez","@id":"https:\/\/www.asesoriaorihuelacosta.com\/en\/#\/schema\/person\/6614ce8cf6d2de542aaf351629fd539e"},"headline":"Self-employed digital kit: third call for proposals","datePublished":"2022-11-28T22:19:05+00:00","dateModified":"2022-11-30T12:31:00+00:00","mainEntityOfPage":{"@id":"https:\/\/www.asesoriaorihuelacosta.com\/en\/self-employed-digital-kit-third-call-for-proposals\/"},"wordCount":790,"publisher":{"@id":"https:\/\/www.asesoriaorihuelacosta.com\/en\/#organization"},"image":{"@id":"https:\/\/www.asesoriaorihuelacosta.com\/en\/self-employed-digital-kit-third-call-for-proposals\/#primaryimage"},"thumbnailUrl":"https:\/\/www.asesoriaorihuelacosta.com\/wp-content\/uploads\/2022\/11\/kit-digital-autonomos.jpeg","articleSection":["Blog"],"inLanguage":"en-US"},{"@type":"WebPage","@id":"https:\/\/www.asesoriaorihuelacosta.com\/en\/self-employed-digital-kit-third-call-for-proposals\/","url":"https:\/\/www.asesoriaorihuelacosta.com\/en\/self-employed-digital-kit-third-call-for-proposals\/","name":"Self-employed digital kit: third call for proposals - Asesor\u00eda Orihuela Costa","isPartOf":{"@id":"https:\/\/www.asesoriaorihuelacosta.com\/en\/#website"},"primaryImageOfPage":{"@id":"https:\/\/www.asesoriaorihuelacosta.com\/en\/self-employed-digital-kit-third-call-for-proposals\/#primaryimage"},"image":{"@id":"https:\/\/www.asesoriaorihuelacosta.com\/en\/self-employed-digital-kit-third-call-for-proposals\/#primaryimage"},"thumbnailUrl":"https:\/\/www.asesoriaorihuelacosta.com\/wp-content\/uploads\/2022\/11\/kit-digital-autonomos.jpeg","datePublished":"2022-11-28T22:19:05+00:00","dateModified":"2022-11-30T12:31:00+00:00","description":"Digital Kit for the self-employed, aimed at the self-employed with less than 3 workers. The maximum amount of aid will be 2,000 euros.","breadcrumb":{"@id":"https:\/\/www.asesoriaorihuelacosta.com\/en\/self-employed-digital-kit-third-call-for-proposals\/#breadcrumb"},"inLanguage":"en-US","potentialAction":[{"@type":"ReadAction","target":["https:\/\/www.asesoriaorihuelacosta.com\/en\/self-employed-digital-kit-third-call-for-proposals\/"]}]},{"@type":"ImageObject","inLanguage":"en-US","@id":"https:\/\/www.asesoriaorihuelacosta.com\/en\/self-employed-digital-kit-third-call-for-proposals\/#primaryimage","url":"https:\/\/www.asesoriaorihuelacosta.com\/wp-content\/uploads\/2022\/11\/kit-digital-autonomos.jpeg","contentUrl":"https:\/\/www.asesoriaorihuelacosta.com\/wp-content\/uploads\/2022\/11\/kit-digital-autonomos.jpeg","width":1280,"height":1024,"caption":"kit digital autonomos"},{"@type":"BreadcrumbList","@id":"https:\/\/www.asesoriaorihuelacosta.com\/en\/self-employed-digital-kit-third-call-for-proposals\/#breadcrumb","itemListElement":[{"@type":"ListItem","position":1,"name":"Home","item":"https:\/\/www.asesoriaorihuelacosta.com\/en\/"},{"@type":"ListItem","position":2,"name":"Self-employed digital kit: third call for proposals"}]},{"@type":"WebSite","@id":"https:\/\/www.asesoriaorihuelacosta.com\/en\/#website","url":"https:\/\/www.asesoriaorihuelacosta.com\/en\/","name":"https:\/\/www.asesoriaorihuelacosta.com\/","description":"Grupo de asesores profesionales","publisher":{"@id":"https:\/\/www.asesoriaorihuelacosta.com\/en\/#organization"},"potentialAction":[{"@type":"SearchAction","target":{"@type":"EntryPoint","urlTemplate":"https:\/\/www.asesoriaorihuelacosta.com\/en\/?s={search_term_string}"},"query-input":{"@type":"PropertyValueSpecification","valueRequired":true,"valueName":"search_term_string"}}],"inLanguage":"en-US"},{"@type":"Organization","@id":"https:\/\/www.asesoriaorihuelacosta.com\/en\/#organization","name":"Asesor\u00eda Orihuela Costa","url":"https:\/\/www.asesoriaorihuelacosta.com\/en\/","logo":{"@type":"ImageObject","inLanguage":"en-US","@id":"https:\/\/www.asesoriaorihuelacosta.com\/en\/#\/schema\/logo\/image\/","url":"https:\/\/www.asesoriaorihuelacosta.com\/wp-content\/uploads\/2022\/06\/Logo-espa\u5bf8l-asesoriaorihuela.jpg","contentUrl":"https:\/\/www.asesoriaorihuelacosta.com\/wp-content\/uploads\/2022\/06\/Logo-espa\u5bf8l-asesoriaorihuela.jpg","width":588,"height":136,"caption":"Asesor\u00eda Orihuela Costa"},"image":{"@id":"https:\/\/www.asesoriaorihuelacosta.com\/en\/#\/schema\/logo\/image\/"},"sameAs":["https:\/\/www.facebook.com\/asesoriaorihuelacosta"]},{"@type":"Person","@id":"https:\/\/www.asesoriaorihuelacosta.com\/en\/#\/schema\/person\/6614ce8cf6d2de542aaf351629fd539e","name":"Patrick Gordinne Perez","description":"Soy economista colegiado por el colegio de economistas de Alicante con el n\u00famero 2722. Llevo ejerciendo desde el a\u00f1o 2005. Soy especialista en fiscalidad de empresas y aut\u00f3nomos y tambi\u00e9n especialista en gestionar compraventas. Hablo espa\u00f1ol, ingl\u00e9s y franc\u00e9s.","sameAs":["https:\/\/www.asesoriaorihuelacosta.com","https:\/\/www.facebook.com\/patrick.gordinneperez","https:\/\/www.linkedin.com\/in\/patrick-gordinne-perez-1b73aab3\/","https:\/\/www.youtube.com\/channel\/UC5e95RJEVQlxCnhwDmGNVCw"],"gender":"Hombre","knowsLanguage":["ingl\u00e9s","franc\u00e9s","espa\u00f1ol"],"jobTitle":"Gerente","worksFor":"Asesoria Orihuela Costa SL"}]}},"_links":{"self":[{"href":"https:\/\/www.asesoriaorihuelacosta.com\/en\/wp-json\/wp\/v2\/posts\/9507","targetHints":{"allow":["GET"]}}],"collection":[{"href":"https:\/\/www.asesoriaorihuelacosta.com\/en\/wp-json\/wp\/v2\/posts"}],"about":[{"href":"https:\/\/www.asesoriaorihuelacosta.com\/en\/wp-json\/wp\/v2\/types\/post"}],"author":[{"embeddable":true,"href":"https:\/\/www.asesoriaorihuelacosta.com\/en\/wp-json\/wp\/v2\/users\/2"}],"replies":[{"embeddable":true,"href":"https:\/\/www.asesoriaorihuelacosta.com\/en\/wp-json\/wp\/v2\/comments?post=9507"}],"version-history":[{"count":14,"href":"https:\/\/www.asesoriaorihuelacosta.com\/en\/wp-json\/wp\/v2\/posts\/9507\/revisions"}],"predecessor-version":[{"id":9522,"href":"https:\/\/www.asesoriaorihuelacosta.com\/en\/wp-json\/wp\/v2\/posts\/9507\/revisions\/9522"}],"wp:featuredmedia":[{"embeddable":true,"href":"https:\/\/www.asesoriaorihuelacosta.com\/en\/wp-json\/wp\/v2\/media\/9396"}],"wp:attachment":[{"href":"https:\/\/www.asesoriaorihuelacosta.com\/en\/wp-json\/wp\/v2\/media?parent=9507"}],"wp:term":[{"taxonomy":"category","embeddable":true,"href":"https:\/\/www.asesoriaorihuelacosta.com\/en\/wp-json\/wp\/v2\/categories?post=9507"},{"taxonomy":"post_tag","embeddable":true,"href":"https:\/\/www.asesoriaorihuelacosta.com\/en\/wp-json\/wp\/v2\/tags?post=9507"}],"curies":[{"name":"wp","href":"https:\/\/api.w.org\/{rel}","templated":true}]}}