{"id":9272,"date":"2022-11-09T12:14:34","date_gmt":"2022-11-09T12:14:34","guid":{"rendered":"https:\/\/www.asesoriaorihuelacosta.com\/?p=9272"},"modified":"2024-12-11T17:46:15","modified_gmt":"2024-12-11T17:46:15","slug":"what-can-i-deduct-from-my-income-tax-if-i-install-solar-panels-on-my-house","status":"publish","type":"post","link":"https:\/\/www.asesoriaorihuelacosta.com\/en\/what-can-i-deduct-from-my-income-tax-if-i-install-solar-panels-on-my-house\/","title":{"rendered":"What can I deduct from my income tax if I install solar panels on my house?"},"content":{"rendered":"\t\t<div data-elementor-type=\"wp-post\" data-elementor-id=\"9272\" class=\"elementor elementor-9272\" data-elementor-post-type=\"post\">\n\t\t\t\t\t\t<section data-particle_enable=\"false\" data-particle-mobile-disabled=\"false\" class=\"elementor-section elementor-top-section elementor-element elementor-element-5ea354a0 elementor-section-boxed elementor-section-height-default elementor-section-height-default\" data-id=\"5ea354a0\" data-element_type=\"section\" data-e-type=\"section\">\r\n\t\t\r\n\t\t\t\t\t\t\t<div class=\"elementor-container elementor-column-gap-default\">\r\n\t\t\t\t\t\t\t\t\t\t\t<div class=\"elementor-column elementor-col-100 elementor-top-column elementor-element elementor-element-6af36ded\" data-id=\"6af36ded\" data-element_type=\"column\" data-e-type=\"column\">\r\n\t\t\t\t\t<div class=\"elementor-widget-wrap elementor-element-populated\">\r\n\t\t\t\t\t\t\t\t<div class=\"elementor-element elementor-element-5b83f324 elementor-widget elementor-widget-text-editor\" data-id=\"5b83f324\" data-element_type=\"widget\" data-e-type=\"widget\" data-widget_type=\"text-editor.default\">\n\t\t\t\t<div class=\"elementor-widget-container\">\n\t\t\t\t\t\t\t\t\t\n<p><\/p>\n\n\n\n<p><\/p>\n\n\n\n<p><\/p>\n\t\t\t\t\t\t\t\t<\/div>\n\t\t\t\t<\/div>\n\t\t\t\t\t<\/div>\r\n\t\t\t\t<\/div>\r\n\t\t\t\t\t<\/div>\r\n\t\t\t\t<\/section>\r\n\t\t\t\t<section data-particle_enable=\"false\" data-particle-mobile-disabled=\"false\" class=\"elementor-section elementor-top-section elementor-element elementor-element-eaebde6 elementor-section-boxed elementor-section-height-default elementor-section-height-default\" data-id=\"eaebde6\" data-element_type=\"section\" data-e-type=\"section\">\r\n\t\t\r\n\t\t\t\t\t\t\t<div class=\"elementor-container elementor-column-gap-default\">\r\n\t\t\t\t\t\t\t\t\t\t\t<div class=\"elementor-column elementor-col-100 elementor-top-column elementor-element elementor-element-35d5857\" data-id=\"35d5857\" data-element_type=\"column\" data-e-type=\"column\">\r\n\t\t\t\t\t<div class=\"elementor-widget-wrap elementor-element-populated\">\r\n\t\t\t\t\t\t\t\t\t<\/div>\r\n\t\t\t\t<\/div>\r\n\t\t\t\t\t<\/div>\r\n\t\t\t\t<\/section>\r\n\t\t\t\t<section data-particle_enable=\"false\" data-particle-mobile-disabled=\"false\" class=\"elementor-section elementor-top-section elementor-element elementor-element-0eb8d11 elementor-section-boxed elementor-section-height-default elementor-section-height-default\" data-id=\"0eb8d11\" data-element_type=\"section\" data-e-type=\"section\">\r\n\t\t\r\n\t\t\t\t\t\t\t<div class=\"elementor-container elementor-column-gap-default\">\r\n\t\t\t\t\t\t\t\t\t\t\t<div class=\"elementor-column elementor-col-100 elementor-top-column elementor-element elementor-element-f2e0b61\" data-id=\"f2e0b61\" data-element_type=\"column\" data-e-type=\"column\">\r\n\t\t\t\t\t<div class=\"elementor-widget-wrap elementor-element-populated\">\r\n\t\t\t\t\t\t\t\t<div class=\"elementor-element elementor-element-7b9857a elementor-widget elementor-widget-text-editor\" data-id=\"7b9857a\" data-element_type=\"widget\" data-e-type=\"widget\" data-widget_type=\"text-editor.default\">\n\t\t\t\t<div class=\"elementor-widget-container\">\n\t\t\t\t\t\t\t\t\t<h2>The Valencian Community has established deductions for people who invest in solar energy.<\/h2>\n<p>\u00a0<\/p>\n<p style=\"text-align: justify;\">How much are the personal income tax deductions for installing solar panels in the Valencian Community, how do you apply for the deduction, and what documentation is required? <strong>If you are a regular resident of the Valencian Community<\/strong>, this is of interest to you.\u00a0<strong>Here we explain it to you.<\/strong><\/p>\n<p style=\"text-align: justify;\">The time has come to switch to solar energy. We already have an increasingly favourable regulatory context for photovoltaic self-consumption. We can also see that more and more autonomous communities are committed to promoting solar energy through grants and subsidies for installing solar panels. And to this, we must add the municipalities that are facilitating the energy transition through rebates on IBI and ICIO.<\/p>\n<p style=\"text-align: justify;\">However, there are autonomous communities that go a step further in promoting the energy transition. We are talking about the Valencian Community, which since January this year, has allowed taxpayers to deduct 40% of the amount invested in installing solar panels in their principal residence or in collective installations in the building where it is located.<\/p>\n<h3 style=\"text-align: justify;\">Which photovoltaic installations can be deducted from the IRPF?<\/h3>\n<p style=\"text-align: justify;\">All those self-consumption installations are carried out in your principal residence or in collective installations of the building where you live.<\/p>\n<h3 style=\"text-align: justify;\">But what is a principal residence?\u00a0<\/h3>\n<p style=\"text-align: justify;\">A principal residence is a home where you have lived for <strong>more than 3 years<\/strong> and where you are registered as a resident in the town hall ( el Padron).<\/p>\n<p style=\"text-align: justify;\">Photovoltaic installations cannot be linked to the exercise of economic activity. Nor can those installations that are of an obligatory nature be eligible for the deduction.<\/p>\n<p style=\"text-align: justify;\">Specifically, the purposes for which the installations must be used in order to qualify for the deductions are as follows:<\/p>\n<ol>\n<li style=\"text-align: justify;\"><strong>Installations for self-consumption of electrical energy<\/strong> (self-consumption electrical energy supply modality).<\/li>\n<li style=\"text-align: justify;\"><strong>Installations for the production of thermal energy<\/strong> from solar energy, biomass or geothermal energy for the generation of domestic hot water, heating and\/or air conditioning.<\/li>\n<li style=\"text-align: justify;\"><strong>Installations for the production of electrical energy<\/strong> from solar photovoltaic and\/or wind energy for the electrification of dwellings isolated from the electricity grid. This, provided that connection to the grid is technically, environmentally and\/or economically unfeasible.<\/li>\n<\/ol>\n<h2 style=\"text-align: justify;\"><br \/>Who can claim the deduction?<\/h2>\n<p style=\"text-align: justify;\">Any taxpayer who installs self-consumption or use of renewable energies in their principal residence in the Valencian Community and who meets the established requirements.<\/p>\n<p style=\"text-align: justify;\">\u00a0<\/p>\n<h2 style=\"text-align: justify;\">What requirements must I meet?<\/h2>\n<p style=\"text-align: justify;\">To access these deductions, you must meet the following requirements:<\/p>\n<ul>\n<li style=\"text-align: justify;\">That it is a <strong>habitual residence<\/strong>, as indicated in the state regulations governing Personal Income Tax, owned by the taxpayers themselves who are claiming the deduction.<\/li>\n<li style=\"text-align: justify;\">For shared installations with legal coverage, in groups of dwellings under the horizontal property regime, the deduction may be applied to each owner individually, according to the coefficient of participation that corresponds to them and complying with the requirements.<\/li>\n<li style=\"text-align: justify;\">In order for you to be able to deduct, <strong>you need the prior recognition of the competent, autonomous administration. In this case, it is the Valencian Institute for Business Competitiveness (IVACE)<\/strong>, which is responsible for issuing the corresponding accreditation certificate.<\/li>\n<li style=\"text-align: justify;\">Finally, the installations must be carried out <strong>by installation companies that meet the regulatory requirements.<\/strong><\/li>\n<\/ul>\n<h2 style=\"text-align: justify;\"><br \/>How much can I deduct?<\/h2>\n<p style=\"text-align: justify;\">You will be able to deduct 40% of what you invest in the aforementioned installations in your principal residence.<\/p>\n<p style=\"text-align: justify;\">You can also deduct 20% if you install solar panels in your second home, as long as it is not linked to any economic activity.<\/p>\n<p style=\"text-align: justify;\">However, this deduction has a <strong>maximum annual base of 8,000 euros<\/strong>. And if you receive a public subsidy for your photovoltaic installation, the amount subsidised will not be eligible for deduction.<\/p>\n<p style=\"text-align: justify;\">Importantly, this limit applies per home and year for all taxpayers living in the same home.<\/p>\n<p style=\"text-align: justify;\">And in the event that you request financing from a bank, the capital amortisation of each year will be considered as part of the deduction. What you will not be able to include is the interest charged by the bank.<\/p>\n<p style=\"text-align: justify;\"><strong>IMPORTANT:<\/strong> The aid is a deduction;<strong> it is not a direct aid that gives money; that<\/strong>\u00a0is to say, they do not give you 8.000 \u20ac, but it is money that you are allowed to deduct from the taxable base of your income. \u00a0<\/p>\n<h2 style=\"text-align: justify;\">When can I claim the deduction?<\/h2>\n<p style=\"text-align: justify;\">When you have made the investment, <strong>from 1 July 2022<\/strong>, at any time of the year, you can apply for the accreditation certificate.<\/p>\n<h2 style=\"text-align: justify;\">Where do I apply for it?<\/h2>\n<p style=\"text-align: justify;\">You can download the standard application form from <strong><a href=\"https:\/\/www.ivace.es\/index.php\/es\/\" target=\"_blank\" rel=\"noopener\">the IVACE website.<\/a><\/strong><\/p>\n<p style=\"text-align: justify;\">You can apply in person at the IVACE headquarters or in the forms provided in the Common Administrative Procedure of Public Administrations.<\/p>\n<p style=\"text-align: justify;\">You can also submit the application at the IVACE electronic registry.<\/p>\n<h2 style=\"text-align: justify;\">What documentation must I provide?<\/h2>\n<p style=\"text-align: justify;\">In addition to the application, you must provide documentation typical to all applicants, as well as other specific documentation according to the typology of the installation.<\/p>\n<p style=\"text-align: justify;\"><strong>For all applicants<\/strong><\/p>\n<p style=\"text-align: justify;\"><br \/>Invoices for the installation refer to the applicant.<br \/>Proof of payment (by card, transfer, cheque or deposit), referring to the applicant.<\/p>\n<p style=\"text-align: justify;\"><br \/>Photographs of the installation and of each element of which it is composed.<\/p>\n<p style=\"text-align: justify;\"><br \/>Cadastral record of the property, either through the Electronic Headquarters of the Cadastre or by providing the cadastral reference.<\/p>\n<p style=\"text-align: justify;\"><br \/>Certificate of habitability, municipal certificate or equivalent for dwellings built on non-urban land (both developable and non-developable).<\/p>\n<p style=\"text-align: justify;\"><br \/>For collective installations, the declaration of the administrator or president with the list of owners who have participated in the investment and their percentage of participation.<\/p>\n<p style=\"text-align: justify;\"><br \/>For buildings constructed after 2006, a copy of the building permits application or any other document that accredits the date of construction of the building or that the building is outside the scope of application of the Technical Building Code (CTE).<br \/>When an obligatory installation exceeds the requirement, an explanatory document signed by a competent technician or installation company compares the installation carried out with the minimum required for compliance with the CTE, both in technical and economic terms and justifies the overinvestment incurred.<\/p>\n<h3 style=\"text-align: justify;\"><br \/>For each type of installation<\/h3>\n<p style=\"text-align: justify;\"><strong>For self-consumption installations.<\/strong><\/p>\n<ul>\n<li style=\"text-align: justify;\">Certificate of the individual installation issued by the autonomous administration.<\/li>\n<li style=\"text-align: justify;\">Technical data sheet or characteristics sheet from the manufacturer of the leading equipment.<\/li>\n<\/ul>\n<p style=\"text-align: justify;\"><strong>Thermal energy production installations.<\/strong><\/p>\n<ul>\n<li style=\"text-align: justify;\">For all energy sources: Technical data sheet or characteristics sheet from the leading equipment manufacturer.<\/li>\n<li style=\"text-align: justify;\">For thermal solar energy installations: copy of the certification resolution of the collector or prefabricated solar system used in a current state; or indicate on the application form the certification password of the equipment for subsequent verification by the IVACE.<\/li>\n<\/ul>\n<p style=\"text-align: justify;\"><strong>Installations for the production of electrical energy isolated from the grid.<\/strong><\/p>\n<ul>\n<li style=\"text-align: justify;\">Certificate of the individual installation issued by the autonomous administration.<br \/>Accreditation of the non-viability of connection to the electricity grid, based on the notification from the electricity distribution company where the conditions for the connection of the supply are established.<\/li>\n<li style=\"text-align: justify;\">Technical data sheet or characteristics sheet from the manufacturer of the leading equipment.<\/li>\n<\/ul>\t\t\t\t\t\t\t\t<\/div>\n\t\t\t\t<\/div>\n\t\t\t\t\t<\/div>\r\n\t\t\t\t<\/div>\r\n\t\t\t\t\t<\/div>\r\n\t\t\t\t<\/section>\r\n\t\t\t\t<\/div>\n\t\t","protected":false},"excerpt":{"rendered":"<p>The Valencian Community has established deductions for people who invest in solar energy. \u00a0 How much are the personal income tax deductions for installing solar panels in the Valencian Community, how do you apply for the deduction, and what documentation is required? If you are a regular resident of the Valencian Community, this is of [&hellip;]<\/p>\n","protected":false},"author":2,"featured_media":9238,"comment_status":"closed","ping_status":"closed","sticky":false,"template":"","format":"standard","meta":{"_eb_attr":"","inline_featured_image":false,"footnotes":""},"categories":[1],"tags":[],"class_list":["post-9272","post","type-post","status-publish","format-standard","has-post-thumbnail","hentry","category-blog"],"featured_image_src":{"landsacpe":["https:\/\/www.asesoriaorihuelacosta.com\/wp-content\/uploads\/2022\/11\/Blue-Modern-Climate-Action-Solar-Panels-Instagram-Post-Poster-1140x445.png",1140,445,true],"list":["https:\/\/www.asesoriaorihuelacosta.com\/wp-content\/uploads\/2022\/11\/Blue-Modern-Climate-Action-Solar-Panels-Instagram-Post-Poster-463x348.png",463,348,true],"medium":["https:\/\/www.asesoriaorihuelacosta.com\/wp-content\/uploads\/2022\/11\/Blue-Modern-Climate-Action-Solar-Panels-Instagram-Post-Poster-212x300.png",212,300,true],"full":["https:\/\/www.asesoriaorihuelacosta.com\/wp-content\/uploads\/2022\/11\/Blue-Modern-Climate-Action-Solar-Panels-Instagram-Post-Poster.png",1587,2245,false]},"yoast_head":"<!-- This site is optimized with the Yoast SEO Premium plugin v24.7 (Yoast SEO v27.4) - https:\/\/yoast.com\/product\/yoast-seo-premium-wordpress\/ -->\n<title>What can I deduct from my income tax if I install solar panels? - Asesor\u00eda Orihuela Costa<\/title>\n<meta name=\"description\" content=\"How much are the personal income tax deductions for installing solar panels in the Valencian Community? How do I apply for the deduction?\" \/>\n<meta name=\"robots\" content=\"index, follow, max-snippet:-1, max-image-preview:large, max-video-preview:-1\" \/>\n<link rel=\"canonical\" href=\"https:\/\/www.asesoriaorihuelacosta.com\/en\/what-can-i-deduct-from-my-income-tax-if-i-install-solar-panels-on-my-house\/\" \/>\n<meta property=\"og:locale\" content=\"en_US\" \/>\n<meta property=\"og:type\" content=\"article\" \/>\n<meta property=\"og:title\" content=\"What can I deduct from my income tax if I install solar panels on my house?\" \/>\n<meta property=\"og:description\" content=\"How much are the personal income tax deductions for installing solar panels in the Valencian Community? How do I apply for the deduction?\" \/>\n<meta property=\"og:url\" content=\"https:\/\/www.asesoriaorihuelacosta.com\/en\/what-can-i-deduct-from-my-income-tax-if-i-install-solar-panels-on-my-house\/\" \/>\n<meta property=\"og:site_name\" content=\"Asesor\u00eda Orihuela Costa\" \/>\n<meta property=\"article:publisher\" content=\"https:\/\/www.facebook.com\/asesoriaorihuelacosta\" \/>\n<meta property=\"article:author\" content=\"https:\/\/www.facebook.com\/patrick.gordinneperez\" \/>\n<meta property=\"article:published_time\" content=\"2022-11-09T12:14:34+00:00\" \/>\n<meta property=\"article:modified_time\" content=\"2024-12-11T17:46:15+00:00\" \/>\n<meta property=\"og:image\" content=\"https:\/\/www.asesoriaorihuelacosta.com\/wp-content\/uploads\/2022\/11\/Blue-Modern-Climate-Action-Solar-Panels-Instagram-Post-Poster-724x1024.png\" \/>\n\t<meta property=\"og:image:width\" content=\"724\" \/>\n\t<meta property=\"og:image:height\" content=\"1024\" \/>\n\t<meta property=\"og:image:type\" content=\"image\/png\" \/>\n<meta name=\"author\" content=\"Patrick Gordinne Perez\" \/>\n<meta name=\"twitter:card\" content=\"summary_large_image\" \/>\n<meta name=\"twitter:label1\" content=\"Written by\" \/>\n\t<meta name=\"twitter:data1\" content=\"Patrick Gordinne Perez\" \/>\n\t<meta name=\"twitter:label2\" content=\"Est. reading time\" \/>\n\t<meta name=\"twitter:data2\" content=\"6 minutes\" \/>\n<script type=\"application\/ld+json\" class=\"yoast-schema-graph\">{\"@context\":\"https:\\\/\\\/schema.org\",\"@graph\":[{\"@type\":\"Article\",\"@id\":\"https:\\\/\\\/www.asesoriaorihuelacosta.com\\\/en\\\/what-can-i-deduct-from-my-income-tax-if-i-install-solar-panels-on-my-house\\\/#article\",\"isPartOf\":{\"@id\":\"https:\\\/\\\/www.asesoriaorihuelacosta.com\\\/en\\\/what-can-i-deduct-from-my-income-tax-if-i-install-solar-panels-on-my-house\\\/\"},\"author\":{\"name\":\"Patrick Gordinne Perez\",\"@id\":\"https:\\\/\\\/www.asesoriaorihuelacosta.com\\\/en\\\/#\\\/schema\\\/person\\\/6614ce8cf6d2de542aaf351629fd539e\"},\"headline\":\"What can I deduct from my income tax if I install solar panels on my house?\",\"datePublished\":\"2022-11-09T12:14:34+00:00\",\"dateModified\":\"2024-12-11T17:46:15+00:00\",\"mainEntityOfPage\":{\"@id\":\"https:\\\/\\\/www.asesoriaorihuelacosta.com\\\/en\\\/what-can-i-deduct-from-my-income-tax-if-i-install-solar-panels-on-my-house\\\/\"},\"wordCount\":1165,\"publisher\":{\"@id\":\"https:\\\/\\\/www.asesoriaorihuelacosta.com\\\/en\\\/#organization\"},\"image\":{\"@id\":\"https:\\\/\\\/www.asesoriaorihuelacosta.com\\\/en\\\/what-can-i-deduct-from-my-income-tax-if-i-install-solar-panels-on-my-house\\\/#primaryimage\"},\"thumbnailUrl\":\"https:\\\/\\\/www.asesoriaorihuelacosta.com\\\/wp-content\\\/uploads\\\/2022\\\/11\\\/Blue-Modern-Climate-Action-Solar-Panels-Instagram-Post-Poster.png\",\"articleSection\":[\"Blog\"],\"inLanguage\":\"en-US\"},{\"@type\":\"WebPage\",\"@id\":\"https:\\\/\\\/www.asesoriaorihuelacosta.com\\\/en\\\/what-can-i-deduct-from-my-income-tax-if-i-install-solar-panels-on-my-house\\\/\",\"url\":\"https:\\\/\\\/www.asesoriaorihuelacosta.com\\\/en\\\/what-can-i-deduct-from-my-income-tax-if-i-install-solar-panels-on-my-house\\\/\",\"name\":\"What can I deduct from my income tax if I install solar panels? - Asesor\u00eda Orihuela Costa\",\"isPartOf\":{\"@id\":\"https:\\\/\\\/www.asesoriaorihuelacosta.com\\\/en\\\/#website\"},\"primaryImageOfPage\":{\"@id\":\"https:\\\/\\\/www.asesoriaorihuelacosta.com\\\/en\\\/what-can-i-deduct-from-my-income-tax-if-i-install-solar-panels-on-my-house\\\/#primaryimage\"},\"image\":{\"@id\":\"https:\\\/\\\/www.asesoriaorihuelacosta.com\\\/en\\\/what-can-i-deduct-from-my-income-tax-if-i-install-solar-panels-on-my-house\\\/#primaryimage\"},\"thumbnailUrl\":\"https:\\\/\\\/www.asesoriaorihuelacosta.com\\\/wp-content\\\/uploads\\\/2022\\\/11\\\/Blue-Modern-Climate-Action-Solar-Panels-Instagram-Post-Poster.png\",\"datePublished\":\"2022-11-09T12:14:34+00:00\",\"dateModified\":\"2024-12-11T17:46:15+00:00\",\"description\":\"How much are the personal income tax deductions for installing solar panels in the Valencian Community? How do I apply for the deduction?\",\"breadcrumb\":{\"@id\":\"https:\\\/\\\/www.asesoriaorihuelacosta.com\\\/en\\\/what-can-i-deduct-from-my-income-tax-if-i-install-solar-panels-on-my-house\\\/#breadcrumb\"},\"inLanguage\":\"en-US\",\"potentialAction\":[{\"@type\":\"ReadAction\",\"target\":[\"https:\\\/\\\/www.asesoriaorihuelacosta.com\\\/en\\\/what-can-i-deduct-from-my-income-tax-if-i-install-solar-panels-on-my-house\\\/\"]}]},{\"@type\":\"ImageObject\",\"inLanguage\":\"en-US\",\"@id\":\"https:\\\/\\\/www.asesoriaorihuelacosta.com\\\/en\\\/what-can-i-deduct-from-my-income-tax-if-i-install-solar-panels-on-my-house\\\/#primaryimage\",\"url\":\"https:\\\/\\\/www.asesoriaorihuelacosta.com\\\/wp-content\\\/uploads\\\/2022\\\/11\\\/Blue-Modern-Climate-Action-Solar-Panels-Instagram-Post-Poster.png\",\"contentUrl\":\"https:\\\/\\\/www.asesoriaorihuelacosta.com\\\/wp-content\\\/uploads\\\/2022\\\/11\\\/Blue-Modern-Climate-Action-Solar-Panels-Instagram-Post-Poster.png\",\"width\":1587,\"height\":2245,\"caption\":\"deducci\u00f3n irpf\"},{\"@type\":\"BreadcrumbList\",\"@id\":\"https:\\\/\\\/www.asesoriaorihuelacosta.com\\\/en\\\/what-can-i-deduct-from-my-income-tax-if-i-install-solar-panels-on-my-house\\\/#breadcrumb\",\"itemListElement\":[{\"@type\":\"ListItem\",\"position\":1,\"name\":\"Home\",\"item\":\"https:\\\/\\\/www.asesoriaorihuelacosta.com\\\/en\\\/\"},{\"@type\":\"ListItem\",\"position\":2,\"name\":\"What can I deduct from my income tax if I install solar panels on my house?\"}]},{\"@type\":\"WebSite\",\"@id\":\"https:\\\/\\\/www.asesoriaorihuelacosta.com\\\/en\\\/#website\",\"url\":\"https:\\\/\\\/www.asesoriaorihuelacosta.com\\\/en\\\/\",\"name\":\"https:\\\/\\\/www.asesoriaorihuelacosta.com\\\/\",\"description\":\"Grupo de asesores profesionales\",\"publisher\":{\"@id\":\"https:\\\/\\\/www.asesoriaorihuelacosta.com\\\/en\\\/#organization\"},\"potentialAction\":[{\"@type\":\"SearchAction\",\"target\":{\"@type\":\"EntryPoint\",\"urlTemplate\":\"https:\\\/\\\/www.asesoriaorihuelacosta.com\\\/en\\\/?s={search_term_string}\"},\"query-input\":{\"@type\":\"PropertyValueSpecification\",\"valueRequired\":true,\"valueName\":\"search_term_string\"}}],\"inLanguage\":\"en-US\"},{\"@type\":\"Organization\",\"@id\":\"https:\\\/\\\/www.asesoriaorihuelacosta.com\\\/en\\\/#organization\",\"name\":\"Asesor\u00eda Orihuela Costa\",\"url\":\"https:\\\/\\\/www.asesoriaorihuelacosta.com\\\/en\\\/\",\"logo\":{\"@type\":\"ImageObject\",\"inLanguage\":\"en-US\",\"@id\":\"https:\\\/\\\/www.asesoriaorihuelacosta.com\\\/en\\\/#\\\/schema\\\/logo\\\/image\\\/\",\"url\":\"https:\\\/\\\/www.asesoriaorihuelacosta.com\\\/wp-content\\\/uploads\\\/2022\\\/06\\\/Logo-espa\u5bf8l-asesoriaorihuela.jpg\",\"contentUrl\":\"https:\\\/\\\/www.asesoriaorihuelacosta.com\\\/wp-content\\\/uploads\\\/2022\\\/06\\\/Logo-espa\u5bf8l-asesoriaorihuela.jpg\",\"width\":588,\"height\":136,\"caption\":\"Asesor\u00eda Orihuela Costa\"},\"image\":{\"@id\":\"https:\\\/\\\/www.asesoriaorihuelacosta.com\\\/en\\\/#\\\/schema\\\/logo\\\/image\\\/\"},\"sameAs\":[\"https:\\\/\\\/www.facebook.com\\\/asesoriaorihuelacosta\"]},{\"@type\":\"Person\",\"@id\":\"https:\\\/\\\/www.asesoriaorihuelacosta.com\\\/en\\\/#\\\/schema\\\/person\\\/6614ce8cf6d2de542aaf351629fd539e\",\"name\":\"Patrick Gordinne Perez\",\"description\":\"Soy economista colegiado por el colegio de economistas de Alicante con el n\u00famero 2722. Llevo ejerciendo desde el a\u00f1o 2005. Soy especialista en fiscalidad de empresas y aut\u00f3nomos y tambi\u00e9n especialista en gestionar compraventas. Hablo espa\u00f1ol, ingl\u00e9s y franc\u00e9s.\",\"sameAs\":[\"https:\\\/\\\/www.asesoriaorihuelacosta.com\",\"https:\\\/\\\/www.facebook.com\\\/patrick.gordinneperez\",\"https:\\\/\\\/www.linkedin.com\\\/in\\\/patrick-gordinne-perez-1b73aab3\\\/\",\"https:\\\/\\\/www.youtube.com\\\/channel\\\/UC5e95RJEVQlxCnhwDmGNVCw\"],\"gender\":\"Hombre\",\"knowsLanguage\":[\"ingl\u00e9s\",\"franc\u00e9s\",\"espa\u00f1ol\"],\"jobTitle\":\"Gerente\",\"worksFor\":\"Asesoria Orihuela Costa SL\"}]}<\/script>\n<!-- \/ Yoast SEO Premium plugin. -->","yoast_head_json":{"title":"What can I deduct from my income tax if I install solar panels? - Asesor\u00eda Orihuela Costa","description":"How much are the personal income tax deductions for installing solar panels in the Valencian Community? How do I apply for the deduction?","robots":{"index":"index","follow":"follow","max-snippet":"max-snippet:-1","max-image-preview":"max-image-preview:large","max-video-preview":"max-video-preview:-1"},"canonical":"https:\/\/www.asesoriaorihuelacosta.com\/en\/what-can-i-deduct-from-my-income-tax-if-i-install-solar-panels-on-my-house\/","og_locale":"en_US","og_type":"article","og_title":"What can I deduct from my income tax if I install solar panels on my house?","og_description":"How much are the personal income tax deductions for installing solar panels in the Valencian Community? How do I apply for the deduction?","og_url":"https:\/\/www.asesoriaorihuelacosta.com\/en\/what-can-i-deduct-from-my-income-tax-if-i-install-solar-panels-on-my-house\/","og_site_name":"Asesor\u00eda Orihuela Costa","article_publisher":"https:\/\/www.facebook.com\/asesoriaorihuelacosta","article_author":"https:\/\/www.facebook.com\/patrick.gordinneperez","article_published_time":"2022-11-09T12:14:34+00:00","article_modified_time":"2024-12-11T17:46:15+00:00","og_image":[{"width":724,"height":1024,"url":"https:\/\/www.asesoriaorihuelacosta.com\/wp-content\/uploads\/2022\/11\/Blue-Modern-Climate-Action-Solar-Panels-Instagram-Post-Poster-724x1024.png","type":"image\/png"}],"author":"Patrick Gordinne Perez","twitter_card":"summary_large_image","twitter_misc":{"Written by":"Patrick Gordinne Perez","Est. reading time":"6 minutes"},"schema":{"@context":"https:\/\/schema.org","@graph":[{"@type":"Article","@id":"https:\/\/www.asesoriaorihuelacosta.com\/en\/what-can-i-deduct-from-my-income-tax-if-i-install-solar-panels-on-my-house\/#article","isPartOf":{"@id":"https:\/\/www.asesoriaorihuelacosta.com\/en\/what-can-i-deduct-from-my-income-tax-if-i-install-solar-panels-on-my-house\/"},"author":{"name":"Patrick Gordinne Perez","@id":"https:\/\/www.asesoriaorihuelacosta.com\/en\/#\/schema\/person\/6614ce8cf6d2de542aaf351629fd539e"},"headline":"What can I deduct from my income tax if I install solar panels on my house?","datePublished":"2022-11-09T12:14:34+00:00","dateModified":"2024-12-11T17:46:15+00:00","mainEntityOfPage":{"@id":"https:\/\/www.asesoriaorihuelacosta.com\/en\/what-can-i-deduct-from-my-income-tax-if-i-install-solar-panels-on-my-house\/"},"wordCount":1165,"publisher":{"@id":"https:\/\/www.asesoriaorihuelacosta.com\/en\/#organization"},"image":{"@id":"https:\/\/www.asesoriaorihuelacosta.com\/en\/what-can-i-deduct-from-my-income-tax-if-i-install-solar-panels-on-my-house\/#primaryimage"},"thumbnailUrl":"https:\/\/www.asesoriaorihuelacosta.com\/wp-content\/uploads\/2022\/11\/Blue-Modern-Climate-Action-Solar-Panels-Instagram-Post-Poster.png","articleSection":["Blog"],"inLanguage":"en-US"},{"@type":"WebPage","@id":"https:\/\/www.asesoriaorihuelacosta.com\/en\/what-can-i-deduct-from-my-income-tax-if-i-install-solar-panels-on-my-house\/","url":"https:\/\/www.asesoriaorihuelacosta.com\/en\/what-can-i-deduct-from-my-income-tax-if-i-install-solar-panels-on-my-house\/","name":"What can I deduct from my income tax if I install solar panels? - Asesor\u00eda Orihuela Costa","isPartOf":{"@id":"https:\/\/www.asesoriaorihuelacosta.com\/en\/#website"},"primaryImageOfPage":{"@id":"https:\/\/www.asesoriaorihuelacosta.com\/en\/what-can-i-deduct-from-my-income-tax-if-i-install-solar-panels-on-my-house\/#primaryimage"},"image":{"@id":"https:\/\/www.asesoriaorihuelacosta.com\/en\/what-can-i-deduct-from-my-income-tax-if-i-install-solar-panels-on-my-house\/#primaryimage"},"thumbnailUrl":"https:\/\/www.asesoriaorihuelacosta.com\/wp-content\/uploads\/2022\/11\/Blue-Modern-Climate-Action-Solar-Panels-Instagram-Post-Poster.png","datePublished":"2022-11-09T12:14:34+00:00","dateModified":"2024-12-11T17:46:15+00:00","description":"How much are the personal income tax deductions for installing solar panels in the Valencian Community? How do I apply for the deduction?","breadcrumb":{"@id":"https:\/\/www.asesoriaorihuelacosta.com\/en\/what-can-i-deduct-from-my-income-tax-if-i-install-solar-panels-on-my-house\/#breadcrumb"},"inLanguage":"en-US","potentialAction":[{"@type":"ReadAction","target":["https:\/\/www.asesoriaorihuelacosta.com\/en\/what-can-i-deduct-from-my-income-tax-if-i-install-solar-panels-on-my-house\/"]}]},{"@type":"ImageObject","inLanguage":"en-US","@id":"https:\/\/www.asesoriaorihuelacosta.com\/en\/what-can-i-deduct-from-my-income-tax-if-i-install-solar-panels-on-my-house\/#primaryimage","url":"https:\/\/www.asesoriaorihuelacosta.com\/wp-content\/uploads\/2022\/11\/Blue-Modern-Climate-Action-Solar-Panels-Instagram-Post-Poster.png","contentUrl":"https:\/\/www.asesoriaorihuelacosta.com\/wp-content\/uploads\/2022\/11\/Blue-Modern-Climate-Action-Solar-Panels-Instagram-Post-Poster.png","width":1587,"height":2245,"caption":"deducci\u00f3n irpf"},{"@type":"BreadcrumbList","@id":"https:\/\/www.asesoriaorihuelacosta.com\/en\/what-can-i-deduct-from-my-income-tax-if-i-install-solar-panels-on-my-house\/#breadcrumb","itemListElement":[{"@type":"ListItem","position":1,"name":"Home","item":"https:\/\/www.asesoriaorihuelacosta.com\/en\/"},{"@type":"ListItem","position":2,"name":"What can I deduct from my income tax if I install solar panels on my house?"}]},{"@type":"WebSite","@id":"https:\/\/www.asesoriaorihuelacosta.com\/en\/#website","url":"https:\/\/www.asesoriaorihuelacosta.com\/en\/","name":"https:\/\/www.asesoriaorihuelacosta.com\/","description":"Grupo de asesores profesionales","publisher":{"@id":"https:\/\/www.asesoriaorihuelacosta.com\/en\/#organization"},"potentialAction":[{"@type":"SearchAction","target":{"@type":"EntryPoint","urlTemplate":"https:\/\/www.asesoriaorihuelacosta.com\/en\/?s={search_term_string}"},"query-input":{"@type":"PropertyValueSpecification","valueRequired":true,"valueName":"search_term_string"}}],"inLanguage":"en-US"},{"@type":"Organization","@id":"https:\/\/www.asesoriaorihuelacosta.com\/en\/#organization","name":"Asesor\u00eda Orihuela Costa","url":"https:\/\/www.asesoriaorihuelacosta.com\/en\/","logo":{"@type":"ImageObject","inLanguage":"en-US","@id":"https:\/\/www.asesoriaorihuelacosta.com\/en\/#\/schema\/logo\/image\/","url":"https:\/\/www.asesoriaorihuelacosta.com\/wp-content\/uploads\/2022\/06\/Logo-espa\u5bf8l-asesoriaorihuela.jpg","contentUrl":"https:\/\/www.asesoriaorihuelacosta.com\/wp-content\/uploads\/2022\/06\/Logo-espa\u5bf8l-asesoriaorihuela.jpg","width":588,"height":136,"caption":"Asesor\u00eda Orihuela Costa"},"image":{"@id":"https:\/\/www.asesoriaorihuelacosta.com\/en\/#\/schema\/logo\/image\/"},"sameAs":["https:\/\/www.facebook.com\/asesoriaorihuelacosta"]},{"@type":"Person","@id":"https:\/\/www.asesoriaorihuelacosta.com\/en\/#\/schema\/person\/6614ce8cf6d2de542aaf351629fd539e","name":"Patrick Gordinne Perez","description":"Soy economista colegiado por el colegio de economistas de Alicante con el n\u00famero 2722. Llevo ejerciendo desde el a\u00f1o 2005. Soy especialista en fiscalidad de empresas y aut\u00f3nomos y tambi\u00e9n especialista en gestionar compraventas. Hablo espa\u00f1ol, ingl\u00e9s y franc\u00e9s.","sameAs":["https:\/\/www.asesoriaorihuelacosta.com","https:\/\/www.facebook.com\/patrick.gordinneperez","https:\/\/www.linkedin.com\/in\/patrick-gordinne-perez-1b73aab3\/","https:\/\/www.youtube.com\/channel\/UC5e95RJEVQlxCnhwDmGNVCw"],"gender":"Hombre","knowsLanguage":["ingl\u00e9s","franc\u00e9s","espa\u00f1ol"],"jobTitle":"Gerente","worksFor":"Asesoria Orihuela Costa SL"}]}},"_links":{"self":[{"href":"https:\/\/www.asesoriaorihuelacosta.com\/en\/wp-json\/wp\/v2\/posts\/9272","targetHints":{"allow":["GET"]}}],"collection":[{"href":"https:\/\/www.asesoriaorihuelacosta.com\/en\/wp-json\/wp\/v2\/posts"}],"about":[{"href":"https:\/\/www.asesoriaorihuelacosta.com\/en\/wp-json\/wp\/v2\/types\/post"}],"author":[{"embeddable":true,"href":"https:\/\/www.asesoriaorihuelacosta.com\/en\/wp-json\/wp\/v2\/users\/2"}],"replies":[{"embeddable":true,"href":"https:\/\/www.asesoriaorihuelacosta.com\/en\/wp-json\/wp\/v2\/comments?post=9272"}],"version-history":[{"count":21,"href":"https:\/\/www.asesoriaorihuelacosta.com\/en\/wp-json\/wp\/v2\/posts\/9272\/revisions"}],"predecessor-version":[{"id":36431,"href":"https:\/\/www.asesoriaorihuelacosta.com\/en\/wp-json\/wp\/v2\/posts\/9272\/revisions\/36431"}],"wp:featuredmedia":[{"embeddable":true,"href":"https:\/\/www.asesoriaorihuelacosta.com\/en\/wp-json\/wp\/v2\/media\/9238"}],"wp:attachment":[{"href":"https:\/\/www.asesoriaorihuelacosta.com\/en\/wp-json\/wp\/v2\/media?parent=9272"}],"wp:term":[{"taxonomy":"category","embeddable":true,"href":"https:\/\/www.asesoriaorihuelacosta.com\/en\/wp-json\/wp\/v2\/categories?post=9272"},{"taxonomy":"post_tag","embeddable":true,"href":"https:\/\/www.asesoriaorihuelacosta.com\/en\/wp-json\/wp\/v2\/tags?post=9272"}],"curies":[{"name":"wp","href":"https:\/\/api.w.org\/{rel}","templated":true}]}}