{"id":43490,"date":"2025-05-13T05:26:56","date_gmt":"2025-05-13T05:26:56","guid":{"rendered":"https:\/\/www.asesoriaorihuelacosta.com\/?p=43490"},"modified":"2025-10-08T15:56:03","modified_gmt":"2025-10-08T15:56:03","slug":"if-you-carry-out-a-vat-exempt-activity-you-are-more-interested-in-taking-a-lease-or-a-loan","status":"publish","type":"post","link":"https:\/\/www.asesoriaorihuelacosta.com\/en\/if-you-carry-out-a-vat-exempt-activity-you-are-more-interested-in-taking-a-lease-or-a-loan\/","title":{"rendered":"If you carry out a VAT-exempt activity, you are more interested in taking a lease or a loan"},"content":{"rendered":"\t\t<div data-elementor-type=\"wp-post\" data-elementor-id=\"43490\" class=\"elementor elementor-43490\" data-elementor-post-type=\"post\">\n\t\t\t\t\t\t<section data-particle_enable=\"false\" data-particle-mobile-disabled=\"false\" class=\"elementor-section elementor-top-section elementor-element elementor-element-23ccc0b elementor-section-boxed elementor-section-height-default elementor-section-height-default\" data-id=\"23ccc0b\" data-element_type=\"section\" data-e-type=\"section\">\r\n\t\t\r\n\t\t\t\t\t\t\t<div class=\"elementor-container elementor-column-gap-default\">\r\n\t\t\t\t\t\t\t\t\t\t\t<div class=\"elementor-column elementor-col-100 elementor-top-column elementor-element elementor-element-95ecdac\" data-id=\"95ecdac\" data-element_type=\"column\" data-e-type=\"column\">\r\n\t\t\t\t\t<div class=\"elementor-widget-wrap elementor-element-populated\">\r\n\t\t\t\t\t\t\t\t<div class=\"elementor-element elementor-element-6142d0c elementor-widget elementor-widget-text-editor\" data-id=\"6142d0c\" data-element_type=\"widget\" data-e-type=\"widget\" data-widget_type=\"text-editor.default\">\n\t\t\t\t<div class=\"elementor-widget-container\">\n\t\t\t\t\t\t\t\t\t<p>Your company carries out an exempt activity that does not entitle you to deduct the VAT you incur. Well, if you are going to finance the purchase of a new asset, what suits you more: formalise a loan or a &#8216;leasing&#8217;?<\/p>\t\t\t\t\t\t\t\t<\/div>\n\t\t\t\t<\/div>\n\t\t\t\t\t<\/div>\r\n\t\t\t\t<\/div>\r\n\t\t\t\t\t<\/div>\r\n\t\t\t\t<\/section>\r\n\t\t\t\t<section data-particle_enable=\"false\" data-particle-mobile-disabled=\"false\" class=\"elementor-section elementor-top-section elementor-element elementor-element-93abd91 elementor-section-boxed elementor-section-height-default elementor-section-height-default\" data-id=\"93abd91\" data-element_type=\"section\" data-e-type=\"section\">\r\n\t\t\r\n\t\t\t\t\t\t\t<div class=\"elementor-container elementor-column-gap-default\">\r\n\t\t\t\t\t\t\t\t\t\t\t<div class=\"elementor-column elementor-col-100 elementor-top-column elementor-element elementor-element-fd669ea\" data-id=\"fd669ea\" data-element_type=\"column\" data-e-type=\"column\">\r\n\t\t\t\t\t<div class=\"elementor-widget-wrap elementor-element-populated\">\r\n\t\t\t\t\t\t\t\t<div class=\"elementor-element elementor-element-44b5680 elementor-widget elementor-widget-heading\" data-id=\"44b5680\" data-element_type=\"widget\" data-e-type=\"widget\" data-widget_type=\"heading.default\">\n\t\t\t\t<div class=\"elementor-widget-container\">\n\t\t\t\t\t<h2 class=\"elementor-heading-title elementor-size-default\">Activity exempt from VAT<\/h2>\t\t\t\t<\/div>\n\t\t\t\t<\/div>\n\t\t\t\t\t<\/div>\r\n\t\t\t\t<\/div>\r\n\t\t\t\t\t<\/div>\r\n\t\t\t\t<\/section>\r\n\t\t\t\t<section data-particle_enable=\"false\" data-particle-mobile-disabled=\"false\" class=\"elementor-section elementor-top-section elementor-element elementor-element-a976133 elementor-section-boxed elementor-section-height-default elementor-section-height-default\" data-id=\"a976133\" data-element_type=\"section\" data-e-type=\"section\">\r\n\t\t\r\n\t\t\t\t\t\t\t<div class=\"elementor-container elementor-column-gap-default\">\r\n\t\t\t\t\t\t\t\t\t\t\t<div class=\"elementor-column elementor-col-100 elementor-top-column elementor-element elementor-element-c261b15\" data-id=\"c261b15\" data-element_type=\"column\" data-e-type=\"column\">\r\n\t\t\t\t\t<div class=\"elementor-widget-wrap elementor-element-populated\">\r\n\t\t\t\t\t\t\t\t<div class=\"elementor-element elementor-element-d4aacba elementor-widget elementor-widget-text-editor\" data-id=\"d4aacba\" data-element_type=\"widget\" data-e-type=\"widget\" data-widget_type=\"text-editor.default\">\n\t\t\t\t<div class=\"elementor-widget-container\">\n\t\t\t\t\t\t\t\t\t<h3>Asset financing<\/h3><p>Your company carries out an activity that does not entitle you to deduct the VAT you bear (this can happen, for example, if you provide certain medical, cultural or educational services or if you are dedicated to the rental of housing), so this tax represents a higher cost of the goods and services acquired for your business.<\/p><p>If you decide to acquire a new asset and need to finance the purchase,<\/p><p>What suits you best: formalise a loan or a lease?<\/p><p>What is the option with which you will bear less VAT and interest costs?<\/p><h3>Similar costs between leasing or loan<\/h3><p>Well, if your company cannot deduct VAT, both alternatives have similar total costs:<\/p><ul><li><strong>Loan.<\/strong> If you apply for a loan, you must purchase the asset from the supplier and the supplier will pass on the VAT on the price (which, in general, will involve an extra cost of 21%).<\/li><\/ul><p>In this case, the bank must also finance the VAT, which will increase the interest to be paid.<\/p><ul><li><strong>Leasing.<\/strong> If you apply for a lease, on the other hand, it is the bank that will buy the asset (in general, deducting all the VAT incurred). And he will finance the price of the good without VAT, so your company will pay less interest.<\/li><\/ul><p>However, <strong>the bank will pass on VAT on all leasing installments,<\/strong> so you will end up paying said tax also on interest and not only on the principal (the total costs for interest and VAT of the lease are equalised with those of the loan).<\/p>\t\t\t\t\t\t\t\t<\/div>\n\t\t\t\t<\/div>\n\t\t\t\t\t<\/div>\r\n\t\t\t\t<\/div>\r\n\t\t\t\t\t<\/div>\r\n\t\t\t\t<\/section>\r\n\t\t\t\t<section data-particle_enable=\"false\" data-particle-mobile-disabled=\"false\" class=\"elementor-section elementor-top-section elementor-element elementor-element-bf82372 elementor-section-boxed elementor-section-height-default elementor-section-height-default\" data-id=\"bf82372\" data-element_type=\"section\" data-e-type=\"section\">\r\n\t\t\r\n\t\t\t\t\t\t\t<div class=\"elementor-container elementor-column-gap-default\">\r\n\t\t\t\t\t\t\t\t\t\t\t<div class=\"elementor-column elementor-col-100 elementor-top-column elementor-element elementor-element-4e73f40\" data-id=\"4e73f40\" data-element_type=\"column\" data-e-type=\"column\">\r\n\t\t\t\t\t<div class=\"elementor-widget-wrap elementor-element-populated\">\r\n\t\t\t\t\t\t\t\t<div class=\"elementor-element elementor-element-c08e0dc elementor-widget elementor-widget-heading\" data-id=\"c08e0dc\" data-element_type=\"widget\" data-e-type=\"widget\" data-widget_type=\"heading.default\">\n\t\t\t\t<div class=\"elementor-widget-container\">\n\t\t\t\t\t<h2 class=\"elementor-heading-title elementor-size-default\">Leasing or loan comparison<\/h2>\t\t\t\t<\/div>\n\t\t\t\t<\/div>\n\t\t\t\t\t<\/div>\r\n\t\t\t\t<\/div>\r\n\t\t\t\t\t<\/div>\r\n\t\t\t\t<\/section>\r\n\t\t\t\t<section data-particle_enable=\"false\" data-particle-mobile-disabled=\"false\" class=\"elementor-section elementor-top-section elementor-element elementor-element-63f71c2 elementor-section-boxed elementor-section-height-default elementor-section-height-default\" data-id=\"63f71c2\" data-element_type=\"section\" data-e-type=\"section\">\r\n\t\t\r\n\t\t\t\t\t\t\t<div class=\"elementor-container elementor-column-gap-default\">\r\n\t\t\t\t\t\t\t\t\t\t\t<div class=\"elementor-column elementor-col-100 elementor-top-column elementor-element elementor-element-4d42add\" data-id=\"4d42add\" data-element_type=\"column\" data-e-type=\"column\">\r\n\t\t\t\t\t<div class=\"elementor-widget-wrap elementor-element-populated\">\r\n\t\t\t\t\t\t\t\t<div class=\"elementor-element elementor-element-e97469b elementor-widget elementor-widget-text-editor\" data-id=\"e97469b\" data-element_type=\"widget\" data-e-type=\"widget\" data-widget_type=\"text-editor.default\">\n\t\t\t\t<div class=\"elementor-widget-container\">\n\t\t\t\t\t\t\t\t\t<p>Your company is going to acquire a new asset with a total cost of 100,000 euros plus 21% VAT:<\/p><ul><li>Loan. Apply for a loan of 121,000 euros (100,000 euros plus VAT) to be repaid within five years, at 5% interest.<\/li><li>Leasing. It formalises a lease for 100,000 euros for five years, at the same interest rate.<\/li><\/ul><table rules=\"all\"><tbody><tr><td rowspan=\"2\">Year<\/td><td colspan=\"2\">Loan<\/td><td colspan=\"3\">Leasing<\/td><\/tr><tr><td>Ppal.<\/td><td>Interest<\/td><td>Ppal.<\/td><td>Interest<\/td><td>VAT<\/td><\/tr><tr><td>1<\/td><td>21.847<\/td><td>5.554<\/td><td>18.055<\/td><td>4.590<\/td><td>4.755<\/td><\/tr><tr><td>2<\/td><td>22.965<\/td><td>4.436<\/td><td>18.979<\/td><td>3.666<\/td><td>4.755<\/td><\/tr><tr><td>3<\/td><td>24.140<\/td><td>3.261<\/td><td>19.950<\/td><td>2.695<\/td><td>4.755<\/td><\/tr><tr><td>4<\/td><td>25.375<\/td><td>2.026<\/td><td>20.971<\/td><td>1.674<\/td><td>4.755<\/td><\/tr><tr><td>5<\/td><td>26.673<\/td><td>728<\/td><td>22.045<\/td><td>600<\/td><td>4.755<\/td><\/tr><tr><td><strong>Payments<\/strong><\/td><td><strong>121.000<\/strong><\/td><td><strong>16.005<\/strong><\/td><td><strong>100.000<\/strong><\/td><td><strong>13.225<\/strong><\/td><td><strong>23.780<\/strong><\/td><\/tr><tr><td><strong>Total<\/strong><\/td><td colspan=\"2\"><strong>137.005 (1) (2)<\/strong><\/td><td colspan=\"3\"><strong>137.005 (1) (2)<\/strong><\/td><\/tr><\/tbody><\/table><p>\u00a0<\/p><p class=\"li-tab-legend-number\">The total cost of the asset (VAT and interest included) ends up being the same regardless of the way it is financed.<\/p><p class=\"li-tab-legend-number\">Although with the loan you support a lower VAT and it seems that it is the least expensive option (since your company cannot deduct this tax), you will have to satisfy higher interest than with the &#8216;leasing&#8217;, which balances both alternatives.<\/p>\t\t\t\t\t\t\t\t<\/div>\n\t\t\t\t<\/div>\n\t\t\t\t\t<\/div>\r\n\t\t\t\t<\/div>\r\n\t\t\t\t\t<\/div>\r\n\t\t\t\t<\/section>\r\n\t\t\t\t<section data-particle_enable=\"false\" data-particle-mobile-disabled=\"false\" class=\"elementor-section elementor-top-section elementor-element elementor-element-acefdb8 elementor-section-boxed elementor-section-height-default elementor-section-height-default\" data-id=\"acefdb8\" data-element_type=\"section\" data-e-type=\"section\">\r\n\t\t\r\n\t\t\t\t\t\t\t<div class=\"elementor-container elementor-column-gap-default\">\r\n\t\t\t\t\t\t\t\t\t\t\t<div class=\"elementor-column elementor-col-100 elementor-top-column elementor-element elementor-element-ad36010\" data-id=\"ad36010\" data-element_type=\"column\" data-e-type=\"column\">\r\n\t\t\t\t\t<div class=\"elementor-widget-wrap elementor-element-populated\">\r\n\t\t\t\t\t\t\t\t<div class=\"elementor-element elementor-element-52bfa9b elementor-widget elementor-widget-heading\" data-id=\"52bfa9b\" data-element_type=\"widget\" data-e-type=\"widget\" data-widget_type=\"heading.default\">\n\t\t\t\t<div class=\"elementor-widget-container\">\n\t\t\t\t\t<h2 class=\"elementor-heading-title elementor-size-default\">Other important factors<\/h2>\t\t\t\t<\/div>\n\t\t\t\t<\/div>\n\t\t\t\t\t<\/div>\r\n\t\t\t\t<\/div>\r\n\t\t\t\t\t<\/div>\r\n\t\t\t\t<\/section>\r\n\t\t\t\t<section data-particle_enable=\"false\" data-particle-mobile-disabled=\"false\" class=\"elementor-section elementor-top-section elementor-element elementor-element-2ef5201 elementor-section-boxed elementor-section-height-default elementor-section-height-default\" data-id=\"2ef5201\" data-element_type=\"section\" data-e-type=\"section\">\r\n\t\t\r\n\t\t\t\t\t\t\t<div class=\"elementor-container elementor-column-gap-default\">\r\n\t\t\t\t\t\t\t\t\t\t\t<div class=\"elementor-column elementor-col-100 elementor-top-column elementor-element elementor-element-e222a54\" data-id=\"e222a54\" data-element_type=\"column\" data-e-type=\"column\">\r\n\t\t\t\t\t<div class=\"elementor-widget-wrap elementor-element-populated\">\r\n\t\t\t\t\t\t\t\t<div class=\"elementor-element elementor-element-0c3ed25 elementor-widget elementor-widget-text-editor\" data-id=\"0c3ed25\" data-element_type=\"widget\" data-e-type=\"widget\" data-widget_type=\"text-editor.default\">\n\t\t\t\t<div class=\"elementor-widget-container\">\n\t\t\t\t\t\t\t\t\t<h3>What suits you best? A Leasing or a loan<\/h3><p>Taking into account the above, to decide which option is the best you must analyse other factors. For example:<\/p><ul><li>If you apply for a loan, it is likely that the bank will ask you to constitute a guarantee of payment, which will involve additional costs. With leasing, on the other hand, the asset itself (being owned by the bank) can serve as a guarantee.<\/li><li>On the other hand, with leasing you will be able to amortise the asset more quickly and defer the payment of the Corporate Tax (IS), since you will be able to benefit from the special leasing regime.<\/li><li>On the other hand, formalising a loan and acquiring the asset in ownership will facilitate the sales procedures in case you decide to sell it before you have finished repaying the credit.<\/li><\/ul>\t\t\t\t\t\t\t\t<\/div>\n\t\t\t\t<\/div>\n\t\t\t\t\t<\/div>\r\n\t\t\t\t<\/div>\r\n\t\t\t\t\t<\/div>\r\n\t\t\t\t<\/section>\r\n\t\t\t\t<section data-particle_enable=\"false\" data-particle-mobile-disabled=\"false\" class=\"elementor-section elementor-top-section elementor-element elementor-element-6da7b3a elementor-section-boxed elementor-section-height-default elementor-section-height-default\" data-id=\"6da7b3a\" data-element_type=\"section\" data-e-type=\"section\">\r\n\t\t\r\n\t\t\t\t\t\t\t<div class=\"elementor-container elementor-column-gap-default\">\r\n\t\t\t\t\t\t\t\t\t\t\t<div class=\"elementor-column elementor-col-100 elementor-top-column elementor-element elementor-element-4628d8f\" data-id=\"4628d8f\" data-element_type=\"column\" data-e-type=\"column\">\r\n\t\t\t\t\t<div class=\"elementor-widget-wrap elementor-element-populated\">\r\n\t\t\t\t\t\t\t\t<div class=\"elementor-element elementor-element-1a1e6c5 elementor-widget elementor-widget-heading\" data-id=\"1a1e6c5\" data-element_type=\"widget\" data-e-type=\"widget\" data-widget_type=\"heading.default\">\n\t\t\t\t<div class=\"elementor-widget-container\">\n\t\t\t\t\t<h2 class=\"elementor-heading-title elementor-size-default\">In conclusion<\/h2>\t\t\t\t<\/div>\n\t\t\t\t<\/div>\n\t\t\t\t\t<\/div>\r\n\t\t\t\t<\/div>\r\n\t\t\t\t\t<\/div>\r\n\t\t\t\t<\/section>\r\n\t\t\t\t<section data-particle_enable=\"false\" data-particle-mobile-disabled=\"false\" class=\"elementor-section elementor-top-section elementor-element elementor-element-0df08de elementor-section-boxed elementor-section-height-default elementor-section-height-default\" data-id=\"0df08de\" data-element_type=\"section\" data-e-type=\"section\">\r\n\t\t\r\n\t\t\t\t\t\t\t<div class=\"elementor-container elementor-column-gap-default\">\r\n\t\t\t\t\t\t\t\t\t\t\t<div class=\"elementor-column elementor-col-100 elementor-top-column elementor-element elementor-element-8813ab1\" data-id=\"8813ab1\" data-element_type=\"column\" data-e-type=\"column\">\r\n\t\t\t\t\t<div class=\"elementor-widget-wrap elementor-element-populated\">\r\n\t\t\t\t\t\t\t\t<div class=\"elementor-element elementor-element-c864e23 elementor-widget elementor-widget-text-editor\" data-id=\"c864e23\" data-element_type=\"widget\" data-e-type=\"widget\" data-widget_type=\"text-editor.default\">\n\t\t\t\t<div class=\"elementor-widget-container\">\n\t\t\t\t\t\t\t\t\t<p>Although a priori formalising a loan seems the best option &#8211; since the VAT incurred is lower &#8211; this is compensated by the lower interests of the &#8216;leasing&#8217;.<\/p><p>Therefore, other factors must also be analysed, such as the cost of guarantees.<\/p>\t\t\t\t\t\t\t\t<\/div>\n\t\t\t\t<\/div>\n\t\t\t\t\t<\/div>\r\n\t\t\t\t<\/div>\r\n\t\t\t\t\t<\/div>\r\n\t\t\t\t<\/section>\r\n\t\t\t\t<\/div>\n\t\t","protected":false},"excerpt":{"rendered":"<p>Your company carries out an exempt activity that does not entitle you to deduct the VAT you incur. Well, if you are going to finance the purchase of a new asset, what suits you more: formalise a loan or a &#8216;leasing&#8217;? Activity exempt from VAT Asset financing Your company carries out an activity that does [&hellip;]<\/p>\n","protected":false},"author":2,"featured_media":43080,"comment_status":"closed","ping_status":"closed","sticky":false,"template":"","format":"standard","meta":{"_eb_attr":"","inline_featured_image":false,"footnotes":""},"categories":[1],"tags":[],"class_list":["post-43490","post","type-post","status-publish","format-standard","has-post-thumbnail","hentry","category-blog"],"featured_image_src":{"landsacpe":["https:\/\/www.asesoriaorihuelacosta.com\/wp-content\/uploads\/2025\/05\/leasing-o-prestamo-1140x445.webp",1140,445,true],"list":["https:\/\/www.asesoriaorihuelacosta.com\/wp-content\/uploads\/2025\/05\/leasing-o-prestamo-463x348.webp",463,348,true],"medium":["https:\/\/www.asesoriaorihuelacosta.com\/wp-content\/uploads\/2025\/05\/leasing-o-prestamo-300x169.webp",300,169,true],"full":["https:\/\/www.asesoriaorihuelacosta.com\/wp-content\/uploads\/2025\/05\/leasing-o-prestamo.webp",1920,1080,false]},"yoast_head":"<!-- This site is optimized with the Yoast SEO Premium plugin v24.7 (Yoast SEO v27.4) - https:\/\/yoast.com\/product\/yoast-seo-premium-wordpress\/ -->\n<title>VAT-exempt activity, leasing or a loan? - Asesor\u00eda Orihuela Costa<\/title>\n<meta name=\"description\" content=\"Choosing between a lease or loan in a VAT-exempt activity is a little different from choosing it in a VAT-subject activity. We see it here \u2705\" \/>\n<meta name=\"robots\" content=\"index, follow, max-snippet:-1, max-image-preview:large, max-video-preview:-1\" \/>\n<link rel=\"canonical\" href=\"https:\/\/www.asesoriaorihuelacosta.com\/en\/if-you-carry-out-a-vat-exempt-activity-you-are-more-interested-in-taking-a-lease-or-a-loan\/\" \/>\n<meta property=\"og:locale\" content=\"en_US\" \/>\n<meta property=\"og:type\" content=\"article\" \/>\n<meta property=\"og:title\" content=\"If you carry out a VAT-exempt activity, you are more interested in taking a lease or a loan\" \/>\n<meta property=\"og:description\" content=\"Choosing between a lease or loan in a VAT-exempt activity is a little different from choosing it in a VAT-subject activity. We see it here \u2705\" \/>\n<meta property=\"og:url\" content=\"https:\/\/www.asesoriaorihuelacosta.com\/en\/if-you-carry-out-a-vat-exempt-activity-you-are-more-interested-in-taking-a-lease-or-a-loan\/\" \/>\n<meta property=\"og:site_name\" content=\"Asesor\u00eda Orihuela Costa\" \/>\n<meta property=\"article:publisher\" content=\"https:\/\/www.facebook.com\/asesoriaorihuelacosta\" \/>\n<meta property=\"article:author\" content=\"https:\/\/www.facebook.com\/patrick.gordinneperez\" \/>\n<meta property=\"article:published_time\" content=\"2025-05-13T05:26:56+00:00\" \/>\n<meta property=\"article:modified_time\" content=\"2025-10-08T15:56:03+00:00\" \/>\n<meta property=\"og:image\" content=\"https:\/\/www.asesoriaorihuelacosta.com\/wp-content\/uploads\/2025\/05\/leasing-o-prestamo.webp\" \/>\n\t<meta property=\"og:image:width\" content=\"1920\" \/>\n\t<meta property=\"og:image:height\" content=\"1080\" \/>\n\t<meta property=\"og:image:type\" content=\"image\/webp\" \/>\n<meta name=\"author\" content=\"Patrick Gordinne Perez\" \/>\n<meta name=\"twitter:card\" content=\"summary_large_image\" \/>\n<meta name=\"twitter:label1\" content=\"Written by\" \/>\n\t<meta name=\"twitter:data1\" content=\"Patrick Gordinne Perez\" \/>\n\t<meta name=\"twitter:label2\" content=\"Est. reading time\" \/>\n\t<meta name=\"twitter:data2\" content=\"4 minutes\" \/>\n<script type=\"application\/ld+json\" class=\"yoast-schema-graph\">{\"@context\":\"https:\\\/\\\/schema.org\",\"@graph\":[{\"@type\":\"Article\",\"@id\":\"https:\\\/\\\/www.asesoriaorihuelacosta.com\\\/en\\\/if-you-carry-out-a-vat-exempt-activity-you-are-more-interested-in-taking-a-lease-or-a-loan\\\/#article\",\"isPartOf\":{\"@id\":\"https:\\\/\\\/www.asesoriaorihuelacosta.com\\\/en\\\/if-you-carry-out-a-vat-exempt-activity-you-are-more-interested-in-taking-a-lease-or-a-loan\\\/\"},\"author\":{\"name\":\"Patrick Gordinne Perez\",\"@id\":\"https:\\\/\\\/www.asesoriaorihuelacosta.com\\\/en\\\/#\\\/schema\\\/person\\\/6614ce8cf6d2de542aaf351629fd539e\"},\"headline\":\"If you carry out a VAT-exempt activity, you are more interested in taking a lease or a loan\",\"datePublished\":\"2025-05-13T05:26:56+00:00\",\"dateModified\":\"2025-10-08T15:56:03+00:00\",\"mainEntityOfPage\":{\"@id\":\"https:\\\/\\\/www.asesoriaorihuelacosta.com\\\/en\\\/if-you-carry-out-a-vat-exempt-activity-you-are-more-interested-in-taking-a-lease-or-a-loan\\\/\"},\"wordCount\":637,\"publisher\":{\"@id\":\"https:\\\/\\\/www.asesoriaorihuelacosta.com\\\/en\\\/#organization\"},\"image\":{\"@id\":\"https:\\\/\\\/www.asesoriaorihuelacosta.com\\\/en\\\/if-you-carry-out-a-vat-exempt-activity-you-are-more-interested-in-taking-a-lease-or-a-loan\\\/#primaryimage\"},\"thumbnailUrl\":\"https:\\\/\\\/www.asesoriaorihuelacosta.com\\\/wp-content\\\/uploads\\\/2025\\\/05\\\/leasing-o-prestamo.webp\",\"articleSection\":[\"Blog\"],\"inLanguage\":\"en-US\"},{\"@type\":\"WebPage\",\"@id\":\"https:\\\/\\\/www.asesoriaorihuelacosta.com\\\/en\\\/if-you-carry-out-a-vat-exempt-activity-you-are-more-interested-in-taking-a-lease-or-a-loan\\\/\",\"url\":\"https:\\\/\\\/www.asesoriaorihuelacosta.com\\\/en\\\/if-you-carry-out-a-vat-exempt-activity-you-are-more-interested-in-taking-a-lease-or-a-loan\\\/\",\"name\":\"VAT-exempt activity, leasing or a loan? - Asesor\u00eda Orihuela Costa\",\"isPartOf\":{\"@id\":\"https:\\\/\\\/www.asesoriaorihuelacosta.com\\\/en\\\/#website\"},\"primaryImageOfPage\":{\"@id\":\"https:\\\/\\\/www.asesoriaorihuelacosta.com\\\/en\\\/if-you-carry-out-a-vat-exempt-activity-you-are-more-interested-in-taking-a-lease-or-a-loan\\\/#primaryimage\"},\"image\":{\"@id\":\"https:\\\/\\\/www.asesoriaorihuelacosta.com\\\/en\\\/if-you-carry-out-a-vat-exempt-activity-you-are-more-interested-in-taking-a-lease-or-a-loan\\\/#primaryimage\"},\"thumbnailUrl\":\"https:\\\/\\\/www.asesoriaorihuelacosta.com\\\/wp-content\\\/uploads\\\/2025\\\/05\\\/leasing-o-prestamo.webp\",\"datePublished\":\"2025-05-13T05:26:56+00:00\",\"dateModified\":\"2025-10-08T15:56:03+00:00\",\"description\":\"Choosing between a lease or loan in a VAT-exempt activity is a little different from choosing it in a VAT-subject activity. We see it here \u2705\",\"breadcrumb\":{\"@id\":\"https:\\\/\\\/www.asesoriaorihuelacosta.com\\\/en\\\/if-you-carry-out-a-vat-exempt-activity-you-are-more-interested-in-taking-a-lease-or-a-loan\\\/#breadcrumb\"},\"inLanguage\":\"en-US\",\"potentialAction\":[{\"@type\":\"ReadAction\",\"target\":[\"https:\\\/\\\/www.asesoriaorihuelacosta.com\\\/en\\\/if-you-carry-out-a-vat-exempt-activity-you-are-more-interested-in-taking-a-lease-or-a-loan\\\/\"]}]},{\"@type\":\"ImageObject\",\"inLanguage\":\"en-US\",\"@id\":\"https:\\\/\\\/www.asesoriaorihuelacosta.com\\\/en\\\/if-you-carry-out-a-vat-exempt-activity-you-are-more-interested-in-taking-a-lease-or-a-loan\\\/#primaryimage\",\"url\":\"https:\\\/\\\/www.asesoriaorihuelacosta.com\\\/wp-content\\\/uploads\\\/2025\\\/05\\\/leasing-o-prestamo.webp\",\"contentUrl\":\"https:\\\/\\\/www.asesoriaorihuelacosta.com\\\/wp-content\\\/uploads\\\/2025\\\/05\\\/leasing-o-prestamo.webp\",\"width\":1920,\"height\":1080,\"caption\":\"leasing o prestamo\"},{\"@type\":\"BreadcrumbList\",\"@id\":\"https:\\\/\\\/www.asesoriaorihuelacosta.com\\\/en\\\/if-you-carry-out-a-vat-exempt-activity-you-are-more-interested-in-taking-a-lease-or-a-loan\\\/#breadcrumb\",\"itemListElement\":[{\"@type\":\"ListItem\",\"position\":1,\"name\":\"Home\",\"item\":\"https:\\\/\\\/www.asesoriaorihuelacosta.com\\\/en\\\/\"},{\"@type\":\"ListItem\",\"position\":2,\"name\":\"If you carry out a VAT-exempt activity, you are more interested in taking a lease or a loan\"}]},{\"@type\":\"WebSite\",\"@id\":\"https:\\\/\\\/www.asesoriaorihuelacosta.com\\\/en\\\/#website\",\"url\":\"https:\\\/\\\/www.asesoriaorihuelacosta.com\\\/en\\\/\",\"name\":\"https:\\\/\\\/www.asesoriaorihuelacosta.com\\\/\",\"description\":\"Grupo de asesores profesionales\",\"publisher\":{\"@id\":\"https:\\\/\\\/www.asesoriaorihuelacosta.com\\\/en\\\/#organization\"},\"potentialAction\":[{\"@type\":\"SearchAction\",\"target\":{\"@type\":\"EntryPoint\",\"urlTemplate\":\"https:\\\/\\\/www.asesoriaorihuelacosta.com\\\/en\\\/?s={search_term_string}\"},\"query-input\":{\"@type\":\"PropertyValueSpecification\",\"valueRequired\":true,\"valueName\":\"search_term_string\"}}],\"inLanguage\":\"en-US\"},{\"@type\":\"Organization\",\"@id\":\"https:\\\/\\\/www.asesoriaorihuelacosta.com\\\/en\\\/#organization\",\"name\":\"Asesor\u00eda Orihuela Costa\",\"url\":\"https:\\\/\\\/www.asesoriaorihuelacosta.com\\\/en\\\/\",\"logo\":{\"@type\":\"ImageObject\",\"inLanguage\":\"en-US\",\"@id\":\"https:\\\/\\\/www.asesoriaorihuelacosta.com\\\/en\\\/#\\\/schema\\\/logo\\\/image\\\/\",\"url\":\"https:\\\/\\\/www.asesoriaorihuelacosta.com\\\/wp-content\\\/uploads\\\/2022\\\/06\\\/Logo-espa\u5bf8l-asesoriaorihuela.jpg\",\"contentUrl\":\"https:\\\/\\\/www.asesoriaorihuelacosta.com\\\/wp-content\\\/uploads\\\/2022\\\/06\\\/Logo-espa\u5bf8l-asesoriaorihuela.jpg\",\"width\":588,\"height\":136,\"caption\":\"Asesor\u00eda Orihuela Costa\"},\"image\":{\"@id\":\"https:\\\/\\\/www.asesoriaorihuelacosta.com\\\/en\\\/#\\\/schema\\\/logo\\\/image\\\/\"},\"sameAs\":[\"https:\\\/\\\/www.facebook.com\\\/asesoriaorihuelacosta\"]},{\"@type\":\"Person\",\"@id\":\"https:\\\/\\\/www.asesoriaorihuelacosta.com\\\/en\\\/#\\\/schema\\\/person\\\/6614ce8cf6d2de542aaf351629fd539e\",\"name\":\"Patrick Gordinne Perez\",\"description\":\"Soy economista colegiado por el colegio de economistas de Alicante con el n\u00famero 2722. Llevo ejerciendo desde el a\u00f1o 2005. Soy especialista en fiscalidad de empresas y aut\u00f3nomos y tambi\u00e9n especialista en gestionar compraventas. Hablo espa\u00f1ol, ingl\u00e9s y franc\u00e9s.\",\"sameAs\":[\"https:\\\/\\\/www.asesoriaorihuelacosta.com\",\"https:\\\/\\\/www.facebook.com\\\/patrick.gordinneperez\",\"https:\\\/\\\/www.linkedin.com\\\/in\\\/patrick-gordinne-perez-1b73aab3\\\/\",\"https:\\\/\\\/www.youtube.com\\\/channel\\\/UC5e95RJEVQlxCnhwDmGNVCw\"],\"gender\":\"Hombre\",\"knowsLanguage\":[\"ingl\u00e9s\",\"franc\u00e9s\",\"espa\u00f1ol\"],\"jobTitle\":\"Gerente\",\"worksFor\":\"Asesoria Orihuela Costa SL\"}]}<\/script>\n<!-- \/ Yoast SEO Premium plugin. -->","yoast_head_json":{"title":"VAT-exempt activity, leasing or a loan? - Asesor\u00eda Orihuela Costa","description":"Choosing between a lease or loan in a VAT-exempt activity is a little different from choosing it in a VAT-subject activity. We see it here \u2705","robots":{"index":"index","follow":"follow","max-snippet":"max-snippet:-1","max-image-preview":"max-image-preview:large","max-video-preview":"max-video-preview:-1"},"canonical":"https:\/\/www.asesoriaorihuelacosta.com\/en\/if-you-carry-out-a-vat-exempt-activity-you-are-more-interested-in-taking-a-lease-or-a-loan\/","og_locale":"en_US","og_type":"article","og_title":"If you carry out a VAT-exempt activity, you are more interested in taking a lease or a loan","og_description":"Choosing between a lease or loan in a VAT-exempt activity is a little different from choosing it in a VAT-subject activity. We see it here \u2705","og_url":"https:\/\/www.asesoriaorihuelacosta.com\/en\/if-you-carry-out-a-vat-exempt-activity-you-are-more-interested-in-taking-a-lease-or-a-loan\/","og_site_name":"Asesor\u00eda Orihuela Costa","article_publisher":"https:\/\/www.facebook.com\/asesoriaorihuelacosta","article_author":"https:\/\/www.facebook.com\/patrick.gordinneperez","article_published_time":"2025-05-13T05:26:56+00:00","article_modified_time":"2025-10-08T15:56:03+00:00","og_image":[{"width":1920,"height":1080,"url":"https:\/\/www.asesoriaorihuelacosta.com\/wp-content\/uploads\/2025\/05\/leasing-o-prestamo.webp","type":"image\/webp"}],"author":"Patrick Gordinne Perez","twitter_card":"summary_large_image","twitter_misc":{"Written by":"Patrick Gordinne Perez","Est. reading time":"4 minutes"},"schema":{"@context":"https:\/\/schema.org","@graph":[{"@type":"Article","@id":"https:\/\/www.asesoriaorihuelacosta.com\/en\/if-you-carry-out-a-vat-exempt-activity-you-are-more-interested-in-taking-a-lease-or-a-loan\/#article","isPartOf":{"@id":"https:\/\/www.asesoriaorihuelacosta.com\/en\/if-you-carry-out-a-vat-exempt-activity-you-are-more-interested-in-taking-a-lease-or-a-loan\/"},"author":{"name":"Patrick Gordinne Perez","@id":"https:\/\/www.asesoriaorihuelacosta.com\/en\/#\/schema\/person\/6614ce8cf6d2de542aaf351629fd539e"},"headline":"If you carry out a VAT-exempt activity, you are more interested in taking a lease or a loan","datePublished":"2025-05-13T05:26:56+00:00","dateModified":"2025-10-08T15:56:03+00:00","mainEntityOfPage":{"@id":"https:\/\/www.asesoriaorihuelacosta.com\/en\/if-you-carry-out-a-vat-exempt-activity-you-are-more-interested-in-taking-a-lease-or-a-loan\/"},"wordCount":637,"publisher":{"@id":"https:\/\/www.asesoriaorihuelacosta.com\/en\/#organization"},"image":{"@id":"https:\/\/www.asesoriaorihuelacosta.com\/en\/if-you-carry-out-a-vat-exempt-activity-you-are-more-interested-in-taking-a-lease-or-a-loan\/#primaryimage"},"thumbnailUrl":"https:\/\/www.asesoriaorihuelacosta.com\/wp-content\/uploads\/2025\/05\/leasing-o-prestamo.webp","articleSection":["Blog"],"inLanguage":"en-US"},{"@type":"WebPage","@id":"https:\/\/www.asesoriaorihuelacosta.com\/en\/if-you-carry-out-a-vat-exempt-activity-you-are-more-interested-in-taking-a-lease-or-a-loan\/","url":"https:\/\/www.asesoriaorihuelacosta.com\/en\/if-you-carry-out-a-vat-exempt-activity-you-are-more-interested-in-taking-a-lease-or-a-loan\/","name":"VAT-exempt activity, leasing or a loan? - Asesor\u00eda Orihuela Costa","isPartOf":{"@id":"https:\/\/www.asesoriaorihuelacosta.com\/en\/#website"},"primaryImageOfPage":{"@id":"https:\/\/www.asesoriaorihuelacosta.com\/en\/if-you-carry-out-a-vat-exempt-activity-you-are-more-interested-in-taking-a-lease-or-a-loan\/#primaryimage"},"image":{"@id":"https:\/\/www.asesoriaorihuelacosta.com\/en\/if-you-carry-out-a-vat-exempt-activity-you-are-more-interested-in-taking-a-lease-or-a-loan\/#primaryimage"},"thumbnailUrl":"https:\/\/www.asesoriaorihuelacosta.com\/wp-content\/uploads\/2025\/05\/leasing-o-prestamo.webp","datePublished":"2025-05-13T05:26:56+00:00","dateModified":"2025-10-08T15:56:03+00:00","description":"Choosing between a lease or loan in a VAT-exempt activity is a little different from choosing it in a VAT-subject activity. We see it here \u2705","breadcrumb":{"@id":"https:\/\/www.asesoriaorihuelacosta.com\/en\/if-you-carry-out-a-vat-exempt-activity-you-are-more-interested-in-taking-a-lease-or-a-loan\/#breadcrumb"},"inLanguage":"en-US","potentialAction":[{"@type":"ReadAction","target":["https:\/\/www.asesoriaorihuelacosta.com\/en\/if-you-carry-out-a-vat-exempt-activity-you-are-more-interested-in-taking-a-lease-or-a-loan\/"]}]},{"@type":"ImageObject","inLanguage":"en-US","@id":"https:\/\/www.asesoriaorihuelacosta.com\/en\/if-you-carry-out-a-vat-exempt-activity-you-are-more-interested-in-taking-a-lease-or-a-loan\/#primaryimage","url":"https:\/\/www.asesoriaorihuelacosta.com\/wp-content\/uploads\/2025\/05\/leasing-o-prestamo.webp","contentUrl":"https:\/\/www.asesoriaorihuelacosta.com\/wp-content\/uploads\/2025\/05\/leasing-o-prestamo.webp","width":1920,"height":1080,"caption":"leasing o prestamo"},{"@type":"BreadcrumbList","@id":"https:\/\/www.asesoriaorihuelacosta.com\/en\/if-you-carry-out-a-vat-exempt-activity-you-are-more-interested-in-taking-a-lease-or-a-loan\/#breadcrumb","itemListElement":[{"@type":"ListItem","position":1,"name":"Home","item":"https:\/\/www.asesoriaorihuelacosta.com\/en\/"},{"@type":"ListItem","position":2,"name":"If you carry out a VAT-exempt activity, you are more interested in taking a lease or a loan"}]},{"@type":"WebSite","@id":"https:\/\/www.asesoriaorihuelacosta.com\/en\/#website","url":"https:\/\/www.asesoriaorihuelacosta.com\/en\/","name":"https:\/\/www.asesoriaorihuelacosta.com\/","description":"Grupo de asesores profesionales","publisher":{"@id":"https:\/\/www.asesoriaorihuelacosta.com\/en\/#organization"},"potentialAction":[{"@type":"SearchAction","target":{"@type":"EntryPoint","urlTemplate":"https:\/\/www.asesoriaorihuelacosta.com\/en\/?s={search_term_string}"},"query-input":{"@type":"PropertyValueSpecification","valueRequired":true,"valueName":"search_term_string"}}],"inLanguage":"en-US"},{"@type":"Organization","@id":"https:\/\/www.asesoriaorihuelacosta.com\/en\/#organization","name":"Asesor\u00eda Orihuela Costa","url":"https:\/\/www.asesoriaorihuelacosta.com\/en\/","logo":{"@type":"ImageObject","inLanguage":"en-US","@id":"https:\/\/www.asesoriaorihuelacosta.com\/en\/#\/schema\/logo\/image\/","url":"https:\/\/www.asesoriaorihuelacosta.com\/wp-content\/uploads\/2022\/06\/Logo-espa\u5bf8l-asesoriaorihuela.jpg","contentUrl":"https:\/\/www.asesoriaorihuelacosta.com\/wp-content\/uploads\/2022\/06\/Logo-espa\u5bf8l-asesoriaorihuela.jpg","width":588,"height":136,"caption":"Asesor\u00eda Orihuela Costa"},"image":{"@id":"https:\/\/www.asesoriaorihuelacosta.com\/en\/#\/schema\/logo\/image\/"},"sameAs":["https:\/\/www.facebook.com\/asesoriaorihuelacosta"]},{"@type":"Person","@id":"https:\/\/www.asesoriaorihuelacosta.com\/en\/#\/schema\/person\/6614ce8cf6d2de542aaf351629fd539e","name":"Patrick Gordinne Perez","description":"Soy economista colegiado por el colegio de economistas de Alicante con el n\u00famero 2722. Llevo ejerciendo desde el a\u00f1o 2005. Soy especialista en fiscalidad de empresas y aut\u00f3nomos y tambi\u00e9n especialista en gestionar compraventas. Hablo espa\u00f1ol, ingl\u00e9s y franc\u00e9s.","sameAs":["https:\/\/www.asesoriaorihuelacosta.com","https:\/\/www.facebook.com\/patrick.gordinneperez","https:\/\/www.linkedin.com\/in\/patrick-gordinne-perez-1b73aab3\/","https:\/\/www.youtube.com\/channel\/UC5e95RJEVQlxCnhwDmGNVCw"],"gender":"Hombre","knowsLanguage":["ingl\u00e9s","franc\u00e9s","espa\u00f1ol"],"jobTitle":"Gerente","worksFor":"Asesoria Orihuela Costa SL"}]}},"_links":{"self":[{"href":"https:\/\/www.asesoriaorihuelacosta.com\/en\/wp-json\/wp\/v2\/posts\/43490","targetHints":{"allow":["GET"]}}],"collection":[{"href":"https:\/\/www.asesoriaorihuelacosta.com\/en\/wp-json\/wp\/v2\/posts"}],"about":[{"href":"https:\/\/www.asesoriaorihuelacosta.com\/en\/wp-json\/wp\/v2\/types\/post"}],"author":[{"embeddable":true,"href":"https:\/\/www.asesoriaorihuelacosta.com\/en\/wp-json\/wp\/v2\/users\/2"}],"replies":[{"embeddable":true,"href":"https:\/\/www.asesoriaorihuelacosta.com\/en\/wp-json\/wp\/v2\/comments?post=43490"}],"version-history":[{"count":1,"href":"https:\/\/www.asesoriaorihuelacosta.com\/en\/wp-json\/wp\/v2\/posts\/43490\/revisions"}],"predecessor-version":[{"id":45672,"href":"https:\/\/www.asesoriaorihuelacosta.com\/en\/wp-json\/wp\/v2\/posts\/43490\/revisions\/45672"}],"wp:featuredmedia":[{"embeddable":true,"href":"https:\/\/www.asesoriaorihuelacosta.com\/en\/wp-json\/wp\/v2\/media\/43080"}],"wp:attachment":[{"href":"https:\/\/www.asesoriaorihuelacosta.com\/en\/wp-json\/wp\/v2\/media?parent=43490"}],"wp:term":[{"taxonomy":"category","embeddable":true,"href":"https:\/\/www.asesoriaorihuelacosta.com\/en\/wp-json\/wp\/v2\/categories?post=43490"},{"taxonomy":"post_tag","embeddable":true,"href":"https:\/\/www.asesoriaorihuelacosta.com\/en\/wp-json\/wp\/v2\/tags?post=43490"}],"curies":[{"name":"wp","href":"https:\/\/api.w.org\/{rel}","templated":true}]}}