{"id":41595,"date":"2022-03-29T08:49:59","date_gmt":"2022-03-29T08:49:59","guid":{"rendered":"https:\/\/www.asesoriaorihuelacosta.com\/?p=41595"},"modified":"2025-03-11T06:17:43","modified_gmt":"2025-03-11T06:17:43","slug":"who-should-take-care-of-the-repairs-of-a-rented-premises","status":"publish","type":"post","link":"https:\/\/www.asesoriaorihuelacosta.com\/en\/who-should-take-care-of-the-repairs-of-a-rented-premises\/","title":{"rendered":"Who should take care of the repairs of a rented premises?"},"content":{"rendered":"\t\t<div data-elementor-type=\"wp-post\" data-elementor-id=\"41595\" class=\"elementor elementor-41595\" data-elementor-post-type=\"post\">\n\t\t\t\t\t\t<section data-particle_enable=\"false\" data-particle-mobile-disabled=\"false\" class=\"elementor-section elementor-top-section elementor-element elementor-element-46a0dd5 elementor-section-boxed elementor-section-height-default elementor-section-height-default\" data-id=\"46a0dd5\" data-element_type=\"section\" data-e-type=\"section\">\r\n\t\t\r\n\t\t\t\t\t\t\t<div class=\"elementor-container elementor-column-gap-default\">\r\n\t\t\t\t\t\t\t\t\t\t\t<div class=\"elementor-column elementor-col-100 elementor-top-column elementor-element elementor-element-cc9fee4\" data-id=\"cc9fee4\" data-element_type=\"column\" data-e-type=\"column\">\r\n\t\t\t\t\t<div class=\"elementor-widget-wrap elementor-element-populated\">\r\n\t\t\t\t\t\t\t\t<div class=\"elementor-element elementor-element-2d45025 elementor-widget elementor-widget-text-editor\" data-id=\"2d45025\" data-element_type=\"widget\" data-e-type=\"widget\" data-widget_type=\"text-editor.default\">\n\t\t\t\t<div class=\"elementor-widget-container\">\n\t\t\t\t\t\t\t\t\t<p>I am not responsible for all the repairs to the premises I am going to rent.<\/p><p>You are going to occupy a premises as a tenant. However, when reviewing the proposed commercial premises rental contract provided by the owner, you see that it obliges you to assume all the repairs that need to be made, and you are not willing to accept this. But what are necessary repairs?<\/p><p>In leases, in terms of repairs, the LAU establishes the following rules:<\/p><h2>Necessary Repairs.<\/h2><p>\u00a0<\/p><p>The landlord is obliged to carry out (without the right to raise the rent) the necessary repairs to keep the property in habitable conditions to serve the agreed use (unless the deterioration is attributable to the tenant). For example, the repair of a roof to prevent leaks or the repair of water pipes.<\/p><p><br \/>Small Repairs due to wear and tear. On the other hand, small repairs required by wear and tear due to ordinary use are the responsibility of the tenant. For example, a blocked sink drain, a cistern repair, etc.<\/p><h3>Homes and premises<\/h3><p>These rules apply to residential leases, but not to leases for non-residential purposes (premises, industrial warehouses, offices, etc.), as these leases are governed primarily by the will of the contracting parties. Attention!<\/p><p>Therefore, the clause proposed by the landlord is valid and, if you accept it, you risk having to assume high costs in the future. Therefore:<\/p><ul><li>Insist that the landlord applies the rules indicated (on the grounds that this is the repair regime established by law).<\/li><li>If the landlord does not accept and you really want to rent the premises, see some intermediate formulas that can limit your potential liability for repairs.<\/li><\/ul><h3>More balanced formulas<\/h3><p>Type of work. If you have no choice but to undertake the repairs necessary to preserve the premises, one possibility is to exclude from said commitment the damages in the most important elements (and that they are the responsibility of the landlord), since they are the ones that can entail higher costs. For example:<\/p><ul><li>You can agree that the landlord must carry out at his own expense in all cases the necessary conservation and repair works in the structure, roof, facades or installations of the premises.<\/li><li>If the premises are located in a building divided into horizontal property, add that any repair or conservation work carried out on the common elements of the property will be the responsibility of the landlord.<\/li><\/ul><p>\u201cThe Tenant, expressly waiving the provisions of article 30 in relation to article 21 of the LAU, is obliged to carry out the necessary repairs to keep the premises in condition to serve the agreed use, except for the repairs that affect the structure, roof, facades or installations of the premises, which will all be assumed and in any case by the Landlord at his own expense, without the right to increase the rent for this.\u201d<\/p><h3>Quantitative limit<\/h3><p><br \/>Another option is that you assume the necessary repairs, but establishing a limit amount, beyond which the landlord will be responsible for the repairs. Note. In this regard:<\/p><ul><li>Limit per repair. One possibility is to agree on a limit amount per repair, so that the landlord assumes the repairs that are higher than this amount, while the repairs that are below will be the responsibility of the tenant.<\/li><li>Global limit. Another option is to agree on a maximum and global amount, so that the tenant is responsible for the repairs up to a limit amount, beyond which any repairs will be the responsibility of the landlord.<\/li><\/ul><p>Note. The advantage for you of this second option is that you already know in advance the maximum amount for which you can be responsible for this concept during the entire term of the contract.<br \/>This clause is valid, since leases for use other than housing are governed first of all by the will of the parties. Try not to accept this clause; and if you have no choice but to do so, limit your potential liability for this concept.<\/p>\t\t\t\t\t\t\t\t<\/div>\n\t\t\t\t<\/div>\n\t\t\t\t\t<\/div>\r\n\t\t\t\t<\/div>\r\n\t\t\t\t\t<\/div>\r\n\t\t\t\t<\/section>\r\n\t\t\t\t<\/div>\n\t\t","protected":false},"excerpt":{"rendered":"<p>I am not responsible for all the repairs to the premises I am going to rent. You are going to occupy a premises as a tenant. However, when reviewing the proposed commercial premises rental contract provided by the owner, you see that it obliges you to assume all the repairs that need to be made, [&hellip;]<\/p>\n","protected":false},"author":2,"featured_media":14972,"comment_status":"closed","ping_status":"closed","sticky":false,"template":"","format":"standard","meta":{"_eb_attr":"","inline_featured_image":false,"footnotes":""},"categories":[45],"tags":[],"class_list":["post-41595","post","type-post","status-publish","format-standard","has-post-thumbnail","hentry","category-blog"],"featured_image_src":{"landsacpe":["https:\/\/www.asesoriaorihuelacosta.com\/wp-content\/uploads\/2022\/03\/Quien-debe-asumir-las-reparaciones-de-un-local-de-alquiler-1140x445.jpeg",1140,445,true],"list":["https:\/\/www.asesoriaorihuelacosta.com\/wp-content\/uploads\/2022\/03\/Quien-debe-asumir-las-reparaciones-de-un-local-de-alquiler-463x348.jpeg",463,348,true],"medium":["https:\/\/www.asesoriaorihuelacosta.com\/wp-content\/uploads\/2022\/03\/Quien-debe-asumir-las-reparaciones-de-un-local-de-alquiler-300x169.jpeg",300,169,true],"full":["https:\/\/www.asesoriaorihuelacosta.com\/wp-content\/uploads\/2022\/03\/Quien-debe-asumir-las-reparaciones-de-un-local-de-alquiler.jpeg",1280,720,false]},"yoast_head":"<!-- This site is optimized with the Yoast SEO Premium plugin v24.7 (Yoast SEO v27.4) - https:\/\/yoast.com\/product\/yoast-seo-premium-wordpress\/ -->\n<title>Who should take care of the repairs of a rented premises? - Asesor\u00eda Orihuela Costa<\/title>\n<meta name=\"description\" content=\"The repairs that need to be done in a premises and who should pay for them is a complex and important issue. Read all the key points here\" \/>\n<meta name=\"robots\" content=\"index, follow, max-snippet:-1, max-image-preview:large, max-video-preview:-1\" \/>\n<link rel=\"canonical\" href=\"https:\/\/www.asesoriaorihuelacosta.com\/en\/who-should-take-care-of-the-repairs-of-a-rented-premises\/\" \/>\n<meta property=\"og:locale\" content=\"en_US\" \/>\n<meta property=\"og:type\" content=\"article\" \/>\n<meta property=\"og:title\" content=\"Who should take care of the repairs of a rented premises?\" \/>\n<meta property=\"og:description\" content=\"The repairs that need to be done in a premises and who should pay for them is a complex and important issue. Read all the key points here\" \/>\n<meta property=\"og:url\" content=\"https:\/\/www.asesoriaorihuelacosta.com\/en\/who-should-take-care-of-the-repairs-of-a-rented-premises\/\" \/>\n<meta property=\"og:site_name\" content=\"Asesor\u00eda Orihuela Costa\" \/>\n<meta property=\"article:publisher\" content=\"https:\/\/www.facebook.com\/asesoriaorihuelacosta\" \/>\n<meta property=\"article:author\" content=\"https:\/\/www.facebook.com\/patrick.gordinneperez\" \/>\n<meta property=\"article:published_time\" content=\"2022-03-29T08:49:59+00:00\" \/>\n<meta property=\"article:modified_time\" content=\"2025-03-11T06:17:43+00:00\" \/>\n<meta property=\"og:image\" content=\"https:\/\/www.asesoriaorihuelacosta.com\/wp-content\/uploads\/2022\/03\/Quien-debe-asumir-las-reparaciones-de-un-local-de-alquiler.jpeg\" \/>\n\t<meta property=\"og:image:width\" content=\"1280\" \/>\n\t<meta property=\"og:image:height\" content=\"720\" \/>\n\t<meta property=\"og:image:type\" content=\"image\/jpeg\" \/>\n<meta name=\"author\" content=\"Patrick Gordinne Perez\" \/>\n<meta name=\"twitter:card\" content=\"summary_large_image\" \/>\n<meta name=\"twitter:label1\" content=\"Written by\" \/>\n\t<meta name=\"twitter:data1\" content=\"Patrick Gordinne Perez\" \/>\n\t<meta name=\"twitter:label2\" content=\"Est. reading time\" \/>\n\t<meta name=\"twitter:data2\" content=\"4 minutes\" \/>\n<script type=\"application\/ld+json\" class=\"yoast-schema-graph\">{\"@context\":\"https:\\\/\\\/schema.org\",\"@graph\":[{\"@type\":\"Article\",\"@id\":\"https:\\\/\\\/www.asesoriaorihuelacosta.com\\\/en\\\/who-should-take-care-of-the-repairs-of-a-rented-premises\\\/#article\",\"isPartOf\":{\"@id\":\"https:\\\/\\\/www.asesoriaorihuelacosta.com\\\/en\\\/who-should-take-care-of-the-repairs-of-a-rented-premises\\\/\"},\"author\":{\"name\":\"Patrick Gordinne Perez\",\"@id\":\"https:\\\/\\\/www.asesoriaorihuelacosta.com\\\/en\\\/#\\\/schema\\\/person\\\/6614ce8cf6d2de542aaf351629fd539e\"},\"headline\":\"Who should take care of the repairs of a rented premises?\",\"datePublished\":\"2022-03-29T08:49:59+00:00\",\"dateModified\":\"2025-03-11T06:17:43+00:00\",\"mainEntityOfPage\":{\"@id\":\"https:\\\/\\\/www.asesoriaorihuelacosta.com\\\/en\\\/who-should-take-care-of-the-repairs-of-a-rented-premises\\\/\"},\"wordCount\":676,\"publisher\":{\"@id\":\"https:\\\/\\\/www.asesoriaorihuelacosta.com\\\/en\\\/#organization\"},\"image\":{\"@id\":\"https:\\\/\\\/www.asesoriaorihuelacosta.com\\\/en\\\/who-should-take-care-of-the-repairs-of-a-rented-premises\\\/#primaryimage\"},\"thumbnailUrl\":\"https:\\\/\\\/www.asesoriaorihuelacosta.com\\\/wp-content\\\/uploads\\\/2022\\\/03\\\/Quien-debe-asumir-las-reparaciones-de-un-local-de-alquiler.jpeg\",\"articleSection\":[\"Blog\"],\"inLanguage\":\"en-US\"},{\"@type\":\"WebPage\",\"@id\":\"https:\\\/\\\/www.asesoriaorihuelacosta.com\\\/en\\\/who-should-take-care-of-the-repairs-of-a-rented-premises\\\/\",\"url\":\"https:\\\/\\\/www.asesoriaorihuelacosta.com\\\/en\\\/who-should-take-care-of-the-repairs-of-a-rented-premises\\\/\",\"name\":\"Who should take care of the repairs of a rented premises? - Asesor\u00eda Orihuela Costa\",\"isPartOf\":{\"@id\":\"https:\\\/\\\/www.asesoriaorihuelacosta.com\\\/en\\\/#website\"},\"primaryImageOfPage\":{\"@id\":\"https:\\\/\\\/www.asesoriaorihuelacosta.com\\\/en\\\/who-should-take-care-of-the-repairs-of-a-rented-premises\\\/#primaryimage\"},\"image\":{\"@id\":\"https:\\\/\\\/www.asesoriaorihuelacosta.com\\\/en\\\/who-should-take-care-of-the-repairs-of-a-rented-premises\\\/#primaryimage\"},\"thumbnailUrl\":\"https:\\\/\\\/www.asesoriaorihuelacosta.com\\\/wp-content\\\/uploads\\\/2022\\\/03\\\/Quien-debe-asumir-las-reparaciones-de-un-local-de-alquiler.jpeg\",\"datePublished\":\"2022-03-29T08:49:59+00:00\",\"dateModified\":\"2025-03-11T06:17:43+00:00\",\"description\":\"The repairs that need to be done in a premises and who should pay for them is a complex and important issue. Read all the key points here\",\"breadcrumb\":{\"@id\":\"https:\\\/\\\/www.asesoriaorihuelacosta.com\\\/en\\\/who-should-take-care-of-the-repairs-of-a-rented-premises\\\/#breadcrumb\"},\"inLanguage\":\"en-US\",\"potentialAction\":[{\"@type\":\"ReadAction\",\"target\":[\"https:\\\/\\\/www.asesoriaorihuelacosta.com\\\/en\\\/who-should-take-care-of-the-repairs-of-a-rented-premises\\\/\"]}]},{\"@type\":\"ImageObject\",\"inLanguage\":\"en-US\",\"@id\":\"https:\\\/\\\/www.asesoriaorihuelacosta.com\\\/en\\\/who-should-take-care-of-the-repairs-of-a-rented-premises\\\/#primaryimage\",\"url\":\"https:\\\/\\\/www.asesoriaorihuelacosta.com\\\/wp-content\\\/uploads\\\/2022\\\/03\\\/Quien-debe-asumir-las-reparaciones-de-un-local-de-alquiler.jpeg\",\"contentUrl\":\"https:\\\/\\\/www.asesoriaorihuelacosta.com\\\/wp-content\\\/uploads\\\/2022\\\/03\\\/Quien-debe-asumir-las-reparaciones-de-un-local-de-alquiler.jpeg\",\"width\":1280,\"height\":720,\"caption\":\"Qui\u00e9n debe asumir las reparaciones de un local de alquiler\"},{\"@type\":\"BreadcrumbList\",\"@id\":\"https:\\\/\\\/www.asesoriaorihuelacosta.com\\\/en\\\/who-should-take-care-of-the-repairs-of-a-rented-premises\\\/#breadcrumb\",\"itemListElement\":[{\"@type\":\"ListItem\",\"position\":1,\"name\":\"Home\",\"item\":\"https:\\\/\\\/www.asesoriaorihuelacosta.com\\\/en\\\/\"},{\"@type\":\"ListItem\",\"position\":2,\"name\":\"Who should take care of the repairs of a rented premises?\"}]},{\"@type\":\"WebSite\",\"@id\":\"https:\\\/\\\/www.asesoriaorihuelacosta.com\\\/en\\\/#website\",\"url\":\"https:\\\/\\\/www.asesoriaorihuelacosta.com\\\/en\\\/\",\"name\":\"https:\\\/\\\/www.asesoriaorihuelacosta.com\\\/\",\"description\":\"Grupo de asesores profesionales\",\"publisher\":{\"@id\":\"https:\\\/\\\/www.asesoriaorihuelacosta.com\\\/en\\\/#organization\"},\"potentialAction\":[{\"@type\":\"SearchAction\",\"target\":{\"@type\":\"EntryPoint\",\"urlTemplate\":\"https:\\\/\\\/www.asesoriaorihuelacosta.com\\\/en\\\/?s={search_term_string}\"},\"query-input\":{\"@type\":\"PropertyValueSpecification\",\"valueRequired\":true,\"valueName\":\"search_term_string\"}}],\"inLanguage\":\"en-US\"},{\"@type\":\"Organization\",\"@id\":\"https:\\\/\\\/www.asesoriaorihuelacosta.com\\\/en\\\/#organization\",\"name\":\"Asesor\u00eda Orihuela Costa\",\"url\":\"https:\\\/\\\/www.asesoriaorihuelacosta.com\\\/en\\\/\",\"logo\":{\"@type\":\"ImageObject\",\"inLanguage\":\"en-US\",\"@id\":\"https:\\\/\\\/www.asesoriaorihuelacosta.com\\\/en\\\/#\\\/schema\\\/logo\\\/image\\\/\",\"url\":\"https:\\\/\\\/www.asesoriaorihuelacosta.com\\\/wp-content\\\/uploads\\\/2022\\\/06\\\/Logo-espa\u5bf8l-asesoriaorihuela.jpg\",\"contentUrl\":\"https:\\\/\\\/www.asesoriaorihuelacosta.com\\\/wp-content\\\/uploads\\\/2022\\\/06\\\/Logo-espa\u5bf8l-asesoriaorihuela.jpg\",\"width\":588,\"height\":136,\"caption\":\"Asesor\u00eda Orihuela Costa\"},\"image\":{\"@id\":\"https:\\\/\\\/www.asesoriaorihuelacosta.com\\\/en\\\/#\\\/schema\\\/logo\\\/image\\\/\"},\"sameAs\":[\"https:\\\/\\\/www.facebook.com\\\/asesoriaorihuelacosta\"]},{\"@type\":\"Person\",\"@id\":\"https:\\\/\\\/www.asesoriaorihuelacosta.com\\\/en\\\/#\\\/schema\\\/person\\\/6614ce8cf6d2de542aaf351629fd539e\",\"name\":\"Patrick Gordinne Perez\",\"description\":\"Soy economista colegiado por el colegio de economistas de Alicante con el n\u00famero 2722. Llevo ejerciendo desde el a\u00f1o 2005. Soy especialista en fiscalidad de empresas y aut\u00f3nomos y tambi\u00e9n especialista en gestionar compraventas. Hablo espa\u00f1ol, ingl\u00e9s y franc\u00e9s.\",\"sameAs\":[\"https:\\\/\\\/www.asesoriaorihuelacosta.com\",\"https:\\\/\\\/www.facebook.com\\\/patrick.gordinneperez\",\"https:\\\/\\\/www.linkedin.com\\\/in\\\/patrick-gordinne-perez-1b73aab3\\\/\",\"https:\\\/\\\/www.youtube.com\\\/channel\\\/UC5e95RJEVQlxCnhwDmGNVCw\"],\"gender\":\"Hombre\",\"knowsLanguage\":[\"ingl\u00e9s\",\"franc\u00e9s\",\"espa\u00f1ol\"],\"jobTitle\":\"Gerente\",\"worksFor\":\"Asesoria Orihuela Costa SL\"}]}<\/script>\n<!-- \/ Yoast SEO Premium plugin. -->","yoast_head_json":{"title":"Who should take care of the repairs of a rented premises? - Asesor\u00eda Orihuela Costa","description":"The repairs that need to be done in a premises and who should pay for them is a complex and important issue. Read all the key points here","robots":{"index":"index","follow":"follow","max-snippet":"max-snippet:-1","max-image-preview":"max-image-preview:large","max-video-preview":"max-video-preview:-1"},"canonical":"https:\/\/www.asesoriaorihuelacosta.com\/en\/who-should-take-care-of-the-repairs-of-a-rented-premises\/","og_locale":"en_US","og_type":"article","og_title":"Who should take care of the repairs of a rented premises?","og_description":"The repairs that need to be done in a premises and who should pay for them is a complex and important issue. Read all the key points here","og_url":"https:\/\/www.asesoriaorihuelacosta.com\/en\/who-should-take-care-of-the-repairs-of-a-rented-premises\/","og_site_name":"Asesor\u00eda Orihuela Costa","article_publisher":"https:\/\/www.facebook.com\/asesoriaorihuelacosta","article_author":"https:\/\/www.facebook.com\/patrick.gordinneperez","article_published_time":"2022-03-29T08:49:59+00:00","article_modified_time":"2025-03-11T06:17:43+00:00","og_image":[{"width":1280,"height":720,"url":"https:\/\/www.asesoriaorihuelacosta.com\/wp-content\/uploads\/2022\/03\/Quien-debe-asumir-las-reparaciones-de-un-local-de-alquiler.jpeg","type":"image\/jpeg"}],"author":"Patrick Gordinne Perez","twitter_card":"summary_large_image","twitter_misc":{"Written by":"Patrick Gordinne Perez","Est. reading time":"4 minutes"},"schema":{"@context":"https:\/\/schema.org","@graph":[{"@type":"Article","@id":"https:\/\/www.asesoriaorihuelacosta.com\/en\/who-should-take-care-of-the-repairs-of-a-rented-premises\/#article","isPartOf":{"@id":"https:\/\/www.asesoriaorihuelacosta.com\/en\/who-should-take-care-of-the-repairs-of-a-rented-premises\/"},"author":{"name":"Patrick Gordinne Perez","@id":"https:\/\/www.asesoriaorihuelacosta.com\/en\/#\/schema\/person\/6614ce8cf6d2de542aaf351629fd539e"},"headline":"Who should take care of the repairs of a rented premises?","datePublished":"2022-03-29T08:49:59+00:00","dateModified":"2025-03-11T06:17:43+00:00","mainEntityOfPage":{"@id":"https:\/\/www.asesoriaorihuelacosta.com\/en\/who-should-take-care-of-the-repairs-of-a-rented-premises\/"},"wordCount":676,"publisher":{"@id":"https:\/\/www.asesoriaorihuelacosta.com\/en\/#organization"},"image":{"@id":"https:\/\/www.asesoriaorihuelacosta.com\/en\/who-should-take-care-of-the-repairs-of-a-rented-premises\/#primaryimage"},"thumbnailUrl":"https:\/\/www.asesoriaorihuelacosta.com\/wp-content\/uploads\/2022\/03\/Quien-debe-asumir-las-reparaciones-de-un-local-de-alquiler.jpeg","articleSection":["Blog"],"inLanguage":"en-US"},{"@type":"WebPage","@id":"https:\/\/www.asesoriaorihuelacosta.com\/en\/who-should-take-care-of-the-repairs-of-a-rented-premises\/","url":"https:\/\/www.asesoriaorihuelacosta.com\/en\/who-should-take-care-of-the-repairs-of-a-rented-premises\/","name":"Who should take care of the repairs of a rented premises? - Asesor\u00eda Orihuela Costa","isPartOf":{"@id":"https:\/\/www.asesoriaorihuelacosta.com\/en\/#website"},"primaryImageOfPage":{"@id":"https:\/\/www.asesoriaorihuelacosta.com\/en\/who-should-take-care-of-the-repairs-of-a-rented-premises\/#primaryimage"},"image":{"@id":"https:\/\/www.asesoriaorihuelacosta.com\/en\/who-should-take-care-of-the-repairs-of-a-rented-premises\/#primaryimage"},"thumbnailUrl":"https:\/\/www.asesoriaorihuelacosta.com\/wp-content\/uploads\/2022\/03\/Quien-debe-asumir-las-reparaciones-de-un-local-de-alquiler.jpeg","datePublished":"2022-03-29T08:49:59+00:00","dateModified":"2025-03-11T06:17:43+00:00","description":"The repairs that need to be done in a premises and who should pay for them is a complex and important issue. Read all the key points here","breadcrumb":{"@id":"https:\/\/www.asesoriaorihuelacosta.com\/en\/who-should-take-care-of-the-repairs-of-a-rented-premises\/#breadcrumb"},"inLanguage":"en-US","potentialAction":[{"@type":"ReadAction","target":["https:\/\/www.asesoriaorihuelacosta.com\/en\/who-should-take-care-of-the-repairs-of-a-rented-premises\/"]}]},{"@type":"ImageObject","inLanguage":"en-US","@id":"https:\/\/www.asesoriaorihuelacosta.com\/en\/who-should-take-care-of-the-repairs-of-a-rented-premises\/#primaryimage","url":"https:\/\/www.asesoriaorihuelacosta.com\/wp-content\/uploads\/2022\/03\/Quien-debe-asumir-las-reparaciones-de-un-local-de-alquiler.jpeg","contentUrl":"https:\/\/www.asesoriaorihuelacosta.com\/wp-content\/uploads\/2022\/03\/Quien-debe-asumir-las-reparaciones-de-un-local-de-alquiler.jpeg","width":1280,"height":720,"caption":"Qui\u00e9n debe asumir las reparaciones de un local de alquiler"},{"@type":"BreadcrumbList","@id":"https:\/\/www.asesoriaorihuelacosta.com\/en\/who-should-take-care-of-the-repairs-of-a-rented-premises\/#breadcrumb","itemListElement":[{"@type":"ListItem","position":1,"name":"Home","item":"https:\/\/www.asesoriaorihuelacosta.com\/en\/"},{"@type":"ListItem","position":2,"name":"Who should take care of the repairs of a rented premises?"}]},{"@type":"WebSite","@id":"https:\/\/www.asesoriaorihuelacosta.com\/en\/#website","url":"https:\/\/www.asesoriaorihuelacosta.com\/en\/","name":"https:\/\/www.asesoriaorihuelacosta.com\/","description":"Grupo de asesores profesionales","publisher":{"@id":"https:\/\/www.asesoriaorihuelacosta.com\/en\/#organization"},"potentialAction":[{"@type":"SearchAction","target":{"@type":"EntryPoint","urlTemplate":"https:\/\/www.asesoriaorihuelacosta.com\/en\/?s={search_term_string}"},"query-input":{"@type":"PropertyValueSpecification","valueRequired":true,"valueName":"search_term_string"}}],"inLanguage":"en-US"},{"@type":"Organization","@id":"https:\/\/www.asesoriaorihuelacosta.com\/en\/#organization","name":"Asesor\u00eda Orihuela Costa","url":"https:\/\/www.asesoriaorihuelacosta.com\/en\/","logo":{"@type":"ImageObject","inLanguage":"en-US","@id":"https:\/\/www.asesoriaorihuelacosta.com\/en\/#\/schema\/logo\/image\/","url":"https:\/\/www.asesoriaorihuelacosta.com\/wp-content\/uploads\/2022\/06\/Logo-espa\u5bf8l-asesoriaorihuela.jpg","contentUrl":"https:\/\/www.asesoriaorihuelacosta.com\/wp-content\/uploads\/2022\/06\/Logo-espa\u5bf8l-asesoriaorihuela.jpg","width":588,"height":136,"caption":"Asesor\u00eda Orihuela Costa"},"image":{"@id":"https:\/\/www.asesoriaorihuelacosta.com\/en\/#\/schema\/logo\/image\/"},"sameAs":["https:\/\/www.facebook.com\/asesoriaorihuelacosta"]},{"@type":"Person","@id":"https:\/\/www.asesoriaorihuelacosta.com\/en\/#\/schema\/person\/6614ce8cf6d2de542aaf351629fd539e","name":"Patrick Gordinne Perez","description":"Soy economista colegiado por el colegio de economistas de Alicante con el n\u00famero 2722. Llevo ejerciendo desde el a\u00f1o 2005. Soy especialista en fiscalidad de empresas y aut\u00f3nomos y tambi\u00e9n especialista en gestionar compraventas. Hablo espa\u00f1ol, ingl\u00e9s y franc\u00e9s.","sameAs":["https:\/\/www.asesoriaorihuelacosta.com","https:\/\/www.facebook.com\/patrick.gordinneperez","https:\/\/www.linkedin.com\/in\/patrick-gordinne-perez-1b73aab3\/","https:\/\/www.youtube.com\/channel\/UC5e95RJEVQlxCnhwDmGNVCw"],"gender":"Hombre","knowsLanguage":["ingl\u00e9s","franc\u00e9s","espa\u00f1ol"],"jobTitle":"Gerente","worksFor":"Asesoria Orihuela Costa SL"}]}},"_links":{"self":[{"href":"https:\/\/www.asesoriaorihuelacosta.com\/en\/wp-json\/wp\/v2\/posts\/41595","targetHints":{"allow":["GET"]}}],"collection":[{"href":"https:\/\/www.asesoriaorihuelacosta.com\/en\/wp-json\/wp\/v2\/posts"}],"about":[{"href":"https:\/\/www.asesoriaorihuelacosta.com\/en\/wp-json\/wp\/v2\/types\/post"}],"author":[{"embeddable":true,"href":"https:\/\/www.asesoriaorihuelacosta.com\/en\/wp-json\/wp\/v2\/users\/2"}],"replies":[{"embeddable":true,"href":"https:\/\/www.asesoriaorihuelacosta.com\/en\/wp-json\/wp\/v2\/comments?post=41595"}],"version-history":[{"count":7,"href":"https:\/\/www.asesoriaorihuelacosta.com\/en\/wp-json\/wp\/v2\/posts\/41595\/revisions"}],"predecessor-version":[{"id":41602,"href":"https:\/\/www.asesoriaorihuelacosta.com\/en\/wp-json\/wp\/v2\/posts\/41595\/revisions\/41602"}],"wp:featuredmedia":[{"embeddable":true,"href":"https:\/\/www.asesoriaorihuelacosta.com\/en\/wp-json\/wp\/v2\/media\/14972"}],"wp:attachment":[{"href":"https:\/\/www.asesoriaorihuelacosta.com\/en\/wp-json\/wp\/v2\/media?parent=41595"}],"wp:term":[{"taxonomy":"category","embeddable":true,"href":"https:\/\/www.asesoriaorihuelacosta.com\/en\/wp-json\/wp\/v2\/categories?post=41595"},{"taxonomy":"post_tag","embeddable":true,"href":"https:\/\/www.asesoriaorihuelacosta.com\/en\/wp-json\/wp\/v2\/tags?post=41595"}],"curies":[{"name":"wp","href":"https:\/\/api.w.org\/{rel}","templated":true}]}}