{"id":41080,"date":"2025-02-27T05:44:01","date_gmt":"2025-02-27T05:44:01","guid":{"rendered":"https:\/\/www.asesoriaorihuelacosta.com\/?p=41080"},"modified":"2025-03-02T05:09:41","modified_gmt":"2025-03-02T05:09:41","slug":"exempt-minimum-increase-in-the-nmw-in-spain-and-effects-on-the-income-2025","status":"publish","type":"post","link":"https:\/\/www.asesoriaorihuelacosta.com\/en\/exempt-minimum-increase-in-the-nmw-in-spain-and-effects-on-the-income-2025\/","title":{"rendered":"Exempt minimum: increase in the NMW in Spain and effects on the INCOME 2025"},"content":{"rendered":"\t\t<div data-elementor-type=\"wp-post\" data-elementor-id=\"41080\" class=\"elementor elementor-41080\" data-elementor-post-type=\"post\">\n\t\t\t\t\t\t<section data-particle_enable=\"false\" data-particle-mobile-disabled=\"false\" class=\"elementor-section elementor-top-section elementor-element elementor-element-e411e3c elementor-section-boxed elementor-section-height-default elementor-section-height-default\" data-id=\"e411e3c\" data-element_type=\"section\" data-e-type=\"section\">\r\n\t\t\r\n\t\t\t\t\t\t\t<div class=\"elementor-container elementor-column-gap-default\">\r\n\t\t\t\t\t\t\t\t\t\t\t<div class=\"elementor-column elementor-col-100 elementor-top-column elementor-element elementor-element-452be36\" data-id=\"452be36\" data-element_type=\"column\" data-e-type=\"column\">\r\n\t\t\t\t\t<div class=\"elementor-widget-wrap elementor-element-populated\">\r\n\t\t\t\t\t\t\t\t<div class=\"elementor-element elementor-element-5c2ac4d elementor-widget elementor-widget-text-editor\" data-id=\"5c2ac4d\" data-element_type=\"widget\" data-e-type=\"widget\" data-widget_type=\"text-editor.default\">\n\t\t\t\t<div class=\"elementor-widget-container\">\n\t\t\t\t\t\t\t\t\t<p>In recent times, there has been a lot of commotion in the press and television about the exempt minimum.<\/p><p>In this article we will try to answer the following question:<\/p><p>If you receive the SMI interprofessional minimum wage in 2025, do you have to pay tax or not?<\/p><p>But first of all, we are going to clarify the most important terms so that there is no confusion.<\/p>\t\t\t\t\t\t\t\t<\/div>\n\t\t\t\t<\/div>\n\t\t\t\t\t<\/div>\r\n\t\t\t\t<\/div>\r\n\t\t\t\t\t<\/div>\r\n\t\t\t\t<\/section>\r\n\t\t\t\t<section data-particle_enable=\"false\" data-particle-mobile-disabled=\"false\" class=\"elementor-section elementor-top-section elementor-element elementor-element-b39c051 elementor-section-boxed elementor-section-height-default elementor-section-height-default\" data-id=\"b39c051\" data-element_type=\"section\" data-e-type=\"section\">\r\n\t\t\r\n\t\t\t\t\t\t\t<div class=\"elementor-container elementor-column-gap-default\">\r\n\t\t\t\t\t\t\t\t\t\t\t<div class=\"elementor-column elementor-col-100 elementor-top-column elementor-element elementor-element-5fd3558\" data-id=\"5fd3558\" data-element_type=\"column\" data-e-type=\"column\">\r\n\t\t\t\t\t<div class=\"elementor-widget-wrap elementor-element-populated\">\r\n\t\t\t\t\t\t\t\t<div class=\"elementor-element elementor-element-7bc169a elementor-widget elementor-widget-heading\" data-id=\"7bc169a\" data-element_type=\"widget\" data-e-type=\"widget\" data-widget_type=\"heading.default\">\n\t\t\t\t<div class=\"elementor-widget-container\">\n\t\t\t\t\t<h2 class=\"elementor-heading-title elementor-size-default\">What is the exempt minimum?<\/h2>\t\t\t\t<\/div>\n\t\t\t\t<\/div>\n\t\t\t\t\t<\/div>\r\n\t\t\t\t<\/div>\r\n\t\t\t\t\t<\/div>\r\n\t\t\t\t<\/section>\r\n\t\t\t\t<section data-particle_enable=\"false\" data-particle-mobile-disabled=\"false\" class=\"elementor-section elementor-top-section elementor-element elementor-element-fc7ae77 elementor-section-boxed elementor-section-height-default elementor-section-height-default\" data-id=\"fc7ae77\" data-element_type=\"section\" data-e-type=\"section\">\r\n\t\t\r\n\t\t\t\t\t\t\t<div class=\"elementor-container elementor-column-gap-default\">\r\n\t\t\t\t\t\t\t\t\t\t\t<div class=\"elementor-column elementor-col-100 elementor-top-column elementor-element elementor-element-16332c0\" data-id=\"16332c0\" data-element_type=\"column\" data-e-type=\"column\">\r\n\t\t\t\t\t<div class=\"elementor-widget-wrap elementor-element-populated\">\r\n\t\t\t\t\t\t\t\t<div class=\"elementor-element elementor-element-bfaa66f elementor-widget elementor-widget-text-editor\" data-id=\"bfaa66f\" data-element_type=\"widget\" data-e-type=\"widget\" data-widget_type=\"text-editor.default\">\n\t\t\t\t<div class=\"elementor-widget-container\">\n\t\t\t\t\t\t\t\t\t<p>The exempt minimum wage is the minimum wage you receive and for which you do not have to pay taxes.<\/p><p>From the first euro that exceeds the exempt minimum wage, you start paying taxes.<\/p><p>Be very careful, we are talking about gross amounts, amounts with taxes included not what the employer pays on the payroll if it is above the NMW.<\/p>\t\t\t\t\t\t\t\t<\/div>\n\t\t\t\t<\/div>\n\t\t\t\t\t<\/div>\r\n\t\t\t\t<\/div>\r\n\t\t\t\t\t<\/div>\r\n\t\t\t\t<\/section>\r\n\t\t\t\t<section data-particle_enable=\"false\" data-particle-mobile-disabled=\"false\" class=\"elementor-section elementor-top-section elementor-element elementor-element-88594b9 elementor-section-boxed elementor-section-height-default elementor-section-height-default\" data-id=\"88594b9\" data-element_type=\"section\" data-e-type=\"section\">\r\n\t\t\r\n\t\t\t\t\t\t\t<div class=\"elementor-container elementor-column-gap-default\">\r\n\t\t\t\t\t\t\t\t\t\t\t<div class=\"elementor-column elementor-col-100 elementor-top-column elementor-element elementor-element-3c5008a\" data-id=\"3c5008a\" data-element_type=\"column\" data-e-type=\"column\">\r\n\t\t\t\t\t<div class=\"elementor-widget-wrap elementor-element-populated\">\r\n\t\t\t\t\t\t\t\t<div class=\"elementor-element elementor-element-04eefb0 elementor-widget elementor-widget-heading\" data-id=\"04eefb0\" data-element_type=\"widget\" data-e-type=\"widget\" data-widget_type=\"heading.default\">\n\t\t\t\t<div class=\"elementor-widget-container\">\n\t\t\t\t\t<h2 class=\"elementor-heading-title elementor-size-default\">What is the National Minimum Wage in Spain (SMI)?<\/h2>\t\t\t\t<\/div>\n\t\t\t\t<\/div>\n\t\t\t\t\t<\/div>\r\n\t\t\t\t<\/div>\r\n\t\t\t\t\t<\/div>\r\n\t\t\t\t<\/section>\r\n\t\t\t\t<section data-particle_enable=\"false\" data-particle-mobile-disabled=\"false\" class=\"elementor-section elementor-top-section elementor-element elementor-element-3d10b5f elementor-section-boxed elementor-section-height-default elementor-section-height-default\" data-id=\"3d10b5f\" data-element_type=\"section\" data-e-type=\"section\">\r\n\t\t\r\n\t\t\t\t\t\t\t<div class=\"elementor-container elementor-column-gap-default\">\r\n\t\t\t\t\t\t\t\t\t\t\t<div class=\"elementor-column elementor-col-100 elementor-top-column elementor-element elementor-element-1f649cb\" data-id=\"1f649cb\" data-element_type=\"column\" data-e-type=\"column\">\r\n\t\t\t\t\t<div class=\"elementor-widget-wrap elementor-element-populated\">\r\n\t\t\t\t\t\t\t\t<div class=\"elementor-element elementor-element-8d86044 elementor-widget elementor-widget-text-editor\" data-id=\"8d86044\" data-element_type=\"widget\" data-e-type=\"widget\" data-widget_type=\"text-editor.default\">\n\t\t\t\t<div class=\"elementor-widget-container\">\n\t\t\t\t\t\t\t\t\t<p>The interprofessional minimum wage SMI is the minimum wage that the employer has to pay for his work and that is imposed by law.<\/p><p>\u00a0<\/p><p>That is, the employer, company or self-employed person cannot pay you below the interprofessional minimum wage.<\/p>\t\t\t\t\t\t\t\t<\/div>\n\t\t\t\t<\/div>\n\t\t\t\t\t<\/div>\r\n\t\t\t\t<\/div>\r\n\t\t\t\t\t<\/div>\r\n\t\t\t\t<\/section>\r\n\t\t\t\t<section data-particle_enable=\"false\" data-particle-mobile-disabled=\"false\" class=\"elementor-section elementor-top-section elementor-element elementor-element-bb5e079 elementor-section-boxed elementor-section-height-default elementor-section-height-default\" data-id=\"bb5e079\" data-element_type=\"section\" data-e-type=\"section\">\r\n\t\t\r\n\t\t\t\t\t\t\t<div class=\"elementor-container elementor-column-gap-default\">\r\n\t\t\t\t\t\t\t\t\t\t\t<div class=\"elementor-column elementor-col-100 elementor-top-column elementor-element elementor-element-bfc4d45\" data-id=\"bfc4d45\" data-element_type=\"column\" data-e-type=\"column\">\r\n\t\t\t\t\t<div class=\"elementor-widget-wrap elementor-element-populated\">\r\n\t\t\t\t\t\t\t\t<div class=\"elementor-element elementor-element-e47b785 elementor-widget elementor-widget-heading\" data-id=\"e47b785\" data-element_type=\"widget\" data-e-type=\"widget\" data-widget_type=\"heading.default\">\n\t\t\t\t<div class=\"elementor-widget-container\">\n\t\t\t\t\t<h2 class=\"elementor-heading-title elementor-size-default\">What is a payroll withholding?<\/h2>\t\t\t\t<\/div>\n\t\t\t\t<\/div>\n\t\t\t\t\t<\/div>\r\n\t\t\t\t<\/div>\r\n\t\t\t\t\t<\/div>\r\n\t\t\t\t<\/section>\r\n\t\t\t\t<section data-particle_enable=\"false\" data-particle-mobile-disabled=\"false\" class=\"elementor-section elementor-top-section elementor-element elementor-element-affcd34 elementor-section-boxed elementor-section-height-default elementor-section-height-default\" data-id=\"affcd34\" data-element_type=\"section\" data-e-type=\"section\">\r\n\t\t\r\n\t\t\t\t\t\t\t<div class=\"elementor-container elementor-column-gap-default\">\r\n\t\t\t\t\t\t\t\t\t\t\t<div class=\"elementor-column elementor-col-100 elementor-top-column elementor-element elementor-element-47e21d3\" data-id=\"47e21d3\" data-element_type=\"column\" data-e-type=\"column\">\r\n\t\t\t\t\t<div class=\"elementor-widget-wrap elementor-element-populated\">\r\n\t\t\t\t\t\t\t\t<div class=\"elementor-element elementor-element-2cceab0 elementor-widget elementor-widget-text-editor\" data-id=\"2cceab0\" data-element_type=\"widget\" data-e-type=\"widget\" data-widget_type=\"text-editor.default\">\n\t\t\t\t<div class=\"elementor-widget-container\">\n\t\t\t\t\t\t\t\t\t<p>A withholding is a part of your salary that your employer does not pay you and pays it directly to the treasury.<\/p><p>That is, the withholding is a part of your taxes.<\/p><p>The tax system is designed in such a way that the one who owes you money for your salary, pays a part of your taxes directly to the treasury.<\/p>\t\t\t\t\t\t\t\t<\/div>\n\t\t\t\t<\/div>\n\t\t\t\t\t<\/div>\r\n\t\t\t\t<\/div>\r\n\t\t\t\t\t<\/div>\r\n\t\t\t\t<\/section>\r\n\t\t\t\t<section data-particle_enable=\"false\" data-particle-mobile-disabled=\"false\" class=\"elementor-section elementor-top-section elementor-element elementor-element-d2c5ce4 elementor-section-boxed elementor-section-height-default elementor-section-height-default\" data-id=\"d2c5ce4\" data-element_type=\"section\" data-e-type=\"section\">\r\n\t\t\r\n\t\t\t\t\t\t\t<div class=\"elementor-container elementor-column-gap-default\">\r\n\t\t\t\t\t\t\t\t\t\t\t<div class=\"elementor-column elementor-col-100 elementor-top-column elementor-element elementor-element-9e745c0\" data-id=\"9e745c0\" data-element_type=\"column\" data-e-type=\"column\">\r\n\t\t\t\t\t<div class=\"elementor-widget-wrap elementor-element-populated\">\r\n\t\t\t\t\t\t\t\t<div class=\"elementor-element elementor-element-41efa09 elementor-widget elementor-widget-heading\" data-id=\"41efa09\" data-element_type=\"widget\" data-e-type=\"widget\" data-widget_type=\"heading.default\">\n\t\t\t\t<div class=\"elementor-widget-container\">\n\t\t\t\t\t<h2 class=\"elementor-heading-title elementor-size-default\">What does it mean to tax?<\/h2>\t\t\t\t<\/div>\n\t\t\t\t<\/div>\n\t\t\t\t\t<\/div>\r\n\t\t\t\t<\/div>\r\n\t\t\t\t\t<\/div>\r\n\t\t\t\t<\/section>\r\n\t\t\t\t<section data-particle_enable=\"false\" data-particle-mobile-disabled=\"false\" class=\"elementor-section elementor-top-section elementor-element elementor-element-9a26768 elementor-section-boxed elementor-section-height-default elementor-section-height-default\" data-id=\"9a26768\" data-element_type=\"section\" data-e-type=\"section\">\r\n\t\t\r\n\t\t\t\t\t\t\t<div class=\"elementor-container elementor-column-gap-default\">\r\n\t\t\t\t\t\t\t\t\t\t\t<div class=\"elementor-column elementor-col-100 elementor-top-column elementor-element elementor-element-e1d0c37\" data-id=\"e1d0c37\" data-element_type=\"column\" data-e-type=\"column\">\r\n\t\t\t\t\t<div class=\"elementor-widget-wrap elementor-element-populated\">\r\n\t\t\t\t\t\t\t\t<div class=\"elementor-element elementor-element-8a10220 elementor-widget elementor-widget-text-editor\" data-id=\"8a10220\" data-element_type=\"widget\" data-e-type=\"widget\" data-widget_type=\"text-editor.default\">\n\t\t\t\t<div class=\"elementor-widget-container\">\n\t\t\t\t\t\t\t\t\t<p>It&#8217;s okay, it seems like an obvious question. Taxing means paying taxes.<\/p><p>But according to our experience, there are many people who are confused, because they think that if they don&#8217;t have to make the rent, they don&#8217;t pay taxes and it&#8217;s a wrong assessment.<\/p><p>If you charge above the SMI, you already pay taxes on your payroll. Indeed<\/p><p>The employer or self-employed person deducts a part of your salary on your payroll because the law obliges him to withhold you (take away a part of your salary that he pays you) and pay it to the treasury.<\/p><p>That is, the withholdings made by the employer are part of your taxes, not the taxes of the employer or self-employed.<\/p><p>Now, it will depend on your personal situation whether or not you get paid back on the rent.<\/p>\t\t\t\t\t\t\t\t<\/div>\n\t\t\t\t<\/div>\n\t\t\t\t\t<\/div>\r\n\t\t\t\t<\/div>\r\n\t\t\t\t\t<\/div>\r\n\t\t\t\t<\/section>\r\n\t\t\t\t<section data-particle_enable=\"false\" data-particle-mobile-disabled=\"false\" class=\"elementor-section elementor-top-section elementor-element elementor-element-842fbbe elementor-section-boxed elementor-section-height-default elementor-section-height-default\" data-id=\"842fbbe\" data-element_type=\"section\" data-e-type=\"section\">\r\n\t\t\r\n\t\t\t\t\t\t\t<div class=\"elementor-container elementor-column-gap-default\">\r\n\t\t\t\t\t\t\t\t\t\t\t<div class=\"elementor-column elementor-col-100 elementor-top-column elementor-element elementor-element-850b705\" data-id=\"850b705\" data-element_type=\"column\" data-e-type=\"column\">\r\n\t\t\t\t\t<div class=\"elementor-widget-wrap elementor-element-populated\">\r\n\t\t\t\t\t\t\t\t<div class=\"elementor-element elementor-element-bb0fdad elementor-widget elementor-widget-heading\" data-id=\"bb0fdad\" data-element_type=\"widget\" data-e-type=\"widget\" data-widget_type=\"heading.default\">\n\t\t\t\t<div class=\"elementor-widget-container\">\n\t\t\t\t\t<h2 class=\"elementor-heading-title elementor-size-default\">Increase in the SMI 2025 above the exempt minimum<\/h2>\t\t\t\t<\/div>\n\t\t\t\t<\/div>\n\t\t\t\t\t<\/div>\r\n\t\t\t\t<\/div>\r\n\t\t\t\t\t<\/div>\r\n\t\t\t\t<\/section>\r\n\t\t\t\t<section data-particle_enable=\"false\" data-particle-mobile-disabled=\"false\" class=\"elementor-section elementor-top-section elementor-element elementor-element-46db046 elementor-section-boxed elementor-section-height-default elementor-section-height-default\" data-id=\"46db046\" data-element_type=\"section\" data-e-type=\"section\">\r\n\t\t\r\n\t\t\t\t\t\t\t<div class=\"elementor-container elementor-column-gap-default\">\r\n\t\t\t\t\t\t\t\t\t\t\t<div class=\"elementor-column elementor-col-100 elementor-top-column elementor-element elementor-element-85b3a3e\" data-id=\"85b3a3e\" data-element_type=\"column\" data-e-type=\"column\">\r\n\t\t\t\t\t<div class=\"elementor-widget-wrap elementor-element-populated\">\r\n\t\t\t\t\t\t\t\t<div class=\"elementor-element elementor-element-b14e667 elementor-widget elementor-widget-text-editor\" data-id=\"b14e667\" data-element_type=\"widget\" data-e-type=\"widget\" data-widget_type=\"text-editor.default\">\n\t\t\t\t<div class=\"elementor-widget-container\">\n\t\t\t\t\t\t\t\t\t<h3>The SMI in 2025 increases by \u20ac700.<\/h3><p>In 2024 the interprofessional minimum wage was \u20ac15,876<\/p><p>In 2025 the interprofessional minimum wage (SMI 2025) will be \u20ac16,576 (in the BOE the SMI that is paid per month comes out and must be multiplied by 14 payments)<\/p><p>That is, it has increased by \u20ac700.<\/p><p>However, some of its employees who are collecting the SMI are worried, since &#8211; according to the press &#8211; this may force them to have to pay personal income tax in 2025 (when until now they did not have that obligation).<\/p><p>\u00a0<\/p><h3>The SMI in 2025 \u00a0is above the exempt minimum<\/h3><p>This is because the salary that these workers will receive in 2025 will exceed the amount of the exempt minimum up to which there is no obligation to bear withholding on the gross salary received: 15,876 euros from 2024 (in that year, the SMI and said exempt minimum were of the same amount).<\/p><p>In Christian, this means that in 2024 the SMI was equal to the exempt minimum but in 2025 and it is no longer so, the SMI is above the exempt minimum.<\/p><p>Well, reassure your workers and inform them that in many cases they will continue to be exempt from withholding and that, if they finally have to endure it, in general this will not force them to file personal income tax.<\/p>\t\t\t\t\t\t\t\t<\/div>\n\t\t\t\t<\/div>\n\t\t\t\t\t<\/div>\r\n\t\t\t\t<\/div>\r\n\t\t\t\t\t<\/div>\r\n\t\t\t\t<\/section>\r\n\t\t\t\t<section data-particle_enable=\"false\" data-particle-mobile-disabled=\"false\" class=\"elementor-section elementor-top-section elementor-element elementor-element-6d1b0f0 elementor-section-boxed elementor-section-height-default elementor-section-height-default\" data-id=\"6d1b0f0\" data-element_type=\"section\" data-e-type=\"section\">\r\n\t\t\r\n\t\t\t\t\t\t\t<div class=\"elementor-container elementor-column-gap-default\">\r\n\t\t\t\t\t\t\t\t\t\t\t<div class=\"elementor-column elementor-col-100 elementor-top-column elementor-element elementor-element-078d016\" data-id=\"078d016\" data-element_type=\"column\" data-e-type=\"column\">\r\n\t\t\t\t\t<div class=\"elementor-widget-wrap elementor-element-populated\">\r\n\t\t\t\t\t\t\t\t<div class=\"elementor-element elementor-element-a9fd7b3 elementor-widget elementor-widget-heading\" data-id=\"a9fd7b3\" data-element_type=\"widget\" data-e-type=\"widget\" data-widget_type=\"heading.default\">\n\t\t\t\t<div class=\"elementor-widget-container\">\n\t\t\t\t\t<h2 class=\"elementor-heading-title elementor-size-default\">Withholding by collecting the SMI<\/h2>\t\t\t\t<\/div>\n\t\t\t\t<\/div>\n\t\t\t\t\t<\/div>\r\n\t\t\t\t<\/div>\r\n\t\t\t\t\t<\/div>\r\n\t\t\t\t<\/section>\r\n\t\t\t\t<section data-particle_enable=\"false\" data-particle-mobile-disabled=\"false\" class=\"elementor-section elementor-top-section elementor-element elementor-element-190dbbe elementor-section-boxed elementor-section-height-default elementor-section-height-default\" data-id=\"190dbbe\" data-element_type=\"section\" data-e-type=\"section\">\r\n\t\t\r\n\t\t\t\t\t\t\t<div class=\"elementor-container elementor-column-gap-default\">\r\n\t\t\t\t\t\t\t\t\t\t\t<div class=\"elementor-column elementor-col-100 elementor-top-column elementor-element elementor-element-b805398\" data-id=\"b805398\" data-element_type=\"column\" data-e-type=\"column\">\r\n\t\t\t\t\t<div class=\"elementor-widget-wrap elementor-element-populated\">\r\n\t\t\t\t\t\t\t\t<div class=\"elementor-element elementor-element-935507e elementor-widget elementor-widget-text-editor\" data-id=\"935507e\" data-element_type=\"widget\" data-e-type=\"widget\" data-widget_type=\"text-editor.default\">\n\t\t\t\t<div class=\"elementor-widget-container\">\n\t\t\t\t\t\t\t\t\t<h3>It all depends on your family situation<\/h3><p>As we have said before, if in 2025 it is above the SMI, that is, 16,576 euros, the employer may practice payroll withholding.<\/p><p>Let&#8217;s see in which cases they are going to detain him.<\/p><p>This will depend on your personal situation (the one you will have declared to the company using <a href=\"https:\/\/www.asesoriaorihuelacosta.com\/en\/form-145-everything-you-need-to-know-about-your-personal-income-tax-withholdings\/\" target=\"_blank\" rel=\"noopener\">form 145<\/a>).<\/p><p>Like this:<\/p><h3>Situations 1 and 2<\/h3><p>If the employee is a parent of a single-parent family entitled to a reduction in personal income tax for declaring together with the children (situation 1) or is married and his spouse does not obtain income exceeding 1,500 euros (situation 2), he will continue to be exempt from withholding tax, since the exempt minimum in these cases is higher.<\/p><h3>Situation 3<\/h3><p>In other cases, if the worker has two or more children who entitle him to the minimum for descendants, they should not withhold anything either (in that case, the exempt minimum is \u20ac16,867, which is an amount somewhat higher than the SMI).<\/p><p>However, if the employee has no children or only has one, the exempt minimum is less than the SMI and the company is obliged to retain (unless there are other circumstances that make there no retention, such as a disability).<\/p><h4>SMI with withholding<\/h4><p>In any case, in the latter case the maximum withholding that the company must practice in the payroll will be reduced:<\/p><ul><li>About 300 euros per year if the worker has no children.<\/li><li>99 euros per year if you have only one child.<\/li><\/ul>\t\t\t\t\t\t\t\t<\/div>\n\t\t\t\t<\/div>\n\t\t\t\t\t<\/div>\r\n\t\t\t\t<\/div>\r\n\t\t\t\t\t<\/div>\r\n\t\t\t\t<\/section>\r\n\t\t\t\t<section data-particle_enable=\"false\" data-particle-mobile-disabled=\"false\" class=\"elementor-section elementor-top-section elementor-element elementor-element-a21464a elementor-section-boxed elementor-section-height-default elementor-section-height-default\" data-id=\"a21464a\" data-element_type=\"section\" data-e-type=\"section\">\r\n\t\t\r\n\t\t\t\t\t\t\t<div class=\"elementor-container elementor-column-gap-default\">\r\n\t\t\t\t\t\t\t\t\t\t\t<div class=\"elementor-column elementor-col-100 elementor-top-column elementor-element elementor-element-aec0d0d\" data-id=\"aec0d0d\" data-element_type=\"column\" data-e-type=\"column\">\r\n\t\t\t\t\t<div class=\"elementor-widget-wrap elementor-element-populated\">\r\n\t\t\t\t\t\t\t\t<div class=\"elementor-element elementor-element-4233f68 elementor-widget elementor-widget-heading\" data-id=\"4233f68\" data-element_type=\"widget\" data-e-type=\"widget\" data-widget_type=\"heading.default\">\n\t\t\t\t<div class=\"elementor-widget-container\">\n\t\t\t\t\t<h2 class=\"elementor-heading-title elementor-size-default\">Do I have an obligation to make the RENT if I charge above the minimum event?<\/h2>\t\t\t\t<\/div>\n\t\t\t\t<\/div>\n\t\t\t\t\t<\/div>\r\n\t\t\t\t<\/div>\r\n\t\t\t\t\t<\/div>\r\n\t\t\t\t<\/section>\r\n\t\t\t\t<section data-particle_enable=\"false\" data-particle-mobile-disabled=\"false\" class=\"elementor-section elementor-top-section elementor-element elementor-element-f24d843 elementor-section-boxed elementor-section-height-default elementor-section-height-default\" data-id=\"f24d843\" data-element_type=\"section\" data-e-type=\"section\">\r\n\t\t\r\n\t\t\t\t\t\t\t<div class=\"elementor-container elementor-column-gap-default\">\r\n\t\t\t\t\t\t\t\t\t\t\t<div class=\"elementor-column elementor-col-100 elementor-top-column elementor-element elementor-element-412522c\" data-id=\"412522c\" data-element_type=\"column\" data-e-type=\"column\">\r\n\t\t\t\t\t<div class=\"elementor-widget-wrap elementor-element-populated\">\r\n\t\t\t\t\t\t\t\t<div class=\"elementor-element elementor-element-b86f7d4 elementor-widget elementor-widget-text-editor\" data-id=\"b86f7d4\" data-element_type=\"widget\" data-e-type=\"widget\" data-widget_type=\"text-editor.default\">\n\t\t\t\t<div class=\"elementor-widget-container\">\n\t\t\t\t\t\t\t\t\t<h3>In general, I am not obliged to present the Income if I am above the exempt minimum<\/h3><p>Remember that the fact that you are retained on the payroll does not mean that you are obliged to present the income<\/p><p>In general, if their annual salaries are less than 22,000 euros, they will not be obliged to do so.<\/p><p>They should only submit it if, in addition to the remuneration they receive from their company, they also collected income from the work of other payers who, who, exceeded 1,500 euros.<\/p><h3>Declaration of the INCOME to be returned<\/h3><p>However, even if they are not obliged to declare, recommend that when the time they check what the result of the personal income tax of 2025 would be if they declared, since they could be entitled to request the return of all or part of the withholding tax incurred (if they were entitled to any deduction, for example).<\/p><p>The result of the declaration may be different depending on the autonomous community and the rates and incentives that are applied there.<\/p>\t\t\t\t\t\t\t\t<\/div>\n\t\t\t\t<\/div>\n\t\t\t\t\t<\/div>\r\n\t\t\t\t<\/div>\r\n\t\t\t\t\t<\/div>\r\n\t\t\t\t<\/section>\r\n\t\t\t\t<section data-particle_enable=\"false\" data-particle-mobile-disabled=\"false\" class=\"elementor-section elementor-top-section elementor-element elementor-element-9819c93 elementor-section-boxed elementor-section-height-default elementor-section-height-default\" data-id=\"9819c93\" data-element_type=\"section\" data-e-type=\"section\">\r\n\t\t\r\n\t\t\t\t\t\t\t<div class=\"elementor-container elementor-column-gap-default\">\r\n\t\t\t\t\t\t\t\t\t\t\t<div class=\"elementor-column elementor-col-100 elementor-top-column elementor-element elementor-element-9a204ec\" data-id=\"9a204ec\" data-element_type=\"column\" data-e-type=\"column\">\r\n\t\t\t\t\t<div class=\"elementor-widget-wrap elementor-element-populated\">\r\n\t\t\t\t\t\t\t\t<div class=\"elementor-element elementor-element-a4da96e elementor-widget elementor-widget-heading\" data-id=\"a4da96e\" data-element_type=\"widget\" data-e-type=\"widget\" data-widget_type=\"heading.default\">\n\t\t\t\t<div class=\"elementor-widget-container\">\n\t\t\t\t\t<h2 class=\"elementor-heading-title elementor-size-default\">In conclusion<\/h2>\t\t\t\t<\/div>\n\t\t\t\t<\/div>\n\t\t\t\t\t<\/div>\r\n\t\t\t\t<\/div>\r\n\t\t\t\t\t<\/div>\r\n\t\t\t\t<\/section>\r\n\t\t\t\t<section data-particle_enable=\"false\" data-particle-mobile-disabled=\"false\" class=\"elementor-section elementor-top-section elementor-element elementor-element-b9ba0f8 elementor-section-boxed elementor-section-height-default elementor-section-height-default\" data-id=\"b9ba0f8\" data-element_type=\"section\" data-e-type=\"section\">\r\n\t\t\r\n\t\t\t\t\t\t\t<div class=\"elementor-container elementor-column-gap-default\">\r\n\t\t\t\t\t\t\t\t\t\t\t<div class=\"elementor-column elementor-col-100 elementor-top-column elementor-element elementor-element-64e7fd5\" data-id=\"64e7fd5\" data-element_type=\"column\" data-e-type=\"column\">\r\n\t\t\t\t\t<div class=\"elementor-widget-wrap elementor-element-populated\">\r\n\t\t\t\t\t\t\t\t<div class=\"elementor-element elementor-element-6849c5e elementor-widget elementor-widget-text-editor\" data-id=\"6849c5e\" data-element_type=\"widget\" data-e-type=\"widget\" data-widget_type=\"text-editor.default\">\n\t\t\t\t<div class=\"elementor-widget-container\">\n\t\t\t\t\t\t\t\t\t<p>If your workers receive the NMW in Spain, in general you should only withhold them if in form 145 they have declared that they are in situation 3 and have no children or only have one. In that case, however, they may be able to ask for a refund in their personal income tax.<\/p>\t\t\t\t\t\t\t\t<\/div>\n\t\t\t\t<\/div>\n\t\t\t\t\t<\/div>\r\n\t\t\t\t<\/div>\r\n\t\t\t\t\t<\/div>\r\n\t\t\t\t<\/section>\r\n\t\t\t\t<\/div>\n\t\t","protected":false},"excerpt":{"rendered":"<p>In recent times, there has been a lot of commotion in the press and television about the exempt minimum. In this article we will try to answer the following question: If you receive the SMI interprofessional minimum wage in 2025, do you have to pay tax or not? But first of all, we are going [&hellip;]<\/p>\n","protected":false},"author":2,"featured_media":40982,"comment_status":"closed","ping_status":"closed","sticky":false,"template":"","format":"standard","meta":{"_eb_attr":"","inline_featured_image":false,"footnotes":""},"categories":[45],"tags":[],"class_list":["post-41080","post","type-post","status-publish","format-standard","has-post-thumbnail","hentry","category-blog"],"featured_image_src":{"landsacpe":["https:\/\/www.asesoriaorihuelacosta.com\/wp-content\/uploads\/2025\/02\/minimo-exento-1140x445.webp",1140,445,true],"list":["https:\/\/www.asesoriaorihuelacosta.com\/wp-content\/uploads\/2025\/02\/minimo-exento-463x348.webp",463,348,true],"medium":["https:\/\/www.asesoriaorihuelacosta.com\/wp-content\/uploads\/2025\/02\/minimo-exento-300x169.webp",300,169,true],"full":["https:\/\/www.asesoriaorihuelacosta.com\/wp-content\/uploads\/2025\/02\/minimo-exento.webp",1280,720,false]},"yoast_head":"<!-- This site is optimized with the Yoast SEO Premium plugin v24.7 (Yoast SEO v27.5) - https:\/\/yoast.com\/product\/yoast-seo-premium-wordpress\/ -->\n<title>Exempt minimum: NMW increase and effects on the INCOME 2025 - Asesor\u00eda Orihuela Costa<\/title>\n<meta name=\"description\" content=\"Find out what the exempt minimum is and how it can affect your personal finances. In this article we will try to solve your doubts.\" \/>\n<meta name=\"robots\" content=\"index, follow, max-snippet:-1, max-image-preview:large, max-video-preview:-1\" \/>\n<link rel=\"canonical\" href=\"https:\/\/www.asesoriaorihuelacosta.com\/en\/exempt-minimum-increase-in-the-nmw-in-spain-and-effects-on-the-income-2025\/\" \/>\n<meta property=\"og:locale\" content=\"en_US\" \/>\n<meta property=\"og:type\" content=\"article\" \/>\n<meta property=\"og:title\" content=\"Exempt minimum: increase in the NMW in Spain and effects on the INCOME 2025\" \/>\n<meta property=\"og:description\" content=\"Find out what the exempt minimum is and how it can affect your personal finances. In this article we will try to solve your doubts.\" \/>\n<meta property=\"og:url\" content=\"https:\/\/www.asesoriaorihuelacosta.com\/en\/exempt-minimum-increase-in-the-nmw-in-spain-and-effects-on-the-income-2025\/\" \/>\n<meta property=\"og:site_name\" content=\"Asesor\u00eda Orihuela Costa\" \/>\n<meta property=\"article:publisher\" content=\"https:\/\/www.facebook.com\/asesoriaorihuelacosta\" \/>\n<meta property=\"article:author\" content=\"https:\/\/www.facebook.com\/patrick.gordinneperez\" \/>\n<meta property=\"article:published_time\" content=\"2025-02-27T05:44:01+00:00\" \/>\n<meta property=\"article:modified_time\" content=\"2025-03-02T05:09:41+00:00\" \/>\n<meta property=\"og:image\" content=\"https:\/\/www.asesoriaorihuelacosta.com\/wp-content\/uploads\/2025\/02\/minimo-exento.webp\" \/>\n\t<meta property=\"og:image:width\" content=\"1280\" \/>\n\t<meta property=\"og:image:height\" content=\"720\" \/>\n\t<meta property=\"og:image:type\" content=\"image\/webp\" \/>\n<meta name=\"author\" content=\"Patrick Gordinne Perez\" \/>\n<meta name=\"twitter:card\" content=\"summary_large_image\" \/>\n<meta name=\"twitter:label1\" content=\"Written by\" \/>\n\t<meta name=\"twitter:data1\" content=\"Patrick Gordinne Perez\" \/>\n\t<meta name=\"twitter:label2\" content=\"Est. reading time\" \/>\n\t<meta name=\"twitter:data2\" content=\"6 minutes\" \/>\n<script type=\"application\/ld+json\" class=\"yoast-schema-graph\">{\"@context\":\"https:\\\/\\\/schema.org\",\"@graph\":[{\"@type\":\"Article\",\"@id\":\"https:\\\/\\\/www.asesoriaorihuelacosta.com\\\/en\\\/exempt-minimum-increase-in-the-nmw-in-spain-and-effects-on-the-income-2025\\\/#article\",\"isPartOf\":{\"@id\":\"https:\\\/\\\/www.asesoriaorihuelacosta.com\\\/en\\\/exempt-minimum-increase-in-the-nmw-in-spain-and-effects-on-the-income-2025\\\/\"},\"author\":{\"name\":\"Patrick Gordinne Perez\",\"@id\":\"https:\\\/\\\/www.asesoriaorihuelacosta.com\\\/en\\\/#\\\/schema\\\/person\\\/6614ce8cf6d2de542aaf351629fd539e\"},\"headline\":\"Exempt minimum: increase in the NMW in Spain and effects on the INCOME 2025\",\"datePublished\":\"2025-02-27T05:44:01+00:00\",\"dateModified\":\"2025-03-02T05:09:41+00:00\",\"mainEntityOfPage\":{\"@id\":\"https:\\\/\\\/www.asesoriaorihuelacosta.com\\\/en\\\/exempt-minimum-increase-in-the-nmw-in-spain-and-effects-on-the-income-2025\\\/\"},\"wordCount\":1116,\"publisher\":{\"@id\":\"https:\\\/\\\/www.asesoriaorihuelacosta.com\\\/en\\\/#organization\"},\"image\":{\"@id\":\"https:\\\/\\\/www.asesoriaorihuelacosta.com\\\/en\\\/exempt-minimum-increase-in-the-nmw-in-spain-and-effects-on-the-income-2025\\\/#primaryimage\"},\"thumbnailUrl\":\"https:\\\/\\\/www.asesoriaorihuelacosta.com\\\/wp-content\\\/uploads\\\/2025\\\/02\\\/minimo-exento.webp\",\"articleSection\":[\"Blog\"],\"inLanguage\":\"en-US\"},{\"@type\":\"WebPage\",\"@id\":\"https:\\\/\\\/www.asesoriaorihuelacosta.com\\\/en\\\/exempt-minimum-increase-in-the-nmw-in-spain-and-effects-on-the-income-2025\\\/\",\"url\":\"https:\\\/\\\/www.asesoriaorihuelacosta.com\\\/en\\\/exempt-minimum-increase-in-the-nmw-in-spain-and-effects-on-the-income-2025\\\/\",\"name\":\"Exempt minimum: NMW increase and effects on the INCOME 2025 - Asesor\u00eda Orihuela Costa\",\"isPartOf\":{\"@id\":\"https:\\\/\\\/www.asesoriaorihuelacosta.com\\\/en\\\/#website\"},\"primaryImageOfPage\":{\"@id\":\"https:\\\/\\\/www.asesoriaorihuelacosta.com\\\/en\\\/exempt-minimum-increase-in-the-nmw-in-spain-and-effects-on-the-income-2025\\\/#primaryimage\"},\"image\":{\"@id\":\"https:\\\/\\\/www.asesoriaorihuelacosta.com\\\/en\\\/exempt-minimum-increase-in-the-nmw-in-spain-and-effects-on-the-income-2025\\\/#primaryimage\"},\"thumbnailUrl\":\"https:\\\/\\\/www.asesoriaorihuelacosta.com\\\/wp-content\\\/uploads\\\/2025\\\/02\\\/minimo-exento.webp\",\"datePublished\":\"2025-02-27T05:44:01+00:00\",\"dateModified\":\"2025-03-02T05:09:41+00:00\",\"description\":\"Find out what the exempt minimum is and how it can affect your personal finances. In this article we will try to solve your doubts.\",\"breadcrumb\":{\"@id\":\"https:\\\/\\\/www.asesoriaorihuelacosta.com\\\/en\\\/exempt-minimum-increase-in-the-nmw-in-spain-and-effects-on-the-income-2025\\\/#breadcrumb\"},\"inLanguage\":\"en-US\",\"potentialAction\":[{\"@type\":\"ReadAction\",\"target\":[\"https:\\\/\\\/www.asesoriaorihuelacosta.com\\\/en\\\/exempt-minimum-increase-in-the-nmw-in-spain-and-effects-on-the-income-2025\\\/\"]}]},{\"@type\":\"ImageObject\",\"inLanguage\":\"en-US\",\"@id\":\"https:\\\/\\\/www.asesoriaorihuelacosta.com\\\/en\\\/exempt-minimum-increase-in-the-nmw-in-spain-and-effects-on-the-income-2025\\\/#primaryimage\",\"url\":\"https:\\\/\\\/www.asesoriaorihuelacosta.com\\\/wp-content\\\/uploads\\\/2025\\\/02\\\/minimo-exento.webp\",\"contentUrl\":\"https:\\\/\\\/www.asesoriaorihuelacosta.com\\\/wp-content\\\/uploads\\\/2025\\\/02\\\/minimo-exento.webp\",\"width\":1280,\"height\":720,\"caption\":\"minimo exento\"},{\"@type\":\"BreadcrumbList\",\"@id\":\"https:\\\/\\\/www.asesoriaorihuelacosta.com\\\/en\\\/exempt-minimum-increase-in-the-nmw-in-spain-and-effects-on-the-income-2025\\\/#breadcrumb\",\"itemListElement\":[{\"@type\":\"ListItem\",\"position\":1,\"name\":\"Home\",\"item\":\"https:\\\/\\\/www.asesoriaorihuelacosta.com\\\/en\\\/\"},{\"@type\":\"ListItem\",\"position\":2,\"name\":\"Exempt minimum: increase in the NMW in Spain and effects on the INCOME 2025\"}]},{\"@type\":\"WebSite\",\"@id\":\"https:\\\/\\\/www.asesoriaorihuelacosta.com\\\/en\\\/#website\",\"url\":\"https:\\\/\\\/www.asesoriaorihuelacosta.com\\\/en\\\/\",\"name\":\"https:\\\/\\\/www.asesoriaorihuelacosta.com\\\/\",\"description\":\"Grupo de asesores profesionales\",\"publisher\":{\"@id\":\"https:\\\/\\\/www.asesoriaorihuelacosta.com\\\/en\\\/#organization\"},\"potentialAction\":[{\"@type\":\"SearchAction\",\"target\":{\"@type\":\"EntryPoint\",\"urlTemplate\":\"https:\\\/\\\/www.asesoriaorihuelacosta.com\\\/en\\\/?s={search_term_string}\"},\"query-input\":{\"@type\":\"PropertyValueSpecification\",\"valueRequired\":true,\"valueName\":\"search_term_string\"}}],\"inLanguage\":\"en-US\"},{\"@type\":\"Organization\",\"@id\":\"https:\\\/\\\/www.asesoriaorihuelacosta.com\\\/en\\\/#organization\",\"name\":\"Asesor\u00eda Orihuela Costa\",\"url\":\"https:\\\/\\\/www.asesoriaorihuelacosta.com\\\/en\\\/\",\"logo\":{\"@type\":\"ImageObject\",\"inLanguage\":\"en-US\",\"@id\":\"https:\\\/\\\/www.asesoriaorihuelacosta.com\\\/en\\\/#\\\/schema\\\/logo\\\/image\\\/\",\"url\":\"https:\\\/\\\/www.asesoriaorihuelacosta.com\\\/wp-content\\\/uploads\\\/2022\\\/06\\\/Logo-espa\u5bf8l-asesoriaorihuela.jpg\",\"contentUrl\":\"https:\\\/\\\/www.asesoriaorihuelacosta.com\\\/wp-content\\\/uploads\\\/2022\\\/06\\\/Logo-espa\u5bf8l-asesoriaorihuela.jpg\",\"width\":588,\"height\":136,\"caption\":\"Asesor\u00eda Orihuela Costa\"},\"image\":{\"@id\":\"https:\\\/\\\/www.asesoriaorihuelacosta.com\\\/en\\\/#\\\/schema\\\/logo\\\/image\\\/\"},\"sameAs\":[\"https:\\\/\\\/www.facebook.com\\\/asesoriaorihuelacosta\"]},{\"@type\":\"Person\",\"@id\":\"https:\\\/\\\/www.asesoriaorihuelacosta.com\\\/en\\\/#\\\/schema\\\/person\\\/6614ce8cf6d2de542aaf351629fd539e\",\"name\":\"Patrick Gordinne Perez\",\"description\":\"Soy economista colegiado por el colegio de economistas de Alicante con el n\u00famero 2722. Llevo ejerciendo desde el a\u00f1o 2005. Soy especialista en fiscalidad de empresas y aut\u00f3nomos y tambi\u00e9n especialista en gestionar compraventas. Hablo espa\u00f1ol, ingl\u00e9s y franc\u00e9s.\",\"sameAs\":[\"https:\\\/\\\/www.asesoriaorihuelacosta.com\",\"https:\\\/\\\/www.facebook.com\\\/patrick.gordinneperez\",\"https:\\\/\\\/www.linkedin.com\\\/in\\\/patrick-gordinne-perez-1b73aab3\\\/\",\"https:\\\/\\\/www.youtube.com\\\/channel\\\/UC5e95RJEVQlxCnhwDmGNVCw\"],\"gender\":\"Hombre\",\"knowsLanguage\":[\"ingl\u00e9s\",\"franc\u00e9s\",\"espa\u00f1ol\"],\"jobTitle\":\"Gerente\",\"worksFor\":\"Asesoria Orihuela Costa SL\"}]}<\/script>\n<!-- \/ Yoast SEO Premium plugin. -->","yoast_head_json":{"title":"Exempt minimum: NMW increase and effects on the INCOME 2025 - Asesor\u00eda Orihuela Costa","description":"Find out what the exempt minimum is and how it can affect your personal finances. In this article we will try to solve your doubts.","robots":{"index":"index","follow":"follow","max-snippet":"max-snippet:-1","max-image-preview":"max-image-preview:large","max-video-preview":"max-video-preview:-1"},"canonical":"https:\/\/www.asesoriaorihuelacosta.com\/en\/exempt-minimum-increase-in-the-nmw-in-spain-and-effects-on-the-income-2025\/","og_locale":"en_US","og_type":"article","og_title":"Exempt minimum: increase in the NMW in Spain and effects on the INCOME 2025","og_description":"Find out what the exempt minimum is and how it can affect your personal finances. In this article we will try to solve your doubts.","og_url":"https:\/\/www.asesoriaorihuelacosta.com\/en\/exempt-minimum-increase-in-the-nmw-in-spain-and-effects-on-the-income-2025\/","og_site_name":"Asesor\u00eda Orihuela Costa","article_publisher":"https:\/\/www.facebook.com\/asesoriaorihuelacosta","article_author":"https:\/\/www.facebook.com\/patrick.gordinneperez","article_published_time":"2025-02-27T05:44:01+00:00","article_modified_time":"2025-03-02T05:09:41+00:00","og_image":[{"width":1280,"height":720,"url":"https:\/\/www.asesoriaorihuelacosta.com\/wp-content\/uploads\/2025\/02\/minimo-exento.webp","type":"image\/webp"}],"author":"Patrick Gordinne Perez","twitter_card":"summary_large_image","twitter_misc":{"Written by":"Patrick Gordinne Perez","Est. reading time":"6 minutes"},"schema":{"@context":"https:\/\/schema.org","@graph":[{"@type":"Article","@id":"https:\/\/www.asesoriaorihuelacosta.com\/en\/exempt-minimum-increase-in-the-nmw-in-spain-and-effects-on-the-income-2025\/#article","isPartOf":{"@id":"https:\/\/www.asesoriaorihuelacosta.com\/en\/exempt-minimum-increase-in-the-nmw-in-spain-and-effects-on-the-income-2025\/"},"author":{"name":"Patrick Gordinne Perez","@id":"https:\/\/www.asesoriaorihuelacosta.com\/en\/#\/schema\/person\/6614ce8cf6d2de542aaf351629fd539e"},"headline":"Exempt minimum: increase in the NMW in Spain and effects on the INCOME 2025","datePublished":"2025-02-27T05:44:01+00:00","dateModified":"2025-03-02T05:09:41+00:00","mainEntityOfPage":{"@id":"https:\/\/www.asesoriaorihuelacosta.com\/en\/exempt-minimum-increase-in-the-nmw-in-spain-and-effects-on-the-income-2025\/"},"wordCount":1116,"publisher":{"@id":"https:\/\/www.asesoriaorihuelacosta.com\/en\/#organization"},"image":{"@id":"https:\/\/www.asesoriaorihuelacosta.com\/en\/exempt-minimum-increase-in-the-nmw-in-spain-and-effects-on-the-income-2025\/#primaryimage"},"thumbnailUrl":"https:\/\/www.asesoriaorihuelacosta.com\/wp-content\/uploads\/2025\/02\/minimo-exento.webp","articleSection":["Blog"],"inLanguage":"en-US"},{"@type":"WebPage","@id":"https:\/\/www.asesoriaorihuelacosta.com\/en\/exempt-minimum-increase-in-the-nmw-in-spain-and-effects-on-the-income-2025\/","url":"https:\/\/www.asesoriaorihuelacosta.com\/en\/exempt-minimum-increase-in-the-nmw-in-spain-and-effects-on-the-income-2025\/","name":"Exempt minimum: NMW increase and effects on the INCOME 2025 - Asesor\u00eda Orihuela Costa","isPartOf":{"@id":"https:\/\/www.asesoriaorihuelacosta.com\/en\/#website"},"primaryImageOfPage":{"@id":"https:\/\/www.asesoriaorihuelacosta.com\/en\/exempt-minimum-increase-in-the-nmw-in-spain-and-effects-on-the-income-2025\/#primaryimage"},"image":{"@id":"https:\/\/www.asesoriaorihuelacosta.com\/en\/exempt-minimum-increase-in-the-nmw-in-spain-and-effects-on-the-income-2025\/#primaryimage"},"thumbnailUrl":"https:\/\/www.asesoriaorihuelacosta.com\/wp-content\/uploads\/2025\/02\/minimo-exento.webp","datePublished":"2025-02-27T05:44:01+00:00","dateModified":"2025-03-02T05:09:41+00:00","description":"Find out what the exempt minimum is and how it can affect your personal finances. In this article we will try to solve your doubts.","breadcrumb":{"@id":"https:\/\/www.asesoriaorihuelacosta.com\/en\/exempt-minimum-increase-in-the-nmw-in-spain-and-effects-on-the-income-2025\/#breadcrumb"},"inLanguage":"en-US","potentialAction":[{"@type":"ReadAction","target":["https:\/\/www.asesoriaorihuelacosta.com\/en\/exempt-minimum-increase-in-the-nmw-in-spain-and-effects-on-the-income-2025\/"]}]},{"@type":"ImageObject","inLanguage":"en-US","@id":"https:\/\/www.asesoriaorihuelacosta.com\/en\/exempt-minimum-increase-in-the-nmw-in-spain-and-effects-on-the-income-2025\/#primaryimage","url":"https:\/\/www.asesoriaorihuelacosta.com\/wp-content\/uploads\/2025\/02\/minimo-exento.webp","contentUrl":"https:\/\/www.asesoriaorihuelacosta.com\/wp-content\/uploads\/2025\/02\/minimo-exento.webp","width":1280,"height":720,"caption":"minimo exento"},{"@type":"BreadcrumbList","@id":"https:\/\/www.asesoriaorihuelacosta.com\/en\/exempt-minimum-increase-in-the-nmw-in-spain-and-effects-on-the-income-2025\/#breadcrumb","itemListElement":[{"@type":"ListItem","position":1,"name":"Home","item":"https:\/\/www.asesoriaorihuelacosta.com\/en\/"},{"@type":"ListItem","position":2,"name":"Exempt minimum: increase in the NMW in Spain and effects on the INCOME 2025"}]},{"@type":"WebSite","@id":"https:\/\/www.asesoriaorihuelacosta.com\/en\/#website","url":"https:\/\/www.asesoriaorihuelacosta.com\/en\/","name":"https:\/\/www.asesoriaorihuelacosta.com\/","description":"Grupo de asesores profesionales","publisher":{"@id":"https:\/\/www.asesoriaorihuelacosta.com\/en\/#organization"},"potentialAction":[{"@type":"SearchAction","target":{"@type":"EntryPoint","urlTemplate":"https:\/\/www.asesoriaorihuelacosta.com\/en\/?s={search_term_string}"},"query-input":{"@type":"PropertyValueSpecification","valueRequired":true,"valueName":"search_term_string"}}],"inLanguage":"en-US"},{"@type":"Organization","@id":"https:\/\/www.asesoriaorihuelacosta.com\/en\/#organization","name":"Asesor\u00eda Orihuela Costa","url":"https:\/\/www.asesoriaorihuelacosta.com\/en\/","logo":{"@type":"ImageObject","inLanguage":"en-US","@id":"https:\/\/www.asesoriaorihuelacosta.com\/en\/#\/schema\/logo\/image\/","url":"https:\/\/www.asesoriaorihuelacosta.com\/wp-content\/uploads\/2022\/06\/Logo-espa\u5bf8l-asesoriaorihuela.jpg","contentUrl":"https:\/\/www.asesoriaorihuelacosta.com\/wp-content\/uploads\/2022\/06\/Logo-espa\u5bf8l-asesoriaorihuela.jpg","width":588,"height":136,"caption":"Asesor\u00eda Orihuela Costa"},"image":{"@id":"https:\/\/www.asesoriaorihuelacosta.com\/en\/#\/schema\/logo\/image\/"},"sameAs":["https:\/\/www.facebook.com\/asesoriaorihuelacosta"]},{"@type":"Person","@id":"https:\/\/www.asesoriaorihuelacosta.com\/en\/#\/schema\/person\/6614ce8cf6d2de542aaf351629fd539e","name":"Patrick Gordinne Perez","description":"Soy economista colegiado por el colegio de economistas de Alicante con el n\u00famero 2722. Llevo ejerciendo desde el a\u00f1o 2005. Soy especialista en fiscalidad de empresas y aut\u00f3nomos y tambi\u00e9n especialista en gestionar compraventas. Hablo espa\u00f1ol, ingl\u00e9s y franc\u00e9s.","sameAs":["https:\/\/www.asesoriaorihuelacosta.com","https:\/\/www.facebook.com\/patrick.gordinneperez","https:\/\/www.linkedin.com\/in\/patrick-gordinne-perez-1b73aab3\/","https:\/\/www.youtube.com\/channel\/UC5e95RJEVQlxCnhwDmGNVCw"],"gender":"Hombre","knowsLanguage":["ingl\u00e9s","franc\u00e9s","espa\u00f1ol"],"jobTitle":"Gerente","worksFor":"Asesoria Orihuela Costa SL"}]}},"_links":{"self":[{"href":"https:\/\/www.asesoriaorihuelacosta.com\/en\/wp-json\/wp\/v2\/posts\/41080","targetHints":{"allow":["GET"]}}],"collection":[{"href":"https:\/\/www.asesoriaorihuelacosta.com\/en\/wp-json\/wp\/v2\/posts"}],"about":[{"href":"https:\/\/www.asesoriaorihuelacosta.com\/en\/wp-json\/wp\/v2\/types\/post"}],"author":[{"embeddable":true,"href":"https:\/\/www.asesoriaorihuelacosta.com\/en\/wp-json\/wp\/v2\/users\/2"}],"replies":[{"embeddable":true,"href":"https:\/\/www.asesoriaorihuelacosta.com\/en\/wp-json\/wp\/v2\/comments?post=41080"}],"version-history":[{"count":23,"href":"https:\/\/www.asesoriaorihuelacosta.com\/en\/wp-json\/wp\/v2\/posts\/41080\/revisions"}],"predecessor-version":[{"id":41113,"href":"https:\/\/www.asesoriaorihuelacosta.com\/en\/wp-json\/wp\/v2\/posts\/41080\/revisions\/41113"}],"wp:featuredmedia":[{"embeddable":true,"href":"https:\/\/www.asesoriaorihuelacosta.com\/en\/wp-json\/wp\/v2\/media\/40982"}],"wp:attachment":[{"href":"https:\/\/www.asesoriaorihuelacosta.com\/en\/wp-json\/wp\/v2\/media?parent=41080"}],"wp:term":[{"taxonomy":"category","embeddable":true,"href":"https:\/\/www.asesoriaorihuelacosta.com\/en\/wp-json\/wp\/v2\/categories?post=41080"},{"taxonomy":"post_tag","embeddable":true,"href":"https:\/\/www.asesoriaorihuelacosta.com\/en\/wp-json\/wp\/v2\/tags?post=41080"}],"curies":[{"name":"wp","href":"https:\/\/api.w.org\/{rel}","templated":true}]}}