{"id":39293,"date":"2022-03-30T08:49:33","date_gmt":"2022-03-30T08:49:33","guid":{"rendered":"https:\/\/www.asesoriaorihuelacosta.com\/?p=39293"},"modified":"2025-01-19T20:46:33","modified_gmt":"2025-01-19T20:46:33","slug":"de-escalation-of-the-alarm-state-here-is-how-each-phase-will-take-place","status":"publish","type":"post","link":"https:\/\/www.asesoriaorihuelacosta.com\/en\/de-escalation-of-the-alarm-state-here-is-how-each-phase-will-take-place\/","title":{"rendered":"De-escalation of the alarm state, here is how each phase will take place"},"content":{"rendered":"\t\t<div data-elementor-type=\"wp-post\" data-elementor-id=\"39293\" class=\"elementor elementor-39293\" data-elementor-post-type=\"post\">\n\t\t\t\t\t\t<section data-particle_enable=\"false\" data-particle-mobile-disabled=\"false\" class=\"elementor-section elementor-top-section elementor-element elementor-element-c9785cb elementor-section-boxed elementor-section-height-default elementor-section-height-default\" data-id=\"c9785cb\" data-element_type=\"section\" data-e-type=\"section\">\r\n\t\t\r\n\t\t\t\t\t\t\t<div class=\"elementor-container elementor-column-gap-default\">\r\n\t\t\t\t\t\t\t\t\t\t\t<div class=\"elementor-column elementor-col-100 elementor-top-column elementor-element elementor-element-ce4d79d\" data-id=\"ce4d79d\" data-element_type=\"column\" data-e-type=\"column\">\r\n\t\t\t\t\t<div class=\"elementor-widget-wrap elementor-element-populated\">\r\n\t\t\t\t\t\t\t\t<div class=\"elementor-element elementor-element-300b563 elementor-widget elementor-widget-text-editor\" data-id=\"300b563\" data-element_type=\"widget\" data-e-type=\"widget\" data-widget_type=\"text-editor.default\">\n\t\t\t\t<div class=\"elementor-widget-container\">\n\t\t\t\t\t\t\t\t\t<p>On 28 April, the government presented the de-escalation plan in response to the crisis caused by the Coronavirus (COVID-19), known as the &#8220;Plan for transition to a new normality&#8221;, which comprises four phases (Phase 0, Phase 1, Phase 2 and Phase 3), during which the economic sectors will be opened up and the population&#8217;s restrictions and social contacts will be relaxed depending on how the pandemic develops in each region. This de-escalation plan will begin on 4 May and, in the best-case scenario, will end on 21 June.<\/p><p>Timetable for the transition to a new normal<\/p><p>The four phases of the government&#8217;s de-escalation plan are phase 0, which will run from at least 4 to 10 May; phase 1, which will run from at least 11 to 24 May; phase 2, which will run from at least 25 May to 8 June; and phase 4, which will run from at least 9 to 21 June, with the &#8220;new normal&#8221; beginning, in the best-case scenario, on 26 June.<\/p><p>Generally speaking, the movement of people between provinces will be prohibited for the duration of the de-escalation plan. Intra-provincial travel will be allowed with restrictions, but inter-provincial travel will not be permitted, except for professional reasons or to attend a wake. The use of masks in the workplace, in public places and on public transport is also strongly recommended.<\/p><p>Phase 0: premises by appointment<\/p><p>In concrete terms, the plan provides for an initial &#8220;zero phase&#8221;, in which &#8220;small openings of economic activity&#8221; will be authorised, with the opening of small premises and establishments with prior appointment for individual customer service, such as the opening of restaurants with takeaway service, without consumption on the premises and with &#8220;maximum&#8221; protection, or the opening of centres for individual training and basic training for professional leagues.<\/p><p>Phase 1: small shops and terraces, with limitations<\/p><p>Phase 1&#8243;, which is due to begin across the board on 11 May, will see a partial start to activities, with small street shops opening under &#8220;strict&#8221; security conditions, but shopping centres or large shopping parks, where crowds are more likely to occur, will not be open.<\/p><p>This phase includes the opening of restaurant terraces with a 30% occupancy limit and an initial phase of opening in hotels and tourist accommodation, including hotels and tourist accommodation, but excluding communal areas and with certain restrictions set by the Department of Health.<\/p><p>Preferential opening hours for the over-65s<\/p><p>In addition, premises will be opened with preferential opening hours for the over-65s, who will constitute a priority group, activity in the agri-food and fishing sectors will be resumed and places of worship will be opened with a capacity of one third.<\/p><p>There are also plans to open centres for high performance teams and medium-level training in professional leagues. In public transport, the use of protective masks will be strongly recommended in all phases.<\/p><p>Phase 2: interior space and a return to leisure and culture<\/p><p>For &#8220;phase 2&#8221; or the &#8220;intermediate&#8221; phase, if the criteria are met, the opening of the indoor restaurant space is envisaged, with one third of the capacity and only for table service, the start of the school year in September and the resumption of hunting and sport fishing.<\/p><p>Leisure and culture are also making a comeback, with cinemas, theatres and auditoriums with pre-assigned seats and a capacity limited to one-third, monument visiting activities and exhibition and conference halls with a capacity of one-third, while cultural events and shows can be organised for fewer than 50 people in enclosed venues, also with a capacity limited to one-third.<\/p><p>If the performance is outdoors, it will be permitted if it is attended by fewer than 400 people, provided they are seated. Places of worship will limit the number of seats to 50% during this second phase.<\/p><p>Phase 3: further easing of restrictions<\/p><p>During &#8220;phase 3&#8221; or the &#8220;advanced&#8221; phase, the last until the &#8220;new normal&#8221; is restored, once the required markers have been reached, general mobility will be relaxed, but the recommendation to wear a mask outside the home and on public transport will be maintained.<\/p><p>In shops, capacity will be limited to 50% and a minimum distance of two metres will be imposed. In restaurants, capacity and occupancy limits will be relaxed, but still under &#8220;strict conditions of separation&#8221;. The opening of beaches is planned for this final phase, Mr S\u00e1nchez said.<\/p><p>In any case, he pointed out that &#8220;there will be no mobility between provinces or islands until normality is reached&#8221; after the coronavirus pandemic, and that it will not be possible to move from one province to another until each of them has passed through the phases.<\/p><p>Can a worker included in a HWRA return to work?<\/p><p>For a worker included in the ERTE to be able to return to work, you must remove him from the ERTE by following the steps below:<\/p><p>1. notify your company&#8217;s labour department, before the start of work, of the intention to disaffect him, as we must report his new situation to the SEPE and social security.<\/p><p>2. Give the worker sufficient notice.<\/p><p>3. The consequences of deregistration are as follows:<\/p><p>a) For the worker: he will receive unemployment benefit until the day before he starts work and, from that day onwards, he will receive his salary directly from the company.<\/p><p>b) For the company: it will begin to pay the employee and social security contributions will no longer be exempt.<\/p><p>As a result, both the company and the employee revert to the situation and obligations that existed before the declaration of redundancy was submitted.<\/p><p>It should be borne in mind that once the worker has been dismissed, it is no longer possible to include him again in the ERTE. If the worker is to be included in an ERTE, a new ERTE must be submitted and the consequences and costs analysed.<\/p>\t\t\t\t\t\t\t\t<\/div>\n\t\t\t\t<\/div>\n\t\t\t\t\t<\/div>\r\n\t\t\t\t<\/div>\r\n\t\t\t\t\t<\/div>\r\n\t\t\t\t<\/section>\r\n\t\t\t\t<\/div>\n\t\t","protected":false},"excerpt":{"rendered":"<p>On 28 April, the government presented the de-escalation plan in response to the crisis caused by the Coronavirus (COVID-19), known as the &#8220;Plan for transition to a new normality&#8221;, which comprises four phases (Phase 0, Phase 1, Phase 2 and Phase 3), during which the economic sectors will be opened up and the population&#8217;s restrictions [&hellip;]<\/p>\n","protected":false},"author":2,"featured_media":12579,"comment_status":"closed","ping_status":"closed","sticky":false,"template":"","format":"standard","meta":{"_eb_attr":"","inline_featured_image":false,"footnotes":""},"categories":[45],"tags":[],"class_list":["post-39293","post","type-post","status-publish","format-standard","has-post-thumbnail","hentry","category-blog"],"featured_image_src":{"landsacpe":["https:\/\/www.asesoriaorihuelacosta.com\/wp-content\/uploads\/2022\/03\/estado-de-alarma-1050x445.jpeg",1050,445,true],"list":["https:\/\/www.asesoriaorihuelacosta.com\/wp-content\/uploads\/2022\/03\/estado-de-alarma-463x348.jpeg",463,348,true],"medium":["https:\/\/www.asesoriaorihuelacosta.com\/wp-content\/uploads\/2022\/03\/estado-de-alarma-300x171.jpeg",300,171,true],"full":["https:\/\/www.asesoriaorihuelacosta.com\/wp-content\/uploads\/2022\/03\/estado-de-alarma.jpeg",1050,600,false]},"yoast_head":"<!-- This site is optimized with the Yoast SEO Premium plugin v24.7 (Yoast SEO v27.4) - https:\/\/yoast.com\/product\/yoast-seo-premium-wordpress\/ -->\n<title>D\u00e9sescalade de l&#039;\u00e9tat d&#039;alarme, voici comment se d\u00e9roulera - Asesor\u00eda Orihuela Costa<\/title>\n<meta name=\"description\" content=\"Learn about the four phases of the state of emergency de-escalation plan to safely return to a new normal.\" \/>\n<meta name=\"robots\" content=\"index, follow, max-snippet:-1, max-image-preview:large, max-video-preview:-1\" \/>\n<link rel=\"canonical\" href=\"https:\/\/www.asesoriaorihuelacosta.com\/en\/de-escalation-of-the-alarm-state-here-is-how-each-phase-will-take-place\/\" \/>\n<meta property=\"og:locale\" content=\"en_US\" \/>\n<meta property=\"og:type\" content=\"article\" \/>\n<meta property=\"og:title\" content=\"De-escalation of the alarm state, here is how each phase will take place\" \/>\n<meta property=\"og:description\" content=\"Learn about the four phases of the state of emergency de-escalation plan to safely return to a new normal.\" \/>\n<meta property=\"og:url\" content=\"https:\/\/www.asesoriaorihuelacosta.com\/en\/de-escalation-of-the-alarm-state-here-is-how-each-phase-will-take-place\/\" \/>\n<meta property=\"og:site_name\" content=\"Asesor\u00eda Orihuela Costa\" \/>\n<meta property=\"article:publisher\" content=\"https:\/\/www.facebook.com\/asesoriaorihuelacosta\" \/>\n<meta property=\"article:author\" content=\"https:\/\/www.facebook.com\/patrick.gordinneperez\" \/>\n<meta property=\"article:published_time\" content=\"2022-03-30T08:49:33+00:00\" \/>\n<meta property=\"article:modified_time\" content=\"2025-01-19T20:46:33+00:00\" \/>\n<meta property=\"og:image\" content=\"https:\/\/www.asesoriaorihuelacosta.com\/wp-content\/uploads\/2022\/03\/estado-de-alarma.jpeg\" \/>\n\t<meta property=\"og:image:width\" content=\"1050\" \/>\n\t<meta property=\"og:image:height\" content=\"600\" \/>\n\t<meta property=\"og:image:type\" content=\"image\/jpeg\" \/>\n<meta name=\"author\" content=\"Patrick Gordinne Perez\" \/>\n<meta name=\"twitter:card\" content=\"summary_large_image\" \/>\n<meta name=\"twitter:label1\" content=\"Written by\" \/>\n\t<meta name=\"twitter:data1\" content=\"Patrick Gordinne Perez\" \/>\n\t<meta name=\"twitter:label2\" content=\"Est. reading time\" \/>\n\t<meta name=\"twitter:data2\" content=\"5 minutes\" \/>\n<script type=\"application\/ld+json\" class=\"yoast-schema-graph\">{\"@context\":\"https:\\\/\\\/schema.org\",\"@graph\":[{\"@type\":\"Article\",\"@id\":\"https:\\\/\\\/www.asesoriaorihuelacosta.com\\\/en\\\/de-escalation-of-the-alarm-state-here-is-how-each-phase-will-take-place\\\/#article\",\"isPartOf\":{\"@id\":\"https:\\\/\\\/www.asesoriaorihuelacosta.com\\\/en\\\/de-escalation-of-the-alarm-state-here-is-how-each-phase-will-take-place\\\/\"},\"author\":{\"name\":\"Patrick Gordinne Perez\",\"@id\":\"https:\\\/\\\/www.asesoriaorihuelacosta.com\\\/en\\\/#\\\/schema\\\/person\\\/6614ce8cf6d2de542aaf351629fd539e\"},\"headline\":\"De-escalation of the alarm state, here is how each phase will take place\",\"datePublished\":\"2022-03-30T08:49:33+00:00\",\"dateModified\":\"2025-01-19T20:46:33+00:00\",\"mainEntityOfPage\":{\"@id\":\"https:\\\/\\\/www.asesoriaorihuelacosta.com\\\/en\\\/de-escalation-of-the-alarm-state-here-is-how-each-phase-will-take-place\\\/\"},\"wordCount\":959,\"publisher\":{\"@id\":\"https:\\\/\\\/www.asesoriaorihuelacosta.com\\\/en\\\/#organization\"},\"image\":{\"@id\":\"https:\\\/\\\/www.asesoriaorihuelacosta.com\\\/en\\\/de-escalation-of-the-alarm-state-here-is-how-each-phase-will-take-place\\\/#primaryimage\"},\"thumbnailUrl\":\"https:\\\/\\\/www.asesoriaorihuelacosta.com\\\/wp-content\\\/uploads\\\/2022\\\/03\\\/estado-de-alarma.jpeg\",\"articleSection\":[\"Blog\"],\"inLanguage\":\"en-US\"},{\"@type\":\"WebPage\",\"@id\":\"https:\\\/\\\/www.asesoriaorihuelacosta.com\\\/en\\\/de-escalation-of-the-alarm-state-here-is-how-each-phase-will-take-place\\\/\",\"url\":\"https:\\\/\\\/www.asesoriaorihuelacosta.com\\\/en\\\/de-escalation-of-the-alarm-state-here-is-how-each-phase-will-take-place\\\/\",\"name\":\"D\u00e9sescalade de l'\u00e9tat d'alarme, voici comment se d\u00e9roulera - Asesor\u00eda Orihuela Costa\",\"isPartOf\":{\"@id\":\"https:\\\/\\\/www.asesoriaorihuelacosta.com\\\/en\\\/#website\"},\"primaryImageOfPage\":{\"@id\":\"https:\\\/\\\/www.asesoriaorihuelacosta.com\\\/en\\\/de-escalation-of-the-alarm-state-here-is-how-each-phase-will-take-place\\\/#primaryimage\"},\"image\":{\"@id\":\"https:\\\/\\\/www.asesoriaorihuelacosta.com\\\/en\\\/de-escalation-of-the-alarm-state-here-is-how-each-phase-will-take-place\\\/#primaryimage\"},\"thumbnailUrl\":\"https:\\\/\\\/www.asesoriaorihuelacosta.com\\\/wp-content\\\/uploads\\\/2022\\\/03\\\/estado-de-alarma.jpeg\",\"datePublished\":\"2022-03-30T08:49:33+00:00\",\"dateModified\":\"2025-01-19T20:46:33+00:00\",\"description\":\"Learn about the four phases of the state of emergency de-escalation plan to safely return to a new normal.\",\"breadcrumb\":{\"@id\":\"https:\\\/\\\/www.asesoriaorihuelacosta.com\\\/en\\\/de-escalation-of-the-alarm-state-here-is-how-each-phase-will-take-place\\\/#breadcrumb\"},\"inLanguage\":\"en-US\",\"potentialAction\":[{\"@type\":\"ReadAction\",\"target\":[\"https:\\\/\\\/www.asesoriaorihuelacosta.com\\\/en\\\/de-escalation-of-the-alarm-state-here-is-how-each-phase-will-take-place\\\/\"]}]},{\"@type\":\"ImageObject\",\"inLanguage\":\"en-US\",\"@id\":\"https:\\\/\\\/www.asesoriaorihuelacosta.com\\\/en\\\/de-escalation-of-the-alarm-state-here-is-how-each-phase-will-take-place\\\/#primaryimage\",\"url\":\"https:\\\/\\\/www.asesoriaorihuelacosta.com\\\/wp-content\\\/uploads\\\/2022\\\/03\\\/estado-de-alarma.jpeg\",\"contentUrl\":\"https:\\\/\\\/www.asesoriaorihuelacosta.com\\\/wp-content\\\/uploads\\\/2022\\\/03\\\/estado-de-alarma.jpeg\",\"width\":1050,\"height\":600,\"caption\":\"estado de alarma\"},{\"@type\":\"BreadcrumbList\",\"@id\":\"https:\\\/\\\/www.asesoriaorihuelacosta.com\\\/en\\\/de-escalation-of-the-alarm-state-here-is-how-each-phase-will-take-place\\\/#breadcrumb\",\"itemListElement\":[{\"@type\":\"ListItem\",\"position\":1,\"name\":\"Home\",\"item\":\"https:\\\/\\\/www.asesoriaorihuelacosta.com\\\/en\\\/\"},{\"@type\":\"ListItem\",\"position\":2,\"name\":\"De-escalation of the alarm state, here is how each phase will take place\"}]},{\"@type\":\"WebSite\",\"@id\":\"https:\\\/\\\/www.asesoriaorihuelacosta.com\\\/en\\\/#website\",\"url\":\"https:\\\/\\\/www.asesoriaorihuelacosta.com\\\/en\\\/\",\"name\":\"https:\\\/\\\/www.asesoriaorihuelacosta.com\\\/\",\"description\":\"Grupo de asesores profesionales\",\"publisher\":{\"@id\":\"https:\\\/\\\/www.asesoriaorihuelacosta.com\\\/en\\\/#organization\"},\"potentialAction\":[{\"@type\":\"SearchAction\",\"target\":{\"@type\":\"EntryPoint\",\"urlTemplate\":\"https:\\\/\\\/www.asesoriaorihuelacosta.com\\\/en\\\/?s={search_term_string}\"},\"query-input\":{\"@type\":\"PropertyValueSpecification\",\"valueRequired\":true,\"valueName\":\"search_term_string\"}}],\"inLanguage\":\"en-US\"},{\"@type\":\"Organization\",\"@id\":\"https:\\\/\\\/www.asesoriaorihuelacosta.com\\\/en\\\/#organization\",\"name\":\"Asesor\u00eda Orihuela Costa\",\"url\":\"https:\\\/\\\/www.asesoriaorihuelacosta.com\\\/en\\\/\",\"logo\":{\"@type\":\"ImageObject\",\"inLanguage\":\"en-US\",\"@id\":\"https:\\\/\\\/www.asesoriaorihuelacosta.com\\\/en\\\/#\\\/schema\\\/logo\\\/image\\\/\",\"url\":\"https:\\\/\\\/www.asesoriaorihuelacosta.com\\\/wp-content\\\/uploads\\\/2022\\\/06\\\/Logo-espa\u5bf8l-asesoriaorihuela.jpg\",\"contentUrl\":\"https:\\\/\\\/www.asesoriaorihuelacosta.com\\\/wp-content\\\/uploads\\\/2022\\\/06\\\/Logo-espa\u5bf8l-asesoriaorihuela.jpg\",\"width\":588,\"height\":136,\"caption\":\"Asesor\u00eda Orihuela Costa\"},\"image\":{\"@id\":\"https:\\\/\\\/www.asesoriaorihuelacosta.com\\\/en\\\/#\\\/schema\\\/logo\\\/image\\\/\"},\"sameAs\":[\"https:\\\/\\\/www.facebook.com\\\/asesoriaorihuelacosta\"]},{\"@type\":\"Person\",\"@id\":\"https:\\\/\\\/www.asesoriaorihuelacosta.com\\\/en\\\/#\\\/schema\\\/person\\\/6614ce8cf6d2de542aaf351629fd539e\",\"name\":\"Patrick Gordinne Perez\",\"description\":\"Soy economista colegiado por el colegio de economistas de Alicante con el n\u00famero 2722. Llevo ejerciendo desde el a\u00f1o 2005. Soy especialista en fiscalidad de empresas y aut\u00f3nomos y tambi\u00e9n especialista en gestionar compraventas. Hablo espa\u00f1ol, ingl\u00e9s y franc\u00e9s.\",\"sameAs\":[\"https:\\\/\\\/www.asesoriaorihuelacosta.com\",\"https:\\\/\\\/www.facebook.com\\\/patrick.gordinneperez\",\"https:\\\/\\\/www.linkedin.com\\\/in\\\/patrick-gordinne-perez-1b73aab3\\\/\",\"https:\\\/\\\/www.youtube.com\\\/channel\\\/UC5e95RJEVQlxCnhwDmGNVCw\"],\"gender\":\"Hombre\",\"knowsLanguage\":[\"ingl\u00e9s\",\"franc\u00e9s\",\"espa\u00f1ol\"],\"jobTitle\":\"Gerente\",\"worksFor\":\"Asesoria Orihuela Costa SL\"}]}<\/script>\n<!-- \/ Yoast SEO Premium plugin. -->","yoast_head_json":{"title":"D\u00e9sescalade de l'\u00e9tat d'alarme, voici comment se d\u00e9roulera - Asesor\u00eda Orihuela Costa","description":"Learn about the four phases of the state of emergency de-escalation plan to safely return to a new normal.","robots":{"index":"index","follow":"follow","max-snippet":"max-snippet:-1","max-image-preview":"max-image-preview:large","max-video-preview":"max-video-preview:-1"},"canonical":"https:\/\/www.asesoriaorihuelacosta.com\/en\/de-escalation-of-the-alarm-state-here-is-how-each-phase-will-take-place\/","og_locale":"en_US","og_type":"article","og_title":"De-escalation of the alarm state, here is how each phase will take place","og_description":"Learn about the four phases of the state of emergency de-escalation plan to safely return to a new normal.","og_url":"https:\/\/www.asesoriaorihuelacosta.com\/en\/de-escalation-of-the-alarm-state-here-is-how-each-phase-will-take-place\/","og_site_name":"Asesor\u00eda Orihuela Costa","article_publisher":"https:\/\/www.facebook.com\/asesoriaorihuelacosta","article_author":"https:\/\/www.facebook.com\/patrick.gordinneperez","article_published_time":"2022-03-30T08:49:33+00:00","article_modified_time":"2025-01-19T20:46:33+00:00","og_image":[{"width":1050,"height":600,"url":"https:\/\/www.asesoriaorihuelacosta.com\/wp-content\/uploads\/2022\/03\/estado-de-alarma.jpeg","type":"image\/jpeg"}],"author":"Patrick Gordinne Perez","twitter_card":"summary_large_image","twitter_misc":{"Written by":"Patrick Gordinne Perez","Est. reading time":"5 minutes"},"schema":{"@context":"https:\/\/schema.org","@graph":[{"@type":"Article","@id":"https:\/\/www.asesoriaorihuelacosta.com\/en\/de-escalation-of-the-alarm-state-here-is-how-each-phase-will-take-place\/#article","isPartOf":{"@id":"https:\/\/www.asesoriaorihuelacosta.com\/en\/de-escalation-of-the-alarm-state-here-is-how-each-phase-will-take-place\/"},"author":{"name":"Patrick Gordinne Perez","@id":"https:\/\/www.asesoriaorihuelacosta.com\/en\/#\/schema\/person\/6614ce8cf6d2de542aaf351629fd539e"},"headline":"De-escalation of the alarm state, here is how each phase will take place","datePublished":"2022-03-30T08:49:33+00:00","dateModified":"2025-01-19T20:46:33+00:00","mainEntityOfPage":{"@id":"https:\/\/www.asesoriaorihuelacosta.com\/en\/de-escalation-of-the-alarm-state-here-is-how-each-phase-will-take-place\/"},"wordCount":959,"publisher":{"@id":"https:\/\/www.asesoriaorihuelacosta.com\/en\/#organization"},"image":{"@id":"https:\/\/www.asesoriaorihuelacosta.com\/en\/de-escalation-of-the-alarm-state-here-is-how-each-phase-will-take-place\/#primaryimage"},"thumbnailUrl":"https:\/\/www.asesoriaorihuelacosta.com\/wp-content\/uploads\/2022\/03\/estado-de-alarma.jpeg","articleSection":["Blog"],"inLanguage":"en-US"},{"@type":"WebPage","@id":"https:\/\/www.asesoriaorihuelacosta.com\/en\/de-escalation-of-the-alarm-state-here-is-how-each-phase-will-take-place\/","url":"https:\/\/www.asesoriaorihuelacosta.com\/en\/de-escalation-of-the-alarm-state-here-is-how-each-phase-will-take-place\/","name":"D\u00e9sescalade de l'\u00e9tat d'alarme, voici comment se d\u00e9roulera - Asesor\u00eda Orihuela Costa","isPartOf":{"@id":"https:\/\/www.asesoriaorihuelacosta.com\/en\/#website"},"primaryImageOfPage":{"@id":"https:\/\/www.asesoriaorihuelacosta.com\/en\/de-escalation-of-the-alarm-state-here-is-how-each-phase-will-take-place\/#primaryimage"},"image":{"@id":"https:\/\/www.asesoriaorihuelacosta.com\/en\/de-escalation-of-the-alarm-state-here-is-how-each-phase-will-take-place\/#primaryimage"},"thumbnailUrl":"https:\/\/www.asesoriaorihuelacosta.com\/wp-content\/uploads\/2022\/03\/estado-de-alarma.jpeg","datePublished":"2022-03-30T08:49:33+00:00","dateModified":"2025-01-19T20:46:33+00:00","description":"Learn about the four phases of the state of emergency de-escalation plan to safely return to a new normal.","breadcrumb":{"@id":"https:\/\/www.asesoriaorihuelacosta.com\/en\/de-escalation-of-the-alarm-state-here-is-how-each-phase-will-take-place\/#breadcrumb"},"inLanguage":"en-US","potentialAction":[{"@type":"ReadAction","target":["https:\/\/www.asesoriaorihuelacosta.com\/en\/de-escalation-of-the-alarm-state-here-is-how-each-phase-will-take-place\/"]}]},{"@type":"ImageObject","inLanguage":"en-US","@id":"https:\/\/www.asesoriaorihuelacosta.com\/en\/de-escalation-of-the-alarm-state-here-is-how-each-phase-will-take-place\/#primaryimage","url":"https:\/\/www.asesoriaorihuelacosta.com\/wp-content\/uploads\/2022\/03\/estado-de-alarma.jpeg","contentUrl":"https:\/\/www.asesoriaorihuelacosta.com\/wp-content\/uploads\/2022\/03\/estado-de-alarma.jpeg","width":1050,"height":600,"caption":"estado de alarma"},{"@type":"BreadcrumbList","@id":"https:\/\/www.asesoriaorihuelacosta.com\/en\/de-escalation-of-the-alarm-state-here-is-how-each-phase-will-take-place\/#breadcrumb","itemListElement":[{"@type":"ListItem","position":1,"name":"Home","item":"https:\/\/www.asesoriaorihuelacosta.com\/en\/"},{"@type":"ListItem","position":2,"name":"De-escalation of the alarm state, here is how each phase will take place"}]},{"@type":"WebSite","@id":"https:\/\/www.asesoriaorihuelacosta.com\/en\/#website","url":"https:\/\/www.asesoriaorihuelacosta.com\/en\/","name":"https:\/\/www.asesoriaorihuelacosta.com\/","description":"Grupo de asesores profesionales","publisher":{"@id":"https:\/\/www.asesoriaorihuelacosta.com\/en\/#organization"},"potentialAction":[{"@type":"SearchAction","target":{"@type":"EntryPoint","urlTemplate":"https:\/\/www.asesoriaorihuelacosta.com\/en\/?s={search_term_string}"},"query-input":{"@type":"PropertyValueSpecification","valueRequired":true,"valueName":"search_term_string"}}],"inLanguage":"en-US"},{"@type":"Organization","@id":"https:\/\/www.asesoriaorihuelacosta.com\/en\/#organization","name":"Asesor\u00eda Orihuela Costa","url":"https:\/\/www.asesoriaorihuelacosta.com\/en\/","logo":{"@type":"ImageObject","inLanguage":"en-US","@id":"https:\/\/www.asesoriaorihuelacosta.com\/en\/#\/schema\/logo\/image\/","url":"https:\/\/www.asesoriaorihuelacosta.com\/wp-content\/uploads\/2022\/06\/Logo-espa\u5bf8l-asesoriaorihuela.jpg","contentUrl":"https:\/\/www.asesoriaorihuelacosta.com\/wp-content\/uploads\/2022\/06\/Logo-espa\u5bf8l-asesoriaorihuela.jpg","width":588,"height":136,"caption":"Asesor\u00eda Orihuela Costa"},"image":{"@id":"https:\/\/www.asesoriaorihuelacosta.com\/en\/#\/schema\/logo\/image\/"},"sameAs":["https:\/\/www.facebook.com\/asesoriaorihuelacosta"]},{"@type":"Person","@id":"https:\/\/www.asesoriaorihuelacosta.com\/en\/#\/schema\/person\/6614ce8cf6d2de542aaf351629fd539e","name":"Patrick Gordinne Perez","description":"Soy economista colegiado por el colegio de economistas de Alicante con el n\u00famero 2722. Llevo ejerciendo desde el a\u00f1o 2005. Soy especialista en fiscalidad de empresas y aut\u00f3nomos y tambi\u00e9n especialista en gestionar compraventas. Hablo espa\u00f1ol, ingl\u00e9s y franc\u00e9s.","sameAs":["https:\/\/www.asesoriaorihuelacosta.com","https:\/\/www.facebook.com\/patrick.gordinneperez","https:\/\/www.linkedin.com\/in\/patrick-gordinne-perez-1b73aab3\/","https:\/\/www.youtube.com\/channel\/UC5e95RJEVQlxCnhwDmGNVCw"],"gender":"Hombre","knowsLanguage":["ingl\u00e9s","franc\u00e9s","espa\u00f1ol"],"jobTitle":"Gerente","worksFor":"Asesoria Orihuela Costa SL"}]}},"_links":{"self":[{"href":"https:\/\/www.asesoriaorihuelacosta.com\/en\/wp-json\/wp\/v2\/posts\/39293","targetHints":{"allow":["GET"]}}],"collection":[{"href":"https:\/\/www.asesoriaorihuelacosta.com\/en\/wp-json\/wp\/v2\/posts"}],"about":[{"href":"https:\/\/www.asesoriaorihuelacosta.com\/en\/wp-json\/wp\/v2\/types\/post"}],"author":[{"embeddable":true,"href":"https:\/\/www.asesoriaorihuelacosta.com\/en\/wp-json\/wp\/v2\/users\/2"}],"replies":[{"embeddable":true,"href":"https:\/\/www.asesoriaorihuelacosta.com\/en\/wp-json\/wp\/v2\/comments?post=39293"}],"version-history":[{"count":8,"href":"https:\/\/www.asesoriaorihuelacosta.com\/en\/wp-json\/wp\/v2\/posts\/39293\/revisions"}],"predecessor-version":[{"id":39301,"href":"https:\/\/www.asesoriaorihuelacosta.com\/en\/wp-json\/wp\/v2\/posts\/39293\/revisions\/39301"}],"wp:featuredmedia":[{"embeddable":true,"href":"https:\/\/www.asesoriaorihuelacosta.com\/en\/wp-json\/wp\/v2\/media\/12579"}],"wp:attachment":[{"href":"https:\/\/www.asesoriaorihuelacosta.com\/en\/wp-json\/wp\/v2\/media?parent=39293"}],"wp:term":[{"taxonomy":"category","embeddable":true,"href":"https:\/\/www.asesoriaorihuelacosta.com\/en\/wp-json\/wp\/v2\/categories?post=39293"},{"taxonomy":"post_tag","embeddable":true,"href":"https:\/\/www.asesoriaorihuelacosta.com\/en\/wp-json\/wp\/v2\/tags?post=39293"}],"curies":[{"name":"wp","href":"https:\/\/api.w.org\/{rel}","templated":true}]}}