{"id":39006,"date":"2025-01-09T06:15:22","date_gmt":"2025-01-09T06:15:22","guid":{"rendered":"https:\/\/www.asesoriaorihuelacosta.com\/?p=39006"},"modified":"2025-01-16T16:41:32","modified_gmt":"2025-01-16T16:41:32","slug":"data-protection-should-we-put-cameras-in-the-community","status":"publish","type":"post","link":"https:\/\/www.asesoriaorihuelacosta.com\/en\/data-protection-should-we-put-cameras-in-the-community\/","title":{"rendered":"Data protection: Should we put cameras in the community?"},"content":{"rendered":"\t\t<div data-elementor-type=\"wp-post\" data-elementor-id=\"39006\" class=\"elementor elementor-39006\" data-elementor-post-type=\"post\">\n\t\t\t\t\t\t<section data-particle_enable=\"false\" data-particle-mobile-disabled=\"false\" class=\"elementor-section elementor-top-section elementor-element elementor-element-74c152e elementor-section-boxed elementor-section-height-default elementor-section-height-default\" data-id=\"74c152e\" data-element_type=\"section\" data-e-type=\"section\">\r\n\t\t\r\n\t\t\t\t\t\t\t<div class=\"elementor-container elementor-column-gap-default\">\r\n\t\t\t\t\t\t\t\t\t\t\t<div class=\"elementor-column elementor-col-100 elementor-top-column elementor-element elementor-element-73f03d0\" data-id=\"73f03d0\" data-element_type=\"column\" data-e-type=\"column\">\r\n\t\t\t\t\t<div class=\"elementor-widget-wrap elementor-element-populated\">\r\n\t\t\t\t\t\t\t\t<div class=\"elementor-element elementor-element-06ca601 elementor-widget elementor-widget-text-editor\" data-id=\"06ca601\" data-element_type=\"widget\" data-e-type=\"widget\" data-widget_type=\"text-editor.default\">\n\t\t\t\t<div class=\"elementor-widget-container\">\n\t\t\t\t\t\t\t\t\t<p>Data protection : Your community often suffers from damage: bumps or scratches on the walls, the lift is dirty&#8230; sometimes even locks are damaged due to misuse.<\/p><p>That is why you are thinking of monitoring these areas with cameras.<\/p><p>Will this measure help?<\/p>\t\t\t\t\t\t\t\t<\/div>\n\t\t\t\t<\/div>\n\t\t\t\t\t<\/div>\r\n\t\t\t\t<\/div>\r\n\t\t\t\t\t<\/div>\r\n\t\t\t\t<\/section>\r\n\t\t\t\t<section data-particle_enable=\"false\" data-particle-mobile-disabled=\"false\" class=\"elementor-section elementor-top-section elementor-element elementor-element-3dae2f2 elementor-section-boxed elementor-section-height-default elementor-section-height-default\" data-id=\"3dae2f2\" data-element_type=\"section\" data-e-type=\"section\">\r\n\t\t\r\n\t\t\t\t\t\t\t<div class=\"elementor-container elementor-column-gap-default\">\r\n\t\t\t\t\t\t\t\t\t\t\t<div class=\"elementor-column elementor-col-100 elementor-top-column elementor-element elementor-element-87bf1e1\" data-id=\"87bf1e1\" data-element_type=\"column\" data-e-type=\"column\">\r\n\t\t\t\t\t<div class=\"elementor-widget-wrap elementor-element-populated\">\r\n\t\t\t\t\t\t\t\t<div class=\"elementor-element elementor-element-5aa3919 elementor-widget elementor-widget-heading\" data-id=\"5aa3919\" data-element_type=\"widget\" data-e-type=\"widget\" data-widget_type=\"heading.default\">\n\t\t\t\t<div class=\"elementor-widget-container\">\n\t\t\t\t\t<h2 class=\"elementor-heading-title elementor-size-default\">Protecci\u00f3n de datos en la Videovigilancia<\/h2>\t\t\t\t<\/div>\n\t\t\t\t<\/div>\n\t\t\t\t\t<\/div>\r\n\t\t\t\t<\/div>\r\n\t\t\t\t\t<\/div>\r\n\t\t\t\t<\/section>\r\n\t\t\t\t<section data-particle_enable=\"false\" data-particle-mobile-disabled=\"false\" class=\"elementor-section elementor-top-section elementor-element elementor-element-3db88e1 elementor-section-boxed elementor-section-height-default elementor-section-height-default\" data-id=\"3db88e1\" data-element_type=\"section\" data-e-type=\"section\">\r\n\t\t\r\n\t\t\t\t\t\t\t<div class=\"elementor-container elementor-column-gap-default\">\r\n\t\t\t\t\t\t\t\t\t\t\t<div class=\"elementor-column elementor-col-100 elementor-top-column elementor-element elementor-element-81de6d1\" data-id=\"81de6d1\" data-element_type=\"column\" data-e-type=\"column\">\r\n\t\t\t\t\t<div class=\"elementor-widget-wrap elementor-element-populated\">\r\n\t\t\t\t\t\t\t\t<div class=\"elementor-element elementor-element-b50a430 elementor-widget elementor-widget-text-editor\" data-id=\"b50a430\" data-element_type=\"widget\" data-e-type=\"widget\" data-widget_type=\"text-editor.default\">\n\t\t\t\t<div class=\"elementor-widget-container\">\n\t\t\t\t\t\t\t\t\t<p>Although video surveillance systems are effective in determining liability, it is important to remember that, in addition to entailing a cost, they <strong>affect people<\/strong> &#8216; <strong>s right to privacy<\/strong> and involve the processing of their personal data (their own image).<\/p><p><strong>Attention<\/strong>!<\/p><p>For this reason, their installation and use <strong>must meet certain requirements<\/strong> and access to the recordings is restricted.<\/p>\t\t\t\t\t\t\t\t<\/div>\n\t\t\t\t<\/div>\n\t\t\t\t\t<\/div>\r\n\t\t\t\t<\/div>\r\n\t\t\t\t\t<\/div>\r\n\t\t\t\t<\/section>\r\n\t\t\t\t<section data-particle_enable=\"false\" data-particle-mobile-disabled=\"false\" class=\"elementor-section elementor-top-section elementor-element elementor-element-0420eff elementor-section-boxed elementor-section-height-default elementor-section-height-default\" data-id=\"0420eff\" data-element_type=\"section\" data-e-type=\"section\">\r\n\t\t\r\n\t\t\t\t\t\t\t<div class=\"elementor-container elementor-column-gap-default\">\r\n\t\t\t\t\t\t\t\t\t\t\t<div class=\"elementor-column elementor-col-100 elementor-top-column elementor-element elementor-element-4ea96bd\" data-id=\"4ea96bd\" data-element_type=\"column\" data-e-type=\"column\">\r\n\t\t\t\t\t<div class=\"elementor-widget-wrap elementor-element-populated\">\r\n\t\t\t\t\t\t\t\t<div class=\"elementor-element elementor-element-8c260b6 elementor-widget elementor-widget-heading\" data-id=\"8c260b6\" data-element_type=\"widget\" data-e-type=\"widget\" data-widget_type=\"heading.default\">\n\t\t\t\t<div class=\"elementor-widget-container\">\n\t\t\t\t\t<h2 class=\"elementor-heading-title elementor-size-default\">Data protection law requirements for the installation of community cameras<\/h2>\t\t\t\t<\/div>\n\t\t\t\t<\/div>\n\t\t\t\t\t<\/div>\r\n\t\t\t\t<\/div>\r\n\t\t\t\t\t<\/div>\r\n\t\t\t\t<\/section>\r\n\t\t\t\t<section data-particle_enable=\"false\" data-particle-mobile-disabled=\"false\" class=\"elementor-section elementor-top-section elementor-element elementor-element-0c0861a elementor-section-boxed elementor-section-height-default elementor-section-height-default\" data-id=\"0c0861a\" data-element_type=\"section\" data-e-type=\"section\">\r\n\t\t\r\n\t\t\t\t\t\t\t<div class=\"elementor-container elementor-column-gap-default\">\r\n\t\t\t\t\t\t\t\t\t\t\t<div class=\"elementor-column elementor-col-100 elementor-top-column elementor-element elementor-element-3e21b15\" data-id=\"3e21b15\" data-element_type=\"column\" data-e-type=\"column\">\r\n\t\t\t\t\t<div class=\"elementor-widget-wrap elementor-element-populated\">\r\n\t\t\t\t\t\t\t\t<div class=\"elementor-element elementor-element-db22b9e elementor-widget elementor-widget-text-editor\" data-id=\"db22b9e\" data-element_type=\"widget\" data-e-type=\"widget\" data-widget_type=\"text-editor.default\">\n\t\t\t\t<div class=\"elementor-widget-container\">\n\t\t\t\t\t\t\t\t\t<h3><strong>Agreement of the <\/strong><b>owners&#8217;<\/b><strong>meeting <\/strong><\/h3><p>The installation of cameras requires the agreement of the community and a justification (e.g. for security reasons; in your case, to <i>prevent the entry of outsiders or possible burglary<\/i> &#8211; as some locks are frequently broken and the mere presence of the camera could persuade neighbours to make civic use of these spaces).<\/p><p><strong>Important<\/strong><\/p><p>The <a href=\"https:\/\/eur-lex.europa.eu\/ES\/legal-content\/summary\/general-data-protection-regulation-gdpr.html\" rel=\"noopener\">General Data Protection Regulation (GDPR)<\/a> requires the approval of such a measure by a qualified majority of 3\/5.<\/p><h3><strong>Privacy of <\/strong><b>neighbours <\/b><\/h3><p>On the other hand, their installation and use must be in compliance with data protection regulations.<\/p><p>In particular, attention should be paid to:<\/p><h4><i>Location<\/i> of cameras<\/h4><ul><li>\u00a0<\/li><\/ul><p>Cameras may only <i>be placed in common areas of the building<\/i> (corridors, entrances, garages or gardens).<\/p><p>Under no circumstances should they capture <i>images of the interior of the dwellings or of the public road<\/i> and, if the cameras are tilting or zooming cameras, &#8220;privacy masks&#8221; (areas blurred or censored by a black or grey block in the image) should be installed on them.<\/p><h4><i>Proportional<\/i><\/h4><ul><li>\u00a0<\/li><\/ul><p>Only <i>the minimum necessary<\/i> for the intended purpose should be installed (if one is sufficient, no more can be installed).<\/p><h4><i>Camera signage<\/i><\/h4><ul><li>\u00a0<\/li><\/ul><p>They should be exposed (so that people know where they are being recorded from).<\/p><p>In addition, signs should be put up informing about their existence, the details of the person responsible for the images, how data protection rights can be exercised and where to find out about them.<\/p>\t\t\t\t\t\t\t\t<\/div>\n\t\t\t\t<\/div>\n\t\t\t\t\t<\/div>\r\n\t\t\t\t<\/div>\r\n\t\t\t\t\t<\/div>\r\n\t\t\t\t<\/section>\r\n\t\t\t\t<section data-particle_enable=\"false\" data-particle-mobile-disabled=\"false\" class=\"elementor-section elementor-top-section elementor-element elementor-element-ac643a7 elementor-section-boxed elementor-section-height-default elementor-section-height-default\" data-id=\"ac643a7\" data-element_type=\"section\" data-e-type=\"section\">\r\n\t\t\r\n\t\t\t\t\t\t\t<div class=\"elementor-container elementor-column-gap-default\">\r\n\t\t\t\t\t\t\t\t\t\t\t<div class=\"elementor-column elementor-col-100 elementor-top-column elementor-element elementor-element-808d039\" data-id=\"808d039\" data-element_type=\"column\" data-e-type=\"column\">\r\n\t\t\t\t\t<div class=\"elementor-widget-wrap elementor-element-populated\">\r\n\t\t\t\t\t\t\t\t<div class=\"elementor-element elementor-element-bd322a9 elementor-invisible elementor-widget elementor-widget-text-editor\" data-id=\"bd322a9\" data-element_type=\"widget\" data-e-type=\"widget\" data-settings=\"{&quot;_animation&quot;:&quot;zoomInDown&quot;}\" data-widget_type=\"text-editor.default\">\n\t\t\t\t<div class=\"elementor-widget-container\">\n\t\t\t\t\t\t\t\t\t<p>Video surveillance cameras are a great deterrent and an effective security system to prevent criminal behaviour or acts of vandalism.<\/p><p>However, their installation must be agreed at a meeting and must comply with data protection regulations.<\/p>\t\t\t\t\t\t\t\t<\/div>\n\t\t\t\t<\/div>\n\t\t\t\t\t<\/div>\r\n\t\t\t\t<\/div>\r\n\t\t\t\t\t<\/div>\r\n\t\t\t\t<\/section>\r\n\t\t\t\t<section data-particle_enable=\"false\" data-particle-mobile-disabled=\"false\" class=\"elementor-section elementor-top-section elementor-element elementor-element-069f38c elementor-section-boxed elementor-section-height-default elementor-section-height-default\" data-id=\"069f38c\" data-element_type=\"section\" data-e-type=\"section\">\r\n\t\t\r\n\t\t\t\t\t\t\t<div class=\"elementor-container elementor-column-gap-default\">\r\n\t\t\t\t\t\t\t\t\t\t\t<div class=\"elementor-column elementor-col-100 elementor-top-column elementor-element elementor-element-400a0f0\" data-id=\"400a0f0\" data-element_type=\"column\" data-e-type=\"column\">\r\n\t\t\t\t\t<div class=\"elementor-widget-wrap elementor-element-populated\">\r\n\t\t\t\t\t\t\t\t<div class=\"elementor-element elementor-element-fbb3410 elementor-widget elementor-widget-heading\" data-id=\"fbb3410\" data-element_type=\"widget\" data-e-type=\"widget\" data-widget_type=\"heading.default\">\n\t\t\t\t<div class=\"elementor-widget-container\">\n\t\t\t\t\t<h2 class=\"elementor-heading-title elementor-size-default\">What use can be made of the images?<\/h2>\t\t\t\t<\/div>\n\t\t\t\t<\/div>\n\t\t\t\t\t<\/div>\r\n\t\t\t\t<\/div>\r\n\t\t\t\t\t<\/div>\r\n\t\t\t\t<\/section>\r\n\t\t\t\t<section data-particle_enable=\"false\" data-particle-mobile-disabled=\"false\" class=\"elementor-section elementor-top-section elementor-element elementor-element-cc99e60 elementor-section-boxed elementor-section-height-default elementor-section-height-default\" data-id=\"cc99e60\" data-element_type=\"section\" data-e-type=\"section\">\r\n\t\t\r\n\t\t\t\t\t\t\t<div class=\"elementor-container elementor-column-gap-default\">\r\n\t\t\t\t\t\t\t\t\t\t\t<div class=\"elementor-column elementor-col-100 elementor-top-column elementor-element elementor-element-1ecddeb\" data-id=\"1ecddeb\" data-element_type=\"column\" data-e-type=\"column\">\r\n\t\t\t\t\t<div class=\"elementor-widget-wrap elementor-element-populated\">\r\n\t\t\t\t\t\t\t\t<div class=\"elementor-element elementor-element-2de4782 elementor-widget elementor-widget-text-editor\" data-id=\"2de4782\" data-element_type=\"widget\" data-e-type=\"widget\" data-widget_type=\"text-editor.default\">\n\t\t\t\t<div class=\"elementor-widget-container\">\n\t\t\t\t\t\t\t\t\t<h3><strong>Custody of <\/strong><b>images<\/b><\/h3><p>Captured images must be stored securely and can only be kept for as long as necessary (maximum 30 days &#8211; unless a judge or the police say otherwise).<\/p><p>It is recommended that the processor be an approved security company, as certain technical resources are required to protect the images properly.<\/p><h3><strong>Viewing the <\/strong><b>images<\/b><\/h3><p>Finally, only <i>persons authorised by the community<\/i> (normally the president or the administrator) may have <i>access to the recordings<\/i>, and only if there is <i>a justified reason<\/i>.<\/p><p>For this purpose:<\/p><ul><li>The person who has been authorised by the community to view the images must request access to the images from the company that has custody of them.<\/li><\/ul><p>Normally they are required to fill in a form indicating their details as authorised, the time slot they wish to view (day and time slot) and the reason for the request.<\/p><ul><li>In order to access the images, there must be a <i>sufficiently important reason to justify it<\/i>.<\/li><\/ul><p>Thus, if there is vandalism, or a crime such as theft, the exposure of the personal data of the neighbours (their images) will be justified because it will shed light on the facts.<\/p><p>On the other hand, it is unreasonable to gain access just because chewing gum is thrown on the floor or the lift is stained by a broken rubbish bag.<\/p>\t\t\t\t\t\t\t\t<\/div>\n\t\t\t\t<\/div>\n\t\t\t\t\t<\/div>\r\n\t\t\t\t<\/div>\r\n\t\t\t\t\t<\/div>\r\n\t\t\t\t<\/section>\r\n\t\t\t\t<section data-particle_enable=\"false\" data-particle-mobile-disabled=\"false\" class=\"elementor-section elementor-top-section elementor-element elementor-element-c260f4b elementor-section-boxed elementor-section-height-default elementor-section-height-default\" data-id=\"c260f4b\" data-element_type=\"section\" data-e-type=\"section\">\r\n\t\t\r\n\t\t\t\t\t\t\t<div class=\"elementor-container elementor-column-gap-default\">\r\n\t\t\t\t\t\t\t\t\t\t\t<div class=\"elementor-column elementor-col-100 elementor-top-column elementor-element elementor-element-90c6dbd\" data-id=\"90c6dbd\" data-element_type=\"column\" data-e-type=\"column\">\r\n\t\t\t\t\t<div class=\"elementor-widget-wrap elementor-element-populated\">\r\n\t\t\t\t\t\t\t\t<div class=\"elementor-element elementor-element-7ab0643 elementor-widget elementor-widget-heading\" data-id=\"7ab0643\" data-element_type=\"widget\" data-e-type=\"widget\" data-widget_type=\"heading.default\">\n\t\t\t\t<div class=\"elementor-widget-container\">\n\t\t\t\t\t<h2 class=\"elementor-heading-title elementor-size-default\">You may be interested in<\/h2>\t\t\t\t<\/div>\n\t\t\t\t<\/div>\n\t\t\t\t\t<\/div>\r\n\t\t\t\t<\/div>\r\n\t\t\t\t\t<\/div>\r\n\t\t\t\t<\/section>\r\n\t\t\t\t<section data-particle_enable=\"false\" data-particle-mobile-disabled=\"false\" class=\"elementor-section elementor-top-section elementor-element elementor-element-099fcda elementor-section-boxed elementor-section-height-default elementor-section-height-default\" data-id=\"099fcda\" data-element_type=\"section\" data-e-type=\"section\">\r\n\t\t\r\n\t\t\t\t\t\t\t<div class=\"elementor-container elementor-column-gap-default\">\r\n\t\t\t\t\t\t\t\t\t\t\t<div class=\"elementor-column elementor-col-100 elementor-top-column elementor-element elementor-element-bd6a470\" data-id=\"bd6a470\" data-element_type=\"column\" data-e-type=\"column\">\r\n\t\t\t\t\t<div class=\"elementor-widget-wrap elementor-element-populated\">\r\n\t\t\t\t\t\t\t\t<div class=\"elementor-element elementor-element-fff87d4 elementor-widget elementor-widget-eael-post-block\" data-id=\"fff87d4\" data-element_type=\"widget\" data-e-type=\"widget\" data-widget_type=\"eael-post-block.default\">\n\t\t\t\t<div class=\"elementor-widget-container\">\n\t\t\t\t\t<div id=\"eael-post-block-fff87d4\" class=\"eael-post-block post-block-style-default \">\n            <div class=\"eael-post-block-grid eael-post-appender eael-post-appender-fff87d4  \"><article class=\"eael-post-block-item eael-post-block-column\">\n        <div class=\"eael-post-block-item-holder\">\n            <div class=\"eael-post-block-item-holder-inner\"><div class=\"eael-entry-media\">\n                        <div class=\"eael-entry-overlay fade-in\"><i class=\"fas fa-long-arrow-alt-right\" aria-hidden=\"true\"><\/i><a href=\"https:\/\/www.asesoriaorihuelacosta.com\/en\/tourist-license\/\"\n                        \n                        >\n                        <\/a>\n                        <\/div>\n                        <div class=\"eael-entry-thumbnail \">\n                            <img decoding=\"async\" src=\"https:\/\/www.asesoriaorihuelacosta.com\/wp-content\/uploads\/2022\/03\/00alquilerOrihuelaCosta-300x225.jpg\" alt=\"vivienda vaacion\">\n                        <\/div>\n                    <\/div><div class=\"eael-entry-wrapper\"><header class=\"eael-entry-header\"><h2 class=\"eael-entry-title\">\n                                        <a class=\"eael-grid-post-link\" href=\"https:\/\/www.asesoriaorihuelacosta.com\/en\/tourist-license\/\" title=\"HOW TO REGISTER YOUR PROPERTY FOR TOURIST USE IN THE VALENCIA COMMUNITY?\">\n                                        HOW TO REGISTER YOUR PROPERTY FOR TOURIST USE IN THE VALENCIA COMMUNITY?\n                                        <\/a>\n\n                                    <\/h2><\/header><div class=\"eael-entry-content\"><div class=\"eael-grid-post-excerpt\"><p>Rental of homes for tourism, leisure or leisure purposes in...<\/p><\/div><\/div>\n                    <\/div><div class=\"eael-entry-footer\"><div class=\"eael-author-avatar\">\n                                <a href=\"https:\/\/www.asesoriaorihuelacosta.com\/en\/author\/yoseo\/\"><\/a>\n                            <\/div><div class=\"eael-entry-meta\"><div class=\"eael-posted-by\"><a href=\"https:\/\/www.asesoriaorihuelacosta.com\/en\/author\/yoseo\/\" title=\"Posts by admin\" rel=\"author\">admin<\/a><\/div><div class=\"eael-posted-on\"><time datetime=\"March 30, 2022\">March 30, 2022<\/time><\/div><\/div><\/div><\/div>\n        <\/div>\n    <\/article><\/div>\n\t\t<\/div>\t\t\t\t<\/div>\n\t\t\t\t<\/div>\n\t\t\t\t\t<\/div>\r\n\t\t\t\t<\/div>\r\n\t\t\t\t\t<\/div>\r\n\t\t\t\t<\/section>\r\n\t\t\t\t<\/div>\n\t\t","protected":false},"excerpt":{"rendered":"<p>Data protection : Your community often suffers from damage: bumps or scratches on the walls, the lift is dirty&#8230; sometimes even locks are damaged due to misuse. That is why you are thinking of monitoring these areas with cameras. Will this measure help? Protecci\u00f3n de datos en la Videovigilancia Although video surveillance systems are effective [&hellip;]<\/p>\n","protected":false},"author":2,"featured_media":38314,"comment_status":"closed","ping_status":"closed","sticky":false,"template":"","format":"standard","meta":{"_eb_attr":"","inline_featured_image":false,"footnotes":""},"categories":[45],"tags":[],"class_list":["post-39006","post","type-post","status-publish","format-standard","has-post-thumbnail","hentry","category-blog"],"featured_image_src":{"landsacpe":["https:\/\/www.asesoriaorihuelacosta.com\/wp-content\/uploads\/2025\/01\/proteccion-de-datos-1-1140x445.webp",1140,445,true],"list":["https:\/\/www.asesoriaorihuelacosta.com\/wp-content\/uploads\/2025\/01\/proteccion-de-datos-1-463x348.webp",463,348,true],"medium":["https:\/\/www.asesoriaorihuelacosta.com\/wp-content\/uploads\/2025\/01\/proteccion-de-datos-1-300x169.webp",300,169,true],"full":["https:\/\/www.asesoriaorihuelacosta.com\/wp-content\/uploads\/2025\/01\/proteccion-de-datos-1.webp",1280,720,false]},"yoast_head":"<!-- This site is optimized with the Yoast SEO Premium plugin v24.7 (Yoast SEO v27.4) - https:\/\/yoast.com\/product\/yoast-seo-premium-wordpress\/ -->\n<title>Data protection: Should we put cameras in the community? - Asesor\u00eda Orihuela Costa<\/title>\n<meta name=\"description\" content=\"Learn about data protection in a community and how to ensure the privacy of your neighbors. Discover how to comply with the GDPR.\" \/>\n<meta name=\"robots\" content=\"index, follow, max-snippet:-1, max-image-preview:large, max-video-preview:-1\" \/>\n<link rel=\"canonical\" href=\"https:\/\/www.asesoriaorihuelacosta.com\/en\/data-protection-should-we-put-cameras-in-the-community\/\" \/>\n<meta property=\"og:locale\" content=\"en_US\" \/>\n<meta property=\"og:type\" content=\"article\" \/>\n<meta property=\"og:title\" content=\"Data protection: Should we put cameras in the community?\" \/>\n<meta property=\"og:description\" content=\"Learn about data protection in a community and how to ensure the privacy of your neighbors. Discover how to comply with the GDPR.\" \/>\n<meta property=\"og:url\" content=\"https:\/\/www.asesoriaorihuelacosta.com\/en\/data-protection-should-we-put-cameras-in-the-community\/\" \/>\n<meta property=\"og:site_name\" content=\"Asesor\u00eda Orihuela Costa\" \/>\n<meta property=\"article:publisher\" content=\"https:\/\/www.facebook.com\/asesoriaorihuelacosta\" \/>\n<meta property=\"article:author\" content=\"https:\/\/www.facebook.com\/patrick.gordinneperez\" \/>\n<meta property=\"article:published_time\" content=\"2025-01-09T06:15:22+00:00\" \/>\n<meta property=\"article:modified_time\" content=\"2025-01-16T16:41:32+00:00\" \/>\n<meta property=\"og:image\" content=\"https:\/\/www.asesoriaorihuelacosta.com\/wp-content\/uploads\/2025\/01\/proteccion-de-datos-1.webp\" \/>\n\t<meta property=\"og:image:width\" content=\"1280\" \/>\n\t<meta property=\"og:image:height\" content=\"720\" \/>\n\t<meta property=\"og:image:type\" content=\"image\/webp\" \/>\n<meta name=\"author\" content=\"Patrick Gordinne Perez\" \/>\n<meta name=\"twitter:card\" content=\"summary_large_image\" \/>\n<meta name=\"twitter:label1\" content=\"Written by\" \/>\n\t<meta name=\"twitter:data1\" content=\"Patrick Gordinne Perez\" \/>\n\t<meta name=\"twitter:label2\" content=\"Est. reading time\" \/>\n\t<meta name=\"twitter:data2\" content=\"4 minutes\" \/>\n<script type=\"application\/ld+json\" class=\"yoast-schema-graph\">{\"@context\":\"https:\\\/\\\/schema.org\",\"@graph\":[{\"@type\":\"Article\",\"@id\":\"https:\\\/\\\/www.asesoriaorihuelacosta.com\\\/en\\\/data-protection-should-we-put-cameras-in-the-community\\\/#article\",\"isPartOf\":{\"@id\":\"https:\\\/\\\/www.asesoriaorihuelacosta.com\\\/en\\\/data-protection-should-we-put-cameras-in-the-community\\\/\"},\"author\":{\"name\":\"Patrick Gordinne Perez\",\"@id\":\"https:\\\/\\\/www.asesoriaorihuelacosta.com\\\/en\\\/#\\\/schema\\\/person\\\/6614ce8cf6d2de542aaf351629fd539e\"},\"headline\":\"Data protection: Should we put cameras in the community?\",\"datePublished\":\"2025-01-09T06:15:22+00:00\",\"dateModified\":\"2025-01-16T16:41:32+00:00\",\"mainEntityOfPage\":{\"@id\":\"https:\\\/\\\/www.asesoriaorihuelacosta.com\\\/en\\\/data-protection-should-we-put-cameras-in-the-community\\\/\"},\"wordCount\":664,\"publisher\":{\"@id\":\"https:\\\/\\\/www.asesoriaorihuelacosta.com\\\/en\\\/#organization\"},\"image\":{\"@id\":\"https:\\\/\\\/www.asesoriaorihuelacosta.com\\\/en\\\/data-protection-should-we-put-cameras-in-the-community\\\/#primaryimage\"},\"thumbnailUrl\":\"https:\\\/\\\/www.asesoriaorihuelacosta.com\\\/wp-content\\\/uploads\\\/2025\\\/01\\\/proteccion-de-datos-1.webp\",\"articleSection\":[\"Blog\"],\"inLanguage\":\"en-US\"},{\"@type\":\"WebPage\",\"@id\":\"https:\\\/\\\/www.asesoriaorihuelacosta.com\\\/en\\\/data-protection-should-we-put-cameras-in-the-community\\\/\",\"url\":\"https:\\\/\\\/www.asesoriaorihuelacosta.com\\\/en\\\/data-protection-should-we-put-cameras-in-the-community\\\/\",\"name\":\"Data protection: Should we put cameras in the community? - Asesor\u00eda Orihuela Costa\",\"isPartOf\":{\"@id\":\"https:\\\/\\\/www.asesoriaorihuelacosta.com\\\/en\\\/#website\"},\"primaryImageOfPage\":{\"@id\":\"https:\\\/\\\/www.asesoriaorihuelacosta.com\\\/en\\\/data-protection-should-we-put-cameras-in-the-community\\\/#primaryimage\"},\"image\":{\"@id\":\"https:\\\/\\\/www.asesoriaorihuelacosta.com\\\/en\\\/data-protection-should-we-put-cameras-in-the-community\\\/#primaryimage\"},\"thumbnailUrl\":\"https:\\\/\\\/www.asesoriaorihuelacosta.com\\\/wp-content\\\/uploads\\\/2025\\\/01\\\/proteccion-de-datos-1.webp\",\"datePublished\":\"2025-01-09T06:15:22+00:00\",\"dateModified\":\"2025-01-16T16:41:32+00:00\",\"description\":\"Learn about data protection in a community and how to ensure the privacy of your neighbors. Discover how to comply with the GDPR.\",\"breadcrumb\":{\"@id\":\"https:\\\/\\\/www.asesoriaorihuelacosta.com\\\/en\\\/data-protection-should-we-put-cameras-in-the-community\\\/#breadcrumb\"},\"inLanguage\":\"en-US\",\"potentialAction\":[{\"@type\":\"ReadAction\",\"target\":[\"https:\\\/\\\/www.asesoriaorihuelacosta.com\\\/en\\\/data-protection-should-we-put-cameras-in-the-community\\\/\"]}]},{\"@type\":\"ImageObject\",\"inLanguage\":\"en-US\",\"@id\":\"https:\\\/\\\/www.asesoriaorihuelacosta.com\\\/en\\\/data-protection-should-we-put-cameras-in-the-community\\\/#primaryimage\",\"url\":\"https:\\\/\\\/www.asesoriaorihuelacosta.com\\\/wp-content\\\/uploads\\\/2025\\\/01\\\/proteccion-de-datos-1.webp\",\"contentUrl\":\"https:\\\/\\\/www.asesoriaorihuelacosta.com\\\/wp-content\\\/uploads\\\/2025\\\/01\\\/proteccion-de-datos-1.webp\",\"width\":1280,\"height\":720,\"caption\":\"proteccion de datos\"},{\"@type\":\"BreadcrumbList\",\"@id\":\"https:\\\/\\\/www.asesoriaorihuelacosta.com\\\/en\\\/data-protection-should-we-put-cameras-in-the-community\\\/#breadcrumb\",\"itemListElement\":[{\"@type\":\"ListItem\",\"position\":1,\"name\":\"Home\",\"item\":\"https:\\\/\\\/www.asesoriaorihuelacosta.com\\\/en\\\/\"},{\"@type\":\"ListItem\",\"position\":2,\"name\":\"Data protection: Should we put cameras in the community?\"}]},{\"@type\":\"WebSite\",\"@id\":\"https:\\\/\\\/www.asesoriaorihuelacosta.com\\\/en\\\/#website\",\"url\":\"https:\\\/\\\/www.asesoriaorihuelacosta.com\\\/en\\\/\",\"name\":\"https:\\\/\\\/www.asesoriaorihuelacosta.com\\\/\",\"description\":\"Grupo de asesores profesionales\",\"publisher\":{\"@id\":\"https:\\\/\\\/www.asesoriaorihuelacosta.com\\\/en\\\/#organization\"},\"potentialAction\":[{\"@type\":\"SearchAction\",\"target\":{\"@type\":\"EntryPoint\",\"urlTemplate\":\"https:\\\/\\\/www.asesoriaorihuelacosta.com\\\/en\\\/?s={search_term_string}\"},\"query-input\":{\"@type\":\"PropertyValueSpecification\",\"valueRequired\":true,\"valueName\":\"search_term_string\"}}],\"inLanguage\":\"en-US\"},{\"@type\":\"Organization\",\"@id\":\"https:\\\/\\\/www.asesoriaorihuelacosta.com\\\/en\\\/#organization\",\"name\":\"Asesor\u00eda Orihuela Costa\",\"url\":\"https:\\\/\\\/www.asesoriaorihuelacosta.com\\\/en\\\/\",\"logo\":{\"@type\":\"ImageObject\",\"inLanguage\":\"en-US\",\"@id\":\"https:\\\/\\\/www.asesoriaorihuelacosta.com\\\/en\\\/#\\\/schema\\\/logo\\\/image\\\/\",\"url\":\"https:\\\/\\\/www.asesoriaorihuelacosta.com\\\/wp-content\\\/uploads\\\/2022\\\/06\\\/Logo-espa\u5bf8l-asesoriaorihuela.jpg\",\"contentUrl\":\"https:\\\/\\\/www.asesoriaorihuelacosta.com\\\/wp-content\\\/uploads\\\/2022\\\/06\\\/Logo-espa\u5bf8l-asesoriaorihuela.jpg\",\"width\":588,\"height\":136,\"caption\":\"Asesor\u00eda Orihuela Costa\"},\"image\":{\"@id\":\"https:\\\/\\\/www.asesoriaorihuelacosta.com\\\/en\\\/#\\\/schema\\\/logo\\\/image\\\/\"},\"sameAs\":[\"https:\\\/\\\/www.facebook.com\\\/asesoriaorihuelacosta\"]},{\"@type\":\"Person\",\"@id\":\"https:\\\/\\\/www.asesoriaorihuelacosta.com\\\/en\\\/#\\\/schema\\\/person\\\/6614ce8cf6d2de542aaf351629fd539e\",\"name\":\"Patrick Gordinne Perez\",\"description\":\"Soy economista colegiado por el colegio de economistas de Alicante con el n\u00famero 2722. Llevo ejerciendo desde el a\u00f1o 2005. Soy especialista en fiscalidad de empresas y aut\u00f3nomos y tambi\u00e9n especialista en gestionar compraventas. Hablo espa\u00f1ol, ingl\u00e9s y franc\u00e9s.\",\"sameAs\":[\"https:\\\/\\\/www.asesoriaorihuelacosta.com\",\"https:\\\/\\\/www.facebook.com\\\/patrick.gordinneperez\",\"https:\\\/\\\/www.linkedin.com\\\/in\\\/patrick-gordinne-perez-1b73aab3\\\/\",\"https:\\\/\\\/www.youtube.com\\\/channel\\\/UC5e95RJEVQlxCnhwDmGNVCw\"],\"gender\":\"Hombre\",\"knowsLanguage\":[\"ingl\u00e9s\",\"franc\u00e9s\",\"espa\u00f1ol\"],\"jobTitle\":\"Gerente\",\"worksFor\":\"Asesoria Orihuela Costa SL\"}]}<\/script>\n<!-- \/ Yoast SEO Premium plugin. -->","yoast_head_json":{"title":"Data protection: Should we put cameras in the community? - Asesor\u00eda Orihuela Costa","description":"Learn about data protection in a community and how to ensure the privacy of your neighbors. Discover how to comply with the GDPR.","robots":{"index":"index","follow":"follow","max-snippet":"max-snippet:-1","max-image-preview":"max-image-preview:large","max-video-preview":"max-video-preview:-1"},"canonical":"https:\/\/www.asesoriaorihuelacosta.com\/en\/data-protection-should-we-put-cameras-in-the-community\/","og_locale":"en_US","og_type":"article","og_title":"Data protection: Should we put cameras in the community?","og_description":"Learn about data protection in a community and how to ensure the privacy of your neighbors. Discover how to comply with the GDPR.","og_url":"https:\/\/www.asesoriaorihuelacosta.com\/en\/data-protection-should-we-put-cameras-in-the-community\/","og_site_name":"Asesor\u00eda Orihuela Costa","article_publisher":"https:\/\/www.facebook.com\/asesoriaorihuelacosta","article_author":"https:\/\/www.facebook.com\/patrick.gordinneperez","article_published_time":"2025-01-09T06:15:22+00:00","article_modified_time":"2025-01-16T16:41:32+00:00","og_image":[{"width":1280,"height":720,"url":"https:\/\/www.asesoriaorihuelacosta.com\/wp-content\/uploads\/2025\/01\/proteccion-de-datos-1.webp","type":"image\/webp"}],"author":"Patrick Gordinne Perez","twitter_card":"summary_large_image","twitter_misc":{"Written by":"Patrick Gordinne Perez","Est. reading time":"4 minutes"},"schema":{"@context":"https:\/\/schema.org","@graph":[{"@type":"Article","@id":"https:\/\/www.asesoriaorihuelacosta.com\/en\/data-protection-should-we-put-cameras-in-the-community\/#article","isPartOf":{"@id":"https:\/\/www.asesoriaorihuelacosta.com\/en\/data-protection-should-we-put-cameras-in-the-community\/"},"author":{"name":"Patrick Gordinne Perez","@id":"https:\/\/www.asesoriaorihuelacosta.com\/en\/#\/schema\/person\/6614ce8cf6d2de542aaf351629fd539e"},"headline":"Data protection: Should we put cameras in the community?","datePublished":"2025-01-09T06:15:22+00:00","dateModified":"2025-01-16T16:41:32+00:00","mainEntityOfPage":{"@id":"https:\/\/www.asesoriaorihuelacosta.com\/en\/data-protection-should-we-put-cameras-in-the-community\/"},"wordCount":664,"publisher":{"@id":"https:\/\/www.asesoriaorihuelacosta.com\/en\/#organization"},"image":{"@id":"https:\/\/www.asesoriaorihuelacosta.com\/en\/data-protection-should-we-put-cameras-in-the-community\/#primaryimage"},"thumbnailUrl":"https:\/\/www.asesoriaorihuelacosta.com\/wp-content\/uploads\/2025\/01\/proteccion-de-datos-1.webp","articleSection":["Blog"],"inLanguage":"en-US"},{"@type":"WebPage","@id":"https:\/\/www.asesoriaorihuelacosta.com\/en\/data-protection-should-we-put-cameras-in-the-community\/","url":"https:\/\/www.asesoriaorihuelacosta.com\/en\/data-protection-should-we-put-cameras-in-the-community\/","name":"Data protection: Should we put cameras in the community? - Asesor\u00eda Orihuela Costa","isPartOf":{"@id":"https:\/\/www.asesoriaorihuelacosta.com\/en\/#website"},"primaryImageOfPage":{"@id":"https:\/\/www.asesoriaorihuelacosta.com\/en\/data-protection-should-we-put-cameras-in-the-community\/#primaryimage"},"image":{"@id":"https:\/\/www.asesoriaorihuelacosta.com\/en\/data-protection-should-we-put-cameras-in-the-community\/#primaryimage"},"thumbnailUrl":"https:\/\/www.asesoriaorihuelacosta.com\/wp-content\/uploads\/2025\/01\/proteccion-de-datos-1.webp","datePublished":"2025-01-09T06:15:22+00:00","dateModified":"2025-01-16T16:41:32+00:00","description":"Learn about data protection in a community and how to ensure the privacy of your neighbors. Discover how to comply with the GDPR.","breadcrumb":{"@id":"https:\/\/www.asesoriaorihuelacosta.com\/en\/data-protection-should-we-put-cameras-in-the-community\/#breadcrumb"},"inLanguage":"en-US","potentialAction":[{"@type":"ReadAction","target":["https:\/\/www.asesoriaorihuelacosta.com\/en\/data-protection-should-we-put-cameras-in-the-community\/"]}]},{"@type":"ImageObject","inLanguage":"en-US","@id":"https:\/\/www.asesoriaorihuelacosta.com\/en\/data-protection-should-we-put-cameras-in-the-community\/#primaryimage","url":"https:\/\/www.asesoriaorihuelacosta.com\/wp-content\/uploads\/2025\/01\/proteccion-de-datos-1.webp","contentUrl":"https:\/\/www.asesoriaorihuelacosta.com\/wp-content\/uploads\/2025\/01\/proteccion-de-datos-1.webp","width":1280,"height":720,"caption":"proteccion de datos"},{"@type":"BreadcrumbList","@id":"https:\/\/www.asesoriaorihuelacosta.com\/en\/data-protection-should-we-put-cameras-in-the-community\/#breadcrumb","itemListElement":[{"@type":"ListItem","position":1,"name":"Home","item":"https:\/\/www.asesoriaorihuelacosta.com\/en\/"},{"@type":"ListItem","position":2,"name":"Data protection: Should we put cameras in the community?"}]},{"@type":"WebSite","@id":"https:\/\/www.asesoriaorihuelacosta.com\/en\/#website","url":"https:\/\/www.asesoriaorihuelacosta.com\/en\/","name":"https:\/\/www.asesoriaorihuelacosta.com\/","description":"Grupo de asesores profesionales","publisher":{"@id":"https:\/\/www.asesoriaorihuelacosta.com\/en\/#organization"},"potentialAction":[{"@type":"SearchAction","target":{"@type":"EntryPoint","urlTemplate":"https:\/\/www.asesoriaorihuelacosta.com\/en\/?s={search_term_string}"},"query-input":{"@type":"PropertyValueSpecification","valueRequired":true,"valueName":"search_term_string"}}],"inLanguage":"en-US"},{"@type":"Organization","@id":"https:\/\/www.asesoriaorihuelacosta.com\/en\/#organization","name":"Asesor\u00eda Orihuela Costa","url":"https:\/\/www.asesoriaorihuelacosta.com\/en\/","logo":{"@type":"ImageObject","inLanguage":"en-US","@id":"https:\/\/www.asesoriaorihuelacosta.com\/en\/#\/schema\/logo\/image\/","url":"https:\/\/www.asesoriaorihuelacosta.com\/wp-content\/uploads\/2022\/06\/Logo-espa\u5bf8l-asesoriaorihuela.jpg","contentUrl":"https:\/\/www.asesoriaorihuelacosta.com\/wp-content\/uploads\/2022\/06\/Logo-espa\u5bf8l-asesoriaorihuela.jpg","width":588,"height":136,"caption":"Asesor\u00eda Orihuela Costa"},"image":{"@id":"https:\/\/www.asesoriaorihuelacosta.com\/en\/#\/schema\/logo\/image\/"},"sameAs":["https:\/\/www.facebook.com\/asesoriaorihuelacosta"]},{"@type":"Person","@id":"https:\/\/www.asesoriaorihuelacosta.com\/en\/#\/schema\/person\/6614ce8cf6d2de542aaf351629fd539e","name":"Patrick Gordinne Perez","description":"Soy economista colegiado por el colegio de economistas de Alicante con el n\u00famero 2722. Llevo ejerciendo desde el a\u00f1o 2005. Soy especialista en fiscalidad de empresas y aut\u00f3nomos y tambi\u00e9n especialista en gestionar compraventas. Hablo espa\u00f1ol, ingl\u00e9s y franc\u00e9s.","sameAs":["https:\/\/www.asesoriaorihuelacosta.com","https:\/\/www.facebook.com\/patrick.gordinneperez","https:\/\/www.linkedin.com\/in\/patrick-gordinne-perez-1b73aab3\/","https:\/\/www.youtube.com\/channel\/UC5e95RJEVQlxCnhwDmGNVCw"],"gender":"Hombre","knowsLanguage":["ingl\u00e9s","franc\u00e9s","espa\u00f1ol"],"jobTitle":"Gerente","worksFor":"Asesoria Orihuela Costa SL"}]}},"_links":{"self":[{"href":"https:\/\/www.asesoriaorihuelacosta.com\/en\/wp-json\/wp\/v2\/posts\/39006","targetHints":{"allow":["GET"]}}],"collection":[{"href":"https:\/\/www.asesoriaorihuelacosta.com\/en\/wp-json\/wp\/v2\/posts"}],"about":[{"href":"https:\/\/www.asesoriaorihuelacosta.com\/en\/wp-json\/wp\/v2\/types\/post"}],"author":[{"embeddable":true,"href":"https:\/\/www.asesoriaorihuelacosta.com\/en\/wp-json\/wp\/v2\/users\/2"}],"replies":[{"embeddable":true,"href":"https:\/\/www.asesoriaorihuelacosta.com\/en\/wp-json\/wp\/v2\/comments?post=39006"}],"version-history":[{"count":8,"href":"https:\/\/www.asesoriaorihuelacosta.com\/en\/wp-json\/wp\/v2\/posts\/39006\/revisions"}],"predecessor-version":[{"id":39015,"href":"https:\/\/www.asesoriaorihuelacosta.com\/en\/wp-json\/wp\/v2\/posts\/39006\/revisions\/39015"}],"wp:featuredmedia":[{"embeddable":true,"href":"https:\/\/www.asesoriaorihuelacosta.com\/en\/wp-json\/wp\/v2\/media\/38314"}],"wp:attachment":[{"href":"https:\/\/www.asesoriaorihuelacosta.com\/en\/wp-json\/wp\/v2\/media?parent=39006"}],"wp:term":[{"taxonomy":"category","embeddable":true,"href":"https:\/\/www.asesoriaorihuelacosta.com\/en\/wp-json\/wp\/v2\/categories?post=39006"},{"taxonomy":"post_tag","embeddable":true,"href":"https:\/\/www.asesoriaorihuelacosta.com\/en\/wp-json\/wp\/v2\/tags?post=39006"}],"curies":[{"name":"wp","href":"https:\/\/api.w.org\/{rel}","templated":true}]}}