{"id":37338,"date":"2024-12-07T18:12:07","date_gmt":"2024-12-07T18:12:07","guid":{"rendered":"https:\/\/www.asesoriaorihuelacosta.com\/?p=37338"},"modified":"2024-12-27T08:56:41","modified_gmt":"2024-12-27T08:56:41","slug":"dual-vocational-training-internship-agreement","status":"publish","type":"post","link":"https:\/\/www.asesoriaorihuelacosta.com\/en\/dual-vocational-training-internship-agreement\/","title":{"rendered":"Dual vocational training: internship agreement"},"content":{"rendered":"\t\t<div data-elementor-type=\"wp-post\" data-elementor-id=\"37338\" class=\"elementor elementor-37338\" data-elementor-post-type=\"post\">\n\t\t\t\t\t\t<section data-particle_enable=\"false\" data-particle-mobile-disabled=\"false\" class=\"elementor-section elementor-top-section elementor-element elementor-element-4b244fd elementor-section-boxed elementor-section-height-default elementor-section-height-default\" data-id=\"4b244fd\" data-element_type=\"section\" data-e-type=\"section\">\r\n\t\t\r\n\t\t\t\t\t\t\t<div class=\"elementor-container elementor-column-gap-default\">\r\n\t\t\t\t\t\t\t\t\t\t\t<div class=\"elementor-column elementor-col-100 elementor-top-column elementor-element elementor-element-dccd08a\" data-id=\"dccd08a\" data-element_type=\"column\" data-e-type=\"column\">\r\n\t\t\t\t\t<div class=\"elementor-widget-wrap elementor-element-populated\">\r\n\t\t\t\t\t\t\t\t<div class=\"elementor-element elementor-element-f3ddc89 elementor-widget elementor-widget-text-editor\" data-id=\"f3ddc89\" data-element_type=\"widget\" data-e-type=\"widget\" data-widget_type=\"text-editor.default\">\n\t\t\t\t<div class=\"elementor-widget-container\">\n\t\t\t\t\t\t\t\t\t<p><strong>Dual vocational training<\/strong> in Spain is becoming increasingly important. Young people are increasingly choosing vocational education and training as a way to get a job.<\/p><p>It is clear that going to university and getting a degree is no guarantee of getting a good job.<\/p><p>It takes many years, a lot of money and uncertainty.<\/p><p>On the other hand, if you do vocational training and also do an internship in a company, it will be much easier and you will get a job quickly.<\/p><p>At the time of writing this article there are <b>2,586,018 unemployed people<\/b> in Spain <b>.<\/b><\/p><p>And yet, companies are still unable to find workers.<\/p><p>Everyone knows that the most important thing for a company<strong> is to have training and experience<\/strong>.<\/p><p>A good option is to train in vocational training and do an internship in a company.<\/p><p>This is dual vocational training.<\/p><p>In this article we tell you how it works to sign up to a <strong>dual vocational training<\/strong> system with a training centre so that your students can carry out non-professional internships in your company.<\/p>\t\t\t\t\t\t\t\t<\/div>\n\t\t\t\t<\/div>\n\t\t\t\t\t<\/div>\r\n\t\t\t\t<\/div>\r\n\t\t\t\t\t<\/div>\r\n\t\t\t\t<\/section>\r\n\t\t\t\t<section data-particle_enable=\"false\" data-particle-mobile-disabled=\"false\" class=\"elementor-section elementor-top-section elementor-element elementor-element-bc8ed86 elementor-section-boxed elementor-section-height-default elementor-section-height-default\" data-id=\"bc8ed86\" data-element_type=\"section\" data-e-type=\"section\">\r\n\t\t\r\n\t\t\t\t\t\t\t<div class=\"elementor-container elementor-column-gap-default\">\r\n\t\t\t\t\t\t\t\t\t\t\t<div class=\"elementor-column elementor-col-100 elementor-top-column elementor-element elementor-element-8ab189b\" data-id=\"8ab189b\" data-element_type=\"column\" data-e-type=\"column\">\r\n\t\t\t\t\t<div class=\"elementor-widget-wrap elementor-element-populated\">\r\n\t\t\t\t\t\t\t\t<div class=\"elementor-element elementor-element-62a5c2c elementor-widget elementor-widget-heading\" data-id=\"62a5c2c\" data-element_type=\"widget\" data-e-type=\"widget\" data-widget_type=\"heading.default\">\n\t\t\t\t<div class=\"elementor-widget-container\">\n\t\t\t\t\t<h2 class=\"elementor-heading-title elementor-size-default\">What is Dual DVT?<\/h2>\t\t\t\t<\/div>\n\t\t\t\t<\/div>\n\t\t\t\t\t<\/div>\r\n\t\t\t\t<\/div>\r\n\t\t\t\t\t<\/div>\r\n\t\t\t\t<\/section>\r\n\t\t\t\t<section data-particle_enable=\"false\" data-particle-mobile-disabled=\"false\" class=\"elementor-section elementor-top-section elementor-element elementor-element-938be87 elementor-section-boxed elementor-section-height-default elementor-section-height-default\" data-id=\"938be87\" data-element_type=\"section\" data-e-type=\"section\">\r\n\t\t\r\n\t\t\t\t\t\t\t<div class=\"elementor-container elementor-column-gap-default\">\r\n\t\t\t\t\t\t\t\t\t\t\t<div class=\"elementor-column elementor-col-100 elementor-top-column elementor-element elementor-element-be0c6bf\" data-id=\"be0c6bf\" data-element_type=\"column\" data-e-type=\"column\">\r\n\t\t\t\t\t<div class=\"elementor-widget-wrap elementor-element-populated\">\r\n\t\t\t\t\t\t\t\t<div class=\"elementor-element elementor-element-0d45d0c elementor-widget elementor-widget-text-editor\" data-id=\"0d45d0c\" data-element_type=\"widget\" data-e-type=\"widget\" data-widget_type=\"text-editor.default\">\n\t\t\t\t<div class=\"elementor-widget-container\">\n\t\t\t\t\t\t\t\t\t<h3><strong>What is dual vocational training?<\/strong><\/h3><h4 class=\"subtitle2\">Training placements<\/h4><p>In the dual vocational training system, vocational trainees at a school divide their studies into two parts.<\/p><p>On the one hand, they receive &#8211; as a rule &#8211; <strong>theoretical training<\/strong> at their school.<\/p><p>On the other hand, they receive <strong>practical training<\/strong> in their company through productive activities related to their studies.<\/p><p>For this purpose, an agreement between the school and the company is necessary to establish the distribution of this training.<\/p><p><strong>Dual VET: Two phases<\/strong><\/p><p>The stay in the company is divided into two phases.<\/p><ul><li>In the first phase, the student <strong>joins the company<\/strong> to do an internship and adapt to its operations.<\/li><li>Once this period is over,<strong> they begin their paid stay<\/strong>, which can be carried out in two ways: by means of an <strong>alternating training<\/strong> work contract or by means of a training grant.<\/li><\/ul>\t\t\t\t\t\t\t\t<\/div>\n\t\t\t\t<\/div>\n\t\t\t\t\t<\/div>\r\n\t\t\t\t<\/div>\r\n\t\t\t\t\t<\/div>\r\n\t\t\t\t<\/section>\r\n\t\t\t\t<section data-particle_enable=\"false\" data-particle-mobile-disabled=\"false\" class=\"elementor-section elementor-top-section elementor-element elementor-element-5eec23d elementor-section-boxed elementor-section-height-default elementor-section-height-default\" data-id=\"5eec23d\" data-element_type=\"section\" data-e-type=\"section\">\r\n\t\t\r\n\t\t\t\t\t\t\t<div class=\"elementor-container elementor-column-gap-default\">\r\n\t\t\t\t\t\t\t\t\t\t\t<div class=\"elementor-column elementor-col-100 elementor-top-column elementor-element elementor-element-479f5eb\" data-id=\"479f5eb\" data-element_type=\"column\" data-e-type=\"column\">\r\n\t\t\t\t\t<div class=\"elementor-widget-wrap elementor-element-populated\">\r\n\t\t\t\t\t\t\t\t<div class=\"elementor-element elementor-element-dd1e44b elementor-widget elementor-widget-heading\" data-id=\"dd1e44b\" data-element_type=\"widget\" data-e-type=\"widget\" data-widget_type=\"heading.default\">\n\t\t\t\t<div class=\"elementor-widget-container\">\n\t\t\t\t\t<h2 class=\"elementor-heading-title elementor-size-default\">Work-linked training vs. training grant <\/h2>\t\t\t\t<\/div>\n\t\t\t\t<\/div>\n\t\t\t\t\t<\/div>\r\n\t\t\t\t<\/div>\r\n\t\t\t\t\t<\/div>\r\n\t\t\t\t<\/section>\r\n\t\t\t\t<section data-particle_enable=\"false\" data-particle-mobile-disabled=\"false\" class=\"elementor-section elementor-top-section elementor-element elementor-element-90cb705 elementor-section-boxed elementor-section-height-default elementor-section-height-default\" data-id=\"90cb705\" data-element_type=\"section\" data-e-type=\"section\">\r\n\t\t\r\n\t\t\t\t\t\t\t<div class=\"elementor-container elementor-column-gap-default\">\r\n\t\t\t\t\t\t\t\t\t\t\t<div class=\"elementor-column elementor-col-100 elementor-top-column elementor-element elementor-element-63af8b1\" data-id=\"63af8b1\" data-element_type=\"column\" data-e-type=\"column\">\r\n\t\t\t\t\t<div class=\"elementor-widget-wrap elementor-element-populated\">\r\n\t\t\t\t\t\t\t\t<div class=\"elementor-element elementor-element-bd4d7a9 elementor-widget elementor-widget-text-editor\" data-id=\"bd4d7a9\" data-element_type=\"widget\" data-e-type=\"widget\" data-widget_type=\"text-editor.default\">\n\t\t\t\t<div class=\"elementor-widget-container\">\n\t\t\t\t\t\t\t\t\t<h3>Regulation of dual vocational training<\/h3><p>As an employment contract <a href=\"https:\/\/www.google.com\/url?sa=t&amp;source=web&amp;rct=j&amp;opi=89978449&amp;url=https:\/\/www.sepe.es\/SiteSepe\/contenidos\/que_es_el_sepe\/publicaciones\/pdf\/pdf_empleo\/Contratos_HS_FPD_CFyA.pdf&amp;ved=2ahUKEwi_w8Hu1JaKAxUGR6QEHTPWCdEQFnoECBgQAQ&amp;usg=AOvVaw0YKvz5ngZNNtrkU-3hLILD\" rel=\"noopener\">for work-linked training<\/a>, since it is an employment relationship, it is regulated by the <a href=\"https:\/\/www.boe.es\/buscar\/act.php?id=BOE-A-2012-13846\" rel=\"noopener\">provisions of the Workers&#8217; Statute<\/a> and the applicable collective bargaining agreement.<\/p><p>If the latter does not say anything, during the first year the salary cannot be less than 60% (75% during the second year) of the salary established in the collective agreement for the professional group corresponding to the functions performed, in proportion to the effective working time; nor can it be less than the minimum wage, in proportion to the effective working time.<\/p><p>On the other hand, the training grant has a more flexible regulation. See below its particularities and differences with respect to work-linked training.<\/p><h3><strong>Duration of dual vocational training<\/strong><\/h3><p>While the contract for work-linked training has a <strong>minimum duration of three months and a maximum duration of two years<\/strong> (if the duration of the contract is less than the legal maximum and the diploma is not obtained in time, it can be extended until it is obtained, as long as the maximum duration of two years is not exceeded),<\/p><p>The duration of the training grant is <strong>specified in the agreement between the company and the educational institution.<\/strong><\/p><p>As a guideline, the duration of the training grant is usually <strong>approximately 1,000 hours per year.<\/strong><\/p>\t\t\t\t\t\t\t\t<\/div>\n\t\t\t\t<\/div>\n\t\t\t\t\t<\/div>\r\n\t\t\t\t<\/div>\r\n\t\t\t\t\t<\/div>\r\n\t\t\t\t<\/section>\r\n\t\t\t\t<section data-particle_enable=\"false\" data-particle-mobile-disabled=\"false\" class=\"elementor-section elementor-top-section elementor-element elementor-element-3ea980b elementor-section-boxed elementor-section-height-default elementor-section-height-default\" data-id=\"3ea980b\" data-element_type=\"section\" data-e-type=\"section\">\r\n\t\t\r\n\t\t\t\t\t\t\t<div class=\"elementor-container elementor-column-gap-default\">\r\n\t\t\t\t\t\t\t\t\t\t\t<div class=\"elementor-column elementor-col-100 elementor-top-column elementor-element elementor-element-43cb13a\" data-id=\"43cb13a\" data-element_type=\"column\" data-e-type=\"column\">\r\n\t\t\t\t\t<div class=\"elementor-widget-wrap elementor-element-populated\">\r\n\t\t\t\t\t\t\t\t<div class=\"elementor-element elementor-element-77c57ee elementor-widget elementor-widget-image\" data-id=\"77c57ee\" data-element_type=\"widget\" data-e-type=\"widget\" data-widget_type=\"image.default\">\n\t\t\t\t<div class=\"elementor-widget-container\">\n\t\t\t\t\t\t\t\t\t\t\t\t\t\t\t<img loading=\"lazy\" decoding=\"async\" width=\"1024\" height=\"576\" src=\"https:\/\/www.asesoriaorihuelacosta.com\/wp-content\/uploads\/2024\/12\/formacion-profesional-dual-1024x576.jpg\" class=\"attachment-large size-large wp-image-36099\" alt=\"formacion profesional dual\" srcset=\"https:\/\/www.asesoriaorihuelacosta.com\/wp-content\/uploads\/2024\/12\/formacion-profesional-dual-1024x576.jpg 1024w, https:\/\/www.asesoriaorihuelacosta.com\/wp-content\/uploads\/2024\/12\/formacion-profesional-dual-768x432.jpg 768w, https:\/\/www.asesoriaorihuelacosta.com\/wp-content\/uploads\/2024\/12\/formacion-profesional-dual-640x360.jpg 640w, https:\/\/www.asesoriaorihuelacosta.com\/wp-content\/uploads\/2024\/12\/formacion-profesional-dual-400x225.jpg 400w\" sizes=\"auto, (max-width: 1024px) 100vw, 1024px\" \/>\t\t\t\t\t\t\t\t\t\t\t\t\t\t\t<\/div>\n\t\t\t\t<\/div>\n\t\t\t\t\t<\/div>\r\n\t\t\t\t<\/div>\r\n\t\t\t\t\t<\/div>\r\n\t\t\t\t<\/section>\r\n\t\t\t\t<section data-particle_enable=\"false\" data-particle-mobile-disabled=\"false\" class=\"elementor-section elementor-top-section elementor-element elementor-element-de3723c elementor-section-boxed elementor-section-height-default elementor-section-height-default\" data-id=\"de3723c\" data-element_type=\"section\" data-e-type=\"section\">\r\n\t\t\r\n\t\t\t\t\t\t\t<div class=\"elementor-container elementor-column-gap-default\">\r\n\t\t\t\t\t\t\t\t\t\t\t<div class=\"elementor-column elementor-col-100 elementor-top-column elementor-element elementor-element-56f1deb\" data-id=\"56f1deb\" data-element_type=\"column\" data-e-type=\"column\">\r\n\t\t\t\t\t<div class=\"elementor-widget-wrap elementor-element-populated\">\r\n\t\t\t\t\t\t\t\t<div class=\"elementor-element elementor-element-96e3798 elementor-widget elementor-widget-text-editor\" data-id=\"96e3798\" data-element_type=\"widget\" data-e-type=\"widget\" data-widget_type=\"text-editor.default\">\n\t\t\t\t<div class=\"elementor-widget-container\">\n\t\t\t\t\t\t\t\t\t<p><strong>Social Security<\/strong><\/p><p>In both cases (alternating training contract and training grant), students must be registered with the Social Security under the paid training internship modality.<\/p><p>In this case, the contributions are as follows:<\/p><table><tbody><tr><td>Concept<\/td><td>Company<\/td><td>Worker<\/td><td>Total<\/td><\/tr><tr><td>Common contingencies (1)<\/td><td>53,61\u20ac\/month<\/td><td>10,69\u20ac\/month<\/td><td>64,30\u20ac\/month<\/td><\/tr><tr><td>Accidents at work and occupational diseases<\/td><td>3,82 \u20ac\/month IT (Temporary Incapacity)3,56 \u20ac\/month IMS (Permanent Incapacity, Death and Survival)<\/td><td>\u00a0<\/td><td>7,38 \u20ac\/month<\/td><\/tr><tr><td>Intergenerational Equity Mechanism (MEI)<\/td><td>\u00a0<\/td><td>\u00a0<\/td><td>Excluding<\/td><\/tr><\/tbody><\/table><p class=\"li-tab-legend-number\">In 2024, the reduction of 95% will be applied to the contributions for common contingencies, so that the company will only pay 2.68 euros per month and the worker 0.53 euros per month.<\/p><p><strong>Remuneration<\/strong><\/p><p>As mentioned above, the minimum remuneration to be received by the student with a work-linked training contract is that established in the applicable collective agreement for this specific case.<\/p><p>On the other hand, in the case of a training grant, the salary will be that agreed in the agreement between the company and the educational centre, depending on the hours spent in the company.<\/p><p>See below an example of a calculation of the amount of a scholarship for a higher education student in the dual internship modality.<\/p><p><strong>Company cost of dual vocational training<\/strong><\/p><p>A student does 100 hours of work experience per month (25 hours per week), and the monitoring committee of the training agreement &#8211; which sets the amount of the grant &#8211; establishes it at 65% of the current minimum wage for Advanced Vocational Training (15,876 euros per year for 2024).<\/p><p>See what the cost to the company will be:<\/p><table><tbody><tr><td>Monthly grant (100 hours x 5.65\/hour)<\/td><td>565 (1)<\/td><\/tr><tr><td>Social security company<\/td><td>10,06<\/td><\/tr><tr><td><strong>Total company cost<\/strong><\/td><td><strong>575,06<\/strong><\/td><\/tr><\/tbody><\/table><p class=\"li-tab-legend-number\">To obtain the hourly rate, 65% of the annual SMI for 2024 has been calculated and the result has been divided by 1,826 hours per year (this annual working day has been taken into account because the Workers&#8217; Statute does not quantify the annual working day, but the monthly working day). Therefore: (15,876.00 euros \u00d7 65%)\/1,826 hours = 5.65 euros\/hour.<\/p><p><strong>Amount for the worker<\/strong><\/p><p>Let us now see what would be the net amount of the grant that the student would actually receive for the 100 hours per month mentioned above:<\/p><table><tbody><tr><td>Monthly grant (100 hours x 5,65\/hour)<\/td><td>565<\/td><\/tr><tr><td>Social Security worker<\/td><td>0,53<\/td><\/tr><tr><td>Retention<\/td><td>0,00 (1)<\/td><\/tr><tr><td><strong>Total cash to be received<\/strong><\/td><td><strong>564,47<\/strong><\/td><\/tr><\/tbody><\/table><p class=\"li-tab-legend-number\">Please note that, as the grant is not considered a salary, no personal income tax withholding should be applied.<\/p><p class=\"li-tab-legend-number\">However, many payroll programs consider that the amount to be paid to the student is a salary remuneration of a temporary relationship and automatically apply a 2% withholding.<\/p><p>In this case, the amount of the grant to be considered is the same each month so that the net amount to be received is also the same.<\/p><p>In this way, the management of the receipt and the payment of the grant is made easier and more comprehensible for the student and the company.<\/p>\t\t\t\t\t\t\t\t<\/div>\n\t\t\t\t<\/div>\n\t\t\t\t\t<\/div>\r\n\t\t\t\t<\/div>\r\n\t\t\t\t\t<\/div>\r\n\t\t\t\t<\/section>\r\n\t\t\t\t<section data-particle_enable=\"false\" data-particle-mobile-disabled=\"false\" class=\"elementor-section elementor-top-section elementor-element elementor-element-dbde126 elementor-section-boxed elementor-section-height-default elementor-section-height-default\" data-id=\"dbde126\" data-element_type=\"section\" data-e-type=\"section\">\r\n\t\t\r\n\t\t\t\t\t\t\t<div class=\"elementor-container elementor-column-gap-default\">\r\n\t\t\t\t\t\t\t\t\t\t\t<div class=\"elementor-column elementor-col-100 elementor-top-column elementor-element elementor-element-1d8b8e8\" data-id=\"1d8b8e8\" data-element_type=\"column\" data-e-type=\"column\">\r\n\t\t\t\t\t<div class=\"elementor-widget-wrap elementor-element-populated\">\r\n\t\t\t\t\t\t\t\t<div class=\"elementor-element elementor-element-fecdeb2 elementor-widget elementor-widget-text-editor\" data-id=\"fecdeb2\" data-element_type=\"widget\" data-e-type=\"widget\" data-widget_type=\"text-editor.default\">\n\t\t\t\t<div class=\"elementor-widget-container\">\n\t\t\t\t\t\t\t\t\t<p>Paid traineeships can be carried out in two ways: by means of an alternating training work contract or by means of a training grant. In both cases, the company must pay contributions.<\/p>\t\t\t\t\t\t\t\t<\/div>\n\t\t\t\t<\/div>\n\t\t\t\t\t<\/div>\r\n\t\t\t\t<\/div>\r\n\t\t\t\t\t<\/div>\r\n\t\t\t\t<\/section>\r\n\t\t\t\t<section data-particle_enable=\"false\" data-particle-mobile-disabled=\"false\" class=\"elementor-section elementor-top-section elementor-element elementor-element-e885a8f elementor-section-boxed elementor-section-height-default elementor-section-height-default\" data-id=\"e885a8f\" data-element_type=\"section\" data-e-type=\"section\">\r\n\t\t\r\n\t\t\t\t\t\t\t<div class=\"elementor-container elementor-column-gap-default\">\r\n\t\t\t\t\t\t\t\t\t\t\t<div class=\"elementor-column elementor-col-100 elementor-top-column elementor-element elementor-element-3b63965\" data-id=\"3b63965\" data-element_type=\"column\" data-e-type=\"column\">\r\n\t\t\t\t\t<div class=\"elementor-widget-wrap elementor-element-populated\">\r\n\t\t\t\t\t\t\t\t<div class=\"elementor-element elementor-element-727b62e elementor-widget elementor-widget-heading\" data-id=\"727b62e\" data-element_type=\"widget\" data-e-type=\"widget\" data-widget_type=\"heading.default\">\n\t\t\t\t<div class=\"elementor-widget-container\">\n\t\t\t\t\t<h2 class=\"elementor-heading-title elementor-size-default\">Training in alternation<\/h2>\t\t\t\t<\/div>\n\t\t\t\t<\/div>\n\t\t\t\t\t<\/div>\r\n\t\t\t\t<\/div>\r\n\t\t\t\t\t<\/div>\r\n\t\t\t\t<\/section>\r\n\t\t\t\t<section data-particle_enable=\"false\" data-particle-mobile-disabled=\"false\" class=\"elementor-section elementor-top-section elementor-element elementor-element-8526e16 elementor-section-boxed elementor-section-height-default elementor-section-height-default\" data-id=\"8526e16\" data-element_type=\"section\" data-e-type=\"section\">\r\n\t\t\r\n\t\t\t\t\t\t\t<div class=\"elementor-container elementor-column-gap-default\">\r\n\t\t\t\t\t\t\t\t\t\t\t<div class=\"elementor-column elementor-col-100 elementor-top-column elementor-element elementor-element-e8af921\" data-id=\"e8af921\" data-element_type=\"column\" data-e-type=\"column\">\r\n\t\t\t\t\t<div class=\"elementor-widget-wrap elementor-element-populated\">\r\n\t\t\t\t\t\t\t\t<div class=\"elementor-element elementor-element-6cd1c4c elementor-widget elementor-widget-text-editor\" data-id=\"6cd1c4c\" data-element_type=\"widget\" data-e-type=\"widget\" data-widget_type=\"text-editor.default\">\n\t\t\t\t<div class=\"elementor-widget-container\">\n\t\t\t\t\t\t\t\t\t<h3 class=\"subtitle2\">Other aspects to take into account<\/h3><h4><strong>Qualifications and age<\/strong><\/h4><p>Remember that the work-linked training contract can be concluded with people who meet the following requirements:<\/p><ul><li>That they lack the qualifications to be able to enter into a training contract for obtaining professional practice.<\/li><li>If the contract is signed to obtain level 1 and 2 certificates of professionalism, the worker may not be over 30 years of age.<\/li><li>Contracts linked to vocational training or university studies may be concluded with persons holding another qualification, provided that they have not had another previous training contract at the same level and in the same productive sector.<\/li><\/ul><h4><strong>Already worked<\/strong><\/h4><p>In any case, alternating training contracts may not be concluded when the worker has already worked in the same company under any modality for more than six months.<\/p><h4><strong>Related activity<\/strong><\/h4><p>The activity carried out must be related to the training activities being undertaken.<\/p><p>In addition, the trainee must have a tutor appointed by the training centre and another tutor appointed by the company (who must have the appropriate training or experience and whose role will be to monitor the training plan and verify that the activity carried out in the company is related to the course and serves the worker to complete his or her studies.<\/p><h4><strong>One or more contracts<\/strong><\/h4><p>Only one contract may be concluded per course (vocational training, university degree, etc.).<\/p><p>However, it may be concluded with several companies on the basis of the same training if different activities are to be carried out (the maximum duration of all the contracts may not exceed two years).<\/p><p>For example, if a person studies a vocational training course in logistics and international trade, he\/she could have two contracts in two different companies with different activities.<\/p><p>Moreover, the actual working time in the company must be compatible with the time spent on the training course.<\/p><p>To this end, it may not exceed 65% during the first year -or 85% during the second year- of the maximum legal working day (or the one stipulated in the collective agreement).<\/p><h4><strong>Contract or grant?<\/strong><\/h4><p>If these requirements are not met, you will not be able to enter into an alternating training contract and you will have to consider the option of a training grant (provided that it fits in your case).<\/p><p>If you try to disguise an employment relationship with the scholarship, the Labour Inspectorate will sanction you and you risk that the worker&#8217;s contract will be considered indefinite.<\/p>\t\t\t\t\t\t\t\t<\/div>\n\t\t\t\t<\/div>\n\t\t\t\t\t<\/div>\r\n\t\t\t\t<\/div>\r\n\t\t\t\t\t<\/div>\r\n\t\t\t\t<\/section>\r\n\t\t\t\t<\/div>\n\t\t","protected":false},"excerpt":{"rendered":"<p>Dual vocational training in Spain is becoming increasingly important. Young people are increasingly choosing vocational education and training as a way to get a job. It is clear that going to university and getting a degree is no guarantee of getting a good job. It takes many years, a lot of money and uncertainty. On [&hellip;]<\/p>\n","protected":false},"author":2,"featured_media":36088,"comment_status":"closed","ping_status":"closed","sticky":false,"template":"","format":"standard","meta":{"_eb_attr":"","inline_featured_image":false,"footnotes":""},"categories":[45],"tags":[],"class_list":["post-37338","post","type-post","status-publish","format-standard","has-post-thumbnail","hentry","category-blog"],"featured_image_src":{"landsacpe":["https:\/\/www.asesoriaorihuelacosta.com\/wp-content\/uploads\/2024\/12\/formacion-profesional-dual-1140x445.jpeg",1140,445,true],"list":["https:\/\/www.asesoriaorihuelacosta.com\/wp-content\/uploads\/2024\/12\/formacion-profesional-dual-463x348.jpeg",463,348,true],"medium":["https:\/\/www.asesoriaorihuelacosta.com\/wp-content\/uploads\/2024\/12\/formacion-profesional-dual-300x169.jpeg",300,169,true],"full":["https:\/\/www.asesoriaorihuelacosta.com\/wp-content\/uploads\/2024\/12\/formacion-profesional-dual.jpeg",1280,720,false]},"yoast_head":"<!-- This site is optimized with the Yoast SEO Premium plugin v24.7 (Yoast SEO v27.5) - https:\/\/yoast.com\/product\/yoast-seo-premium-wordpress\/ -->\n<title>Dual vocational training: internship agreement - Asesor\u00eda Orihuela Costa<\/title>\n<meta name=\"description\" content=\"Dual vocational training, are you interested in signing a training contract with a training centre to carry out non-professional internships?\" \/>\n<meta name=\"robots\" content=\"index, follow, max-snippet:-1, max-image-preview:large, max-video-preview:-1\" \/>\n<link rel=\"canonical\" href=\"https:\/\/www.asesoriaorihuelacosta.com\/en\/dual-vocational-training-internship-agreement\/\" \/>\n<meta property=\"og:locale\" content=\"en_US\" \/>\n<meta property=\"og:type\" content=\"article\" \/>\n<meta property=\"og:title\" content=\"Dual vocational training: internship agreement\" \/>\n<meta property=\"og:description\" content=\"Dual vocational training, are you interested in signing a training contract with a training centre to carry out non-professional internships?\" \/>\n<meta property=\"og:url\" content=\"https:\/\/www.asesoriaorihuelacosta.com\/en\/dual-vocational-training-internship-agreement\/\" \/>\n<meta property=\"og:site_name\" content=\"Asesor\u00eda Orihuela Costa\" \/>\n<meta property=\"article:publisher\" content=\"https:\/\/www.facebook.com\/asesoriaorihuelacosta\" \/>\n<meta property=\"article:author\" content=\"https:\/\/www.facebook.com\/patrick.gordinneperez\" \/>\n<meta property=\"article:published_time\" content=\"2024-12-07T18:12:07+00:00\" \/>\n<meta property=\"article:modified_time\" content=\"2024-12-27T08:56:41+00:00\" \/>\n<meta property=\"og:image\" content=\"https:\/\/www.asesoriaorihuelacosta.com\/wp-content\/uploads\/2024\/12\/formacion-profesional-dual.jpeg\" \/>\n\t<meta property=\"og:image:width\" content=\"1280\" \/>\n\t<meta property=\"og:image:height\" content=\"720\" \/>\n\t<meta property=\"og:image:type\" content=\"image\/jpeg\" \/>\n<meta name=\"author\" content=\"Patrick Gordinne Perez\" \/>\n<meta name=\"twitter:card\" content=\"summary_large_image\" \/>\n<meta name=\"twitter:label1\" content=\"Written by\" \/>\n\t<meta name=\"twitter:data1\" content=\"Patrick Gordinne Perez\" \/>\n\t<meta name=\"twitter:label2\" content=\"Est. reading time\" \/>\n\t<meta name=\"twitter:data2\" content=\"7 minutes\" \/>\n<script type=\"application\/ld+json\" class=\"yoast-schema-graph\">{\"@context\":\"https:\\\/\\\/schema.org\",\"@graph\":[{\"@type\":\"Article\",\"@id\":\"https:\\\/\\\/www.asesoriaorihuelacosta.com\\\/en\\\/dual-vocational-training-internship-agreement\\\/#article\",\"isPartOf\":{\"@id\":\"https:\\\/\\\/www.asesoriaorihuelacosta.com\\\/en\\\/dual-vocational-training-internship-agreement\\\/\"},\"author\":{\"name\":\"Patrick Gordinne Perez\",\"@id\":\"https:\\\/\\\/www.asesoriaorihuelacosta.com\\\/en\\\/#\\\/schema\\\/person\\\/6614ce8cf6d2de542aaf351629fd539e\"},\"headline\":\"Dual vocational training: internship agreement\",\"datePublished\":\"2024-12-07T18:12:07+00:00\",\"dateModified\":\"2024-12-27T08:56:41+00:00\",\"mainEntityOfPage\":{\"@id\":\"https:\\\/\\\/www.asesoriaorihuelacosta.com\\\/en\\\/dual-vocational-training-internship-agreement\\\/\"},\"wordCount\":1440,\"publisher\":{\"@id\":\"https:\\\/\\\/www.asesoriaorihuelacosta.com\\\/en\\\/#organization\"},\"image\":{\"@id\":\"https:\\\/\\\/www.asesoriaorihuelacosta.com\\\/en\\\/dual-vocational-training-internship-agreement\\\/#primaryimage\"},\"thumbnailUrl\":\"https:\\\/\\\/www.asesoriaorihuelacosta.com\\\/wp-content\\\/uploads\\\/2024\\\/12\\\/formacion-profesional-dual.jpeg\",\"articleSection\":[\"Blog\"],\"inLanguage\":\"en-US\"},{\"@type\":\"WebPage\",\"@id\":\"https:\\\/\\\/www.asesoriaorihuelacosta.com\\\/en\\\/dual-vocational-training-internship-agreement\\\/\",\"url\":\"https:\\\/\\\/www.asesoriaorihuelacosta.com\\\/en\\\/dual-vocational-training-internship-agreement\\\/\",\"name\":\"Dual vocational training: internship agreement - Asesor\u00eda Orihuela Costa\",\"isPartOf\":{\"@id\":\"https:\\\/\\\/www.asesoriaorihuelacosta.com\\\/en\\\/#website\"},\"primaryImageOfPage\":{\"@id\":\"https:\\\/\\\/www.asesoriaorihuelacosta.com\\\/en\\\/dual-vocational-training-internship-agreement\\\/#primaryimage\"},\"image\":{\"@id\":\"https:\\\/\\\/www.asesoriaorihuelacosta.com\\\/en\\\/dual-vocational-training-internship-agreement\\\/#primaryimage\"},\"thumbnailUrl\":\"https:\\\/\\\/www.asesoriaorihuelacosta.com\\\/wp-content\\\/uploads\\\/2024\\\/12\\\/formacion-profesional-dual.jpeg\",\"datePublished\":\"2024-12-07T18:12:07+00:00\",\"dateModified\":\"2024-12-27T08:56:41+00:00\",\"description\":\"Dual vocational training, are you interested in signing a training contract with a training centre to carry out non-professional internships?\",\"breadcrumb\":{\"@id\":\"https:\\\/\\\/www.asesoriaorihuelacosta.com\\\/en\\\/dual-vocational-training-internship-agreement\\\/#breadcrumb\"},\"inLanguage\":\"en-US\",\"potentialAction\":[{\"@type\":\"ReadAction\",\"target\":[\"https:\\\/\\\/www.asesoriaorihuelacosta.com\\\/en\\\/dual-vocational-training-internship-agreement\\\/\"]}]},{\"@type\":\"ImageObject\",\"inLanguage\":\"en-US\",\"@id\":\"https:\\\/\\\/www.asesoriaorihuelacosta.com\\\/en\\\/dual-vocational-training-internship-agreement\\\/#primaryimage\",\"url\":\"https:\\\/\\\/www.asesoriaorihuelacosta.com\\\/wp-content\\\/uploads\\\/2024\\\/12\\\/formacion-profesional-dual.jpeg\",\"contentUrl\":\"https:\\\/\\\/www.asesoriaorihuelacosta.com\\\/wp-content\\\/uploads\\\/2024\\\/12\\\/formacion-profesional-dual.jpeg\",\"width\":1280,\"height\":720,\"caption\":\"formacion profesional dual\"},{\"@type\":\"BreadcrumbList\",\"@id\":\"https:\\\/\\\/www.asesoriaorihuelacosta.com\\\/en\\\/dual-vocational-training-internship-agreement\\\/#breadcrumb\",\"itemListElement\":[{\"@type\":\"ListItem\",\"position\":1,\"name\":\"Home\",\"item\":\"https:\\\/\\\/www.asesoriaorihuelacosta.com\\\/en\\\/\"},{\"@type\":\"ListItem\",\"position\":2,\"name\":\"Dual vocational training: internship agreement\"}]},{\"@type\":\"WebSite\",\"@id\":\"https:\\\/\\\/www.asesoriaorihuelacosta.com\\\/en\\\/#website\",\"url\":\"https:\\\/\\\/www.asesoriaorihuelacosta.com\\\/en\\\/\",\"name\":\"https:\\\/\\\/www.asesoriaorihuelacosta.com\\\/\",\"description\":\"Grupo de asesores profesionales\",\"publisher\":{\"@id\":\"https:\\\/\\\/www.asesoriaorihuelacosta.com\\\/en\\\/#organization\"},\"potentialAction\":[{\"@type\":\"SearchAction\",\"target\":{\"@type\":\"EntryPoint\",\"urlTemplate\":\"https:\\\/\\\/www.asesoriaorihuelacosta.com\\\/en\\\/?s={search_term_string}\"},\"query-input\":{\"@type\":\"PropertyValueSpecification\",\"valueRequired\":true,\"valueName\":\"search_term_string\"}}],\"inLanguage\":\"en-US\"},{\"@type\":\"Organization\",\"@id\":\"https:\\\/\\\/www.asesoriaorihuelacosta.com\\\/en\\\/#organization\",\"name\":\"Asesor\u00eda Orihuela Costa\",\"url\":\"https:\\\/\\\/www.asesoriaorihuelacosta.com\\\/en\\\/\",\"logo\":{\"@type\":\"ImageObject\",\"inLanguage\":\"en-US\",\"@id\":\"https:\\\/\\\/www.asesoriaorihuelacosta.com\\\/en\\\/#\\\/schema\\\/logo\\\/image\\\/\",\"url\":\"https:\\\/\\\/www.asesoriaorihuelacosta.com\\\/wp-content\\\/uploads\\\/2022\\\/06\\\/Logo-espa\u5bf8l-asesoriaorihuela.jpg\",\"contentUrl\":\"https:\\\/\\\/www.asesoriaorihuelacosta.com\\\/wp-content\\\/uploads\\\/2022\\\/06\\\/Logo-espa\u5bf8l-asesoriaorihuela.jpg\",\"width\":588,\"height\":136,\"caption\":\"Asesor\u00eda Orihuela Costa\"},\"image\":{\"@id\":\"https:\\\/\\\/www.asesoriaorihuelacosta.com\\\/en\\\/#\\\/schema\\\/logo\\\/image\\\/\"},\"sameAs\":[\"https:\\\/\\\/www.facebook.com\\\/asesoriaorihuelacosta\"]},{\"@type\":\"Person\",\"@id\":\"https:\\\/\\\/www.asesoriaorihuelacosta.com\\\/en\\\/#\\\/schema\\\/person\\\/6614ce8cf6d2de542aaf351629fd539e\",\"name\":\"Patrick Gordinne Perez\",\"description\":\"Soy economista colegiado por el colegio de economistas de Alicante con el n\u00famero 2722. Llevo ejerciendo desde el a\u00f1o 2005. Soy especialista en fiscalidad de empresas y aut\u00f3nomos y tambi\u00e9n especialista en gestionar compraventas. Hablo espa\u00f1ol, ingl\u00e9s y franc\u00e9s.\",\"sameAs\":[\"https:\\\/\\\/www.asesoriaorihuelacosta.com\",\"https:\\\/\\\/www.facebook.com\\\/patrick.gordinneperez\",\"https:\\\/\\\/www.linkedin.com\\\/in\\\/patrick-gordinne-perez-1b73aab3\\\/\",\"https:\\\/\\\/www.youtube.com\\\/channel\\\/UC5e95RJEVQlxCnhwDmGNVCw\"],\"gender\":\"Hombre\",\"knowsLanguage\":[\"ingl\u00e9s\",\"franc\u00e9s\",\"espa\u00f1ol\"],\"jobTitle\":\"Gerente\",\"worksFor\":\"Asesoria Orihuela Costa SL\"}]}<\/script>\n<!-- \/ Yoast SEO Premium plugin. -->","yoast_head_json":{"title":"Dual vocational training: internship agreement - Asesor\u00eda Orihuela Costa","description":"Dual vocational training, are you interested in signing a training contract with a training centre to carry out non-professional internships?","robots":{"index":"index","follow":"follow","max-snippet":"max-snippet:-1","max-image-preview":"max-image-preview:large","max-video-preview":"max-video-preview:-1"},"canonical":"https:\/\/www.asesoriaorihuelacosta.com\/en\/dual-vocational-training-internship-agreement\/","og_locale":"en_US","og_type":"article","og_title":"Dual vocational training: internship agreement","og_description":"Dual vocational training, are you interested in signing a training contract with a training centre to carry out non-professional internships?","og_url":"https:\/\/www.asesoriaorihuelacosta.com\/en\/dual-vocational-training-internship-agreement\/","og_site_name":"Asesor\u00eda Orihuela Costa","article_publisher":"https:\/\/www.facebook.com\/asesoriaorihuelacosta","article_author":"https:\/\/www.facebook.com\/patrick.gordinneperez","article_published_time":"2024-12-07T18:12:07+00:00","article_modified_time":"2024-12-27T08:56:41+00:00","og_image":[{"width":1280,"height":720,"url":"https:\/\/www.asesoriaorihuelacosta.com\/wp-content\/uploads\/2024\/12\/formacion-profesional-dual.jpeg","type":"image\/jpeg"}],"author":"Patrick Gordinne Perez","twitter_card":"summary_large_image","twitter_misc":{"Written by":"Patrick Gordinne Perez","Est. reading time":"7 minutes"},"schema":{"@context":"https:\/\/schema.org","@graph":[{"@type":"Article","@id":"https:\/\/www.asesoriaorihuelacosta.com\/en\/dual-vocational-training-internship-agreement\/#article","isPartOf":{"@id":"https:\/\/www.asesoriaorihuelacosta.com\/en\/dual-vocational-training-internship-agreement\/"},"author":{"name":"Patrick Gordinne Perez","@id":"https:\/\/www.asesoriaorihuelacosta.com\/en\/#\/schema\/person\/6614ce8cf6d2de542aaf351629fd539e"},"headline":"Dual vocational training: internship agreement","datePublished":"2024-12-07T18:12:07+00:00","dateModified":"2024-12-27T08:56:41+00:00","mainEntityOfPage":{"@id":"https:\/\/www.asesoriaorihuelacosta.com\/en\/dual-vocational-training-internship-agreement\/"},"wordCount":1440,"publisher":{"@id":"https:\/\/www.asesoriaorihuelacosta.com\/en\/#organization"},"image":{"@id":"https:\/\/www.asesoriaorihuelacosta.com\/en\/dual-vocational-training-internship-agreement\/#primaryimage"},"thumbnailUrl":"https:\/\/www.asesoriaorihuelacosta.com\/wp-content\/uploads\/2024\/12\/formacion-profesional-dual.jpeg","articleSection":["Blog"],"inLanguage":"en-US"},{"@type":"WebPage","@id":"https:\/\/www.asesoriaorihuelacosta.com\/en\/dual-vocational-training-internship-agreement\/","url":"https:\/\/www.asesoriaorihuelacosta.com\/en\/dual-vocational-training-internship-agreement\/","name":"Dual vocational training: internship agreement - Asesor\u00eda Orihuela Costa","isPartOf":{"@id":"https:\/\/www.asesoriaorihuelacosta.com\/en\/#website"},"primaryImageOfPage":{"@id":"https:\/\/www.asesoriaorihuelacosta.com\/en\/dual-vocational-training-internship-agreement\/#primaryimage"},"image":{"@id":"https:\/\/www.asesoriaorihuelacosta.com\/en\/dual-vocational-training-internship-agreement\/#primaryimage"},"thumbnailUrl":"https:\/\/www.asesoriaorihuelacosta.com\/wp-content\/uploads\/2024\/12\/formacion-profesional-dual.jpeg","datePublished":"2024-12-07T18:12:07+00:00","dateModified":"2024-12-27T08:56:41+00:00","description":"Dual vocational training, are you interested in signing a training contract with a training centre to carry out non-professional internships?","breadcrumb":{"@id":"https:\/\/www.asesoriaorihuelacosta.com\/en\/dual-vocational-training-internship-agreement\/#breadcrumb"},"inLanguage":"en-US","potentialAction":[{"@type":"ReadAction","target":["https:\/\/www.asesoriaorihuelacosta.com\/en\/dual-vocational-training-internship-agreement\/"]}]},{"@type":"ImageObject","inLanguage":"en-US","@id":"https:\/\/www.asesoriaorihuelacosta.com\/en\/dual-vocational-training-internship-agreement\/#primaryimage","url":"https:\/\/www.asesoriaorihuelacosta.com\/wp-content\/uploads\/2024\/12\/formacion-profesional-dual.jpeg","contentUrl":"https:\/\/www.asesoriaorihuelacosta.com\/wp-content\/uploads\/2024\/12\/formacion-profesional-dual.jpeg","width":1280,"height":720,"caption":"formacion profesional dual"},{"@type":"BreadcrumbList","@id":"https:\/\/www.asesoriaorihuelacosta.com\/en\/dual-vocational-training-internship-agreement\/#breadcrumb","itemListElement":[{"@type":"ListItem","position":1,"name":"Home","item":"https:\/\/www.asesoriaorihuelacosta.com\/en\/"},{"@type":"ListItem","position":2,"name":"Dual vocational training: internship agreement"}]},{"@type":"WebSite","@id":"https:\/\/www.asesoriaorihuelacosta.com\/en\/#website","url":"https:\/\/www.asesoriaorihuelacosta.com\/en\/","name":"https:\/\/www.asesoriaorihuelacosta.com\/","description":"Grupo de asesores profesionales","publisher":{"@id":"https:\/\/www.asesoriaorihuelacosta.com\/en\/#organization"},"potentialAction":[{"@type":"SearchAction","target":{"@type":"EntryPoint","urlTemplate":"https:\/\/www.asesoriaorihuelacosta.com\/en\/?s={search_term_string}"},"query-input":{"@type":"PropertyValueSpecification","valueRequired":true,"valueName":"search_term_string"}}],"inLanguage":"en-US"},{"@type":"Organization","@id":"https:\/\/www.asesoriaorihuelacosta.com\/en\/#organization","name":"Asesor\u00eda Orihuela Costa","url":"https:\/\/www.asesoriaorihuelacosta.com\/en\/","logo":{"@type":"ImageObject","inLanguage":"en-US","@id":"https:\/\/www.asesoriaorihuelacosta.com\/en\/#\/schema\/logo\/image\/","url":"https:\/\/www.asesoriaorihuelacosta.com\/wp-content\/uploads\/2022\/06\/Logo-espa\u5bf8l-asesoriaorihuela.jpg","contentUrl":"https:\/\/www.asesoriaorihuelacosta.com\/wp-content\/uploads\/2022\/06\/Logo-espa\u5bf8l-asesoriaorihuela.jpg","width":588,"height":136,"caption":"Asesor\u00eda Orihuela Costa"},"image":{"@id":"https:\/\/www.asesoriaorihuelacosta.com\/en\/#\/schema\/logo\/image\/"},"sameAs":["https:\/\/www.facebook.com\/asesoriaorihuelacosta"]},{"@type":"Person","@id":"https:\/\/www.asesoriaorihuelacosta.com\/en\/#\/schema\/person\/6614ce8cf6d2de542aaf351629fd539e","name":"Patrick Gordinne Perez","description":"Soy economista colegiado por el colegio de economistas de Alicante con el n\u00famero 2722. Llevo ejerciendo desde el a\u00f1o 2005. Soy especialista en fiscalidad de empresas y aut\u00f3nomos y tambi\u00e9n especialista en gestionar compraventas. Hablo espa\u00f1ol, ingl\u00e9s y franc\u00e9s.","sameAs":["https:\/\/www.asesoriaorihuelacosta.com","https:\/\/www.facebook.com\/patrick.gordinneperez","https:\/\/www.linkedin.com\/in\/patrick-gordinne-perez-1b73aab3\/","https:\/\/www.youtube.com\/channel\/UC5e95RJEVQlxCnhwDmGNVCw"],"gender":"Hombre","knowsLanguage":["ingl\u00e9s","franc\u00e9s","espa\u00f1ol"],"jobTitle":"Gerente","worksFor":"Asesoria Orihuela Costa SL"}]}},"_links":{"self":[{"href":"https:\/\/www.asesoriaorihuelacosta.com\/en\/wp-json\/wp\/v2\/posts\/37338","targetHints":{"allow":["GET"]}}],"collection":[{"href":"https:\/\/www.asesoriaorihuelacosta.com\/en\/wp-json\/wp\/v2\/posts"}],"about":[{"href":"https:\/\/www.asesoriaorihuelacosta.com\/en\/wp-json\/wp\/v2\/types\/post"}],"author":[{"embeddable":true,"href":"https:\/\/www.asesoriaorihuelacosta.com\/en\/wp-json\/wp\/v2\/users\/2"}],"replies":[{"embeddable":true,"href":"https:\/\/www.asesoriaorihuelacosta.com\/en\/wp-json\/wp\/v2\/comments?post=37338"}],"version-history":[{"count":7,"href":"https:\/\/www.asesoriaorihuelacosta.com\/en\/wp-json\/wp\/v2\/posts\/37338\/revisions"}],"predecessor-version":[{"id":37346,"href":"https:\/\/www.asesoriaorihuelacosta.com\/en\/wp-json\/wp\/v2\/posts\/37338\/revisions\/37346"}],"wp:featuredmedia":[{"embeddable":true,"href":"https:\/\/www.asesoriaorihuelacosta.com\/en\/wp-json\/wp\/v2\/media\/36088"}],"wp:attachment":[{"href":"https:\/\/www.asesoriaorihuelacosta.com\/en\/wp-json\/wp\/v2\/media?parent=37338"}],"wp:term":[{"taxonomy":"category","embeddable":true,"href":"https:\/\/www.asesoriaorihuelacosta.com\/en\/wp-json\/wp\/v2\/categories?post=37338"},{"taxonomy":"post_tag","embeddable":true,"href":"https:\/\/www.asesoriaorihuelacosta.com\/en\/wp-json\/wp\/v2\/tags?post=37338"}],"curies":[{"name":"wp","href":"https:\/\/api.w.org\/{rel}","templated":true}]}}