{"id":37284,"date":"2024-12-18T06:42:05","date_gmt":"2024-12-18T06:42:05","guid":{"rendered":"https:\/\/www.asesoriaorihuelacosta.com\/?p=37284"},"modified":"2024-12-26T23:23:02","modified_gmt":"2024-12-26T23:23:02","slug":"compensation-for-dismissal-of-a-temporary-employee","status":"publish","type":"post","link":"https:\/\/www.asesoriaorihuelacosta.com\/en\/compensation-for-dismissal-of-a-temporary-employee\/","title":{"rendered":"Compensation for dismissal of a temporary employee"},"content":{"rendered":"\t\t<div data-elementor-type=\"wp-post\" data-elementor-id=\"37284\" class=\"elementor elementor-37284\" data-elementor-post-type=\"post\">\n\t\t\t\t\t\t<section data-particle_enable=\"false\" data-particle-mobile-disabled=\"false\" class=\"elementor-section elementor-top-section elementor-element elementor-element-01498db elementor-section-boxed elementor-section-height-default elementor-section-height-default\" data-id=\"01498db\" data-element_type=\"section\" data-e-type=\"section\">\r\n\t\t\r\n\t\t\t\t\t\t\t<div class=\"elementor-container elementor-column-gap-default\">\r\n\t\t\t\t\t\t\t\t\t\t\t<div class=\"elementor-column elementor-col-100 elementor-top-column elementor-element elementor-element-3d3ad99\" data-id=\"3d3ad99\" data-element_type=\"column\" data-e-type=\"column\">\r\n\t\t\t\t\t<div class=\"elementor-widget-wrap elementor-element-populated\">\r\n\t\t\t\t\t\t\t\t<div class=\"elementor-element elementor-element-c6a856d elementor-widget elementor-widget-text-editor\" data-id=\"c6a856d\" data-element_type=\"widget\" data-e-type=\"widget\" data-widget_type=\"text-editor.default\">\n\t\t\t\t<div class=\"elementor-widget-container\">\n\t\t\t\t\t\t\t\t\t<p><strong>Compensation for the dismissal of a permanent worker<\/strong>:<i>in cases of unfair dismissal of a permanent worker, the <\/i><i>particularities of compensation and processing wages are <\/i><i>different from those of permanent contracts. <\/i><\/p><p><i>See in this article the <\/i><i>difference between severance pay for the dismissal of a permanent employee and processing wages.<\/i><\/p>\t\t\t\t\t\t\t\t<\/div>\n\t\t\t\t<\/div>\n\t\t\t\t\t<\/div>\r\n\t\t\t\t<\/div>\r\n\t\t\t\t\t<\/div>\r\n\t\t\t\t<\/section>\r\n\t\t\t\t<section data-particle_enable=\"false\" data-particle-mobile-disabled=\"false\" class=\"elementor-section elementor-top-section elementor-element elementor-element-4553bf4 elementor-section-boxed elementor-section-height-default elementor-section-height-default\" data-id=\"4553bf4\" data-element_type=\"section\" data-e-type=\"section\">\r\n\t\t\r\n\t\t\t\t\t\t\t<div class=\"elementor-container elementor-column-gap-default\">\r\n\t\t\t\t\t\t\t\t\t\t\t<div class=\"elementor-column elementor-col-100 elementor-top-column elementor-element elementor-element-e9fb53e\" data-id=\"e9fb53e\" data-element_type=\"column\" data-e-type=\"column\">\r\n\t\t\t\t\t<div class=\"elementor-widget-wrap elementor-element-populated\">\r\n\t\t\t\t\t\t\t\t<div class=\"elementor-element elementor-element-97586c8 elementor-widget elementor-widget-heading\" data-id=\"97586c8\" data-element_type=\"widget\" data-e-type=\"widget\" data-widget_type=\"heading.default\">\n\t\t\t\t<div class=\"elementor-widget-container\">\n\t\t\t\t\t<h2 class=\"elementor-heading-title elementor-size-default\">Compensation for unfair dismissal<\/h2>\t\t\t\t<\/div>\n\t\t\t\t<\/div>\n\t\t\t\t\t<\/div>\r\n\t\t\t\t<\/div>\r\n\t\t\t\t\t<\/div>\r\n\t\t\t\t<\/section>\r\n\t\t\t\t<section data-particle_enable=\"false\" data-particle-mobile-disabled=\"false\" class=\"elementor-section elementor-top-section elementor-element elementor-element-cf4f144 elementor-section-boxed elementor-section-height-default elementor-section-height-default\" data-id=\"cf4f144\" data-element_type=\"section\" data-e-type=\"section\">\r\n\t\t\r\n\t\t\t\t\t\t\t<div class=\"elementor-container elementor-column-gap-default\">\r\n\t\t\t\t\t\t\t\t\t\t\t<div class=\"elementor-column elementor-col-100 elementor-top-column elementor-element elementor-element-07a26ba\" data-id=\"07a26ba\" data-element_type=\"column\" data-e-type=\"column\">\r\n\t\t\t\t\t<div class=\"elementor-widget-wrap elementor-element-populated\">\r\n\t\t\t\t\t\t\t\t<div class=\"elementor-element elementor-element-dc923c0 elementor-widget elementor-widget-text-editor\" data-id=\"dc923c0\" data-element_type=\"widget\" data-e-type=\"widget\" data-widget_type=\"text-editor.default\">\n\t\t\t\t<div class=\"elementor-widget-container\">\n\t\t\t\t\t\t\t\t\t<h3>Permanent-discontinuous worker<\/h3><h4>Periods of activity of a permanent-discontinuous worker<\/h4><p>Compensation for unfair dismissal is <strong>an economic compensation<\/strong> that the worker is entitled to receive when the dismissal is <strong>declared unfair<\/strong>.<\/p><p>In the case of <strong>permanent-discontinuous workers<\/strong>, as opposed to employees with an ordinary permanent contract, it<strong> is calculated<\/strong> according to the <strong>periods of activity<\/strong> in the company.<\/p><p>Since this is a severance payment for the dismissal of a permanent employee, it is calculated on the basis of the loss of the contract linked to the actual provision of services.<\/p><h3>Seniority of permanent-discontinuous employees<\/h3><p>Permanent-discontinuous workers <strong>are entitled<\/strong> to have their seniority calculated taking into account the entire duration of the employment relationship, and not only the time of services actually rendered.<\/p><p>However, there are some exceptions to this rule: one of them is precisely the calculation of severance pay.<\/p><h3>Calculation of Severance Pay for a Permanent Discontinuous Employee<\/h3><h4>Dates and salary<\/h4><p>In order to calculate the severance pay of a permanent-discontinuous worker, you must <strong>take into account the start and end dates<\/strong> of each period of service, as well as the <strong>gross salary<\/strong> (if it is monthly, with prorated special payments).<\/p><p>Please note that the gross <strong>salary<\/strong> is calculated by taking into account the gross fixed salary of the last month and the average variable salary of the last year.<\/p><h3>Calculation of days per year worked for a fixed-term contract<\/h3><p>The calculation of days per year worked is done in the same way as for ordinary permanent contracts:<\/p><p>For contracts entered into after 12 February 2012, 33 days&#8217; salary per year worked, with a maximum of 24 monthly payments.<\/p><p>For contracts entered into before 12 February 2012, 45 days&#8217; salary per year worked, with a maximum of 42 monthly payments.<\/p><h3><strong>Example of a contract for severance pay for a permanent employee<\/strong><\/h3><p>One of your employees is paid 3,000 euros gross per month (98.63 euros per day), with the extra payments prorated, and has provided services during the periods of activity according to the following date ranges:<\/p><p>Period 1 01\/06\/2018 &#8211; 30\/09\/2018<\/p><p>Period 2 01\/06\/2019 &#8211; 30\/09\/2019<\/p><p>Period 3 01\/06\/202020 &#8211; 30\/09\/2020<\/p><p>Period 4 01\/06\/2021 &#8211; 30\/09\/2021<\/p><p>Period 5. 01\/06\/2022 &#8211; 30\/09\/2022<\/p><p>Period 6. 01\/06\/2023 &#8211; 30\/09\/2023<\/p><p>Period 7 01\/06\/2024 &#8211; 30\/09\/2024<\/p><p><strong>Total 854 days (2.34 years)<\/strong><\/p><h3>Compensation<\/h3><p><a href=\"https:\/\/www.asesoriaorihuelacosta.com\/la-indemnizacion-por-despido-en-espana-en-la-actualidad\/\" rel=\"noopener\">The compensation for<\/a> unfair <a href=\"https:\/\/www.asesoriaorihuelacosta.com\/la-indemnizacion-por-despido-en-espana-en-la-actualidad\/\" rel=\"noopener\">dismissal in Spain<\/a> for this employee amounts to EUR 7 616.21 (33 \u00d7 2.34 \u00d7 98.63).<\/p><p>However, if the dismissal were due to objective individual or collective dismissal, the compensation would be 4,615.88 euros, as 20 days per year worked would be counted (20 \u00d7 2.34 \u00d7 98.63).<\/p><h3><strong>Example 2: Severance pay for dismissal of a permanent contract.<\/strong><\/h3><p>On the other hand, in the case of a worker with the same salary as the previous worker and with a permanent contract whose employment relationship began on 1 June 2018 and ended on 30 September 2024 (i.e. 6.33 years of seniority), the compensation for unfair dismissal amounts to 20,602.82 euros (33 \u00d7 6.33 \u00d7 98.63).<\/p><p>If the compensation were for fair objective individual or collective dismissal, the compensation would be EUR 12 486.56 (20 \u00d7 6.33 \u00d7 98.63).<\/p>\t\t\t\t\t\t\t\t<\/div>\n\t\t\t\t<\/div>\n\t\t\t\t\t<\/div>\r\n\t\t\t\t<\/div>\r\n\t\t\t\t\t<\/div>\r\n\t\t\t\t<\/section>\r\n\t\t\t\t<section data-particle_enable=\"false\" data-particle-mobile-disabled=\"false\" class=\"elementor-section elementor-top-section elementor-element elementor-element-bcbaf44 elementor-section-boxed elementor-section-height-default elementor-section-height-default\" data-id=\"bcbaf44\" data-element_type=\"section\" data-e-type=\"section\">\r\n\t\t\r\n\t\t\t\t\t\t\t<div class=\"elementor-container elementor-column-gap-default\">\r\n\t\t\t\t\t\t\t\t\t\t\t<div class=\"elementor-column elementor-col-100 elementor-top-column elementor-element elementor-element-cb47d7e\" data-id=\"cb47d7e\" data-element_type=\"column\" data-e-type=\"column\">\r\n\t\t\t\t\t<div class=\"elementor-widget-wrap elementor-element-populated\">\r\n\t\t\t\t\t\t\t\t<div class=\"elementor-element elementor-element-b9532c9 elementor-widget-divider--view-line elementor-widget elementor-widget-divider\" data-id=\"b9532c9\" data-element_type=\"widget\" data-e-type=\"widget\" data-widget_type=\"divider.default\">\n\t\t\t\t<div class=\"elementor-widget-container\">\n\t\t\t\t\t\t\t<div class=\"elementor-divider\">\n\t\t\t<span class=\"elementor-divider-separator\">\n\t\t\t\t\t\t<\/span>\n\t\t<\/div>\n\t\t\t\t\t\t<\/div>\n\t\t\t\t<\/div>\n\t\t\t\t\t<\/div>\r\n\t\t\t\t<\/div>\r\n\t\t\t\t\t<\/div>\r\n\t\t\t\t<\/section>\r\n\t\t\t\t<section data-particle_enable=\"false\" data-particle-mobile-disabled=\"false\" class=\"elementor-section elementor-top-section elementor-element elementor-element-acab5fd elementor-section-boxed elementor-section-height-default elementor-section-height-default\" data-id=\"acab5fd\" data-element_type=\"section\" data-e-type=\"section\">\r\n\t\t\r\n\t\t\t\t\t\t\t<div class=\"elementor-container elementor-column-gap-default\">\r\n\t\t\t\t\t\t\t\t\t\t\t<div class=\"elementor-column elementor-col-100 elementor-top-column elementor-element elementor-element-d199822\" data-id=\"d199822\" data-element_type=\"column\" data-e-type=\"column\">\r\n\t\t\t\t\t<div class=\"elementor-widget-wrap elementor-element-populated\">\r\n\t\t\t\t\t\t\t\t<div class=\"elementor-element elementor-element-610b9b5 elementor-widget elementor-widget-heading\" data-id=\"610b9b5\" data-element_type=\"widget\" data-e-type=\"widget\" data-widget_type=\"heading.default\">\n\t\t\t\t<div class=\"elementor-widget-container\">\n\t\t\t\t\t<h2 class=\"elementor-heading-title elementor-size-default\">You may be interested in<\/h2>\t\t\t\t<\/div>\n\t\t\t\t<\/div>\n\t\t\t\t\t<\/div>\r\n\t\t\t\t<\/div>\r\n\t\t\t\t\t<\/div>\r\n\t\t\t\t<\/section>\r\n\t\t\t\t<section data-particle_enable=\"false\" data-particle-mobile-disabled=\"false\" class=\"elementor-section elementor-top-section elementor-element elementor-element-70c9d90 elementor-section-boxed elementor-section-height-default elementor-section-height-default\" data-id=\"70c9d90\" data-element_type=\"section\" data-e-type=\"section\">\r\n\t\t\r\n\t\t\t\t\t\t\t<div class=\"elementor-container elementor-column-gap-default\">\r\n\t\t\t\t\t\t\t\t\t\t\t<div class=\"elementor-column elementor-col-100 elementor-top-column elementor-element elementor-element-5c94893\" data-id=\"5c94893\" data-element_type=\"column\" data-e-type=\"column\">\r\n\t\t\t\t\t<div class=\"elementor-widget-wrap elementor-element-populated\">\r\n\t\t\t\t\t\t\t\t<div class=\"elementor-element elementor-element-af8f9d4 elementor-widget elementor-widget-eael-post-block\" data-id=\"af8f9d4\" data-element_type=\"widget\" data-e-type=\"widget\" data-widget_type=\"eael-post-block.default\">\n\t\t\t\t<div class=\"elementor-widget-container\">\n\t\t\t\t\t<div id=\"eael-post-block-af8f9d4\" class=\"eael-post-block post-block-style-default \">\n            <div class=\"eael-post-block-grid eael-post-appender eael-post-appender-af8f9d4  \"><article class=\"eael-post-block-item eael-post-block-column\">\n        <div class=\"eael-post-block-item-holder\">\n            <div class=\"eael-post-block-item-holder-inner\"><div class=\"eael-entry-media\">\n                        <div class=\"eael-entry-overlay fade-in\"><i class=\"fas fa-long-arrow-alt-right\" aria-hidden=\"true\"><\/i><a href=\"https:\/\/www.asesoriaorihuelacosta.com\/en\/withholding-applicable-to-a-permanent-worker-with-an-indefinite-term-contract\/\"\n                        \n                        >\n                        <\/a>\n                        <\/div>\n                        <div class=\"eael-entry-thumbnail \">\n                            <img decoding=\"async\" src=\"https:\/\/www.asesoriaorihuelacosta.com\/wp-content\/uploads\/2024\/05\/retencion-aplicable-trabajador-fijo-discontinuo-contrato-indefinido-1026-300x200.jpg\" alt=\"retencion-aplicable-trabajador-fijo-discontinuo-contrato-indefinido-1026\">\n                        <\/div>\n                    <\/div><div class=\"eael-entry-wrapper\"><header class=\"eael-entry-header\"><h2 class=\"eael-entry-title\">\n                                        <a class=\"eael-grid-post-link\" href=\"https:\/\/www.asesoriaorihuelacosta.com\/en\/withholding-applicable-to-a-permanent-worker-with-an-indefinite-term-contract\/\" title=\"Withholding applicable to a permanent worker with an indefinite-term contract\">\n                                        Withholding applicable to a permanent worker with an indefinite-term contract\n                                        <\/a>\n\n                                    <\/h2><\/header><div class=\"eael-entry-content\"><div class=\"eael-grid-post-excerpt\"><p>Calculating the withholding tax for a permanent seasonal worker is essential in order to avoid problems with the Tax Agency...<\/p><\/div><\/div>\n                    <\/div><div class=\"eael-entry-footer\"><div class=\"eael-entry-meta\"><\/div><\/div><\/div>\n        <\/div>\n    <\/article><\/div>\n\t\t<\/div>\t\t\t\t<\/div>\n\t\t\t\t<\/div>\n\t\t\t\t\t<\/div>\r\n\t\t\t\t<\/div>\r\n\t\t\t\t\t<\/div>\r\n\t\t\t\t<\/section>\r\n\t\t\t\t<section data-particle_enable=\"false\" data-particle-mobile-disabled=\"false\" class=\"elementor-section elementor-top-section elementor-element elementor-element-5afbd25 elementor-section-boxed elementor-section-height-default elementor-section-height-default\" data-id=\"5afbd25\" data-element_type=\"section\" data-e-type=\"section\">\r\n\t\t\r\n\t\t\t\t\t\t\t<div class=\"elementor-container elementor-column-gap-default\">\r\n\t\t\t\t\t\t\t\t\t\t\t<div class=\"elementor-column elementor-col-100 elementor-top-column elementor-element elementor-element-f4b0dce\" data-id=\"f4b0dce\" data-element_type=\"column\" data-e-type=\"column\">\r\n\t\t\t\t\t<div class=\"elementor-widget-wrap elementor-element-populated\">\r\n\t\t\t\t\t\t\t\t<div class=\"elementor-element elementor-element-53dc1a3 elementor-widget-divider--view-line elementor-widget elementor-widget-divider\" data-id=\"53dc1a3\" data-element_type=\"widget\" data-e-type=\"widget\" data-widget_type=\"divider.default\">\n\t\t\t\t<div class=\"elementor-widget-container\">\n\t\t\t\t\t\t\t<div class=\"elementor-divider\">\n\t\t\t<span class=\"elementor-divider-separator\">\n\t\t\t\t\t\t<\/span>\n\t\t<\/div>\n\t\t\t\t\t\t<\/div>\n\t\t\t\t<\/div>\n\t\t\t\t\t<\/div>\r\n\t\t\t\t<\/div>\r\n\t\t\t\t\t<\/div>\r\n\t\t\t\t<\/section>\r\n\t\t\t\t<section data-particle_enable=\"false\" data-particle-mobile-disabled=\"false\" class=\"elementor-section elementor-top-section elementor-element elementor-element-5ca0d18 elementor-section-boxed elementor-section-height-default elementor-section-height-default\" data-id=\"5ca0d18\" data-element_type=\"section\" data-e-type=\"section\">\r\n\t\t\r\n\t\t\t\t\t\t\t<div class=\"elementor-container elementor-column-gap-default\">\r\n\t\t\t\t\t\t\t\t\t\t\t<div class=\"elementor-column elementor-col-100 elementor-top-column elementor-element elementor-element-c4709db\" data-id=\"c4709db\" data-element_type=\"column\" data-e-type=\"column\">\r\n\t\t\t\t\t<div class=\"elementor-widget-wrap elementor-element-populated\">\r\n\t\t\t\t\t\t\t\t<div class=\"elementor-element elementor-element-9d09782 elementor-widget elementor-widget-heading\" data-id=\"9d09782\" data-element_type=\"widget\" data-e-type=\"widget\" data-widget_type=\"heading.default\">\n\t\t\t\t<div class=\"elementor-widget-container\">\n\t\t\t\t\t<h2 class=\"elementor-heading-title elementor-size-default\">Wages for a permanent seasonal worker <\/h2>\t\t\t\t<\/div>\n\t\t\t\t<\/div>\n\t\t\t\t\t<\/div>\r\n\t\t\t\t<\/div>\r\n\t\t\t\t\t<\/div>\r\n\t\t\t\t<\/section>\r\n\t\t\t\t<section data-particle_enable=\"false\" data-particle-mobile-disabled=\"false\" class=\"elementor-section elementor-top-section elementor-element elementor-element-e4dc27b elementor-section-boxed elementor-section-height-default elementor-section-height-default\" data-id=\"e4dc27b\" data-element_type=\"section\" data-e-type=\"section\">\r\n\t\t\r\n\t\t\t\t\t\t\t<div class=\"elementor-container elementor-column-gap-default\">\r\n\t\t\t\t\t\t\t\t\t\t\t<div class=\"elementor-column elementor-col-100 elementor-top-column elementor-element elementor-element-3861062\" data-id=\"3861062\" data-element_type=\"column\" data-e-type=\"column\">\r\n\t\t\t\t\t<div class=\"elementor-widget-wrap elementor-element-populated\">\r\n\t\t\t\t\t\t\t\t<div class=\"elementor-element elementor-element-51b051b elementor-widget elementor-widget-text-editor\" data-id=\"51b051b\" data-element_type=\"widget\" data-e-type=\"widget\" data-widget_type=\"text-editor.default\">\n\t\t\t\t<div class=\"elementor-widget-container\">\n\t\t\t\t\t\t\t\t\t<h3>Wages foregone<\/h3><h4>Readmission<\/h4><p>On the other hand, processing wages are those amounts that the company is obliged to pay to the worker from the date on which the dismissal takes place until the date of notification of the judgement declaring the dismissal to be unfair or null and void or, where applicable, until the worker is reinstated (if the company chooses to do so).<\/p><h3>Right of option<\/h3><p>As a general rule, the employer has the right to choose between reinstatement of the employee and payment of processing wages or payment of compensation.<\/p><p>Therefore, the processing wages correspond to the wages that the employee would have received if the dismissal had not taken place.<\/p><p>As an exception, the representatives of unfairly dismissed workers are entitled to receive processing wages, regardless of their choice.<\/p><p>In addition, they can decide themselves between reinstatement and severance pay for the dismissal of a permanent employee.<\/p><p>Here is an example&#8230;<\/p><h3>Calculation of the wages for the processing of the dismissal of a permanent-discontinuous worker<\/h3><h4>Permanent-discontinuous contracts<\/h4><p>In these cases, processing wages are only payable during the periods in which the worker has actually been providing the services, i.e. the periods of activity.<\/p><p>For this reason, the work cycle of the contract is taken into account, as there is no entitlement to processing wages during periods of inactivity.<\/p><h3>Calculation<\/h3><p>Thus, the calculation of processing wages in permanent-discontinuous contracts is carried out starting from the date on which the call-up should have taken place until the date on which the cyclical activity motivating the contract would have ended.<\/p><p>Even if the contract is indefinite in nature, the calculation is made by counting the period during which the temporary activity subsists, regardless of the date on which the judgement is notified.<\/p><p>Therefore, if the season for which the contract was made ends earlier, the wages are only due up to that date.<\/p><h3>Discount<\/h3><p>If prior to the notification of the judgement the employee has found another job and the employer proves it, <strong>the salary received in the new company will be deducted<\/strong> from the amount of the processing wages<span style=\"text-decoration: underline;\">(if it is lower<\/span>).<\/p><p>If the amount is higher, there will be no processing wages during that period of time.<\/p><p>The deduction is not for the total amount received in that other alternative employment, <strong>but only during the concurrent periods of productive activity<\/strong> and processing wages and in proportion to the respective pay within those periods.<\/p><p>Periods during which the worker is receiving social benefits, such as unemployment or temporary incapacity benefit, must also be deducted from the processing wages.<\/p><h3>Differences in dismissal between permanent and indefinite-term contracts<\/h3><p>In summary, it is appropriate to order payment of wages for processing <strong>from the date of dismissal<\/strong> (or failure to call, which is considered tacit dismissal) until the date of the judgment declaring the termination of the <a href=\"https:\/\/www.mites.gob.es\/es\/Guia\/texto\/guia_8\/index.htm\" rel=\"noopener\">employment relationship<\/a>.<\/p><p>This is <span style=\"text-decoration: underline;\">provided that the period of activity does not end earlier<\/span>, because if this is the case, the salaries only extend up to that moment, without reaching the periods of inactivity (otherwise it would generate an unjust enrichment).<\/p><p>In the case of an open-ended contract, it would be appropriate to order payment of wages for the entire period from the date of dismissal to the date of the judgement or reinstatement.<\/p>\t\t\t\t\t\t\t\t<\/div>\n\t\t\t\t<\/div>\n\t\t\t\t\t<\/div>\r\n\t\t\t\t<\/div>\r\n\t\t\t\t\t<\/div>\r\n\t\t\t\t<\/section>\r\n\t\t\t\t<section data-particle_enable=\"false\" data-particle-mobile-disabled=\"false\" class=\"elementor-section elementor-top-section elementor-element elementor-element-3fa5b7e elementor-section-boxed elementor-section-height-default elementor-section-height-default\" data-id=\"3fa5b7e\" data-element_type=\"section\" data-e-type=\"section\">\r\n\t\t\r\n\t\t\t\t\t\t\t<div class=\"elementor-container elementor-column-gap-default\">\r\n\t\t\t\t\t\t\t\t\t\t\t<div class=\"elementor-column elementor-col-100 elementor-top-column elementor-element elementor-element-71c2ab7\" data-id=\"71c2ab7\" data-element_type=\"column\" data-e-type=\"column\">\r\n\t\t\t\t\t<div class=\"elementor-widget-wrap elementor-element-populated\">\r\n\t\t\t\t\t\t\t\t<div class=\"elementor-element elementor-element-79718af elementor-widget elementor-widget-text-editor\" data-id=\"79718af\" data-element_type=\"widget\" data-e-type=\"widget\" data-widget_type=\"text-editor.default\">\n\t\t\t\t<div class=\"elementor-widget-container\">\n\t\t\t\t\t\t\t\t\t<p><i>For the purposes of calculating the <\/i><em>severance pay for the dismissal of a <\/em><i>permanent-discontinuous <\/i> <i>employee and the processing wages of <\/i><i>permanent-discontinuous employees, the <\/i><i>periods actually worked<\/i><i>are counted as the time of service.\u00a0<\/i><\/p>\t\t\t\t\t\t\t\t<\/div>\n\t\t\t\t<\/div>\n\t\t\t\t\t<\/div>\r\n\t\t\t\t<\/div>\r\n\t\t\t\t\t<\/div>\r\n\t\t\t\t<\/section>\r\n\t\t\t\t<section data-particle_enable=\"false\" data-particle-mobile-disabled=\"false\" class=\"elementor-section elementor-top-section elementor-element elementor-element-4e1cc68 elementor-section-boxed elementor-section-height-default elementor-section-height-default\" data-id=\"4e1cc68\" data-element_type=\"section\" data-e-type=\"section\">\r\n\t\t\r\n\t\t\t\t\t\t\t<div class=\"elementor-container elementor-column-gap-default\">\r\n\t\t\t\t\t\t\t\t\t\t\t<div class=\"elementor-column elementor-col-100 elementor-top-column elementor-element elementor-element-24f4ba4\" data-id=\"24f4ba4\" data-element_type=\"column\" data-e-type=\"column\">\r\n\t\t\t\t\t<div class=\"elementor-widget-wrap elementor-element-populated\">\r\n\t\t\t\t\t\t\t\t<div class=\"elementor-element elementor-element-b2b46e5 elementor-widget elementor-widget-heading\" data-id=\"b2b46e5\" data-element_type=\"widget\" data-e-type=\"widget\" data-widget_type=\"heading.default\">\n\t\t\t\t<div class=\"elementor-widget-container\">\n\t\t\t\t\t<h2 class=\"elementor-heading-title elementor-size-default\">PERMANENT-DISCONTINUOUS CONTRACT<\/h2>\t\t\t\t<\/div>\n\t\t\t\t<\/div>\n\t\t\t\t\t<\/div>\r\n\t\t\t\t<\/div>\r\n\t\t\t\t\t<\/div>\r\n\t\t\t\t<\/section>\r\n\t\t\t\t<section data-particle_enable=\"false\" data-particle-mobile-disabled=\"false\" class=\"elementor-section elementor-top-section elementor-element elementor-element-2654fe2 elementor-section-boxed elementor-section-height-default elementor-section-height-default\" data-id=\"2654fe2\" data-element_type=\"section\" data-e-type=\"section\">\r\n\t\t\r\n\t\t\t\t\t\t\t<div class=\"elementor-container elementor-column-gap-default\">\r\n\t\t\t\t\t\t\t\t\t\t\t<div class=\"elementor-column elementor-col-100 elementor-top-column elementor-element elementor-element-2b1d702\" data-id=\"2b1d702\" data-element_type=\"column\" data-e-type=\"column\">\r\n\t\t\t\t\t<div class=\"elementor-widget-wrap elementor-element-populated\">\r\n\t\t\t\t\t\t\t\t<div class=\"elementor-element elementor-element-bb407f9 elementor-widget elementor-widget-text-editor\" data-id=\"bb407f9\" data-element_type=\"widget\" data-e-type=\"widget\" data-widget_type=\"text-editor.default\">\n\t\t\t\t<div class=\"elementor-widget-container\">\n\t\t\t\t\t\t\t\t\t<h3>When can you use a fixed-term contract?<\/h3><h4>Remember that permanent-discontinuous contracts:<\/h4><p>These are open-ended employment contracts designed for those productive activities that are carried out on a regular basis and that, for reasons of activity, have more or less prolonged interruptions.<\/p><p>They can be used for workers who carry out seasonal activities, for example, in sectors such as hospitality or leisure during holiday seasons or similar situations.<\/p><p>They must be in writing and specify the duration of the period of activity, as well as the working day and its timetable.<\/p><p>During the period of interruption, the worker remains linked to the company; therefore, the contract is not terminated, but the duty to work and pay is suspended.<\/p><p>If the duty to call is not complied with, the worker may claim the existence of a dismissal without cause &#8211; unjustified &#8211; and the corresponding compensation for the dismissal of a Permanent Discontinuous employee mentioned above.<\/p>\t\t\t\t\t\t\t\t<\/div>\n\t\t\t\t<\/div>\n\t\t\t\t\t<\/div>\r\n\t\t\t\t<\/div>\r\n\t\t\t\t\t<\/div>\r\n\t\t\t\t<\/section>\r\n\t\t\t\t<\/div>\n\t\t","protected":false},"excerpt":{"rendered":"<p>Compensation for the dismissal of a permanent worker:in cases of unfair dismissal of a permanent worker, the particularities of compensation and processing wages are different from those of permanent contracts. See in this article the difference between severance pay for the dismissal of a permanent employee and processing wages. Compensation for unfair dismissal Permanent-discontinuous worker [&hellip;]<\/p>\n","protected":false},"author":2,"featured_media":36830,"comment_status":"closed","ping_status":"closed","sticky":false,"template":"","format":"standard","meta":{"_eb_attr":"","inline_featured_image":false,"footnotes":""},"categories":[45],"tags":[],"class_list":["post-37284","post","type-post","status-publish","format-standard","has-post-thumbnail","hentry","category-blog"],"featured_image_src":{"landsacpe":["https:\/\/www.asesoriaorihuelacosta.com\/wp-content\/uploads\/2024\/12\/Indemnizacion-por-despido-de-un-Fijo-discontinuo-1.jpeg",640,360,false],"list":["https:\/\/www.asesoriaorihuelacosta.com\/wp-content\/uploads\/2024\/12\/Indemnizacion-por-despido-de-un-Fijo-discontinuo-1-463x348.jpeg",463,348,true],"medium":["https:\/\/www.asesoriaorihuelacosta.com\/wp-content\/uploads\/2024\/12\/Indemnizacion-por-despido-de-un-Fijo-discontinuo-1-300x169.jpeg",300,169,true],"full":["https:\/\/www.asesoriaorihuelacosta.com\/wp-content\/uploads\/2024\/12\/Indemnizacion-por-despido-de-un-Fijo-discontinuo-1.jpeg",640,360,false]},"yoast_head":"<!-- This site is optimized with the Yoast SEO Premium plugin v24.7 (Yoast SEO v27.5) - https:\/\/yoast.com\/product\/yoast-seo-premium-wordpress\/ -->\n<title>Compensation for dismissal of a temporary employee - Asesor\u00eda Orihuela Costa<\/title>\n<meta name=\"description\" content=\"Particularities of severance pay for a permanent discontinuous employee. How it is calculated and relevant periods of activity.\" \/>\n<meta name=\"robots\" content=\"index, follow, max-snippet:-1, max-image-preview:large, max-video-preview:-1\" \/>\n<link rel=\"canonical\" href=\"https:\/\/www.asesoriaorihuelacosta.com\/en\/compensation-for-dismissal-of-a-temporary-employee\/\" \/>\n<meta property=\"og:locale\" content=\"en_US\" \/>\n<meta property=\"og:type\" content=\"article\" \/>\n<meta property=\"og:title\" content=\"Compensation for dismissal of a temporary employee\" \/>\n<meta property=\"og:description\" content=\"Particularities of severance pay for a permanent discontinuous employee. How it is calculated and relevant periods of activity.\" \/>\n<meta property=\"og:url\" content=\"https:\/\/www.asesoriaorihuelacosta.com\/en\/compensation-for-dismissal-of-a-temporary-employee\/\" \/>\n<meta property=\"og:site_name\" content=\"Asesor\u00eda Orihuela Costa\" \/>\n<meta property=\"article:publisher\" content=\"https:\/\/www.facebook.com\/asesoriaorihuelacosta\" \/>\n<meta property=\"article:author\" content=\"https:\/\/www.facebook.com\/patrick.gordinneperez\" \/>\n<meta property=\"article:published_time\" content=\"2024-12-18T06:42:05+00:00\" \/>\n<meta property=\"article:modified_time\" content=\"2024-12-26T23:23:02+00:00\" \/>\n<meta property=\"og:image\" content=\"https:\/\/www.asesoriaorihuelacosta.com\/wp-content\/uploads\/2024\/12\/Indemnizacion-por-despido-de-un-Fijo-discontinuo-1.jpeg\" \/>\n\t<meta property=\"og:image:width\" content=\"640\" \/>\n\t<meta property=\"og:image:height\" content=\"360\" \/>\n\t<meta property=\"og:image:type\" content=\"image\/jpeg\" \/>\n<meta name=\"author\" content=\"Patrick Gordinne Perez\" \/>\n<meta name=\"twitter:card\" content=\"summary_large_image\" \/>\n<meta name=\"twitter:label1\" content=\"Written by\" \/>\n\t<meta name=\"twitter:data1\" content=\"Patrick Gordinne Perez\" \/>\n\t<meta name=\"twitter:label2\" content=\"Est. reading time\" \/>\n\t<meta name=\"twitter:data2\" content=\"7 minutes\" \/>\n<script type=\"application\/ld+json\" class=\"yoast-schema-graph\">{\"@context\":\"https:\\\/\\\/schema.org\",\"@graph\":[{\"@type\":\"Article\",\"@id\":\"https:\\\/\\\/www.asesoriaorihuelacosta.com\\\/en\\\/compensation-for-dismissal-of-a-temporary-employee\\\/#article\",\"isPartOf\":{\"@id\":\"https:\\\/\\\/www.asesoriaorihuelacosta.com\\\/en\\\/compensation-for-dismissal-of-a-temporary-employee\\\/\"},\"author\":{\"name\":\"Patrick Gordinne Perez\",\"@id\":\"https:\\\/\\\/www.asesoriaorihuelacosta.com\\\/en\\\/#\\\/schema\\\/person\\\/6614ce8cf6d2de542aaf351629fd539e\"},\"headline\":\"Compensation for dismissal of a temporary employee\",\"datePublished\":\"2024-12-18T06:42:05+00:00\",\"dateModified\":\"2024-12-26T23:23:02+00:00\",\"mainEntityOfPage\":{\"@id\":\"https:\\\/\\\/www.asesoriaorihuelacosta.com\\\/en\\\/compensation-for-dismissal-of-a-temporary-employee\\\/\"},\"wordCount\":1297,\"publisher\":{\"@id\":\"https:\\\/\\\/www.asesoriaorihuelacosta.com\\\/en\\\/#organization\"},\"image\":{\"@id\":\"https:\\\/\\\/www.asesoriaorihuelacosta.com\\\/en\\\/compensation-for-dismissal-of-a-temporary-employee\\\/#primaryimage\"},\"thumbnailUrl\":\"https:\\\/\\\/www.asesoriaorihuelacosta.com\\\/wp-content\\\/uploads\\\/2024\\\/12\\\/Indemnizacion-por-despido-de-un-Fijo-discontinuo-1.jpeg\",\"articleSection\":[\"Blog\"],\"inLanguage\":\"en-US\"},{\"@type\":\"WebPage\",\"@id\":\"https:\\\/\\\/www.asesoriaorihuelacosta.com\\\/en\\\/compensation-for-dismissal-of-a-temporary-employee\\\/\",\"url\":\"https:\\\/\\\/www.asesoriaorihuelacosta.com\\\/en\\\/compensation-for-dismissal-of-a-temporary-employee\\\/\",\"name\":\"Compensation for dismissal of a temporary employee - Asesor\u00eda Orihuela Costa\",\"isPartOf\":{\"@id\":\"https:\\\/\\\/www.asesoriaorihuelacosta.com\\\/en\\\/#website\"},\"primaryImageOfPage\":{\"@id\":\"https:\\\/\\\/www.asesoriaorihuelacosta.com\\\/en\\\/compensation-for-dismissal-of-a-temporary-employee\\\/#primaryimage\"},\"image\":{\"@id\":\"https:\\\/\\\/www.asesoriaorihuelacosta.com\\\/en\\\/compensation-for-dismissal-of-a-temporary-employee\\\/#primaryimage\"},\"thumbnailUrl\":\"https:\\\/\\\/www.asesoriaorihuelacosta.com\\\/wp-content\\\/uploads\\\/2024\\\/12\\\/Indemnizacion-por-despido-de-un-Fijo-discontinuo-1.jpeg\",\"datePublished\":\"2024-12-18T06:42:05+00:00\",\"dateModified\":\"2024-12-26T23:23:02+00:00\",\"description\":\"Particularities of severance pay for a permanent discontinuous employee. How it is calculated and relevant periods of activity.\",\"breadcrumb\":{\"@id\":\"https:\\\/\\\/www.asesoriaorihuelacosta.com\\\/en\\\/compensation-for-dismissal-of-a-temporary-employee\\\/#breadcrumb\"},\"inLanguage\":\"en-US\",\"potentialAction\":[{\"@type\":\"ReadAction\",\"target\":[\"https:\\\/\\\/www.asesoriaorihuelacosta.com\\\/en\\\/compensation-for-dismissal-of-a-temporary-employee\\\/\"]}]},{\"@type\":\"ImageObject\",\"inLanguage\":\"en-US\",\"@id\":\"https:\\\/\\\/www.asesoriaorihuelacosta.com\\\/en\\\/compensation-for-dismissal-of-a-temporary-employee\\\/#primaryimage\",\"url\":\"https:\\\/\\\/www.asesoriaorihuelacosta.com\\\/wp-content\\\/uploads\\\/2024\\\/12\\\/Indemnizacion-por-despido-de-un-Fijo-discontinuo-1.jpeg\",\"contentUrl\":\"https:\\\/\\\/www.asesoriaorihuelacosta.com\\\/wp-content\\\/uploads\\\/2024\\\/12\\\/Indemnizacion-por-despido-de-un-Fijo-discontinuo-1.jpeg\",\"width\":640,\"height\":360,\"caption\":\"Indemnizaci\u00f3n por despido de un Fijo discontinuo\"},{\"@type\":\"BreadcrumbList\",\"@id\":\"https:\\\/\\\/www.asesoriaorihuelacosta.com\\\/en\\\/compensation-for-dismissal-of-a-temporary-employee\\\/#breadcrumb\",\"itemListElement\":[{\"@type\":\"ListItem\",\"position\":1,\"name\":\"Home\",\"item\":\"https:\\\/\\\/www.asesoriaorihuelacosta.com\\\/en\\\/\"},{\"@type\":\"ListItem\",\"position\":2,\"name\":\"Compensation for dismissal of a temporary employee\"}]},{\"@type\":\"WebSite\",\"@id\":\"https:\\\/\\\/www.asesoriaorihuelacosta.com\\\/en\\\/#website\",\"url\":\"https:\\\/\\\/www.asesoriaorihuelacosta.com\\\/en\\\/\",\"name\":\"https:\\\/\\\/www.asesoriaorihuelacosta.com\\\/\",\"description\":\"Grupo de asesores profesionales\",\"publisher\":{\"@id\":\"https:\\\/\\\/www.asesoriaorihuelacosta.com\\\/en\\\/#organization\"},\"potentialAction\":[{\"@type\":\"SearchAction\",\"target\":{\"@type\":\"EntryPoint\",\"urlTemplate\":\"https:\\\/\\\/www.asesoriaorihuelacosta.com\\\/en\\\/?s={search_term_string}\"},\"query-input\":{\"@type\":\"PropertyValueSpecification\",\"valueRequired\":true,\"valueName\":\"search_term_string\"}}],\"inLanguage\":\"en-US\"},{\"@type\":\"Organization\",\"@id\":\"https:\\\/\\\/www.asesoriaorihuelacosta.com\\\/en\\\/#organization\",\"name\":\"Asesor\u00eda Orihuela Costa\",\"url\":\"https:\\\/\\\/www.asesoriaorihuelacosta.com\\\/en\\\/\",\"logo\":{\"@type\":\"ImageObject\",\"inLanguage\":\"en-US\",\"@id\":\"https:\\\/\\\/www.asesoriaorihuelacosta.com\\\/en\\\/#\\\/schema\\\/logo\\\/image\\\/\",\"url\":\"https:\\\/\\\/www.asesoriaorihuelacosta.com\\\/wp-content\\\/uploads\\\/2022\\\/06\\\/Logo-espa\u5bf8l-asesoriaorihuela.jpg\",\"contentUrl\":\"https:\\\/\\\/www.asesoriaorihuelacosta.com\\\/wp-content\\\/uploads\\\/2022\\\/06\\\/Logo-espa\u5bf8l-asesoriaorihuela.jpg\",\"width\":588,\"height\":136,\"caption\":\"Asesor\u00eda Orihuela Costa\"},\"image\":{\"@id\":\"https:\\\/\\\/www.asesoriaorihuelacosta.com\\\/en\\\/#\\\/schema\\\/logo\\\/image\\\/\"},\"sameAs\":[\"https:\\\/\\\/www.facebook.com\\\/asesoriaorihuelacosta\"]},{\"@type\":\"Person\",\"@id\":\"https:\\\/\\\/www.asesoriaorihuelacosta.com\\\/en\\\/#\\\/schema\\\/person\\\/6614ce8cf6d2de542aaf351629fd539e\",\"name\":\"Patrick Gordinne Perez\",\"description\":\"Soy economista colegiado por el colegio de economistas de Alicante con el n\u00famero 2722. Llevo ejerciendo desde el a\u00f1o 2005. Soy especialista en fiscalidad de empresas y aut\u00f3nomos y tambi\u00e9n especialista en gestionar compraventas. Hablo espa\u00f1ol, ingl\u00e9s y franc\u00e9s.\",\"sameAs\":[\"https:\\\/\\\/www.asesoriaorihuelacosta.com\",\"https:\\\/\\\/www.facebook.com\\\/patrick.gordinneperez\",\"https:\\\/\\\/www.linkedin.com\\\/in\\\/patrick-gordinne-perez-1b73aab3\\\/\",\"https:\\\/\\\/www.youtube.com\\\/channel\\\/UC5e95RJEVQlxCnhwDmGNVCw\"],\"gender\":\"Hombre\",\"knowsLanguage\":[\"ingl\u00e9s\",\"franc\u00e9s\",\"espa\u00f1ol\"],\"jobTitle\":\"Gerente\",\"worksFor\":\"Asesoria Orihuela Costa SL\"}]}<\/script>\n<!-- \/ Yoast SEO Premium plugin. -->","yoast_head_json":{"title":"Compensation for dismissal of a temporary employee - Asesor\u00eda Orihuela Costa","description":"Particularities of severance pay for a permanent discontinuous employee. How it is calculated and relevant periods of activity.","robots":{"index":"index","follow":"follow","max-snippet":"max-snippet:-1","max-image-preview":"max-image-preview:large","max-video-preview":"max-video-preview:-1"},"canonical":"https:\/\/www.asesoriaorihuelacosta.com\/en\/compensation-for-dismissal-of-a-temporary-employee\/","og_locale":"en_US","og_type":"article","og_title":"Compensation for dismissal of a temporary employee","og_description":"Particularities of severance pay for a permanent discontinuous employee. How it is calculated and relevant periods of activity.","og_url":"https:\/\/www.asesoriaorihuelacosta.com\/en\/compensation-for-dismissal-of-a-temporary-employee\/","og_site_name":"Asesor\u00eda Orihuela Costa","article_publisher":"https:\/\/www.facebook.com\/asesoriaorihuelacosta","article_author":"https:\/\/www.facebook.com\/patrick.gordinneperez","article_published_time":"2024-12-18T06:42:05+00:00","article_modified_time":"2024-12-26T23:23:02+00:00","og_image":[{"width":640,"height":360,"url":"https:\/\/www.asesoriaorihuelacosta.com\/wp-content\/uploads\/2024\/12\/Indemnizacion-por-despido-de-un-Fijo-discontinuo-1.jpeg","type":"image\/jpeg"}],"author":"Patrick Gordinne Perez","twitter_card":"summary_large_image","twitter_misc":{"Written by":"Patrick Gordinne Perez","Est. reading time":"7 minutes"},"schema":{"@context":"https:\/\/schema.org","@graph":[{"@type":"Article","@id":"https:\/\/www.asesoriaorihuelacosta.com\/en\/compensation-for-dismissal-of-a-temporary-employee\/#article","isPartOf":{"@id":"https:\/\/www.asesoriaorihuelacosta.com\/en\/compensation-for-dismissal-of-a-temporary-employee\/"},"author":{"name":"Patrick Gordinne Perez","@id":"https:\/\/www.asesoriaorihuelacosta.com\/en\/#\/schema\/person\/6614ce8cf6d2de542aaf351629fd539e"},"headline":"Compensation for dismissal of a temporary employee","datePublished":"2024-12-18T06:42:05+00:00","dateModified":"2024-12-26T23:23:02+00:00","mainEntityOfPage":{"@id":"https:\/\/www.asesoriaorihuelacosta.com\/en\/compensation-for-dismissal-of-a-temporary-employee\/"},"wordCount":1297,"publisher":{"@id":"https:\/\/www.asesoriaorihuelacosta.com\/en\/#organization"},"image":{"@id":"https:\/\/www.asesoriaorihuelacosta.com\/en\/compensation-for-dismissal-of-a-temporary-employee\/#primaryimage"},"thumbnailUrl":"https:\/\/www.asesoriaorihuelacosta.com\/wp-content\/uploads\/2024\/12\/Indemnizacion-por-despido-de-un-Fijo-discontinuo-1.jpeg","articleSection":["Blog"],"inLanguage":"en-US"},{"@type":"WebPage","@id":"https:\/\/www.asesoriaorihuelacosta.com\/en\/compensation-for-dismissal-of-a-temporary-employee\/","url":"https:\/\/www.asesoriaorihuelacosta.com\/en\/compensation-for-dismissal-of-a-temporary-employee\/","name":"Compensation for dismissal of a temporary employee - Asesor\u00eda Orihuela Costa","isPartOf":{"@id":"https:\/\/www.asesoriaorihuelacosta.com\/en\/#website"},"primaryImageOfPage":{"@id":"https:\/\/www.asesoriaorihuelacosta.com\/en\/compensation-for-dismissal-of-a-temporary-employee\/#primaryimage"},"image":{"@id":"https:\/\/www.asesoriaorihuelacosta.com\/en\/compensation-for-dismissal-of-a-temporary-employee\/#primaryimage"},"thumbnailUrl":"https:\/\/www.asesoriaorihuelacosta.com\/wp-content\/uploads\/2024\/12\/Indemnizacion-por-despido-de-un-Fijo-discontinuo-1.jpeg","datePublished":"2024-12-18T06:42:05+00:00","dateModified":"2024-12-26T23:23:02+00:00","description":"Particularities of severance pay for a permanent discontinuous employee. How it is calculated and relevant periods of activity.","breadcrumb":{"@id":"https:\/\/www.asesoriaorihuelacosta.com\/en\/compensation-for-dismissal-of-a-temporary-employee\/#breadcrumb"},"inLanguage":"en-US","potentialAction":[{"@type":"ReadAction","target":["https:\/\/www.asesoriaorihuelacosta.com\/en\/compensation-for-dismissal-of-a-temporary-employee\/"]}]},{"@type":"ImageObject","inLanguage":"en-US","@id":"https:\/\/www.asesoriaorihuelacosta.com\/en\/compensation-for-dismissal-of-a-temporary-employee\/#primaryimage","url":"https:\/\/www.asesoriaorihuelacosta.com\/wp-content\/uploads\/2024\/12\/Indemnizacion-por-despido-de-un-Fijo-discontinuo-1.jpeg","contentUrl":"https:\/\/www.asesoriaorihuelacosta.com\/wp-content\/uploads\/2024\/12\/Indemnizacion-por-despido-de-un-Fijo-discontinuo-1.jpeg","width":640,"height":360,"caption":"Indemnizaci\u00f3n por despido de un Fijo discontinuo"},{"@type":"BreadcrumbList","@id":"https:\/\/www.asesoriaorihuelacosta.com\/en\/compensation-for-dismissal-of-a-temporary-employee\/#breadcrumb","itemListElement":[{"@type":"ListItem","position":1,"name":"Home","item":"https:\/\/www.asesoriaorihuelacosta.com\/en\/"},{"@type":"ListItem","position":2,"name":"Compensation for dismissal of a temporary employee"}]},{"@type":"WebSite","@id":"https:\/\/www.asesoriaorihuelacosta.com\/en\/#website","url":"https:\/\/www.asesoriaorihuelacosta.com\/en\/","name":"https:\/\/www.asesoriaorihuelacosta.com\/","description":"Grupo de asesores profesionales","publisher":{"@id":"https:\/\/www.asesoriaorihuelacosta.com\/en\/#organization"},"potentialAction":[{"@type":"SearchAction","target":{"@type":"EntryPoint","urlTemplate":"https:\/\/www.asesoriaorihuelacosta.com\/en\/?s={search_term_string}"},"query-input":{"@type":"PropertyValueSpecification","valueRequired":true,"valueName":"search_term_string"}}],"inLanguage":"en-US"},{"@type":"Organization","@id":"https:\/\/www.asesoriaorihuelacosta.com\/en\/#organization","name":"Asesor\u00eda Orihuela Costa","url":"https:\/\/www.asesoriaorihuelacosta.com\/en\/","logo":{"@type":"ImageObject","inLanguage":"en-US","@id":"https:\/\/www.asesoriaorihuelacosta.com\/en\/#\/schema\/logo\/image\/","url":"https:\/\/www.asesoriaorihuelacosta.com\/wp-content\/uploads\/2022\/06\/Logo-espa\u5bf8l-asesoriaorihuela.jpg","contentUrl":"https:\/\/www.asesoriaorihuelacosta.com\/wp-content\/uploads\/2022\/06\/Logo-espa\u5bf8l-asesoriaorihuela.jpg","width":588,"height":136,"caption":"Asesor\u00eda Orihuela Costa"},"image":{"@id":"https:\/\/www.asesoriaorihuelacosta.com\/en\/#\/schema\/logo\/image\/"},"sameAs":["https:\/\/www.facebook.com\/asesoriaorihuelacosta"]},{"@type":"Person","@id":"https:\/\/www.asesoriaorihuelacosta.com\/en\/#\/schema\/person\/6614ce8cf6d2de542aaf351629fd539e","name":"Patrick Gordinne Perez","description":"Soy economista colegiado por el colegio de economistas de Alicante con el n\u00famero 2722. Llevo ejerciendo desde el a\u00f1o 2005. Soy especialista en fiscalidad de empresas y aut\u00f3nomos y tambi\u00e9n especialista en gestionar compraventas. Hablo espa\u00f1ol, ingl\u00e9s y franc\u00e9s.","sameAs":["https:\/\/www.asesoriaorihuelacosta.com","https:\/\/www.facebook.com\/patrick.gordinneperez","https:\/\/www.linkedin.com\/in\/patrick-gordinne-perez-1b73aab3\/","https:\/\/www.youtube.com\/channel\/UC5e95RJEVQlxCnhwDmGNVCw"],"gender":"Hombre","knowsLanguage":["ingl\u00e9s","franc\u00e9s","espa\u00f1ol"],"jobTitle":"Gerente","worksFor":"Asesoria Orihuela Costa SL"}]}},"_links":{"self":[{"href":"https:\/\/www.asesoriaorihuelacosta.com\/en\/wp-json\/wp\/v2\/posts\/37284","targetHints":{"allow":["GET"]}}],"collection":[{"href":"https:\/\/www.asesoriaorihuelacosta.com\/en\/wp-json\/wp\/v2\/posts"}],"about":[{"href":"https:\/\/www.asesoriaorihuelacosta.com\/en\/wp-json\/wp\/v2\/types\/post"}],"author":[{"embeddable":true,"href":"https:\/\/www.asesoriaorihuelacosta.com\/en\/wp-json\/wp\/v2\/users\/2"}],"replies":[{"embeddable":true,"href":"https:\/\/www.asesoriaorihuelacosta.com\/en\/wp-json\/wp\/v2\/comments?post=37284"}],"version-history":[{"count":11,"href":"https:\/\/www.asesoriaorihuelacosta.com\/en\/wp-json\/wp\/v2\/posts\/37284\/revisions"}],"predecessor-version":[{"id":37296,"href":"https:\/\/www.asesoriaorihuelacosta.com\/en\/wp-json\/wp\/v2\/posts\/37284\/revisions\/37296"}],"wp:featuredmedia":[{"embeddable":true,"href":"https:\/\/www.asesoriaorihuelacosta.com\/en\/wp-json\/wp\/v2\/media\/36830"}],"wp:attachment":[{"href":"https:\/\/www.asesoriaorihuelacosta.com\/en\/wp-json\/wp\/v2\/media?parent=37284"}],"wp:term":[{"taxonomy":"category","embeddable":true,"href":"https:\/\/www.asesoriaorihuelacosta.com\/en\/wp-json\/wp\/v2\/categories?post=37284"},{"taxonomy":"post_tag","embeddable":true,"href":"https:\/\/www.asesoriaorihuelacosta.com\/en\/wp-json\/wp\/v2\/tags?post=37284"}],"curies":[{"name":"wp","href":"https:\/\/api.w.org\/{rel}","templated":true}]}}