{"id":35113,"date":"2024-11-12T17:55:54","date_gmt":"2024-11-12T17:55:54","guid":{"rendered":"https:\/\/www.asesoriaorihuelacosta.com\/?p=35113"},"modified":"2024-11-23T11:56:32","modified_gmt":"2024-11-23T11:56:32","slug":"period-for-reviewing-negative-tax-bases","status":"publish","type":"post","link":"https:\/\/www.asesoriaorihuelacosta.com\/en\/period-for-reviewing-negative-tax-bases\/","title":{"rendered":"Period for reviewing negative tax bases"},"content":{"rendered":"\t\t<div data-elementor-type=\"wp-post\" data-elementor-id=\"35113\" class=\"elementor elementor-35113\" data-elementor-post-type=\"post\">\n\t\t\t\t\t\t<section data-particle_enable=\"false\" data-particle-mobile-disabled=\"false\" class=\"elementor-section elementor-top-section elementor-element elementor-element-bd1a7eb elementor-section-boxed elementor-section-height-default elementor-section-height-default\" data-id=\"bd1a7eb\" data-element_type=\"section\" data-e-type=\"section\">\r\n\t\t\r\n\t\t\t\t\t\t\t<div class=\"elementor-container elementor-column-gap-default\">\r\n\t\t\t\t\t\t\t\t\t\t\t<div class=\"elementor-column elementor-col-100 elementor-top-column elementor-element elementor-element-be20730\" data-id=\"be20730\" data-element_type=\"column\" data-e-type=\"column\">\r\n\t\t\t\t\t<div class=\"elementor-widget-wrap elementor-element-populated\">\r\n\t\t\t\t\t\t\t\t<div class=\"elementor-element elementor-element-817bf5b elementor-widget elementor-widget-text-editor\" data-id=\"817bf5b\" data-element_type=\"widget\" data-e-type=\"widget\" data-widget_type=\"text-editor.default\">\n\t\t\t\t<div class=\"elementor-widget-container\">\n\t\t\t\t\t\t\t\t\t<p>Time limit for reviewing tax losses: if there are tax losses that have not yet been offset, the tax authorities may review them beyond the general limitation period.<\/p><p>However, certain limits must be respected in order to do so.<\/p>\t\t\t\t\t\t\t\t<\/div>\n\t\t\t\t<\/div>\n\t\t\t\t\t<\/div>\r\n\t\t\t\t<\/div>\r\n\t\t\t\t\t<\/div>\r\n\t\t\t\t<\/section>\r\n\t\t\t\t<section data-particle_enable=\"false\" data-particle-mobile-disabled=\"false\" class=\"elementor-section elementor-top-section elementor-element elementor-element-05e2217 elementor-section-boxed elementor-section-height-default elementor-section-height-default\" data-id=\"05e2217\" data-element_type=\"section\" data-e-type=\"section\">\r\n\t\t\r\n\t\t\t\t\t\t\t<div class=\"elementor-container elementor-column-gap-default\">\r\n\t\t\t\t\t\t\t\t\t\t\t<div class=\"elementor-column elementor-col-100 elementor-top-column elementor-element elementor-element-70fbf75\" data-id=\"70fbf75\" data-element_type=\"column\" data-e-type=\"column\">\r\n\t\t\t\t\t<div class=\"elementor-widget-wrap elementor-element-populated\">\r\n\t\t\t\t\t\t\t\t<div class=\"elementor-element elementor-element-f85aba1 elementor-widget elementor-widget-heading\" data-id=\"f85aba1\" data-element_type=\"widget\" data-e-type=\"widget\" data-widget_type=\"heading.default\">\n\t\t\t\t<div class=\"elementor-widget-container\">\n\t\t\t\t\t<h2 class=\"elementor-heading-title elementor-size-default\">Offsetting of tax losses<\/h2>\t\t\t\t<\/div>\n\t\t\t\t<\/div>\n\t\t\t\t\t<\/div>\r\n\t\t\t\t<\/div>\r\n\t\t\t\t\t<\/div>\r\n\t\t\t\t<\/section>\r\n\t\t\t\t<section data-particle_enable=\"false\" data-particle-mobile-disabled=\"false\" class=\"elementor-section elementor-top-section elementor-element elementor-element-1416fce elementor-section-boxed elementor-section-height-default elementor-section-height-default\" data-id=\"1416fce\" data-element_type=\"section\" data-e-type=\"section\">\r\n\t\t\r\n\t\t\t\t\t\t\t<div class=\"elementor-container elementor-column-gap-default\">\r\n\t\t\t\t\t\t\t\t\t\t\t<div class=\"elementor-column elementor-col-100 elementor-top-column elementor-element elementor-element-d1c458a\" data-id=\"d1c458a\" data-element_type=\"column\" data-e-type=\"column\">\r\n\t\t\t\t\t<div class=\"elementor-widget-wrap elementor-element-populated\">\r\n\t\t\t\t\t\t\t\t<div class=\"elementor-element elementor-element-2cc4b39 elementor-widget elementor-widget-text-editor\" data-id=\"2cc4b39\" data-element_type=\"widget\" data-e-type=\"widget\" data-widget_type=\"text-editor.default\">\n\t\t\t\t<div class=\"elementor-widget-container\">\n\t\t\t\t\t\t\t\t\t<h3>Limit on offsetting tax losses<\/h3><p>When a company generates a negative tax base (BIN), it can offset it against the positive tax bases of the following years (a tax credit is generated in favour of the company).<\/p><p>This offsetting can be carried out without any time limit.<\/p><h4><strong>Quantitative base netting limit<\/strong><\/h4><p>However, <i>the <a href=\"https:\/\/sede.agenciatributaria.gob.es\/Sede\/impuesto-sobre-sociedades\/que-base-imponible-se-determina-sociedades\/compensacion-bases-imponibles-negativas.html\" rel=\"noopener\">BIN<\/a> that can be offset in each financial year<\/i> is limited to the higher of the following two amounts :<\/p><ul><li><i>EUR 1 million<\/i>. Tax losses below this amount can be offset in full (provided that the positive tax base is sufficient).<\/li><li><i>70% of the negative taxable income<\/i> prior to the reduction for the capitalisation reserve and the offsetting of the positive taxable income itself.<\/li><\/ul><p>Remember that the regulation that established that this limit was 50% for companies with a turnover of between 20 and 60 million euros and 25% for companies with a turnover of more than 60 million euros was annulled as unconstitutional.<\/p>\t\t\t\t\t\t\t\t<\/div>\n\t\t\t\t<\/div>\n\t\t\t\t\t<\/div>\r\n\t\t\t\t<\/div>\r\n\t\t\t\t\t<\/div>\r\n\t\t\t\t<\/section>\r\n\t\t\t\t<section data-particle_enable=\"false\" data-particle-mobile-disabled=\"false\" class=\"elementor-section elementor-top-section elementor-element elementor-element-0092575 elementor-section-boxed elementor-section-height-default elementor-section-height-default\" data-id=\"0092575\" data-element_type=\"section\" data-e-type=\"section\">\r\n\t\t\r\n\t\t\t\t\t\t\t<div class=\"elementor-container elementor-column-gap-default\">\r\n\t\t\t\t\t\t\t\t\t\t\t<div class=\"elementor-column elementor-col-100 elementor-top-column elementor-element elementor-element-cb3a611\" data-id=\"cb3a611\" data-element_type=\"column\" data-e-type=\"column\">\r\n\t\t\t\t\t<div class=\"elementor-widget-wrap elementor-element-populated\">\r\n\t\t\t\t\t\t\t\t<div class=\"elementor-element elementor-element-155e238 elementor-button-info elementor-align-center elementor-widget elementor-widget-button\" data-id=\"155e238\" data-element_type=\"widget\" data-e-type=\"widget\" data-widget_type=\"button.default\">\n\t\t\t\t<div class=\"elementor-widget-container\">\n\t\t\t\t\t\t\t\t\t<div class=\"elementor-button-wrapper\">\n\t\t\t\t\t<a class=\"elementor-button elementor-button-link elementor-size-sm\" href=\"https:\/\/www.asesoriaorihuelacosta.com\/en\/contact\/\">\n\t\t\t\t\t\t<span class=\"elementor-button-content-wrapper\">\n\t\t\t\t\t\t\t\t\t<span class=\"elementor-button-text\">I need help with a tax inspection in Spain<\/span>\n\t\t\t\t\t<\/span>\n\t\t\t\t\t<\/a>\n\t\t\t\t<\/div>\n\t\t\t\t\t\t\t\t<\/div>\n\t\t\t\t<\/div>\n\t\t\t\t\t<\/div>\r\n\t\t\t\t<\/div>\r\n\t\t\t\t\t<\/div>\r\n\t\t\t\t<\/section>\r\n\t\t\t\t<section data-particle_enable=\"false\" data-particle-mobile-disabled=\"false\" class=\"elementor-section elementor-top-section elementor-element elementor-element-6b0e36f elementor-section-boxed elementor-section-height-default elementor-section-height-default\" data-id=\"6b0e36f\" data-element_type=\"section\" data-e-type=\"section\">\r\n\t\t\r\n\t\t\t\t\t\t\t<div class=\"elementor-container elementor-column-gap-default\">\r\n\t\t\t\t\t\t\t\t\t\t\t<div class=\"elementor-column elementor-col-100 elementor-top-column elementor-element elementor-element-2086834\" data-id=\"2086834\" data-element_type=\"column\" data-e-type=\"column\">\r\n\t\t\t\t\t<div class=\"elementor-widget-wrap elementor-element-populated\">\r\n\t\t\t\t\t\t\t\t<div class=\"elementor-element elementor-element-6bc50b4 elementor-widget elementor-widget-heading\" data-id=\"6bc50b4\" data-element_type=\"widget\" data-e-type=\"widget\" data-widget_type=\"heading.default\">\n\t\t\t\t<div class=\"elementor-widget-container\">\n\t\t\t\t\t<h2 class=\"elementor-heading-title elementor-size-default\">Tax inspection<\/h2>\t\t\t\t<\/div>\n\t\t\t\t<\/div>\n\t\t\t\t\t<\/div>\r\n\t\t\t\t<\/div>\r\n\t\t\t\t\t<\/div>\r\n\t\t\t\t<\/section>\r\n\t\t\t\t<section data-particle_enable=\"false\" data-particle-mobile-disabled=\"false\" class=\"elementor-section elementor-top-section elementor-element elementor-element-188aea3 elementor-section-boxed elementor-section-height-default elementor-section-height-default\" data-id=\"188aea3\" data-element_type=\"section\" data-e-type=\"section\">\r\n\t\t\r\n\t\t\t\t\t\t\t<div class=\"elementor-container elementor-column-gap-default\">\r\n\t\t\t\t\t\t\t\t\t\t\t<div class=\"elementor-column elementor-col-100 elementor-top-column elementor-element elementor-element-cad33e9\" data-id=\"cad33e9\" data-element_type=\"column\" data-e-type=\"column\">\r\n\t\t\t\t\t<div class=\"elementor-widget-wrap elementor-element-populated\">\r\n\t\t\t\t\t\t\t\t<div class=\"elementor-element elementor-element-bc4b354 elementor-widget elementor-widget-text-editor\" data-id=\"bc4b354\" data-element_type=\"widget\" data-e-type=\"widget\" data-widget_type=\"text-editor.default\">\n\t\t\t\t<div class=\"elementor-widget-container\">\n\t\t\t\t\t\t\t\t\t<h3 class=\"subtitle2\">General verification period: four years<\/h3><h4><strong>Inspection limitation period<\/strong><\/h4><p>Since the generation of a negative tax base is done through the self-assessment of the corporate income tax (IS) for a given year, the tax authorities have the right to check whether the self-assessment and the BIN are correct.<\/p><p>If an error is detected, the self-assessment &#8211; as well as the negative tax base &#8211; can be regularised <i>within the general limitation period of four years<\/i> (from the end of the deadline for filing the self-assessment).<\/p><h4>Offsetting of tax losses example 1<\/h4><p>In the corporate income tax self-assessment for 2021 your company declared a tax loss of 200,000 euros &#8211; sales were reduced and your company made a loss.<\/p><p>Since the deadline for the tax return was 25 July 2022, the tax authorities have four years (until 25 July 2026) to initiate an audit of the 2021 income tax return and, if necessary, adjust the negative tax base.<\/p><p>This adjustment will also affect the parts of the negative tax base that may have been offset in the tax returns of subsequent years, which the tax authorities can also check.<\/p><h3 class=\"subtitle2\">Special deadline: ten years<\/h3><h4><strong>Generated in a prescribed year<\/strong><\/h4><p>However, what happens if the limitation period for the IS self-assessment in which a negative tax base was generated has already elapsed &#8211; more than four years have passed &#8211; and it has not been possible to offset it in full?<\/p><h4><strong>Special time limit<\/strong><\/h4><p>However, the tax authorities can still check it. In this case, a special period of time comes into play during which the tax authorities can check whether the negative tax base was calculated correctly in the prescribed year in which it arose.<\/p><p>However, it can only carry out this verification for <i>the purpose of adjusting the incidence of the negative tax base in respect of non-prescribed tax years<\/i>.<\/p><p>This special period is <i>ten years from the end of the tax filing period of the year in which the negative tax base was generated<\/i>.<\/p><p>So, if your company has a tax loss carry forward from tax years that have expired, do not destroy the accounting and ancillary documentation (invoices, delivery notes, bank statements, contracts, etc.) for those years: if the tax authorities check it, they may ask you for it.<\/p><h4><strong>Offsetting tax losses Example 2<\/strong><\/h4><p>In the 2017 income tax return &#8211; the deadline for which ended on 25 July 2018 &#8211; your company generated a large negative tax base, which has been offset in 2018 and 2019 (prescribed years) and between 2020 and 2023 (non-prescribed years).<\/p><p>Well, if the tax authorities start an inspection in 2024, thanks to this special ten-year period, they will be able to request all the accounting documentation for 2017 to check whether the BIN was calculated correctly.<\/p><p>However, if, as a result of this check, it considers that the negative tax base was not calculated correctly:<\/p><ul><li>You will only be able to regularise its subsequent effect with regard to the IS of the non-prescribed years (from 2020 to 2023).<\/li><li>However, you will have to accept the compensations made in the tax years for which the statute of limitations has already expired (2018 and 2019).<\/li><\/ul><h3 class=\"subtitle2\"><strong>More than ten years: accreditation<\/strong><\/h3><h4><strong>Self-assessment and accounting<\/strong><\/h4><p>Once the ten-year period has expired, the tax authorities&#8217; right to check the negative tax base is time-barred and they can no longer check the self-assessment for the year in which it was generated.<\/p><p>However, you may require your company to prove that the BIN exists.<\/p><p>In this case, it will be sufficient for you to <i>provide the IS self-assessment for the period in which it was generated, as well as the accounts<\/i> (with proof that they have been filed with the Commercial Registry).<\/p><p>It should be understood that the term &#8220;accounting&#8221; refers to the annual accounts, and not to the accounting books (since after ten years there is no longer any possibility of verification and the BINs only need to be accredited).<\/p><p>It is therefore advisable to disclose in each year&#8217;s annual report the BINs that are generated and the BINs to be offset.<\/p>\t\t\t\t\t\t\t\t<\/div>\n\t\t\t\t<\/div>\n\t\t\t\t\t<\/div>\r\n\t\t\t\t<\/div>\r\n\t\t\t\t\t<\/div>\r\n\t\t\t\t<\/section>\r\n\t\t\t\t<section data-particle_enable=\"false\" data-particle-mobile-disabled=\"false\" class=\"elementor-section elementor-top-section elementor-element elementor-element-c365099 elementor-section-boxed elementor-section-height-default elementor-section-height-default\" data-id=\"c365099\" data-element_type=\"section\" data-e-type=\"section\">\r\n\t\t\r\n\t\t\t\t\t\t\t<div class=\"elementor-container elementor-column-gap-default\">\r\n\t\t\t\t\t\t\t\t\t\t\t<div class=\"elementor-column elementor-col-100 elementor-top-column elementor-element elementor-element-b00b3c6\" data-id=\"b00b3c6\" data-element_type=\"column\" data-e-type=\"column\">\r\n\t\t\t\t\t<div class=\"elementor-widget-wrap elementor-element-populated\">\r\n\t\t\t\t\t\t\t\t<div class=\"elementor-element elementor-element-b914340 elementor-invisible elementor-widget elementor-widget-text-editor\" data-id=\"b914340\" data-element_type=\"widget\" data-e-type=\"widget\" data-settings=\"{&quot;_animation&quot;:&quot;fadeInRight&quot;}\" data-widget_type=\"text-editor.default\">\n\t\t\t\t<div class=\"elementor-widget-container\">\n\t\t\t\t\t\t\t\t\t<h4><span style=\"color: #ff0000;\">The Spanish tax authorities can check the tax losses of the previous ten tax years with a view to correcting their effects in non-prescribed tax years. <\/span><\/h4><h4 style=\"text-align: center;\"><span style=\"color: #ff0000;\">However, in doing so, it must apply the principle of full adjustment.<\/span><\/h4>\t\t\t\t\t\t\t\t<\/div>\n\t\t\t\t<\/div>\n\t\t\t\t\t<\/div>\r\n\t\t\t\t<\/div>\r\n\t\t\t\t\t<\/div>\r\n\t\t\t\t<\/section>\r\n\t\t\t\t<section data-particle_enable=\"false\" data-particle-mobile-disabled=\"false\" class=\"elementor-section elementor-top-section elementor-element elementor-element-dd3858c elementor-section-boxed elementor-section-height-default elementor-section-height-default\" data-id=\"dd3858c\" data-element_type=\"section\" data-e-type=\"section\">\r\n\t\t\r\n\t\t\t\t\t\t\t<div class=\"elementor-container elementor-column-gap-default\">\r\n\t\t\t\t\t\t\t\t\t\t\t<div class=\"elementor-column elementor-col-100 elementor-top-column elementor-element elementor-element-51cca2e\" data-id=\"51cca2e\" data-element_type=\"column\" data-e-type=\"column\">\r\n\t\t\t\t\t<div class=\"elementor-widget-wrap elementor-element-populated\">\r\n\t\t\t\t\t\t\t\t<div class=\"elementor-element elementor-element-4cf17c1 elementor-widget elementor-widget-heading\" data-id=\"4cf17c1\" data-element_type=\"widget\" data-e-type=\"widget\" data-widget_type=\"heading.default\">\n\t\t\t\t<div class=\"elementor-widget-container\">\n\t\t\t\t\t<h2 class=\"elementor-heading-title elementor-size-default\">Controversial situation<\/h2>\t\t\t\t<\/div>\n\t\t\t\t<\/div>\n\t\t\t\t\t<\/div>\r\n\t\t\t\t<\/div>\r\n\t\t\t\t\t<\/div>\r\n\t\t\t\t<\/section>\r\n\t\t\t\t<section data-particle_enable=\"false\" data-particle-mobile-disabled=\"false\" class=\"elementor-section elementor-top-section elementor-element elementor-element-7df85e6 elementor-section-boxed elementor-section-height-default elementor-section-height-default\" data-id=\"7df85e6\" data-element_type=\"section\" data-e-type=\"section\">\r\n\t\t\r\n\t\t\t\t\t\t\t<div class=\"elementor-container elementor-column-gap-default\">\r\n\t\t\t\t\t\t\t\t\t\t\t<div class=\"elementor-column elementor-col-100 elementor-top-column elementor-element elementor-element-edf56d7\" data-id=\"edf56d7\" data-element_type=\"column\" data-e-type=\"column\">\r\n\t\t\t\t\t<div class=\"elementor-widget-wrap elementor-element-populated\">\r\n\t\t\t\t\t\t\t\t<div class=\"elementor-element elementor-element-c60e96b elementor-widget elementor-widget-text-editor\" data-id=\"c60e96b\" data-element_type=\"widget\" data-e-type=\"widget\" data-widget_type=\"text-editor.default\">\n\t\t\t\t<div class=\"elementor-widget-container\">\n\t\t\t\t\t\t\t\t\t<p><strong>Two inspection, no.<\/strong><\/p><p>Some controversies may arise in these cases.<\/p><p>Thus, it is common for tax losses to have been reviewed by the tax authorities in a limited audit of the year in which they were generated and then, once that year has expired, the tax authorities seek to review them again in an inspection within the ten-year period.<\/p><p>This is not correct: unless new facts or circumstances are discovered, the tax authorities cannot question these tax credits when they have already been reviewed in a previous limited verification procedure.<\/p><p><strong>Asymmetrical procedure<\/strong><\/p><p>Another aspect to be taken into account is that, while the general four-year period is symmetrical (both the tax authorities and the taxpayer can correct the amount of tax losses generated in non-prescribed years), the ten-year period is asymmetrical.<\/p><p>In other words, <i>this second period<\/i> <i>can only be used by the tax authorities<\/i> to check the IS of a year that is not yet statute-barred, with the aim of regularising tax losses generated in statute-barred years that are intended to be offset.<\/p><p><strong>Offsetting tax losses Example 3.<\/strong><\/p><p>By mistake, your company did not correctly calculate the BIN declared in the IS for the 2017 tax year.<\/p><p>Well, although your company can no longer rectify this declaration or the BIN declared as it is a prescribed year, the Tax Authorities could regularise it, taking advantage of the special verification period of ten years.<\/p><p><strong>Full adjustment<\/strong><\/p><p>Another relevant question is whether the tax authorities are also subject to the <i>principle of full adjustment<\/i> when assessing tax losses from tax loss carry-forwards within the ten-year period.<\/p><p>According to this principle, the adjustment must <i>take into account all the consequences, whether favourable or unfavourable to the taxpayer.<\/i><\/p><p>The courts have established that this principle should also apply in these cases.<\/p><p><strong>Offsetting of tax losses example 4<\/strong><\/p><p>Your company is subject to an inspection in the year 2023, and it turns out that in that year you offset a negative tax base from the year 2018, which is already time-barred. In this case:<\/p><ul><li>If the tax inspectorate detects that in 2018 your company deducted an expense that was not deductible, you can regularise this negative taxable base for 2018, increasing the tax payable for the IS for 2023.<\/li><li>However, if in that same year the company also declared income that did not correspond, the Tax Authorities must take this circumstance into account in your favour when adjusting the negative tax base for 2018.<\/li><\/ul>\t\t\t\t\t\t\t\t<\/div>\n\t\t\t\t<\/div>\n\t\t\t\t\t<\/div>\r\n\t\t\t\t<\/div>\r\n\t\t\t\t\t<\/div>\r\n\t\t\t\t<\/section>\r\n\t\t\t\t<\/div>\n\t\t","protected":false},"excerpt":{"rendered":"<p>Time limit for reviewing tax losses: if there are tax losses that have not yet been offset, the tax authorities may review them beyond the general limitation period. However, certain limits must be respected in order to do so. Offsetting of tax losses Limit on offsetting tax losses When a company generates a negative tax [&hellip;]<\/p>\n","protected":false},"author":2,"featured_media":33815,"comment_status":"closed","ping_status":"closed","sticky":false,"template":"","format":"standard","meta":{"_eb_attr":"","inline_featured_image":false,"footnotes":""},"categories":[45],"tags":[],"class_list":["post-35113","post","type-post","status-publish","format-standard","has-post-thumbnail","hentry","category-blog"],"featured_image_src":{"landsacpe":["https:\/\/www.asesoriaorihuelacosta.com\/wp-content\/uploads\/2024\/11\/Plazo-de-revision-de-bases-imponibles-negativas-1140x445.jpg",1140,445,true],"list":["https:\/\/www.asesoriaorihuelacosta.com\/wp-content\/uploads\/2024\/11\/Plazo-de-revision-de-bases-imponibles-negativas-463x348.jpg",463,348,true],"medium":["https:\/\/www.asesoriaorihuelacosta.com\/wp-content\/uploads\/2024\/11\/Plazo-de-revision-de-bases-imponibles-negativas-300x169.jpg",300,169,true],"full":["https:\/\/www.asesoriaorihuelacosta.com\/wp-content\/uploads\/2024\/11\/Plazo-de-revision-de-bases-imponibles-negativas.jpg",1920,1080,false]},"yoast_head":"<!-- This site is optimized with the Yoast SEO Premium plugin v24.7 (Yoast SEO v27.4) - https:\/\/yoast.com\/product\/yoast-seo-premium-wordpress\/ -->\n<title>Period for reviewing negative tax bases - Asesor\u00eda Orihuela Costa<\/title>\n<meta name=\"description\" content=\"Did you know that Spanish the tax office can check for non-prescribed years? Find out what the deadline is for reviewing negative tax bases.\" \/>\n<meta name=\"robots\" content=\"index, follow, max-snippet:-1, max-image-preview:large, max-video-preview:-1\" \/>\n<link rel=\"canonical\" href=\"https:\/\/www.asesoriaorihuelacosta.com\/en\/period-for-reviewing-negative-tax-bases\/\" \/>\n<meta property=\"og:locale\" content=\"en_US\" \/>\n<meta property=\"og:type\" content=\"article\" \/>\n<meta property=\"og:title\" content=\"Period for reviewing negative tax bases\" \/>\n<meta property=\"og:description\" content=\"Did you know that Spanish the tax office can check for non-prescribed years? Find out what the deadline is for reviewing negative tax bases.\" \/>\n<meta property=\"og:url\" content=\"https:\/\/www.asesoriaorihuelacosta.com\/en\/period-for-reviewing-negative-tax-bases\/\" \/>\n<meta property=\"og:site_name\" content=\"Asesor\u00eda Orihuela Costa\" \/>\n<meta property=\"article:publisher\" content=\"https:\/\/www.facebook.com\/asesoriaorihuelacosta\" \/>\n<meta property=\"article:author\" content=\"https:\/\/www.facebook.com\/patrick.gordinneperez\" \/>\n<meta property=\"article:published_time\" content=\"2024-11-12T17:55:54+00:00\" \/>\n<meta property=\"article:modified_time\" content=\"2024-11-23T11:56:32+00:00\" \/>\n<meta property=\"og:image\" content=\"https:\/\/www.asesoriaorihuelacosta.com\/wp-content\/uploads\/2024\/11\/Plazo-de-revision-de-bases-imponibles-negativas.jpg\" \/>\n\t<meta property=\"og:image:width\" content=\"1920\" \/>\n\t<meta property=\"og:image:height\" content=\"1080\" \/>\n\t<meta property=\"og:image:type\" content=\"image\/jpeg\" \/>\n<meta name=\"author\" content=\"Patrick Gordinne Perez\" \/>\n<meta name=\"twitter:card\" content=\"summary_large_image\" \/>\n<meta name=\"twitter:label1\" content=\"Written by\" \/>\n\t<meta name=\"twitter:data1\" content=\"Patrick Gordinne Perez\" \/>\n\t<meta name=\"twitter:label2\" content=\"Est. reading time\" \/>\n\t<meta name=\"twitter:data2\" content=\"7 minutes\" \/>\n<script type=\"application\/ld+json\" class=\"yoast-schema-graph\">{\"@context\":\"https:\\\/\\\/schema.org\",\"@graph\":[{\"@type\":\"Article\",\"@id\":\"https:\\\/\\\/www.asesoriaorihuelacosta.com\\\/en\\\/period-for-reviewing-negative-tax-bases\\\/#article\",\"isPartOf\":{\"@id\":\"https:\\\/\\\/www.asesoriaorihuelacosta.com\\\/en\\\/period-for-reviewing-negative-tax-bases\\\/\"},\"author\":{\"name\":\"Patrick Gordinne Perez\",\"@id\":\"https:\\\/\\\/www.asesoriaorihuelacosta.com\\\/en\\\/#\\\/schema\\\/person\\\/6614ce8cf6d2de542aaf351629fd539e\"},\"headline\":\"Period for reviewing negative tax bases\",\"datePublished\":\"2024-11-12T17:55:54+00:00\",\"dateModified\":\"2024-11-23T11:56:32+00:00\",\"mainEntityOfPage\":{\"@id\":\"https:\\\/\\\/www.asesoriaorihuelacosta.com\\\/en\\\/period-for-reviewing-negative-tax-bases\\\/\"},\"wordCount\":1311,\"publisher\":{\"@id\":\"https:\\\/\\\/www.asesoriaorihuelacosta.com\\\/en\\\/#organization\"},\"image\":{\"@id\":\"https:\\\/\\\/www.asesoriaorihuelacosta.com\\\/en\\\/period-for-reviewing-negative-tax-bases\\\/#primaryimage\"},\"thumbnailUrl\":\"https:\\\/\\\/www.asesoriaorihuelacosta.com\\\/wp-content\\\/uploads\\\/2024\\\/11\\\/Plazo-de-revision-de-bases-imponibles-negativas.jpg\",\"articleSection\":[\"Blog\"],\"inLanguage\":\"en-US\"},{\"@type\":\"WebPage\",\"@id\":\"https:\\\/\\\/www.asesoriaorihuelacosta.com\\\/en\\\/period-for-reviewing-negative-tax-bases\\\/\",\"url\":\"https:\\\/\\\/www.asesoriaorihuelacosta.com\\\/en\\\/period-for-reviewing-negative-tax-bases\\\/\",\"name\":\"Period for reviewing negative tax bases - Asesor\u00eda Orihuela Costa\",\"isPartOf\":{\"@id\":\"https:\\\/\\\/www.asesoriaorihuelacosta.com\\\/en\\\/#website\"},\"primaryImageOfPage\":{\"@id\":\"https:\\\/\\\/www.asesoriaorihuelacosta.com\\\/en\\\/period-for-reviewing-negative-tax-bases\\\/#primaryimage\"},\"image\":{\"@id\":\"https:\\\/\\\/www.asesoriaorihuelacosta.com\\\/en\\\/period-for-reviewing-negative-tax-bases\\\/#primaryimage\"},\"thumbnailUrl\":\"https:\\\/\\\/www.asesoriaorihuelacosta.com\\\/wp-content\\\/uploads\\\/2024\\\/11\\\/Plazo-de-revision-de-bases-imponibles-negativas.jpg\",\"datePublished\":\"2024-11-12T17:55:54+00:00\",\"dateModified\":\"2024-11-23T11:56:32+00:00\",\"description\":\"Did you know that Spanish the tax office can check for non-prescribed years? Find out what the deadline is for reviewing negative tax bases.\",\"breadcrumb\":{\"@id\":\"https:\\\/\\\/www.asesoriaorihuelacosta.com\\\/en\\\/period-for-reviewing-negative-tax-bases\\\/#breadcrumb\"},\"inLanguage\":\"en-US\",\"potentialAction\":[{\"@type\":\"ReadAction\",\"target\":[\"https:\\\/\\\/www.asesoriaorihuelacosta.com\\\/en\\\/period-for-reviewing-negative-tax-bases\\\/\"]}]},{\"@type\":\"ImageObject\",\"inLanguage\":\"en-US\",\"@id\":\"https:\\\/\\\/www.asesoriaorihuelacosta.com\\\/en\\\/period-for-reviewing-negative-tax-bases\\\/#primaryimage\",\"url\":\"https:\\\/\\\/www.asesoriaorihuelacosta.com\\\/wp-content\\\/uploads\\\/2024\\\/11\\\/Plazo-de-revision-de-bases-imponibles-negativas.jpg\",\"contentUrl\":\"https:\\\/\\\/www.asesoriaorihuelacosta.com\\\/wp-content\\\/uploads\\\/2024\\\/11\\\/Plazo-de-revision-de-bases-imponibles-negativas.jpg\",\"width\":1920,\"height\":1080,\"caption\":\"Plazo de revision de bases imponibles negativas\"},{\"@type\":\"BreadcrumbList\",\"@id\":\"https:\\\/\\\/www.asesoriaorihuelacosta.com\\\/en\\\/period-for-reviewing-negative-tax-bases\\\/#breadcrumb\",\"itemListElement\":[{\"@type\":\"ListItem\",\"position\":1,\"name\":\"Home\",\"item\":\"https:\\\/\\\/www.asesoriaorihuelacosta.com\\\/en\\\/\"},{\"@type\":\"ListItem\",\"position\":2,\"name\":\"Period for reviewing negative tax bases\"}]},{\"@type\":\"WebSite\",\"@id\":\"https:\\\/\\\/www.asesoriaorihuelacosta.com\\\/en\\\/#website\",\"url\":\"https:\\\/\\\/www.asesoriaorihuelacosta.com\\\/en\\\/\",\"name\":\"https:\\\/\\\/www.asesoriaorihuelacosta.com\\\/\",\"description\":\"Grupo de asesores profesionales\",\"publisher\":{\"@id\":\"https:\\\/\\\/www.asesoriaorihuelacosta.com\\\/en\\\/#organization\"},\"potentialAction\":[{\"@type\":\"SearchAction\",\"target\":{\"@type\":\"EntryPoint\",\"urlTemplate\":\"https:\\\/\\\/www.asesoriaorihuelacosta.com\\\/en\\\/?s={search_term_string}\"},\"query-input\":{\"@type\":\"PropertyValueSpecification\",\"valueRequired\":true,\"valueName\":\"search_term_string\"}}],\"inLanguage\":\"en-US\"},{\"@type\":\"Organization\",\"@id\":\"https:\\\/\\\/www.asesoriaorihuelacosta.com\\\/en\\\/#organization\",\"name\":\"Asesor\u00eda Orihuela Costa\",\"url\":\"https:\\\/\\\/www.asesoriaorihuelacosta.com\\\/en\\\/\",\"logo\":{\"@type\":\"ImageObject\",\"inLanguage\":\"en-US\",\"@id\":\"https:\\\/\\\/www.asesoriaorihuelacosta.com\\\/en\\\/#\\\/schema\\\/logo\\\/image\\\/\",\"url\":\"https:\\\/\\\/www.asesoriaorihuelacosta.com\\\/wp-content\\\/uploads\\\/2022\\\/06\\\/Logo-espa\u5bf8l-asesoriaorihuela.jpg\",\"contentUrl\":\"https:\\\/\\\/www.asesoriaorihuelacosta.com\\\/wp-content\\\/uploads\\\/2022\\\/06\\\/Logo-espa\u5bf8l-asesoriaorihuela.jpg\",\"width\":588,\"height\":136,\"caption\":\"Asesor\u00eda Orihuela Costa\"},\"image\":{\"@id\":\"https:\\\/\\\/www.asesoriaorihuelacosta.com\\\/en\\\/#\\\/schema\\\/logo\\\/image\\\/\"},\"sameAs\":[\"https:\\\/\\\/www.facebook.com\\\/asesoriaorihuelacosta\"]},{\"@type\":\"Person\",\"@id\":\"https:\\\/\\\/www.asesoriaorihuelacosta.com\\\/en\\\/#\\\/schema\\\/person\\\/6614ce8cf6d2de542aaf351629fd539e\",\"name\":\"Patrick Gordinne Perez\",\"description\":\"Soy economista colegiado por el colegio de economistas de Alicante con el n\u00famero 2722. Llevo ejerciendo desde el a\u00f1o 2005. Soy especialista en fiscalidad de empresas y aut\u00f3nomos y tambi\u00e9n especialista en gestionar compraventas. Hablo espa\u00f1ol, ingl\u00e9s y franc\u00e9s.\",\"sameAs\":[\"https:\\\/\\\/www.asesoriaorihuelacosta.com\",\"https:\\\/\\\/www.facebook.com\\\/patrick.gordinneperez\",\"https:\\\/\\\/www.linkedin.com\\\/in\\\/patrick-gordinne-perez-1b73aab3\\\/\",\"https:\\\/\\\/www.youtube.com\\\/channel\\\/UC5e95RJEVQlxCnhwDmGNVCw\"],\"gender\":\"Hombre\",\"knowsLanguage\":[\"ingl\u00e9s\",\"franc\u00e9s\",\"espa\u00f1ol\"],\"jobTitle\":\"Gerente\",\"worksFor\":\"Asesoria Orihuela Costa SL\"}]}<\/script>\n<!-- \/ Yoast SEO Premium plugin. -->","yoast_head_json":{"title":"Period for reviewing negative tax bases - Asesor\u00eda Orihuela Costa","description":"Did you know that Spanish the tax office can check for non-prescribed years? Find out what the deadline is for reviewing negative tax bases.","robots":{"index":"index","follow":"follow","max-snippet":"max-snippet:-1","max-image-preview":"max-image-preview:large","max-video-preview":"max-video-preview:-1"},"canonical":"https:\/\/www.asesoriaorihuelacosta.com\/en\/period-for-reviewing-negative-tax-bases\/","og_locale":"en_US","og_type":"article","og_title":"Period for reviewing negative tax bases","og_description":"Did you know that Spanish the tax office can check for non-prescribed years? Find out what the deadline is for reviewing negative tax bases.","og_url":"https:\/\/www.asesoriaorihuelacosta.com\/en\/period-for-reviewing-negative-tax-bases\/","og_site_name":"Asesor\u00eda Orihuela Costa","article_publisher":"https:\/\/www.facebook.com\/asesoriaorihuelacosta","article_author":"https:\/\/www.facebook.com\/patrick.gordinneperez","article_published_time":"2024-11-12T17:55:54+00:00","article_modified_time":"2024-11-23T11:56:32+00:00","og_image":[{"width":1920,"height":1080,"url":"https:\/\/www.asesoriaorihuelacosta.com\/wp-content\/uploads\/2024\/11\/Plazo-de-revision-de-bases-imponibles-negativas.jpg","type":"image\/jpeg"}],"author":"Patrick Gordinne Perez","twitter_card":"summary_large_image","twitter_misc":{"Written by":"Patrick Gordinne Perez","Est. reading time":"7 minutes"},"schema":{"@context":"https:\/\/schema.org","@graph":[{"@type":"Article","@id":"https:\/\/www.asesoriaorihuelacosta.com\/en\/period-for-reviewing-negative-tax-bases\/#article","isPartOf":{"@id":"https:\/\/www.asesoriaorihuelacosta.com\/en\/period-for-reviewing-negative-tax-bases\/"},"author":{"name":"Patrick Gordinne Perez","@id":"https:\/\/www.asesoriaorihuelacosta.com\/en\/#\/schema\/person\/6614ce8cf6d2de542aaf351629fd539e"},"headline":"Period for reviewing negative tax bases","datePublished":"2024-11-12T17:55:54+00:00","dateModified":"2024-11-23T11:56:32+00:00","mainEntityOfPage":{"@id":"https:\/\/www.asesoriaorihuelacosta.com\/en\/period-for-reviewing-negative-tax-bases\/"},"wordCount":1311,"publisher":{"@id":"https:\/\/www.asesoriaorihuelacosta.com\/en\/#organization"},"image":{"@id":"https:\/\/www.asesoriaorihuelacosta.com\/en\/period-for-reviewing-negative-tax-bases\/#primaryimage"},"thumbnailUrl":"https:\/\/www.asesoriaorihuelacosta.com\/wp-content\/uploads\/2024\/11\/Plazo-de-revision-de-bases-imponibles-negativas.jpg","articleSection":["Blog"],"inLanguage":"en-US"},{"@type":"WebPage","@id":"https:\/\/www.asesoriaorihuelacosta.com\/en\/period-for-reviewing-negative-tax-bases\/","url":"https:\/\/www.asesoriaorihuelacosta.com\/en\/period-for-reviewing-negative-tax-bases\/","name":"Period for reviewing negative tax bases - Asesor\u00eda Orihuela Costa","isPartOf":{"@id":"https:\/\/www.asesoriaorihuelacosta.com\/en\/#website"},"primaryImageOfPage":{"@id":"https:\/\/www.asesoriaorihuelacosta.com\/en\/period-for-reviewing-negative-tax-bases\/#primaryimage"},"image":{"@id":"https:\/\/www.asesoriaorihuelacosta.com\/en\/period-for-reviewing-negative-tax-bases\/#primaryimage"},"thumbnailUrl":"https:\/\/www.asesoriaorihuelacosta.com\/wp-content\/uploads\/2024\/11\/Plazo-de-revision-de-bases-imponibles-negativas.jpg","datePublished":"2024-11-12T17:55:54+00:00","dateModified":"2024-11-23T11:56:32+00:00","description":"Did you know that Spanish the tax office can check for non-prescribed years? Find out what the deadline is for reviewing negative tax bases.","breadcrumb":{"@id":"https:\/\/www.asesoriaorihuelacosta.com\/en\/period-for-reviewing-negative-tax-bases\/#breadcrumb"},"inLanguage":"en-US","potentialAction":[{"@type":"ReadAction","target":["https:\/\/www.asesoriaorihuelacosta.com\/en\/period-for-reviewing-negative-tax-bases\/"]}]},{"@type":"ImageObject","inLanguage":"en-US","@id":"https:\/\/www.asesoriaorihuelacosta.com\/en\/period-for-reviewing-negative-tax-bases\/#primaryimage","url":"https:\/\/www.asesoriaorihuelacosta.com\/wp-content\/uploads\/2024\/11\/Plazo-de-revision-de-bases-imponibles-negativas.jpg","contentUrl":"https:\/\/www.asesoriaorihuelacosta.com\/wp-content\/uploads\/2024\/11\/Plazo-de-revision-de-bases-imponibles-negativas.jpg","width":1920,"height":1080,"caption":"Plazo de revision de bases imponibles negativas"},{"@type":"BreadcrumbList","@id":"https:\/\/www.asesoriaorihuelacosta.com\/en\/period-for-reviewing-negative-tax-bases\/#breadcrumb","itemListElement":[{"@type":"ListItem","position":1,"name":"Home","item":"https:\/\/www.asesoriaorihuelacosta.com\/en\/"},{"@type":"ListItem","position":2,"name":"Period for reviewing negative tax bases"}]},{"@type":"WebSite","@id":"https:\/\/www.asesoriaorihuelacosta.com\/en\/#website","url":"https:\/\/www.asesoriaorihuelacosta.com\/en\/","name":"https:\/\/www.asesoriaorihuelacosta.com\/","description":"Grupo de asesores profesionales","publisher":{"@id":"https:\/\/www.asesoriaorihuelacosta.com\/en\/#organization"},"potentialAction":[{"@type":"SearchAction","target":{"@type":"EntryPoint","urlTemplate":"https:\/\/www.asesoriaorihuelacosta.com\/en\/?s={search_term_string}"},"query-input":{"@type":"PropertyValueSpecification","valueRequired":true,"valueName":"search_term_string"}}],"inLanguage":"en-US"},{"@type":"Organization","@id":"https:\/\/www.asesoriaorihuelacosta.com\/en\/#organization","name":"Asesor\u00eda Orihuela Costa","url":"https:\/\/www.asesoriaorihuelacosta.com\/en\/","logo":{"@type":"ImageObject","inLanguage":"en-US","@id":"https:\/\/www.asesoriaorihuelacosta.com\/en\/#\/schema\/logo\/image\/","url":"https:\/\/www.asesoriaorihuelacosta.com\/wp-content\/uploads\/2022\/06\/Logo-espa\u5bf8l-asesoriaorihuela.jpg","contentUrl":"https:\/\/www.asesoriaorihuelacosta.com\/wp-content\/uploads\/2022\/06\/Logo-espa\u5bf8l-asesoriaorihuela.jpg","width":588,"height":136,"caption":"Asesor\u00eda Orihuela Costa"},"image":{"@id":"https:\/\/www.asesoriaorihuelacosta.com\/en\/#\/schema\/logo\/image\/"},"sameAs":["https:\/\/www.facebook.com\/asesoriaorihuelacosta"]},{"@type":"Person","@id":"https:\/\/www.asesoriaorihuelacosta.com\/en\/#\/schema\/person\/6614ce8cf6d2de542aaf351629fd539e","name":"Patrick Gordinne Perez","description":"Soy economista colegiado por el colegio de economistas de Alicante con el n\u00famero 2722. Llevo ejerciendo desde el a\u00f1o 2005. Soy especialista en fiscalidad de empresas y aut\u00f3nomos y tambi\u00e9n especialista en gestionar compraventas. Hablo espa\u00f1ol, ingl\u00e9s y franc\u00e9s.","sameAs":["https:\/\/www.asesoriaorihuelacosta.com","https:\/\/www.facebook.com\/patrick.gordinneperez","https:\/\/www.linkedin.com\/in\/patrick-gordinne-perez-1b73aab3\/","https:\/\/www.youtube.com\/channel\/UC5e95RJEVQlxCnhwDmGNVCw"],"gender":"Hombre","knowsLanguage":["ingl\u00e9s","franc\u00e9s","espa\u00f1ol"],"jobTitle":"Gerente","worksFor":"Asesoria Orihuela Costa SL"}]}},"_links":{"self":[{"href":"https:\/\/www.asesoriaorihuelacosta.com\/en\/wp-json\/wp\/v2\/posts\/35113","targetHints":{"allow":["GET"]}}],"collection":[{"href":"https:\/\/www.asesoriaorihuelacosta.com\/en\/wp-json\/wp\/v2\/posts"}],"about":[{"href":"https:\/\/www.asesoriaorihuelacosta.com\/en\/wp-json\/wp\/v2\/types\/post"}],"author":[{"embeddable":true,"href":"https:\/\/www.asesoriaorihuelacosta.com\/en\/wp-json\/wp\/v2\/users\/2"}],"replies":[{"embeddable":true,"href":"https:\/\/www.asesoriaorihuelacosta.com\/en\/wp-json\/wp\/v2\/comments?post=35113"}],"version-history":[{"count":8,"href":"https:\/\/www.asesoriaorihuelacosta.com\/en\/wp-json\/wp\/v2\/posts\/35113\/revisions"}],"predecessor-version":[{"id":35121,"href":"https:\/\/www.asesoriaorihuelacosta.com\/en\/wp-json\/wp\/v2\/posts\/35113\/revisions\/35121"}],"wp:featuredmedia":[{"embeddable":true,"href":"https:\/\/www.asesoriaorihuelacosta.com\/en\/wp-json\/wp\/v2\/media\/33815"}],"wp:attachment":[{"href":"https:\/\/www.asesoriaorihuelacosta.com\/en\/wp-json\/wp\/v2\/media?parent=35113"}],"wp:term":[{"taxonomy":"category","embeddable":true,"href":"https:\/\/www.asesoriaorihuelacosta.com\/en\/wp-json\/wp\/v2\/categories?post=35113"},{"taxonomy":"post_tag","embeddable":true,"href":"https:\/\/www.asesoriaorihuelacosta.com\/en\/wp-json\/wp\/v2\/tags?post=35113"}],"curies":[{"name":"wp","href":"https:\/\/api.w.org\/{rel}","templated":true}]}}