{"id":27066,"date":"2024-06-11T19:15:19","date_gmt":"2024-06-11T19:15:19","guid":{"rendered":"https:\/\/www.asesoriaorihuelacosta.com\/?p=27066"},"modified":"2024-06-15T07:31:49","modified_gmt":"2024-06-15T07:31:49","slug":"are-lessors-responsible-to-pay-vat-for-rent-a-property","status":"publish","type":"post","link":"https:\/\/www.asesoriaorihuelacosta.com\/en\/are-lessors-responsible-to-pay-vat-for-rent-a-property\/","title":{"rendered":"Are lessors responsible to pay Vat for rent a property?"},"content":{"rendered":"\t\t<div data-elementor-type=\"wp-post\" data-elementor-id=\"27066\" class=\"elementor elementor-27066\" data-elementor-post-type=\"post\">\n\t\t\t\t\t\t<section data-particle_enable=\"false\" data-particle-mobile-disabled=\"false\" class=\"elementor-section elementor-top-section elementor-element elementor-element-0c3aced elementor-section-boxed elementor-section-height-default elementor-section-height-default\" data-id=\"0c3aced\" data-element_type=\"section\" data-e-type=\"section\">\r\n\t\t\r\n\t\t\t\t\t\t\t<div class=\"elementor-container elementor-column-gap-default\">\r\n\t\t\t\t\t\t\t\t\t\t\t<div class=\"elementor-column elementor-col-100 elementor-top-column elementor-element elementor-element-0f63187\" data-id=\"0f63187\" data-element_type=\"column\" data-e-type=\"column\">\r\n\t\t\t\t\t<div class=\"elementor-widget-wrap elementor-element-populated\">\r\n\t\t\t\t\t\t\t\t<div class=\"elementor-element elementor-element-82b04af elementor-widget elementor-widget-text-editor\" data-id=\"82b04af\" data-element_type=\"widget\" data-e-type=\"widget\" data-widget_type=\"text-editor.default\">\n\t\t\t\t<div class=\"elementor-widget-container\">\n\t\t\t\t\t\t\t\t\t<p>Landlords of real estate are liable for VAT. In this article we will explain this in detail,<\/p>\t\t\t\t\t\t\t\t<\/div>\n\t\t\t\t<\/div>\n\t\t\t\t\t<\/div>\r\n\t\t\t\t<\/div>\r\n\t\t\t\t\t<\/div>\r\n\t\t\t\t<\/section>\r\n\t\t\t\t<section data-particle_enable=\"false\" data-particle-mobile-disabled=\"false\" class=\"elementor-section elementor-top-section elementor-element elementor-element-f9f4d54 elementor-section-boxed elementor-section-height-default elementor-section-height-default\" data-id=\"f9f4d54\" data-element_type=\"section\" data-e-type=\"section\">\r\n\t\t\r\n\t\t\t\t\t\t\t<div class=\"elementor-container elementor-column-gap-default\">\r\n\t\t\t\t\t\t\t\t\t\t\t<div class=\"elementor-column elementor-col-100 elementor-top-column elementor-element elementor-element-7e18722\" data-id=\"7e18722\" data-element_type=\"column\" data-e-type=\"column\">\r\n\t\t\t\t\t<div class=\"elementor-widget-wrap elementor-element-populated\">\r\n\t\t\t\t\t\t\t\t<div class=\"elementor-element elementor-element-bdea6e3 elementor-widget elementor-widget-heading\" data-id=\"bdea6e3\" data-element_type=\"widget\" data-e-type=\"widget\" data-widget_type=\"heading.default\">\n\t\t\t\t<div class=\"elementor-widget-container\">\n\t\t\t\t\t<h2 class=\"elementor-heading-title elementor-size-default\">Landlords of property and VAT: taxable persons<\/h2>\t\t\t\t<\/div>\n\t\t\t\t<\/div>\n\t\t\t\t\t<\/div>\r\n\t\t\t\t<\/div>\r\n\t\t\t\t\t<\/div>\r\n\t\t\t\t<\/section>\r\n\t\t\t\t<section data-particle_enable=\"false\" data-particle-mobile-disabled=\"false\" class=\"elementor-section elementor-top-section elementor-element elementor-element-028b3af elementor-section-boxed elementor-section-height-default elementor-section-height-default\" data-id=\"028b3af\" data-element_type=\"section\" data-e-type=\"section\">\r\n\t\t\r\n\t\t\t\t\t\t\t<div class=\"elementor-container elementor-column-gap-default\">\r\n\t\t\t\t\t\t\t\t\t\t\t<div class=\"elementor-column elementor-col-100 elementor-top-column elementor-element elementor-element-2133592\" data-id=\"2133592\" data-element_type=\"column\" data-e-type=\"column\">\r\n\t\t\t\t\t<div class=\"elementor-widget-wrap elementor-element-populated\">\r\n\t\t\t\t\t\t\t\t<div class=\"elementor-element elementor-element-985f735 elementor-widget elementor-widget-text-editor\" data-id=\"985f735\" data-element_type=\"widget\" data-e-type=\"widget\" data-widget_type=\"text-editor.default\">\n\t\t\t\t<div class=\"elementor-widget-container\">\n\t\t\t\t\t\t\t\t\t<p>The leasing of real estate is, or is not, subject to VAT depending on the activity carried out there. And, in the event that it has to be paid, it is fixed at the general rate.<\/p>\n<p>The taxpayer of the tax is the lessor, who is considered, for the purposes of the Value Added Tax (VAT) Law, a businessman or professional and has to register in the census of professionals, businessmen and withholders.<\/p>\n<p>Therefore, he must collect it from the tenant in order to subsequently pay it to the Tax Agency.<\/p>\n<p>Take this into account together with the other exemptions in the IRPF.<\/p>\n<p>However, there are some cases that are exempt from paying this tax.<\/p>\n<p>Let&#8217;s take a closer look at the different possibilities and obligations that arise:<\/p>\t\t\t\t\t\t\t\t<\/div>\n\t\t\t\t<\/div>\n\t\t\t\t\t<\/div>\r\n\t\t\t\t<\/div>\r\n\t\t\t\t\t<\/div>\r\n\t\t\t\t<\/section>\r\n\t\t\t\t<section data-particle_enable=\"false\" data-particle-mobile-disabled=\"false\" class=\"elementor-section elementor-top-section elementor-element elementor-element-4f16f62 elementor-section-boxed elementor-section-height-default elementor-section-height-default\" data-id=\"4f16f62\" data-element_type=\"section\" data-e-type=\"section\">\r\n\t\t\r\n\t\t\t\t\t\t\t<div class=\"elementor-container elementor-column-gap-default\">\r\n\t\t\t\t\t\t\t\t\t\t\t<div class=\"elementor-column elementor-col-100 elementor-top-column elementor-element elementor-element-117c83a\" data-id=\"117c83a\" data-element_type=\"column\" data-e-type=\"column\">\r\n\t\t\t\t\t<div class=\"elementor-widget-wrap elementor-element-populated\">\r\n\t\t\t\t\t\t\t\t<div class=\"elementor-element elementor-element-ceba050 elementor-widget elementor-widget-heading\" data-id=\"ceba050\" data-element_type=\"widget\" data-e-type=\"widget\" data-widget_type=\"heading.default\">\n\t\t\t\t<div class=\"elementor-widget-container\">\n\t\t\t\t\t<h2 class=\"elementor-heading-title elementor-size-default\">1. Landlords and VAT: residential dwellings<\/h2>\t\t\t\t<\/div>\n\t\t\t\t<\/div>\n\t\t\t\t\t<\/div>\r\n\t\t\t\t<\/div>\r\n\t\t\t\t\t<\/div>\r\n\t\t\t\t<\/section>\r\n\t\t\t\t<section data-particle_enable=\"false\" data-particle-mobile-disabled=\"false\" class=\"elementor-section elementor-top-section elementor-element elementor-element-c83d4bd elementor-section-boxed elementor-section-height-default elementor-section-height-default\" data-id=\"c83d4bd\" data-element_type=\"section\" data-e-type=\"section\">\r\n\t\t\r\n\t\t\t\t\t\t\t<div class=\"elementor-container elementor-column-gap-default\">\r\n\t\t\t\t\t\t\t\t\t\t\t<div class=\"elementor-column elementor-col-100 elementor-top-column elementor-element elementor-element-90c62fb\" data-id=\"90c62fb\" data-element_type=\"column\" data-e-type=\"column\">\r\n\t\t\t\t\t<div class=\"elementor-widget-wrap elementor-element-populated\">\r\n\t\t\t\t\t\t\t\t<div class=\"elementor-element elementor-element-83a6f21 elementor-widget elementor-widget-text-editor\" data-id=\"83a6f21\" data-element_type=\"widget\" data-e-type=\"widget\" data-widget_type=\"text-editor.default\">\n\t\t\t\t<div class=\"elementor-widget-container\">\n\t\t\t\t\t\t\t\t\t<p>Residential dwellings, provided they have an exclusive <strong>residential use, are fully exempt from VAT<\/strong>. This is the first of the major VAT exemptions for the letting of real estate and also applies to garages and storage rooms.<\/p>\n<p>If this is the case, it is also not necessary to register in the census of professionals, business people and withholders.<\/p>\n<p>However, there are, within this exception, activities that would be subject to tax: leasing to third parties by a specialised company and tourist flats.<\/p>\t\t\t\t\t\t\t\t<\/div>\n\t\t\t\t<\/div>\n\t\t\t\t\t<\/div>\r\n\t\t\t\t<\/div>\r\n\t\t\t\t\t<\/div>\r\n\t\t\t\t<\/section>\r\n\t\t\t\t<section data-particle_enable=\"false\" data-particle-mobile-disabled=\"false\" class=\"elementor-section elementor-top-section elementor-element elementor-element-4ae4289 elementor-section-boxed elementor-section-height-default elementor-section-height-default\" data-id=\"4ae4289\" data-element_type=\"section\" data-e-type=\"section\">\r\n\t\t\r\n\t\t\t\t\t\t\t<div class=\"elementor-container elementor-column-gap-default\">\r\n\t\t\t\t\t\t\t\t\t\t\t<div class=\"elementor-column elementor-col-100 elementor-top-column elementor-element elementor-element-8b5b8a0\" data-id=\"8b5b8a0\" data-element_type=\"column\" data-e-type=\"column\">\r\n\t\t\t\t\t<div class=\"elementor-widget-wrap elementor-element-populated\">\r\n\t\t\t\t\t\t\t\t<div class=\"elementor-element elementor-element-3812ac1 elementor-widget elementor-widget-heading\" data-id=\"3812ac1\" data-element_type=\"widget\" data-e-type=\"widget\" data-widget_type=\"heading.default\">\n\t\t\t\t<div class=\"elementor-widget-container\">\n\t\t\t\t\t<h2 class=\"elementor-heading-title elementor-size-default\">2. Agro-livestock holdings<\/h2>\t\t\t\t<\/div>\n\t\t\t\t<\/div>\n\t\t\t\t\t<\/div>\r\n\t\t\t\t<\/div>\r\n\t\t\t\t\t<\/div>\r\n\t\t\t\t<\/section>\r\n\t\t\t\t<section data-particle_enable=\"false\" data-particle-mobile-disabled=\"false\" class=\"elementor-section elementor-top-section elementor-element elementor-element-55c3b76 elementor-section-boxed elementor-section-height-default elementor-section-height-default\" data-id=\"55c3b76\" data-element_type=\"section\" data-e-type=\"section\">\r\n\t\t\r\n\t\t\t\t\t\t\t<div class=\"elementor-container elementor-column-gap-default\">\r\n\t\t\t\t\t\t\t\t\t\t\t<div class=\"elementor-column elementor-col-100 elementor-top-column elementor-element elementor-element-d6b1e29\" data-id=\"d6b1e29\" data-element_type=\"column\" data-e-type=\"column\">\r\n\t\t\t\t\t<div class=\"elementor-widget-wrap elementor-element-populated\">\r\n\t\t\t\t\t\t\t\t<div class=\"elementor-element elementor-element-6623067 elementor-widget elementor-widget-text-editor\" data-id=\"6623067\" data-element_type=\"widget\" data-e-type=\"widget\" data-widget_type=\"text-editor.default\">\n\t\t\t\t<div class=\"elementor-widget-container\">\n\t\t\t\t\t\t\t\t\t<p>On livestock farms, there are fixed buildings, such as stables.<\/p>\n<p>Well, in this case, the rent, although subject to VAT, would be exempt.<\/p>\n<p>Therefore, no payment should be made for this professional activity. It is important to point this out, because there are other professional activities that are not exempt.<\/p>\t\t\t\t\t\t\t\t<\/div>\n\t\t\t\t<\/div>\n\t\t\t\t\t<\/div>\r\n\t\t\t\t<\/div>\r\n\t\t\t\t\t<\/div>\r\n\t\t\t\t<\/section>\r\n\t\t\t\t<section data-particle_enable=\"false\" data-particle-mobile-disabled=\"false\" class=\"elementor-section elementor-top-section elementor-element elementor-element-41097fd elementor-section-boxed elementor-section-height-default elementor-section-height-default\" data-id=\"41097fd\" data-element_type=\"section\" data-e-type=\"section\">\r\n\t\t\r\n\t\t\t\t\t\t\t<div class=\"elementor-container elementor-column-gap-default\">\r\n\t\t\t\t\t\t\t\t\t\t\t<div class=\"elementor-column elementor-col-100 elementor-top-column elementor-element elementor-element-f85a5ef\" data-id=\"f85a5ef\" data-element_type=\"column\" data-e-type=\"column\">\r\n\t\t\t\t\t<div class=\"elementor-widget-wrap elementor-element-populated\">\r\n\t\t\t\t\t\t\t\t<div class=\"elementor-element elementor-element-46235c9 elementor-widget elementor-widget-heading\" data-id=\"46235c9\" data-element_type=\"widget\" data-e-type=\"widget\" data-widget_type=\"heading.default\">\n\t\t\t\t<div class=\"elementor-widget-container\">\n\t\t\t\t\t<h2 class=\"elementor-heading-title elementor-size-default\">3. Commercial premises<\/h2>\t\t\t\t<\/div>\n\t\t\t\t<\/div>\n\t\t\t\t\t<\/div>\r\n\t\t\t\t<\/div>\r\n\t\t\t\t\t<\/div>\r\n\t\t\t\t<\/section>\r\n\t\t\t\t<section data-particle_enable=\"false\" data-particle-mobile-disabled=\"false\" class=\"elementor-section elementor-top-section elementor-element elementor-element-df33e04 elementor-section-boxed elementor-section-height-default elementor-section-height-default\" data-id=\"df33e04\" data-element_type=\"section\" data-e-type=\"section\">\r\n\t\t\r\n\t\t\t\t\t\t\t<div class=\"elementor-container elementor-column-gap-default\">\r\n\t\t\t\t\t\t\t\t\t\t\t<div class=\"elementor-column elementor-col-100 elementor-top-column elementor-element elementor-element-3e0f7e8\" data-id=\"3e0f7e8\" data-element_type=\"column\" data-e-type=\"column\">\r\n\t\t\t\t\t<div class=\"elementor-widget-wrap elementor-element-populated\">\r\n\t\t\t\t\t\t\t\t<div class=\"elementor-element elementor-element-7b1c3c8 elementor-widget elementor-widget-text-editor\" data-id=\"7b1c3c8\" data-element_type=\"widget\" data-e-type=\"widget\" data-widget_type=\"text-editor.default\">\n\t\t\t\t<div class=\"elementor-widget-container\">\n\t\t\t\t\t\t\t\t\t<p>Business premises are subject to VAT, because they are generally considered to be a chargeable activity.<\/p>\n<p>The landlord-landlord is obliged to invoice 21% VAT and subsequently to pay it to the tax office.<\/p>\n<p>It should be noted that this applies to any area in which a professional activity is carried out for profit, also in residential or office buildings in flats.<\/p>\t\t\t\t\t\t\t\t<\/div>\n\t\t\t\t<\/div>\n\t\t\t\t\t<\/div>\r\n\t\t\t\t<\/div>\r\n\t\t\t\t\t<\/div>\r\n\t\t\t\t<\/section>\r\n\t\t\t\t<section data-particle_enable=\"false\" data-particle-mobile-disabled=\"false\" class=\"elementor-section elementor-top-section elementor-element elementor-element-c8bbf20 elementor-section-boxed elementor-section-height-default elementor-section-height-default\" data-id=\"c8bbf20\" data-element_type=\"section\" data-e-type=\"section\">\r\n\t\t\r\n\t\t\t\t\t\t\t<div class=\"elementor-container elementor-column-gap-default\">\r\n\t\t\t\t\t\t\t\t\t\t\t<div class=\"elementor-column elementor-col-100 elementor-top-column elementor-element elementor-element-60394a5\" data-id=\"60394a5\" data-element_type=\"column\" data-e-type=\"column\">\r\n\t\t\t\t\t<div class=\"elementor-widget-wrap elementor-element-populated\">\r\n\t\t\t\t\t\t\t\t<div class=\"elementor-element elementor-element-48fe3c4 elementor-widget elementor-widget-heading\" data-id=\"48fe3c4\" data-element_type=\"widget\" data-e-type=\"widget\" data-widget_type=\"heading.default\">\n\t\t\t\t<div class=\"elementor-widget-container\">\n\t\t\t\t\t<h2 class=\"elementor-heading-title elementor-size-default\">4. Other special cases<\/h2>\t\t\t\t<\/div>\n\t\t\t\t<\/div>\n\t\t\t\t\t<\/div>\r\n\t\t\t\t<\/div>\r\n\t\t\t\t\t<\/div>\r\n\t\t\t\t<\/section>\r\n\t\t\t\t<section data-particle_enable=\"false\" data-particle-mobile-disabled=\"false\" class=\"elementor-section elementor-top-section elementor-element elementor-element-1994ff9 elementor-section-boxed elementor-section-height-default elementor-section-height-default\" data-id=\"1994ff9\" data-element_type=\"section\" data-e-type=\"section\">\r\n\t\t\r\n\t\t\t\t\t\t\t<div class=\"elementor-container elementor-column-gap-default\">\r\n\t\t\t\t\t\t\t\t\t\t\t<div class=\"elementor-column elementor-col-100 elementor-top-column elementor-element elementor-element-8a2f333\" data-id=\"8a2f333\" data-element_type=\"column\" data-e-type=\"column\">\r\n\t\t\t\t\t<div class=\"elementor-widget-wrap elementor-element-populated\">\r\n\t\t\t\t\t\t\t\t<div class=\"elementor-element elementor-element-19b4fe0 elementor-widget elementor-widget-text-editor\" data-id=\"19b4fe0\" data-element_type=\"widget\" data-e-type=\"widget\" data-widget_type=\"text-editor.default\">\n\t\t\t\t<div class=\"elementor-widget-container\">\n\t\t\t\t\t\t\t\t\t<p>The rule of charging VAT on leases has other special variables to be aware of. Some examples:<\/p>\n<p>Housing compatible as a workplace: in this case, VAT should be charged because an economic activity is being carried out.<br \/>Renting to non-profit associations and foundations: when this case arises, there is an exemption for the payment of VAT.<br \/>Rental with purchase option: if it is between private individuals, and with a duration of more than 10 years, the rental will be exempt from VAT.<\/p>\n<p>Consequently, it is essential to consult and get proper advice so as not to make mistakes when settling the tax. This will save problems and money in the future.<\/p>\t\t\t\t\t\t\t\t<\/div>\n\t\t\t\t<\/div>\n\t\t\t\t\t<\/div>\r\n\t\t\t\t<\/div>\r\n\t\t\t\t\t<\/div>\r\n\t\t\t\t<\/section>\r\n\t\t\t\t<section data-particle_enable=\"false\" data-particle-mobile-disabled=\"false\" class=\"elementor-section elementor-top-section elementor-element elementor-element-001478d elementor-section-boxed elementor-section-height-default elementor-section-height-default\" data-id=\"001478d\" data-element_type=\"section\" data-e-type=\"section\">\r\n\t\t\r\n\t\t\t\t\t\t\t<div class=\"elementor-container elementor-column-gap-default\">\r\n\t\t\t\t\t\t\t\t\t\t\t<div class=\"elementor-column elementor-col-100 elementor-top-column elementor-element elementor-element-92e2b2d\" data-id=\"92e2b2d\" data-element_type=\"column\" data-e-type=\"column\">\r\n\t\t\t\t\t<div class=\"elementor-widget-wrap elementor-element-populated\">\r\n\t\t\t\t\t\t\t\t<div class=\"elementor-element elementor-element-56660e5 elementor-widget elementor-widget-image\" data-id=\"56660e5\" data-element_type=\"widget\" data-e-type=\"widget\" data-widget_type=\"image.default\">\n\t\t\t\t<div class=\"elementor-widget-container\">\n\t\t\t\t\t\t\t\t\t\t\t\t\t\t\t<img loading=\"lazy\" decoding=\"async\" width=\"640\" height=\"360\" src=\"https:\/\/www.asesoriaorihuelacosta.com\/wp-content\/uploads\/2024\/06\/sujetos-pasivos-iva-arrendadores-inmuebles-1.jpeg\" class=\"attachment-large size-large wp-image-26912\" alt=\"sujetos-pasivos-iva-arrendadores-inmuebles\" srcset=\"https:\/\/www.asesoriaorihuelacosta.com\/wp-content\/uploads\/2024\/06\/sujetos-pasivos-iva-arrendadores-inmuebles-1.jpeg 640w, https:\/\/www.asesoriaorihuelacosta.com\/wp-content\/uploads\/2024\/06\/sujetos-pasivos-iva-arrendadores-inmuebles-1-400x225.jpeg 400w\" sizes=\"auto, (max-width: 640px) 100vw, 640px\" \/>\t\t\t\t\t\t\t\t\t\t\t\t\t\t\t<\/div>\n\t\t\t\t<\/div>\n\t\t\t\t<div class=\"elementor-element elementor-element-673171a elementor-widget elementor-widget-porto_ultimate_heading\" data-id=\"673171a\" data-element_type=\"widget\" data-e-type=\"widget\" data-widget_type=\"porto_ultimate_heading.default\">\n\t\t\t\t<div class=\"elementor-widget-container\">\n\t\t\t\t\t<div class=\"porto-u-heading  porto-u-55ca8359258f9a412be7e73af65d2aac\"><div class=\"porto-u-sub-heading\" style=\"\"><h2>Landlords do not have to file the annual VAT summary form 390.<\/h2><\/div><style>.porto-u-55ca8359258f9a412be7e73af65d2aac.porto-u-heading{text-align:center}<\/style><\/div>\t\t\t\t<\/div>\n\t\t\t\t<\/div>\n\t\t\t\t\t<\/div>\r\n\t\t\t\t<\/div>\r\n\t\t\t\t\t<\/div>\r\n\t\t\t\t<\/section>\r\n\t\t\t\t<section data-particle_enable=\"false\" data-particle-mobile-disabled=\"false\" class=\"elementor-section elementor-top-section elementor-element elementor-element-89f4e74 elementor-section-boxed elementor-section-height-default elementor-section-height-default\" data-id=\"89f4e74\" data-element_type=\"section\" data-e-type=\"section\">\r\n\t\t\r\n\t\t\t\t\t\t\t<div class=\"elementor-container elementor-column-gap-default\">\r\n\t\t\t\t\t\t\t\t\t\t\t<div class=\"elementor-column elementor-col-100 elementor-top-column elementor-element elementor-element-4660554\" data-id=\"4660554\" data-element_type=\"column\" data-e-type=\"column\">\r\n\t\t\t\t\t<div class=\"elementor-widget-wrap elementor-element-populated\">\r\n\t\t\t\t\t\t\t\t<div class=\"elementor-element elementor-element-c424edd elementor-widget elementor-widget-text-editor\" data-id=\"c424edd\" data-element_type=\"widget\" data-e-type=\"widget\" data-widget_type=\"text-editor.default\">\n\t\t\t\t<div class=\"elementor-widget-container\">\n\t\t\t\t\t\t\t\t\t<p>Form 390<\/p>\n<p>During the month of January, VAT taxpayers must submit the annual VAT summary to the Inland Revenue, declaring the total amount of sales and purchases made in the previous year.<\/p>\n<p>Until 2015, lessors of real estate who charged VAT were also required to submit this form. Well, you should know that this has changed:<\/p>\n<ul>\n<li>If the only transactions for which you charge VAT are the leasing of real estate, you (whether you are an individual or a company) are no longer obliged to file form 390 this January.<\/li>\n<li>However, you are required to fill in additional information on form 303 for the last quarter of 2014 (declaring your activity and the total volume of transactions carried out during the year).<\/li>\n<li>Therefore, if you do not file form 303 for the fourth quarter of 2014 (because you have been deregistered due to cessation of activity), you must file form 390.<\/li>\n<li>If the only operations for which you charge VAT are property leasing, you are no longer obliged to file form 390 (annual VAT summary).<\/li>\n<\/ul>\t\t\t\t\t\t\t\t<\/div>\n\t\t\t\t<\/div>\n\t\t\t\t\t<\/div>\r\n\t\t\t\t<\/div>\r\n\t\t\t\t\t<\/div>\r\n\t\t\t\t<\/section>\r\n\t\t\t\t<section data-particle_enable=\"false\" data-particle-mobile-disabled=\"false\" class=\"elementor-section elementor-top-section elementor-element elementor-element-75ef5e7 elementor-section-boxed elementor-section-height-default elementor-section-height-default\" data-id=\"75ef5e7\" data-element_type=\"section\" data-e-type=\"section\">\r\n\t\t\r\n\t\t\t\t\t\t\t<div class=\"elementor-container elementor-column-gap-default\">\r\n\t\t\t\t\t\t\t\t\t\t\t<div class=\"elementor-column elementor-col-100 elementor-top-column elementor-element elementor-element-e20aa25\" data-id=\"e20aa25\" data-element_type=\"column\" data-e-type=\"column\">\r\n\t\t\t\t\t<div class=\"elementor-widget-wrap elementor-element-populated\">\r\n\t\t\t\t\t\t\t\t<div class=\"elementor-element elementor-element-4317c23 elementor-widget elementor-widget-porto_ultimate_heading\" data-id=\"4317c23\" data-element_type=\"widget\" data-e-type=\"widget\" data-widget_type=\"porto_ultimate_heading.default\">\n\t\t\t\t<div class=\"elementor-widget-container\">\n\t\t\t\t\t<div class=\"porto-u-heading  porto-u-55ca8359258f9a412be7e73af65d2aac\"><div class=\"porto-u-sub-heading\" style=\"\"><h2>LESSOR NOT RESIDENT AND VAT<\/h2><\/div><style>.porto-u-55ca8359258f9a412be7e73af65d2aac.porto-u-heading{text-align:center}<\/style><\/div>\t\t\t\t<\/div>\n\t\t\t\t<\/div>\n\t\t\t\t\t<\/div>\r\n\t\t\t\t<\/div>\r\n\t\t\t\t\t<\/div>\r\n\t\t\t\t<\/section>\r\n\t\t\t\t<section data-particle_enable=\"false\" data-particle-mobile-disabled=\"false\" class=\"elementor-section elementor-top-section elementor-element elementor-element-911c8b4 elementor-section-boxed elementor-section-height-default elementor-section-height-default\" data-id=\"911c8b4\" data-element_type=\"section\" data-e-type=\"section\">\r\n\t\t\r\n\t\t\t\t\t\t\t<div class=\"elementor-container elementor-column-gap-default\">\r\n\t\t\t\t\t\t\t\t\t\t\t<div class=\"elementor-column elementor-col-100 elementor-top-column elementor-element elementor-element-ef904bb\" data-id=\"ef904bb\" data-element_type=\"column\" data-e-type=\"column\">\r\n\t\t\t\t\t<div class=\"elementor-widget-wrap elementor-element-populated\">\r\n\t\t\t\t\t\t\t\t<div class=\"elementor-element elementor-element-a6cdb81 elementor-widget elementor-widget-text-editor\" data-id=\"a6cdb81\" data-element_type=\"widget\" data-e-type=\"widget\" data-widget_type=\"text-editor.default\">\n\t\t\t\t<div class=\"elementor-widget-container\">\n\t\t\t\t\t\t\t\t\t<p>In Spain, many rented premises are owned by people who live outside our country. How are these rents taxed for VAT purposes? What withholding tax must the lessee withhold from the rent paid?<\/p>\t\t\t\t\t\t\t\t<\/div>\n\t\t\t\t<\/div>\n\t\t\t\t\t<\/div>\r\n\t\t\t\t<\/div>\r\n\t\t\t\t\t<\/div>\r\n\t\t\t\t<\/section>\r\n\t\t\t\t<section data-particle_enable=\"false\" data-particle-mobile-disabled=\"false\" class=\"elementor-section elementor-top-section elementor-element elementor-element-6a77a8f elementor-section-boxed elementor-section-height-default elementor-section-height-default\" data-id=\"6a77a8f\" data-element_type=\"section\" data-e-type=\"section\">\r\n\t\t\r\n\t\t\t\t\t\t\t<div class=\"elementor-container elementor-column-gap-default\">\r\n\t\t\t\t\t\t\t\t\t\t\t<div class=\"elementor-column elementor-col-100 elementor-top-column elementor-element elementor-element-76611cc\" data-id=\"76611cc\" data-element_type=\"column\" data-e-type=\"column\">\r\n\t\t\t\t\t<div class=\"elementor-widget-wrap elementor-element-populated\">\r\n\t\t\t\t\t\t\t\t<div class=\"elementor-element elementor-element-406ff66 elementor-widget elementor-widget-heading\" data-id=\"406ff66\" data-element_type=\"widget\" data-e-type=\"widget\" data-widget_type=\"heading.default\">\n\t\t\t\t<div class=\"elementor-widget-container\">\n\t\t\t\t\t<h2 class=\"elementor-heading-title elementor-size-default\">VAT TAXATION<\/h2>\t\t\t\t<\/div>\n\t\t\t\t<\/div>\n\t\t\t\t\t<\/div>\r\n\t\t\t\t<\/div>\r\n\t\t\t\t\t<\/div>\r\n\t\t\t\t<\/section>\r\n\t\t\t\t<section data-particle_enable=\"false\" data-particle-mobile-disabled=\"false\" class=\"elementor-section elementor-top-section elementor-element elementor-element-979ede1 elementor-section-boxed elementor-section-height-default elementor-section-height-default\" data-id=\"979ede1\" data-element_type=\"section\" data-e-type=\"section\">\r\n\t\t\r\n\t\t\t\t\t\t\t<div class=\"elementor-container elementor-column-gap-default\">\r\n\t\t\t\t\t\t\t\t\t\t\t<div class=\"elementor-column elementor-col-100 elementor-top-column elementor-element elementor-element-4570651\" data-id=\"4570651\" data-element_type=\"column\" data-e-type=\"column\">\r\n\t\t\t\t\t<div class=\"elementor-widget-wrap elementor-element-populated\">\r\n\t\t\t\t\t\t\t\t<div class=\"elementor-element elementor-element-323a6da elementor-widget elementor-widget-text-editor\" data-id=\"323a6da\" data-element_type=\"widget\" data-e-type=\"widget\" data-widget_type=\"text-editor.default\">\n\t\t\t\t<div class=\"elementor-widget-container\">\n\t\t\t\t\t\t\t\t\t<h3>Rental of premises<\/h3>\n<p>If a Spanish resident owns premises in Spain and starts renting them out, he\/she will be obliged to charge VAT on them.<\/p>\n<p>However, what happens if he is a resident abroad, and will he also be obliged to charge VAT?<\/p>\n<p>Well, given that the rental of premises is a type of service that is understood to be located where the leased property is located, Spanish VAT at 21% will also be applicable.<\/p>\t\t\t\t\t\t\t\t<\/div>\n\t\t\t\t<\/div>\n\t\t\t\t\t<\/div>\r\n\t\t\t\t<\/div>\r\n\t\t\t\t\t<\/div>\r\n\t\t\t\t<\/section>\r\n\t\t\t\t<section data-particle_enable=\"false\" data-particle-mobile-disabled=\"false\" class=\"elementor-section elementor-top-section elementor-element elementor-element-2410411 elementor-section-boxed elementor-section-height-default elementor-section-height-default\" data-id=\"2410411\" data-element_type=\"section\" data-e-type=\"section\">\r\n\t\t\r\n\t\t\t\t\t\t\t<div class=\"elementor-container elementor-column-gap-default\">\r\n\t\t\t\t\t\t\t\t\t\t\t<div class=\"elementor-column elementor-col-100 elementor-top-column elementor-element elementor-element-7c6370d\" data-id=\"7c6370d\" data-element_type=\"column\" data-e-type=\"column\">\r\n\t\t\t\t\t<div class=\"elementor-widget-wrap elementor-element-populated\">\r\n\t\t\t\t\t\t\t\t<div class=\"elementor-element elementor-element-4ae76ff elementor-widget elementor-widget-heading\" data-id=\"4ae76ff\" data-element_type=\"widget\" data-e-type=\"widget\" data-widget_type=\"heading.default\">\n\t\t\t\t<div class=\"elementor-widget-container\">\n\t\t\t\t\t<h2 class=\"elementor-heading-title elementor-size-default\">WITHHOLDING TAXES ON RENT<\/h2>\t\t\t\t<\/div>\n\t\t\t\t<\/div>\n\t\t\t\t\t<\/div>\r\n\t\t\t\t<\/div>\r\n\t\t\t\t\t<\/div>\r\n\t\t\t\t<\/section>\r\n\t\t\t\t<section data-particle_enable=\"false\" data-particle-mobile-disabled=\"false\" class=\"elementor-section elementor-top-section elementor-element elementor-element-9487667 elementor-section-boxed elementor-section-height-default elementor-section-height-default\" data-id=\"9487667\" data-element_type=\"section\" data-e-type=\"section\">\r\n\t\t\r\n\t\t\t\t\t\t\t<div class=\"elementor-container elementor-column-gap-default\">\r\n\t\t\t\t\t\t\t\t\t\t\t<div class=\"elementor-column elementor-col-100 elementor-top-column elementor-element elementor-element-a9416ca\" data-id=\"a9416ca\" data-element_type=\"column\" data-e-type=\"column\">\r\n\t\t\t\t\t<div class=\"elementor-widget-wrap elementor-element-populated\">\r\n\t\t\t\t\t\t\t\t<div class=\"elementor-element elementor-element-74d4d33 elementor-widget elementor-widget-text-editor\" data-id=\"74d4d33\" data-element_type=\"widget\" data-e-type=\"widget\" data-widget_type=\"text-editor.default\">\n\t\t\t\t<div class=\"elementor-widget-container\">\n\t\t\t\t\t\t\t\t\t<h3>Retentions<\/h3>\n<p>On the other hand, the lessee must make a withholding tax on the amount of the rents.<\/p>\n<p>The withholding to be made, as well as the way of declaring it, will also vary depending on whether the non-resident has a permanent establishment in Spain or not&#8230;<\/p>\n<h3>Corporate income tax<\/h3>\n<p>If the non-resident has a permanent establishment in Spain, he\/she must declare the income obtained from the rental income for corporate income tax purposes.<\/p>\n<p>Consequently, the lessee must withhold 19% withholding tax (as would be the case for any lessor resident in Spain), and pay such withholding tax to the tax authorities using form 115.<\/p>\n<h3>IRNR<\/h3>\n<p>In the event that the lessor does not have a permanent establishment, he must pay tax on the income from the rental of the premises in the Non-Resident Income Tax (IRNR), by means of the withholding that the lessee will make (and which the lessee will then pay to the Tax Authorities using form 216).<\/p>\n<h3>Specifically:<\/h3>\n<p>If the non-resident resides in the EU, Norway, Iceland or Liechtenstein, the withholding will be 19%.<br \/>If he\/she is resident in another country, it will be 24%.<br \/>Concept<\/p>\n<p>For a permanent establishment to exist, the non-resident must have in Spain an adequate structure of human and technical resources (own or subcontracted and with a sufficient degree of permanence) to manage the rental. The rented premises are not in themselves a permanent establishment.<\/p>\n<p>If the lessor must charge VAT at 21% on the rent. On the other hand, the lessee must withhold 19% or 24% VAT on the rental amount, depending on the country in which the lessor resides and whether he acts through a permanent establishment or not.<\/p>\t\t\t\t\t\t\t\t<\/div>\n\t\t\t\t<\/div>\n\t\t\t\t\t<\/div>\r\n\t\t\t\t<\/div>\r\n\t\t\t\t\t<\/div>\r\n\t\t\t\t<\/section>\r\n\t\t\t\t<section data-particle_enable=\"false\" data-particle-mobile-disabled=\"false\" class=\"elementor-section elementor-top-section elementor-element elementor-element-ecb7931 elementor-section-boxed elementor-section-height-default elementor-section-height-default\" data-id=\"ecb7931\" data-element_type=\"section\" data-e-type=\"section\">\r\n\t\t\r\n\t\t\t\t\t\t\t<div class=\"elementor-container elementor-column-gap-default\">\r\n\t\t\t\t\t\t\t\t\t\t\t<div class=\"elementor-column elementor-col-100 elementor-top-column elementor-element elementor-element-1444639\" data-id=\"1444639\" data-element_type=\"column\" data-e-type=\"column\">\r\n\t\t\t\t\t<div class=\"elementor-widget-wrap elementor-element-populated\">\r\n\t\t\t\t\t\t\t\t<div class=\"elementor-element elementor-element-8c23684 elementor-widget elementor-widget-heading\" data-id=\"8c23684\" data-element_type=\"widget\" data-e-type=\"widget\" data-widget_type=\"heading.default\">\n\t\t\t\t<div class=\"elementor-widget-container\">\n\t\t\t\t\t<h2 class=\"elementor-heading-title elementor-size-default\">Get advice with guarantees!<\/h2>\t\t\t\t<\/div>\n\t\t\t\t<\/div>\n\t\t\t\t\t<\/div>\r\n\t\t\t\t<\/div>\r\n\t\t\t\t\t<\/div>\r\n\t\t\t\t<\/section>\r\n\t\t\t\t<section data-particle_enable=\"false\" data-particle-mobile-disabled=\"false\" class=\"elementor-section elementor-top-section elementor-element elementor-element-b5fbff9 elementor-section-boxed elementor-section-height-default elementor-section-height-default\" data-id=\"b5fbff9\" data-element_type=\"section\" data-e-type=\"section\">\r\n\t\t\r\n\t\t\t\t\t\t\t<div class=\"elementor-container elementor-column-gap-default\">\r\n\t\t\t\t\t\t\t\t\t\t\t<div class=\"elementor-column elementor-col-100 elementor-top-column elementor-element elementor-element-1fb5eeb\" data-id=\"1fb5eeb\" data-element_type=\"column\" data-e-type=\"column\">\r\n\t\t\t\t\t<div class=\"elementor-widget-wrap elementor-element-populated\">\r\n\t\t\t\t\t\t\t\t<div class=\"elementor-element elementor-element-fc3a6e8 elementor-widget elementor-widget-text-editor\" data-id=\"fc3a6e8\" data-element_type=\"widget\" data-e-type=\"widget\" data-widget_type=\"text-editor.default\">\n\t\t\t\t<div class=\"elementor-widget-container\">\n\t\t\t\t\t\t\t\t\t<p>Landlords of real estate and VAT have to pay the tax depending on the situation.<\/p>\n<p>Do you have a property or premises and do not know whether you have to pay the tax or the documentation to be processed?<\/p>\n<p>At Asesor\u00eda Orihuela Costa we provide this service to individuals and professionals, contact us without obligation!<\/p>\t\t\t\t\t\t\t\t<\/div>\n\t\t\t\t<\/div>\n\t\t\t\t\t<\/div>\r\n\t\t\t\t<\/div>\r\n\t\t\t\t\t<\/div>\r\n\t\t\t\t<\/section>\r\n\t\t\t\t<\/div>\n\t\t","protected":false},"excerpt":{"rendered":"<p>Landlords of real estate are liable for VAT. In this article we will explain this in detail, Landlords of property and VAT: taxable persons The leasing of real estate is, or is not, subject to VAT depending on the activity carried out there. And, in the event that it has to be paid, it is [&hellip;]<\/p>\n","protected":false},"author":2,"featured_media":26970,"comment_status":"closed","ping_status":"closed","sticky":false,"template":"","format":"standard","meta":{"_eb_attr":"","inline_featured_image":false,"footnotes":""},"categories":[1],"tags":[],"class_list":["post-27066","post","type-post","status-publish","format-standard","has-post-thumbnail","hentry","category-blog"],"featured_image_src":{"landsacpe":["https:\/\/www.asesoriaorihuelacosta.com\/wp-content\/uploads\/2024\/06\/sujetos-pasivos-iva-arrendadores-inmuebles-2.jpeg",640,360,false],"list":["https:\/\/www.asesoriaorihuelacosta.com\/wp-content\/uploads\/2024\/06\/sujetos-pasivos-iva-arrendadores-inmuebles-2-463x348.jpeg",463,348,true],"medium":["https:\/\/www.asesoriaorihuelacosta.com\/wp-content\/uploads\/2024\/06\/sujetos-pasivos-iva-arrendadores-inmuebles-2-300x169.jpeg",300,169,true],"full":["https:\/\/www.asesoriaorihuelacosta.com\/wp-content\/uploads\/2024\/06\/sujetos-pasivos-iva-arrendadores-inmuebles-2.jpeg",640,360,false]},"yoast_head":"<!-- This site is optimized with the Yoast SEO Premium plugin v24.7 (Yoast SEO v27.4) - https:\/\/yoast.com\/product\/yoast-seo-premium-wordpress\/ -->\n<title>Are lessors responsible to pay Vat for rent a property? - Asesor\u00eda Orihuela Costa<\/title>\n<meta name=\"description\" content=\"LETTORS of REAL ESTATE with VAT are liable for this tax and must pay it. \u27a2 Find out under which conditions!\" \/>\n<meta name=\"robots\" content=\"index, follow, max-snippet:-1, max-image-preview:large, max-video-preview:-1\" \/>\n<link rel=\"canonical\" href=\"https:\/\/www.asesoriaorihuelacosta.com\/en\/are-lessors-responsible-to-pay-vat-for-rent-a-property\/\" \/>\n<meta property=\"og:locale\" content=\"en_US\" \/>\n<meta property=\"og:type\" content=\"article\" \/>\n<meta property=\"og:title\" content=\"Are lessors responsible to pay Vat for rent a property?\" \/>\n<meta property=\"og:description\" content=\"LETTORS of REAL ESTATE with VAT are liable for this tax and must pay it. \u27a2 Find out under which conditions!\" \/>\n<meta property=\"og:url\" content=\"https:\/\/www.asesoriaorihuelacosta.com\/en\/are-lessors-responsible-to-pay-vat-for-rent-a-property\/\" \/>\n<meta property=\"og:site_name\" content=\"Asesor\u00eda Orihuela Costa\" \/>\n<meta property=\"article:publisher\" content=\"https:\/\/www.facebook.com\/asesoriaorihuelacosta\" \/>\n<meta property=\"article:author\" content=\"https:\/\/www.facebook.com\/patrick.gordinneperez\" \/>\n<meta property=\"article:published_time\" content=\"2024-06-11T19:15:19+00:00\" \/>\n<meta property=\"article:modified_time\" content=\"2024-06-15T07:31:49+00:00\" \/>\n<meta property=\"og:image\" content=\"https:\/\/www.asesoriaorihuelacosta.com\/wp-content\/uploads\/2024\/06\/sujetos-pasivos-iva-arrendadores-inmuebles-2.jpeg\" \/>\n\t<meta property=\"og:image:width\" content=\"640\" \/>\n\t<meta property=\"og:image:height\" content=\"360\" \/>\n\t<meta property=\"og:image:type\" content=\"image\/jpeg\" \/>\n<meta name=\"author\" content=\"Patrick Gordinne Perez\" \/>\n<meta name=\"twitter:card\" content=\"summary_large_image\" \/>\n<meta name=\"twitter:label1\" content=\"Written by\" \/>\n\t<meta name=\"twitter:data1\" content=\"Patrick Gordinne Perez\" \/>\n\t<meta name=\"twitter:label2\" content=\"Est. reading time\" \/>\n\t<meta name=\"twitter:data2\" content=\"6 minutes\" \/>\n<script type=\"application\/ld+json\" class=\"yoast-schema-graph\">{\"@context\":\"https:\\\/\\\/schema.org\",\"@graph\":[{\"@type\":\"Article\",\"@id\":\"https:\\\/\\\/www.asesoriaorihuelacosta.com\\\/en\\\/are-lessors-responsible-to-pay-vat-for-rent-a-property\\\/#article\",\"isPartOf\":{\"@id\":\"https:\\\/\\\/www.asesoriaorihuelacosta.com\\\/en\\\/are-lessors-responsible-to-pay-vat-for-rent-a-property\\\/\"},\"author\":{\"name\":\"Patrick Gordinne Perez\",\"@id\":\"https:\\\/\\\/www.asesoriaorihuelacosta.com\\\/en\\\/#\\\/schema\\\/person\\\/6614ce8cf6d2de542aaf351629fd539e\"},\"headline\":\"Are lessors responsible to pay Vat for rent a property?\",\"datePublished\":\"2024-06-11T19:15:19+00:00\",\"dateModified\":\"2024-06-15T07:31:49+00:00\",\"mainEntityOfPage\":{\"@id\":\"https:\\\/\\\/www.asesoriaorihuelacosta.com\\\/en\\\/are-lessors-responsible-to-pay-vat-for-rent-a-property\\\/\"},\"wordCount\":1107,\"publisher\":{\"@id\":\"https:\\\/\\\/www.asesoriaorihuelacosta.com\\\/en\\\/#organization\"},\"image\":{\"@id\":\"https:\\\/\\\/www.asesoriaorihuelacosta.com\\\/en\\\/are-lessors-responsible-to-pay-vat-for-rent-a-property\\\/#primaryimage\"},\"thumbnailUrl\":\"https:\\\/\\\/www.asesoriaorihuelacosta.com\\\/wp-content\\\/uploads\\\/2024\\\/06\\\/sujetos-pasivos-iva-arrendadores-inmuebles-2.jpeg\",\"articleSection\":[\"Blog\"],\"inLanguage\":\"en-US\"},{\"@type\":\"WebPage\",\"@id\":\"https:\\\/\\\/www.asesoriaorihuelacosta.com\\\/en\\\/are-lessors-responsible-to-pay-vat-for-rent-a-property\\\/\",\"url\":\"https:\\\/\\\/www.asesoriaorihuelacosta.com\\\/en\\\/are-lessors-responsible-to-pay-vat-for-rent-a-property\\\/\",\"name\":\"Are lessors responsible to pay Vat for rent a property? - Asesor\u00eda Orihuela Costa\",\"isPartOf\":{\"@id\":\"https:\\\/\\\/www.asesoriaorihuelacosta.com\\\/en\\\/#website\"},\"primaryImageOfPage\":{\"@id\":\"https:\\\/\\\/www.asesoriaorihuelacosta.com\\\/en\\\/are-lessors-responsible-to-pay-vat-for-rent-a-property\\\/#primaryimage\"},\"image\":{\"@id\":\"https:\\\/\\\/www.asesoriaorihuelacosta.com\\\/en\\\/are-lessors-responsible-to-pay-vat-for-rent-a-property\\\/#primaryimage\"},\"thumbnailUrl\":\"https:\\\/\\\/www.asesoriaorihuelacosta.com\\\/wp-content\\\/uploads\\\/2024\\\/06\\\/sujetos-pasivos-iva-arrendadores-inmuebles-2.jpeg\",\"datePublished\":\"2024-06-11T19:15:19+00:00\",\"dateModified\":\"2024-06-15T07:31:49+00:00\",\"description\":\"LETTORS of REAL ESTATE with VAT are liable for this tax and must pay it. \u27a2 Find out under which conditions!\",\"breadcrumb\":{\"@id\":\"https:\\\/\\\/www.asesoriaorihuelacosta.com\\\/en\\\/are-lessors-responsible-to-pay-vat-for-rent-a-property\\\/#breadcrumb\"},\"inLanguage\":\"en-US\",\"potentialAction\":[{\"@type\":\"ReadAction\",\"target\":[\"https:\\\/\\\/www.asesoriaorihuelacosta.com\\\/en\\\/are-lessors-responsible-to-pay-vat-for-rent-a-property\\\/\"]}]},{\"@type\":\"ImageObject\",\"inLanguage\":\"en-US\",\"@id\":\"https:\\\/\\\/www.asesoriaorihuelacosta.com\\\/en\\\/are-lessors-responsible-to-pay-vat-for-rent-a-property\\\/#primaryimage\",\"url\":\"https:\\\/\\\/www.asesoriaorihuelacosta.com\\\/wp-content\\\/uploads\\\/2024\\\/06\\\/sujetos-pasivos-iva-arrendadores-inmuebles-2.jpeg\",\"contentUrl\":\"https:\\\/\\\/www.asesoriaorihuelacosta.com\\\/wp-content\\\/uploads\\\/2024\\\/06\\\/sujetos-pasivos-iva-arrendadores-inmuebles-2.jpeg\",\"width\":640,\"height\":360,\"caption\":\"sujetos-pasivos-iva-arrendadores-inmuebles\"},{\"@type\":\"BreadcrumbList\",\"@id\":\"https:\\\/\\\/www.asesoriaorihuelacosta.com\\\/en\\\/are-lessors-responsible-to-pay-vat-for-rent-a-property\\\/#breadcrumb\",\"itemListElement\":[{\"@type\":\"ListItem\",\"position\":1,\"name\":\"Home\",\"item\":\"https:\\\/\\\/www.asesoriaorihuelacosta.com\\\/en\\\/\"},{\"@type\":\"ListItem\",\"position\":2,\"name\":\"Are lessors responsible to pay Vat for rent a property?\"}]},{\"@type\":\"WebSite\",\"@id\":\"https:\\\/\\\/www.asesoriaorihuelacosta.com\\\/en\\\/#website\",\"url\":\"https:\\\/\\\/www.asesoriaorihuelacosta.com\\\/en\\\/\",\"name\":\"https:\\\/\\\/www.asesoriaorihuelacosta.com\\\/\",\"description\":\"Grupo de asesores profesionales\",\"publisher\":{\"@id\":\"https:\\\/\\\/www.asesoriaorihuelacosta.com\\\/en\\\/#organization\"},\"potentialAction\":[{\"@type\":\"SearchAction\",\"target\":{\"@type\":\"EntryPoint\",\"urlTemplate\":\"https:\\\/\\\/www.asesoriaorihuelacosta.com\\\/en\\\/?s={search_term_string}\"},\"query-input\":{\"@type\":\"PropertyValueSpecification\",\"valueRequired\":true,\"valueName\":\"search_term_string\"}}],\"inLanguage\":\"en-US\"},{\"@type\":\"Organization\",\"@id\":\"https:\\\/\\\/www.asesoriaorihuelacosta.com\\\/en\\\/#organization\",\"name\":\"Asesor\u00eda Orihuela Costa\",\"url\":\"https:\\\/\\\/www.asesoriaorihuelacosta.com\\\/en\\\/\",\"logo\":{\"@type\":\"ImageObject\",\"inLanguage\":\"en-US\",\"@id\":\"https:\\\/\\\/www.asesoriaorihuelacosta.com\\\/en\\\/#\\\/schema\\\/logo\\\/image\\\/\",\"url\":\"https:\\\/\\\/www.asesoriaorihuelacosta.com\\\/wp-content\\\/uploads\\\/2022\\\/06\\\/Logo-espa\u5bf8l-asesoriaorihuela.jpg\",\"contentUrl\":\"https:\\\/\\\/www.asesoriaorihuelacosta.com\\\/wp-content\\\/uploads\\\/2022\\\/06\\\/Logo-espa\u5bf8l-asesoriaorihuela.jpg\",\"width\":588,\"height\":136,\"caption\":\"Asesor\u00eda Orihuela Costa\"},\"image\":{\"@id\":\"https:\\\/\\\/www.asesoriaorihuelacosta.com\\\/en\\\/#\\\/schema\\\/logo\\\/image\\\/\"},\"sameAs\":[\"https:\\\/\\\/www.facebook.com\\\/asesoriaorihuelacosta\"]},{\"@type\":\"Person\",\"@id\":\"https:\\\/\\\/www.asesoriaorihuelacosta.com\\\/en\\\/#\\\/schema\\\/person\\\/6614ce8cf6d2de542aaf351629fd539e\",\"name\":\"Patrick Gordinne Perez\",\"description\":\"Soy economista colegiado por el colegio de economistas de Alicante con el n\u00famero 2722. Llevo ejerciendo desde el a\u00f1o 2005. Soy especialista en fiscalidad de empresas y aut\u00f3nomos y tambi\u00e9n especialista en gestionar compraventas. Hablo espa\u00f1ol, ingl\u00e9s y franc\u00e9s.\",\"sameAs\":[\"https:\\\/\\\/www.asesoriaorihuelacosta.com\",\"https:\\\/\\\/www.facebook.com\\\/patrick.gordinneperez\",\"https:\\\/\\\/www.linkedin.com\\\/in\\\/patrick-gordinne-perez-1b73aab3\\\/\",\"https:\\\/\\\/www.youtube.com\\\/channel\\\/UC5e95RJEVQlxCnhwDmGNVCw\"],\"gender\":\"Hombre\",\"knowsLanguage\":[\"ingl\u00e9s\",\"franc\u00e9s\",\"espa\u00f1ol\"],\"jobTitle\":\"Gerente\",\"worksFor\":\"Asesoria Orihuela Costa SL\"}]}<\/script>\n<!-- \/ Yoast SEO Premium plugin. -->","yoast_head_json":{"title":"Are lessors responsible to pay Vat for rent a property? - Asesor\u00eda Orihuela Costa","description":"LETTORS of REAL ESTATE with VAT are liable for this tax and must pay it. \u27a2 Find out under which conditions!","robots":{"index":"index","follow":"follow","max-snippet":"max-snippet:-1","max-image-preview":"max-image-preview:large","max-video-preview":"max-video-preview:-1"},"canonical":"https:\/\/www.asesoriaorihuelacosta.com\/en\/are-lessors-responsible-to-pay-vat-for-rent-a-property\/","og_locale":"en_US","og_type":"article","og_title":"Are lessors responsible to pay Vat for rent a property?","og_description":"LETTORS of REAL ESTATE with VAT are liable for this tax and must pay it. \u27a2 Find out under which conditions!","og_url":"https:\/\/www.asesoriaorihuelacosta.com\/en\/are-lessors-responsible-to-pay-vat-for-rent-a-property\/","og_site_name":"Asesor\u00eda Orihuela Costa","article_publisher":"https:\/\/www.facebook.com\/asesoriaorihuelacosta","article_author":"https:\/\/www.facebook.com\/patrick.gordinneperez","article_published_time":"2024-06-11T19:15:19+00:00","article_modified_time":"2024-06-15T07:31:49+00:00","og_image":[{"width":640,"height":360,"url":"https:\/\/www.asesoriaorihuelacosta.com\/wp-content\/uploads\/2024\/06\/sujetos-pasivos-iva-arrendadores-inmuebles-2.jpeg","type":"image\/jpeg"}],"author":"Patrick Gordinne Perez","twitter_card":"summary_large_image","twitter_misc":{"Written by":"Patrick Gordinne Perez","Est. reading time":"6 minutes"},"schema":{"@context":"https:\/\/schema.org","@graph":[{"@type":"Article","@id":"https:\/\/www.asesoriaorihuelacosta.com\/en\/are-lessors-responsible-to-pay-vat-for-rent-a-property\/#article","isPartOf":{"@id":"https:\/\/www.asesoriaorihuelacosta.com\/en\/are-lessors-responsible-to-pay-vat-for-rent-a-property\/"},"author":{"name":"Patrick Gordinne Perez","@id":"https:\/\/www.asesoriaorihuelacosta.com\/en\/#\/schema\/person\/6614ce8cf6d2de542aaf351629fd539e"},"headline":"Are lessors responsible to pay Vat for rent a property?","datePublished":"2024-06-11T19:15:19+00:00","dateModified":"2024-06-15T07:31:49+00:00","mainEntityOfPage":{"@id":"https:\/\/www.asesoriaorihuelacosta.com\/en\/are-lessors-responsible-to-pay-vat-for-rent-a-property\/"},"wordCount":1107,"publisher":{"@id":"https:\/\/www.asesoriaorihuelacosta.com\/en\/#organization"},"image":{"@id":"https:\/\/www.asesoriaorihuelacosta.com\/en\/are-lessors-responsible-to-pay-vat-for-rent-a-property\/#primaryimage"},"thumbnailUrl":"https:\/\/www.asesoriaorihuelacosta.com\/wp-content\/uploads\/2024\/06\/sujetos-pasivos-iva-arrendadores-inmuebles-2.jpeg","articleSection":["Blog"],"inLanguage":"en-US"},{"@type":"WebPage","@id":"https:\/\/www.asesoriaorihuelacosta.com\/en\/are-lessors-responsible-to-pay-vat-for-rent-a-property\/","url":"https:\/\/www.asesoriaorihuelacosta.com\/en\/are-lessors-responsible-to-pay-vat-for-rent-a-property\/","name":"Are lessors responsible to pay Vat for rent a property? - Asesor\u00eda Orihuela Costa","isPartOf":{"@id":"https:\/\/www.asesoriaorihuelacosta.com\/en\/#website"},"primaryImageOfPage":{"@id":"https:\/\/www.asesoriaorihuelacosta.com\/en\/are-lessors-responsible-to-pay-vat-for-rent-a-property\/#primaryimage"},"image":{"@id":"https:\/\/www.asesoriaorihuelacosta.com\/en\/are-lessors-responsible-to-pay-vat-for-rent-a-property\/#primaryimage"},"thumbnailUrl":"https:\/\/www.asesoriaorihuelacosta.com\/wp-content\/uploads\/2024\/06\/sujetos-pasivos-iva-arrendadores-inmuebles-2.jpeg","datePublished":"2024-06-11T19:15:19+00:00","dateModified":"2024-06-15T07:31:49+00:00","description":"LETTORS of REAL ESTATE with VAT are liable for this tax and must pay it. \u27a2 Find out under which conditions!","breadcrumb":{"@id":"https:\/\/www.asesoriaorihuelacosta.com\/en\/are-lessors-responsible-to-pay-vat-for-rent-a-property\/#breadcrumb"},"inLanguage":"en-US","potentialAction":[{"@type":"ReadAction","target":["https:\/\/www.asesoriaorihuelacosta.com\/en\/are-lessors-responsible-to-pay-vat-for-rent-a-property\/"]}]},{"@type":"ImageObject","inLanguage":"en-US","@id":"https:\/\/www.asesoriaorihuelacosta.com\/en\/are-lessors-responsible-to-pay-vat-for-rent-a-property\/#primaryimage","url":"https:\/\/www.asesoriaorihuelacosta.com\/wp-content\/uploads\/2024\/06\/sujetos-pasivos-iva-arrendadores-inmuebles-2.jpeg","contentUrl":"https:\/\/www.asesoriaorihuelacosta.com\/wp-content\/uploads\/2024\/06\/sujetos-pasivos-iva-arrendadores-inmuebles-2.jpeg","width":640,"height":360,"caption":"sujetos-pasivos-iva-arrendadores-inmuebles"},{"@type":"BreadcrumbList","@id":"https:\/\/www.asesoriaorihuelacosta.com\/en\/are-lessors-responsible-to-pay-vat-for-rent-a-property\/#breadcrumb","itemListElement":[{"@type":"ListItem","position":1,"name":"Home","item":"https:\/\/www.asesoriaorihuelacosta.com\/en\/"},{"@type":"ListItem","position":2,"name":"Are lessors responsible to pay Vat for rent a property?"}]},{"@type":"WebSite","@id":"https:\/\/www.asesoriaorihuelacosta.com\/en\/#website","url":"https:\/\/www.asesoriaorihuelacosta.com\/en\/","name":"https:\/\/www.asesoriaorihuelacosta.com\/","description":"Grupo de asesores profesionales","publisher":{"@id":"https:\/\/www.asesoriaorihuelacosta.com\/en\/#organization"},"potentialAction":[{"@type":"SearchAction","target":{"@type":"EntryPoint","urlTemplate":"https:\/\/www.asesoriaorihuelacosta.com\/en\/?s={search_term_string}"},"query-input":{"@type":"PropertyValueSpecification","valueRequired":true,"valueName":"search_term_string"}}],"inLanguage":"en-US"},{"@type":"Organization","@id":"https:\/\/www.asesoriaorihuelacosta.com\/en\/#organization","name":"Asesor\u00eda Orihuela Costa","url":"https:\/\/www.asesoriaorihuelacosta.com\/en\/","logo":{"@type":"ImageObject","inLanguage":"en-US","@id":"https:\/\/www.asesoriaorihuelacosta.com\/en\/#\/schema\/logo\/image\/","url":"https:\/\/www.asesoriaorihuelacosta.com\/wp-content\/uploads\/2022\/06\/Logo-espa\u5bf8l-asesoriaorihuela.jpg","contentUrl":"https:\/\/www.asesoriaorihuelacosta.com\/wp-content\/uploads\/2022\/06\/Logo-espa\u5bf8l-asesoriaorihuela.jpg","width":588,"height":136,"caption":"Asesor\u00eda Orihuela Costa"},"image":{"@id":"https:\/\/www.asesoriaorihuelacosta.com\/en\/#\/schema\/logo\/image\/"},"sameAs":["https:\/\/www.facebook.com\/asesoriaorihuelacosta"]},{"@type":"Person","@id":"https:\/\/www.asesoriaorihuelacosta.com\/en\/#\/schema\/person\/6614ce8cf6d2de542aaf351629fd539e","name":"Patrick Gordinne Perez","description":"Soy economista colegiado por el colegio de economistas de Alicante con el n\u00famero 2722. Llevo ejerciendo desde el a\u00f1o 2005. Soy especialista en fiscalidad de empresas y aut\u00f3nomos y tambi\u00e9n especialista en gestionar compraventas. Hablo espa\u00f1ol, ingl\u00e9s y franc\u00e9s.","sameAs":["https:\/\/www.asesoriaorihuelacosta.com","https:\/\/www.facebook.com\/patrick.gordinneperez","https:\/\/www.linkedin.com\/in\/patrick-gordinne-perez-1b73aab3\/","https:\/\/www.youtube.com\/channel\/UC5e95RJEVQlxCnhwDmGNVCw"],"gender":"Hombre","knowsLanguage":["ingl\u00e9s","franc\u00e9s","espa\u00f1ol"],"jobTitle":"Gerente","worksFor":"Asesoria Orihuela Costa SL"}]}},"_links":{"self":[{"href":"https:\/\/www.asesoriaorihuelacosta.com\/en\/wp-json\/wp\/v2\/posts\/27066","targetHints":{"allow":["GET"]}}],"collection":[{"href":"https:\/\/www.asesoriaorihuelacosta.com\/en\/wp-json\/wp\/v2\/posts"}],"about":[{"href":"https:\/\/www.asesoriaorihuelacosta.com\/en\/wp-json\/wp\/v2\/types\/post"}],"author":[{"embeddable":true,"href":"https:\/\/www.asesoriaorihuelacosta.com\/en\/wp-json\/wp\/v2\/users\/2"}],"replies":[{"embeddable":true,"href":"https:\/\/www.asesoriaorihuelacosta.com\/en\/wp-json\/wp\/v2\/comments?post=27066"}],"version-history":[{"count":11,"href":"https:\/\/www.asesoriaorihuelacosta.com\/en\/wp-json\/wp\/v2\/posts\/27066\/revisions"}],"predecessor-version":[{"id":27110,"href":"https:\/\/www.asesoriaorihuelacosta.com\/en\/wp-json\/wp\/v2\/posts\/27066\/revisions\/27110"}],"wp:featuredmedia":[{"embeddable":true,"href":"https:\/\/www.asesoriaorihuelacosta.com\/en\/wp-json\/wp\/v2\/media\/26970"}],"wp:attachment":[{"href":"https:\/\/www.asesoriaorihuelacosta.com\/en\/wp-json\/wp\/v2\/media?parent=27066"}],"wp:term":[{"taxonomy":"category","embeddable":true,"href":"https:\/\/www.asesoriaorihuelacosta.com\/en\/wp-json\/wp\/v2\/categories?post=27066"},{"taxonomy":"post_tag","embeddable":true,"href":"https:\/\/www.asesoriaorihuelacosta.com\/en\/wp-json\/wp\/v2\/tags?post=27066"}],"curies":[{"name":"wp","href":"https:\/\/api.w.org\/{rel}","templated":true}]}}