{"id":26815,"date":"2024-06-07T14:06:03","date_gmt":"2024-06-07T14:06:03","guid":{"rendered":"https:\/\/www.asesoriaorihuelacosta.com\/?p=26815"},"modified":"2024-06-09T14:01:56","modified_gmt":"2024-06-09T14:01:56","slug":"what-should-i-do-if-an-employee-asks-me-to-remote-work-from-abroad","status":"publish","type":"post","link":"https:\/\/www.asesoriaorihuelacosta.com\/en\/what-should-i-do-if-an-employee-asks-me-to-remote-work-from-abroad\/","title":{"rendered":"What should I do if an employee asks me to remote work from abroad?"},"content":{"rendered":"\t\t<div data-elementor-type=\"wp-post\" data-elementor-id=\"26815\" class=\"elementor elementor-26815\" data-elementor-post-type=\"post\">\n\t\t\t\t\t\t<section data-particle_enable=\"false\" data-particle-mobile-disabled=\"false\" class=\"elementor-section elementor-top-section elementor-element elementor-element-5b67d79 elementor-section-boxed elementor-section-height-default elementor-section-height-default\" data-id=\"5b67d79\" data-element_type=\"section\" data-e-type=\"section\">\r\n\t\t\r\n\t\t\t\t\t\t\t<div class=\"elementor-container elementor-column-gap-default\">\r\n\t\t\t\t\t\t\t\t\t\t\t<div class=\"elementor-column elementor-col-100 elementor-top-column elementor-element elementor-element-d3c2d3e\" data-id=\"d3c2d3e\" data-element_type=\"column\" data-e-type=\"column\">\r\n\t\t\t\t\t<div class=\"elementor-widget-wrap elementor-element-populated\">\r\n\t\t\t\t\t\t\t\t<div class=\"elementor-element elementor-element-981ea06 elementor-widget elementor-widget-text-editor\" data-id=\"981ea06\" data-element_type=\"widget\" data-e-type=\"widget\" data-widget_type=\"text-editor.default\">\n\t\t\t\t<div class=\"elementor-widget-container\">\n\t\t\t\t\t\t\t\t\t<p>An employee requests a reduction in working hours for legal guardianship and tells you that he wants to move to another country and remote work from there for family reasons. Are you obliged to recognise his telecommuting?<\/p>\t\t\t\t\t\t\t\t<\/div>\n\t\t\t\t<\/div>\n\t\t\t\t\t<\/div>\r\n\t\t\t\t<\/div>\r\n\t\t\t\t\t<\/div>\r\n\t\t\t\t<\/section>\r\n\t\t\t\t<section data-particle_enable=\"false\" data-particle-mobile-disabled=\"false\" class=\"elementor-section elementor-top-section elementor-element elementor-element-1f5c8ed elementor-section-boxed elementor-section-height-default elementor-section-height-default\" data-id=\"1f5c8ed\" data-element_type=\"section\" data-e-type=\"section\">\r\n\t\t\r\n\t\t\t\t\t\t\t<div class=\"elementor-container elementor-column-gap-default\">\r\n\t\t\t\t\t\t\t\t\t\t\t<div class=\"elementor-column elementor-col-100 elementor-top-column elementor-element elementor-element-f69ad81\" data-id=\"f69ad81\" data-element_type=\"column\" data-e-type=\"column\">\r\n\t\t\t\t\t<div class=\"elementor-widget-wrap elementor-element-populated\">\r\n\t\t\t\t\t\t\t\t<div class=\"elementor-element elementor-element-0720443 elementor-widget elementor-widget-porto_ultimate_heading\" data-id=\"0720443\" data-element_type=\"widget\" data-e-type=\"widget\" data-widget_type=\"porto_ultimate_heading.default\">\n\t\t\t\t<div class=\"elementor-widget-container\">\n\t\t\t\t\t<div class=\"porto-u-heading  porto-u-55ca8359258f9a412be7e73af65d2aac\"><div class=\"porto-u-sub-heading\" style=\"\"><h2>REDUCTION IN WORKING HOURS<\/h2><\/div><style>.porto-u-55ca8359258f9a412be7e73af65d2aac.porto-u-heading{text-align:center}<\/style><\/div>\t\t\t\t<\/div>\n\t\t\t\t<\/div>\n\t\t\t\t\t<\/div>\r\n\t\t\t\t<\/div>\r\n\t\t\t\t\t<\/div>\r\n\t\t\t\t<\/section>\r\n\t\t\t\t<section data-particle_enable=\"false\" data-particle-mobile-disabled=\"false\" class=\"elementor-section elementor-top-section elementor-element elementor-element-2ce579d elementor-section-boxed elementor-section-height-default elementor-section-height-default\" data-id=\"2ce579d\" data-element_type=\"section\" data-e-type=\"section\">\r\n\t\t\r\n\t\t\t\t\t\t\t<div class=\"elementor-container elementor-column-gap-default\">\r\n\t\t\t\t\t\t\t\t\t\t\t<div class=\"elementor-column elementor-col-100 elementor-top-column elementor-element elementor-element-1d849f6\" data-id=\"1d849f6\" data-element_type=\"column\" data-e-type=\"column\">\r\n\t\t\t\t\t<div class=\"elementor-widget-wrap elementor-element-populated\">\r\n\t\t\t\t\t\t\t\t<div class=\"elementor-element elementor-element-c731bb7 elementor-widget elementor-widget-text-editor\" data-id=\"c731bb7\" data-element_type=\"widget\" data-e-type=\"widget\" data-widget_type=\"text-editor.default\">\n\t\t\t\t<div class=\"elementor-widget-container\">\n\t\t\t\t\t\t\t\t\t<h3>Ask to work Fewer hours<\/h3><p>If your employee asks for a reduction in working hours due to legal guardianship, he\/she may work fewer hours, with a proportional reduction in salary, for a certain period of time (depending on the age or situation of the person for whom he\/she is caring).<\/p><p>Among other cases, the employee may request a reduction in working hours for legal guardianship for the direct care of a minor up to 12 years of age (biological child, adopted child or minor in simple (i.e. temporary), permanent or pre-adoptive foster care).<\/p><h3>Prior notice<\/h3><p>The worker must give at least 15 days&#8217; notice (or as determined in the applicable collective bargaining agreement), specifying the start and end date of the reduction in working hours, as well as the new working hours.<\/p><p>And you can ask him\/her to prove that he\/she meets the requirements for the request (for example, with the family record book -to prove the existence of a child under 12 years of age-, with a medical certificate attesting to the incapacity of a family member&#8230;).<\/p><h3>You must accept<\/h3><p>If the cause justifying the reduction exists, you cannot refuse to grant it (even if you are the only worker in a certain position in the company). In order to cover the hours that the employee is no longer working, he\/she may use the interim contract.<\/p><p>It can only be refused if two or more employees of the company request the reduction for the care of the same person.<\/p><h3>Specification of hours<\/h3><p>As mentioned above, it is up to the worker to specify the period of the reduction and the timetable of the new working day, which must be within his or her ordinary working day (therefore, initially, he or she cannot change shifts).<\/p><p>If the worker specifies the reduction within the ordinary working day, you must accept it.<\/p>\t\t\t\t\t\t\t\t<\/div>\n\t\t\t\t<\/div>\n\t\t\t\t\t<\/div>\r\n\t\t\t\t<\/div>\r\n\t\t\t\t\t<\/div>\r\n\t\t\t\t<\/section>\r\n\t\t\t\t<section data-particle_enable=\"false\" data-particle-mobile-disabled=\"false\" class=\"elementor-section elementor-top-section elementor-element elementor-element-f5c5366 elementor-section-boxed elementor-section-height-default elementor-section-height-default\" data-id=\"f5c5366\" data-element_type=\"section\" data-e-type=\"section\">\r\n\t\t\r\n\t\t\t\t\t\t\t<div class=\"elementor-container elementor-column-gap-default\">\r\n\t\t\t\t\t\t\t\t\t\t\t<div class=\"elementor-column elementor-col-100 elementor-top-column elementor-element elementor-element-70998fb\" data-id=\"70998fb\" data-element_type=\"column\" data-e-type=\"column\">\r\n\t\t\t\t\t<div class=\"elementor-widget-wrap elementor-element-populated\">\r\n\t\t\t\t\t\t\t\t<div class=\"elementor-element elementor-element-9ca0203 elementor-widget elementor-widget-porto_ultimate_heading\" data-id=\"9ca0203\" data-element_type=\"widget\" data-e-type=\"widget\" data-widget_type=\"porto_ultimate_heading.default\">\n\t\t\t\t<div class=\"elementor-widget-container\">\n\t\t\t\t\t<div class=\"porto-u-heading  porto-u-55ca8359258f9a412be7e73af65d2aac\"><div class=\"porto-u-sub-heading\" style=\"\"><h2>Remote work from abroad\u00a0<\/h2><\/div><style>.porto-u-55ca8359258f9a412be7e73af65d2aac.porto-u-heading{text-align:center}<\/style><\/div>\t\t\t\t<\/div>\n\t\t\t\t<\/div>\n\t\t\t\t\t<\/div>\r\n\t\t\t\t<\/div>\r\n\t\t\t\t\t<\/div>\r\n\t\t\t\t<\/section>\r\n\t\t\t\t<section data-particle_enable=\"false\" data-particle-mobile-disabled=\"false\" class=\"elementor-section elementor-top-section elementor-element elementor-element-02553ca elementor-section-boxed elementor-section-height-default elementor-section-height-default\" data-id=\"02553ca\" data-element_type=\"section\" data-e-type=\"section\">\r\n\t\t\r\n\t\t\t\t\t\t\t<div class=\"elementor-container elementor-column-gap-default\">\r\n\t\t\t\t\t\t\t\t\t\t\t<div class=\"elementor-column elementor-col-100 elementor-top-column elementor-element elementor-element-a30d3fe\" data-id=\"a30d3fe\" data-element_type=\"column\" data-e-type=\"column\">\r\n\t\t\t\t\t<div class=\"elementor-widget-wrap elementor-element-populated\">\r\n\t\t\t\t\t\t\t\t<div class=\"elementor-element elementor-element-da03862 elementor-widget elementor-widget-text-editor\" data-id=\"da03862\" data-element_type=\"widget\" data-e-type=\"widget\" data-widget_type=\"text-editor.default\">\n\t\t\t\t<div class=\"elementor-widget-container\">\n\t\t\t\t\t\t\t\t\t<h3>Remote work<\/h3><p>The type of service provided (in person or remotely) is not an element of the timetable for the reduction in working hours. Thus, if, together with the request for a reduction in working hours for legal guardianship, your employee asks you to telework, you should not grant it in the first instance.<\/p><h3>The worker may only request such a measure:<\/h3><p>Through an adaptation for reasons of reconciliation of work and family life, which &#8211; unlike the reduction &#8211; is not an absolute right of the employee, not even when he\/she has children under 12 years of age in his\/her care (in case of disagreement you must open a 15-day negotiation period with him\/her; but, if you justify it, you can refuse his\/her request).<br \/>By means of an ordinary application. Teleworking is voluntary for both employer and employee and cannot be imposed unilaterally by either party.<\/p><h3>Sanction<\/h3><p>If an employee decides not to report to the workplace because he\/she considers that he\/she is required to work remotely, without this having been expressly agreed with the company, the company may impose disciplinary sanctions for absenteeism, or even dismissal (depending on the number of days of absence required by the collective agreement).<\/p><h3>Actual case<\/h3><p>A court has declared the dismissal of a worker who requested a reduction in her working hours to care for her child and asked to work remotely from Mexico (where she had recently established her family home) to be fair.<\/p><p>The company was under no obligation to accept the worker&#8217;s request and repeatedly asked her to return to work in person, but received no response.<\/p>\t\t\t\t\t\t\t\t<\/div>\n\t\t\t\t<\/div>\n\t\t\t\t\t<\/div>\r\n\t\t\t\t<\/div>\r\n\t\t\t\t\t<\/div>\r\n\t\t\t\t<\/section>\r\n\t\t\t\t<section data-particle_enable=\"false\" data-particle-mobile-disabled=\"false\" class=\"elementor-section elementor-top-section elementor-element elementor-element-6568b01 elementor-section-boxed elementor-section-height-default elementor-section-height-default\" data-id=\"6568b01\" data-element_type=\"section\" data-e-type=\"section\">\r\n\t\t\r\n\t\t\t\t\t\t\t<div class=\"elementor-container elementor-column-gap-default\">\r\n\t\t\t\t\t\t\t\t\t\t\t<div class=\"elementor-column elementor-col-100 elementor-top-column elementor-element elementor-element-8698b3d\" data-id=\"8698b3d\" data-element_type=\"column\" data-e-type=\"column\">\r\n\t\t\t\t\t<div class=\"elementor-widget-wrap elementor-element-populated\">\r\n\t\t\t\t\t\t\t\t<div class=\"elementor-element elementor-element-a570510 elementor-invisible elementor-widget elementor-widget-text-editor\" data-id=\"a570510\" data-element_type=\"widget\" data-e-type=\"widget\" data-settings=\"{&quot;_animation&quot;:&quot;fadeInUp&quot;}\" data-widget_type=\"text-editor.default\">\n\t\t\t\t<div class=\"elementor-widget-container\">\n\t\t\t\t\t\t\t\t\t<p>Even if, together with a request for a reduction in working hours for legal guardianship, the employee asks you to work remotely, you are not obliged to grant him remote working. Nor is he obliged to accept the reduction in working hours if he does not include it in his normal working day.<\/p>\t\t\t\t\t\t\t\t<\/div>\n\t\t\t\t<\/div>\n\t\t\t\t\t<\/div>\r\n\t\t\t\t<\/div>\r\n\t\t\t\t\t<\/div>\r\n\t\t\t\t<\/section>\r\n\t\t\t\t<\/div>\n\t\t","protected":false},"excerpt":{"rendered":"<p>An employee requests a reduction in working hours for legal guardianship and tells you that he wants to move to another country and remote work from there for family reasons. Are you obliged to recognise his telecommuting? REDUCTION IN WORKING HOURS Ask to work Fewer hours If your employee asks for a reduction in working [&hellip;]<\/p>\n","protected":false},"author":2,"featured_media":26577,"comment_status":"closed","ping_status":"closed","sticky":false,"template":"","format":"standard","meta":{"_eb_attr":"","inline_featured_image":false,"footnotes":""},"categories":[46],"tags":[],"class_list":["post-26815","post","type-post","status-publish","format-standard","has-post-thumbnail","hentry","category-blog"],"featured_image_src":{"landsacpe":["https:\/\/www.asesoriaorihuelacosta.com\/wp-content\/uploads\/2024\/06\/teletrabajar.jpeg",640,360,false],"list":["https:\/\/www.asesoriaorihuelacosta.com\/wp-content\/uploads\/2024\/06\/teletrabajar-463x348.jpeg",463,348,true],"medium":["https:\/\/www.asesoriaorihuelacosta.com\/wp-content\/uploads\/2024\/06\/teletrabajar-300x169.jpeg",300,169,true],"full":["https:\/\/www.asesoriaorihuelacosta.com\/wp-content\/uploads\/2024\/06\/teletrabajar.jpeg",640,360,false]},"yoast_head":"<!-- This site is optimized with the Yoast SEO Premium plugin v24.7 (Yoast SEO v27.4) - https:\/\/yoast.com\/product\/yoast-seo-premium-wordpress\/ -->\n<title>What should I do if an employee asks to remote work from abroad? - Asesor\u00eda Orihuela Costa<\/title>\n<meta name=\"description\" content=\"A worker requests a reduction in working hours to move to another country and remote work from there for family reasons. How to proceed...\" \/>\n<meta name=\"robots\" content=\"index, follow, max-snippet:-1, max-image-preview:large, max-video-preview:-1\" \/>\n<link rel=\"canonical\" href=\"https:\/\/www.asesoriaorihuelacosta.com\/en\/what-should-i-do-if-an-employee-asks-me-to-remote-work-from-abroad\/\" \/>\n<meta property=\"og:locale\" content=\"en_US\" \/>\n<meta property=\"og:type\" content=\"article\" \/>\n<meta property=\"og:title\" content=\"What should I do if an employee asks me to remote work from abroad?\" \/>\n<meta property=\"og:description\" content=\"A worker requests a reduction in working hours to move to another country and remote work from there for family reasons. How to proceed...\" \/>\n<meta property=\"og:url\" content=\"https:\/\/www.asesoriaorihuelacosta.com\/en\/what-should-i-do-if-an-employee-asks-me-to-remote-work-from-abroad\/\" \/>\n<meta property=\"og:site_name\" content=\"Asesor\u00eda Orihuela Costa\" \/>\n<meta property=\"article:publisher\" content=\"https:\/\/www.facebook.com\/asesoriaorihuelacosta\" \/>\n<meta property=\"article:author\" content=\"https:\/\/www.facebook.com\/patrick.gordinneperez\" \/>\n<meta property=\"article:published_time\" content=\"2024-06-07T14:06:03+00:00\" \/>\n<meta property=\"article:modified_time\" content=\"2024-06-09T14:01:56+00:00\" \/>\n<meta property=\"og:image\" content=\"https:\/\/www.asesoriaorihuelacosta.com\/wp-content\/uploads\/2024\/06\/teletrabajar.jpeg\" \/>\n\t<meta property=\"og:image:width\" content=\"640\" \/>\n\t<meta property=\"og:image:height\" content=\"360\" \/>\n\t<meta property=\"og:image:type\" content=\"image\/jpeg\" \/>\n<meta name=\"author\" content=\"Patrick Gordinne Perez\" \/>\n<meta name=\"twitter:card\" content=\"summary_large_image\" \/>\n<meta name=\"twitter:label1\" content=\"Written by\" \/>\n\t<meta name=\"twitter:data1\" content=\"Patrick Gordinne Perez\" \/>\n\t<meta name=\"twitter:label2\" content=\"Est. reading time\" \/>\n\t<meta name=\"twitter:data2\" content=\"4 minutes\" \/>\n<script type=\"application\/ld+json\" class=\"yoast-schema-graph\">{\"@context\":\"https:\\\/\\\/schema.org\",\"@graph\":[{\"@type\":\"Article\",\"@id\":\"https:\\\/\\\/www.asesoriaorihuelacosta.com\\\/en\\\/what-should-i-do-if-an-employee-asks-me-to-remote-work-from-abroad\\\/#article\",\"isPartOf\":{\"@id\":\"https:\\\/\\\/www.asesoriaorihuelacosta.com\\\/en\\\/what-should-i-do-if-an-employee-asks-me-to-remote-work-from-abroad\\\/\"},\"author\":{\"name\":\"Patrick Gordinne Perez\",\"@id\":\"https:\\\/\\\/www.asesoriaorihuelacosta.com\\\/en\\\/#\\\/schema\\\/person\\\/6614ce8cf6d2de542aaf351629fd539e\"},\"headline\":\"What should I do if an employee asks me to remote work from abroad?\",\"datePublished\":\"2024-06-07T14:06:03+00:00\",\"dateModified\":\"2024-06-09T14:01:56+00:00\",\"mainEntityOfPage\":{\"@id\":\"https:\\\/\\\/www.asesoriaorihuelacosta.com\\\/en\\\/what-should-i-do-if-an-employee-asks-me-to-remote-work-from-abroad\\\/\"},\"wordCount\":699,\"publisher\":{\"@id\":\"https:\\\/\\\/www.asesoriaorihuelacosta.com\\\/en\\\/#organization\"},\"image\":{\"@id\":\"https:\\\/\\\/www.asesoriaorihuelacosta.com\\\/en\\\/what-should-i-do-if-an-employee-asks-me-to-remote-work-from-abroad\\\/#primaryimage\"},\"thumbnailUrl\":\"https:\\\/\\\/www.asesoriaorihuelacosta.com\\\/wp-content\\\/uploads\\\/2024\\\/06\\\/teletrabajar.jpeg\",\"articleSection\":[\"Blog\"],\"inLanguage\":\"en-US\"},{\"@type\":\"WebPage\",\"@id\":\"https:\\\/\\\/www.asesoriaorihuelacosta.com\\\/en\\\/what-should-i-do-if-an-employee-asks-me-to-remote-work-from-abroad\\\/\",\"url\":\"https:\\\/\\\/www.asesoriaorihuelacosta.com\\\/en\\\/what-should-i-do-if-an-employee-asks-me-to-remote-work-from-abroad\\\/\",\"name\":\"What should I do if an employee asks to remote work from abroad? - Asesor\u00eda Orihuela Costa\",\"isPartOf\":{\"@id\":\"https:\\\/\\\/www.asesoriaorihuelacosta.com\\\/en\\\/#website\"},\"primaryImageOfPage\":{\"@id\":\"https:\\\/\\\/www.asesoriaorihuelacosta.com\\\/en\\\/what-should-i-do-if-an-employee-asks-me-to-remote-work-from-abroad\\\/#primaryimage\"},\"image\":{\"@id\":\"https:\\\/\\\/www.asesoriaorihuelacosta.com\\\/en\\\/what-should-i-do-if-an-employee-asks-me-to-remote-work-from-abroad\\\/#primaryimage\"},\"thumbnailUrl\":\"https:\\\/\\\/www.asesoriaorihuelacosta.com\\\/wp-content\\\/uploads\\\/2024\\\/06\\\/teletrabajar.jpeg\",\"datePublished\":\"2024-06-07T14:06:03+00:00\",\"dateModified\":\"2024-06-09T14:01:56+00:00\",\"description\":\"A worker requests a reduction in working hours to move to another country and remote work from there for family reasons. How to proceed...\",\"breadcrumb\":{\"@id\":\"https:\\\/\\\/www.asesoriaorihuelacosta.com\\\/en\\\/what-should-i-do-if-an-employee-asks-me-to-remote-work-from-abroad\\\/#breadcrumb\"},\"inLanguage\":\"en-US\",\"potentialAction\":[{\"@type\":\"ReadAction\",\"target\":[\"https:\\\/\\\/www.asesoriaorihuelacosta.com\\\/en\\\/what-should-i-do-if-an-employee-asks-me-to-remote-work-from-abroad\\\/\"]}]},{\"@type\":\"ImageObject\",\"inLanguage\":\"en-US\",\"@id\":\"https:\\\/\\\/www.asesoriaorihuelacosta.com\\\/en\\\/what-should-i-do-if-an-employee-asks-me-to-remote-work-from-abroad\\\/#primaryimage\",\"url\":\"https:\\\/\\\/www.asesoriaorihuelacosta.com\\\/wp-content\\\/uploads\\\/2024\\\/06\\\/teletrabajar.jpeg\",\"contentUrl\":\"https:\\\/\\\/www.asesoriaorihuelacosta.com\\\/wp-content\\\/uploads\\\/2024\\\/06\\\/teletrabajar.jpeg\",\"width\":640,\"height\":360,\"caption\":\"teletrabajar\"},{\"@type\":\"BreadcrumbList\",\"@id\":\"https:\\\/\\\/www.asesoriaorihuelacosta.com\\\/en\\\/what-should-i-do-if-an-employee-asks-me-to-remote-work-from-abroad\\\/#breadcrumb\",\"itemListElement\":[{\"@type\":\"ListItem\",\"position\":1,\"name\":\"Home\",\"item\":\"https:\\\/\\\/www.asesoriaorihuelacosta.com\\\/en\\\/\"},{\"@type\":\"ListItem\",\"position\":2,\"name\":\"What should I do if an employee asks me to remote work from abroad?\"}]},{\"@type\":\"WebSite\",\"@id\":\"https:\\\/\\\/www.asesoriaorihuelacosta.com\\\/en\\\/#website\",\"url\":\"https:\\\/\\\/www.asesoriaorihuelacosta.com\\\/en\\\/\",\"name\":\"https:\\\/\\\/www.asesoriaorihuelacosta.com\\\/\",\"description\":\"Grupo de asesores profesionales\",\"publisher\":{\"@id\":\"https:\\\/\\\/www.asesoriaorihuelacosta.com\\\/en\\\/#organization\"},\"potentialAction\":[{\"@type\":\"SearchAction\",\"target\":{\"@type\":\"EntryPoint\",\"urlTemplate\":\"https:\\\/\\\/www.asesoriaorihuelacosta.com\\\/en\\\/?s={search_term_string}\"},\"query-input\":{\"@type\":\"PropertyValueSpecification\",\"valueRequired\":true,\"valueName\":\"search_term_string\"}}],\"inLanguage\":\"en-US\"},{\"@type\":\"Organization\",\"@id\":\"https:\\\/\\\/www.asesoriaorihuelacosta.com\\\/en\\\/#organization\",\"name\":\"Asesor\u00eda Orihuela Costa\",\"url\":\"https:\\\/\\\/www.asesoriaorihuelacosta.com\\\/en\\\/\",\"logo\":{\"@type\":\"ImageObject\",\"inLanguage\":\"en-US\",\"@id\":\"https:\\\/\\\/www.asesoriaorihuelacosta.com\\\/en\\\/#\\\/schema\\\/logo\\\/image\\\/\",\"url\":\"https:\\\/\\\/www.asesoriaorihuelacosta.com\\\/wp-content\\\/uploads\\\/2022\\\/06\\\/Logo-espa\u5bf8l-asesoriaorihuela.jpg\",\"contentUrl\":\"https:\\\/\\\/www.asesoriaorihuelacosta.com\\\/wp-content\\\/uploads\\\/2022\\\/06\\\/Logo-espa\u5bf8l-asesoriaorihuela.jpg\",\"width\":588,\"height\":136,\"caption\":\"Asesor\u00eda Orihuela Costa\"},\"image\":{\"@id\":\"https:\\\/\\\/www.asesoriaorihuelacosta.com\\\/en\\\/#\\\/schema\\\/logo\\\/image\\\/\"},\"sameAs\":[\"https:\\\/\\\/www.facebook.com\\\/asesoriaorihuelacosta\"]},{\"@type\":\"Person\",\"@id\":\"https:\\\/\\\/www.asesoriaorihuelacosta.com\\\/en\\\/#\\\/schema\\\/person\\\/6614ce8cf6d2de542aaf351629fd539e\",\"name\":\"Patrick Gordinne Perez\",\"description\":\"Soy economista colegiado por el colegio de economistas de Alicante con el n\u00famero 2722. Llevo ejerciendo desde el a\u00f1o 2005. Soy especialista en fiscalidad de empresas y aut\u00f3nomos y tambi\u00e9n especialista en gestionar compraventas. Hablo espa\u00f1ol, ingl\u00e9s y franc\u00e9s.\",\"sameAs\":[\"https:\\\/\\\/www.asesoriaorihuelacosta.com\",\"https:\\\/\\\/www.facebook.com\\\/patrick.gordinneperez\",\"https:\\\/\\\/www.linkedin.com\\\/in\\\/patrick-gordinne-perez-1b73aab3\\\/\",\"https:\\\/\\\/www.youtube.com\\\/channel\\\/UC5e95RJEVQlxCnhwDmGNVCw\"],\"gender\":\"Hombre\",\"knowsLanguage\":[\"ingl\u00e9s\",\"franc\u00e9s\",\"espa\u00f1ol\"],\"jobTitle\":\"Gerente\",\"worksFor\":\"Asesoria Orihuela Costa SL\"}]}<\/script>\n<!-- \/ Yoast SEO Premium plugin. -->","yoast_head_json":{"title":"What should I do if an employee asks to remote work from abroad? - Asesor\u00eda Orihuela Costa","description":"A worker requests a reduction in working hours to move to another country and remote work from there for family reasons. How to proceed...","robots":{"index":"index","follow":"follow","max-snippet":"max-snippet:-1","max-image-preview":"max-image-preview:large","max-video-preview":"max-video-preview:-1"},"canonical":"https:\/\/www.asesoriaorihuelacosta.com\/en\/what-should-i-do-if-an-employee-asks-me-to-remote-work-from-abroad\/","og_locale":"en_US","og_type":"article","og_title":"What should I do if an employee asks me to remote work from abroad?","og_description":"A worker requests a reduction in working hours to move to another country and remote work from there for family reasons. How to proceed...","og_url":"https:\/\/www.asesoriaorihuelacosta.com\/en\/what-should-i-do-if-an-employee-asks-me-to-remote-work-from-abroad\/","og_site_name":"Asesor\u00eda Orihuela Costa","article_publisher":"https:\/\/www.facebook.com\/asesoriaorihuelacosta","article_author":"https:\/\/www.facebook.com\/patrick.gordinneperez","article_published_time":"2024-06-07T14:06:03+00:00","article_modified_time":"2024-06-09T14:01:56+00:00","og_image":[{"width":640,"height":360,"url":"https:\/\/www.asesoriaorihuelacosta.com\/wp-content\/uploads\/2024\/06\/teletrabajar.jpeg","type":"image\/jpeg"}],"author":"Patrick Gordinne Perez","twitter_card":"summary_large_image","twitter_misc":{"Written by":"Patrick Gordinne Perez","Est. reading time":"4 minutes"},"schema":{"@context":"https:\/\/schema.org","@graph":[{"@type":"Article","@id":"https:\/\/www.asesoriaorihuelacosta.com\/en\/what-should-i-do-if-an-employee-asks-me-to-remote-work-from-abroad\/#article","isPartOf":{"@id":"https:\/\/www.asesoriaorihuelacosta.com\/en\/what-should-i-do-if-an-employee-asks-me-to-remote-work-from-abroad\/"},"author":{"name":"Patrick Gordinne Perez","@id":"https:\/\/www.asesoriaorihuelacosta.com\/en\/#\/schema\/person\/6614ce8cf6d2de542aaf351629fd539e"},"headline":"What should I do if an employee asks me to remote work from abroad?","datePublished":"2024-06-07T14:06:03+00:00","dateModified":"2024-06-09T14:01:56+00:00","mainEntityOfPage":{"@id":"https:\/\/www.asesoriaorihuelacosta.com\/en\/what-should-i-do-if-an-employee-asks-me-to-remote-work-from-abroad\/"},"wordCount":699,"publisher":{"@id":"https:\/\/www.asesoriaorihuelacosta.com\/en\/#organization"},"image":{"@id":"https:\/\/www.asesoriaorihuelacosta.com\/en\/what-should-i-do-if-an-employee-asks-me-to-remote-work-from-abroad\/#primaryimage"},"thumbnailUrl":"https:\/\/www.asesoriaorihuelacosta.com\/wp-content\/uploads\/2024\/06\/teletrabajar.jpeg","articleSection":["Blog"],"inLanguage":"en-US"},{"@type":"WebPage","@id":"https:\/\/www.asesoriaorihuelacosta.com\/en\/what-should-i-do-if-an-employee-asks-me-to-remote-work-from-abroad\/","url":"https:\/\/www.asesoriaorihuelacosta.com\/en\/what-should-i-do-if-an-employee-asks-me-to-remote-work-from-abroad\/","name":"What should I do if an employee asks to remote work from abroad? - Asesor\u00eda Orihuela Costa","isPartOf":{"@id":"https:\/\/www.asesoriaorihuelacosta.com\/en\/#website"},"primaryImageOfPage":{"@id":"https:\/\/www.asesoriaorihuelacosta.com\/en\/what-should-i-do-if-an-employee-asks-me-to-remote-work-from-abroad\/#primaryimage"},"image":{"@id":"https:\/\/www.asesoriaorihuelacosta.com\/en\/what-should-i-do-if-an-employee-asks-me-to-remote-work-from-abroad\/#primaryimage"},"thumbnailUrl":"https:\/\/www.asesoriaorihuelacosta.com\/wp-content\/uploads\/2024\/06\/teletrabajar.jpeg","datePublished":"2024-06-07T14:06:03+00:00","dateModified":"2024-06-09T14:01:56+00:00","description":"A worker requests a reduction in working hours to move to another country and remote work from there for family reasons. How to proceed...","breadcrumb":{"@id":"https:\/\/www.asesoriaorihuelacosta.com\/en\/what-should-i-do-if-an-employee-asks-me-to-remote-work-from-abroad\/#breadcrumb"},"inLanguage":"en-US","potentialAction":[{"@type":"ReadAction","target":["https:\/\/www.asesoriaorihuelacosta.com\/en\/what-should-i-do-if-an-employee-asks-me-to-remote-work-from-abroad\/"]}]},{"@type":"ImageObject","inLanguage":"en-US","@id":"https:\/\/www.asesoriaorihuelacosta.com\/en\/what-should-i-do-if-an-employee-asks-me-to-remote-work-from-abroad\/#primaryimage","url":"https:\/\/www.asesoriaorihuelacosta.com\/wp-content\/uploads\/2024\/06\/teletrabajar.jpeg","contentUrl":"https:\/\/www.asesoriaorihuelacosta.com\/wp-content\/uploads\/2024\/06\/teletrabajar.jpeg","width":640,"height":360,"caption":"teletrabajar"},{"@type":"BreadcrumbList","@id":"https:\/\/www.asesoriaorihuelacosta.com\/en\/what-should-i-do-if-an-employee-asks-me-to-remote-work-from-abroad\/#breadcrumb","itemListElement":[{"@type":"ListItem","position":1,"name":"Home","item":"https:\/\/www.asesoriaorihuelacosta.com\/en\/"},{"@type":"ListItem","position":2,"name":"What should I do if an employee asks me to remote work from abroad?"}]},{"@type":"WebSite","@id":"https:\/\/www.asesoriaorihuelacosta.com\/en\/#website","url":"https:\/\/www.asesoriaorihuelacosta.com\/en\/","name":"https:\/\/www.asesoriaorihuelacosta.com\/","description":"Grupo de asesores profesionales","publisher":{"@id":"https:\/\/www.asesoriaorihuelacosta.com\/en\/#organization"},"potentialAction":[{"@type":"SearchAction","target":{"@type":"EntryPoint","urlTemplate":"https:\/\/www.asesoriaorihuelacosta.com\/en\/?s={search_term_string}"},"query-input":{"@type":"PropertyValueSpecification","valueRequired":true,"valueName":"search_term_string"}}],"inLanguage":"en-US"},{"@type":"Organization","@id":"https:\/\/www.asesoriaorihuelacosta.com\/en\/#organization","name":"Asesor\u00eda Orihuela Costa","url":"https:\/\/www.asesoriaorihuelacosta.com\/en\/","logo":{"@type":"ImageObject","inLanguage":"en-US","@id":"https:\/\/www.asesoriaorihuelacosta.com\/en\/#\/schema\/logo\/image\/","url":"https:\/\/www.asesoriaorihuelacosta.com\/wp-content\/uploads\/2022\/06\/Logo-espa\u5bf8l-asesoriaorihuela.jpg","contentUrl":"https:\/\/www.asesoriaorihuelacosta.com\/wp-content\/uploads\/2022\/06\/Logo-espa\u5bf8l-asesoriaorihuela.jpg","width":588,"height":136,"caption":"Asesor\u00eda Orihuela Costa"},"image":{"@id":"https:\/\/www.asesoriaorihuelacosta.com\/en\/#\/schema\/logo\/image\/"},"sameAs":["https:\/\/www.facebook.com\/asesoriaorihuelacosta"]},{"@type":"Person","@id":"https:\/\/www.asesoriaorihuelacosta.com\/en\/#\/schema\/person\/6614ce8cf6d2de542aaf351629fd539e","name":"Patrick Gordinne Perez","description":"Soy economista colegiado por el colegio de economistas de Alicante con el n\u00famero 2722. Llevo ejerciendo desde el a\u00f1o 2005. Soy especialista en fiscalidad de empresas y aut\u00f3nomos y tambi\u00e9n especialista en gestionar compraventas. Hablo espa\u00f1ol, ingl\u00e9s y franc\u00e9s.","sameAs":["https:\/\/www.asesoriaorihuelacosta.com","https:\/\/www.facebook.com\/patrick.gordinneperez","https:\/\/www.linkedin.com\/in\/patrick-gordinne-perez-1b73aab3\/","https:\/\/www.youtube.com\/channel\/UC5e95RJEVQlxCnhwDmGNVCw"],"gender":"Hombre","knowsLanguage":["ingl\u00e9s","franc\u00e9s","espa\u00f1ol"],"jobTitle":"Gerente","worksFor":"Asesoria Orihuela Costa SL"}]}},"_links":{"self":[{"href":"https:\/\/www.asesoriaorihuelacosta.com\/en\/wp-json\/wp\/v2\/posts\/26815","targetHints":{"allow":["GET"]}}],"collection":[{"href":"https:\/\/www.asesoriaorihuelacosta.com\/en\/wp-json\/wp\/v2\/posts"}],"about":[{"href":"https:\/\/www.asesoriaorihuelacosta.com\/en\/wp-json\/wp\/v2\/types\/post"}],"author":[{"embeddable":true,"href":"https:\/\/www.asesoriaorihuelacosta.com\/en\/wp-json\/wp\/v2\/users\/2"}],"replies":[{"embeddable":true,"href":"https:\/\/www.asesoriaorihuelacosta.com\/en\/wp-json\/wp\/v2\/comments?post=26815"}],"version-history":[{"count":4,"href":"https:\/\/www.asesoriaorihuelacosta.com\/en\/wp-json\/wp\/v2\/posts\/26815\/revisions"}],"predecessor-version":[{"id":26819,"href":"https:\/\/www.asesoriaorihuelacosta.com\/en\/wp-json\/wp\/v2\/posts\/26815\/revisions\/26819"}],"wp:featuredmedia":[{"embeddable":true,"href":"https:\/\/www.asesoriaorihuelacosta.com\/en\/wp-json\/wp\/v2\/media\/26577"}],"wp:attachment":[{"href":"https:\/\/www.asesoriaorihuelacosta.com\/en\/wp-json\/wp\/v2\/media?parent=26815"}],"wp:term":[{"taxonomy":"category","embeddable":true,"href":"https:\/\/www.asesoriaorihuelacosta.com\/en\/wp-json\/wp\/v2\/categories?post=26815"},{"taxonomy":"post_tag","embeddable":true,"href":"https:\/\/www.asesoriaorihuelacosta.com\/en\/wp-json\/wp\/v2\/tags?post=26815"}],"curies":[{"name":"wp","href":"https:\/\/api.w.org\/{rel}","templated":true}]}}